{"id":90650,"date":"2025-12-18T18:32:24","date_gmt":"2025-12-18T21:32:24","guid":{"rendered":"https:\/\/www.celttv.com.ar\/?p=90650"},"modified":"2025-12-18T18:32:24","modified_gmt":"2025-12-18T21:32:24","slug":"renovo-autoridades-la-cooperativa-electrica-de-tornquist","status":"publish","type":"post","link":"https:\/\/www.celttv.com.ar\/index.php\/2025\/12\/18\/renovo-autoridades-la-cooperativa-electrica-de-tornquist\/","title":{"rendered":"Renov\u00f3 autoridades la Cooperativa El\u00e9ctrica de Tornquist"},"content":{"rendered":"<p><span style=\"color: #000000;\"><span style=\"font-family: Open Sans, Arial, sans-serif;\"><span style=\"font-size: medium;\">El pasado martes 16 de diciembre, realiz\u00f3 su asamblea anual la Cooperativa El\u00e9ctrica limitada de nuestra ciudad, en la sede del Centro de Jubilados y pensionados.<\/span><\/span><\/span><\/p>\n<p><span style=\"color: #000000;\"><span style=\"font-family: Open Sans, Arial, sans-serif;\"><span style=\"font-size: medium;\">La misma fue presidida por Ignacio Bucchi y se cont\u00f3 con la presencia de los auditores externos, contadora Karina Valentini, asesora legal Dra. Sonia Leuemberger y el s\u00edndico Norberto Garc\u00eda.<\/span><\/span><\/span><\/p>\n<p><span style=\"color: #000000;\"><span style=\"font-family: Open Sans, Arial, sans-serif;\"><span style=\"font-size: medium;\">Adem\u00e1s de los asamble\u00edstas, se hicieron Presentes el gerente de la entidad Rub\u00e9n Lascano, La responsable de Recursos Humanos Julia Barral, la secretaria institucional Ver\u00f3nica Villalba, el Sub gerente administrativo Horacio Lopez entre otros.<\/span><\/span><\/span><\/p>\n<p><span style=\"color: #000000;\"><span style=\"font-family: Open Sans, Arial, sans-serif;\"><span style=\"font-size: medium;\">En el comienzo se designaron a dos asamble\u00edstas para firmar el acta y luego se pusieron a consideraci\u00f3n la memoria, el balance y los informes de los auditores externos y el s\u00edndico.<\/span><\/span><\/span><\/p>\n<p><span style=\"color: #000000;\"><span style=\"font-family: Open Sans, Arial, sans-serif;\"><span style=\"font-size: medium;\">Fueron aprobados por los asociados esos puntos. Tambi\u00e9n hubo modificaciones en el servicio de sepelio que se informar\u00e1n oportunamente sobre usuarios que est\u00e9n en situaci\u00f3n de morosidad y cuales ser\u00edan los l\u00edmites o meses de deudas para poder seguir siendo beneficiario del servicio.<\/span><\/span><\/span><\/p>\n<p><span style=\"color: #000000;\"><span style=\"font-family: Open Sans, Arial, sans-serif;\"><span style=\"font-size: medium;\">Sobre la capitalizaci\u00f3n, la asamblea vot\u00f3 que en caso de que la cooperativa lo vea necesario podr\u00e1 contar con la misma, la que por el momento no se utiliza.<\/span><\/span><\/span><\/p>\n<p><span style=\"color: #000000;\"><span style=\"font-family: Open Sans, Arial, sans-serif;\"><span style=\"font-size: medium;\">Se renovaron algunos cargos del Consejo y en nota aparte se dio a conocer la conformaci\u00f3n total del cuerpo, una vez realizada la reuni\u00f3n para la distribuci\u00f3n de cargos.<\/span><\/span><\/span><\/p>\n<p><span style=\"font-size: large;\"><b>Nuevo Consejo de Administraci\u00f3n<\/b><\/span><\/p>\n<p><span style=\"font-size: large;\"><b>Presidente: Mirta Susana Roldan<\/b><\/span><\/p>\n<p><span style=\"font-size: large;\"><b>Vicepresidente: Hector Jorge Perrando<\/b><\/span><\/p>\n<p><span style=\"font-size: large;\"><b>Secretario: Juan Miguel Echegu\u00eda<\/b><\/span><\/p>\n<p><span style=\"font-size: large;\"><b>Prosecretario: Javier Leandro Gentileschi<\/b><\/span><\/p>\n<p><span style=\"font-size: large;\"><b>Tesorero: Oscar Emmanuel Holzmann<\/b><\/span><\/p>\n<p><span style=\"font-size: large;\"><b>Protesorero: Sebasti\u00e1n Pablo Mancinelli<\/b><\/span><\/p>\n<p><span style=\"font-size: large;\"><b>Vocales titulares<\/b><\/span><\/p>\n<p><span style=\"font-size: large;\"><b>Guido Agust\u00edn Sgammini<\/b><\/span><\/p>\n<p><span style=\"font-size: large;\"><b>Roberto Celestino Elizari<\/b><\/span><\/p>\n<p><span style=\"font-size: large;\"><b>Jos\u00e9 Angel Calvismonti<\/b><\/span><\/p>\n<p><span style=\"font-size: large;\"><b>Jose Antonio Sard<\/b><\/span><\/p>\n<p><span style=\"font-size: large;\"><b>Pablo Ariel Florez<\/b><\/span><\/p>\n<p><span style=\"font-size: large;\"><b>Juan Sebasti\u00e1n Iraldi<\/b><\/span><\/p>\n<p><span style=\"font-size: large;\"><b>Vocales Suplentes<\/b><\/span><\/p>\n<p><span style=\"font-size: large;\"><b>Blas Saric<\/b><\/span><\/p>\n<p><span style=\"font-size: large;\"><b>Jorge Gustavo Danei<\/b><\/span><\/p>\n<p><span style=\"font-size: large;\"><b>Jos\u00e9 Roberto Micheloud<\/b><\/span><\/p>\n<p><span style=\"font-size: large;\"><b>S\u00edndico titular<\/b><\/span><\/p>\n<p><span style=\"font-size: large;\"><b>Norberto Luis Garcia<\/b><\/span><\/p>\n<p><span style=\"font-size: large;\"><b>S\u00edndico suplente<\/b><\/span><\/p>\n<p><a name=\"m_-4896645307687041469_Bookmark\"><\/a><span style=\"font-size: large;\"><b>Jorge Luis Schmidt<\/b><\/span><\/p>\n<p><img loading=\"lazy\" decoding=\"async\" class=\"alignnone wp-image-90652 size-large\" src=\"https:\/\/www.celttv.com.ar\/wp-content\/uploads\/2025\/12\/1-1024x768.jpg\" alt=\"\" width=\"1024\" height=\"768\" srcset=\"https:\/\/www.celttv.com.ar\/wp-content\/uploads\/2025\/12\/1-1024x768.jpg 1024w, https:\/\/www.celttv.com.ar\/wp-content\/uploads\/2025\/12\/1-300x225.jpg 300w, https:\/\/www.celttv.com.ar\/wp-content\/uploads\/2025\/12\/1-768x576.jpg 768w, https:\/\/www.celttv.com.ar\/wp-content\/uploads\/2025\/12\/1-1536x1152.jpg 1536w, https:\/\/www.celttv.com.ar\/wp-content\/uploads\/2025\/12\/1-750x563.jpg 750w, https:\/\/www.celttv.com.ar\/wp-content\/uploads\/2025\/12\/1-1140x855.jpg 1140w, https:\/\/www.celttv.com.ar\/wp-content\/uploads\/2025\/12\/1.jpg 1600w\" sizes=\"auto, (max-width: 1024px) 100vw, 1024px\" \/> <img loading=\"lazy\" decoding=\"async\" class=\"alignnone wp-image-90653 size-large\" src=\"https:\/\/www.celttv.com.ar\/wp-content\/uploads\/2025\/12\/2-1024x659.jpg\" alt=\"\" width=\"1024\" height=\"659\" srcset=\"https:\/\/www.celttv.com.ar\/wp-content\/uploads\/2025\/12\/2-1024x659.jpg 1024w, https:\/\/www.celttv.com.ar\/wp-content\/uploads\/2025\/12\/2-300x193.jpg 300w, https:\/\/www.celttv.com.ar\/wp-content\/uploads\/2025\/12\/2-768x494.jpg 768w, https:\/\/www.celttv.com.ar\/wp-content\/uploads\/2025\/12\/2-750x482.jpg 750w, https:\/\/www.celttv.com.ar\/wp-content\/uploads\/2025\/12\/2-1140x733.jpg 1140w, https:\/\/www.celttv.com.ar\/wp-content\/uploads\/2025\/12\/2.jpg 1250w\" sizes=\"auto, (max-width: 1024px) 100vw, 1024px\" \/> <img loading=\"lazy\" decoding=\"async\" class=\"alignnone wp-image-90654 size-large\" src=\"https:\/\/www.celttv.com.ar\/wp-content\/uploads\/2025\/12\/3-1024x667.jpg\" alt=\"\" width=\"1024\" height=\"667\" srcset=\"https:\/\/www.celttv.com.ar\/wp-content\/uploads\/2025\/12\/3-1024x667.jpg 1024w, https:\/\/www.celttv.com.ar\/wp-content\/uploads\/2025\/12\/3-300x196.jpg 300w, https:\/\/www.celttv.com.ar\/wp-content\/uploads\/2025\/12\/3-768x501.jpg 768w, https:\/\/www.celttv.com.ar\/wp-content\/uploads\/2025\/12\/3-750x489.jpg 750w, https:\/\/www.celttv.com.ar\/wp-content\/uploads\/2025\/12\/3-1140x743.jpg 1140w, https:\/\/www.celttv.com.ar\/wp-content\/uploads\/2025\/12\/3.jpg 1479w\" sizes=\"auto, (max-width: 1024px) 100vw, 1024px\" \/> <img loading=\"lazy\" decoding=\"async\" class=\"alignnone wp-image-90655 size-large\" src=\"https:\/\/www.celttv.com.ar\/wp-content\/uploads\/2025\/12\/4-1024x768.jpg\" alt=\"\" width=\"1024\" height=\"768\" srcset=\"https:\/\/www.celttv.com.ar\/wp-content\/uploads\/2025\/12\/4-1024x768.jpg 1024w, https:\/\/www.celttv.com.ar\/wp-content\/uploads\/2025\/12\/4-300x225.jpg 300w, https:\/\/www.celttv.com.ar\/wp-content\/uploads\/2025\/12\/4-768x576.jpg 768w, https:\/\/www.celttv.com.ar\/wp-content\/uploads\/2025\/12\/4-1536x1152.jpg 1536w, https:\/\/www.celttv.com.ar\/wp-content\/uploads\/2025\/12\/4-750x563.jpg 750w, https:\/\/www.celttv.com.ar\/wp-content\/uploads\/2025\/12\/4-1140x855.jpg 1140w, https:\/\/www.celttv.com.ar\/wp-content\/uploads\/2025\/12\/4.jpg 1600w\" sizes=\"auto, (max-width: 1024px) 100vw, 1024px\" \/> <img loading=\"lazy\" decoding=\"async\" class=\"alignnone wp-image-90656 size-large\" src=\"https:\/\/www.celttv.com.ar\/wp-content\/uploads\/2025\/12\/5-1024x768.jpg\" alt=\"\" width=\"1024\" height=\"768\" srcset=\"https:\/\/www.celttv.com.ar\/wp-content\/uploads\/2025\/12\/5-1024x768.jpg 1024w, https:\/\/www.celttv.com.ar\/wp-content\/uploads\/2025\/12\/5-300x225.jpg 300w, https:\/\/www.celttv.com.ar\/wp-content\/uploads\/2025\/12\/5-768x576.jpg 768w, https:\/\/www.celttv.com.ar\/wp-content\/uploads\/2025\/12\/5-1536x1152.jpg 1536w, https:\/\/www.celttv.com.ar\/wp-content\/uploads\/2025\/12\/5-750x563.jpg 750w, https:\/\/www.celttv.com.ar\/wp-content\/uploads\/2025\/12\/5-1140x855.jpg 1140w, https:\/\/www.celttv.com.ar\/wp-content\/uploads\/2025\/12\/5.jpg 1600w\" sizes=\"auto, (max-width: 1024px) 100vw, 1024px\" \/><\/p>\n","protected":false},"excerpt":{"rendered":"<p>El pasado martes 16 de diciembre, realiz\u00f3 su asamblea anual la Cooperativa El\u00e9ctrica limitada de nuestra ciudad, en la sede del Centro de Jubilados y pensionados. La misma fue presidida por Ignacio Bucchi y se cont\u00f3 con la presencia de los auditores externos, contadora Karina Valentini, asesora legal Dra. Sonia Leuemberger y el s\u00edndico Norberto [&hellip;]<\/p>\n","protected":false},"author":5,"featured_media":90652,"comment_status":"closed","ping_status":"closed","sticky":false,"template":"","format":"standard","meta":{"footnotes":""},"categories":[55,1],"tags":[],"class_list":["post-90650","post","type-post","status-publish","format-standard","has-post-thumbnail","hentry","category-celt-tv-noticias","category-sin-categoria"],"yoast_head":"<!-- This site is optimized with the Yoast SEO plugin v19.7.1 - https:\/\/yoast.com\/wordpress\/plugins\/seo\/ -->\n<title>Renov\u00f3 autoridades la Cooperativa El\u00e9ctrica de Tornquist - CELTTV<\/title>\n<meta name=\"description\" content=\"Sitio web de noticias de la localidad de Tornquist, provincia de Buenos Aires, Rep\u00fablica Argentina. Contenido propio originado por periodistas de CELTTV, el canal de TV local de la Cooperativa El\u00e9ctrica de Tornquist. Turismo, Pol\u00edtica, Sociedad, Deporte, Cultura y todo el contenido de inter\u00e9s general que la gente del pueblo y la regi\u00f3n debe conocer.\" \/>\n<meta name=\"robots\" content=\"index, follow, max-snippet:-1, max-image-preview:large, max-video-preview:-1\" \/>\n<link rel=\"canonical\" href=\"https:\/\/www.celttv.com.ar\/index.php\/2025\/12\/18\/renovo-autoridades-la-cooperativa-electrica-de-tornquist\/\" \/>\n<meta property=\"og:locale\" content=\"es_ES\" \/>\n<meta property=\"og:type\" content=\"article\" \/>\n<meta property=\"og:title\" content=\"Renov\u00f3 autoridades la Cooperativa El\u00e9ctrica de Tornquist - CELTTV\" \/>\n<meta property=\"og:description\" content=\"Sitio web de noticias de la localidad de Tornquist, provincia de Buenos Aires, Rep\u00fablica Argentina. Contenido propio originado por periodistas de CELTTV, el canal de TV local de la Cooperativa El\u00e9ctrica de Tornquist. Turismo, Pol\u00edtica, Sociedad, Deporte, Cultura y todo el contenido de inter\u00e9s general que la gente del pueblo y la regi\u00f3n debe conocer.\" \/>\n<meta property=\"og:url\" content=\"https:\/\/www.celttv.com.ar\/index.php\/2025\/12\/18\/renovo-autoridades-la-cooperativa-electrica-de-tornquist\/\" \/>\n<meta property=\"og:site_name\" content=\"CELTTV\" \/>\n<meta property=\"article:publisher\" content=\"https:\/\/www.facebook.com\/celtTV\/\" \/>\n<meta property=\"article:published_time\" content=\"2025-12-18T21:32:24+00:00\" \/>\n<meta property=\"og:image\" content=\"https:\/\/www.celttv.com.ar\/wp-content\/uploads\/2025\/12\/1.jpg\" \/>\n\t<meta property=\"og:image:width\" content=\"1600\" \/>\n\t<meta property=\"og:image:height\" content=\"1200\" \/>\n\t<meta property=\"og:image:type\" content=\"image\/jpeg\" \/>\n<meta name=\"author\" content=\"Miguel Herrada\" \/>\n<meta name=\"twitter:card\" content=\"summary_large_image\" \/>\n<meta name=\"twitter:label1\" content=\"Escrito por\" \/>\n\t<meta name=\"twitter:data1\" content=\"Miguel Herrada\" \/>\n\t<meta name=\"twitter:label2\" content=\"Tiempo de lectura\" \/>\n\t<meta name=\"twitter:data2\" content=\"2 minutos\" \/>\n<script type=\"application\/ld+json\" class=\"yoast-schema-graph\">{\"@context\":\"https:\/\/schema.org\",\"@graph\":[{\"@type\":\"NewsArticle\",\"@id\":\"https:\/\/www.celttv.com.ar\/index.php\/2025\/12\/18\/renovo-autoridades-la-cooperativa-electrica-de-tornquist\/#article\",\"isPartOf\":{\"@id\":\"https:\/\/www.celttv.com.ar\/index.php\/2025\/12\/18\/renovo-autoridades-la-cooperativa-electrica-de-tornquist\/\"},\"author\":{\"name\":\"Miguel Herrada\",\"@id\":\"https:\/\/www.celttv.com.ar\/#\/schema\/person\/9059dc91dc7204ef4182cdb65225f07d\"},\"headline\":\"Renov\u00f3 autoridades la Cooperativa El\u00e9ctrica de Tornquist\",\"datePublished\":\"2025-12-18T21:32:24+00:00\",\"dateModified\":\"2025-12-18T21:32:24+00:00\",\"mainEntityOfPage\":{\"@id\":\"https:\/\/www.celttv.com.ar\/index.php\/2025\/12\/18\/renovo-autoridades-la-cooperativa-electrica-de-tornquist\/\"},\"wordCount\":325,\"publisher\":{\"@id\":\"https:\/\/www.celttv.com.ar\/#organization\"},\"articleSection\":[\"Celt TV Noticias\"],\"inLanguage\":\"es\"},{\"@type\":\"WebPage\",\"@id\":\"https:\/\/www.celttv.com.ar\/index.php\/2025\/12\/18\/renovo-autoridades-la-cooperativa-electrica-de-tornquist\/\",\"url\":\"https:\/\/www.celttv.com.ar\/index.php\/2025\/12\/18\/renovo-autoridades-la-cooperativa-electrica-de-tornquist\/\",\"name\":\"Renov\u00f3 autoridades la Cooperativa El\u00e9ctrica de Tornquist - CELTTV\",\"isPartOf\":{\"@id\":\"https:\/\/www.celttv.com.ar\/#website\"},\"datePublished\":\"2025-12-18T21:32:24+00:00\",\"dateModified\":\"2025-12-18T21:32:24+00:00\",\"description\":\"Sitio web de noticias de la localidad de Tornquist, provincia de Buenos Aires, Rep\u00fablica Argentina. Contenido propio originado por periodistas de CELTTV, el canal de TV local de la Cooperativa El\u00e9ctrica de Tornquist. Turismo, Pol\u00edtica, Sociedad, Deporte, Cultura y todo el contenido de inter\u00e9s general que la gente del pueblo y la regi\u00f3n debe conocer.\",\"breadcrumb\":{\"@id\":\"https:\/\/www.celttv.com.ar\/index.php\/2025\/12\/18\/renovo-autoridades-la-cooperativa-electrica-de-tornquist\/#breadcrumb\"},\"inLanguage\":\"es\",\"potentialAction\":[{\"@type\":\"ReadAction\",\"target\":[\"https:\/\/www.celttv.com.ar\/index.php\/2025\/12\/18\/renovo-autoridades-la-cooperativa-electrica-de-tornquist\/\"]}]},{\"@type\":\"BreadcrumbList\",\"@id\":\"https:\/\/www.celttv.com.ar\/index.php\/2025\/12\/18\/renovo-autoridades-la-cooperativa-electrica-de-tornquist\/#breadcrumb\",\"itemListElement\":[{\"@type\":\"ListItem\",\"position\":1,\"name\":\"Inicio\",\"item\":\"https:\/\/www.celttv.com.ar\/\"},{\"@type\":\"ListItem\",\"position\":2,\"name\":\"Renov\u00f3 autoridades la Cooperativa El\u00e9ctrica de Tornquist\"}]},{\"@type\":\"WebSite\",\"@id\":\"https:\/\/www.celttv.com.ar\/#website\",\"url\":\"https:\/\/www.celttv.com.ar\/\",\"name\":\"CELTTV\",\"description\":\"Cooperativa El\u00e9ctrica de Tornquist\",\"publisher\":{\"@id\":\"https:\/\/www.celttv.com.ar\/#organization\"},\"potentialAction\":[{\"@type\":\"SearchAction\",\"target\":{\"@type\":\"EntryPoint\",\"urlTemplate\":\"https:\/\/www.celttv.com.ar\/?s={search_term_string}\"},\"query-input\":\"required name=search_term_string\"}],\"inLanguage\":\"es\"},{\"@type\":\"Organization\",\"@id\":\"https:\/\/www.celttv.com.ar\/#organization\",\"name\":\"CELTTV\",\"url\":\"https:\/\/www.celttv.com.ar\/\",\"sameAs\":[\"https:\/\/www.youtube.com\/channel\/UCz_oIt8Hig64Ub-EmcNPIhg\",\"https:\/\/www.facebook.com\/celtTV\/\"],\"logo\":{\"@type\":\"ImageObject\",\"inLanguage\":\"es\",\"@id\":\"https:\/\/www.celttv.com.ar\/#\/schema\/logo\/image\/\",\"url\":\"http:\/\/www.celttv.com.ar\/wp-content\/uploads\/2022\/08\/logo-1.png\",\"contentUrl\":\"http:\/\/www.celttv.com.ar\/wp-content\/uploads\/2022\/08\/logo-1.png\",\"width\":461,\"height\":159,\"caption\":\"CELTTV\"},\"image\":{\"@id\":\"https:\/\/www.celttv.com.ar\/#\/schema\/logo\/image\/\"}},{\"@type\":\"Person\",\"@id\":\"https:\/\/www.celttv.com.ar\/#\/schema\/person\/9059dc91dc7204ef4182cdb65225f07d\",\"name\":\"Miguel Herrada\",\"image\":{\"@type\":\"ImageObject\",\"inLanguage\":\"es\",\"@id\":\"https:\/\/www.celttv.com.ar\/#\/schema\/person\/image\/\",\"url\":\"https:\/\/secure.gravatar.com\/avatar\/67724d5b3c716623ffd76bec7e45841a442ac3b456e914dbba90b0fad2b8e0b1?s=96&d=mm&r=g\",\"contentUrl\":\"https:\/\/secure.gravatar.com\/avatar\/67724d5b3c716623ffd76bec7e45841a442ac3b456e914dbba90b0fad2b8e0b1?s=96&d=mm&r=g\",\"caption\":\"Miguel Herrada\"}}]}<\/script>\n<!-- \/ Yoast SEO plugin. -->","yoast_head_json":{"title":"Renov\u00f3 autoridades la Cooperativa El\u00e9ctrica de Tornquist - CELTTV","description":"Sitio web de noticias de la localidad de Tornquist, provincia de Buenos Aires, Rep\u00fablica Argentina. Contenido propio originado por periodistas de CELTTV, el canal de TV local de la Cooperativa El\u00e9ctrica de Tornquist. Turismo, Pol\u00edtica, Sociedad, Deporte, Cultura y todo el contenido de inter\u00e9s general que la gente del pueblo y la regi\u00f3n debe conocer.","robots":{"index":"index","follow":"follow","max-snippet":"max-snippet:-1","max-image-preview":"max-image-preview:large","max-video-preview":"max-video-preview:-1"},"canonical":"https:\/\/www.celttv.com.ar\/index.php\/2025\/12\/18\/renovo-autoridades-la-cooperativa-electrica-de-tornquist\/","og_locale":"es_ES","og_type":"article","og_title":"Renov\u00f3 autoridades la Cooperativa El\u00e9ctrica de Tornquist - CELTTV","og_description":"Sitio web de noticias de la localidad de Tornquist, provincia de Buenos Aires, Rep\u00fablica Argentina. Contenido propio originado por periodistas de CELTTV, el canal de TV local de la Cooperativa El\u00e9ctrica de Tornquist. Turismo, Pol\u00edtica, Sociedad, Deporte, Cultura y todo el contenido de inter\u00e9s general que la gente del pueblo y la regi\u00f3n debe conocer.","og_url":"https:\/\/www.celttv.com.ar\/index.php\/2025\/12\/18\/renovo-autoridades-la-cooperativa-electrica-de-tornquist\/","og_site_name":"CELTTV","article_publisher":"https:\/\/www.facebook.com\/celtTV\/","article_published_time":"2025-12-18T21:32:24+00:00","og_image":[{"width":1600,"height":1200,"url":"https:\/\/www.celttv.com.ar\/wp-content\/uploads\/2025\/12\/1.jpg","type":"image\/jpeg"}],"author":"Miguel Herrada","twitter_card":"summary_large_image","twitter_misc":{"Escrito por":"Miguel Herrada","Tiempo de lectura":"2 minutos"},"schema":{"@context":"https:\/\/schema.org","@graph":[{"@type":"NewsArticle","@id":"https:\/\/www.celttv.com.ar\/index.php\/2025\/12\/18\/renovo-autoridades-la-cooperativa-electrica-de-tornquist\/#article","isPartOf":{"@id":"https:\/\/www.celttv.com.ar\/index.php\/2025\/12\/18\/renovo-autoridades-la-cooperativa-electrica-de-tornquist\/"},"author":{"name":"Miguel Herrada","@id":"https:\/\/www.celttv.com.ar\/#\/schema\/person\/9059dc91dc7204ef4182cdb65225f07d"},"headline":"Renov\u00f3 autoridades la Cooperativa El\u00e9ctrica de Tornquist","datePublished":"2025-12-18T21:32:24+00:00","dateModified":"2025-12-18T21:32:24+00:00","mainEntityOfPage":{"@id":"https:\/\/www.celttv.com.ar\/index.php\/2025\/12\/18\/renovo-autoridades-la-cooperativa-electrica-de-tornquist\/"},"wordCount":325,"publisher":{"@id":"https:\/\/www.celttv.com.ar\/#organization"},"articleSection":["Celt TV Noticias"],"inLanguage":"es"},{"@type":"WebPage","@id":"https:\/\/www.celttv.com.ar\/index.php\/2025\/12\/18\/renovo-autoridades-la-cooperativa-electrica-de-tornquist\/","url":"https:\/\/www.celttv.com.ar\/index.php\/2025\/12\/18\/renovo-autoridades-la-cooperativa-electrica-de-tornquist\/","name":"Renov\u00f3 autoridades la Cooperativa El\u00e9ctrica de Tornquist - CELTTV","isPartOf":{"@id":"https:\/\/www.celttv.com.ar\/#website"},"datePublished":"2025-12-18T21:32:24+00:00","dateModified":"2025-12-18T21:32:24+00:00","description":"Sitio web de noticias de la localidad de Tornquist, provincia de Buenos Aires, Rep\u00fablica Argentina. Contenido propio originado por periodistas de CELTTV, el canal de TV local de la Cooperativa El\u00e9ctrica de Tornquist. Turismo, Pol\u00edtica, Sociedad, Deporte, Cultura y todo el contenido de inter\u00e9s general que la gente del pueblo y la regi\u00f3n debe conocer.","breadcrumb":{"@id":"https:\/\/www.celttv.com.ar\/index.php\/2025\/12\/18\/renovo-autoridades-la-cooperativa-electrica-de-tornquist\/#breadcrumb"},"inLanguage":"es","potentialAction":[{"@type":"ReadAction","target":["https:\/\/www.celttv.com.ar\/index.php\/2025\/12\/18\/renovo-autoridades-la-cooperativa-electrica-de-tornquist\/"]}]},{"@type":"BreadcrumbList","@id":"https:\/\/www.celttv.com.ar\/index.php\/2025\/12\/18\/renovo-autoridades-la-cooperativa-electrica-de-tornquist\/#breadcrumb","itemListElement":[{"@type":"ListItem","position":1,"name":"Inicio","item":"https:\/\/www.celttv.com.ar\/"},{"@type":"ListItem","position":2,"name":"Renov\u00f3 autoridades la Cooperativa El\u00e9ctrica de Tornquist"}]},{"@type":"WebSite","@id":"https:\/\/www.celttv.com.ar\/#website","url":"https:\/\/www.celttv.com.ar\/","name":"CELTTV","description":"Cooperativa El\u00e9ctrica de Tornquist","publisher":{"@id":"https:\/\/www.celttv.com.ar\/#organization"},"potentialAction":[{"@type":"SearchAction","target":{"@type":"EntryPoint","urlTemplate":"https:\/\/www.celttv.com.ar\/?s={search_term_string}"},"query-input":"required name=search_term_string"}],"inLanguage":"es"},{"@type":"Organization","@id":"https:\/\/www.celttv.com.ar\/#organization","name":"CELTTV","url":"https:\/\/www.celttv.com.ar\/","sameAs":["https:\/\/www.youtube.com\/channel\/UCz_oIt8Hig64Ub-EmcNPIhg","https:\/\/www.facebook.com\/celtTV\/"],"logo":{"@type":"ImageObject","inLanguage":"es","@id":"https:\/\/www.celttv.com.ar\/#\/schema\/logo\/image\/","url":"http:\/\/www.celttv.com.ar\/wp-content\/uploads\/2022\/08\/logo-1.png","contentUrl":"http:\/\/www.celttv.com.ar\/wp-content\/uploads\/2022\/08\/logo-1.png","width":461,"height":159,"caption":"CELTTV"},"image":{"@id":"https:\/\/www.celttv.com.ar\/#\/schema\/logo\/image\/"}},{"@type":"Person","@id":"https:\/\/www.celttv.com.ar\/#\/schema\/person\/9059dc91dc7204ef4182cdb65225f07d","name":"Miguel Herrada","image":{"@type":"ImageObject","inLanguage":"es","@id":"https:\/\/www.celttv.com.ar\/#\/schema\/person\/image\/","url":"https:\/\/secure.gravatar.com\/avatar\/67724d5b3c716623ffd76bec7e45841a442ac3b456e914dbba90b0fad2b8e0b1?s=96&d=mm&r=g","contentUrl":"https:\/\/secure.gravatar.com\/avatar\/67724d5b3c716623ffd76bec7e45841a442ac3b456e914dbba90b0fad2b8e0b1?s=96&d=mm&r=g","caption":"Miguel Herrada"}}]}},"_links":{"self":[{"href":"https:\/\/www.celttv.com.ar\/index.php\/wp-json\/wp\/v2\/posts\/90650","targetHints":{"allow":["GET"]}}],"collection":[{"href":"https:\/\/www.celttv.com.ar\/index.php\/wp-json\/wp\/v2\/posts"}],"about":[{"href":"https:\/\/www.celttv.com.ar\/index.php\/wp-json\/wp\/v2\/types\/post"}],"author":[{"embeddable":true,"href":"https:\/\/www.celttv.com.ar\/index.php\/wp-json\/wp\/v2\/users\/5"}],"replies":[{"embeddable":true,"href":"https:\/\/www.celttv.com.ar\/index.php\/wp-json\/wp\/v2\/comments?post=90650"}],"version-history":[{"count":2,"href":"https:\/\/www.celttv.com.ar\/index.php\/wp-json\/wp\/v2\/posts\/90650\/revisions"}],"predecessor-version":[{"id":90657,"href":"https:\/\/www.celttv.com.ar\/index.php\/wp-json\/wp\/v2\/posts\/90650\/revisions\/90657"}],"wp:featuredmedia":[{"embeddable":true,"href":"https:\/\/www.celttv.com.ar\/index.php\/wp-json\/wp\/v2\/media\/90652"}],"wp:attachment":[{"href":"https:\/\/www.celttv.com.ar\/index.php\/wp-json\/wp\/v2\/media?parent=90650"}],"wp:term":[{"taxonomy":"category","embeddable":true,"href":"https:\/\/www.celttv.com.ar\/index.php\/wp-json\/wp\/v2\/categories?post=90650"},{"taxonomy":"post_tag","embeddable":true,"href":"https:\/\/www.celttv.com.ar\/index.php\/wp-json\/wp\/v2\/tags?post=90650"}],"curies":[{"name":"wp","href":"https:\/\/api.w.org\/{rel}","templated":true}]}}