{"id":90662,"date":"2025-12-18T21:16:27","date_gmt":"2025-12-19T00:16:27","guid":{"rendered":"https:\/\/www.celttv.com.ar\/?p=90662"},"modified":"2025-12-18T21:16:27","modified_gmt":"2025-12-19T00:16:27","slug":"el-sabado-20-iniciara-la-temporada-en-las-piscinas-municipales-del-distrito","status":"publish","type":"post","link":"https:\/\/www.celttv.com.ar\/index.php\/2025\/12\/18\/el-sabado-20-iniciara-la-temporada-en-las-piscinas-municipales-del-distrito\/","title":{"rendered":"El s\u00e1bado 20 iniciar\u00e1 la temporada en las piscinas municipales del distrito"},"content":{"rendered":"<p><strong>El s\u00e1bado 20 iniciar\u00e1 la temporada en las piscinas municipales del distrito<\/strong><\/p>\n<p>Este s\u00e1bado 20, se realizar\u00e1 la apertura de la temporada 2025\/2026 en las piscinas municipales de Tornquist, Chasic\u00f3, Villa Ventana, Sierra de la Ventana y Saldungaray.<\/p>\n<p>Los complejos estar\u00e1n habilitados de 14 a 20 h y funcionar\u00e1n de lunes a domingo.<\/p>\n<p>Valores de las entradas:<\/p>\n<p>Residentes en el distrito:<\/p>\n<p>-Menores de 2 a 17 a\u00f1os: $600<\/p>\n<p>-Mayores de 18 a\u00f1os: $1200<\/p>\n<p>No residentes en el distrito:<\/p>\n<p>-Menores de 2 a 17 a\u00f1os: $3000<\/p>\n<p>-Mayores de 18 a\u00f1os: $6000<\/p>\n<p>Entradas sin cargo: Ni\u00f1os menores de 2 a\u00f1os, jubilados, pensionados, Personas con Discapacidad y personas con carnet de la Secretar\u00eda de Desarrollo.<\/p>\n<p><img loading=\"lazy\" decoding=\"async\" class=\"alignnone wp-image-90663 size-full\" src=\"https:\/\/www.celttv.com.ar\/wp-content\/uploads\/2025\/12\/HORARIO-Y-VALORES-VERANO-FEED-Medium.jpg\" alt=\"\" width=\"768\" height=\"1024\" srcset=\"https:\/\/www.celttv.com.ar\/wp-content\/uploads\/2025\/12\/HORARIO-Y-VALORES-VERANO-FEED-Medium.jpg 768w, https:\/\/www.celttv.com.ar\/wp-content\/uploads\/2025\/12\/HORARIO-Y-VALORES-VERANO-FEED-Medium-225x300.jpg 225w, https:\/\/www.celttv.com.ar\/wp-content\/uploads\/2025\/12\/HORARIO-Y-VALORES-VERANO-FEED-Medium-750x1000.jpg 750w\" sizes=\"auto, (max-width: 768px) 100vw, 768px\" \/><\/p>\n","protected":false},"excerpt":{"rendered":"<p>El s\u00e1bado 20 iniciar\u00e1 la temporada en las piscinas municipales del distrito Este s\u00e1bado 20, se realizar\u00e1 la apertura de la temporada 2025\/2026 en las piscinas municipales de Tornquist, Chasic\u00f3, Villa Ventana, Sierra de la Ventana y Saldungaray. Los complejos estar\u00e1n habilitados de 14 a 20 h y funcionar\u00e1n de lunes a domingo. Valores de [&hellip;]<\/p>\n","protected":false},"author":5,"featured_media":90663,"comment_status":"closed","ping_status":"closed","sticky":false,"template":"","format":"standard","meta":{"footnotes":""},"categories":[59],"tags":[],"class_list":["post-90662","post","type-post","status-publish","format-standard","has-post-thumbnail","hentry","category-municipales"],"yoast_head":"<!-- This site is optimized with the Yoast SEO plugin v19.7.1 - https:\/\/yoast.com\/wordpress\/plugins\/seo\/ -->\n<title>El s\u00e1bado 20 iniciar\u00e1 la temporada en las piscinas municipales del distrito - CELTTV<\/title>\n<meta name=\"description\" content=\"Sitio web de noticias de la localidad de Tornquist, provincia de Buenos Aires, Rep\u00fablica Argentina. Contenido propio originado por periodistas de CELTTV, el canal de TV local de la Cooperativa El\u00e9ctrica de Tornquist. Turismo, Pol\u00edtica, Sociedad, Deporte, Cultura y todo el contenido de inter\u00e9s general que la gente del pueblo y la regi\u00f3n debe conocer.\" \/>\n<meta name=\"robots\" content=\"index, follow, max-snippet:-1, max-image-preview:large, max-video-preview:-1\" \/>\n<link rel=\"canonical\" href=\"https:\/\/www.celttv.com.ar\/index.php\/2025\/12\/18\/el-sabado-20-iniciara-la-temporada-en-las-piscinas-municipales-del-distrito\/\" \/>\n<meta property=\"og:locale\" content=\"es_ES\" \/>\n<meta property=\"og:type\" content=\"article\" \/>\n<meta property=\"og:title\" content=\"El s\u00e1bado 20 iniciar\u00e1 la temporada en las piscinas municipales del distrito - CELTTV\" \/>\n<meta property=\"og:description\" content=\"Sitio web de noticias de la localidad de Tornquist, provincia de Buenos Aires, Rep\u00fablica Argentina. Contenido propio originado por periodistas de CELTTV, el canal de TV local de la Cooperativa El\u00e9ctrica de Tornquist. Turismo, Pol\u00edtica, Sociedad, Deporte, Cultura y todo el contenido de inter\u00e9s general que la gente del pueblo y la regi\u00f3n debe conocer.\" \/>\n<meta property=\"og:url\" content=\"https:\/\/www.celttv.com.ar\/index.php\/2025\/12\/18\/el-sabado-20-iniciara-la-temporada-en-las-piscinas-municipales-del-distrito\/\" \/>\n<meta property=\"og:site_name\" content=\"CELTTV\" \/>\n<meta property=\"article:publisher\" content=\"https:\/\/www.facebook.com\/celtTV\/\" \/>\n<meta property=\"article:published_time\" content=\"2025-12-19T00:16:27+00:00\" \/>\n<meta property=\"og:image\" content=\"https:\/\/www.celttv.com.ar\/wp-content\/uploads\/2025\/12\/HORARIO-Y-VALORES-VERANO-FEED-Medium.jpg\" \/>\n\t<meta property=\"og:image:width\" content=\"768\" \/>\n\t<meta property=\"og:image:height\" content=\"1024\" \/>\n\t<meta property=\"og:image:type\" content=\"image\/jpeg\" \/>\n<meta name=\"author\" content=\"Miguel Herrada\" \/>\n<meta name=\"twitter:card\" content=\"summary_large_image\" \/>\n<meta name=\"twitter:label1\" content=\"Escrito por\" \/>\n\t<meta name=\"twitter:data1\" content=\"Miguel Herrada\" \/>\n\t<meta name=\"twitter:label2\" content=\"Tiempo de lectura\" \/>\n\t<meta name=\"twitter:data2\" content=\"1 minuto\" \/>\n<script type=\"application\/ld+json\" class=\"yoast-schema-graph\">{\"@context\":\"https:\/\/schema.org\",\"@graph\":[{\"@type\":\"NewsArticle\",\"@id\":\"https:\/\/www.celttv.com.ar\/index.php\/2025\/12\/18\/el-sabado-20-iniciara-la-temporada-en-las-piscinas-municipales-del-distrito\/#article\",\"isPartOf\":{\"@id\":\"https:\/\/www.celttv.com.ar\/index.php\/2025\/12\/18\/el-sabado-20-iniciara-la-temporada-en-las-piscinas-municipales-del-distrito\/\"},\"author\":{\"name\":\"Miguel Herrada\",\"@id\":\"https:\/\/www.celttv.com.ar\/#\/schema\/person\/9059dc91dc7204ef4182cdb65225f07d\"},\"headline\":\"El s\u00e1bado 20 iniciar\u00e1 la temporada en las piscinas municipales del distrito\",\"datePublished\":\"2025-12-19T00:16:27+00:00\",\"dateModified\":\"2025-12-19T00:16:27+00:00\",\"mainEntityOfPage\":{\"@id\":\"https:\/\/www.celttv.com.ar\/index.php\/2025\/12\/18\/el-sabado-20-iniciara-la-temporada-en-las-piscinas-municipales-del-distrito\/\"},\"wordCount\":119,\"publisher\":{\"@id\":\"https:\/\/www.celttv.com.ar\/#organization\"},\"articleSection\":[\"Municipales\"],\"inLanguage\":\"es\"},{\"@type\":\"WebPage\",\"@id\":\"https:\/\/www.celttv.com.ar\/index.php\/2025\/12\/18\/el-sabado-20-iniciara-la-temporada-en-las-piscinas-municipales-del-distrito\/\",\"url\":\"https:\/\/www.celttv.com.ar\/index.php\/2025\/12\/18\/el-sabado-20-iniciara-la-temporada-en-las-piscinas-municipales-del-distrito\/\",\"name\":\"El s\u00e1bado 20 iniciar\u00e1 la temporada en las piscinas municipales del distrito - CELTTV\",\"isPartOf\":{\"@id\":\"https:\/\/www.celttv.com.ar\/#website\"},\"datePublished\":\"2025-12-19T00:16:27+00:00\",\"dateModified\":\"2025-12-19T00:16:27+00:00\",\"description\":\"Sitio web de noticias de la localidad de Tornquist, provincia de Buenos Aires, Rep\u00fablica Argentina. Contenido propio originado por periodistas de CELTTV, el canal de TV local de la Cooperativa El\u00e9ctrica de Tornquist. Turismo, Pol\u00edtica, Sociedad, Deporte, Cultura y todo el contenido de inter\u00e9s general que la gente del pueblo y la regi\u00f3n debe conocer.\",\"breadcrumb\":{\"@id\":\"https:\/\/www.celttv.com.ar\/index.php\/2025\/12\/18\/el-sabado-20-iniciara-la-temporada-en-las-piscinas-municipales-del-distrito\/#breadcrumb\"},\"inLanguage\":\"es\",\"potentialAction\":[{\"@type\":\"ReadAction\",\"target\":[\"https:\/\/www.celttv.com.ar\/index.php\/2025\/12\/18\/el-sabado-20-iniciara-la-temporada-en-las-piscinas-municipales-del-distrito\/\"]}]},{\"@type\":\"BreadcrumbList\",\"@id\":\"https:\/\/www.celttv.com.ar\/index.php\/2025\/12\/18\/el-sabado-20-iniciara-la-temporada-en-las-piscinas-municipales-del-distrito\/#breadcrumb\",\"itemListElement\":[{\"@type\":\"ListItem\",\"position\":1,\"name\":\"Inicio\",\"item\":\"https:\/\/www.celttv.com.ar\/\"},{\"@type\":\"ListItem\",\"position\":2,\"name\":\"El s\u00e1bado 20 iniciar\u00e1 la temporada en las piscinas municipales del distrito\"}]},{\"@type\":\"WebSite\",\"@id\":\"https:\/\/www.celttv.com.ar\/#website\",\"url\":\"https:\/\/www.celttv.com.ar\/\",\"name\":\"CELTTV\",\"description\":\"Cooperativa El\u00e9ctrica de Tornquist\",\"publisher\":{\"@id\":\"https:\/\/www.celttv.com.ar\/#organization\"},\"potentialAction\":[{\"@type\":\"SearchAction\",\"target\":{\"@type\":\"EntryPoint\",\"urlTemplate\":\"https:\/\/www.celttv.com.ar\/?s={search_term_string}\"},\"query-input\":\"required name=search_term_string\"}],\"inLanguage\":\"es\"},{\"@type\":\"Organization\",\"@id\":\"https:\/\/www.celttv.com.ar\/#organization\",\"name\":\"CELTTV\",\"url\":\"https:\/\/www.celttv.com.ar\/\",\"sameAs\":[\"https:\/\/www.youtube.com\/channel\/UCz_oIt8Hig64Ub-EmcNPIhg\",\"https:\/\/www.facebook.com\/celtTV\/\"],\"logo\":{\"@type\":\"ImageObject\",\"inLanguage\":\"es\",\"@id\":\"https:\/\/www.celttv.com.ar\/#\/schema\/logo\/image\/\",\"url\":\"http:\/\/www.celttv.com.ar\/wp-content\/uploads\/2022\/08\/logo-1.png\",\"contentUrl\":\"http:\/\/www.celttv.com.ar\/wp-content\/uploads\/2022\/08\/logo-1.png\",\"width\":461,\"height\":159,\"caption\":\"CELTTV\"},\"image\":{\"@id\":\"https:\/\/www.celttv.com.ar\/#\/schema\/logo\/image\/\"}},{\"@type\":\"Person\",\"@id\":\"https:\/\/www.celttv.com.ar\/#\/schema\/person\/9059dc91dc7204ef4182cdb65225f07d\",\"name\":\"Miguel Herrada\",\"image\":{\"@type\":\"ImageObject\",\"inLanguage\":\"es\",\"@id\":\"https:\/\/www.celttv.com.ar\/#\/schema\/person\/image\/\",\"url\":\"https:\/\/secure.gravatar.com\/avatar\/67724d5b3c716623ffd76bec7e45841a442ac3b456e914dbba90b0fad2b8e0b1?s=96&d=mm&r=g\",\"contentUrl\":\"https:\/\/secure.gravatar.com\/avatar\/67724d5b3c716623ffd76bec7e45841a442ac3b456e914dbba90b0fad2b8e0b1?s=96&d=mm&r=g\",\"caption\":\"Miguel Herrada\"}}]}<\/script>\n<!-- \/ Yoast SEO plugin. -->","yoast_head_json":{"title":"El s\u00e1bado 20 iniciar\u00e1 la temporada en las piscinas municipales del distrito - CELTTV","description":"Sitio web de noticias de la localidad de Tornquist, provincia de Buenos Aires, Rep\u00fablica Argentina. Contenido propio originado por periodistas de CELTTV, el canal de TV local de la Cooperativa El\u00e9ctrica de Tornquist. Turismo, Pol\u00edtica, Sociedad, Deporte, Cultura y todo el contenido de inter\u00e9s general que la gente del pueblo y la regi\u00f3n debe conocer.","robots":{"index":"index","follow":"follow","max-snippet":"max-snippet:-1","max-image-preview":"max-image-preview:large","max-video-preview":"max-video-preview:-1"},"canonical":"https:\/\/www.celttv.com.ar\/index.php\/2025\/12\/18\/el-sabado-20-iniciara-la-temporada-en-las-piscinas-municipales-del-distrito\/","og_locale":"es_ES","og_type":"article","og_title":"El s\u00e1bado 20 iniciar\u00e1 la temporada en las piscinas municipales del distrito - CELTTV","og_description":"Sitio web de noticias de la localidad de Tornquist, provincia de Buenos Aires, Rep\u00fablica Argentina. Contenido propio originado por periodistas de CELTTV, el canal de TV local de la Cooperativa El\u00e9ctrica de Tornquist. Turismo, Pol\u00edtica, Sociedad, Deporte, Cultura y todo el contenido de inter\u00e9s general que la gente del pueblo y la regi\u00f3n debe conocer.","og_url":"https:\/\/www.celttv.com.ar\/index.php\/2025\/12\/18\/el-sabado-20-iniciara-la-temporada-en-las-piscinas-municipales-del-distrito\/","og_site_name":"CELTTV","article_publisher":"https:\/\/www.facebook.com\/celtTV\/","article_published_time":"2025-12-19T00:16:27+00:00","og_image":[{"width":768,"height":1024,"url":"https:\/\/www.celttv.com.ar\/wp-content\/uploads\/2025\/12\/HORARIO-Y-VALORES-VERANO-FEED-Medium.jpg","type":"image\/jpeg"}],"author":"Miguel Herrada","twitter_card":"summary_large_image","twitter_misc":{"Escrito por":"Miguel Herrada","Tiempo de lectura":"1 minuto"},"schema":{"@context":"https:\/\/schema.org","@graph":[{"@type":"NewsArticle","@id":"https:\/\/www.celttv.com.ar\/index.php\/2025\/12\/18\/el-sabado-20-iniciara-la-temporada-en-las-piscinas-municipales-del-distrito\/#article","isPartOf":{"@id":"https:\/\/www.celttv.com.ar\/index.php\/2025\/12\/18\/el-sabado-20-iniciara-la-temporada-en-las-piscinas-municipales-del-distrito\/"},"author":{"name":"Miguel Herrada","@id":"https:\/\/www.celttv.com.ar\/#\/schema\/person\/9059dc91dc7204ef4182cdb65225f07d"},"headline":"El s\u00e1bado 20 iniciar\u00e1 la temporada en las piscinas municipales del distrito","datePublished":"2025-12-19T00:16:27+00:00","dateModified":"2025-12-19T00:16:27+00:00","mainEntityOfPage":{"@id":"https:\/\/www.celttv.com.ar\/index.php\/2025\/12\/18\/el-sabado-20-iniciara-la-temporada-en-las-piscinas-municipales-del-distrito\/"},"wordCount":119,"publisher":{"@id":"https:\/\/www.celttv.com.ar\/#organization"},"articleSection":["Municipales"],"inLanguage":"es"},{"@type":"WebPage","@id":"https:\/\/www.celttv.com.ar\/index.php\/2025\/12\/18\/el-sabado-20-iniciara-la-temporada-en-las-piscinas-municipales-del-distrito\/","url":"https:\/\/www.celttv.com.ar\/index.php\/2025\/12\/18\/el-sabado-20-iniciara-la-temporada-en-las-piscinas-municipales-del-distrito\/","name":"El s\u00e1bado 20 iniciar\u00e1 la temporada en las piscinas municipales del distrito - CELTTV","isPartOf":{"@id":"https:\/\/www.celttv.com.ar\/#website"},"datePublished":"2025-12-19T00:16:27+00:00","dateModified":"2025-12-19T00:16:27+00:00","description":"Sitio web de noticias de la localidad de Tornquist, provincia de Buenos Aires, Rep\u00fablica Argentina. Contenido propio originado por periodistas de CELTTV, el canal de TV local de la Cooperativa El\u00e9ctrica de Tornquist. Turismo, Pol\u00edtica, Sociedad, Deporte, Cultura y todo el contenido de inter\u00e9s general que la gente del pueblo y la regi\u00f3n debe conocer.","breadcrumb":{"@id":"https:\/\/www.celttv.com.ar\/index.php\/2025\/12\/18\/el-sabado-20-iniciara-la-temporada-en-las-piscinas-municipales-del-distrito\/#breadcrumb"},"inLanguage":"es","potentialAction":[{"@type":"ReadAction","target":["https:\/\/www.celttv.com.ar\/index.php\/2025\/12\/18\/el-sabado-20-iniciara-la-temporada-en-las-piscinas-municipales-del-distrito\/"]}]},{"@type":"BreadcrumbList","@id":"https:\/\/www.celttv.com.ar\/index.php\/2025\/12\/18\/el-sabado-20-iniciara-la-temporada-en-las-piscinas-municipales-del-distrito\/#breadcrumb","itemListElement":[{"@type":"ListItem","position":1,"name":"Inicio","item":"https:\/\/www.celttv.com.ar\/"},{"@type":"ListItem","position":2,"name":"El s\u00e1bado 20 iniciar\u00e1 la temporada en las piscinas municipales del distrito"}]},{"@type":"WebSite","@id":"https:\/\/www.celttv.com.ar\/#website","url":"https:\/\/www.celttv.com.ar\/","name":"CELTTV","description":"Cooperativa El\u00e9ctrica de Tornquist","publisher":{"@id":"https:\/\/www.celttv.com.ar\/#organization"},"potentialAction":[{"@type":"SearchAction","target":{"@type":"EntryPoint","urlTemplate":"https:\/\/www.celttv.com.ar\/?s={search_term_string}"},"query-input":"required name=search_term_string"}],"inLanguage":"es"},{"@type":"Organization","@id":"https:\/\/www.celttv.com.ar\/#organization","name":"CELTTV","url":"https:\/\/www.celttv.com.ar\/","sameAs":["https:\/\/www.youtube.com\/channel\/UCz_oIt8Hig64Ub-EmcNPIhg","https:\/\/www.facebook.com\/celtTV\/"],"logo":{"@type":"ImageObject","inLanguage":"es","@id":"https:\/\/www.celttv.com.ar\/#\/schema\/logo\/image\/","url":"http:\/\/www.celttv.com.ar\/wp-content\/uploads\/2022\/08\/logo-1.png","contentUrl":"http:\/\/www.celttv.com.ar\/wp-content\/uploads\/2022\/08\/logo-1.png","width":461,"height":159,"caption":"CELTTV"},"image":{"@id":"https:\/\/www.celttv.com.ar\/#\/schema\/logo\/image\/"}},{"@type":"Person","@id":"https:\/\/www.celttv.com.ar\/#\/schema\/person\/9059dc91dc7204ef4182cdb65225f07d","name":"Miguel Herrada","image":{"@type":"ImageObject","inLanguage":"es","@id":"https:\/\/www.celttv.com.ar\/#\/schema\/person\/image\/","url":"https:\/\/secure.gravatar.com\/avatar\/67724d5b3c716623ffd76bec7e45841a442ac3b456e914dbba90b0fad2b8e0b1?s=96&d=mm&r=g","contentUrl":"https:\/\/secure.gravatar.com\/avatar\/67724d5b3c716623ffd76bec7e45841a442ac3b456e914dbba90b0fad2b8e0b1?s=96&d=mm&r=g","caption":"Miguel Herrada"}}]}},"_links":{"self":[{"href":"https:\/\/www.celttv.com.ar\/index.php\/wp-json\/wp\/v2\/posts\/90662","targetHints":{"allow":["GET"]}}],"collection":[{"href":"https:\/\/www.celttv.com.ar\/index.php\/wp-json\/wp\/v2\/posts"}],"about":[{"href":"https:\/\/www.celttv.com.ar\/index.php\/wp-json\/wp\/v2\/types\/post"}],"author":[{"embeddable":true,"href":"https:\/\/www.celttv.com.ar\/index.php\/wp-json\/wp\/v2\/users\/5"}],"replies":[{"embeddable":true,"href":"https:\/\/www.celttv.com.ar\/index.php\/wp-json\/wp\/v2\/comments?post=90662"}],"version-history":[{"count":1,"href":"https:\/\/www.celttv.com.ar\/index.php\/wp-json\/wp\/v2\/posts\/90662\/revisions"}],"predecessor-version":[{"id":90664,"href":"https:\/\/www.celttv.com.ar\/index.php\/wp-json\/wp\/v2\/posts\/90662\/revisions\/90664"}],"wp:featuredmedia":[{"embeddable":true,"href":"https:\/\/www.celttv.com.ar\/index.php\/wp-json\/wp\/v2\/media\/90663"}],"wp:attachment":[{"href":"https:\/\/www.celttv.com.ar\/index.php\/wp-json\/wp\/v2\/media?parent=90662"}],"wp:term":[{"taxonomy":"category","embeddable":true,"href":"https:\/\/www.celttv.com.ar\/index.php\/wp-json\/wp\/v2\/categories?post=90662"},{"taxonomy":"post_tag","embeddable":true,"href":"https:\/\/www.celttv.com.ar\/index.php\/wp-json\/wp\/v2\/tags?post=90662"}],"curies":[{"name":"wp","href":"https:\/\/api.w.org\/{rel}","templated":true}]}}