{"id":90665,"date":"2025-12-18T22:15:05","date_gmt":"2025-12-19T01:15:05","guid":{"rendered":"https:\/\/www.celttv.com.ar\/?p=90665"},"modified":"2025-12-18T22:15:05","modified_gmt":"2025-12-19T01:15:05","slug":"infancias-y-juventudes-brindara-nivelacion-de-matematicas-quimica-y-fisica","status":"publish","type":"post","link":"https:\/\/www.celttv.com.ar\/index.php\/2025\/12\/18\/infancias-y-juventudes-brindara-nivelacion-de-matematicas-quimica-y-fisica\/","title":{"rendered":"Infancias y Juventudes brindar\u00e1 nivelaci\u00f3n de matem\u00e1ticas, qu\u00edmica y f\u00edsica"},"content":{"rendered":"<p><strong>Infancias y Juventudes brindar\u00e1 nivelaci\u00f3n de matem\u00e1ticas, qu\u00edmica y f\u00edsica<\/strong><\/p>\n<p>Durante los meses de enero y febrero, la Subsecretar\u00eda de Infancias y Juventudes ofrecer\u00e1 un espacio gratuito de nivelaci\u00f3n en matem\u00e1ticas, qu\u00edmica y f\u00edsica, destinado a estudiantes de nivel universitario.<\/p>\n<p>La propuesta tiene como objetivo acompa\u00f1ar y reforzar contenidos b\u00e1sicos, facilitando el inicio o la continuidad de los estudios superiores.<\/p>\n<p>Las clases se dictar\u00e1n en el Centro Universitario \u201cElsa Kaltembach\u201d de Tornquist y comenzar\u00e1n el lunes 5 de enero, con el siguiente cronograma:<\/p>\n<p>-Matem\u00e1ticas: lunes desde las 9 h<\/p>\n<p>-Qu\u00edmica y F\u00edsica: mi\u00e9rcoles desde las 9 h<\/p>\n<p>Para m\u00e1s informaci\u00f3n, los interesados pueden comunicarse al 2915077848.<\/p>\n<p>Durante los meses de enero y febrero, la Subsecretar\u00eda de Infancias y Juventudes ofrecer\u00e1 un espacio gratuito de nivelaci\u00f3n en matem\u00e1ticas, qu\u00edmica y f\u00edsica, destinado a estudiantes de nivel universitario.<\/p>\n<p>La propuesta tiene como objetivo acompa\u00f1ar y reforzar contenidos b\u00e1sicos, facilitando el inicio o la continuidad de los estudios superiores.<\/p>\n<p>Las clases se dictar\u00e1n en el Centro Universitario \u201cElsa Kaltembach\u201d de Tornquist y comenzar\u00e1n el lunes 5 de enero, con el siguiente cronograma:<\/p>\n<p>-Matem\u00e1ticas: lunes desde las 9 h<\/p>\n<p>-Qu\u00edmica y F\u00edsica: mi\u00e9rcoles desde las 9 h<\/p>\n<p>Para m\u00e1s informaci\u00f3n, los interesados pueden comunicarse al 2915077848.<\/p>\n<p><a href=\"https:\/\/www.celttv.com.ar\/wp-content\/uploads\/2025\/12\/nivelacioninfanc.docx\">nivelacioninfanc<\/a> <img loading=\"lazy\" decoding=\"async\" class=\"alignnone wp-image-90667 size-large\" src=\"https:\/\/www.celttv.com.ar\/wp-content\/uploads\/2025\/12\/nivelacion-univ-819x1024.jpg\" alt=\"\" width=\"819\" height=\"1024\" srcset=\"https:\/\/www.celttv.com.ar\/wp-content\/uploads\/2025\/12\/nivelacion-univ-819x1024.jpg 819w, https:\/\/www.celttv.com.ar\/wp-content\/uploads\/2025\/12\/nivelacion-univ-240x300.jpg 240w, https:\/\/www.celttv.com.ar\/wp-content\/uploads\/2025\/12\/nivelacion-univ-768x960.jpg 768w, https:\/\/www.celttv.com.ar\/wp-content\/uploads\/2025\/12\/nivelacion-univ-750x938.jpg 750w, https:\/\/www.celttv.com.ar\/wp-content\/uploads\/2025\/12\/nivelacion-univ.jpg 1080w\" sizes=\"auto, (max-width: 819px) 100vw, 819px\" \/><\/p>\n","protected":false},"excerpt":{"rendered":"<p>Infancias y Juventudes brindar\u00e1 nivelaci\u00f3n de matem\u00e1ticas, qu\u00edmica y f\u00edsica Durante los meses de enero y febrero, la Subsecretar\u00eda de Infancias y Juventudes ofrecer\u00e1 un espacio gratuito de nivelaci\u00f3n en matem\u00e1ticas, qu\u00edmica y f\u00edsica, destinado a estudiantes de nivel universitario. La propuesta tiene como objetivo acompa\u00f1ar y reforzar contenidos b\u00e1sicos, facilitando el inicio o la [&hellip;]<\/p>\n","protected":false},"author":5,"featured_media":90667,"comment_status":"closed","ping_status":"closed","sticky":false,"template":"","format":"standard","meta":{"footnotes":""},"categories":[59],"tags":[],"class_list":["post-90665","post","type-post","status-publish","format-standard","has-post-thumbnail","hentry","category-municipales"],"yoast_head":"<!-- This site is optimized with the Yoast SEO plugin v19.7.1 - https:\/\/yoast.com\/wordpress\/plugins\/seo\/ -->\n<title>Infancias y Juventudes brindar\u00e1 nivelaci\u00f3n de matem\u00e1ticas, qu\u00edmica y f\u00edsica - CELTTV<\/title>\n<meta name=\"description\" content=\"Sitio web de noticias de la localidad de Tornquist, provincia de Buenos Aires, Rep\u00fablica Argentina. Contenido propio originado por periodistas de CELTTV, el canal de TV local de la Cooperativa El\u00e9ctrica de Tornquist. Turismo, Pol\u00edtica, Sociedad, Deporte, Cultura y todo el contenido de inter\u00e9s general que la gente del pueblo y la regi\u00f3n debe conocer.\" \/>\n<meta name=\"robots\" content=\"index, follow, max-snippet:-1, max-image-preview:large, max-video-preview:-1\" \/>\n<link rel=\"canonical\" href=\"https:\/\/www.celttv.com.ar\/index.php\/2025\/12\/18\/infancias-y-juventudes-brindara-nivelacion-de-matematicas-quimica-y-fisica\/\" \/>\n<meta property=\"og:locale\" content=\"es_ES\" \/>\n<meta property=\"og:type\" content=\"article\" \/>\n<meta property=\"og:title\" content=\"Infancias y Juventudes brindar\u00e1 nivelaci\u00f3n de matem\u00e1ticas, qu\u00edmica y f\u00edsica - CELTTV\" \/>\n<meta property=\"og:description\" content=\"Sitio web de noticias de la localidad de Tornquist, provincia de Buenos Aires, Rep\u00fablica Argentina. Contenido propio originado por periodistas de CELTTV, el canal de TV local de la Cooperativa El\u00e9ctrica de Tornquist. Turismo, Pol\u00edtica, Sociedad, Deporte, Cultura y todo el contenido de inter\u00e9s general que la gente del pueblo y la regi\u00f3n debe conocer.\" \/>\n<meta property=\"og:url\" content=\"https:\/\/www.celttv.com.ar\/index.php\/2025\/12\/18\/infancias-y-juventudes-brindara-nivelacion-de-matematicas-quimica-y-fisica\/\" \/>\n<meta property=\"og:site_name\" content=\"CELTTV\" \/>\n<meta property=\"article:publisher\" content=\"https:\/\/www.facebook.com\/celtTV\/\" \/>\n<meta property=\"article:published_time\" content=\"2025-12-19T01:15:05+00:00\" \/>\n<meta property=\"og:image\" content=\"https:\/\/www.celttv.com.ar\/wp-content\/uploads\/2025\/12\/nivelacion-univ.jpg\" \/>\n\t<meta property=\"og:image:width\" content=\"1080\" \/>\n\t<meta property=\"og:image:height\" content=\"1350\" \/>\n\t<meta property=\"og:image:type\" content=\"image\/jpeg\" \/>\n<meta name=\"author\" content=\"Miguel Herrada\" \/>\n<meta name=\"twitter:card\" content=\"summary_large_image\" \/>\n<meta name=\"twitter:label1\" content=\"Escrito por\" \/>\n\t<meta name=\"twitter:data1\" content=\"Miguel Herrada\" \/>\n\t<meta name=\"twitter:label2\" content=\"Tiempo de lectura\" \/>\n\t<meta name=\"twitter:data2\" content=\"1 minuto\" \/>\n<script type=\"application\/ld+json\" class=\"yoast-schema-graph\">{\"@context\":\"https:\/\/schema.org\",\"@graph\":[{\"@type\":\"NewsArticle\",\"@id\":\"https:\/\/www.celttv.com.ar\/index.php\/2025\/12\/18\/infancias-y-juventudes-brindara-nivelacion-de-matematicas-quimica-y-fisica\/#article\",\"isPartOf\":{\"@id\":\"https:\/\/www.celttv.com.ar\/index.php\/2025\/12\/18\/infancias-y-juventudes-brindara-nivelacion-de-matematicas-quimica-y-fisica\/\"},\"author\":{\"name\":\"Miguel Herrada\",\"@id\":\"https:\/\/www.celttv.com.ar\/#\/schema\/person\/9059dc91dc7204ef4182cdb65225f07d\"},\"headline\":\"Infancias y Juventudes brindar\u00e1 nivelaci\u00f3n de matem\u00e1ticas, qu\u00edmica y f\u00edsica\",\"datePublished\":\"2025-12-19T01:15:05+00:00\",\"dateModified\":\"2025-12-19T01:15:05+00:00\",\"mainEntityOfPage\":{\"@id\":\"https:\/\/www.celttv.com.ar\/index.php\/2025\/12\/18\/infancias-y-juventudes-brindara-nivelacion-de-matematicas-quimica-y-fisica\/\"},\"wordCount\":243,\"publisher\":{\"@id\":\"https:\/\/www.celttv.com.ar\/#organization\"},\"articleSection\":[\"Municipales\"],\"inLanguage\":\"es\"},{\"@type\":\"WebPage\",\"@id\":\"https:\/\/www.celttv.com.ar\/index.php\/2025\/12\/18\/infancias-y-juventudes-brindara-nivelacion-de-matematicas-quimica-y-fisica\/\",\"url\":\"https:\/\/www.celttv.com.ar\/index.php\/2025\/12\/18\/infancias-y-juventudes-brindara-nivelacion-de-matematicas-quimica-y-fisica\/\",\"name\":\"Infancias y Juventudes brindar\u00e1 nivelaci\u00f3n de matem\u00e1ticas, qu\u00edmica y f\u00edsica - CELTTV\",\"isPartOf\":{\"@id\":\"https:\/\/www.celttv.com.ar\/#website\"},\"datePublished\":\"2025-12-19T01:15:05+00:00\",\"dateModified\":\"2025-12-19T01:15:05+00:00\",\"description\":\"Sitio web de noticias de la localidad de Tornquist, provincia de Buenos Aires, Rep\u00fablica Argentina. Contenido propio originado por periodistas de CELTTV, el canal de TV local de la Cooperativa El\u00e9ctrica de Tornquist. Turismo, Pol\u00edtica, Sociedad, Deporte, Cultura y todo el contenido de inter\u00e9s general que la gente del pueblo y la regi\u00f3n debe conocer.\",\"breadcrumb\":{\"@id\":\"https:\/\/www.celttv.com.ar\/index.php\/2025\/12\/18\/infancias-y-juventudes-brindara-nivelacion-de-matematicas-quimica-y-fisica\/#breadcrumb\"},\"inLanguage\":\"es\",\"potentialAction\":[{\"@type\":\"ReadAction\",\"target\":[\"https:\/\/www.celttv.com.ar\/index.php\/2025\/12\/18\/infancias-y-juventudes-brindara-nivelacion-de-matematicas-quimica-y-fisica\/\"]}]},{\"@type\":\"BreadcrumbList\",\"@id\":\"https:\/\/www.celttv.com.ar\/index.php\/2025\/12\/18\/infancias-y-juventudes-brindara-nivelacion-de-matematicas-quimica-y-fisica\/#breadcrumb\",\"itemListElement\":[{\"@type\":\"ListItem\",\"position\":1,\"name\":\"Inicio\",\"item\":\"https:\/\/www.celttv.com.ar\/\"},{\"@type\":\"ListItem\",\"position\":2,\"name\":\"Infancias y Juventudes brindar\u00e1 nivelaci\u00f3n de matem\u00e1ticas, qu\u00edmica y f\u00edsica\"}]},{\"@type\":\"WebSite\",\"@id\":\"https:\/\/www.celttv.com.ar\/#website\",\"url\":\"https:\/\/www.celttv.com.ar\/\",\"name\":\"CELTTV\",\"description\":\"Cooperativa El\u00e9ctrica de Tornquist\",\"publisher\":{\"@id\":\"https:\/\/www.celttv.com.ar\/#organization\"},\"potentialAction\":[{\"@type\":\"SearchAction\",\"target\":{\"@type\":\"EntryPoint\",\"urlTemplate\":\"https:\/\/www.celttv.com.ar\/?s={search_term_string}\"},\"query-input\":\"required name=search_term_string\"}],\"inLanguage\":\"es\"},{\"@type\":\"Organization\",\"@id\":\"https:\/\/www.celttv.com.ar\/#organization\",\"name\":\"CELTTV\",\"url\":\"https:\/\/www.celttv.com.ar\/\",\"sameAs\":[\"https:\/\/www.youtube.com\/channel\/UCz_oIt8Hig64Ub-EmcNPIhg\",\"https:\/\/www.facebook.com\/celtTV\/\"],\"logo\":{\"@type\":\"ImageObject\",\"inLanguage\":\"es\",\"@id\":\"https:\/\/www.celttv.com.ar\/#\/schema\/logo\/image\/\",\"url\":\"http:\/\/www.celttv.com.ar\/wp-content\/uploads\/2022\/08\/logo-1.png\",\"contentUrl\":\"http:\/\/www.celttv.com.ar\/wp-content\/uploads\/2022\/08\/logo-1.png\",\"width\":461,\"height\":159,\"caption\":\"CELTTV\"},\"image\":{\"@id\":\"https:\/\/www.celttv.com.ar\/#\/schema\/logo\/image\/\"}},{\"@type\":\"Person\",\"@id\":\"https:\/\/www.celttv.com.ar\/#\/schema\/person\/9059dc91dc7204ef4182cdb65225f07d\",\"name\":\"Miguel Herrada\",\"image\":{\"@type\":\"ImageObject\",\"inLanguage\":\"es\",\"@id\":\"https:\/\/www.celttv.com.ar\/#\/schema\/person\/image\/\",\"url\":\"https:\/\/secure.gravatar.com\/avatar\/67724d5b3c716623ffd76bec7e45841a442ac3b456e914dbba90b0fad2b8e0b1?s=96&d=mm&r=g\",\"contentUrl\":\"https:\/\/secure.gravatar.com\/avatar\/67724d5b3c716623ffd76bec7e45841a442ac3b456e914dbba90b0fad2b8e0b1?s=96&d=mm&r=g\",\"caption\":\"Miguel Herrada\"}}]}<\/script>\n<!-- \/ Yoast SEO plugin. -->","yoast_head_json":{"title":"Infancias y Juventudes brindar\u00e1 nivelaci\u00f3n de matem\u00e1ticas, qu\u00edmica y f\u00edsica - CELTTV","description":"Sitio web de noticias de la localidad de Tornquist, provincia de Buenos Aires, Rep\u00fablica Argentina. Contenido propio originado por periodistas de CELTTV, el canal de TV local de la Cooperativa El\u00e9ctrica de Tornquist. Turismo, Pol\u00edtica, Sociedad, Deporte, Cultura y todo el contenido de inter\u00e9s general que la gente del pueblo y la regi\u00f3n debe conocer.","robots":{"index":"index","follow":"follow","max-snippet":"max-snippet:-1","max-image-preview":"max-image-preview:large","max-video-preview":"max-video-preview:-1"},"canonical":"https:\/\/www.celttv.com.ar\/index.php\/2025\/12\/18\/infancias-y-juventudes-brindara-nivelacion-de-matematicas-quimica-y-fisica\/","og_locale":"es_ES","og_type":"article","og_title":"Infancias y Juventudes brindar\u00e1 nivelaci\u00f3n de matem\u00e1ticas, qu\u00edmica y f\u00edsica - CELTTV","og_description":"Sitio web de noticias de la localidad de Tornquist, provincia de Buenos Aires, Rep\u00fablica Argentina. Contenido propio originado por periodistas de CELTTV, el canal de TV local de la Cooperativa El\u00e9ctrica de Tornquist. Turismo, Pol\u00edtica, Sociedad, Deporte, Cultura y todo el contenido de inter\u00e9s general que la gente del pueblo y la regi\u00f3n debe conocer.","og_url":"https:\/\/www.celttv.com.ar\/index.php\/2025\/12\/18\/infancias-y-juventudes-brindara-nivelacion-de-matematicas-quimica-y-fisica\/","og_site_name":"CELTTV","article_publisher":"https:\/\/www.facebook.com\/celtTV\/","article_published_time":"2025-12-19T01:15:05+00:00","og_image":[{"width":1080,"height":1350,"url":"https:\/\/www.celttv.com.ar\/wp-content\/uploads\/2025\/12\/nivelacion-univ.jpg","type":"image\/jpeg"}],"author":"Miguel Herrada","twitter_card":"summary_large_image","twitter_misc":{"Escrito por":"Miguel Herrada","Tiempo de lectura":"1 minuto"},"schema":{"@context":"https:\/\/schema.org","@graph":[{"@type":"NewsArticle","@id":"https:\/\/www.celttv.com.ar\/index.php\/2025\/12\/18\/infancias-y-juventudes-brindara-nivelacion-de-matematicas-quimica-y-fisica\/#article","isPartOf":{"@id":"https:\/\/www.celttv.com.ar\/index.php\/2025\/12\/18\/infancias-y-juventudes-brindara-nivelacion-de-matematicas-quimica-y-fisica\/"},"author":{"name":"Miguel Herrada","@id":"https:\/\/www.celttv.com.ar\/#\/schema\/person\/9059dc91dc7204ef4182cdb65225f07d"},"headline":"Infancias y Juventudes brindar\u00e1 nivelaci\u00f3n de matem\u00e1ticas, qu\u00edmica y f\u00edsica","datePublished":"2025-12-19T01:15:05+00:00","dateModified":"2025-12-19T01:15:05+00:00","mainEntityOfPage":{"@id":"https:\/\/www.celttv.com.ar\/index.php\/2025\/12\/18\/infancias-y-juventudes-brindara-nivelacion-de-matematicas-quimica-y-fisica\/"},"wordCount":243,"publisher":{"@id":"https:\/\/www.celttv.com.ar\/#organization"},"articleSection":["Municipales"],"inLanguage":"es"},{"@type":"WebPage","@id":"https:\/\/www.celttv.com.ar\/index.php\/2025\/12\/18\/infancias-y-juventudes-brindara-nivelacion-de-matematicas-quimica-y-fisica\/","url":"https:\/\/www.celttv.com.ar\/index.php\/2025\/12\/18\/infancias-y-juventudes-brindara-nivelacion-de-matematicas-quimica-y-fisica\/","name":"Infancias y Juventudes brindar\u00e1 nivelaci\u00f3n de matem\u00e1ticas, qu\u00edmica y f\u00edsica - CELTTV","isPartOf":{"@id":"https:\/\/www.celttv.com.ar\/#website"},"datePublished":"2025-12-19T01:15:05+00:00","dateModified":"2025-12-19T01:15:05+00:00","description":"Sitio web de noticias de la localidad de Tornquist, provincia de Buenos Aires, Rep\u00fablica Argentina. Contenido propio originado por periodistas de CELTTV, el canal de TV local de la Cooperativa El\u00e9ctrica de Tornquist. Turismo, Pol\u00edtica, Sociedad, Deporte, Cultura y todo el contenido de inter\u00e9s general que la gente del pueblo y la regi\u00f3n debe conocer.","breadcrumb":{"@id":"https:\/\/www.celttv.com.ar\/index.php\/2025\/12\/18\/infancias-y-juventudes-brindara-nivelacion-de-matematicas-quimica-y-fisica\/#breadcrumb"},"inLanguage":"es","potentialAction":[{"@type":"ReadAction","target":["https:\/\/www.celttv.com.ar\/index.php\/2025\/12\/18\/infancias-y-juventudes-brindara-nivelacion-de-matematicas-quimica-y-fisica\/"]}]},{"@type":"BreadcrumbList","@id":"https:\/\/www.celttv.com.ar\/index.php\/2025\/12\/18\/infancias-y-juventudes-brindara-nivelacion-de-matematicas-quimica-y-fisica\/#breadcrumb","itemListElement":[{"@type":"ListItem","position":1,"name":"Inicio","item":"https:\/\/www.celttv.com.ar\/"},{"@type":"ListItem","position":2,"name":"Infancias y Juventudes brindar\u00e1 nivelaci\u00f3n de matem\u00e1ticas, qu\u00edmica y f\u00edsica"}]},{"@type":"WebSite","@id":"https:\/\/www.celttv.com.ar\/#website","url":"https:\/\/www.celttv.com.ar\/","name":"CELTTV","description":"Cooperativa El\u00e9ctrica de Tornquist","publisher":{"@id":"https:\/\/www.celttv.com.ar\/#organization"},"potentialAction":[{"@type":"SearchAction","target":{"@type":"EntryPoint","urlTemplate":"https:\/\/www.celttv.com.ar\/?s={search_term_string}"},"query-input":"required name=search_term_string"}],"inLanguage":"es"},{"@type":"Organization","@id":"https:\/\/www.celttv.com.ar\/#organization","name":"CELTTV","url":"https:\/\/www.celttv.com.ar\/","sameAs":["https:\/\/www.youtube.com\/channel\/UCz_oIt8Hig64Ub-EmcNPIhg","https:\/\/www.facebook.com\/celtTV\/"],"logo":{"@type":"ImageObject","inLanguage":"es","@id":"https:\/\/www.celttv.com.ar\/#\/schema\/logo\/image\/","url":"http:\/\/www.celttv.com.ar\/wp-content\/uploads\/2022\/08\/logo-1.png","contentUrl":"http:\/\/www.celttv.com.ar\/wp-content\/uploads\/2022\/08\/logo-1.png","width":461,"height":159,"caption":"CELTTV"},"image":{"@id":"https:\/\/www.celttv.com.ar\/#\/schema\/logo\/image\/"}},{"@type":"Person","@id":"https:\/\/www.celttv.com.ar\/#\/schema\/person\/9059dc91dc7204ef4182cdb65225f07d","name":"Miguel Herrada","image":{"@type":"ImageObject","inLanguage":"es","@id":"https:\/\/www.celttv.com.ar\/#\/schema\/person\/image\/","url":"https:\/\/secure.gravatar.com\/avatar\/67724d5b3c716623ffd76bec7e45841a442ac3b456e914dbba90b0fad2b8e0b1?s=96&d=mm&r=g","contentUrl":"https:\/\/secure.gravatar.com\/avatar\/67724d5b3c716623ffd76bec7e45841a442ac3b456e914dbba90b0fad2b8e0b1?s=96&d=mm&r=g","caption":"Miguel Herrada"}}]}},"_links":{"self":[{"href":"https:\/\/www.celttv.com.ar\/index.php\/wp-json\/wp\/v2\/posts\/90665","targetHints":{"allow":["GET"]}}],"collection":[{"href":"https:\/\/www.celttv.com.ar\/index.php\/wp-json\/wp\/v2\/posts"}],"about":[{"href":"https:\/\/www.celttv.com.ar\/index.php\/wp-json\/wp\/v2\/types\/post"}],"author":[{"embeddable":true,"href":"https:\/\/www.celttv.com.ar\/index.php\/wp-json\/wp\/v2\/users\/5"}],"replies":[{"embeddable":true,"href":"https:\/\/www.celttv.com.ar\/index.php\/wp-json\/wp\/v2\/comments?post=90665"}],"version-history":[{"count":1,"href":"https:\/\/www.celttv.com.ar\/index.php\/wp-json\/wp\/v2\/posts\/90665\/revisions"}],"predecessor-version":[{"id":90668,"href":"https:\/\/www.celttv.com.ar\/index.php\/wp-json\/wp\/v2\/posts\/90665\/revisions\/90668"}],"wp:featuredmedia":[{"embeddable":true,"href":"https:\/\/www.celttv.com.ar\/index.php\/wp-json\/wp\/v2\/media\/90667"}],"wp:attachment":[{"href":"https:\/\/www.celttv.com.ar\/index.php\/wp-json\/wp\/v2\/media?parent=90665"}],"wp:term":[{"taxonomy":"category","embeddable":true,"href":"https:\/\/www.celttv.com.ar\/index.php\/wp-json\/wp\/v2\/categories?post=90665"},{"taxonomy":"post_tag","embeddable":true,"href":"https:\/\/www.celttv.com.ar\/index.php\/wp-json\/wp\/v2\/tags?post=90665"}],"curies":[{"name":"wp","href":"https:\/\/api.w.org\/{rel}","templated":true}]}}