{"id":90763,"date":"2025-12-29T22:18:06","date_gmt":"2025-12-30T01:18:06","guid":{"rendered":"https:\/\/www.celttv.com.ar\/?p=90763"},"modified":"2025-12-29T22:18:06","modified_gmt":"2025-12-30T01:18:06","slug":"la-caida-de-un-arbol-provoco-un-corte-de-energia-y-de-cable-en-un-sector-de-villa-ventana","status":"publish","type":"post","link":"https:\/\/www.celttv.com.ar\/index.php\/2025\/12\/29\/la-caida-de-un-arbol-provoco-un-corte-de-energia-y-de-cable-en-un-sector-de-villa-ventana\/","title":{"rendered":"La ca\u00edda de un \u00e1rbol provoc\u00f3 un corte de energ\u00eda y de cable en un sector de Villa Ventana"},"content":{"rendered":"<p data-start=\"125\" data-end=\"385\">La ca\u00edda de un \u00e1rbol provoc\u00f3 este martes un corte en el suministro el\u00e9ctrico y de cable en un sector de Villa Ventana. El \u00e1rea afectada comprendi\u00f3 la calle Piquito de Oro, entre Curamalal y Cerro Napost\u00e1, donde los vecinos permanecieron sin servicio el\u00e9ctrico.<\/p>\n<p data-start=\"387\" data-end=\"638\">En el lugar trabaj\u00f3 personal de guardia del servicio el\u00e9ctrico de Villa Ventana, junto a operarios del \u00e1rea de Telecomunicaciones y personal del Municipio, quienes realizaron las tareas necesarias para retirar el \u00e1rbol ca\u00eddo y normalizar la situaci\u00f3n.<\/p>\n<p data-start=\"640\" data-end=\"740\">El servicio el\u00e9ctrico qued\u00f3 completamente restablecido en el sector mencionado pasadas las 17 horas.<\/p>\n<p><img loading=\"lazy\" decoding=\"async\" class=\"alignnone wp-image-90764 size-large\" src=\"https:\/\/www.celttv.com.ar\/wp-content\/uploads\/2025\/12\/ARBOL-CAIDO-EN-VILLA-VENTANA-1024x576.jpg\" alt=\"\" width=\"1024\" height=\"576\" srcset=\"https:\/\/www.celttv.com.ar\/wp-content\/uploads\/2025\/12\/ARBOL-CAIDO-EN-VILLA-VENTANA-1024x576.jpg 1024w, https:\/\/www.celttv.com.ar\/wp-content\/uploads\/2025\/12\/ARBOL-CAIDO-EN-VILLA-VENTANA-300x169.jpg 300w, https:\/\/www.celttv.com.ar\/wp-content\/uploads\/2025\/12\/ARBOL-CAIDO-EN-VILLA-VENTANA-768x432.jpg 768w, https:\/\/www.celttv.com.ar\/wp-content\/uploads\/2025\/12\/ARBOL-CAIDO-EN-VILLA-VENTANA-1536x864.jpg 1536w, https:\/\/www.celttv.com.ar\/wp-content\/uploads\/2025\/12\/ARBOL-CAIDO-EN-VILLA-VENTANA-750x422.jpg 750w, https:\/\/www.celttv.com.ar\/wp-content\/uploads\/2025\/12\/ARBOL-CAIDO-EN-VILLA-VENTANA-1140x641.jpg 1140w, https:\/\/www.celttv.com.ar\/wp-content\/uploads\/2025\/12\/ARBOL-CAIDO-EN-VILLA-VENTANA.jpg 1600w\" sizes=\"auto, (max-width: 1024px) 100vw, 1024px\" \/><\/p>\n","protected":false},"excerpt":{"rendered":"<p>La ca\u00edda de un \u00e1rbol provoc\u00f3 este martes un corte en el suministro el\u00e9ctrico y de cable en un sector de Villa Ventana. El \u00e1rea afectada comprendi\u00f3 la calle Piquito de Oro, entre Curamalal y Cerro Napost\u00e1, donde los vecinos permanecieron sin servicio el\u00e9ctrico. En el lugar trabaj\u00f3 personal de guardia del servicio el\u00e9ctrico de [&hellip;]<\/p>\n","protected":false},"author":5,"featured_media":90764,"comment_status":"closed","ping_status":"closed","sticky":false,"template":"","format":"standard","meta":{"footnotes":""},"categories":[55],"tags":[],"class_list":["post-90763","post","type-post","status-publish","format-standard","has-post-thumbnail","hentry","category-celt-tv-noticias"],"yoast_head":"<!-- This site is optimized with the Yoast SEO plugin v19.7.1 - https:\/\/yoast.com\/wordpress\/plugins\/seo\/ -->\n<title>La ca\u00edda de un \u00e1rbol provoc\u00f3 un corte de energ\u00eda y de cable en un sector de Villa Ventana - CELTTV<\/title>\n<meta name=\"description\" content=\"Sitio web de noticias de la localidad de Tornquist, provincia de Buenos Aires, Rep\u00fablica Argentina. Contenido propio originado por periodistas de CELTTV, el canal de TV local de la Cooperativa El\u00e9ctrica de Tornquist. Turismo, Pol\u00edtica, Sociedad, Deporte, Cultura y todo el contenido de inter\u00e9s general que la gente del pueblo y la regi\u00f3n debe conocer.\" \/>\n<meta name=\"robots\" content=\"index, follow, max-snippet:-1, max-image-preview:large, max-video-preview:-1\" \/>\n<link rel=\"canonical\" href=\"https:\/\/www.celttv.com.ar\/index.php\/2025\/12\/29\/la-caida-de-un-arbol-provoco-un-corte-de-energia-y-de-cable-en-un-sector-de-villa-ventana\/\" \/>\n<meta property=\"og:locale\" content=\"es_ES\" \/>\n<meta property=\"og:type\" content=\"article\" \/>\n<meta property=\"og:title\" content=\"La ca\u00edda de un \u00e1rbol provoc\u00f3 un corte de energ\u00eda y de cable en un sector de Villa Ventana - CELTTV\" \/>\n<meta property=\"og:description\" content=\"Sitio web de noticias de la localidad de Tornquist, provincia de Buenos Aires, Rep\u00fablica Argentina. Contenido propio originado por periodistas de CELTTV, el canal de TV local de la Cooperativa El\u00e9ctrica de Tornquist. Turismo, Pol\u00edtica, Sociedad, Deporte, Cultura y todo el contenido de inter\u00e9s general que la gente del pueblo y la regi\u00f3n debe conocer.\" \/>\n<meta property=\"og:url\" content=\"https:\/\/www.celttv.com.ar\/index.php\/2025\/12\/29\/la-caida-de-un-arbol-provoco-un-corte-de-energia-y-de-cable-en-un-sector-de-villa-ventana\/\" \/>\n<meta property=\"og:site_name\" content=\"CELTTV\" \/>\n<meta property=\"article:publisher\" content=\"https:\/\/www.facebook.com\/celtTV\/\" \/>\n<meta property=\"article:published_time\" content=\"2025-12-30T01:18:06+00:00\" \/>\n<meta property=\"og:image\" content=\"https:\/\/www.celttv.com.ar\/wp-content\/uploads\/2025\/12\/ARBOL-CAIDO-EN-VILLA-VENTANA.jpg\" \/>\n\t<meta property=\"og:image:width\" content=\"1600\" \/>\n\t<meta property=\"og:image:height\" content=\"900\" \/>\n\t<meta property=\"og:image:type\" content=\"image\/jpeg\" \/>\n<meta name=\"author\" content=\"Miguel Herrada\" \/>\n<meta name=\"twitter:card\" content=\"summary_large_image\" \/>\n<meta name=\"twitter:label1\" content=\"Escrito por\" \/>\n\t<meta name=\"twitter:data1\" content=\"Miguel Herrada\" \/>\n\t<meta name=\"twitter:label2\" content=\"Tiempo de lectura\" \/>\n\t<meta name=\"twitter:data2\" content=\"1 minuto\" \/>\n<script type=\"application\/ld+json\" class=\"yoast-schema-graph\">{\"@context\":\"https:\/\/schema.org\",\"@graph\":[{\"@type\":\"NewsArticle\",\"@id\":\"https:\/\/www.celttv.com.ar\/index.php\/2025\/12\/29\/la-caida-de-un-arbol-provoco-un-corte-de-energia-y-de-cable-en-un-sector-de-villa-ventana\/#article\",\"isPartOf\":{\"@id\":\"https:\/\/www.celttv.com.ar\/index.php\/2025\/12\/29\/la-caida-de-un-arbol-provoco-un-corte-de-energia-y-de-cable-en-un-sector-de-villa-ventana\/\"},\"author\":{\"name\":\"Miguel Herrada\",\"@id\":\"https:\/\/www.celttv.com.ar\/#\/schema\/person\/9059dc91dc7204ef4182cdb65225f07d\"},\"headline\":\"La ca\u00edda de un \u00e1rbol provoc\u00f3 un corte de energ\u00eda y de cable en un sector de Villa Ventana\",\"datePublished\":\"2025-12-30T01:18:06+00:00\",\"dateModified\":\"2025-12-30T01:18:06+00:00\",\"mainEntityOfPage\":{\"@id\":\"https:\/\/www.celttv.com.ar\/index.php\/2025\/12\/29\/la-caida-de-un-arbol-provoco-un-corte-de-energia-y-de-cable-en-un-sector-de-villa-ventana\/\"},\"wordCount\":123,\"publisher\":{\"@id\":\"https:\/\/www.celttv.com.ar\/#organization\"},\"articleSection\":[\"Celt TV Noticias\"],\"inLanguage\":\"es\"},{\"@type\":\"WebPage\",\"@id\":\"https:\/\/www.celttv.com.ar\/index.php\/2025\/12\/29\/la-caida-de-un-arbol-provoco-un-corte-de-energia-y-de-cable-en-un-sector-de-villa-ventana\/\",\"url\":\"https:\/\/www.celttv.com.ar\/index.php\/2025\/12\/29\/la-caida-de-un-arbol-provoco-un-corte-de-energia-y-de-cable-en-un-sector-de-villa-ventana\/\",\"name\":\"La ca\u00edda de un \u00e1rbol provoc\u00f3 un corte de energ\u00eda y de cable en un sector de Villa Ventana - CELTTV\",\"isPartOf\":{\"@id\":\"https:\/\/www.celttv.com.ar\/#website\"},\"datePublished\":\"2025-12-30T01:18:06+00:00\",\"dateModified\":\"2025-12-30T01:18:06+00:00\",\"description\":\"Sitio web de noticias de la localidad de Tornquist, provincia de Buenos Aires, Rep\u00fablica Argentina. Contenido propio originado por periodistas de CELTTV, el canal de TV local de la Cooperativa El\u00e9ctrica de Tornquist. Turismo, Pol\u00edtica, Sociedad, Deporte, Cultura y todo el contenido de inter\u00e9s general que la gente del pueblo y la regi\u00f3n debe conocer.\",\"breadcrumb\":{\"@id\":\"https:\/\/www.celttv.com.ar\/index.php\/2025\/12\/29\/la-caida-de-un-arbol-provoco-un-corte-de-energia-y-de-cable-en-un-sector-de-villa-ventana\/#breadcrumb\"},\"inLanguage\":\"es\",\"potentialAction\":[{\"@type\":\"ReadAction\",\"target\":[\"https:\/\/www.celttv.com.ar\/index.php\/2025\/12\/29\/la-caida-de-un-arbol-provoco-un-corte-de-energia-y-de-cable-en-un-sector-de-villa-ventana\/\"]}]},{\"@type\":\"BreadcrumbList\",\"@id\":\"https:\/\/www.celttv.com.ar\/index.php\/2025\/12\/29\/la-caida-de-un-arbol-provoco-un-corte-de-energia-y-de-cable-en-un-sector-de-villa-ventana\/#breadcrumb\",\"itemListElement\":[{\"@type\":\"ListItem\",\"position\":1,\"name\":\"Inicio\",\"item\":\"https:\/\/www.celttv.com.ar\/\"},{\"@type\":\"ListItem\",\"position\":2,\"name\":\"La ca\u00edda de un \u00e1rbol provoc\u00f3 un corte de energ\u00eda y de cable en un sector de Villa Ventana\"}]},{\"@type\":\"WebSite\",\"@id\":\"https:\/\/www.celttv.com.ar\/#website\",\"url\":\"https:\/\/www.celttv.com.ar\/\",\"name\":\"CELTTV\",\"description\":\"Cooperativa El\u00e9ctrica de Tornquist\",\"publisher\":{\"@id\":\"https:\/\/www.celttv.com.ar\/#organization\"},\"potentialAction\":[{\"@type\":\"SearchAction\",\"target\":{\"@type\":\"EntryPoint\",\"urlTemplate\":\"https:\/\/www.celttv.com.ar\/?s={search_term_string}\"},\"query-input\":\"required name=search_term_string\"}],\"inLanguage\":\"es\"},{\"@type\":\"Organization\",\"@id\":\"https:\/\/www.celttv.com.ar\/#organization\",\"name\":\"CELTTV\",\"url\":\"https:\/\/www.celttv.com.ar\/\",\"sameAs\":[\"https:\/\/www.youtube.com\/channel\/UCz_oIt8Hig64Ub-EmcNPIhg\",\"https:\/\/www.facebook.com\/celtTV\/\"],\"logo\":{\"@type\":\"ImageObject\",\"inLanguage\":\"es\",\"@id\":\"https:\/\/www.celttv.com.ar\/#\/schema\/logo\/image\/\",\"url\":\"http:\/\/www.celttv.com.ar\/wp-content\/uploads\/2022\/08\/logo-1.png\",\"contentUrl\":\"http:\/\/www.celttv.com.ar\/wp-content\/uploads\/2022\/08\/logo-1.png\",\"width\":461,\"height\":159,\"caption\":\"CELTTV\"},\"image\":{\"@id\":\"https:\/\/www.celttv.com.ar\/#\/schema\/logo\/image\/\"}},{\"@type\":\"Person\",\"@id\":\"https:\/\/www.celttv.com.ar\/#\/schema\/person\/9059dc91dc7204ef4182cdb65225f07d\",\"name\":\"Miguel Herrada\",\"image\":{\"@type\":\"ImageObject\",\"inLanguage\":\"es\",\"@id\":\"https:\/\/www.celttv.com.ar\/#\/schema\/person\/image\/\",\"url\":\"https:\/\/secure.gravatar.com\/avatar\/67724d5b3c716623ffd76bec7e45841a442ac3b456e914dbba90b0fad2b8e0b1?s=96&d=mm&r=g\",\"contentUrl\":\"https:\/\/secure.gravatar.com\/avatar\/67724d5b3c716623ffd76bec7e45841a442ac3b456e914dbba90b0fad2b8e0b1?s=96&d=mm&r=g\",\"caption\":\"Miguel Herrada\"}}]}<\/script>\n<!-- \/ Yoast SEO plugin. -->","yoast_head_json":{"title":"La ca\u00edda de un \u00e1rbol provoc\u00f3 un corte de energ\u00eda y de cable en un sector de Villa Ventana - CELTTV","description":"Sitio web de noticias de la localidad de Tornquist, provincia de Buenos Aires, Rep\u00fablica Argentina. Contenido propio originado por periodistas de CELTTV, el canal de TV local de la Cooperativa El\u00e9ctrica de Tornquist. Turismo, Pol\u00edtica, Sociedad, Deporte, Cultura y todo el contenido de inter\u00e9s general que la gente del pueblo y la regi\u00f3n debe conocer.","robots":{"index":"index","follow":"follow","max-snippet":"max-snippet:-1","max-image-preview":"max-image-preview:large","max-video-preview":"max-video-preview:-1"},"canonical":"https:\/\/www.celttv.com.ar\/index.php\/2025\/12\/29\/la-caida-de-un-arbol-provoco-un-corte-de-energia-y-de-cable-en-un-sector-de-villa-ventana\/","og_locale":"es_ES","og_type":"article","og_title":"La ca\u00edda de un \u00e1rbol provoc\u00f3 un corte de energ\u00eda y de cable en un sector de Villa Ventana - CELTTV","og_description":"Sitio web de noticias de la localidad de Tornquist, provincia de Buenos Aires, Rep\u00fablica Argentina. Contenido propio originado por periodistas de CELTTV, el canal de TV local de la Cooperativa El\u00e9ctrica de Tornquist. Turismo, Pol\u00edtica, Sociedad, Deporte, Cultura y todo el contenido de inter\u00e9s general que la gente del pueblo y la regi\u00f3n debe conocer.","og_url":"https:\/\/www.celttv.com.ar\/index.php\/2025\/12\/29\/la-caida-de-un-arbol-provoco-un-corte-de-energia-y-de-cable-en-un-sector-de-villa-ventana\/","og_site_name":"CELTTV","article_publisher":"https:\/\/www.facebook.com\/celtTV\/","article_published_time":"2025-12-30T01:18:06+00:00","og_image":[{"width":1600,"height":900,"url":"https:\/\/www.celttv.com.ar\/wp-content\/uploads\/2025\/12\/ARBOL-CAIDO-EN-VILLA-VENTANA.jpg","type":"image\/jpeg"}],"author":"Miguel Herrada","twitter_card":"summary_large_image","twitter_misc":{"Escrito por":"Miguel Herrada","Tiempo de lectura":"1 minuto"},"schema":{"@context":"https:\/\/schema.org","@graph":[{"@type":"NewsArticle","@id":"https:\/\/www.celttv.com.ar\/index.php\/2025\/12\/29\/la-caida-de-un-arbol-provoco-un-corte-de-energia-y-de-cable-en-un-sector-de-villa-ventana\/#article","isPartOf":{"@id":"https:\/\/www.celttv.com.ar\/index.php\/2025\/12\/29\/la-caida-de-un-arbol-provoco-un-corte-de-energia-y-de-cable-en-un-sector-de-villa-ventana\/"},"author":{"name":"Miguel Herrada","@id":"https:\/\/www.celttv.com.ar\/#\/schema\/person\/9059dc91dc7204ef4182cdb65225f07d"},"headline":"La ca\u00edda de un \u00e1rbol provoc\u00f3 un corte de energ\u00eda y de cable en un sector de Villa Ventana","datePublished":"2025-12-30T01:18:06+00:00","dateModified":"2025-12-30T01:18:06+00:00","mainEntityOfPage":{"@id":"https:\/\/www.celttv.com.ar\/index.php\/2025\/12\/29\/la-caida-de-un-arbol-provoco-un-corte-de-energia-y-de-cable-en-un-sector-de-villa-ventana\/"},"wordCount":123,"publisher":{"@id":"https:\/\/www.celttv.com.ar\/#organization"},"articleSection":["Celt TV Noticias"],"inLanguage":"es"},{"@type":"WebPage","@id":"https:\/\/www.celttv.com.ar\/index.php\/2025\/12\/29\/la-caida-de-un-arbol-provoco-un-corte-de-energia-y-de-cable-en-un-sector-de-villa-ventana\/","url":"https:\/\/www.celttv.com.ar\/index.php\/2025\/12\/29\/la-caida-de-un-arbol-provoco-un-corte-de-energia-y-de-cable-en-un-sector-de-villa-ventana\/","name":"La ca\u00edda de un \u00e1rbol provoc\u00f3 un corte de energ\u00eda y de cable en un sector de Villa Ventana - CELTTV","isPartOf":{"@id":"https:\/\/www.celttv.com.ar\/#website"},"datePublished":"2025-12-30T01:18:06+00:00","dateModified":"2025-12-30T01:18:06+00:00","description":"Sitio web de noticias de la localidad de Tornquist, provincia de Buenos Aires, Rep\u00fablica Argentina. Contenido propio originado por periodistas de CELTTV, el canal de TV local de la Cooperativa El\u00e9ctrica de Tornquist. Turismo, Pol\u00edtica, Sociedad, Deporte, Cultura y todo el contenido de inter\u00e9s general que la gente del pueblo y la regi\u00f3n debe conocer.","breadcrumb":{"@id":"https:\/\/www.celttv.com.ar\/index.php\/2025\/12\/29\/la-caida-de-un-arbol-provoco-un-corte-de-energia-y-de-cable-en-un-sector-de-villa-ventana\/#breadcrumb"},"inLanguage":"es","potentialAction":[{"@type":"ReadAction","target":["https:\/\/www.celttv.com.ar\/index.php\/2025\/12\/29\/la-caida-de-un-arbol-provoco-un-corte-de-energia-y-de-cable-en-un-sector-de-villa-ventana\/"]}]},{"@type":"BreadcrumbList","@id":"https:\/\/www.celttv.com.ar\/index.php\/2025\/12\/29\/la-caida-de-un-arbol-provoco-un-corte-de-energia-y-de-cable-en-un-sector-de-villa-ventana\/#breadcrumb","itemListElement":[{"@type":"ListItem","position":1,"name":"Inicio","item":"https:\/\/www.celttv.com.ar\/"},{"@type":"ListItem","position":2,"name":"La ca\u00edda de un \u00e1rbol provoc\u00f3 un corte de energ\u00eda y de cable en un sector de Villa Ventana"}]},{"@type":"WebSite","@id":"https:\/\/www.celttv.com.ar\/#website","url":"https:\/\/www.celttv.com.ar\/","name":"CELTTV","description":"Cooperativa El\u00e9ctrica de Tornquist","publisher":{"@id":"https:\/\/www.celttv.com.ar\/#organization"},"potentialAction":[{"@type":"SearchAction","target":{"@type":"EntryPoint","urlTemplate":"https:\/\/www.celttv.com.ar\/?s={search_term_string}"},"query-input":"required name=search_term_string"}],"inLanguage":"es"},{"@type":"Organization","@id":"https:\/\/www.celttv.com.ar\/#organization","name":"CELTTV","url":"https:\/\/www.celttv.com.ar\/","sameAs":["https:\/\/www.youtube.com\/channel\/UCz_oIt8Hig64Ub-EmcNPIhg","https:\/\/www.facebook.com\/celtTV\/"],"logo":{"@type":"ImageObject","inLanguage":"es","@id":"https:\/\/www.celttv.com.ar\/#\/schema\/logo\/image\/","url":"http:\/\/www.celttv.com.ar\/wp-content\/uploads\/2022\/08\/logo-1.png","contentUrl":"http:\/\/www.celttv.com.ar\/wp-content\/uploads\/2022\/08\/logo-1.png","width":461,"height":159,"caption":"CELTTV"},"image":{"@id":"https:\/\/www.celttv.com.ar\/#\/schema\/logo\/image\/"}},{"@type":"Person","@id":"https:\/\/www.celttv.com.ar\/#\/schema\/person\/9059dc91dc7204ef4182cdb65225f07d","name":"Miguel Herrada","image":{"@type":"ImageObject","inLanguage":"es","@id":"https:\/\/www.celttv.com.ar\/#\/schema\/person\/image\/","url":"https:\/\/secure.gravatar.com\/avatar\/67724d5b3c716623ffd76bec7e45841a442ac3b456e914dbba90b0fad2b8e0b1?s=96&d=mm&r=g","contentUrl":"https:\/\/secure.gravatar.com\/avatar\/67724d5b3c716623ffd76bec7e45841a442ac3b456e914dbba90b0fad2b8e0b1?s=96&d=mm&r=g","caption":"Miguel Herrada"}}]}},"_links":{"self":[{"href":"https:\/\/www.celttv.com.ar\/index.php\/wp-json\/wp\/v2\/posts\/90763","targetHints":{"allow":["GET"]}}],"collection":[{"href":"https:\/\/www.celttv.com.ar\/index.php\/wp-json\/wp\/v2\/posts"}],"about":[{"href":"https:\/\/www.celttv.com.ar\/index.php\/wp-json\/wp\/v2\/types\/post"}],"author":[{"embeddable":true,"href":"https:\/\/www.celttv.com.ar\/index.php\/wp-json\/wp\/v2\/users\/5"}],"replies":[{"embeddable":true,"href":"https:\/\/www.celttv.com.ar\/index.php\/wp-json\/wp\/v2\/comments?post=90763"}],"version-history":[{"count":1,"href":"https:\/\/www.celttv.com.ar\/index.php\/wp-json\/wp\/v2\/posts\/90763\/revisions"}],"predecessor-version":[{"id":90765,"href":"https:\/\/www.celttv.com.ar\/index.php\/wp-json\/wp\/v2\/posts\/90763\/revisions\/90765"}],"wp:featuredmedia":[{"embeddable":true,"href":"https:\/\/www.celttv.com.ar\/index.php\/wp-json\/wp\/v2\/media\/90764"}],"wp:attachment":[{"href":"https:\/\/www.celttv.com.ar\/index.php\/wp-json\/wp\/v2\/media?parent=90763"}],"wp:term":[{"taxonomy":"category","embeddable":true,"href":"https:\/\/www.celttv.com.ar\/index.php\/wp-json\/wp\/v2\/categories?post=90763"},{"taxonomy":"post_tag","embeddable":true,"href":"https:\/\/www.celttv.com.ar\/index.php\/wp-json\/wp\/v2\/tags?post=90763"}],"curies":[{"name":"wp","href":"https:\/\/api.w.org\/{rel}","templated":true}]}}