{"id":90766,"date":"2025-12-29T23:16:17","date_gmt":"2025-12-30T02:16:17","guid":{"rendered":"https:\/\/www.celttv.com.ar\/?p=90766"},"modified":"2025-12-29T23:16:17","modified_gmt":"2025-12-30T02:16:17","slug":"fuerte-temporal-de-viento-lluvia-y-cenizas-provoco-inconvenientes-en-el-sector-rural","status":"publish","type":"post","link":"https:\/\/www.celttv.com.ar\/index.php\/2025\/12\/29\/fuerte-temporal-de-viento-lluvia-y-cenizas-provoco-inconvenientes-en-el-sector-rural\/","title":{"rendered":"Fuerte temporal de viento, lluvia y cenizas provoc\u00f3 inconvenientes en el sector rural"},"content":{"rendered":"<div class=\"adelanto\"><\/div>\n<div class=\"text\">\n<p>\u00a0Una fuerte tormenta de viento, lluvia, fuego y cenizas cruz\u00f3, literalmente, a media\u00a0 tarde la ruta 33 a la altura del km. 50, dejando como saldo postes del tendido el\u00e9ctrico ca\u00eddos y cables de media tensi\u00f3n cortados.<\/p>\n<p>Personal de la CELT. procedi\u00f3 a la reposici\u00f3n del servicio contando con\u00a0 la ayuda de vecinos del lugar.<\/p>\n<p>El fen\u00f3meno clim\u00e1tico afect\u00f3 principalmente al\u00a0 establecimiento rural \u201cLa Herminia\u201d, ubicado a la altura del kil\u00f3metro 50 de la ruta nacional 33, a unos 20 kil\u00f3metros de Tornquist.<\/p>\n<p>Hubo \u00e1rboles ca\u00eddos producto de fuertes r\u00e1fagas, lluvia y la ca\u00edda de postes y cables provocaron un incendio de pastos que fue controlado por personal del lugar.<\/p>\n<p>El viento sopl\u00f3 del oeste con mucha intensidad y varios veh\u00edculos optaron por detener su marcha a un costado de la ruta tratando de evitar la fuerza del viento lateral que podia hacer perder el control del rodado.<\/p>\n<p><img loading=\"lazy\" decoding=\"async\" class=\"alignnone wp-image-90767 size-large\" src=\"https:\/\/www.celttv.com.ar\/wp-content\/uploads\/2025\/12\/1-5-768x1024.jpg\" alt=\"\" width=\"768\" height=\"1024\" srcset=\"https:\/\/www.celttv.com.ar\/wp-content\/uploads\/2025\/12\/1-5-768x1024.jpg 768w, https:\/\/www.celttv.com.ar\/wp-content\/uploads\/2025\/12\/1-5-225x300.jpg 225w, https:\/\/www.celttv.com.ar\/wp-content\/uploads\/2025\/12\/1-5-1152x1536.jpg 1152w, https:\/\/www.celttv.com.ar\/wp-content\/uploads\/2025\/12\/1-5-750x1000.jpg 750w, https:\/\/www.celttv.com.ar\/wp-content\/uploads\/2025\/12\/1-5-1140x1520.jpg 1140w, https:\/\/www.celttv.com.ar\/wp-content\/uploads\/2025\/12\/1-5.jpg 1200w\" sizes=\"auto, (max-width: 768px) 100vw, 768px\" \/> <img loading=\"lazy\" decoding=\"async\" class=\"alignnone wp-image-90768 size-large\" src=\"https:\/\/www.celttv.com.ar\/wp-content\/uploads\/2025\/12\/2-5-768x1024.jpg\" alt=\"\" width=\"768\" height=\"1024\" srcset=\"https:\/\/www.celttv.com.ar\/wp-content\/uploads\/2025\/12\/2-5-768x1024.jpg 768w, https:\/\/www.celttv.com.ar\/wp-content\/uploads\/2025\/12\/2-5-225x300.jpg 225w, https:\/\/www.celttv.com.ar\/wp-content\/uploads\/2025\/12\/2-5-1152x1536.jpg 1152w, https:\/\/www.celttv.com.ar\/wp-content\/uploads\/2025\/12\/2-5-750x1000.jpg 750w, https:\/\/www.celttv.com.ar\/wp-content\/uploads\/2025\/12\/2-5-1140x1520.jpg 1140w, https:\/\/www.celttv.com.ar\/wp-content\/uploads\/2025\/12\/2-5.jpg 1200w\" sizes=\"auto, (max-width: 768px) 100vw, 768px\" \/> <img loading=\"lazy\" decoding=\"async\" class=\"alignnone wp-image-90769 size-large\" src=\"https:\/\/www.celttv.com.ar\/wp-content\/uploads\/2025\/12\/3-2-768x1024.jpg\" alt=\"\" width=\"768\" height=\"1024\" srcset=\"https:\/\/www.celttv.com.ar\/wp-content\/uploads\/2025\/12\/3-2-768x1024.jpg 768w, https:\/\/www.celttv.com.ar\/wp-content\/uploads\/2025\/12\/3-2-225x300.jpg 225w, https:\/\/www.celttv.com.ar\/wp-content\/uploads\/2025\/12\/3-2-1152x1536.jpg 1152w, https:\/\/www.celttv.com.ar\/wp-content\/uploads\/2025\/12\/3-2-750x1000.jpg 750w, https:\/\/www.celttv.com.ar\/wp-content\/uploads\/2025\/12\/3-2-1140x1520.jpg 1140w, https:\/\/www.celttv.com.ar\/wp-content\/uploads\/2025\/12\/3-2.jpg 1200w\" sizes=\"auto, (max-width: 768px) 100vw, 768px\" \/> <img loading=\"lazy\" decoding=\"async\" class=\"alignnone wp-image-90770 size-large\" src=\"https:\/\/www.celttv.com.ar\/wp-content\/uploads\/2025\/12\/4-2-576x1024.jpg\" alt=\"\" width=\"576\" height=\"1024\" srcset=\"https:\/\/www.celttv.com.ar\/wp-content\/uploads\/2025\/12\/4-2-576x1024.jpg 576w, https:\/\/www.celttv.com.ar\/wp-content\/uploads\/2025\/12\/4-2-169x300.jpg 169w, https:\/\/www.celttv.com.ar\/wp-content\/uploads\/2025\/12\/4-2.jpg 720w\" sizes=\"auto, (max-width: 576px) 100vw, 576px\" \/> <img loading=\"lazy\" decoding=\"async\" class=\"alignnone wp-image-90771 size-large\" src=\"https:\/\/www.celttv.com.ar\/wp-content\/uploads\/2025\/12\/5-1-768x1024.jpg\" alt=\"\" width=\"768\" height=\"1024\" srcset=\"https:\/\/www.celttv.com.ar\/wp-content\/uploads\/2025\/12\/5-1-768x1024.jpg 768w, https:\/\/www.celttv.com.ar\/wp-content\/uploads\/2025\/12\/5-1-225x300.jpg 225w, https:\/\/www.celttv.com.ar\/wp-content\/uploads\/2025\/12\/5-1-750x1000.jpg 750w, https:\/\/www.celttv.com.ar\/wp-content\/uploads\/2025\/12\/5-1.jpg 960w\" sizes=\"auto, (max-width: 768px) 100vw, 768px\" \/> <img loading=\"lazy\" decoding=\"async\" class=\"alignnone wp-image-90772 size-large\" src=\"https:\/\/www.celttv.com.ar\/wp-content\/uploads\/2025\/12\/6-768x1024.jpg\" alt=\"\" width=\"768\" height=\"1024\" srcset=\"https:\/\/www.celttv.com.ar\/wp-content\/uploads\/2025\/12\/6-768x1024.jpg 768w, https:\/\/www.celttv.com.ar\/wp-content\/uploads\/2025\/12\/6-225x300.jpg 225w, https:\/\/www.celttv.com.ar\/wp-content\/uploads\/2025\/12\/6-750x1000.jpg 750w, https:\/\/www.celttv.com.ar\/wp-content\/uploads\/2025\/12\/6.jpg 960w\" sizes=\"auto, (max-width: 768px) 100vw, 768px\" \/><\/p>\n<p>&nbsp;<\/p>\n<p>&nbsp;<\/p>\n<\/div>\n","protected":false},"excerpt":{"rendered":"<p>\u00a0Una fuerte tormenta de viento, lluvia, fuego y cenizas cruz\u00f3, literalmente, a media\u00a0 tarde la ruta 33 a la altura del km. 50, dejando como saldo postes del tendido el\u00e9ctrico ca\u00eddos y cables de media tensi\u00f3n cortados. Personal de la CELT. procedi\u00f3 a la reposici\u00f3n del servicio contando con\u00a0 la ayuda de vecinos del lugar. [&hellip;]<\/p>\n","protected":false},"author":5,"featured_media":90770,"comment_status":"closed","ping_status":"closed","sticky":false,"template":"","format":"standard","meta":{"footnotes":""},"categories":[55],"tags":[],"class_list":["post-90766","post","type-post","status-publish","format-standard","has-post-thumbnail","hentry","category-celt-tv-noticias"],"yoast_head":"<!-- This site is optimized with the Yoast SEO plugin v19.7.1 - https:\/\/yoast.com\/wordpress\/plugins\/seo\/ -->\n<title>Fuerte temporal de viento, lluvia y cenizas provoc\u00f3 inconvenientes en el sector rural - CELTTV<\/title>\n<meta name=\"description\" content=\"Sitio web de noticias de la localidad de Tornquist, provincia de Buenos Aires, Rep\u00fablica Argentina. Contenido propio originado por periodistas de CELTTV, el canal de TV local de la Cooperativa El\u00e9ctrica de Tornquist. Turismo, Pol\u00edtica, Sociedad, Deporte, Cultura y todo el contenido de inter\u00e9s general que la gente del pueblo y la regi\u00f3n debe conocer.\" \/>\n<meta name=\"robots\" content=\"index, follow, max-snippet:-1, max-image-preview:large, max-video-preview:-1\" \/>\n<link rel=\"canonical\" href=\"https:\/\/www.celttv.com.ar\/index.php\/2025\/12\/29\/fuerte-temporal-de-viento-lluvia-y-cenizas-provoco-inconvenientes-en-el-sector-rural\/\" \/>\n<meta property=\"og:locale\" content=\"es_ES\" \/>\n<meta property=\"og:type\" content=\"article\" \/>\n<meta property=\"og:title\" content=\"Fuerte temporal de viento, lluvia y cenizas provoc\u00f3 inconvenientes en el sector rural - CELTTV\" \/>\n<meta property=\"og:description\" content=\"Sitio web de noticias de la localidad de Tornquist, provincia de Buenos Aires, Rep\u00fablica Argentina. Contenido propio originado por periodistas de CELTTV, el canal de TV local de la Cooperativa El\u00e9ctrica de Tornquist. Turismo, Pol\u00edtica, Sociedad, Deporte, Cultura y todo el contenido de inter\u00e9s general que la gente del pueblo y la regi\u00f3n debe conocer.\" \/>\n<meta property=\"og:url\" content=\"https:\/\/www.celttv.com.ar\/index.php\/2025\/12\/29\/fuerte-temporal-de-viento-lluvia-y-cenizas-provoco-inconvenientes-en-el-sector-rural\/\" \/>\n<meta property=\"og:site_name\" content=\"CELTTV\" \/>\n<meta property=\"article:publisher\" content=\"https:\/\/www.facebook.com\/celtTV\/\" \/>\n<meta property=\"article:published_time\" content=\"2025-12-30T02:16:17+00:00\" \/>\n<meta property=\"og:image\" content=\"https:\/\/www.celttv.com.ar\/wp-content\/uploads\/2025\/12\/4-2.jpg\" \/>\n\t<meta property=\"og:image:width\" content=\"720\" \/>\n\t<meta property=\"og:image:height\" content=\"1280\" \/>\n\t<meta property=\"og:image:type\" content=\"image\/jpeg\" \/>\n<meta name=\"author\" content=\"Miguel Herrada\" \/>\n<meta name=\"twitter:card\" content=\"summary_large_image\" \/>\n<meta name=\"twitter:label1\" content=\"Escrito por\" \/>\n\t<meta name=\"twitter:data1\" content=\"Miguel Herrada\" \/>\n\t<meta name=\"twitter:label2\" content=\"Tiempo de lectura\" \/>\n\t<meta name=\"twitter:data2\" content=\"1 minuto\" \/>\n<script type=\"application\/ld+json\" class=\"yoast-schema-graph\">{\"@context\":\"https:\/\/schema.org\",\"@graph\":[{\"@type\":\"NewsArticle\",\"@id\":\"https:\/\/www.celttv.com.ar\/index.php\/2025\/12\/29\/fuerte-temporal-de-viento-lluvia-y-cenizas-provoco-inconvenientes-en-el-sector-rural\/#article\",\"isPartOf\":{\"@id\":\"https:\/\/www.celttv.com.ar\/index.php\/2025\/12\/29\/fuerte-temporal-de-viento-lluvia-y-cenizas-provoco-inconvenientes-en-el-sector-rural\/\"},\"author\":{\"name\":\"Miguel Herrada\",\"@id\":\"https:\/\/www.celttv.com.ar\/#\/schema\/person\/9059dc91dc7204ef4182cdb65225f07d\"},\"headline\":\"Fuerte temporal de viento, lluvia y cenizas provoc\u00f3 inconvenientes en el sector rural\",\"datePublished\":\"2025-12-30T02:16:17+00:00\",\"dateModified\":\"2025-12-30T02:16:17+00:00\",\"mainEntityOfPage\":{\"@id\":\"https:\/\/www.celttv.com.ar\/index.php\/2025\/12\/29\/fuerte-temporal-de-viento-lluvia-y-cenizas-provoco-inconvenientes-en-el-sector-rural\/\"},\"wordCount\":170,\"publisher\":{\"@id\":\"https:\/\/www.celttv.com.ar\/#organization\"},\"articleSection\":[\"Celt TV Noticias\"],\"inLanguage\":\"es\"},{\"@type\":\"WebPage\",\"@id\":\"https:\/\/www.celttv.com.ar\/index.php\/2025\/12\/29\/fuerte-temporal-de-viento-lluvia-y-cenizas-provoco-inconvenientes-en-el-sector-rural\/\",\"url\":\"https:\/\/www.celttv.com.ar\/index.php\/2025\/12\/29\/fuerte-temporal-de-viento-lluvia-y-cenizas-provoco-inconvenientes-en-el-sector-rural\/\",\"name\":\"Fuerte temporal de viento, lluvia y cenizas provoc\u00f3 inconvenientes en el sector rural - CELTTV\",\"isPartOf\":{\"@id\":\"https:\/\/www.celttv.com.ar\/#website\"},\"datePublished\":\"2025-12-30T02:16:17+00:00\",\"dateModified\":\"2025-12-30T02:16:17+00:00\",\"description\":\"Sitio web de noticias de la localidad de Tornquist, provincia de Buenos Aires, Rep\u00fablica Argentina. Contenido propio originado por periodistas de CELTTV, el canal de TV local de la Cooperativa El\u00e9ctrica de Tornquist. Turismo, Pol\u00edtica, Sociedad, Deporte, Cultura y todo el contenido de inter\u00e9s general que la gente del pueblo y la regi\u00f3n debe conocer.\",\"breadcrumb\":{\"@id\":\"https:\/\/www.celttv.com.ar\/index.php\/2025\/12\/29\/fuerte-temporal-de-viento-lluvia-y-cenizas-provoco-inconvenientes-en-el-sector-rural\/#breadcrumb\"},\"inLanguage\":\"es\",\"potentialAction\":[{\"@type\":\"ReadAction\",\"target\":[\"https:\/\/www.celttv.com.ar\/index.php\/2025\/12\/29\/fuerte-temporal-de-viento-lluvia-y-cenizas-provoco-inconvenientes-en-el-sector-rural\/\"]}]},{\"@type\":\"BreadcrumbList\",\"@id\":\"https:\/\/www.celttv.com.ar\/index.php\/2025\/12\/29\/fuerte-temporal-de-viento-lluvia-y-cenizas-provoco-inconvenientes-en-el-sector-rural\/#breadcrumb\",\"itemListElement\":[{\"@type\":\"ListItem\",\"position\":1,\"name\":\"Inicio\",\"item\":\"https:\/\/www.celttv.com.ar\/\"},{\"@type\":\"ListItem\",\"position\":2,\"name\":\"Fuerte temporal de viento, lluvia y cenizas provoc\u00f3 inconvenientes en el sector rural\"}]},{\"@type\":\"WebSite\",\"@id\":\"https:\/\/www.celttv.com.ar\/#website\",\"url\":\"https:\/\/www.celttv.com.ar\/\",\"name\":\"CELTTV\",\"description\":\"Cooperativa El\u00e9ctrica de Tornquist\",\"publisher\":{\"@id\":\"https:\/\/www.celttv.com.ar\/#organization\"},\"potentialAction\":[{\"@type\":\"SearchAction\",\"target\":{\"@type\":\"EntryPoint\",\"urlTemplate\":\"https:\/\/www.celttv.com.ar\/?s={search_term_string}\"},\"query-input\":\"required name=search_term_string\"}],\"inLanguage\":\"es\"},{\"@type\":\"Organization\",\"@id\":\"https:\/\/www.celttv.com.ar\/#organization\",\"name\":\"CELTTV\",\"url\":\"https:\/\/www.celttv.com.ar\/\",\"sameAs\":[\"https:\/\/www.youtube.com\/channel\/UCz_oIt8Hig64Ub-EmcNPIhg\",\"https:\/\/www.facebook.com\/celtTV\/\"],\"logo\":{\"@type\":\"ImageObject\",\"inLanguage\":\"es\",\"@id\":\"https:\/\/www.celttv.com.ar\/#\/schema\/logo\/image\/\",\"url\":\"http:\/\/www.celttv.com.ar\/wp-content\/uploads\/2022\/08\/logo-1.png\",\"contentUrl\":\"http:\/\/www.celttv.com.ar\/wp-content\/uploads\/2022\/08\/logo-1.png\",\"width\":461,\"height\":159,\"caption\":\"CELTTV\"},\"image\":{\"@id\":\"https:\/\/www.celttv.com.ar\/#\/schema\/logo\/image\/\"}},{\"@type\":\"Person\",\"@id\":\"https:\/\/www.celttv.com.ar\/#\/schema\/person\/9059dc91dc7204ef4182cdb65225f07d\",\"name\":\"Miguel Herrada\",\"image\":{\"@type\":\"ImageObject\",\"inLanguage\":\"es\",\"@id\":\"https:\/\/www.celttv.com.ar\/#\/schema\/person\/image\/\",\"url\":\"https:\/\/secure.gravatar.com\/avatar\/67724d5b3c716623ffd76bec7e45841a442ac3b456e914dbba90b0fad2b8e0b1?s=96&d=mm&r=g\",\"contentUrl\":\"https:\/\/secure.gravatar.com\/avatar\/67724d5b3c716623ffd76bec7e45841a442ac3b456e914dbba90b0fad2b8e0b1?s=96&d=mm&r=g\",\"caption\":\"Miguel Herrada\"}}]}<\/script>\n<!-- \/ Yoast SEO plugin. -->","yoast_head_json":{"title":"Fuerte temporal de viento, lluvia y cenizas provoc\u00f3 inconvenientes en el sector rural - CELTTV","description":"Sitio web de noticias de la localidad de Tornquist, provincia de Buenos Aires, Rep\u00fablica Argentina. Contenido propio originado por periodistas de CELTTV, el canal de TV local de la Cooperativa El\u00e9ctrica de Tornquist. Turismo, Pol\u00edtica, Sociedad, Deporte, Cultura y todo el contenido de inter\u00e9s general que la gente del pueblo y la regi\u00f3n debe conocer.","robots":{"index":"index","follow":"follow","max-snippet":"max-snippet:-1","max-image-preview":"max-image-preview:large","max-video-preview":"max-video-preview:-1"},"canonical":"https:\/\/www.celttv.com.ar\/index.php\/2025\/12\/29\/fuerte-temporal-de-viento-lluvia-y-cenizas-provoco-inconvenientes-en-el-sector-rural\/","og_locale":"es_ES","og_type":"article","og_title":"Fuerte temporal de viento, lluvia y cenizas provoc\u00f3 inconvenientes en el sector rural - CELTTV","og_description":"Sitio web de noticias de la localidad de Tornquist, provincia de Buenos Aires, Rep\u00fablica Argentina. Contenido propio originado por periodistas de CELTTV, el canal de TV local de la Cooperativa El\u00e9ctrica de Tornquist. Turismo, Pol\u00edtica, Sociedad, Deporte, Cultura y todo el contenido de inter\u00e9s general que la gente del pueblo y la regi\u00f3n debe conocer.","og_url":"https:\/\/www.celttv.com.ar\/index.php\/2025\/12\/29\/fuerte-temporal-de-viento-lluvia-y-cenizas-provoco-inconvenientes-en-el-sector-rural\/","og_site_name":"CELTTV","article_publisher":"https:\/\/www.facebook.com\/celtTV\/","article_published_time":"2025-12-30T02:16:17+00:00","og_image":[{"width":720,"height":1280,"url":"https:\/\/www.celttv.com.ar\/wp-content\/uploads\/2025\/12\/4-2.jpg","type":"image\/jpeg"}],"author":"Miguel Herrada","twitter_card":"summary_large_image","twitter_misc":{"Escrito por":"Miguel Herrada","Tiempo de lectura":"1 minuto"},"schema":{"@context":"https:\/\/schema.org","@graph":[{"@type":"NewsArticle","@id":"https:\/\/www.celttv.com.ar\/index.php\/2025\/12\/29\/fuerte-temporal-de-viento-lluvia-y-cenizas-provoco-inconvenientes-en-el-sector-rural\/#article","isPartOf":{"@id":"https:\/\/www.celttv.com.ar\/index.php\/2025\/12\/29\/fuerte-temporal-de-viento-lluvia-y-cenizas-provoco-inconvenientes-en-el-sector-rural\/"},"author":{"name":"Miguel Herrada","@id":"https:\/\/www.celttv.com.ar\/#\/schema\/person\/9059dc91dc7204ef4182cdb65225f07d"},"headline":"Fuerte temporal de viento, lluvia y cenizas provoc\u00f3 inconvenientes en el sector rural","datePublished":"2025-12-30T02:16:17+00:00","dateModified":"2025-12-30T02:16:17+00:00","mainEntityOfPage":{"@id":"https:\/\/www.celttv.com.ar\/index.php\/2025\/12\/29\/fuerte-temporal-de-viento-lluvia-y-cenizas-provoco-inconvenientes-en-el-sector-rural\/"},"wordCount":170,"publisher":{"@id":"https:\/\/www.celttv.com.ar\/#organization"},"articleSection":["Celt TV Noticias"],"inLanguage":"es"},{"@type":"WebPage","@id":"https:\/\/www.celttv.com.ar\/index.php\/2025\/12\/29\/fuerte-temporal-de-viento-lluvia-y-cenizas-provoco-inconvenientes-en-el-sector-rural\/","url":"https:\/\/www.celttv.com.ar\/index.php\/2025\/12\/29\/fuerte-temporal-de-viento-lluvia-y-cenizas-provoco-inconvenientes-en-el-sector-rural\/","name":"Fuerte temporal de viento, lluvia y cenizas provoc\u00f3 inconvenientes en el sector rural - CELTTV","isPartOf":{"@id":"https:\/\/www.celttv.com.ar\/#website"},"datePublished":"2025-12-30T02:16:17+00:00","dateModified":"2025-12-30T02:16:17+00:00","description":"Sitio web de noticias de la localidad de Tornquist, provincia de Buenos Aires, Rep\u00fablica Argentina. Contenido propio originado por periodistas de CELTTV, el canal de TV local de la Cooperativa El\u00e9ctrica de Tornquist. Turismo, Pol\u00edtica, Sociedad, Deporte, Cultura y todo el contenido de inter\u00e9s general que la gente del pueblo y la regi\u00f3n debe conocer.","breadcrumb":{"@id":"https:\/\/www.celttv.com.ar\/index.php\/2025\/12\/29\/fuerte-temporal-de-viento-lluvia-y-cenizas-provoco-inconvenientes-en-el-sector-rural\/#breadcrumb"},"inLanguage":"es","potentialAction":[{"@type":"ReadAction","target":["https:\/\/www.celttv.com.ar\/index.php\/2025\/12\/29\/fuerte-temporal-de-viento-lluvia-y-cenizas-provoco-inconvenientes-en-el-sector-rural\/"]}]},{"@type":"BreadcrumbList","@id":"https:\/\/www.celttv.com.ar\/index.php\/2025\/12\/29\/fuerte-temporal-de-viento-lluvia-y-cenizas-provoco-inconvenientes-en-el-sector-rural\/#breadcrumb","itemListElement":[{"@type":"ListItem","position":1,"name":"Inicio","item":"https:\/\/www.celttv.com.ar\/"},{"@type":"ListItem","position":2,"name":"Fuerte temporal de viento, lluvia y cenizas provoc\u00f3 inconvenientes en el sector rural"}]},{"@type":"WebSite","@id":"https:\/\/www.celttv.com.ar\/#website","url":"https:\/\/www.celttv.com.ar\/","name":"CELTTV","description":"Cooperativa El\u00e9ctrica de Tornquist","publisher":{"@id":"https:\/\/www.celttv.com.ar\/#organization"},"potentialAction":[{"@type":"SearchAction","target":{"@type":"EntryPoint","urlTemplate":"https:\/\/www.celttv.com.ar\/?s={search_term_string}"},"query-input":"required name=search_term_string"}],"inLanguage":"es"},{"@type":"Organization","@id":"https:\/\/www.celttv.com.ar\/#organization","name":"CELTTV","url":"https:\/\/www.celttv.com.ar\/","sameAs":["https:\/\/www.youtube.com\/channel\/UCz_oIt8Hig64Ub-EmcNPIhg","https:\/\/www.facebook.com\/celtTV\/"],"logo":{"@type":"ImageObject","inLanguage":"es","@id":"https:\/\/www.celttv.com.ar\/#\/schema\/logo\/image\/","url":"http:\/\/www.celttv.com.ar\/wp-content\/uploads\/2022\/08\/logo-1.png","contentUrl":"http:\/\/www.celttv.com.ar\/wp-content\/uploads\/2022\/08\/logo-1.png","width":461,"height":159,"caption":"CELTTV"},"image":{"@id":"https:\/\/www.celttv.com.ar\/#\/schema\/logo\/image\/"}},{"@type":"Person","@id":"https:\/\/www.celttv.com.ar\/#\/schema\/person\/9059dc91dc7204ef4182cdb65225f07d","name":"Miguel Herrada","image":{"@type":"ImageObject","inLanguage":"es","@id":"https:\/\/www.celttv.com.ar\/#\/schema\/person\/image\/","url":"https:\/\/secure.gravatar.com\/avatar\/67724d5b3c716623ffd76bec7e45841a442ac3b456e914dbba90b0fad2b8e0b1?s=96&d=mm&r=g","contentUrl":"https:\/\/secure.gravatar.com\/avatar\/67724d5b3c716623ffd76bec7e45841a442ac3b456e914dbba90b0fad2b8e0b1?s=96&d=mm&r=g","caption":"Miguel Herrada"}}]}},"_links":{"self":[{"href":"https:\/\/www.celttv.com.ar\/index.php\/wp-json\/wp\/v2\/posts\/90766","targetHints":{"allow":["GET"]}}],"collection":[{"href":"https:\/\/www.celttv.com.ar\/index.php\/wp-json\/wp\/v2\/posts"}],"about":[{"href":"https:\/\/www.celttv.com.ar\/index.php\/wp-json\/wp\/v2\/types\/post"}],"author":[{"embeddable":true,"href":"https:\/\/www.celttv.com.ar\/index.php\/wp-json\/wp\/v2\/users\/5"}],"replies":[{"embeddable":true,"href":"https:\/\/www.celttv.com.ar\/index.php\/wp-json\/wp\/v2\/comments?post=90766"}],"version-history":[{"count":1,"href":"https:\/\/www.celttv.com.ar\/index.php\/wp-json\/wp\/v2\/posts\/90766\/revisions"}],"predecessor-version":[{"id":90773,"href":"https:\/\/www.celttv.com.ar\/index.php\/wp-json\/wp\/v2\/posts\/90766\/revisions\/90773"}],"wp:featuredmedia":[{"embeddable":true,"href":"https:\/\/www.celttv.com.ar\/index.php\/wp-json\/wp\/v2\/media\/90770"}],"wp:attachment":[{"href":"https:\/\/www.celttv.com.ar\/index.php\/wp-json\/wp\/v2\/media?parent=90766"}],"wp:term":[{"taxonomy":"category","embeddable":true,"href":"https:\/\/www.celttv.com.ar\/index.php\/wp-json\/wp\/v2\/categories?post=90766"},{"taxonomy":"post_tag","embeddable":true,"href":"https:\/\/www.celttv.com.ar\/index.php\/wp-json\/wp\/v2\/tags?post=90766"}],"curies":[{"name":"wp","href":"https:\/\/api.w.org\/{rel}","templated":true}]}}