{"id":90779,"date":"2025-12-30T16:51:39","date_gmt":"2025-12-30T19:51:39","guid":{"rendered":"https:\/\/www.celttv.com.ar\/?p=90779"},"modified":"2025-12-30T16:51:39","modified_gmt":"2025-12-30T19:51:39","slug":"hermana-marta-allaltuni-los-50-anos-son-para-agradecer-y-mirar-cuanta-presencia-de-dios-hubo-en-mi-vida","status":"publish","type":"post","link":"https:\/\/www.celttv.com.ar\/index.php\/2025\/12\/30\/hermana-marta-allaltuni-los-50-anos-son-para-agradecer-y-mirar-cuanta-presencia-de-dios-hubo-en-mi-vida\/","title":{"rendered":"Hermana Marta Allaltuni: \u201cLos 50 a\u00f1os son para agradecer y mirar cu\u00e1nta presencia de Dios hubo en mi vida\u201d"},"content":{"rendered":"<h3 data-start=\"244\" data-end=\"329\">\u201cLos 50 a\u00f1os son para agradecer y mirar cu\u00e1nta presencia de Dios hubo en mi vida\u201d<\/h3>\n<p data-start=\"331\" data-end=\"580\">En el marco de la conmemoraci\u00f3n de sus 50 a\u00f1os de vida religiosa, la hermana Marta Allaltuni comparti\u00f3 un profundo testimonio personal, marcado por la gratitud, la fe y el repaso de una historia atravesada por desaf\u00edos, servicio y compromiso con la comunidad.<\/p>\n<p data-start=\"582\" data-end=\"884\">\u201cCreo que me encontraste en el mejor momento de mi vida\u201d, expres\u00f3 al comenzar la entrevista. \u201cCincuenta a\u00f1os es un mont\u00f3n, y con honestidad casi se me pasaron de largo. Uno vive el d\u00eda a d\u00eda y se olvida de los hitos, hasta que de pronto dec\u00eds: el 18 de diciembre cumplo 50 a\u00f1os y tengo que festejarlo\u201d.<\/p>\n<p data-start=\"886\" data-end=\"1321\">Ese festejo estuvo precedido por una dura prueba de salud: una neumon\u00eda que sorprendi\u00f3 incluso a quienes estaban m\u00e1s cerca. \u201cSon esas cosas que Dios te sacude. Justo ahora, pensaba. Le pregunt\u00e9 al doctor si pod\u00eda seguir adelante con el festejo y me dijo que, aunque asistida con ox\u00edgeno, pod\u00eda estar. Entonces la fiesta sigui\u00f3 adelante gracias a la familia y a quienes se pusieron todo al hombro. Fue una fiesta espectacular\u201d, record\u00f3.<\/p>\n<p data-start=\"1323\" data-end=\"1668\">Tras ese momento, la reflexi\u00f3n fue inevitable: \u201cCuando termin\u00f3 la fiesta pens\u00e9: mir\u00e1 lo que me hizo el Se\u00f1or. Me acost\u00f3 y me levant\u00e9 solo para disfrutar. A veces me pesa lo de la pierna, pero despu\u00e9s de quejarme pienso que deber\u00eda ser una acci\u00f3n de gracias diaria: puedo caminar, puedo manejar, estoy viva. Esa ca\u00edda pudo haber sido mucho peor\u201d.<\/p>\n<p data-start=\"1670\" data-end=\"2047\">En ese repaso vital, la hermana Marta subray\u00f3 la importancia de reconocer la presencia de Dios en lo cotidiano: \u201cA veces creemos que Dios no viene y no te dice qu\u00e9 hacer, pero est\u00e1, y te lo muestra de maneras incre\u00edbles. Solo tenemos que prestar atenci\u00f3n. El d\u00eda que me ca\u00ed estaba el m\u00e9dico en la localidad, estaban las personas justas. No est\u00e1n siempre. Todo tiene un porqu\u00e9\u201d.<\/p>\n<h3 data-start=\"2049\" data-end=\"2078\">El origen de una vocaci\u00f3n<\/h3>\n<p data-start=\"2080\" data-end=\"2432\">Al recordar el nacimiento de su vocaci\u00f3n religiosa, volvi\u00f3 a su infancia en Maquinchao, marcada por la presencia de sacerdotes y religiosas franciscanas. \u201cMi vida estuvo atravesada por los franciscanos y por el trabajo que hac\u00edan. Despu\u00e9s vine a Bah\u00eda Blanca, tras la muerte de mi mam\u00e1 cuando yo ten\u00eda siete a\u00f1os, y segu\u00ed en contacto con las hermanas\u201d.<\/p>\n<p data-start=\"2434\" data-end=\"2641\">Esa experiencia personal la llev\u00f3 a encontrar su lugar en el acompa\u00f1amiento de ni\u00f1as: \u201cHaber perdido a mi mam\u00e1 me marc\u00f3. Sent\u00ed que este era mi lugar, acompa\u00f1ar a chicas que, aun teniendo mam\u00e1, no la ten\u00edan\u201d.<\/p>\n<p data-start=\"2643\" data-end=\"2926\">Ingres\u00f3 a la vida religiosa a los 17 a\u00f1os, con la idea clara de ser cocinera y sin intenci\u00f3n de estudiar. \u201cNo quer\u00eda estudiar, y lo dije. Pero la madre provincial era una mujer firme. Me dijo: \u2018\u00bfEstudi\u00e1s o te vas?\u2019. Nunca m\u00e1s dije que no quer\u00eda estudiar. Ese fue un hito en mi vida\u201d.<\/p>\n<h3 data-start=\"2928\" data-end=\"2980\">Llegada a Tornquist y el crecimiento del colegio<\/h3>\n<p data-start=\"2982\" data-end=\"3249\">La llegada a Tornquist se concret\u00f3 el 15 de febrero de 1991, luego de que se buscara una comunidad religiosa para continuar la tarea educativa. \u201cAceptamos la propuesta y llegamos. Siempre digo: \u2018Mostrame tu fe sin obras, que yo por mis obras te voy a mostrar mi fe\u2019\u201d.<\/p>\n<p data-start=\"3251\" data-end=\"3549\">Desde entonces, el crecimiento del colegio fue sostenido y colectivo. \u201cCuando uno vive en el lugar no siempre dimensiona lo que hay. Hoy, al entregar el colegio, uno mira y dice: \u2018Dios m\u00edo, todo lo que se hizo\u2019. Desde lo edilicio, lo tecnol\u00f3gico y, sobre todo, desde el compromiso de los docentes\u201d.<\/p>\n<p data-start=\"3551\" data-end=\"3818\">Tambi\u00e9n destac\u00f3 el acompa\u00f1amiento del Estado local: \u201cNuestra realidad econ\u00f3mica cambi\u00f3 cuando asumi\u00f3 &#8220;Pino&#8221; (Bordoni) en la Municipalidad. Hubo un compromiso real con la educaci\u00f3n y la salud. Tener terapia intensiva en Tornquist, no tener que ir a Bah\u00eda, es algo extraordinario\u201d.<\/p>\n<h3 data-start=\"3820\" data-end=\"3845\">An\u00e9cdotas y comunidad<\/h3>\n<p data-start=\"3847\" data-end=\"4168\">El relato estuvo atravesado por an\u00e9cdotas que reflejan el compromiso de la comunidad: vecinos que trabajaron sin cobrar, obras que se inauguraron en medio de dificultades, soluciones que parec\u00edan imposibles y aparecieron a \u00faltimo momento. \u201cSiempre hubo equipos que trabajaron por compromiso, no por lo que se les pagaba\u201d.<\/p>\n<p data-start=\"4170\" data-end=\"4336\">\u201cPodr\u00eda escribir un libro de an\u00e9cdotas\u201d, dijo entre risas, y volvi\u00f3 a remarcar una idea central: \u201cSiempre sent\u00ed la presencia viva de Dios en cada momento de mi vida\u201d.<\/p>\n<h3 data-start=\"4338\" data-end=\"4358\">Un mensaje final<\/h3>\n<p data-start=\"4360\" data-end=\"4610\">Ya en el cierre, la hermana Marta agradeci\u00f3 a la comunidad de Tornquist en su conjunto: \u201cLa generosidad de la gente es extraordinaria. Cada beneficio, cada propuesta, siempre tuvo respuesta. Todo lo que se colaboraba se ve\u00eda, y eso sumaba m\u00e1s gente\u201d.<\/p>\n<p data-start=\"4612\" data-end=\"4838\">Pidi\u00f3 perd\u00f3n a quienes pudo haber herido en el camino y dej\u00f3 un mensaje claro: \u201cNo hay que perder nunca la confianza en Dios. Levantarse cada d\u00eda y agradecer. Dormir tranquilo, con la conciencia tranquila, es el mejor regalo\u201d.<\/p>\n<p data-start=\"4840\" data-end=\"5077\">\u201cMe doli\u00f3 much\u00edsimo entregar el colegio, pero hoy puedo decir: gracias, Se\u00f1or. Fue en el momento justo\u201d, concluy\u00f3, antes de dejar una invitaci\u00f3n final: \u201cAprendan a perdonar, a perdonarse. Y no dejen que el Ni\u00f1o Dios se vaya del coraz\u00f3n\u201d.<\/p>\n<p data-start=\"5079\" data-end=\"5234\">La entrevista cerr\u00f3 con una bendici\u00f3n franciscana y un agradecimiento especial: \u201cGracias por estar siempre. Que el Se\u00f1or los bendiga y les conceda la paz\u201d.<\/p>\n<p><iframe loading=\"lazy\" title=\"2025 12 30 NOTA HERMANA MARTA ALLALTUNI\" width=\"500\" height=\"281\" src=\"https:\/\/www.youtube.com\/embed\/39br-mEAx6U?feature=oembed\" frameborder=\"0\" allow=\"accelerometer; autoplay; clipboard-write; encrypted-media; gyroscope; picture-in-picture; web-share\" referrerpolicy=\"strict-origin-when-cross-origin\" allowfullscreen><\/iframe><\/p>\n<p data-start=\"5079\" data-end=\"5234\"><img loading=\"lazy\" decoding=\"async\" class=\"alignnone wp-image-90781 size-large\" src=\"https:\/\/www.celttv.com.ar\/wp-content\/uploads\/2025\/12\/11-768x1024.jpg\" alt=\"\" width=\"768\" height=\"1024\" srcset=\"https:\/\/www.celttv.com.ar\/wp-content\/uploads\/2025\/12\/11-768x1024.jpg 768w, https:\/\/www.celttv.com.ar\/wp-content\/uploads\/2025\/12\/11-225x300.jpg 225w, https:\/\/www.celttv.com.ar\/wp-content\/uploads\/2025\/12\/11-750x1000.jpg 750w, https:\/\/www.celttv.com.ar\/wp-content\/uploads\/2025\/12\/11.jpg 960w\" sizes=\"auto, (max-width: 768px) 100vw, 768px\" \/> <img loading=\"lazy\" decoding=\"async\" class=\"alignnone wp-image-90782 size-large\" src=\"https:\/\/www.celttv.com.ar\/wp-content\/uploads\/2025\/12\/15-768x1024.jpg\" alt=\"\" width=\"768\" height=\"1024\" srcset=\"https:\/\/www.celttv.com.ar\/wp-content\/uploads\/2025\/12\/15-768x1024.jpg 768w, https:\/\/www.celttv.com.ar\/wp-content\/uploads\/2025\/12\/15-225x300.jpg 225w, https:\/\/www.celttv.com.ar\/wp-content\/uploads\/2025\/12\/15-750x1000.jpg 750w, https:\/\/www.celttv.com.ar\/wp-content\/uploads\/2025\/12\/15.jpg 960w\" sizes=\"auto, (max-width: 768px) 100vw, 768px\" \/> <img loading=\"lazy\" decoding=\"async\" class=\"alignnone wp-image-90783 size-large\" src=\"https:\/\/www.celttv.com.ar\/wp-content\/uploads\/2025\/12\/HNA-MARTA-1024x629.jpg\" alt=\"\" width=\"1024\" height=\"629\" srcset=\"https:\/\/www.celttv.com.ar\/wp-content\/uploads\/2025\/12\/HNA-MARTA-1024x629.jpg 1024w, https:\/\/www.celttv.com.ar\/wp-content\/uploads\/2025\/12\/HNA-MARTA-300x184.jpg 300w, https:\/\/www.celttv.com.ar\/wp-content\/uploads\/2025\/12\/HNA-MARTA-768x472.jpg 768w, https:\/\/www.celttv.com.ar\/wp-content\/uploads\/2025\/12\/HNA-MARTA-750x461.jpg 750w, https:\/\/www.celttv.com.ar\/wp-content\/uploads\/2025\/12\/HNA-MARTA-1140x700.jpg 1140w, https:\/\/www.celttv.com.ar\/wp-content\/uploads\/2025\/12\/HNA-MARTA.jpg 1166w\" sizes=\"auto, (max-width: 1024px) 100vw, 1024px\" \/><\/p>\n","protected":false},"excerpt":{"rendered":"<p>\u201cLos 50 a\u00f1os son para agradecer y mirar cu\u00e1nta presencia de Dios hubo en mi vida\u201d En el marco de la conmemoraci\u00f3n de sus 50 a\u00f1os de vida religiosa, la hermana Marta Allaltuni comparti\u00f3 un profundo testimonio personal, marcado por la gratitud, la fe y el repaso de una historia atravesada por desaf\u00edos, servicio y [&hellip;]<\/p>\n","protected":false},"author":5,"featured_media":90783,"comment_status":"closed","ping_status":"closed","sticky":false,"template":"","format":"standard","meta":{"footnotes":""},"categories":[55,1],"tags":[],"class_list":["post-90779","post","type-post","status-publish","format-standard","has-post-thumbnail","hentry","category-celt-tv-noticias","category-sin-categoria"],"yoast_head":"<!-- This site is optimized with the Yoast SEO plugin v19.7.1 - https:\/\/yoast.com\/wordpress\/plugins\/seo\/ -->\n<title>Hermana Marta Allaltuni: \u201cLos 50 a\u00f1os son para agradecer y mirar cu\u00e1nta presencia de Dios hubo en mi vida\u201d - CELTTV<\/title>\n<meta name=\"description\" content=\"Sitio web de noticias de la localidad de Tornquist, provincia de Buenos Aires, Rep\u00fablica Argentina. Contenido propio originado por periodistas de CELTTV, el canal de TV local de la Cooperativa El\u00e9ctrica de Tornquist. Turismo, Pol\u00edtica, Sociedad, Deporte, Cultura y todo el contenido de inter\u00e9s general que la gente del pueblo y la regi\u00f3n debe conocer.\" \/>\n<meta name=\"robots\" content=\"index, follow, max-snippet:-1, max-image-preview:large, max-video-preview:-1\" \/>\n<link rel=\"canonical\" href=\"https:\/\/www.celttv.com.ar\/index.php\/2025\/12\/30\/hermana-marta-allaltuni-los-50-anos-son-para-agradecer-y-mirar-cuanta-presencia-de-dios-hubo-en-mi-vida\/\" \/>\n<meta property=\"og:locale\" content=\"es_ES\" \/>\n<meta property=\"og:type\" content=\"article\" \/>\n<meta property=\"og:title\" content=\"Hermana Marta Allaltuni: \u201cLos 50 a\u00f1os son para agradecer y mirar cu\u00e1nta presencia de Dios hubo en mi vida\u201d - CELTTV\" \/>\n<meta property=\"og:description\" content=\"Sitio web de noticias de la localidad de Tornquist, provincia de Buenos Aires, Rep\u00fablica Argentina. Contenido propio originado por periodistas de CELTTV, el canal de TV local de la Cooperativa El\u00e9ctrica de Tornquist. Turismo, Pol\u00edtica, Sociedad, Deporte, Cultura y todo el contenido de inter\u00e9s general que la gente del pueblo y la regi\u00f3n debe conocer.\" \/>\n<meta property=\"og:url\" content=\"https:\/\/www.celttv.com.ar\/index.php\/2025\/12\/30\/hermana-marta-allaltuni-los-50-anos-son-para-agradecer-y-mirar-cuanta-presencia-de-dios-hubo-en-mi-vida\/\" \/>\n<meta property=\"og:site_name\" content=\"CELTTV\" \/>\n<meta property=\"article:publisher\" content=\"https:\/\/www.facebook.com\/celtTV\/\" \/>\n<meta property=\"article:published_time\" content=\"2025-12-30T19:51:39+00:00\" \/>\n<meta property=\"og:image\" content=\"https:\/\/www.celttv.com.ar\/wp-content\/uploads\/2025\/12\/HNA-MARTA.jpg\" \/>\n\t<meta property=\"og:image:width\" content=\"1166\" \/>\n\t<meta property=\"og:image:height\" content=\"716\" \/>\n\t<meta property=\"og:image:type\" content=\"image\/jpeg\" \/>\n<meta name=\"author\" content=\"Miguel Herrada\" \/>\n<meta name=\"twitter:card\" content=\"summary_large_image\" \/>\n<meta name=\"twitter:label1\" content=\"Escrito por\" \/>\n\t<meta name=\"twitter:data1\" content=\"Miguel Herrada\" \/>\n\t<meta name=\"twitter:label2\" content=\"Tiempo de lectura\" \/>\n\t<meta name=\"twitter:data2\" content=\"5 minutos\" \/>\n<script type=\"application\/ld+json\" class=\"yoast-schema-graph\">{\"@context\":\"https:\/\/schema.org\",\"@graph\":[{\"@type\":\"NewsArticle\",\"@id\":\"https:\/\/www.celttv.com.ar\/index.php\/2025\/12\/30\/hermana-marta-allaltuni-los-50-anos-son-para-agradecer-y-mirar-cuanta-presencia-de-dios-hubo-en-mi-vida\/#article\",\"isPartOf\":{\"@id\":\"https:\/\/www.celttv.com.ar\/index.php\/2025\/12\/30\/hermana-marta-allaltuni-los-50-anos-son-para-agradecer-y-mirar-cuanta-presencia-de-dios-hubo-en-mi-vida\/\"},\"author\":{\"name\":\"Miguel Herrada\",\"@id\":\"https:\/\/www.celttv.com.ar\/#\/schema\/person\/9059dc91dc7204ef4182cdb65225f07d\"},\"headline\":\"Hermana Marta Allaltuni: \u201cLos 50 a\u00f1os son para agradecer y mirar cu\u00e1nta presencia de Dios hubo en mi vida\u201d\",\"datePublished\":\"2025-12-30T19:51:39+00:00\",\"dateModified\":\"2025-12-30T19:51:39+00:00\",\"mainEntityOfPage\":{\"@id\":\"https:\/\/www.celttv.com.ar\/index.php\/2025\/12\/30\/hermana-marta-allaltuni-los-50-anos-son-para-agradecer-y-mirar-cuanta-presencia-de-dios-hubo-en-mi-vida\/\"},\"wordCount\":940,\"publisher\":{\"@id\":\"https:\/\/www.celttv.com.ar\/#organization\"},\"articleSection\":[\"Celt TV Noticias\"],\"inLanguage\":\"es\"},{\"@type\":\"WebPage\",\"@id\":\"https:\/\/www.celttv.com.ar\/index.php\/2025\/12\/30\/hermana-marta-allaltuni-los-50-anos-son-para-agradecer-y-mirar-cuanta-presencia-de-dios-hubo-en-mi-vida\/\",\"url\":\"https:\/\/www.celttv.com.ar\/index.php\/2025\/12\/30\/hermana-marta-allaltuni-los-50-anos-son-para-agradecer-y-mirar-cuanta-presencia-de-dios-hubo-en-mi-vida\/\",\"name\":\"Hermana Marta Allaltuni: \u201cLos 50 a\u00f1os son para agradecer y mirar cu\u00e1nta presencia de Dios hubo en mi vida\u201d - CELTTV\",\"isPartOf\":{\"@id\":\"https:\/\/www.celttv.com.ar\/#website\"},\"datePublished\":\"2025-12-30T19:51:39+00:00\",\"dateModified\":\"2025-12-30T19:51:39+00:00\",\"description\":\"Sitio web de noticias de la localidad de Tornquist, provincia de Buenos Aires, Rep\u00fablica Argentina. Contenido propio originado por periodistas de CELTTV, el canal de TV local de la Cooperativa El\u00e9ctrica de Tornquist. Turismo, Pol\u00edtica, Sociedad, Deporte, Cultura y todo el contenido de inter\u00e9s general que la gente del pueblo y la regi\u00f3n debe conocer.\",\"breadcrumb\":{\"@id\":\"https:\/\/www.celttv.com.ar\/index.php\/2025\/12\/30\/hermana-marta-allaltuni-los-50-anos-son-para-agradecer-y-mirar-cuanta-presencia-de-dios-hubo-en-mi-vida\/#breadcrumb\"},\"inLanguage\":\"es\",\"potentialAction\":[{\"@type\":\"ReadAction\",\"target\":[\"https:\/\/www.celttv.com.ar\/index.php\/2025\/12\/30\/hermana-marta-allaltuni-los-50-anos-son-para-agradecer-y-mirar-cuanta-presencia-de-dios-hubo-en-mi-vida\/\"]}]},{\"@type\":\"BreadcrumbList\",\"@id\":\"https:\/\/www.celttv.com.ar\/index.php\/2025\/12\/30\/hermana-marta-allaltuni-los-50-anos-son-para-agradecer-y-mirar-cuanta-presencia-de-dios-hubo-en-mi-vida\/#breadcrumb\",\"itemListElement\":[{\"@type\":\"ListItem\",\"position\":1,\"name\":\"Inicio\",\"item\":\"https:\/\/www.celttv.com.ar\/\"},{\"@type\":\"ListItem\",\"position\":2,\"name\":\"Hermana Marta Allaltuni: \u201cLos 50 a\u00f1os son para agradecer y mirar cu\u00e1nta presencia de Dios hubo en mi vida\u201d\"}]},{\"@type\":\"WebSite\",\"@id\":\"https:\/\/www.celttv.com.ar\/#website\",\"url\":\"https:\/\/www.celttv.com.ar\/\",\"name\":\"CELTTV\",\"description\":\"Cooperativa El\u00e9ctrica de Tornquist\",\"publisher\":{\"@id\":\"https:\/\/www.celttv.com.ar\/#organization\"},\"potentialAction\":[{\"@type\":\"SearchAction\",\"target\":{\"@type\":\"EntryPoint\",\"urlTemplate\":\"https:\/\/www.celttv.com.ar\/?s={search_term_string}\"},\"query-input\":\"required name=search_term_string\"}],\"inLanguage\":\"es\"},{\"@type\":\"Organization\",\"@id\":\"https:\/\/www.celttv.com.ar\/#organization\",\"name\":\"CELTTV\",\"url\":\"https:\/\/www.celttv.com.ar\/\",\"sameAs\":[\"https:\/\/www.youtube.com\/channel\/UCz_oIt8Hig64Ub-EmcNPIhg\",\"https:\/\/www.facebook.com\/celtTV\/\"],\"logo\":{\"@type\":\"ImageObject\",\"inLanguage\":\"es\",\"@id\":\"https:\/\/www.celttv.com.ar\/#\/schema\/logo\/image\/\",\"url\":\"http:\/\/www.celttv.com.ar\/wp-content\/uploads\/2022\/08\/logo-1.png\",\"contentUrl\":\"http:\/\/www.celttv.com.ar\/wp-content\/uploads\/2022\/08\/logo-1.png\",\"width\":461,\"height\":159,\"caption\":\"CELTTV\"},\"image\":{\"@id\":\"https:\/\/www.celttv.com.ar\/#\/schema\/logo\/image\/\"}},{\"@type\":\"Person\",\"@id\":\"https:\/\/www.celttv.com.ar\/#\/schema\/person\/9059dc91dc7204ef4182cdb65225f07d\",\"name\":\"Miguel Herrada\",\"image\":{\"@type\":\"ImageObject\",\"inLanguage\":\"es\",\"@id\":\"https:\/\/www.celttv.com.ar\/#\/schema\/person\/image\/\",\"url\":\"https:\/\/secure.gravatar.com\/avatar\/67724d5b3c716623ffd76bec7e45841a442ac3b456e914dbba90b0fad2b8e0b1?s=96&d=mm&r=g\",\"contentUrl\":\"https:\/\/secure.gravatar.com\/avatar\/67724d5b3c716623ffd76bec7e45841a442ac3b456e914dbba90b0fad2b8e0b1?s=96&d=mm&r=g\",\"caption\":\"Miguel Herrada\"}}]}<\/script>\n<!-- \/ Yoast SEO plugin. -->","yoast_head_json":{"title":"Hermana Marta Allaltuni: \u201cLos 50 a\u00f1os son para agradecer y mirar cu\u00e1nta presencia de Dios hubo en mi vida\u201d - CELTTV","description":"Sitio web de noticias de la localidad de Tornquist, provincia de Buenos Aires, Rep\u00fablica Argentina. Contenido propio originado por periodistas de CELTTV, el canal de TV local de la Cooperativa El\u00e9ctrica de Tornquist. Turismo, Pol\u00edtica, Sociedad, Deporte, Cultura y todo el contenido de inter\u00e9s general que la gente del pueblo y la regi\u00f3n debe conocer.","robots":{"index":"index","follow":"follow","max-snippet":"max-snippet:-1","max-image-preview":"max-image-preview:large","max-video-preview":"max-video-preview:-1"},"canonical":"https:\/\/www.celttv.com.ar\/index.php\/2025\/12\/30\/hermana-marta-allaltuni-los-50-anos-son-para-agradecer-y-mirar-cuanta-presencia-de-dios-hubo-en-mi-vida\/","og_locale":"es_ES","og_type":"article","og_title":"Hermana Marta Allaltuni: \u201cLos 50 a\u00f1os son para agradecer y mirar cu\u00e1nta presencia de Dios hubo en mi vida\u201d - CELTTV","og_description":"Sitio web de noticias de la localidad de Tornquist, provincia de Buenos Aires, Rep\u00fablica Argentina. Contenido propio originado por periodistas de CELTTV, el canal de TV local de la Cooperativa El\u00e9ctrica de Tornquist. Turismo, Pol\u00edtica, Sociedad, Deporte, Cultura y todo el contenido de inter\u00e9s general que la gente del pueblo y la regi\u00f3n debe conocer.","og_url":"https:\/\/www.celttv.com.ar\/index.php\/2025\/12\/30\/hermana-marta-allaltuni-los-50-anos-son-para-agradecer-y-mirar-cuanta-presencia-de-dios-hubo-en-mi-vida\/","og_site_name":"CELTTV","article_publisher":"https:\/\/www.facebook.com\/celtTV\/","article_published_time":"2025-12-30T19:51:39+00:00","og_image":[{"width":1166,"height":716,"url":"https:\/\/www.celttv.com.ar\/wp-content\/uploads\/2025\/12\/HNA-MARTA.jpg","type":"image\/jpeg"}],"author":"Miguel Herrada","twitter_card":"summary_large_image","twitter_misc":{"Escrito por":"Miguel Herrada","Tiempo de lectura":"5 minutos"},"schema":{"@context":"https:\/\/schema.org","@graph":[{"@type":"NewsArticle","@id":"https:\/\/www.celttv.com.ar\/index.php\/2025\/12\/30\/hermana-marta-allaltuni-los-50-anos-son-para-agradecer-y-mirar-cuanta-presencia-de-dios-hubo-en-mi-vida\/#article","isPartOf":{"@id":"https:\/\/www.celttv.com.ar\/index.php\/2025\/12\/30\/hermana-marta-allaltuni-los-50-anos-son-para-agradecer-y-mirar-cuanta-presencia-de-dios-hubo-en-mi-vida\/"},"author":{"name":"Miguel Herrada","@id":"https:\/\/www.celttv.com.ar\/#\/schema\/person\/9059dc91dc7204ef4182cdb65225f07d"},"headline":"Hermana Marta Allaltuni: \u201cLos 50 a\u00f1os son para agradecer y mirar cu\u00e1nta presencia de Dios hubo en mi vida\u201d","datePublished":"2025-12-30T19:51:39+00:00","dateModified":"2025-12-30T19:51:39+00:00","mainEntityOfPage":{"@id":"https:\/\/www.celttv.com.ar\/index.php\/2025\/12\/30\/hermana-marta-allaltuni-los-50-anos-son-para-agradecer-y-mirar-cuanta-presencia-de-dios-hubo-en-mi-vida\/"},"wordCount":940,"publisher":{"@id":"https:\/\/www.celttv.com.ar\/#organization"},"articleSection":["Celt TV Noticias"],"inLanguage":"es"},{"@type":"WebPage","@id":"https:\/\/www.celttv.com.ar\/index.php\/2025\/12\/30\/hermana-marta-allaltuni-los-50-anos-son-para-agradecer-y-mirar-cuanta-presencia-de-dios-hubo-en-mi-vida\/","url":"https:\/\/www.celttv.com.ar\/index.php\/2025\/12\/30\/hermana-marta-allaltuni-los-50-anos-son-para-agradecer-y-mirar-cuanta-presencia-de-dios-hubo-en-mi-vida\/","name":"Hermana Marta Allaltuni: \u201cLos 50 a\u00f1os son para agradecer y mirar cu\u00e1nta presencia de Dios hubo en mi vida\u201d - CELTTV","isPartOf":{"@id":"https:\/\/www.celttv.com.ar\/#website"},"datePublished":"2025-12-30T19:51:39+00:00","dateModified":"2025-12-30T19:51:39+00:00","description":"Sitio web de noticias de la localidad de Tornquist, provincia de Buenos Aires, Rep\u00fablica Argentina. Contenido propio originado por periodistas de CELTTV, el canal de TV local de la Cooperativa El\u00e9ctrica de Tornquist. Turismo, Pol\u00edtica, Sociedad, Deporte, Cultura y todo el contenido de inter\u00e9s general que la gente del pueblo y la regi\u00f3n debe conocer.","breadcrumb":{"@id":"https:\/\/www.celttv.com.ar\/index.php\/2025\/12\/30\/hermana-marta-allaltuni-los-50-anos-son-para-agradecer-y-mirar-cuanta-presencia-de-dios-hubo-en-mi-vida\/#breadcrumb"},"inLanguage":"es","potentialAction":[{"@type":"ReadAction","target":["https:\/\/www.celttv.com.ar\/index.php\/2025\/12\/30\/hermana-marta-allaltuni-los-50-anos-son-para-agradecer-y-mirar-cuanta-presencia-de-dios-hubo-en-mi-vida\/"]}]},{"@type":"BreadcrumbList","@id":"https:\/\/www.celttv.com.ar\/index.php\/2025\/12\/30\/hermana-marta-allaltuni-los-50-anos-son-para-agradecer-y-mirar-cuanta-presencia-de-dios-hubo-en-mi-vida\/#breadcrumb","itemListElement":[{"@type":"ListItem","position":1,"name":"Inicio","item":"https:\/\/www.celttv.com.ar\/"},{"@type":"ListItem","position":2,"name":"Hermana Marta Allaltuni: \u201cLos 50 a\u00f1os son para agradecer y mirar cu\u00e1nta presencia de Dios hubo en mi vida\u201d"}]},{"@type":"WebSite","@id":"https:\/\/www.celttv.com.ar\/#website","url":"https:\/\/www.celttv.com.ar\/","name":"CELTTV","description":"Cooperativa El\u00e9ctrica de Tornquist","publisher":{"@id":"https:\/\/www.celttv.com.ar\/#organization"},"potentialAction":[{"@type":"SearchAction","target":{"@type":"EntryPoint","urlTemplate":"https:\/\/www.celttv.com.ar\/?s={search_term_string}"},"query-input":"required name=search_term_string"}],"inLanguage":"es"},{"@type":"Organization","@id":"https:\/\/www.celttv.com.ar\/#organization","name":"CELTTV","url":"https:\/\/www.celttv.com.ar\/","sameAs":["https:\/\/www.youtube.com\/channel\/UCz_oIt8Hig64Ub-EmcNPIhg","https:\/\/www.facebook.com\/celtTV\/"],"logo":{"@type":"ImageObject","inLanguage":"es","@id":"https:\/\/www.celttv.com.ar\/#\/schema\/logo\/image\/","url":"http:\/\/www.celttv.com.ar\/wp-content\/uploads\/2022\/08\/logo-1.png","contentUrl":"http:\/\/www.celttv.com.ar\/wp-content\/uploads\/2022\/08\/logo-1.png","width":461,"height":159,"caption":"CELTTV"},"image":{"@id":"https:\/\/www.celttv.com.ar\/#\/schema\/logo\/image\/"}},{"@type":"Person","@id":"https:\/\/www.celttv.com.ar\/#\/schema\/person\/9059dc91dc7204ef4182cdb65225f07d","name":"Miguel Herrada","image":{"@type":"ImageObject","inLanguage":"es","@id":"https:\/\/www.celttv.com.ar\/#\/schema\/person\/image\/","url":"https:\/\/secure.gravatar.com\/avatar\/67724d5b3c716623ffd76bec7e45841a442ac3b456e914dbba90b0fad2b8e0b1?s=96&d=mm&r=g","contentUrl":"https:\/\/secure.gravatar.com\/avatar\/67724d5b3c716623ffd76bec7e45841a442ac3b456e914dbba90b0fad2b8e0b1?s=96&d=mm&r=g","caption":"Miguel Herrada"}}]}},"_links":{"self":[{"href":"https:\/\/www.celttv.com.ar\/index.php\/wp-json\/wp\/v2\/posts\/90779","targetHints":{"allow":["GET"]}}],"collection":[{"href":"https:\/\/www.celttv.com.ar\/index.php\/wp-json\/wp\/v2\/posts"}],"about":[{"href":"https:\/\/www.celttv.com.ar\/index.php\/wp-json\/wp\/v2\/types\/post"}],"author":[{"embeddable":true,"href":"https:\/\/www.celttv.com.ar\/index.php\/wp-json\/wp\/v2\/users\/5"}],"replies":[{"embeddable":true,"href":"https:\/\/www.celttv.com.ar\/index.php\/wp-json\/wp\/v2\/comments?post=90779"}],"version-history":[{"count":2,"href":"https:\/\/www.celttv.com.ar\/index.php\/wp-json\/wp\/v2\/posts\/90779\/revisions"}],"predecessor-version":[{"id":90784,"href":"https:\/\/www.celttv.com.ar\/index.php\/wp-json\/wp\/v2\/posts\/90779\/revisions\/90784"}],"wp:featuredmedia":[{"embeddable":true,"href":"https:\/\/www.celttv.com.ar\/index.php\/wp-json\/wp\/v2\/media\/90783"}],"wp:attachment":[{"href":"https:\/\/www.celttv.com.ar\/index.php\/wp-json\/wp\/v2\/media?parent=90779"}],"wp:term":[{"taxonomy":"category","embeddable":true,"href":"https:\/\/www.celttv.com.ar\/index.php\/wp-json\/wp\/v2\/categories?post=90779"},{"taxonomy":"post_tag","embeddable":true,"href":"https:\/\/www.celttv.com.ar\/index.php\/wp-json\/wp\/v2\/tags?post=90779"}],"curies":[{"name":"wp","href":"https:\/\/api.w.org\/{rel}","templated":true}]}}