{"id":90799,"date":"2026-01-05T20:54:55","date_gmt":"2026-01-05T23:54:55","guid":{"rendered":"https:\/\/www.celttv.com.ar\/?p=90799"},"modified":"2026-01-05T21:07:56","modified_gmt":"2026-01-06T00:07:56","slug":"bomberos-de-tornquist-alertan-por-las-condiciones-climaticas-la-falta-de-cortafuegos-y-el-avance-de-incendios-extremos","status":"publish","type":"post","link":"https:\/\/www.celttv.com.ar\/index.php\/2026\/01\/05\/bomberos-de-tornquist-alertan-por-las-condiciones-climaticas-la-falta-de-cortafuegos-y-el-avance-de-incendios-extremos\/","title":{"rendered":"Bomberos de Tornquist alertan por las condiciones clim\u00e1ticas, la falta de cortafuegos y el avance de incendios extremos"},"content":{"rendered":"<p>El jefe de Bomberos Voluntarios de Tornquist, Mart\u00edn Haag, junto al oficial 2\u00ba Dami\u00e1n Flores, expresaron su preocupaci\u00f3n por el escenario que presentan los incendios forestales en la regi\u00f3n, marcado por condiciones clim\u00e1ticas extremas y el incumplimiento de las normativas vinculadas a los cortafuegos.<\/p>\n<p>Explicaron que los cortafuegos cumplen un rol clave al momento de combatir un incendio. Indicaron que una franja adecuada puede brindar el tiempo necesario para desplegar recursos y contener el avance del fuego. En los casos donde esa barrera no existe, el incendio avanza sin control, quema alambrados y se extiende hacia campos linderos, como ocurri\u00f3 en distintos focos registrados en los \u00faltimos d\u00edas.<\/p>\n<p>Como contrapartida, destacaron el incendio ocurrido recientemente en la Ruta 76, donde un cami\u00f3n se prendi\u00f3 fuego y tom\u00f3 la banquina. All\u00ed, la presencia de un cortafuego correctamente ejecutado permiti\u00f3 frenar la propagaci\u00f3n y evitar consecuencias mayores. \u201cEse trabajo dio el tiempo suficiente para que el fuego no avanzara hacia la sierra\u201d, explicaron, valorando la intervenci\u00f3n de la maquinaria municipal en el lugar.<\/p>\n<p>En otros casos, la ausencia total de obst\u00e1culos permiti\u00f3 que el fuego avanzara varios kil\u00f3metros en poco tiempo, favorecido por r\u00e1fagas de viento que superaron los 70 kil\u00f3metros por hora. En ese contexto, los bomberos advirtieron que muchos incendios se vuelven pr\u00e1cticamente imposibles de contener con los recursos habituales, poniendo en riesgo al personal y a bienes materiales.<\/p>\n<p>Haag y Flores coincidieron en que, ante incendios de comportamiento extremo, el apoyo de maquinaria vial o rural resulta indispensable para generar cortafuegos de emergencia y reducir la intensidad del fuego. En ese sentido, resaltaron el trabajo articulado que se viene realizando en el distrito con Defensa Civil y el Municipio de Tornquist, lo que ha permitido una respuesta m\u00e1s eficaz.<\/p>\n<p>A nivel regional, en cambio, se\u00f1alaron que la situaci\u00f3n es a\u00fan m\u00e1s compleja. Recordaron incendios de gran magnitud registrados en localidades vecinas, donde fue necesaria la intervenci\u00f3n de numerosos cuarteles y el uso de medios a\u00e9reos. No obstante, aclararon que el avi\u00f3n hidrante y el helic\u00f3ptero son herramientas complementarias y que su uso est\u00e1 condicionado por la intensidad del viento.<\/p>\n<p>Finalmente, los bomberos hicieron hincapi\u00e9 en el fuerte desgaste operativo y econ\u00f3mico que genera la cantidad de salidas. Desde el 1\u00ba de diciembre, el cuartel de Tornquist registr\u00f3 m\u00e1s de 40 activaciones por incendios forestales, con una respuesta sostenida del personal, tanto en salidas con sirena como en convocatorias internas.<\/p>\n<p>\u201cDetr\u00e1s de cada intervenci\u00f3n hay horas de trabajo, reparaci\u00f3n de equipos y puesta a punto de las unidades. La vocaci\u00f3n y la predisposici\u00f3n del cuerpo activo, la reserva y el acompa\u00f1amiento del personal municipal son fundamentales para sostener la respuesta ante la emergencia\u201d, destacaron.<\/p>\n<p>Por \u00faltimo, reiteraron el llamado a la comunidad a extremar los cuidados, priorizar la prevenci\u00f3n y comunicarse de inmediato al <strong>100<\/strong> ante cualquier foco \u00edgneo. \u201cLa prevenci\u00f3n y el aviso temprano son claves para poder atravesar esta temporada de la mejor manera posible\u201d, concluyeron.<\/p>\n<p><iframe loading=\"lazy\" title=\"2026 01 05 NOTA A MARTIN HAAG Y DAMIAN FLORES 1\" width=\"500\" height=\"281\" src=\"https:\/\/www.youtube.com\/embed\/lRJIahsASaY?feature=oembed\" frameborder=\"0\" allow=\"accelerometer; autoplay; clipboard-write; encrypted-media; gyroscope; picture-in-picture; web-share\" referrerpolicy=\"strict-origin-when-cross-origin\" allowfullscreen><\/iframe><\/p>\n<p><iframe loading=\"lazy\" title=\"2026 01 05 NOTA A MARTIN HAAG Y DAMIAN FLORES 2\" width=\"500\" height=\"281\" src=\"https:\/\/www.youtube.com\/embed\/tc22D-jP4cg?feature=oembed\" frameborder=\"0\" allow=\"accelerometer; autoplay; clipboard-write; encrypted-media; gyroscope; picture-in-picture; web-share\" referrerpolicy=\"strict-origin-when-cross-origin\" allowfullscreen><\/iframe><\/p>\n<p>&nbsp;<\/p>\n","protected":false},"excerpt":{"rendered":"<p>El jefe de Bomberos Voluntarios de Tornquist, Mart\u00edn Haag, junto al oficial 2\u00ba Dami\u00e1n Flores, expresaron su preocupaci\u00f3n por el escenario que presentan los incendios forestales en la regi\u00f3n, marcado por condiciones clim\u00e1ticas extremas y el incumplimiento de las normativas vinculadas a los cortafuegos. Explicaron que los cortafuegos cumplen un rol clave al momento de [&hellip;]<\/p>\n","protected":false},"author":5,"featured_media":90802,"comment_status":"closed","ping_status":"closed","sticky":false,"template":"","format":"standard","meta":{"footnotes":""},"categories":[51],"tags":[],"class_list":["post-90799","post","type-post","status-publish","format-standard","has-post-thumbnail","hentry","category-comunidad"],"yoast_head":"<!-- This site is optimized with the Yoast SEO plugin v19.7.1 - https:\/\/yoast.com\/wordpress\/plugins\/seo\/ -->\n<title>Bomberos de Tornquist alertan por las condiciones clim\u00e1ticas, la falta de cortafuegos y el avance de incendios extremos - CELTTV<\/title>\n<meta name=\"description\" content=\"Sitio web de noticias de la localidad de Tornquist, provincia de Buenos Aires, Rep\u00fablica Argentina. Contenido propio originado por periodistas de CELTTV, el canal de TV local de la Cooperativa El\u00e9ctrica de Tornquist. Turismo, Pol\u00edtica, Sociedad, Deporte, Cultura y todo el contenido de inter\u00e9s general que la gente del pueblo y la regi\u00f3n debe conocer.\" \/>\n<meta name=\"robots\" content=\"index, follow, max-snippet:-1, max-image-preview:large, max-video-preview:-1\" \/>\n<link rel=\"canonical\" href=\"https:\/\/www.celttv.com.ar\/index.php\/2026\/01\/05\/bomberos-de-tornquist-alertan-por-las-condiciones-climaticas-la-falta-de-cortafuegos-y-el-avance-de-incendios-extremos\/\" \/>\n<meta property=\"og:locale\" content=\"es_ES\" \/>\n<meta property=\"og:type\" content=\"article\" \/>\n<meta property=\"og:title\" content=\"Bomberos de Tornquist alertan por las condiciones clim\u00e1ticas, la falta de cortafuegos y el avance de incendios extremos - CELTTV\" \/>\n<meta property=\"og:description\" content=\"Sitio web de noticias de la localidad de Tornquist, provincia de Buenos Aires, Rep\u00fablica Argentina. Contenido propio originado por periodistas de CELTTV, el canal de TV local de la Cooperativa El\u00e9ctrica de Tornquist. Turismo, Pol\u00edtica, Sociedad, Deporte, Cultura y todo el contenido de inter\u00e9s general que la gente del pueblo y la regi\u00f3n debe conocer.\" \/>\n<meta property=\"og:url\" content=\"https:\/\/www.celttv.com.ar\/index.php\/2026\/01\/05\/bomberos-de-tornquist-alertan-por-las-condiciones-climaticas-la-falta-de-cortafuegos-y-el-avance-de-incendios-extremos\/\" \/>\n<meta property=\"og:site_name\" content=\"CELTTV\" \/>\n<meta property=\"article:publisher\" content=\"https:\/\/www.facebook.com\/celtTV\/\" \/>\n<meta property=\"article:published_time\" content=\"2026-01-05T23:54:55+00:00\" \/>\n<meta property=\"article:modified_time\" content=\"2026-01-06T00:07:56+00:00\" \/>\n<meta property=\"og:image\" content=\"https:\/\/www.celttv.com.ar\/wp-content\/uploads\/2026\/01\/3.jpg\" \/>\n\t<meta property=\"og:image:width\" content=\"755\" \/>\n\t<meta property=\"og:image:height\" content=\"546\" \/>\n\t<meta property=\"og:image:type\" content=\"image\/jpeg\" \/>\n<meta name=\"author\" content=\"Miguel Herrada\" \/>\n<meta name=\"twitter:card\" content=\"summary_large_image\" \/>\n<meta name=\"twitter:label1\" content=\"Escrito por\" \/>\n\t<meta name=\"twitter:data1\" content=\"Miguel Herrada\" \/>\n\t<meta name=\"twitter:label2\" content=\"Tiempo de lectura\" \/>\n\t<meta name=\"twitter:data2\" content=\"3 minutos\" \/>\n<script type=\"application\/ld+json\" class=\"yoast-schema-graph\">{\"@context\":\"https:\/\/schema.org\",\"@graph\":[{\"@type\":\"NewsArticle\",\"@id\":\"https:\/\/www.celttv.com.ar\/index.php\/2026\/01\/05\/bomberos-de-tornquist-alertan-por-las-condiciones-climaticas-la-falta-de-cortafuegos-y-el-avance-de-incendios-extremos\/#article\",\"isPartOf\":{\"@id\":\"https:\/\/www.celttv.com.ar\/index.php\/2026\/01\/05\/bomberos-de-tornquist-alertan-por-las-condiciones-climaticas-la-falta-de-cortafuegos-y-el-avance-de-incendios-extremos\/\"},\"author\":{\"name\":\"Miguel Herrada\",\"@id\":\"https:\/\/www.celttv.com.ar\/#\/schema\/person\/9059dc91dc7204ef4182cdb65225f07d\"},\"headline\":\"Bomberos de Tornquist alertan por las condiciones clim\u00e1ticas, la falta de cortafuegos y el avance de incendios extremos\",\"datePublished\":\"2026-01-05T23:54:55+00:00\",\"dateModified\":\"2026-01-06T00:07:56+00:00\",\"mainEntityOfPage\":{\"@id\":\"https:\/\/www.celttv.com.ar\/index.php\/2026\/01\/05\/bomberos-de-tornquist-alertan-por-las-condiciones-climaticas-la-falta-de-cortafuegos-y-el-avance-de-incendios-extremos\/\"},\"wordCount\":545,\"publisher\":{\"@id\":\"https:\/\/www.celttv.com.ar\/#organization\"},\"articleSection\":[\"Comunidad\"],\"inLanguage\":\"es\"},{\"@type\":\"WebPage\",\"@id\":\"https:\/\/www.celttv.com.ar\/index.php\/2026\/01\/05\/bomberos-de-tornquist-alertan-por-las-condiciones-climaticas-la-falta-de-cortafuegos-y-el-avance-de-incendios-extremos\/\",\"url\":\"https:\/\/www.celttv.com.ar\/index.php\/2026\/01\/05\/bomberos-de-tornquist-alertan-por-las-condiciones-climaticas-la-falta-de-cortafuegos-y-el-avance-de-incendios-extremos\/\",\"name\":\"Bomberos de Tornquist alertan por las condiciones clim\u00e1ticas, la falta de cortafuegos y el avance de incendios extremos - CELTTV\",\"isPartOf\":{\"@id\":\"https:\/\/www.celttv.com.ar\/#website\"},\"datePublished\":\"2026-01-05T23:54:55+00:00\",\"dateModified\":\"2026-01-06T00:07:56+00:00\",\"description\":\"Sitio web de noticias de la localidad de Tornquist, provincia de Buenos Aires, Rep\u00fablica Argentina. Contenido propio originado por periodistas de CELTTV, el canal de TV local de la Cooperativa El\u00e9ctrica de Tornquist. Turismo, Pol\u00edtica, Sociedad, Deporte, Cultura y todo el contenido de inter\u00e9s general que la gente del pueblo y la regi\u00f3n debe conocer.\",\"breadcrumb\":{\"@id\":\"https:\/\/www.celttv.com.ar\/index.php\/2026\/01\/05\/bomberos-de-tornquist-alertan-por-las-condiciones-climaticas-la-falta-de-cortafuegos-y-el-avance-de-incendios-extremos\/#breadcrumb\"},\"inLanguage\":\"es\",\"potentialAction\":[{\"@type\":\"ReadAction\",\"target\":[\"https:\/\/www.celttv.com.ar\/index.php\/2026\/01\/05\/bomberos-de-tornquist-alertan-por-las-condiciones-climaticas-la-falta-de-cortafuegos-y-el-avance-de-incendios-extremos\/\"]}]},{\"@type\":\"BreadcrumbList\",\"@id\":\"https:\/\/www.celttv.com.ar\/index.php\/2026\/01\/05\/bomberos-de-tornquist-alertan-por-las-condiciones-climaticas-la-falta-de-cortafuegos-y-el-avance-de-incendios-extremos\/#breadcrumb\",\"itemListElement\":[{\"@type\":\"ListItem\",\"position\":1,\"name\":\"Inicio\",\"item\":\"https:\/\/www.celttv.com.ar\/\"},{\"@type\":\"ListItem\",\"position\":2,\"name\":\"Bomberos de Tornquist alertan por las condiciones clim\u00e1ticas, la falta de cortafuegos y el avance de incendios extremos\"}]},{\"@type\":\"WebSite\",\"@id\":\"https:\/\/www.celttv.com.ar\/#website\",\"url\":\"https:\/\/www.celttv.com.ar\/\",\"name\":\"CELTTV\",\"description\":\"Cooperativa El\u00e9ctrica de Tornquist\",\"publisher\":{\"@id\":\"https:\/\/www.celttv.com.ar\/#organization\"},\"potentialAction\":[{\"@type\":\"SearchAction\",\"target\":{\"@type\":\"EntryPoint\",\"urlTemplate\":\"https:\/\/www.celttv.com.ar\/?s={search_term_string}\"},\"query-input\":\"required name=search_term_string\"}],\"inLanguage\":\"es\"},{\"@type\":\"Organization\",\"@id\":\"https:\/\/www.celttv.com.ar\/#organization\",\"name\":\"CELTTV\",\"url\":\"https:\/\/www.celttv.com.ar\/\",\"sameAs\":[\"https:\/\/www.youtube.com\/channel\/UCz_oIt8Hig64Ub-EmcNPIhg\",\"https:\/\/www.facebook.com\/celtTV\/\"],\"logo\":{\"@type\":\"ImageObject\",\"inLanguage\":\"es\",\"@id\":\"https:\/\/www.celttv.com.ar\/#\/schema\/logo\/image\/\",\"url\":\"http:\/\/www.celttv.com.ar\/wp-content\/uploads\/2022\/08\/logo-1.png\",\"contentUrl\":\"http:\/\/www.celttv.com.ar\/wp-content\/uploads\/2022\/08\/logo-1.png\",\"width\":461,\"height\":159,\"caption\":\"CELTTV\"},\"image\":{\"@id\":\"https:\/\/www.celttv.com.ar\/#\/schema\/logo\/image\/\"}},{\"@type\":\"Person\",\"@id\":\"https:\/\/www.celttv.com.ar\/#\/schema\/person\/9059dc91dc7204ef4182cdb65225f07d\",\"name\":\"Miguel Herrada\",\"image\":{\"@type\":\"ImageObject\",\"inLanguage\":\"es\",\"@id\":\"https:\/\/www.celttv.com.ar\/#\/schema\/person\/image\/\",\"url\":\"https:\/\/secure.gravatar.com\/avatar\/67724d5b3c716623ffd76bec7e45841a442ac3b456e914dbba90b0fad2b8e0b1?s=96&d=mm&r=g\",\"contentUrl\":\"https:\/\/secure.gravatar.com\/avatar\/67724d5b3c716623ffd76bec7e45841a442ac3b456e914dbba90b0fad2b8e0b1?s=96&d=mm&r=g\",\"caption\":\"Miguel Herrada\"}}]}<\/script>\n<!-- \/ Yoast SEO plugin. -->","yoast_head_json":{"title":"Bomberos de Tornquist alertan por las condiciones clim\u00e1ticas, la falta de cortafuegos y el avance de incendios extremos - CELTTV","description":"Sitio web de noticias de la localidad de Tornquist, provincia de Buenos Aires, Rep\u00fablica Argentina. Contenido propio originado por periodistas de CELTTV, el canal de TV local de la Cooperativa El\u00e9ctrica de Tornquist. Turismo, Pol\u00edtica, Sociedad, Deporte, Cultura y todo el contenido de inter\u00e9s general que la gente del pueblo y la regi\u00f3n debe conocer.","robots":{"index":"index","follow":"follow","max-snippet":"max-snippet:-1","max-image-preview":"max-image-preview:large","max-video-preview":"max-video-preview:-1"},"canonical":"https:\/\/www.celttv.com.ar\/index.php\/2026\/01\/05\/bomberos-de-tornquist-alertan-por-las-condiciones-climaticas-la-falta-de-cortafuegos-y-el-avance-de-incendios-extremos\/","og_locale":"es_ES","og_type":"article","og_title":"Bomberos de Tornquist alertan por las condiciones clim\u00e1ticas, la falta de cortafuegos y el avance de incendios extremos - CELTTV","og_description":"Sitio web de noticias de la localidad de Tornquist, provincia de Buenos Aires, Rep\u00fablica Argentina. Contenido propio originado por periodistas de CELTTV, el canal de TV local de la Cooperativa El\u00e9ctrica de Tornquist. Turismo, Pol\u00edtica, Sociedad, Deporte, Cultura y todo el contenido de inter\u00e9s general que la gente del pueblo y la regi\u00f3n debe conocer.","og_url":"https:\/\/www.celttv.com.ar\/index.php\/2026\/01\/05\/bomberos-de-tornquist-alertan-por-las-condiciones-climaticas-la-falta-de-cortafuegos-y-el-avance-de-incendios-extremos\/","og_site_name":"CELTTV","article_publisher":"https:\/\/www.facebook.com\/celtTV\/","article_published_time":"2026-01-05T23:54:55+00:00","article_modified_time":"2026-01-06T00:07:56+00:00","og_image":[{"width":755,"height":546,"url":"https:\/\/www.celttv.com.ar\/wp-content\/uploads\/2026\/01\/3.jpg","type":"image\/jpeg"}],"author":"Miguel Herrada","twitter_card":"summary_large_image","twitter_misc":{"Escrito por":"Miguel Herrada","Tiempo de lectura":"3 minutos"},"schema":{"@context":"https:\/\/schema.org","@graph":[{"@type":"NewsArticle","@id":"https:\/\/www.celttv.com.ar\/index.php\/2026\/01\/05\/bomberos-de-tornquist-alertan-por-las-condiciones-climaticas-la-falta-de-cortafuegos-y-el-avance-de-incendios-extremos\/#article","isPartOf":{"@id":"https:\/\/www.celttv.com.ar\/index.php\/2026\/01\/05\/bomberos-de-tornquist-alertan-por-las-condiciones-climaticas-la-falta-de-cortafuegos-y-el-avance-de-incendios-extremos\/"},"author":{"name":"Miguel Herrada","@id":"https:\/\/www.celttv.com.ar\/#\/schema\/person\/9059dc91dc7204ef4182cdb65225f07d"},"headline":"Bomberos de Tornquist alertan por las condiciones clim\u00e1ticas, la falta de cortafuegos y el avance de incendios extremos","datePublished":"2026-01-05T23:54:55+00:00","dateModified":"2026-01-06T00:07:56+00:00","mainEntityOfPage":{"@id":"https:\/\/www.celttv.com.ar\/index.php\/2026\/01\/05\/bomberos-de-tornquist-alertan-por-las-condiciones-climaticas-la-falta-de-cortafuegos-y-el-avance-de-incendios-extremos\/"},"wordCount":545,"publisher":{"@id":"https:\/\/www.celttv.com.ar\/#organization"},"articleSection":["Comunidad"],"inLanguage":"es"},{"@type":"WebPage","@id":"https:\/\/www.celttv.com.ar\/index.php\/2026\/01\/05\/bomberos-de-tornquist-alertan-por-las-condiciones-climaticas-la-falta-de-cortafuegos-y-el-avance-de-incendios-extremos\/","url":"https:\/\/www.celttv.com.ar\/index.php\/2026\/01\/05\/bomberos-de-tornquist-alertan-por-las-condiciones-climaticas-la-falta-de-cortafuegos-y-el-avance-de-incendios-extremos\/","name":"Bomberos de Tornquist alertan por las condiciones clim\u00e1ticas, la falta de cortafuegos y el avance de incendios extremos - CELTTV","isPartOf":{"@id":"https:\/\/www.celttv.com.ar\/#website"},"datePublished":"2026-01-05T23:54:55+00:00","dateModified":"2026-01-06T00:07:56+00:00","description":"Sitio web de noticias de la localidad de Tornquist, provincia de Buenos Aires, Rep\u00fablica Argentina. Contenido propio originado por periodistas de CELTTV, el canal de TV local de la Cooperativa El\u00e9ctrica de Tornquist. Turismo, Pol\u00edtica, Sociedad, Deporte, Cultura y todo el contenido de inter\u00e9s general que la gente del pueblo y la regi\u00f3n debe conocer.","breadcrumb":{"@id":"https:\/\/www.celttv.com.ar\/index.php\/2026\/01\/05\/bomberos-de-tornquist-alertan-por-las-condiciones-climaticas-la-falta-de-cortafuegos-y-el-avance-de-incendios-extremos\/#breadcrumb"},"inLanguage":"es","potentialAction":[{"@type":"ReadAction","target":["https:\/\/www.celttv.com.ar\/index.php\/2026\/01\/05\/bomberos-de-tornquist-alertan-por-las-condiciones-climaticas-la-falta-de-cortafuegos-y-el-avance-de-incendios-extremos\/"]}]},{"@type":"BreadcrumbList","@id":"https:\/\/www.celttv.com.ar\/index.php\/2026\/01\/05\/bomberos-de-tornquist-alertan-por-las-condiciones-climaticas-la-falta-de-cortafuegos-y-el-avance-de-incendios-extremos\/#breadcrumb","itemListElement":[{"@type":"ListItem","position":1,"name":"Inicio","item":"https:\/\/www.celttv.com.ar\/"},{"@type":"ListItem","position":2,"name":"Bomberos de Tornquist alertan por las condiciones clim\u00e1ticas, la falta de cortafuegos y el avance de incendios extremos"}]},{"@type":"WebSite","@id":"https:\/\/www.celttv.com.ar\/#website","url":"https:\/\/www.celttv.com.ar\/","name":"CELTTV","description":"Cooperativa El\u00e9ctrica de Tornquist","publisher":{"@id":"https:\/\/www.celttv.com.ar\/#organization"},"potentialAction":[{"@type":"SearchAction","target":{"@type":"EntryPoint","urlTemplate":"https:\/\/www.celttv.com.ar\/?s={search_term_string}"},"query-input":"required name=search_term_string"}],"inLanguage":"es"},{"@type":"Organization","@id":"https:\/\/www.celttv.com.ar\/#organization","name":"CELTTV","url":"https:\/\/www.celttv.com.ar\/","sameAs":["https:\/\/www.youtube.com\/channel\/UCz_oIt8Hig64Ub-EmcNPIhg","https:\/\/www.facebook.com\/celtTV\/"],"logo":{"@type":"ImageObject","inLanguage":"es","@id":"https:\/\/www.celttv.com.ar\/#\/schema\/logo\/image\/","url":"http:\/\/www.celttv.com.ar\/wp-content\/uploads\/2022\/08\/logo-1.png","contentUrl":"http:\/\/www.celttv.com.ar\/wp-content\/uploads\/2022\/08\/logo-1.png","width":461,"height":159,"caption":"CELTTV"},"image":{"@id":"https:\/\/www.celttv.com.ar\/#\/schema\/logo\/image\/"}},{"@type":"Person","@id":"https:\/\/www.celttv.com.ar\/#\/schema\/person\/9059dc91dc7204ef4182cdb65225f07d","name":"Miguel Herrada","image":{"@type":"ImageObject","inLanguage":"es","@id":"https:\/\/www.celttv.com.ar\/#\/schema\/person\/image\/","url":"https:\/\/secure.gravatar.com\/avatar\/67724d5b3c716623ffd76bec7e45841a442ac3b456e914dbba90b0fad2b8e0b1?s=96&d=mm&r=g","contentUrl":"https:\/\/secure.gravatar.com\/avatar\/67724d5b3c716623ffd76bec7e45841a442ac3b456e914dbba90b0fad2b8e0b1?s=96&d=mm&r=g","caption":"Miguel Herrada"}}]}},"_links":{"self":[{"href":"https:\/\/www.celttv.com.ar\/index.php\/wp-json\/wp\/v2\/posts\/90799","targetHints":{"allow":["GET"]}}],"collection":[{"href":"https:\/\/www.celttv.com.ar\/index.php\/wp-json\/wp\/v2\/posts"}],"about":[{"href":"https:\/\/www.celttv.com.ar\/index.php\/wp-json\/wp\/v2\/types\/post"}],"author":[{"embeddable":true,"href":"https:\/\/www.celttv.com.ar\/index.php\/wp-json\/wp\/v2\/users\/5"}],"replies":[{"embeddable":true,"href":"https:\/\/www.celttv.com.ar\/index.php\/wp-json\/wp\/v2\/comments?post=90799"}],"version-history":[{"count":1,"href":"https:\/\/www.celttv.com.ar\/index.php\/wp-json\/wp\/v2\/posts\/90799\/revisions"}],"predecessor-version":[{"id":90803,"href":"https:\/\/www.celttv.com.ar\/index.php\/wp-json\/wp\/v2\/posts\/90799\/revisions\/90803"}],"wp:featuredmedia":[{"embeddable":true,"href":"https:\/\/www.celttv.com.ar\/index.php\/wp-json\/wp\/v2\/media\/90802"}],"wp:attachment":[{"href":"https:\/\/www.celttv.com.ar\/index.php\/wp-json\/wp\/v2\/media?parent=90799"}],"wp:term":[{"taxonomy":"category","embeddable":true,"href":"https:\/\/www.celttv.com.ar\/index.php\/wp-json\/wp\/v2\/categories?post=90799"},{"taxonomy":"post_tag","embeddable":true,"href":"https:\/\/www.celttv.com.ar\/index.php\/wp-json\/wp\/v2\/tags?post=90799"}],"curies":[{"name":"wp","href":"https:\/\/api.w.org\/{rel}","templated":true}]}}