{"id":90858,"date":"2026-01-13T10:41:39","date_gmt":"2026-01-13T13:41:39","guid":{"rendered":"https:\/\/www.celttv.com.ar\/?p=90858"},"modified":"2026-01-13T10:41:39","modified_gmt":"2026-01-13T13:41:39","slug":"dos-incendios-forestales-registrados-en-el-distrito-a-raiz-de-la-actividad-electrica-de-la-tarde-de-este-lunes","status":"publish","type":"post","link":"https:\/\/www.celttv.com.ar\/index.php\/2026\/01\/13\/dos-incendios-forestales-registrados-en-el-distrito-a-raiz-de-la-actividad-electrica-de-la-tarde-de-este-lunes\/","title":{"rendered":"Dos incendios forestales registrados en el distrito a ra\u00edz de la actividad el\u00e9ctrica de la tarde de este lunes"},"content":{"rendered":"<p align=\"JUSTIFY\"><em><span style=\"color: #1b2228;\"><span style=\"font-family: Calibri, sans-serif;\"><span style=\"font-size: medium;\"><i><b>Dos incendios forestales registrados en el distrito a ra\u00edz de la actividad el\u00e9ctrica de la tarde de este lunes<\/b><\/i><\/span><\/span><\/span><\/em><\/p>\n<p align=\"JUSTIFY\"><em><span style=\"color: #1b2228;\"><span style=\"font-family: Calibri, sans-serif;\"><span style=\"font-size: medium;\"><i><b>Tornquist Municipio, a trav\u00e9s del \u00e1rea de Defensa Civil,\u00a0 informa a la comunidad que, como consecuencia de la intensa actividad el\u00e9ctrica registrada durante la tarde de AYER, asociada a las tormentas que afectaron a la regi\u00f3n, se produjeron dos incendios forestales en simult\u00e1neo dentro del distrito.<\/b><\/i><\/span><\/span><\/span><\/em><\/p>\n<p align=\"JUSTIFY\"><em><span style=\"color: #1b2228;\"><span style=\"font-family: Calibri, sans-serif;\"><span style=\"font-size: medium;\"><i><b>Ambos focos \u00edgneos se encuentran actualmente circunscriptos, sin fuego en sus per\u00edmetros, aunque persisten puntos calientes en el interior de las zonas afectadas, los cuales contin\u00faan siendo combatidos por las dotaciones de bomberos.<\/b><\/i><\/span><\/span><\/span><\/em><\/p>\n<p align=\"JUSTIFY\"><em><span style=\"color: #1b2228;\"><span style=\"font-family: Calibri, sans-serif;\"><span style=\"font-size: medium;\"><i><b>Uno de los incendios se desarroll\u00f3 en sectores rurales de las estancias El Chaco y Los Cuises. En este siniestro el fuego afect\u00f3 un ca\u00f1ad\u00f3n con presencia de cerros, quemando pastizales naturales. Trabajan en el lugar dotaciones de Bomberos Voluntarios de Tornquist y Saavedra.<\/b><\/i><\/span><\/span><\/span><\/em><\/p>\n<p align=\"JUSTIFY\"><em><span style=\"color: #1b2228;\"><span style=\"font-family: Calibri, sans-serif;\"><span style=\"font-size: medium;\"><i><b>El segundo incendio tuvo lugar en un sector comprendido entre Estancia Las Acacias y Cerro Colorado, sobre el camino de La Trochita. En la emergencia intervinieron Bomberos Voluntarios de Sierra de la Ventana y Villa Ventana.<\/b><\/i><\/span><\/span><\/span><\/em><\/p>\n<p align=\"JUSTIFY\"><em><span style=\"color: #1b2228;\"><span style=\"font-family: Calibri, sans-serif;\"><span style=\"font-size: medium;\"><i><b>Tornquist Municipio agradece el r\u00e1pido accionar de los cuerpos de bomberos, as\u00ed como la valiosa colaboraci\u00f3n de los baqueanos de la zona.<\/b><\/i><\/span><\/span><\/span><\/em><\/p>\n","protected":false},"excerpt":{"rendered":"<p>Dos incendios forestales registrados en el distrito a ra\u00edz de la actividad el\u00e9ctrica de la tarde de este lunes Tornquist Municipio, a trav\u00e9s del \u00e1rea de Defensa Civil,\u00a0 informa a la comunidad que, como consecuencia de la intensa actividad el\u00e9ctrica registrada durante la tarde de AYER, asociada a las tormentas que afectaron a la regi\u00f3n, [&hellip;]<\/p>\n","protected":false},"author":5,"featured_media":80659,"comment_status":"closed","ping_status":"closed","sticky":false,"template":"","format":"standard","meta":{"footnotes":""},"categories":[51],"tags":[],"class_list":["post-90858","post","type-post","status-publish","format-standard","has-post-thumbnail","hentry","category-comunidad"],"yoast_head":"<!-- This site is optimized with the Yoast SEO plugin v19.7.1 - https:\/\/yoast.com\/wordpress\/plugins\/seo\/ -->\n<title>Dos incendios forestales registrados en el distrito a ra\u00edz de la actividad el\u00e9ctrica de la tarde de este lunes - CELTTV<\/title>\n<meta name=\"description\" content=\"Sitio web de noticias de la localidad de Tornquist, provincia de Buenos Aires, Rep\u00fablica Argentina. Contenido propio originado por periodistas de CELTTV, el canal de TV local de la Cooperativa El\u00e9ctrica de Tornquist. Turismo, Pol\u00edtica, Sociedad, Deporte, Cultura y todo el contenido de inter\u00e9s general que la gente del pueblo y la regi\u00f3n debe conocer.\" \/>\n<meta name=\"robots\" content=\"index, follow, max-snippet:-1, max-image-preview:large, max-video-preview:-1\" \/>\n<link rel=\"canonical\" href=\"https:\/\/www.celttv.com.ar\/index.php\/2026\/01\/13\/dos-incendios-forestales-registrados-en-el-distrito-a-raiz-de-la-actividad-electrica-de-la-tarde-de-este-lunes\/\" \/>\n<meta property=\"og:locale\" content=\"es_ES\" \/>\n<meta property=\"og:type\" content=\"article\" \/>\n<meta property=\"og:title\" content=\"Dos incendios forestales registrados en el distrito a ra\u00edz de la actividad el\u00e9ctrica de la tarde de este lunes - CELTTV\" \/>\n<meta property=\"og:description\" content=\"Sitio web de noticias de la localidad de Tornquist, provincia de Buenos Aires, Rep\u00fablica Argentina. Contenido propio originado por periodistas de CELTTV, el canal de TV local de la Cooperativa El\u00e9ctrica de Tornquist. Turismo, Pol\u00edtica, Sociedad, Deporte, Cultura y todo el contenido de inter\u00e9s general que la gente del pueblo y la regi\u00f3n debe conocer.\" \/>\n<meta property=\"og:url\" content=\"https:\/\/www.celttv.com.ar\/index.php\/2026\/01\/13\/dos-incendios-forestales-registrados-en-el-distrito-a-raiz-de-la-actividad-electrica-de-la-tarde-de-este-lunes\/\" \/>\n<meta property=\"og:site_name\" content=\"CELTTV\" \/>\n<meta property=\"article:publisher\" content=\"https:\/\/www.facebook.com\/celtTV\/\" \/>\n<meta property=\"article:published_time\" content=\"2026-01-13T13:41:39+00:00\" \/>\n<meta property=\"og:image\" content=\"https:\/\/www.celttv.com.ar\/wp-content\/uploads\/2023\/12\/incendios-4.jpg\" \/>\n\t<meta property=\"og:image:width\" content=\"875\" \/>\n\t<meta property=\"og:image:height\" content=\"626\" \/>\n\t<meta property=\"og:image:type\" content=\"image\/jpeg\" \/>\n<meta name=\"author\" content=\"Miguel Herrada\" \/>\n<meta name=\"twitter:card\" content=\"summary_large_image\" \/>\n<meta name=\"twitter:label1\" content=\"Escrito por\" \/>\n\t<meta name=\"twitter:data1\" content=\"Miguel Herrada\" \/>\n\t<meta name=\"twitter:label2\" content=\"Tiempo de lectura\" \/>\n\t<meta name=\"twitter:data2\" content=\"1 minuto\" \/>\n<script type=\"application\/ld+json\" class=\"yoast-schema-graph\">{\"@context\":\"https:\/\/schema.org\",\"@graph\":[{\"@type\":\"NewsArticle\",\"@id\":\"https:\/\/www.celttv.com.ar\/index.php\/2026\/01\/13\/dos-incendios-forestales-registrados-en-el-distrito-a-raiz-de-la-actividad-electrica-de-la-tarde-de-este-lunes\/#article\",\"isPartOf\":{\"@id\":\"https:\/\/www.celttv.com.ar\/index.php\/2026\/01\/13\/dos-incendios-forestales-registrados-en-el-distrito-a-raiz-de-la-actividad-electrica-de-la-tarde-de-este-lunes\/\"},\"author\":{\"name\":\"Miguel Herrada\",\"@id\":\"https:\/\/www.celttv.com.ar\/#\/schema\/person\/9059dc91dc7204ef4182cdb65225f07d\"},\"headline\":\"Dos incendios forestales registrados en el distrito a ra\u00edz de la actividad el\u00e9ctrica de la tarde de este lunes\",\"datePublished\":\"2026-01-13T13:41:39+00:00\",\"dateModified\":\"2026-01-13T13:41:39+00:00\",\"mainEntityOfPage\":{\"@id\":\"https:\/\/www.celttv.com.ar\/index.php\/2026\/01\/13\/dos-incendios-forestales-registrados-en-el-distrito-a-raiz-de-la-actividad-electrica-de-la-tarde-de-este-lunes\/\"},\"wordCount\":233,\"publisher\":{\"@id\":\"https:\/\/www.celttv.com.ar\/#organization\"},\"articleSection\":[\"Comunidad\"],\"inLanguage\":\"es\"},{\"@type\":\"WebPage\",\"@id\":\"https:\/\/www.celttv.com.ar\/index.php\/2026\/01\/13\/dos-incendios-forestales-registrados-en-el-distrito-a-raiz-de-la-actividad-electrica-de-la-tarde-de-este-lunes\/\",\"url\":\"https:\/\/www.celttv.com.ar\/index.php\/2026\/01\/13\/dos-incendios-forestales-registrados-en-el-distrito-a-raiz-de-la-actividad-electrica-de-la-tarde-de-este-lunes\/\",\"name\":\"Dos incendios forestales registrados en el distrito a ra\u00edz de la actividad el\u00e9ctrica de la tarde de este lunes - CELTTV\",\"isPartOf\":{\"@id\":\"https:\/\/www.celttv.com.ar\/#website\"},\"datePublished\":\"2026-01-13T13:41:39+00:00\",\"dateModified\":\"2026-01-13T13:41:39+00:00\",\"description\":\"Sitio web de noticias de la localidad de Tornquist, provincia de Buenos Aires, Rep\u00fablica Argentina. Contenido propio originado por periodistas de CELTTV, el canal de TV local de la Cooperativa El\u00e9ctrica de Tornquist. Turismo, Pol\u00edtica, Sociedad, Deporte, Cultura y todo el contenido de inter\u00e9s general que la gente del pueblo y la regi\u00f3n debe conocer.\",\"breadcrumb\":{\"@id\":\"https:\/\/www.celttv.com.ar\/index.php\/2026\/01\/13\/dos-incendios-forestales-registrados-en-el-distrito-a-raiz-de-la-actividad-electrica-de-la-tarde-de-este-lunes\/#breadcrumb\"},\"inLanguage\":\"es\",\"potentialAction\":[{\"@type\":\"ReadAction\",\"target\":[\"https:\/\/www.celttv.com.ar\/index.php\/2026\/01\/13\/dos-incendios-forestales-registrados-en-el-distrito-a-raiz-de-la-actividad-electrica-de-la-tarde-de-este-lunes\/\"]}]},{\"@type\":\"BreadcrumbList\",\"@id\":\"https:\/\/www.celttv.com.ar\/index.php\/2026\/01\/13\/dos-incendios-forestales-registrados-en-el-distrito-a-raiz-de-la-actividad-electrica-de-la-tarde-de-este-lunes\/#breadcrumb\",\"itemListElement\":[{\"@type\":\"ListItem\",\"position\":1,\"name\":\"Inicio\",\"item\":\"https:\/\/www.celttv.com.ar\/\"},{\"@type\":\"ListItem\",\"position\":2,\"name\":\"Dos incendios forestales registrados en el distrito a ra\u00edz de la actividad el\u00e9ctrica de la tarde de este lunes\"}]},{\"@type\":\"WebSite\",\"@id\":\"https:\/\/www.celttv.com.ar\/#website\",\"url\":\"https:\/\/www.celttv.com.ar\/\",\"name\":\"CELTTV\",\"description\":\"Cooperativa El\u00e9ctrica de Tornquist\",\"publisher\":{\"@id\":\"https:\/\/www.celttv.com.ar\/#organization\"},\"potentialAction\":[{\"@type\":\"SearchAction\",\"target\":{\"@type\":\"EntryPoint\",\"urlTemplate\":\"https:\/\/www.celttv.com.ar\/?s={search_term_string}\"},\"query-input\":\"required name=search_term_string\"}],\"inLanguage\":\"es\"},{\"@type\":\"Organization\",\"@id\":\"https:\/\/www.celttv.com.ar\/#organization\",\"name\":\"CELTTV\",\"url\":\"https:\/\/www.celttv.com.ar\/\",\"sameAs\":[\"https:\/\/www.youtube.com\/channel\/UCz_oIt8Hig64Ub-EmcNPIhg\",\"https:\/\/www.facebook.com\/celtTV\/\"],\"logo\":{\"@type\":\"ImageObject\",\"inLanguage\":\"es\",\"@id\":\"https:\/\/www.celttv.com.ar\/#\/schema\/logo\/image\/\",\"url\":\"http:\/\/www.celttv.com.ar\/wp-content\/uploads\/2022\/08\/logo-1.png\",\"contentUrl\":\"http:\/\/www.celttv.com.ar\/wp-content\/uploads\/2022\/08\/logo-1.png\",\"width\":461,\"height\":159,\"caption\":\"CELTTV\"},\"image\":{\"@id\":\"https:\/\/www.celttv.com.ar\/#\/schema\/logo\/image\/\"}},{\"@type\":\"Person\",\"@id\":\"https:\/\/www.celttv.com.ar\/#\/schema\/person\/9059dc91dc7204ef4182cdb65225f07d\",\"name\":\"Miguel Herrada\",\"image\":{\"@type\":\"ImageObject\",\"inLanguage\":\"es\",\"@id\":\"https:\/\/www.celttv.com.ar\/#\/schema\/person\/image\/\",\"url\":\"https:\/\/secure.gravatar.com\/avatar\/67724d5b3c716623ffd76bec7e45841a442ac3b456e914dbba90b0fad2b8e0b1?s=96&d=mm&r=g\",\"contentUrl\":\"https:\/\/secure.gravatar.com\/avatar\/67724d5b3c716623ffd76bec7e45841a442ac3b456e914dbba90b0fad2b8e0b1?s=96&d=mm&r=g\",\"caption\":\"Miguel Herrada\"}}]}<\/script>\n<!-- \/ Yoast SEO plugin. -->","yoast_head_json":{"title":"Dos incendios forestales registrados en el distrito a ra\u00edz de la actividad el\u00e9ctrica de la tarde de este lunes - CELTTV","description":"Sitio web de noticias de la localidad de Tornquist, provincia de Buenos Aires, Rep\u00fablica Argentina. Contenido propio originado por periodistas de CELTTV, el canal de TV local de la Cooperativa El\u00e9ctrica de Tornquist. Turismo, Pol\u00edtica, Sociedad, Deporte, Cultura y todo el contenido de inter\u00e9s general que la gente del pueblo y la regi\u00f3n debe conocer.","robots":{"index":"index","follow":"follow","max-snippet":"max-snippet:-1","max-image-preview":"max-image-preview:large","max-video-preview":"max-video-preview:-1"},"canonical":"https:\/\/www.celttv.com.ar\/index.php\/2026\/01\/13\/dos-incendios-forestales-registrados-en-el-distrito-a-raiz-de-la-actividad-electrica-de-la-tarde-de-este-lunes\/","og_locale":"es_ES","og_type":"article","og_title":"Dos incendios forestales registrados en el distrito a ra\u00edz de la actividad el\u00e9ctrica de la tarde de este lunes - CELTTV","og_description":"Sitio web de noticias de la localidad de Tornquist, provincia de Buenos Aires, Rep\u00fablica Argentina. Contenido propio originado por periodistas de CELTTV, el canal de TV local de la Cooperativa El\u00e9ctrica de Tornquist. Turismo, Pol\u00edtica, Sociedad, Deporte, Cultura y todo el contenido de inter\u00e9s general que la gente del pueblo y la regi\u00f3n debe conocer.","og_url":"https:\/\/www.celttv.com.ar\/index.php\/2026\/01\/13\/dos-incendios-forestales-registrados-en-el-distrito-a-raiz-de-la-actividad-electrica-de-la-tarde-de-este-lunes\/","og_site_name":"CELTTV","article_publisher":"https:\/\/www.facebook.com\/celtTV\/","article_published_time":"2026-01-13T13:41:39+00:00","og_image":[{"width":875,"height":626,"url":"https:\/\/www.celttv.com.ar\/wp-content\/uploads\/2023\/12\/incendios-4.jpg","type":"image\/jpeg"}],"author":"Miguel Herrada","twitter_card":"summary_large_image","twitter_misc":{"Escrito por":"Miguel Herrada","Tiempo de lectura":"1 minuto"},"schema":{"@context":"https:\/\/schema.org","@graph":[{"@type":"NewsArticle","@id":"https:\/\/www.celttv.com.ar\/index.php\/2026\/01\/13\/dos-incendios-forestales-registrados-en-el-distrito-a-raiz-de-la-actividad-electrica-de-la-tarde-de-este-lunes\/#article","isPartOf":{"@id":"https:\/\/www.celttv.com.ar\/index.php\/2026\/01\/13\/dos-incendios-forestales-registrados-en-el-distrito-a-raiz-de-la-actividad-electrica-de-la-tarde-de-este-lunes\/"},"author":{"name":"Miguel Herrada","@id":"https:\/\/www.celttv.com.ar\/#\/schema\/person\/9059dc91dc7204ef4182cdb65225f07d"},"headline":"Dos incendios forestales registrados en el distrito a ra\u00edz de la actividad el\u00e9ctrica de la tarde de este lunes","datePublished":"2026-01-13T13:41:39+00:00","dateModified":"2026-01-13T13:41:39+00:00","mainEntityOfPage":{"@id":"https:\/\/www.celttv.com.ar\/index.php\/2026\/01\/13\/dos-incendios-forestales-registrados-en-el-distrito-a-raiz-de-la-actividad-electrica-de-la-tarde-de-este-lunes\/"},"wordCount":233,"publisher":{"@id":"https:\/\/www.celttv.com.ar\/#organization"},"articleSection":["Comunidad"],"inLanguage":"es"},{"@type":"WebPage","@id":"https:\/\/www.celttv.com.ar\/index.php\/2026\/01\/13\/dos-incendios-forestales-registrados-en-el-distrito-a-raiz-de-la-actividad-electrica-de-la-tarde-de-este-lunes\/","url":"https:\/\/www.celttv.com.ar\/index.php\/2026\/01\/13\/dos-incendios-forestales-registrados-en-el-distrito-a-raiz-de-la-actividad-electrica-de-la-tarde-de-este-lunes\/","name":"Dos incendios forestales registrados en el distrito a ra\u00edz de la actividad el\u00e9ctrica de la tarde de este lunes - CELTTV","isPartOf":{"@id":"https:\/\/www.celttv.com.ar\/#website"},"datePublished":"2026-01-13T13:41:39+00:00","dateModified":"2026-01-13T13:41:39+00:00","description":"Sitio web de noticias de la localidad de Tornquist, provincia de Buenos Aires, Rep\u00fablica Argentina. Contenido propio originado por periodistas de CELTTV, el canal de TV local de la Cooperativa El\u00e9ctrica de Tornquist. Turismo, Pol\u00edtica, Sociedad, Deporte, Cultura y todo el contenido de inter\u00e9s general que la gente del pueblo y la regi\u00f3n debe conocer.","breadcrumb":{"@id":"https:\/\/www.celttv.com.ar\/index.php\/2026\/01\/13\/dos-incendios-forestales-registrados-en-el-distrito-a-raiz-de-la-actividad-electrica-de-la-tarde-de-este-lunes\/#breadcrumb"},"inLanguage":"es","potentialAction":[{"@type":"ReadAction","target":["https:\/\/www.celttv.com.ar\/index.php\/2026\/01\/13\/dos-incendios-forestales-registrados-en-el-distrito-a-raiz-de-la-actividad-electrica-de-la-tarde-de-este-lunes\/"]}]},{"@type":"BreadcrumbList","@id":"https:\/\/www.celttv.com.ar\/index.php\/2026\/01\/13\/dos-incendios-forestales-registrados-en-el-distrito-a-raiz-de-la-actividad-electrica-de-la-tarde-de-este-lunes\/#breadcrumb","itemListElement":[{"@type":"ListItem","position":1,"name":"Inicio","item":"https:\/\/www.celttv.com.ar\/"},{"@type":"ListItem","position":2,"name":"Dos incendios forestales registrados en el distrito a ra\u00edz de la actividad el\u00e9ctrica de la tarde de este lunes"}]},{"@type":"WebSite","@id":"https:\/\/www.celttv.com.ar\/#website","url":"https:\/\/www.celttv.com.ar\/","name":"CELTTV","description":"Cooperativa El\u00e9ctrica de Tornquist","publisher":{"@id":"https:\/\/www.celttv.com.ar\/#organization"},"potentialAction":[{"@type":"SearchAction","target":{"@type":"EntryPoint","urlTemplate":"https:\/\/www.celttv.com.ar\/?s={search_term_string}"},"query-input":"required name=search_term_string"}],"inLanguage":"es"},{"@type":"Organization","@id":"https:\/\/www.celttv.com.ar\/#organization","name":"CELTTV","url":"https:\/\/www.celttv.com.ar\/","sameAs":["https:\/\/www.youtube.com\/channel\/UCz_oIt8Hig64Ub-EmcNPIhg","https:\/\/www.facebook.com\/celtTV\/"],"logo":{"@type":"ImageObject","inLanguage":"es","@id":"https:\/\/www.celttv.com.ar\/#\/schema\/logo\/image\/","url":"http:\/\/www.celttv.com.ar\/wp-content\/uploads\/2022\/08\/logo-1.png","contentUrl":"http:\/\/www.celttv.com.ar\/wp-content\/uploads\/2022\/08\/logo-1.png","width":461,"height":159,"caption":"CELTTV"},"image":{"@id":"https:\/\/www.celttv.com.ar\/#\/schema\/logo\/image\/"}},{"@type":"Person","@id":"https:\/\/www.celttv.com.ar\/#\/schema\/person\/9059dc91dc7204ef4182cdb65225f07d","name":"Miguel Herrada","image":{"@type":"ImageObject","inLanguage":"es","@id":"https:\/\/www.celttv.com.ar\/#\/schema\/person\/image\/","url":"https:\/\/secure.gravatar.com\/avatar\/67724d5b3c716623ffd76bec7e45841a442ac3b456e914dbba90b0fad2b8e0b1?s=96&d=mm&r=g","contentUrl":"https:\/\/secure.gravatar.com\/avatar\/67724d5b3c716623ffd76bec7e45841a442ac3b456e914dbba90b0fad2b8e0b1?s=96&d=mm&r=g","caption":"Miguel Herrada"}}]}},"_links":{"self":[{"href":"https:\/\/www.celttv.com.ar\/index.php\/wp-json\/wp\/v2\/posts\/90858","targetHints":{"allow":["GET"]}}],"collection":[{"href":"https:\/\/www.celttv.com.ar\/index.php\/wp-json\/wp\/v2\/posts"}],"about":[{"href":"https:\/\/www.celttv.com.ar\/index.php\/wp-json\/wp\/v2\/types\/post"}],"author":[{"embeddable":true,"href":"https:\/\/www.celttv.com.ar\/index.php\/wp-json\/wp\/v2\/users\/5"}],"replies":[{"embeddable":true,"href":"https:\/\/www.celttv.com.ar\/index.php\/wp-json\/wp\/v2\/comments?post=90858"}],"version-history":[{"count":1,"href":"https:\/\/www.celttv.com.ar\/index.php\/wp-json\/wp\/v2\/posts\/90858\/revisions"}],"predecessor-version":[{"id":90859,"href":"https:\/\/www.celttv.com.ar\/index.php\/wp-json\/wp\/v2\/posts\/90858\/revisions\/90859"}],"wp:featuredmedia":[{"embeddable":true,"href":"https:\/\/www.celttv.com.ar\/index.php\/wp-json\/wp\/v2\/media\/80659"}],"wp:attachment":[{"href":"https:\/\/www.celttv.com.ar\/index.php\/wp-json\/wp\/v2\/media?parent=90858"}],"wp:term":[{"taxonomy":"category","embeddable":true,"href":"https:\/\/www.celttv.com.ar\/index.php\/wp-json\/wp\/v2\/categories?post=90858"},{"taxonomy":"post_tag","embeddable":true,"href":"https:\/\/www.celttv.com.ar\/index.php\/wp-json\/wp\/v2\/tags?post=90858"}],"curies":[{"name":"wp","href":"https:\/\/api.w.org\/{rel}","templated":true}]}}