{"id":90870,"date":"2026-01-13T20:43:30","date_gmt":"2026-01-13T23:43:30","guid":{"rendered":"https:\/\/www.celttv.com.ar\/?p=90870"},"modified":"2026-01-13T20:43:30","modified_gmt":"2026-01-13T23:43:30","slug":"tormentas-y-vientos-de-hasta-70-km-h-alerta-amarilla-para-tornquist-y-parte-del-sudoeste","status":"publish","type":"post","link":"https:\/\/www.celttv.com.ar\/index.php\/2026\/01\/13\/tormentas-y-vientos-de-hasta-70-km-h-alerta-amarilla-para-tornquist-y-parte-del-sudoeste\/","title":{"rendered":"Tormentas y vientos de hasta 70 km\/h: alerta amarilla para Tornquist y parte del Sudoeste"},"content":{"rendered":"<p>El Servicio Meteorol\u00f3gico Nacional emiti\u00f3 una alerta amarilla por tormentas para la tarde-noche del mi\u00e9rcoles y la madrugada del jueves en gran parte del Sudoeste Bonaerense.<\/p>\n<p>&#8220;El \u00e1rea ser\u00e1 afectada por tormentas de variada intensidad, algunas localmente fuertes. Las mismas estar\u00e1n acompa\u00f1adas por intensa actividad el\u00e9ctrica, ocasional ca\u00edda de granizo, r\u00e1fagas que pueden alcanzar los 70 kil\u00f3metros por hora y abundante ca\u00edda de agua en cortos per\u00edodos&#8221;, se indic\u00f3 desde el organismo.<\/p>\n<p>En este marco, se indic\u00f3 que &#8220;se prev\u00e9n valores de precipitaci\u00f3n acumulada entre 20 y 50 mil\u00edmetros, que pueden ser superados en forma puntual&#8221;.<\/p>\n<p>El fen\u00f3meno afectar\u00e1 a los distritos de Patagones, Villarino Puan, Coronel Su\u00e1rez, Bah\u00eda Blanca, Coronel Rosales y\u00a0Monte Hermoso, junto con una gran parte de\u00a0Tornquist, Saavedra, Coronel Su\u00e1rez y Coronel Dorrego.\u00a0Tambi\u00e9n abarca a las provincias de La Pampa y R\u00edo Negro.<\/p>\n<p>Seg\u00fan se explic\u00f3, el alerta tiene una vigencia que va desde las 18 del mi\u00e9rcoles hasta las 6 del jueves.<\/p>\n<p>Como es habitual en estos casos, desde el organismo difundieron una serie de recomendaciones, que incluyen evitar salidas al aire libre; no sacar la basura, limpiar desag\u00fces y sumideros, y desconectar electrodom\u00e9sticos y cortar el suministro el\u00e9ctrico en caso de que ingrese agua.<\/p>\n<div class=\"articulo__cuerpo\">\n<p>Tambi\u00e9n se aconseja cerrar y alejarse de puertas y ventas; retirar y asegurar objetos que puedan ser arrastrados por el viento y, en caso de encontrarse al aire libre, buscar refugio en un edificio, casa o veh\u00edculo cerrado.<\/p>\n<\/div>\n<div class=\"articulo__btn-google\">\n<p class=\"googlenews__texto\"><img loading=\"lazy\" decoding=\"async\" class=\"alignnone wp-image-90871 size-full\" src=\"https:\/\/www.celttv.com.ar\/wp-content\/uploads\/2026\/01\/ALERTA-13-1.png\" alt=\"\" width=\"419\" height=\"587\" srcset=\"https:\/\/www.celttv.com.ar\/wp-content\/uploads\/2026\/01\/ALERTA-13-1.png 419w, https:\/\/www.celttv.com.ar\/wp-content\/uploads\/2026\/01\/ALERTA-13-1-214x300.png 214w, https:\/\/www.celttv.com.ar\/wp-content\/uploads\/2026\/01\/ALERTA-13-1-360x504.png 360w\" sizes=\"auto, (max-width: 419px) 100vw, 419px\" \/><\/p>\n<\/div>\n","protected":false},"excerpt":{"rendered":"<p>El Servicio Meteorol\u00f3gico Nacional emiti\u00f3 una alerta amarilla por tormentas para la tarde-noche del mi\u00e9rcoles y la madrugada del jueves en gran parte del Sudoeste Bonaerense. &#8220;El \u00e1rea ser\u00e1 afectada por tormentas de variada intensidad, algunas localmente fuertes. Las mismas estar\u00e1n acompa\u00f1adas por intensa actividad el\u00e9ctrica, ocasional ca\u00edda de granizo, r\u00e1fagas que pueden alcanzar los [&hellip;]<\/p>\n","protected":false},"author":5,"featured_media":90871,"comment_status":"closed","ping_status":"closed","sticky":false,"template":"","format":"standard","meta":{"footnotes":""},"categories":[51],"tags":[],"class_list":["post-90870","post","type-post","status-publish","format-standard","has-post-thumbnail","hentry","category-comunidad"],"yoast_head":"<!-- This site is optimized with the Yoast SEO plugin v19.7.1 - https:\/\/yoast.com\/wordpress\/plugins\/seo\/ -->\n<title>Tormentas y vientos de hasta 70 km\/h: alerta amarilla para Tornquist y parte del Sudoeste - CELTTV<\/title>\n<meta name=\"description\" content=\"Sitio web de noticias de la localidad de Tornquist, provincia de Buenos Aires, Rep\u00fablica Argentina. Contenido propio originado por periodistas de CELTTV, el canal de TV local de la Cooperativa El\u00e9ctrica de Tornquist. Turismo, Pol\u00edtica, Sociedad, Deporte, Cultura y todo el contenido de inter\u00e9s general que la gente del pueblo y la regi\u00f3n debe conocer.\" \/>\n<meta name=\"robots\" content=\"index, follow, max-snippet:-1, max-image-preview:large, max-video-preview:-1\" \/>\n<link rel=\"canonical\" href=\"https:\/\/www.celttv.com.ar\/index.php\/2026\/01\/13\/tormentas-y-vientos-de-hasta-70-km-h-alerta-amarilla-para-tornquist-y-parte-del-sudoeste\/\" \/>\n<meta property=\"og:locale\" content=\"es_ES\" \/>\n<meta property=\"og:type\" content=\"article\" \/>\n<meta property=\"og:title\" content=\"Tormentas y vientos de hasta 70 km\/h: alerta amarilla para Tornquist y parte del Sudoeste - CELTTV\" \/>\n<meta property=\"og:description\" content=\"Sitio web de noticias de la localidad de Tornquist, provincia de Buenos Aires, Rep\u00fablica Argentina. Contenido propio originado por periodistas de CELTTV, el canal de TV local de la Cooperativa El\u00e9ctrica de Tornquist. Turismo, Pol\u00edtica, Sociedad, Deporte, Cultura y todo el contenido de inter\u00e9s general que la gente del pueblo y la regi\u00f3n debe conocer.\" \/>\n<meta property=\"og:url\" content=\"https:\/\/www.celttv.com.ar\/index.php\/2026\/01\/13\/tormentas-y-vientos-de-hasta-70-km-h-alerta-amarilla-para-tornquist-y-parte-del-sudoeste\/\" \/>\n<meta property=\"og:site_name\" content=\"CELTTV\" \/>\n<meta property=\"article:publisher\" content=\"https:\/\/www.facebook.com\/celtTV\/\" \/>\n<meta property=\"article:published_time\" content=\"2026-01-13T23:43:30+00:00\" \/>\n<meta property=\"og:image\" content=\"https:\/\/www.celttv.com.ar\/wp-content\/uploads\/2026\/01\/ALERTA-13-1.png\" \/>\n\t<meta property=\"og:image:width\" content=\"419\" \/>\n\t<meta property=\"og:image:height\" content=\"587\" \/>\n\t<meta property=\"og:image:type\" content=\"image\/png\" \/>\n<meta name=\"author\" content=\"Miguel Herrada\" \/>\n<meta name=\"twitter:card\" content=\"summary_large_image\" \/>\n<meta name=\"twitter:label1\" content=\"Escrito por\" \/>\n\t<meta name=\"twitter:data1\" content=\"Miguel Herrada\" \/>\n\t<meta name=\"twitter:label2\" content=\"Tiempo de lectura\" \/>\n\t<meta name=\"twitter:data2\" content=\"1 minuto\" \/>\n<script type=\"application\/ld+json\" class=\"yoast-schema-graph\">{\"@context\":\"https:\/\/schema.org\",\"@graph\":[{\"@type\":\"NewsArticle\",\"@id\":\"https:\/\/www.celttv.com.ar\/index.php\/2026\/01\/13\/tormentas-y-vientos-de-hasta-70-km-h-alerta-amarilla-para-tornquist-y-parte-del-sudoeste\/#article\",\"isPartOf\":{\"@id\":\"https:\/\/www.celttv.com.ar\/index.php\/2026\/01\/13\/tormentas-y-vientos-de-hasta-70-km-h-alerta-amarilla-para-tornquist-y-parte-del-sudoeste\/\"},\"author\":{\"name\":\"Miguel Herrada\",\"@id\":\"https:\/\/www.celttv.com.ar\/#\/schema\/person\/9059dc91dc7204ef4182cdb65225f07d\"},\"headline\":\"Tormentas y vientos de hasta 70 km\/h: alerta amarilla para Tornquist y parte del Sudoeste\",\"datePublished\":\"2026-01-13T23:43:30+00:00\",\"dateModified\":\"2026-01-13T23:43:30+00:00\",\"mainEntityOfPage\":{\"@id\":\"https:\/\/www.celttv.com.ar\/index.php\/2026\/01\/13\/tormentas-y-vientos-de-hasta-70-km-h-alerta-amarilla-para-tornquist-y-parte-del-sudoeste\/\"},\"wordCount\":276,\"publisher\":{\"@id\":\"https:\/\/www.celttv.com.ar\/#organization\"},\"articleSection\":[\"Comunidad\"],\"inLanguage\":\"es\"},{\"@type\":\"WebPage\",\"@id\":\"https:\/\/www.celttv.com.ar\/index.php\/2026\/01\/13\/tormentas-y-vientos-de-hasta-70-km-h-alerta-amarilla-para-tornquist-y-parte-del-sudoeste\/\",\"url\":\"https:\/\/www.celttv.com.ar\/index.php\/2026\/01\/13\/tormentas-y-vientos-de-hasta-70-km-h-alerta-amarilla-para-tornquist-y-parte-del-sudoeste\/\",\"name\":\"Tormentas y vientos de hasta 70 km\/h: alerta amarilla para Tornquist y parte del Sudoeste - CELTTV\",\"isPartOf\":{\"@id\":\"https:\/\/www.celttv.com.ar\/#website\"},\"datePublished\":\"2026-01-13T23:43:30+00:00\",\"dateModified\":\"2026-01-13T23:43:30+00:00\",\"description\":\"Sitio web de noticias de la localidad de Tornquist, provincia de Buenos Aires, Rep\u00fablica Argentina. Contenido propio originado por periodistas de CELTTV, el canal de TV local de la Cooperativa El\u00e9ctrica de Tornquist. Turismo, Pol\u00edtica, Sociedad, Deporte, Cultura y todo el contenido de inter\u00e9s general que la gente del pueblo y la regi\u00f3n debe conocer.\",\"breadcrumb\":{\"@id\":\"https:\/\/www.celttv.com.ar\/index.php\/2026\/01\/13\/tormentas-y-vientos-de-hasta-70-km-h-alerta-amarilla-para-tornquist-y-parte-del-sudoeste\/#breadcrumb\"},\"inLanguage\":\"es\",\"potentialAction\":[{\"@type\":\"ReadAction\",\"target\":[\"https:\/\/www.celttv.com.ar\/index.php\/2026\/01\/13\/tormentas-y-vientos-de-hasta-70-km-h-alerta-amarilla-para-tornquist-y-parte-del-sudoeste\/\"]}]},{\"@type\":\"BreadcrumbList\",\"@id\":\"https:\/\/www.celttv.com.ar\/index.php\/2026\/01\/13\/tormentas-y-vientos-de-hasta-70-km-h-alerta-amarilla-para-tornquist-y-parte-del-sudoeste\/#breadcrumb\",\"itemListElement\":[{\"@type\":\"ListItem\",\"position\":1,\"name\":\"Inicio\",\"item\":\"https:\/\/www.celttv.com.ar\/\"},{\"@type\":\"ListItem\",\"position\":2,\"name\":\"Tormentas y vientos de hasta 70 km\/h: alerta amarilla para Tornquist y parte del Sudoeste\"}]},{\"@type\":\"WebSite\",\"@id\":\"https:\/\/www.celttv.com.ar\/#website\",\"url\":\"https:\/\/www.celttv.com.ar\/\",\"name\":\"CELTTV\",\"description\":\"Cooperativa El\u00e9ctrica de Tornquist\",\"publisher\":{\"@id\":\"https:\/\/www.celttv.com.ar\/#organization\"},\"potentialAction\":[{\"@type\":\"SearchAction\",\"target\":{\"@type\":\"EntryPoint\",\"urlTemplate\":\"https:\/\/www.celttv.com.ar\/?s={search_term_string}\"},\"query-input\":\"required name=search_term_string\"}],\"inLanguage\":\"es\"},{\"@type\":\"Organization\",\"@id\":\"https:\/\/www.celttv.com.ar\/#organization\",\"name\":\"CELTTV\",\"url\":\"https:\/\/www.celttv.com.ar\/\",\"sameAs\":[\"https:\/\/www.youtube.com\/channel\/UCz_oIt8Hig64Ub-EmcNPIhg\",\"https:\/\/www.facebook.com\/celtTV\/\"],\"logo\":{\"@type\":\"ImageObject\",\"inLanguage\":\"es\",\"@id\":\"https:\/\/www.celttv.com.ar\/#\/schema\/logo\/image\/\",\"url\":\"http:\/\/www.celttv.com.ar\/wp-content\/uploads\/2022\/08\/logo-1.png\",\"contentUrl\":\"http:\/\/www.celttv.com.ar\/wp-content\/uploads\/2022\/08\/logo-1.png\",\"width\":461,\"height\":159,\"caption\":\"CELTTV\"},\"image\":{\"@id\":\"https:\/\/www.celttv.com.ar\/#\/schema\/logo\/image\/\"}},{\"@type\":\"Person\",\"@id\":\"https:\/\/www.celttv.com.ar\/#\/schema\/person\/9059dc91dc7204ef4182cdb65225f07d\",\"name\":\"Miguel Herrada\",\"image\":{\"@type\":\"ImageObject\",\"inLanguage\":\"es\",\"@id\":\"https:\/\/www.celttv.com.ar\/#\/schema\/person\/image\/\",\"url\":\"https:\/\/secure.gravatar.com\/avatar\/67724d5b3c716623ffd76bec7e45841a442ac3b456e914dbba90b0fad2b8e0b1?s=96&d=mm&r=g\",\"contentUrl\":\"https:\/\/secure.gravatar.com\/avatar\/67724d5b3c716623ffd76bec7e45841a442ac3b456e914dbba90b0fad2b8e0b1?s=96&d=mm&r=g\",\"caption\":\"Miguel Herrada\"}}]}<\/script>\n<!-- \/ Yoast SEO plugin. -->","yoast_head_json":{"title":"Tormentas y vientos de hasta 70 km\/h: alerta amarilla para Tornquist y parte del Sudoeste - CELTTV","description":"Sitio web de noticias de la localidad de Tornquist, provincia de Buenos Aires, Rep\u00fablica Argentina. Contenido propio originado por periodistas de CELTTV, el canal de TV local de la Cooperativa El\u00e9ctrica de Tornquist. Turismo, Pol\u00edtica, Sociedad, Deporte, Cultura y todo el contenido de inter\u00e9s general que la gente del pueblo y la regi\u00f3n debe conocer.","robots":{"index":"index","follow":"follow","max-snippet":"max-snippet:-1","max-image-preview":"max-image-preview:large","max-video-preview":"max-video-preview:-1"},"canonical":"https:\/\/www.celttv.com.ar\/index.php\/2026\/01\/13\/tormentas-y-vientos-de-hasta-70-km-h-alerta-amarilla-para-tornquist-y-parte-del-sudoeste\/","og_locale":"es_ES","og_type":"article","og_title":"Tormentas y vientos de hasta 70 km\/h: alerta amarilla para Tornquist y parte del Sudoeste - CELTTV","og_description":"Sitio web de noticias de la localidad de Tornquist, provincia de Buenos Aires, Rep\u00fablica Argentina. Contenido propio originado por periodistas de CELTTV, el canal de TV local de la Cooperativa El\u00e9ctrica de Tornquist. Turismo, Pol\u00edtica, Sociedad, Deporte, Cultura y todo el contenido de inter\u00e9s general que la gente del pueblo y la regi\u00f3n debe conocer.","og_url":"https:\/\/www.celttv.com.ar\/index.php\/2026\/01\/13\/tormentas-y-vientos-de-hasta-70-km-h-alerta-amarilla-para-tornquist-y-parte-del-sudoeste\/","og_site_name":"CELTTV","article_publisher":"https:\/\/www.facebook.com\/celtTV\/","article_published_time":"2026-01-13T23:43:30+00:00","og_image":[{"width":419,"height":587,"url":"https:\/\/www.celttv.com.ar\/wp-content\/uploads\/2026\/01\/ALERTA-13-1.png","type":"image\/png"}],"author":"Miguel Herrada","twitter_card":"summary_large_image","twitter_misc":{"Escrito por":"Miguel Herrada","Tiempo de lectura":"1 minuto"},"schema":{"@context":"https:\/\/schema.org","@graph":[{"@type":"NewsArticle","@id":"https:\/\/www.celttv.com.ar\/index.php\/2026\/01\/13\/tormentas-y-vientos-de-hasta-70-km-h-alerta-amarilla-para-tornquist-y-parte-del-sudoeste\/#article","isPartOf":{"@id":"https:\/\/www.celttv.com.ar\/index.php\/2026\/01\/13\/tormentas-y-vientos-de-hasta-70-km-h-alerta-amarilla-para-tornquist-y-parte-del-sudoeste\/"},"author":{"name":"Miguel Herrada","@id":"https:\/\/www.celttv.com.ar\/#\/schema\/person\/9059dc91dc7204ef4182cdb65225f07d"},"headline":"Tormentas y vientos de hasta 70 km\/h: alerta amarilla para Tornquist y parte del Sudoeste","datePublished":"2026-01-13T23:43:30+00:00","dateModified":"2026-01-13T23:43:30+00:00","mainEntityOfPage":{"@id":"https:\/\/www.celttv.com.ar\/index.php\/2026\/01\/13\/tormentas-y-vientos-de-hasta-70-km-h-alerta-amarilla-para-tornquist-y-parte-del-sudoeste\/"},"wordCount":276,"publisher":{"@id":"https:\/\/www.celttv.com.ar\/#organization"},"articleSection":["Comunidad"],"inLanguage":"es"},{"@type":"WebPage","@id":"https:\/\/www.celttv.com.ar\/index.php\/2026\/01\/13\/tormentas-y-vientos-de-hasta-70-km-h-alerta-amarilla-para-tornquist-y-parte-del-sudoeste\/","url":"https:\/\/www.celttv.com.ar\/index.php\/2026\/01\/13\/tormentas-y-vientos-de-hasta-70-km-h-alerta-amarilla-para-tornquist-y-parte-del-sudoeste\/","name":"Tormentas y vientos de hasta 70 km\/h: alerta amarilla para Tornquist y parte del Sudoeste - CELTTV","isPartOf":{"@id":"https:\/\/www.celttv.com.ar\/#website"},"datePublished":"2026-01-13T23:43:30+00:00","dateModified":"2026-01-13T23:43:30+00:00","description":"Sitio web de noticias de la localidad de Tornquist, provincia de Buenos Aires, Rep\u00fablica Argentina. Contenido propio originado por periodistas de CELTTV, el canal de TV local de la Cooperativa El\u00e9ctrica de Tornquist. Turismo, Pol\u00edtica, Sociedad, Deporte, Cultura y todo el contenido de inter\u00e9s general que la gente del pueblo y la regi\u00f3n debe conocer.","breadcrumb":{"@id":"https:\/\/www.celttv.com.ar\/index.php\/2026\/01\/13\/tormentas-y-vientos-de-hasta-70-km-h-alerta-amarilla-para-tornquist-y-parte-del-sudoeste\/#breadcrumb"},"inLanguage":"es","potentialAction":[{"@type":"ReadAction","target":["https:\/\/www.celttv.com.ar\/index.php\/2026\/01\/13\/tormentas-y-vientos-de-hasta-70-km-h-alerta-amarilla-para-tornquist-y-parte-del-sudoeste\/"]}]},{"@type":"BreadcrumbList","@id":"https:\/\/www.celttv.com.ar\/index.php\/2026\/01\/13\/tormentas-y-vientos-de-hasta-70-km-h-alerta-amarilla-para-tornquist-y-parte-del-sudoeste\/#breadcrumb","itemListElement":[{"@type":"ListItem","position":1,"name":"Inicio","item":"https:\/\/www.celttv.com.ar\/"},{"@type":"ListItem","position":2,"name":"Tormentas y vientos de hasta 70 km\/h: alerta amarilla para Tornquist y parte del Sudoeste"}]},{"@type":"WebSite","@id":"https:\/\/www.celttv.com.ar\/#website","url":"https:\/\/www.celttv.com.ar\/","name":"CELTTV","description":"Cooperativa El\u00e9ctrica de Tornquist","publisher":{"@id":"https:\/\/www.celttv.com.ar\/#organization"},"potentialAction":[{"@type":"SearchAction","target":{"@type":"EntryPoint","urlTemplate":"https:\/\/www.celttv.com.ar\/?s={search_term_string}"},"query-input":"required name=search_term_string"}],"inLanguage":"es"},{"@type":"Organization","@id":"https:\/\/www.celttv.com.ar\/#organization","name":"CELTTV","url":"https:\/\/www.celttv.com.ar\/","sameAs":["https:\/\/www.youtube.com\/channel\/UCz_oIt8Hig64Ub-EmcNPIhg","https:\/\/www.facebook.com\/celtTV\/"],"logo":{"@type":"ImageObject","inLanguage":"es","@id":"https:\/\/www.celttv.com.ar\/#\/schema\/logo\/image\/","url":"http:\/\/www.celttv.com.ar\/wp-content\/uploads\/2022\/08\/logo-1.png","contentUrl":"http:\/\/www.celttv.com.ar\/wp-content\/uploads\/2022\/08\/logo-1.png","width":461,"height":159,"caption":"CELTTV"},"image":{"@id":"https:\/\/www.celttv.com.ar\/#\/schema\/logo\/image\/"}},{"@type":"Person","@id":"https:\/\/www.celttv.com.ar\/#\/schema\/person\/9059dc91dc7204ef4182cdb65225f07d","name":"Miguel Herrada","image":{"@type":"ImageObject","inLanguage":"es","@id":"https:\/\/www.celttv.com.ar\/#\/schema\/person\/image\/","url":"https:\/\/secure.gravatar.com\/avatar\/67724d5b3c716623ffd76bec7e45841a442ac3b456e914dbba90b0fad2b8e0b1?s=96&d=mm&r=g","contentUrl":"https:\/\/secure.gravatar.com\/avatar\/67724d5b3c716623ffd76bec7e45841a442ac3b456e914dbba90b0fad2b8e0b1?s=96&d=mm&r=g","caption":"Miguel Herrada"}}]}},"_links":{"self":[{"href":"https:\/\/www.celttv.com.ar\/index.php\/wp-json\/wp\/v2\/posts\/90870","targetHints":{"allow":["GET"]}}],"collection":[{"href":"https:\/\/www.celttv.com.ar\/index.php\/wp-json\/wp\/v2\/posts"}],"about":[{"href":"https:\/\/www.celttv.com.ar\/index.php\/wp-json\/wp\/v2\/types\/post"}],"author":[{"embeddable":true,"href":"https:\/\/www.celttv.com.ar\/index.php\/wp-json\/wp\/v2\/users\/5"}],"replies":[{"embeddable":true,"href":"https:\/\/www.celttv.com.ar\/index.php\/wp-json\/wp\/v2\/comments?post=90870"}],"version-history":[{"count":1,"href":"https:\/\/www.celttv.com.ar\/index.php\/wp-json\/wp\/v2\/posts\/90870\/revisions"}],"predecessor-version":[{"id":90872,"href":"https:\/\/www.celttv.com.ar\/index.php\/wp-json\/wp\/v2\/posts\/90870\/revisions\/90872"}],"wp:featuredmedia":[{"embeddable":true,"href":"https:\/\/www.celttv.com.ar\/index.php\/wp-json\/wp\/v2\/media\/90871"}],"wp:attachment":[{"href":"https:\/\/www.celttv.com.ar\/index.php\/wp-json\/wp\/v2\/media?parent=90870"}],"wp:term":[{"taxonomy":"category","embeddable":true,"href":"https:\/\/www.celttv.com.ar\/index.php\/wp-json\/wp\/v2\/categories?post=90870"},{"taxonomy":"post_tag","embeddable":true,"href":"https:\/\/www.celttv.com.ar\/index.php\/wp-json\/wp\/v2\/tags?post=90870"}],"curies":[{"name":"wp","href":"https:\/\/api.w.org\/{rel}","templated":true}]}}