{"id":9088,"date":"2012-11-20T20:03:41","date_gmt":"2012-11-20T20:03:41","guid":{"rendered":"http:\/\/www.tvcnoticias.com.ar\/?p=9088"},"modified":"2012-11-20T20:03:41","modified_gmt":"2012-11-20T20:03:41","slug":"el-domingo-las-mil-millas-argentinas-pasaran-por-el-distrito","status":"publish","type":"post","link":"https:\/\/www.celttv.com.ar\/index.php\/2012\/11\/20\/el-domingo-las-mil-millas-argentinas-pasaran-por-el-distrito\/","title":{"rendered":"EL DOMINGO LAS &#8220;MIL MILLAS ARGENTINAS&#8221; PASARAN POR EL DISTRITO"},"content":{"rendered":"<p><span style=\"font-size: x-large;\"><span style=\"font-size: xx-small;\">cada vez falta menos. Los habitantes de nuestro distrito tendr\u00e1n el domingo la posibilidad de disfrutar del paso de una de las etapas de las cl\u00e1sicas Mil Millas Argentinas, que cuentan con la organizaci\u00f3n de la Agrupaci\u00f3n Cl\u00e1sicos e Hist\u00f3ricos del TC y la Agrupaci\u00f3n Eusebio Marcilla.<br \/>\nLa competencia, que estar\u00e1 festejando los 75 a\u00f1os de la primera edici\u00f3n, cumplir\u00e1 su tercera instancia entre las ciudades de Tres Arroyos y Daireaux, trayecto durante el cual atravesar\u00e1 Saldungaray, Sierra de la Ventana, Villa Ventana y Tornquist.<br \/>\nSin embargo, el momento m\u00e1s trascendente se vivir\u00e1 en la ciudad cabecera del distrito, debido a que alrededor del mediod\u00eda los veh\u00edculos ingresar\u00e1n a la planta urbana y se detendr\u00e1n en la Plaza &#8220;Ernesto Tornquist&#8221;, frente a la Iglesia &#8220;Santa Rosa de Lima&#8221;.<br \/>\nEn ese espacio neur\u00e1lgico se podr\u00e1 interactuar con los pilotos, observar aquellas m\u00e1quinas que marcaron una \u00e9poca del automovilismo nacional y hasta tomarse una fotograf\u00eda para la posteridad.<br \/>\nEl recorrido de la competencia en el distrito se iniciar\u00e1 en el camino de tierra que une la bajada Zoilo Peralta con Saldungaray. Posteriormente tomar\u00e1n la ruta provincial 72, pasar\u00e1n por Sierra y llegar\u00e1n a la 76, camino que los conducir\u00e1 a la ruta nacional 33 con destino a Pig\u00fc\u00e9.<br \/>\nLa caravana partir\u00e1 desde la Plaza Alsina de Avellaneda y culminar\u00e1 en la localidad de Vedia, en el partido bonaerense de Leandro N. Alem.<br \/>\nLas 1000 Millas Argentinas fue una de las grandes competencias del automovilismo nacional. En el historial de ganadores figuran grandes estrellas, como Esteban Fernandino (1940), Juan Manuel Fangio (1941), Oscar G\u00e1lvez (1948), Juan G\u00e1lvez (1949), Marcos Ciani (1950) y Dante Emiliozzi (1964).<br \/>\nSeguramente ser\u00e1 una inmejorable posibilidad de tomar contacto con autos cl\u00e1sicos y disfrutar de una \u00e9poca inolvidable del deporte de los fierros de nuestro pa\u00eds.<br \/>\n<\/span><a rel=\"attachment wp-att-9089\" href=\"http:\/\/www.tvcnoticias.com.ar\/?attachment_id=9089\"><img loading=\"lazy\" decoding=\"async\" class=\"aligncenter size-full wp-image-9089\" title=\"1388 - MIL MILLAS (Small)\" src=\"http:\/\/www.tvcnoticias.com.ar\/wp-content\/uploads\/2012\/11\/1388-MIL-MILLAS-Small.jpg\" alt=\"\" width=\"640\" height=\"430\" \/><\/a><br \/>\n<\/span><\/p>\n","protected":false},"excerpt":{"rendered":"<p>cada vez falta menos. Los habitantes de nuestro distrito tendr\u00e1n el domingo la posibilidad de disfrutar del paso de una de las etapas de las cl\u00e1sicas Mil Millas Argentinas, que cuentan con la organizaci\u00f3n de la Agrupaci\u00f3n Cl\u00e1sicos e Hist\u00f3ricos del TC y la Agrupaci\u00f3n Eusebio Marcilla. La competencia, que estar\u00e1 festejando los 75 a\u00f1os [&hellip;]<\/p>\n","protected":false},"author":1,"featured_media":0,"comment_status":"closed","ping_status":"open","sticky":false,"template":"","format":"standard","meta":{"footnotes":""},"categories":[60,52],"tags":[],"class_list":["post-9088","post","type-post","status-publish","format-standard","hentry","category-deporte","category-destacadas"],"yoast_head":"<!-- This site is optimized with the Yoast SEO plugin v19.7.1 - https:\/\/yoast.com\/wordpress\/plugins\/seo\/ -->\n<title>EL DOMINGO LAS &quot;MIL MILLAS ARGENTINAS&quot; PASARAN POR EL DISTRITO - CELTTV<\/title>\n<meta name=\"description\" content=\"Sitio web de noticias de la localidad de Tornquist, provincia de Buenos Aires, Rep\u00fablica Argentina. Contenido propio originado por periodistas de CELTTV, el canal de TV local de la Cooperativa El\u00e9ctrica de Tornquist. Turismo, Pol\u00edtica, Sociedad, Deporte, Cultura y todo el contenido de inter\u00e9s general que la gente del pueblo y la regi\u00f3n debe conocer.\" \/>\n<meta name=\"robots\" content=\"index, follow, max-snippet:-1, max-image-preview:large, max-video-preview:-1\" \/>\n<link rel=\"canonical\" href=\"https:\/\/www.celttv.com.ar\/index.php\/2012\/11\/20\/el-domingo-las-mil-millas-argentinas-pasaran-por-el-distrito\/\" \/>\n<meta property=\"og:locale\" content=\"es_ES\" \/>\n<meta property=\"og:type\" content=\"article\" \/>\n<meta property=\"og:title\" content=\"EL DOMINGO LAS &quot;MIL MILLAS ARGENTINAS&quot; PASARAN POR EL DISTRITO - CELTTV\" \/>\n<meta property=\"og:description\" content=\"Sitio web de noticias de la localidad de Tornquist, provincia de Buenos Aires, Rep\u00fablica Argentina. Contenido propio originado por periodistas de CELTTV, el canal de TV local de la Cooperativa El\u00e9ctrica de Tornquist. Turismo, Pol\u00edtica, Sociedad, Deporte, Cultura y todo el contenido de inter\u00e9s general que la gente del pueblo y la regi\u00f3n debe conocer.\" \/>\n<meta property=\"og:url\" content=\"https:\/\/www.celttv.com.ar\/index.php\/2012\/11\/20\/el-domingo-las-mil-millas-argentinas-pasaran-por-el-distrito\/\" \/>\n<meta property=\"og:site_name\" content=\"CELTTV\" \/>\n<meta property=\"article:publisher\" content=\"https:\/\/www.facebook.com\/celtTV\/\" \/>\n<meta property=\"article:published_time\" content=\"2012-11-20T20:03:41+00:00\" \/>\n<meta property=\"og:image\" content=\"http:\/\/www.tvcnoticias.com.ar\/wp-content\/uploads\/2012\/11\/1388-MIL-MILLAS-Small.jpg\" \/>\n<meta name=\"author\" content=\"ulises\" \/>\n<meta name=\"twitter:card\" content=\"summary_large_image\" \/>\n<meta name=\"twitter:label1\" content=\"Escrito por\" \/>\n\t<meta name=\"twitter:data1\" content=\"ulises\" \/>\n\t<meta name=\"twitter:label2\" content=\"Tiempo de lectura\" \/>\n\t<meta name=\"twitter:data2\" content=\"2 minutos\" \/>\n<script type=\"application\/ld+json\" class=\"yoast-schema-graph\">{\"@context\":\"https:\/\/schema.org\",\"@graph\":[{\"@type\":\"NewsArticle\",\"@id\":\"https:\/\/www.celttv.com.ar\/index.php\/2012\/11\/20\/el-domingo-las-mil-millas-argentinas-pasaran-por-el-distrito\/#article\",\"isPartOf\":{\"@id\":\"https:\/\/www.celttv.com.ar\/index.php\/2012\/11\/20\/el-domingo-las-mil-millas-argentinas-pasaran-por-el-distrito\/\"},\"author\":{\"name\":\"ulises\",\"@id\":\"https:\/\/www.celttv.com.ar\/#\/schema\/person\/6d99c072dba59953809c81446e9d0ace\"},\"headline\":\"EL DOMINGO LAS &#8220;MIL MILLAS ARGENTINAS&#8221; PASARAN POR EL DISTRITO\",\"datePublished\":\"2012-11-20T20:03:41+00:00\",\"dateModified\":\"2012-11-20T20:03:41+00:00\",\"mainEntityOfPage\":{\"@id\":\"https:\/\/www.celttv.com.ar\/index.php\/2012\/11\/20\/el-domingo-las-mil-millas-argentinas-pasaran-por-el-distrito\/\"},\"wordCount\":320,\"publisher\":{\"@id\":\"https:\/\/www.celttv.com.ar\/#organization\"},\"articleSection\":[\"Deporte\",\"Destacadas\"],\"inLanguage\":\"es\"},{\"@type\":\"WebPage\",\"@id\":\"https:\/\/www.celttv.com.ar\/index.php\/2012\/11\/20\/el-domingo-las-mil-millas-argentinas-pasaran-por-el-distrito\/\",\"url\":\"https:\/\/www.celttv.com.ar\/index.php\/2012\/11\/20\/el-domingo-las-mil-millas-argentinas-pasaran-por-el-distrito\/\",\"name\":\"EL DOMINGO LAS \\\"MIL MILLAS ARGENTINAS\\\" PASARAN POR EL DISTRITO - CELTTV\",\"isPartOf\":{\"@id\":\"https:\/\/www.celttv.com.ar\/#website\"},\"datePublished\":\"2012-11-20T20:03:41+00:00\",\"dateModified\":\"2012-11-20T20:03:41+00:00\",\"description\":\"Sitio web de noticias de la localidad de Tornquist, provincia de Buenos Aires, Rep\u00fablica Argentina. Contenido propio originado por periodistas de CELTTV, el canal de TV local de la Cooperativa El\u00e9ctrica de Tornquist. Turismo, Pol\u00edtica, Sociedad, Deporte, Cultura y todo el contenido de inter\u00e9s general que la gente del pueblo y la regi\u00f3n debe conocer.\",\"breadcrumb\":{\"@id\":\"https:\/\/www.celttv.com.ar\/index.php\/2012\/11\/20\/el-domingo-las-mil-millas-argentinas-pasaran-por-el-distrito\/#breadcrumb\"},\"inLanguage\":\"es\",\"potentialAction\":[{\"@type\":\"ReadAction\",\"target\":[\"https:\/\/www.celttv.com.ar\/index.php\/2012\/11\/20\/el-domingo-las-mil-millas-argentinas-pasaran-por-el-distrito\/\"]}]},{\"@type\":\"BreadcrumbList\",\"@id\":\"https:\/\/www.celttv.com.ar\/index.php\/2012\/11\/20\/el-domingo-las-mil-millas-argentinas-pasaran-por-el-distrito\/#breadcrumb\",\"itemListElement\":[{\"@type\":\"ListItem\",\"position\":1,\"name\":\"Inicio\",\"item\":\"https:\/\/www.celttv.com.ar\/\"},{\"@type\":\"ListItem\",\"position\":2,\"name\":\"EL DOMINGO LAS &#8220;MIL MILLAS ARGENTINAS&#8221; PASARAN POR EL DISTRITO\"}]},{\"@type\":\"WebSite\",\"@id\":\"https:\/\/www.celttv.com.ar\/#website\",\"url\":\"https:\/\/www.celttv.com.ar\/\",\"name\":\"CELTTV\",\"description\":\"Cooperativa El\u00e9ctrica de Tornquist\",\"publisher\":{\"@id\":\"https:\/\/www.celttv.com.ar\/#organization\"},\"potentialAction\":[{\"@type\":\"SearchAction\",\"target\":{\"@type\":\"EntryPoint\",\"urlTemplate\":\"https:\/\/www.celttv.com.ar\/?s={search_term_string}\"},\"query-input\":\"required name=search_term_string\"}],\"inLanguage\":\"es\"},{\"@type\":\"Organization\",\"@id\":\"https:\/\/www.celttv.com.ar\/#organization\",\"name\":\"CELTTV\",\"url\":\"https:\/\/www.celttv.com.ar\/\",\"sameAs\":[\"https:\/\/www.youtube.com\/channel\/UCz_oIt8Hig64Ub-EmcNPIhg\",\"https:\/\/www.facebook.com\/celtTV\/\"],\"logo\":{\"@type\":\"ImageObject\",\"inLanguage\":\"es\",\"@id\":\"https:\/\/www.celttv.com.ar\/#\/schema\/logo\/image\/\",\"url\":\"http:\/\/www.celttv.com.ar\/wp-content\/uploads\/2022\/08\/logo-1.png\",\"contentUrl\":\"http:\/\/www.celttv.com.ar\/wp-content\/uploads\/2022\/08\/logo-1.png\",\"width\":461,\"height\":159,\"caption\":\"CELTTV\"},\"image\":{\"@id\":\"https:\/\/www.celttv.com.ar\/#\/schema\/logo\/image\/\"}},{\"@type\":\"Person\",\"@id\":\"https:\/\/www.celttv.com.ar\/#\/schema\/person\/6d99c072dba59953809c81446e9d0ace\",\"name\":\"ulises\",\"image\":{\"@type\":\"ImageObject\",\"inLanguage\":\"es\",\"@id\":\"https:\/\/www.celttv.com.ar\/#\/schema\/person\/image\/\",\"url\":\"https:\/\/secure.gravatar.com\/avatar\/7f2c48bdc33b30088f941fb6082e555f2874c98e20cb159d7b92b50eadfce793?s=96&d=mm&r=g\",\"contentUrl\":\"https:\/\/secure.gravatar.com\/avatar\/7f2c48bdc33b30088f941fb6082e555f2874c98e20cb159d7b92b50eadfce793?s=96&d=mm&r=g\",\"caption\":\"ulises\"},\"sameAs\":[\"http:\/\/www.celttv.com.ar\"]}]}<\/script>\n<!-- \/ Yoast SEO plugin. -->","yoast_head_json":{"title":"EL DOMINGO LAS \"MIL MILLAS ARGENTINAS\" PASARAN POR EL DISTRITO - CELTTV","description":"Sitio web de noticias de la localidad de Tornquist, provincia de Buenos Aires, Rep\u00fablica Argentina. Contenido propio originado por periodistas de CELTTV, el canal de TV local de la Cooperativa El\u00e9ctrica de Tornquist. Turismo, Pol\u00edtica, Sociedad, Deporte, Cultura y todo el contenido de inter\u00e9s general que la gente del pueblo y la regi\u00f3n debe conocer.","robots":{"index":"index","follow":"follow","max-snippet":"max-snippet:-1","max-image-preview":"max-image-preview:large","max-video-preview":"max-video-preview:-1"},"canonical":"https:\/\/www.celttv.com.ar\/index.php\/2012\/11\/20\/el-domingo-las-mil-millas-argentinas-pasaran-por-el-distrito\/","og_locale":"es_ES","og_type":"article","og_title":"EL DOMINGO LAS \"MIL MILLAS ARGENTINAS\" PASARAN POR EL DISTRITO - CELTTV","og_description":"Sitio web de noticias de la localidad de Tornquist, provincia de Buenos Aires, Rep\u00fablica Argentina. Contenido propio originado por periodistas de CELTTV, el canal de TV local de la Cooperativa El\u00e9ctrica de Tornquist. Turismo, Pol\u00edtica, Sociedad, Deporte, Cultura y todo el contenido de inter\u00e9s general que la gente del pueblo y la regi\u00f3n debe conocer.","og_url":"https:\/\/www.celttv.com.ar\/index.php\/2012\/11\/20\/el-domingo-las-mil-millas-argentinas-pasaran-por-el-distrito\/","og_site_name":"CELTTV","article_publisher":"https:\/\/www.facebook.com\/celtTV\/","article_published_time":"2012-11-20T20:03:41+00:00","og_image":[{"url":"http:\/\/www.tvcnoticias.com.ar\/wp-content\/uploads\/2012\/11\/1388-MIL-MILLAS-Small.jpg"}],"author":"ulises","twitter_card":"summary_large_image","twitter_misc":{"Escrito por":"ulises","Tiempo de lectura":"2 minutos"},"schema":{"@context":"https:\/\/schema.org","@graph":[{"@type":"NewsArticle","@id":"https:\/\/www.celttv.com.ar\/index.php\/2012\/11\/20\/el-domingo-las-mil-millas-argentinas-pasaran-por-el-distrito\/#article","isPartOf":{"@id":"https:\/\/www.celttv.com.ar\/index.php\/2012\/11\/20\/el-domingo-las-mil-millas-argentinas-pasaran-por-el-distrito\/"},"author":{"name":"ulises","@id":"https:\/\/www.celttv.com.ar\/#\/schema\/person\/6d99c072dba59953809c81446e9d0ace"},"headline":"EL DOMINGO LAS &#8220;MIL MILLAS ARGENTINAS&#8221; PASARAN POR EL DISTRITO","datePublished":"2012-11-20T20:03:41+00:00","dateModified":"2012-11-20T20:03:41+00:00","mainEntityOfPage":{"@id":"https:\/\/www.celttv.com.ar\/index.php\/2012\/11\/20\/el-domingo-las-mil-millas-argentinas-pasaran-por-el-distrito\/"},"wordCount":320,"publisher":{"@id":"https:\/\/www.celttv.com.ar\/#organization"},"articleSection":["Deporte","Destacadas"],"inLanguage":"es"},{"@type":"WebPage","@id":"https:\/\/www.celttv.com.ar\/index.php\/2012\/11\/20\/el-domingo-las-mil-millas-argentinas-pasaran-por-el-distrito\/","url":"https:\/\/www.celttv.com.ar\/index.php\/2012\/11\/20\/el-domingo-las-mil-millas-argentinas-pasaran-por-el-distrito\/","name":"EL DOMINGO LAS \"MIL MILLAS ARGENTINAS\" PASARAN POR EL DISTRITO - CELTTV","isPartOf":{"@id":"https:\/\/www.celttv.com.ar\/#website"},"datePublished":"2012-11-20T20:03:41+00:00","dateModified":"2012-11-20T20:03:41+00:00","description":"Sitio web de noticias de la localidad de Tornquist, provincia de Buenos Aires, Rep\u00fablica Argentina. Contenido propio originado por periodistas de CELTTV, el canal de TV local de la Cooperativa El\u00e9ctrica de Tornquist. Turismo, Pol\u00edtica, Sociedad, Deporte, Cultura y todo el contenido de inter\u00e9s general que la gente del pueblo y la regi\u00f3n debe conocer.","breadcrumb":{"@id":"https:\/\/www.celttv.com.ar\/index.php\/2012\/11\/20\/el-domingo-las-mil-millas-argentinas-pasaran-por-el-distrito\/#breadcrumb"},"inLanguage":"es","potentialAction":[{"@type":"ReadAction","target":["https:\/\/www.celttv.com.ar\/index.php\/2012\/11\/20\/el-domingo-las-mil-millas-argentinas-pasaran-por-el-distrito\/"]}]},{"@type":"BreadcrumbList","@id":"https:\/\/www.celttv.com.ar\/index.php\/2012\/11\/20\/el-domingo-las-mil-millas-argentinas-pasaran-por-el-distrito\/#breadcrumb","itemListElement":[{"@type":"ListItem","position":1,"name":"Inicio","item":"https:\/\/www.celttv.com.ar\/"},{"@type":"ListItem","position":2,"name":"EL DOMINGO LAS &#8220;MIL MILLAS ARGENTINAS&#8221; PASARAN POR EL DISTRITO"}]},{"@type":"WebSite","@id":"https:\/\/www.celttv.com.ar\/#website","url":"https:\/\/www.celttv.com.ar\/","name":"CELTTV","description":"Cooperativa El\u00e9ctrica de Tornquist","publisher":{"@id":"https:\/\/www.celttv.com.ar\/#organization"},"potentialAction":[{"@type":"SearchAction","target":{"@type":"EntryPoint","urlTemplate":"https:\/\/www.celttv.com.ar\/?s={search_term_string}"},"query-input":"required name=search_term_string"}],"inLanguage":"es"},{"@type":"Organization","@id":"https:\/\/www.celttv.com.ar\/#organization","name":"CELTTV","url":"https:\/\/www.celttv.com.ar\/","sameAs":["https:\/\/www.youtube.com\/channel\/UCz_oIt8Hig64Ub-EmcNPIhg","https:\/\/www.facebook.com\/celtTV\/"],"logo":{"@type":"ImageObject","inLanguage":"es","@id":"https:\/\/www.celttv.com.ar\/#\/schema\/logo\/image\/","url":"http:\/\/www.celttv.com.ar\/wp-content\/uploads\/2022\/08\/logo-1.png","contentUrl":"http:\/\/www.celttv.com.ar\/wp-content\/uploads\/2022\/08\/logo-1.png","width":461,"height":159,"caption":"CELTTV"},"image":{"@id":"https:\/\/www.celttv.com.ar\/#\/schema\/logo\/image\/"}},{"@type":"Person","@id":"https:\/\/www.celttv.com.ar\/#\/schema\/person\/6d99c072dba59953809c81446e9d0ace","name":"ulises","image":{"@type":"ImageObject","inLanguage":"es","@id":"https:\/\/www.celttv.com.ar\/#\/schema\/person\/image\/","url":"https:\/\/secure.gravatar.com\/avatar\/7f2c48bdc33b30088f941fb6082e555f2874c98e20cb159d7b92b50eadfce793?s=96&d=mm&r=g","contentUrl":"https:\/\/secure.gravatar.com\/avatar\/7f2c48bdc33b30088f941fb6082e555f2874c98e20cb159d7b92b50eadfce793?s=96&d=mm&r=g","caption":"ulises"},"sameAs":["http:\/\/www.celttv.com.ar"]}]}},"_links":{"self":[{"href":"https:\/\/www.celttv.com.ar\/index.php\/wp-json\/wp\/v2\/posts\/9088","targetHints":{"allow":["GET"]}}],"collection":[{"href":"https:\/\/www.celttv.com.ar\/index.php\/wp-json\/wp\/v2\/posts"}],"about":[{"href":"https:\/\/www.celttv.com.ar\/index.php\/wp-json\/wp\/v2\/types\/post"}],"author":[{"embeddable":true,"href":"https:\/\/www.celttv.com.ar\/index.php\/wp-json\/wp\/v2\/users\/1"}],"replies":[{"embeddable":true,"href":"https:\/\/www.celttv.com.ar\/index.php\/wp-json\/wp\/v2\/comments?post=9088"}],"version-history":[{"count":0,"href":"https:\/\/www.celttv.com.ar\/index.php\/wp-json\/wp\/v2\/posts\/9088\/revisions"}],"wp:attachment":[{"href":"https:\/\/www.celttv.com.ar\/index.php\/wp-json\/wp\/v2\/media?parent=9088"}],"wp:term":[{"taxonomy":"category","embeddable":true,"href":"https:\/\/www.celttv.com.ar\/index.php\/wp-json\/wp\/v2\/categories?post=9088"},{"taxonomy":"post_tag","embeddable":true,"href":"https:\/\/www.celttv.com.ar\/index.php\/wp-json\/wp\/v2\/tags?post=9088"}],"curies":[{"name":"wp","href":"https:\/\/api.w.org\/{rel}","templated":true}]}}