{"id":90892,"date":"2026-01-15T16:52:54","date_gmt":"2026-01-15T19:52:54","guid":{"rendered":"https:\/\/www.celttv.com.ar\/?p=90892"},"modified":"2026-01-15T16:52:54","modified_gmt":"2026-01-15T19:52:54","slug":"sierra-de-la-ventana-celebrara-su-118o-aniversario-con-diferentes-actividades","status":"publish","type":"post","link":"https:\/\/www.celttv.com.ar\/index.php\/2026\/01\/15\/sierra-de-la-ventana-celebrara-su-118o-aniversario-con-diferentes-actividades\/","title":{"rendered":"Sierra de la Ventana celebrar\u00e1 su 118\u00ba aniversario con diferentes actividades"},"content":{"rendered":"<p><strong>Sierra de la Ventana celebrar\u00e1 su 118\u00ba aniversario con diferentes actividades<\/strong><\/p>\n<p>Con diversas actividades programadas, la comunidad de Sierra de la Ventana celebrar\u00e1 el 118\u00b0 aniversario de la fundaci\u00f3n de la localidad.<\/p>\n<p>El viernes 16, a partir de las 20 hs, en la avenida Malvinas y frente al m\u00e1stil, habr\u00e1 m\u00fasica en vivo y patio de comidas, aguardando la llegada del s\u00e1bado 17, d\u00eda del aniversario. En la ocasi\u00f3n se presentar\u00e1n El Toke Cumbiero y DJ Colo.<\/p>\n<p>El s\u00e1bado, desde las 9.30 hs, se llevar\u00e1 a cabo el acto oficial en el Centro Cultural.<\/p>\n<p>Por \u00faltimo, el domingo 19, en las piscinas municipales, habr\u00e1 DJ en vivo para disfrutar de la tarde y dar cierre a los festejos, en un encuentro pensado para compartir en familia y comunidad.<\/p>\n<p><img loading=\"lazy\" decoding=\"async\" class=\"alignnone size-medium wp-image-90893\" src=\"https:\/\/www.celttv.com.ar\/wp-content\/uploads\/2026\/01\/cronograma-aniversario-sierra-2-1-225x300.jpg\" alt=\"\" width=\"225\" height=\"300\" srcset=\"https:\/\/www.celttv.com.ar\/wp-content\/uploads\/2026\/01\/cronograma-aniversario-sierra-2-1-225x300.jpg 225w, https:\/\/www.celttv.com.ar\/wp-content\/uploads\/2026\/01\/cronograma-aniversario-sierra-2-1-768x1024.jpg 768w, https:\/\/www.celttv.com.ar\/wp-content\/uploads\/2026\/01\/cronograma-aniversario-sierra-2-1-750x1000.jpg 750w, https:\/\/www.celttv.com.ar\/wp-content\/uploads\/2026\/01\/cronograma-aniversario-sierra-2-1.jpg 1080w\" sizes=\"auto, (max-width: 225px) 100vw, 225px\" \/> <img loading=\"lazy\" decoding=\"async\" class=\"alignnone size-medium wp-image-90894\" src=\"https:\/\/www.celttv.com.ar\/wp-content\/uploads\/2026\/01\/Invitacion-aniversario-SDLV-1-215x300.jpg\" alt=\"\" width=\"215\" height=\"300\" srcset=\"https:\/\/www.celttv.com.ar\/wp-content\/uploads\/2026\/01\/Invitacion-aniversario-SDLV-1-215x300.jpg 215w, https:\/\/www.celttv.com.ar\/wp-content\/uploads\/2026\/01\/Invitacion-aniversario-SDLV-1-735x1024.jpg 735w, https:\/\/www.celttv.com.ar\/wp-content\/uploads\/2026\/01\/Invitacion-aniversario-SDLV-1-768x1070.jpg 768w, https:\/\/www.celttv.com.ar\/wp-content\/uploads\/2026\/01\/Invitacion-aniversario-SDLV-1-360x504.jpg 360w, https:\/\/www.celttv.com.ar\/wp-content\/uploads\/2026\/01\/Invitacion-aniversario-SDLV-1-750x1045.jpg 750w, https:\/\/www.celttv.com.ar\/wp-content\/uploads\/2026\/01\/Invitacion-aniversario-SDLV-1.jpg 968w\" sizes=\"auto, (max-width: 215px) 100vw, 215px\" \/><\/p>\n","protected":false},"excerpt":{"rendered":"<p>Sierra de la Ventana celebrar\u00e1 su 118\u00ba aniversario con diferentes actividades Con diversas actividades programadas, la comunidad de Sierra de la Ventana celebrar\u00e1 el 118\u00b0 aniversario de la fundaci\u00f3n de la localidad. El viernes 16, a partir de las 20 hs, en la avenida Malvinas y frente al m\u00e1stil, habr\u00e1 m\u00fasica en vivo y patio [&hellip;]<\/p>\n","protected":false},"author":5,"featured_media":90894,"comment_status":"closed","ping_status":"closed","sticky":false,"template":"","format":"standard","meta":{"footnotes":""},"categories":[59],"tags":[],"class_list":["post-90892","post","type-post","status-publish","format-standard","has-post-thumbnail","hentry","category-municipales"],"yoast_head":"<!-- This site is optimized with the Yoast SEO plugin v19.7.1 - https:\/\/yoast.com\/wordpress\/plugins\/seo\/ -->\n<title>Sierra de la Ventana celebrar\u00e1 su 118\u00ba aniversario con diferentes actividades - CELTTV<\/title>\n<meta name=\"description\" content=\"Sitio web de noticias de la localidad de Tornquist, provincia de Buenos Aires, Rep\u00fablica Argentina. Contenido propio originado por periodistas de CELTTV, el canal de TV local de la Cooperativa El\u00e9ctrica de Tornquist. Turismo, Pol\u00edtica, Sociedad, Deporte, Cultura y todo el contenido de inter\u00e9s general que la gente del pueblo y la regi\u00f3n debe conocer.\" \/>\n<meta name=\"robots\" content=\"index, follow, max-snippet:-1, max-image-preview:large, max-video-preview:-1\" \/>\n<link rel=\"canonical\" href=\"https:\/\/www.celttv.com.ar\/index.php\/2026\/01\/15\/sierra-de-la-ventana-celebrara-su-118o-aniversario-con-diferentes-actividades\/\" \/>\n<meta property=\"og:locale\" content=\"es_ES\" \/>\n<meta property=\"og:type\" content=\"article\" \/>\n<meta property=\"og:title\" content=\"Sierra de la Ventana celebrar\u00e1 su 118\u00ba aniversario con diferentes actividades - CELTTV\" \/>\n<meta property=\"og:description\" content=\"Sitio web de noticias de la localidad de Tornquist, provincia de Buenos Aires, Rep\u00fablica Argentina. Contenido propio originado por periodistas de CELTTV, el canal de TV local de la Cooperativa El\u00e9ctrica de Tornquist. Turismo, Pol\u00edtica, Sociedad, Deporte, Cultura y todo el contenido de inter\u00e9s general que la gente del pueblo y la regi\u00f3n debe conocer.\" \/>\n<meta property=\"og:url\" content=\"https:\/\/www.celttv.com.ar\/index.php\/2026\/01\/15\/sierra-de-la-ventana-celebrara-su-118o-aniversario-con-diferentes-actividades\/\" \/>\n<meta property=\"og:site_name\" content=\"CELTTV\" \/>\n<meta property=\"article:publisher\" content=\"https:\/\/www.facebook.com\/celtTV\/\" \/>\n<meta property=\"article:published_time\" content=\"2026-01-15T19:52:54+00:00\" \/>\n<meta property=\"og:image\" content=\"https:\/\/www.celttv.com.ar\/wp-content\/uploads\/2026\/01\/Invitacion-aniversario-SDLV-1.jpg\" \/>\n\t<meta property=\"og:image:width\" content=\"968\" \/>\n\t<meta property=\"og:image:height\" content=\"1349\" \/>\n\t<meta property=\"og:image:type\" content=\"image\/jpeg\" \/>\n<meta name=\"author\" content=\"Miguel Herrada\" \/>\n<meta name=\"twitter:card\" content=\"summary_large_image\" \/>\n<meta name=\"twitter:label1\" content=\"Escrito por\" \/>\n\t<meta name=\"twitter:data1\" content=\"Miguel Herrada\" \/>\n\t<meta name=\"twitter:label2\" content=\"Tiempo de lectura\" \/>\n\t<meta name=\"twitter:data2\" content=\"1 minuto\" \/>\n<script type=\"application\/ld+json\" class=\"yoast-schema-graph\">{\"@context\":\"https:\/\/schema.org\",\"@graph\":[{\"@type\":\"NewsArticle\",\"@id\":\"https:\/\/www.celttv.com.ar\/index.php\/2026\/01\/15\/sierra-de-la-ventana-celebrara-su-118o-aniversario-con-diferentes-actividades\/#article\",\"isPartOf\":{\"@id\":\"https:\/\/www.celttv.com.ar\/index.php\/2026\/01\/15\/sierra-de-la-ventana-celebrara-su-118o-aniversario-con-diferentes-actividades\/\"},\"author\":{\"name\":\"Miguel Herrada\",\"@id\":\"https:\/\/www.celttv.com.ar\/#\/schema\/person\/9059dc91dc7204ef4182cdb65225f07d\"},\"headline\":\"Sierra de la Ventana celebrar\u00e1 su 118\u00ba aniversario con diferentes actividades\",\"datePublished\":\"2026-01-15T19:52:54+00:00\",\"dateModified\":\"2026-01-15T19:52:54+00:00\",\"mainEntityOfPage\":{\"@id\":\"https:\/\/www.celttv.com.ar\/index.php\/2026\/01\/15\/sierra-de-la-ventana-celebrara-su-118o-aniversario-con-diferentes-actividades\/\"},\"wordCount\":139,\"publisher\":{\"@id\":\"https:\/\/www.celttv.com.ar\/#organization\"},\"articleSection\":[\"Municipales\"],\"inLanguage\":\"es\"},{\"@type\":\"WebPage\",\"@id\":\"https:\/\/www.celttv.com.ar\/index.php\/2026\/01\/15\/sierra-de-la-ventana-celebrara-su-118o-aniversario-con-diferentes-actividades\/\",\"url\":\"https:\/\/www.celttv.com.ar\/index.php\/2026\/01\/15\/sierra-de-la-ventana-celebrara-su-118o-aniversario-con-diferentes-actividades\/\",\"name\":\"Sierra de la Ventana celebrar\u00e1 su 118\u00ba aniversario con diferentes actividades - CELTTV\",\"isPartOf\":{\"@id\":\"https:\/\/www.celttv.com.ar\/#website\"},\"datePublished\":\"2026-01-15T19:52:54+00:00\",\"dateModified\":\"2026-01-15T19:52:54+00:00\",\"description\":\"Sitio web de noticias de la localidad de Tornquist, provincia de Buenos Aires, Rep\u00fablica Argentina. Contenido propio originado por periodistas de CELTTV, el canal de TV local de la Cooperativa El\u00e9ctrica de Tornquist. Turismo, Pol\u00edtica, Sociedad, Deporte, Cultura y todo el contenido de inter\u00e9s general que la gente del pueblo y la regi\u00f3n debe conocer.\",\"breadcrumb\":{\"@id\":\"https:\/\/www.celttv.com.ar\/index.php\/2026\/01\/15\/sierra-de-la-ventana-celebrara-su-118o-aniversario-con-diferentes-actividades\/#breadcrumb\"},\"inLanguage\":\"es\",\"potentialAction\":[{\"@type\":\"ReadAction\",\"target\":[\"https:\/\/www.celttv.com.ar\/index.php\/2026\/01\/15\/sierra-de-la-ventana-celebrara-su-118o-aniversario-con-diferentes-actividades\/\"]}]},{\"@type\":\"BreadcrumbList\",\"@id\":\"https:\/\/www.celttv.com.ar\/index.php\/2026\/01\/15\/sierra-de-la-ventana-celebrara-su-118o-aniversario-con-diferentes-actividades\/#breadcrumb\",\"itemListElement\":[{\"@type\":\"ListItem\",\"position\":1,\"name\":\"Inicio\",\"item\":\"https:\/\/www.celttv.com.ar\/\"},{\"@type\":\"ListItem\",\"position\":2,\"name\":\"Sierra de la Ventana celebrar\u00e1 su 118\u00ba aniversario con diferentes actividades\"}]},{\"@type\":\"WebSite\",\"@id\":\"https:\/\/www.celttv.com.ar\/#website\",\"url\":\"https:\/\/www.celttv.com.ar\/\",\"name\":\"CELTTV\",\"description\":\"Cooperativa El\u00e9ctrica de Tornquist\",\"publisher\":{\"@id\":\"https:\/\/www.celttv.com.ar\/#organization\"},\"potentialAction\":[{\"@type\":\"SearchAction\",\"target\":{\"@type\":\"EntryPoint\",\"urlTemplate\":\"https:\/\/www.celttv.com.ar\/?s={search_term_string}\"},\"query-input\":\"required name=search_term_string\"}],\"inLanguage\":\"es\"},{\"@type\":\"Organization\",\"@id\":\"https:\/\/www.celttv.com.ar\/#organization\",\"name\":\"CELTTV\",\"url\":\"https:\/\/www.celttv.com.ar\/\",\"sameAs\":[\"https:\/\/www.youtube.com\/channel\/UCz_oIt8Hig64Ub-EmcNPIhg\",\"https:\/\/www.facebook.com\/celtTV\/\"],\"logo\":{\"@type\":\"ImageObject\",\"inLanguage\":\"es\",\"@id\":\"https:\/\/www.celttv.com.ar\/#\/schema\/logo\/image\/\",\"url\":\"http:\/\/www.celttv.com.ar\/wp-content\/uploads\/2022\/08\/logo-1.png\",\"contentUrl\":\"http:\/\/www.celttv.com.ar\/wp-content\/uploads\/2022\/08\/logo-1.png\",\"width\":461,\"height\":159,\"caption\":\"CELTTV\"},\"image\":{\"@id\":\"https:\/\/www.celttv.com.ar\/#\/schema\/logo\/image\/\"}},{\"@type\":\"Person\",\"@id\":\"https:\/\/www.celttv.com.ar\/#\/schema\/person\/9059dc91dc7204ef4182cdb65225f07d\",\"name\":\"Miguel Herrada\",\"image\":{\"@type\":\"ImageObject\",\"inLanguage\":\"es\",\"@id\":\"https:\/\/www.celttv.com.ar\/#\/schema\/person\/image\/\",\"url\":\"https:\/\/secure.gravatar.com\/avatar\/67724d5b3c716623ffd76bec7e45841a442ac3b456e914dbba90b0fad2b8e0b1?s=96&d=mm&r=g\",\"contentUrl\":\"https:\/\/secure.gravatar.com\/avatar\/67724d5b3c716623ffd76bec7e45841a442ac3b456e914dbba90b0fad2b8e0b1?s=96&d=mm&r=g\",\"caption\":\"Miguel Herrada\"}}]}<\/script>\n<!-- \/ Yoast SEO plugin. -->","yoast_head_json":{"title":"Sierra de la Ventana celebrar\u00e1 su 118\u00ba aniversario con diferentes actividades - CELTTV","description":"Sitio web de noticias de la localidad de Tornquist, provincia de Buenos Aires, Rep\u00fablica Argentina. Contenido propio originado por periodistas de CELTTV, el canal de TV local de la Cooperativa El\u00e9ctrica de Tornquist. Turismo, Pol\u00edtica, Sociedad, Deporte, Cultura y todo el contenido de inter\u00e9s general que la gente del pueblo y la regi\u00f3n debe conocer.","robots":{"index":"index","follow":"follow","max-snippet":"max-snippet:-1","max-image-preview":"max-image-preview:large","max-video-preview":"max-video-preview:-1"},"canonical":"https:\/\/www.celttv.com.ar\/index.php\/2026\/01\/15\/sierra-de-la-ventana-celebrara-su-118o-aniversario-con-diferentes-actividades\/","og_locale":"es_ES","og_type":"article","og_title":"Sierra de la Ventana celebrar\u00e1 su 118\u00ba aniversario con diferentes actividades - CELTTV","og_description":"Sitio web de noticias de la localidad de Tornquist, provincia de Buenos Aires, Rep\u00fablica Argentina. Contenido propio originado por periodistas de CELTTV, el canal de TV local de la Cooperativa El\u00e9ctrica de Tornquist. Turismo, Pol\u00edtica, Sociedad, Deporte, Cultura y todo el contenido de inter\u00e9s general que la gente del pueblo y la regi\u00f3n debe conocer.","og_url":"https:\/\/www.celttv.com.ar\/index.php\/2026\/01\/15\/sierra-de-la-ventana-celebrara-su-118o-aniversario-con-diferentes-actividades\/","og_site_name":"CELTTV","article_publisher":"https:\/\/www.facebook.com\/celtTV\/","article_published_time":"2026-01-15T19:52:54+00:00","og_image":[{"width":968,"height":1349,"url":"https:\/\/www.celttv.com.ar\/wp-content\/uploads\/2026\/01\/Invitacion-aniversario-SDLV-1.jpg","type":"image\/jpeg"}],"author":"Miguel Herrada","twitter_card":"summary_large_image","twitter_misc":{"Escrito por":"Miguel Herrada","Tiempo de lectura":"1 minuto"},"schema":{"@context":"https:\/\/schema.org","@graph":[{"@type":"NewsArticle","@id":"https:\/\/www.celttv.com.ar\/index.php\/2026\/01\/15\/sierra-de-la-ventana-celebrara-su-118o-aniversario-con-diferentes-actividades\/#article","isPartOf":{"@id":"https:\/\/www.celttv.com.ar\/index.php\/2026\/01\/15\/sierra-de-la-ventana-celebrara-su-118o-aniversario-con-diferentes-actividades\/"},"author":{"name":"Miguel Herrada","@id":"https:\/\/www.celttv.com.ar\/#\/schema\/person\/9059dc91dc7204ef4182cdb65225f07d"},"headline":"Sierra de la Ventana celebrar\u00e1 su 118\u00ba aniversario con diferentes actividades","datePublished":"2026-01-15T19:52:54+00:00","dateModified":"2026-01-15T19:52:54+00:00","mainEntityOfPage":{"@id":"https:\/\/www.celttv.com.ar\/index.php\/2026\/01\/15\/sierra-de-la-ventana-celebrara-su-118o-aniversario-con-diferentes-actividades\/"},"wordCount":139,"publisher":{"@id":"https:\/\/www.celttv.com.ar\/#organization"},"articleSection":["Municipales"],"inLanguage":"es"},{"@type":"WebPage","@id":"https:\/\/www.celttv.com.ar\/index.php\/2026\/01\/15\/sierra-de-la-ventana-celebrara-su-118o-aniversario-con-diferentes-actividades\/","url":"https:\/\/www.celttv.com.ar\/index.php\/2026\/01\/15\/sierra-de-la-ventana-celebrara-su-118o-aniversario-con-diferentes-actividades\/","name":"Sierra de la Ventana celebrar\u00e1 su 118\u00ba aniversario con diferentes actividades - CELTTV","isPartOf":{"@id":"https:\/\/www.celttv.com.ar\/#website"},"datePublished":"2026-01-15T19:52:54+00:00","dateModified":"2026-01-15T19:52:54+00:00","description":"Sitio web de noticias de la localidad de Tornquist, provincia de Buenos Aires, Rep\u00fablica Argentina. Contenido propio originado por periodistas de CELTTV, el canal de TV local de la Cooperativa El\u00e9ctrica de Tornquist. Turismo, Pol\u00edtica, Sociedad, Deporte, Cultura y todo el contenido de inter\u00e9s general que la gente del pueblo y la regi\u00f3n debe conocer.","breadcrumb":{"@id":"https:\/\/www.celttv.com.ar\/index.php\/2026\/01\/15\/sierra-de-la-ventana-celebrara-su-118o-aniversario-con-diferentes-actividades\/#breadcrumb"},"inLanguage":"es","potentialAction":[{"@type":"ReadAction","target":["https:\/\/www.celttv.com.ar\/index.php\/2026\/01\/15\/sierra-de-la-ventana-celebrara-su-118o-aniversario-con-diferentes-actividades\/"]}]},{"@type":"BreadcrumbList","@id":"https:\/\/www.celttv.com.ar\/index.php\/2026\/01\/15\/sierra-de-la-ventana-celebrara-su-118o-aniversario-con-diferentes-actividades\/#breadcrumb","itemListElement":[{"@type":"ListItem","position":1,"name":"Inicio","item":"https:\/\/www.celttv.com.ar\/"},{"@type":"ListItem","position":2,"name":"Sierra de la Ventana celebrar\u00e1 su 118\u00ba aniversario con diferentes actividades"}]},{"@type":"WebSite","@id":"https:\/\/www.celttv.com.ar\/#website","url":"https:\/\/www.celttv.com.ar\/","name":"CELTTV","description":"Cooperativa El\u00e9ctrica de Tornquist","publisher":{"@id":"https:\/\/www.celttv.com.ar\/#organization"},"potentialAction":[{"@type":"SearchAction","target":{"@type":"EntryPoint","urlTemplate":"https:\/\/www.celttv.com.ar\/?s={search_term_string}"},"query-input":"required name=search_term_string"}],"inLanguage":"es"},{"@type":"Organization","@id":"https:\/\/www.celttv.com.ar\/#organization","name":"CELTTV","url":"https:\/\/www.celttv.com.ar\/","sameAs":["https:\/\/www.youtube.com\/channel\/UCz_oIt8Hig64Ub-EmcNPIhg","https:\/\/www.facebook.com\/celtTV\/"],"logo":{"@type":"ImageObject","inLanguage":"es","@id":"https:\/\/www.celttv.com.ar\/#\/schema\/logo\/image\/","url":"http:\/\/www.celttv.com.ar\/wp-content\/uploads\/2022\/08\/logo-1.png","contentUrl":"http:\/\/www.celttv.com.ar\/wp-content\/uploads\/2022\/08\/logo-1.png","width":461,"height":159,"caption":"CELTTV"},"image":{"@id":"https:\/\/www.celttv.com.ar\/#\/schema\/logo\/image\/"}},{"@type":"Person","@id":"https:\/\/www.celttv.com.ar\/#\/schema\/person\/9059dc91dc7204ef4182cdb65225f07d","name":"Miguel Herrada","image":{"@type":"ImageObject","inLanguage":"es","@id":"https:\/\/www.celttv.com.ar\/#\/schema\/person\/image\/","url":"https:\/\/secure.gravatar.com\/avatar\/67724d5b3c716623ffd76bec7e45841a442ac3b456e914dbba90b0fad2b8e0b1?s=96&d=mm&r=g","contentUrl":"https:\/\/secure.gravatar.com\/avatar\/67724d5b3c716623ffd76bec7e45841a442ac3b456e914dbba90b0fad2b8e0b1?s=96&d=mm&r=g","caption":"Miguel Herrada"}}]}},"_links":{"self":[{"href":"https:\/\/www.celttv.com.ar\/index.php\/wp-json\/wp\/v2\/posts\/90892","targetHints":{"allow":["GET"]}}],"collection":[{"href":"https:\/\/www.celttv.com.ar\/index.php\/wp-json\/wp\/v2\/posts"}],"about":[{"href":"https:\/\/www.celttv.com.ar\/index.php\/wp-json\/wp\/v2\/types\/post"}],"author":[{"embeddable":true,"href":"https:\/\/www.celttv.com.ar\/index.php\/wp-json\/wp\/v2\/users\/5"}],"replies":[{"embeddable":true,"href":"https:\/\/www.celttv.com.ar\/index.php\/wp-json\/wp\/v2\/comments?post=90892"}],"version-history":[{"count":1,"href":"https:\/\/www.celttv.com.ar\/index.php\/wp-json\/wp\/v2\/posts\/90892\/revisions"}],"predecessor-version":[{"id":90895,"href":"https:\/\/www.celttv.com.ar\/index.php\/wp-json\/wp\/v2\/posts\/90892\/revisions\/90895"}],"wp:featuredmedia":[{"embeddable":true,"href":"https:\/\/www.celttv.com.ar\/index.php\/wp-json\/wp\/v2\/media\/90894"}],"wp:attachment":[{"href":"https:\/\/www.celttv.com.ar\/index.php\/wp-json\/wp\/v2\/media?parent=90892"}],"wp:term":[{"taxonomy":"category","embeddable":true,"href":"https:\/\/www.celttv.com.ar\/index.php\/wp-json\/wp\/v2\/categories?post=90892"},{"taxonomy":"post_tag","embeddable":true,"href":"https:\/\/www.celttv.com.ar\/index.php\/wp-json\/wp\/v2\/tags?post=90892"}],"curies":[{"name":"wp","href":"https:\/\/api.w.org\/{rel}","templated":true}]}}