{"id":90910,"date":"2026-01-17T23:56:09","date_gmt":"2026-01-18T02:56:09","guid":{"rendered":"https:\/\/www.celttv.com.ar\/?p=90910"},"modified":"2026-01-17T23:56:09","modified_gmt":"2026-01-18T02:56:09","slug":"sierra-de-la-ventana-celebro-el-118-aniversario-de-su-fundacion","status":"publish","type":"post","link":"https:\/\/www.celttv.com.ar\/index.php\/2026\/01\/17\/sierra-de-la-ventana-celebro-el-118-aniversario-de-su-fundacion\/","title":{"rendered":"Sierra de la Ventana celebr\u00f3 el 118\u00b0 aniversario de su fundaci\u00f3n"},"content":{"rendered":"<p>Sierra de la Ventana celebr\u00f3 el 118\u00b0 aniversario de su fundaci\u00f3n<br \/>\nLa localidad de Sierra de la Ventana celebr\u00f3 este s\u00e1bado el 118\u00b0 aniversario de su<br \/>\nfundaci\u00f3n con un acto oficial, del que participaron autoridades, instituciones y vecinos<br \/>\nde la comunidad.<br \/>\nEl encuentro cont\u00f3 con la presencia de la intendente municipal, Estefan\u00eda Bordoni,<br \/>\njunto al secretario de Gobierno y Gesti\u00f3n P\u00fablica, Claudio Pelizza; la delegada<br \/>\nmunicipal de Sierra de la Ventana, Viviana Montibeller; la presidenta del Honorable<br \/>\nConcejo Deliberante, Carmen Soverchia; concejales, autoridades del Departamento<br \/>\nEjecutivo Municipal, organizaciones de la sociedad civil y p\u00fablico en general.<br \/>\nEl acto comenz\u00f3 con el izamiento del Pabell\u00f3n Nacional y la entonaci\u00f3n del Himno<br \/>\nNacional Argentino, reafirmando los valores de identidad y pertenencia.<br \/>\nLas palabras alusivas estuvieron a cargo de la delegada municipal de Sierra de la<br \/>\nVentana, Viviana Montibeller, y de la concejal Mar\u00eda Romero, quien se dirigi\u00f3 a los<br \/>\npresentes en representaci\u00f3n de la intendente municipal. En su mensaje, Romero<br \/>\ndestac\u00f3 que se encuentran previstas nuevas obras para la localidad, entre ellas la<br \/>\nconstrucci\u00f3n de cord\u00f3n cuneta y la ejecuci\u00f3n de una bater\u00eda de ba\u00f1os para el predio<br \/>\ndel Centro Cultural, obra que ser\u00e1 el inicio del proyecto de puesta en valor integral de<br \/>\ntodo el predio, que se llevar\u00e1 a cabo durante el transcurso del a\u00f1o, con el objetivo de<br \/>\nseguir fortaleciendo la infraestructura local y acompa\u00f1ar el crecimiento de Sierra de la<br \/>\nVentana.<br \/>\nDurante la ceremonia se realiz\u00f3 un homenaje a Diego Dietrich Meyer, pionero del<br \/>\ndesarrollo local, cuyo legado forma parte de la identidad de Sierra de la Ventana. En<br \/>\neste marco, se invit\u00f3 a su bisnieto Diego Meyer y familia a participar del<br \/>\nreconocimiento, con la entrega de un presente a sus familiares. En la oportunidad,<br \/>\nMeyer afirm\u00f3: \u201cEste lugar no puede no ser vivido y disfrutado\u201d.<\/p>\n<p>Tambi\u00e9n se reconoci\u00f3 a la Agrupaci\u00f3n Amigos de la Trochita, representada por<br \/>\nGustavo Moralejo, por su labor en la recuperaci\u00f3n de la traza ferroviaria original y la<br \/>\npuesta en valor del patrimonio ferroviario local.<br \/>\nCabe recordar que, ante la inexistencia de documentaci\u00f3n fundacional precisa, se<br \/>\nestablece como fecha de nacimiento de Sierra de la Ventana el 17 de enero de 1908,<br \/>\nd\u00eda del otorgamiento de las primeras escrituras.<br \/>\nLos festejos culminaron con el tradicional corte de torta, que estuvo a cargo de la<br \/>\nAgrupaci\u00f3n Amigos de la Trochita, compartiendo un momento de celebraci\u00f3n junto a la<br \/>\ncomunidad.<\/p>\n<p><img loading=\"lazy\" decoding=\"async\" class=\"alignnone wp-image-90911 size-large\" src=\"https:\/\/www.celttv.com.ar\/wp-content\/uploads\/2026\/01\/Aniversario-SV-1-683x1024.jpg\" alt=\"\" width=\"683\" height=\"1024\" srcset=\"https:\/\/www.celttv.com.ar\/wp-content\/uploads\/2026\/01\/Aniversario-SV-1-683x1024.jpg 683w, https:\/\/www.celttv.com.ar\/wp-content\/uploads\/2026\/01\/Aniversario-SV-1-200x300.jpg 200w, https:\/\/www.celttv.com.ar\/wp-content\/uploads\/2026\/01\/Aniversario-SV-1-768x1152.jpg 768w, https:\/\/www.celttv.com.ar\/wp-content\/uploads\/2026\/01\/Aniversario-SV-1-1024x1536.jpg 1024w, https:\/\/www.celttv.com.ar\/wp-content\/uploads\/2026\/01\/Aniversario-SV-1-1365x2048.jpg 1365w, https:\/\/www.celttv.com.ar\/wp-content\/uploads\/2026\/01\/Aniversario-SV-1-750x1125.jpg 750w, https:\/\/www.celttv.com.ar\/wp-content\/uploads\/2026\/01\/Aniversario-SV-1-1140x1710.jpg 1140w, https:\/\/www.celttv.com.ar\/wp-content\/uploads\/2026\/01\/Aniversario-SV-1-scaled.jpg 1707w\" sizes=\"auto, (max-width: 683px) 100vw, 683px\" \/> <img loading=\"lazy\" decoding=\"async\" class=\"alignnone wp-image-90912 size-large\" src=\"https:\/\/www.celttv.com.ar\/wp-content\/uploads\/2026\/01\/Aniversario-SV-2-661x1024.jpg\" alt=\"\" width=\"661\" height=\"1024\" srcset=\"https:\/\/www.celttv.com.ar\/wp-content\/uploads\/2026\/01\/Aniversario-SV-2-661x1024.jpg 661w, https:\/\/www.celttv.com.ar\/wp-content\/uploads\/2026\/01\/Aniversario-SV-2-194x300.jpg 194w, https:\/\/www.celttv.com.ar\/wp-content\/uploads\/2026\/01\/Aniversario-SV-2-768x1191.jpg 768w, https:\/\/www.celttv.com.ar\/wp-content\/uploads\/2026\/01\/Aniversario-SV-2-991x1536.jpg 991w, https:\/\/www.celttv.com.ar\/wp-content\/uploads\/2026\/01\/Aniversario-SV-2-1321x2048.jpg 1321w, https:\/\/www.celttv.com.ar\/wp-content\/uploads\/2026\/01\/Aniversario-SV-2-750x1163.jpg 750w, https:\/\/www.celttv.com.ar\/wp-content\/uploads\/2026\/01\/Aniversario-SV-2-1140x1767.jpg 1140w, https:\/\/www.celttv.com.ar\/wp-content\/uploads\/2026\/01\/Aniversario-SV-2-scaled.jpg 1651w\" sizes=\"auto, (max-width: 661px) 100vw, 661px\" \/> <img loading=\"lazy\" decoding=\"async\" class=\"alignnone wp-image-90913 size-large\" src=\"https:\/\/www.celttv.com.ar\/wp-content\/uploads\/2026\/01\/Aniversario-SV-3-1024x683.jpg\" alt=\"\" width=\"1024\" height=\"683\" srcset=\"https:\/\/www.celttv.com.ar\/wp-content\/uploads\/2026\/01\/Aniversario-SV-3-1024x683.jpg 1024w, https:\/\/www.celttv.com.ar\/wp-content\/uploads\/2026\/01\/Aniversario-SV-3-300x200.jpg 300w, https:\/\/www.celttv.com.ar\/wp-content\/uploads\/2026\/01\/Aniversario-SV-3-768x512.jpg 768w, https:\/\/www.celttv.com.ar\/wp-content\/uploads\/2026\/01\/Aniversario-SV-3-1536x1024.jpg 1536w, https:\/\/www.celttv.com.ar\/wp-content\/uploads\/2026\/01\/Aniversario-SV-3-750x500.jpg 750w, https:\/\/www.celttv.com.ar\/wp-content\/uploads\/2026\/01\/Aniversario-SV-3-1140x760.jpg 1140w, https:\/\/www.celttv.com.ar\/wp-content\/uploads\/2026\/01\/Aniversario-SV-3.jpg 2048w\" sizes=\"auto, (max-width: 1024px) 100vw, 1024px\" \/> <img loading=\"lazy\" decoding=\"async\" class=\"alignnone wp-image-90914 size-large\" src=\"https:\/\/www.celttv.com.ar\/wp-content\/uploads\/2026\/01\/Aniversario-SV-4-1024x576.jpg\" alt=\"\" width=\"1024\" height=\"576\" srcset=\"https:\/\/www.celttv.com.ar\/wp-content\/uploads\/2026\/01\/Aniversario-SV-4-1024x576.jpg 1024w, https:\/\/www.celttv.com.ar\/wp-content\/uploads\/2026\/01\/Aniversario-SV-4-300x169.jpg 300w, https:\/\/www.celttv.com.ar\/wp-content\/uploads\/2026\/01\/Aniversario-SV-4-768x432.jpg 768w, https:\/\/www.celttv.com.ar\/wp-content\/uploads\/2026\/01\/Aniversario-SV-4-1536x864.jpg 1536w, https:\/\/www.celttv.com.ar\/wp-content\/uploads\/2026\/01\/Aniversario-SV-4-750x422.jpg 750w, https:\/\/www.celttv.com.ar\/wp-content\/uploads\/2026\/01\/Aniversario-SV-4-1140x641.jpg 1140w, https:\/\/www.celttv.com.ar\/wp-content\/uploads\/2026\/01\/Aniversario-SV-4.jpg 2048w\" sizes=\"auto, (max-width: 1024px) 100vw, 1024px\" \/> <img loading=\"lazy\" decoding=\"async\" class=\"alignnone wp-image-90915 size-large\" src=\"https:\/\/www.celttv.com.ar\/wp-content\/uploads\/2026\/01\/Aniversario-SV-5-1024x666.jpg\" alt=\"\" width=\"1024\" height=\"666\" srcset=\"https:\/\/www.celttv.com.ar\/wp-content\/uploads\/2026\/01\/Aniversario-SV-5-1024x666.jpg 1024w, https:\/\/www.celttv.com.ar\/wp-content\/uploads\/2026\/01\/Aniversario-SV-5-300x195.jpg 300w, https:\/\/www.celttv.com.ar\/wp-content\/uploads\/2026\/01\/Aniversario-SV-5-768x499.jpg 768w, https:\/\/www.celttv.com.ar\/wp-content\/uploads\/2026\/01\/Aniversario-SV-5-1536x998.jpg 1536w, https:\/\/www.celttv.com.ar\/wp-content\/uploads\/2026\/01\/Aniversario-SV-5-750x487.jpg 750w, https:\/\/www.celttv.com.ar\/wp-content\/uploads\/2026\/01\/Aniversario-SV-5-1140x741.jpg 1140w, https:\/\/www.celttv.com.ar\/wp-content\/uploads\/2026\/01\/Aniversario-SV-5.jpg 2048w\" sizes=\"auto, (max-width: 1024px) 100vw, 1024px\" \/> <img loading=\"lazy\" decoding=\"async\" class=\"alignnone wp-image-90916 size-large\" src=\"https:\/\/www.celttv.com.ar\/wp-content\/uploads\/2026\/01\/Aniversario-SV-6-695x1024.jpg\" alt=\"\" width=\"695\" height=\"1024\" srcset=\"https:\/\/www.celttv.com.ar\/wp-content\/uploads\/2026\/01\/Aniversario-SV-6-695x1024.jpg 695w, https:\/\/www.celttv.com.ar\/wp-content\/uploads\/2026\/01\/Aniversario-SV-6-204x300.jpg 204w, https:\/\/www.celttv.com.ar\/wp-content\/uploads\/2026\/01\/Aniversario-SV-6-768x1132.jpg 768w, https:\/\/www.celttv.com.ar\/wp-content\/uploads\/2026\/01\/Aniversario-SV-6-1042x1536.jpg 1042w, https:\/\/www.celttv.com.ar\/wp-content\/uploads\/2026\/01\/Aniversario-SV-6-1389x2048.jpg 1389w, https:\/\/www.celttv.com.ar\/wp-content\/uploads\/2026\/01\/Aniversario-SV-6-750x1106.jpg 750w, https:\/\/www.celttv.com.ar\/wp-content\/uploads\/2026\/01\/Aniversario-SV-6-1140x1680.jpg 1140w, https:\/\/www.celttv.com.ar\/wp-content\/uploads\/2026\/01\/Aniversario-SV-6-scaled.jpg 1737w\" sizes=\"auto, (max-width: 695px) 100vw, 695px\" \/> <img loading=\"lazy\" decoding=\"async\" class=\"alignnone wp-image-90917 size-large\" src=\"https:\/\/www.celttv.com.ar\/wp-content\/uploads\/2026\/01\/Aniversario-SV-7-1024x784.jpg\" alt=\"\" width=\"1024\" height=\"784\" srcset=\"https:\/\/www.celttv.com.ar\/wp-content\/uploads\/2026\/01\/Aniversario-SV-7-1024x784.jpg 1024w, https:\/\/www.celttv.com.ar\/wp-content\/uploads\/2026\/01\/Aniversario-SV-7-300x230.jpg 300w, https:\/\/www.celttv.com.ar\/wp-content\/uploads\/2026\/01\/Aniversario-SV-7-768x588.jpg 768w, https:\/\/www.celttv.com.ar\/wp-content\/uploads\/2026\/01\/Aniversario-SV-7-1536x1175.jpg 1536w, https:\/\/www.celttv.com.ar\/wp-content\/uploads\/2026\/01\/Aniversario-SV-7-750x574.jpg 750w, https:\/\/www.celttv.com.ar\/wp-content\/uploads\/2026\/01\/Aniversario-SV-7-1140x872.jpg 1140w, https:\/\/www.celttv.com.ar\/wp-content\/uploads\/2026\/01\/Aniversario-SV-7.jpg 2048w\" sizes=\"auto, (max-width: 1024px) 100vw, 1024px\" \/> <img loading=\"lazy\" decoding=\"async\" class=\"alignnone wp-image-90918 size-large\" src=\"https:\/\/www.celttv.com.ar\/wp-content\/uploads\/2026\/01\/Aniversario-SV-8-683x1024.jpg\" alt=\"\" width=\"683\" height=\"1024\" srcset=\"https:\/\/www.celttv.com.ar\/wp-content\/uploads\/2026\/01\/Aniversario-SV-8-683x1024.jpg 683w, https:\/\/www.celttv.com.ar\/wp-content\/uploads\/2026\/01\/Aniversario-SV-8-200x300.jpg 200w, https:\/\/www.celttv.com.ar\/wp-content\/uploads\/2026\/01\/Aniversario-SV-8-768x1152.jpg 768w, https:\/\/www.celttv.com.ar\/wp-content\/uploads\/2026\/01\/Aniversario-SV-8-1024x1536.jpg 1024w, https:\/\/www.celttv.com.ar\/wp-content\/uploads\/2026\/01\/Aniversario-SV-8-1365x2048.jpg 1365w, https:\/\/www.celttv.com.ar\/wp-content\/uploads\/2026\/01\/Aniversario-SV-8-750x1125.jpg 750w, https:\/\/www.celttv.com.ar\/wp-content\/uploads\/2026\/01\/Aniversario-SV-8-1140x1710.jpg 1140w, https:\/\/www.celttv.com.ar\/wp-content\/uploads\/2026\/01\/Aniversario-SV-8-scaled.jpg 1707w\" sizes=\"auto, (max-width: 683px) 100vw, 683px\" \/> <img loading=\"lazy\" decoding=\"async\" class=\"alignnone wp-image-90919 size-large\" src=\"https:\/\/www.celttv.com.ar\/wp-content\/uploads\/2026\/01\/Aniversario-SV-9-585x1024.jpg\" alt=\"\" width=\"585\" height=\"1024\" srcset=\"https:\/\/www.celttv.com.ar\/wp-content\/uploads\/2026\/01\/Aniversario-SV-9-585x1024.jpg 585w, https:\/\/www.celttv.com.ar\/wp-content\/uploads\/2026\/01\/Aniversario-SV-9-172x300.jpg 172w, https:\/\/www.celttv.com.ar\/wp-content\/uploads\/2026\/01\/Aniversario-SV-9-768x1343.jpg 768w, https:\/\/www.celttv.com.ar\/wp-content\/uploads\/2026\/01\/Aniversario-SV-9-878x1536.jpg 878w, https:\/\/www.celttv.com.ar\/wp-content\/uploads\/2026\/01\/Aniversario-SV-9-1171x2048.jpg 1171w, https:\/\/www.celttv.com.ar\/wp-content\/uploads\/2026\/01\/Aniversario-SV-9-750x1312.jpg 750w, https:\/\/www.celttv.com.ar\/wp-content\/uploads\/2026\/01\/Aniversario-SV-9-1140x1994.jpg 1140w, https:\/\/www.celttv.com.ar\/wp-content\/uploads\/2026\/01\/Aniversario-SV-9-scaled.jpg 1464w\" sizes=\"auto, (max-width: 585px) 100vw, 585px\" \/> <img loading=\"lazy\" decoding=\"async\" class=\"alignnone wp-image-90920 size-large\" src=\"https:\/\/www.celttv.com.ar\/wp-content\/uploads\/2026\/01\/Aniversario-SV-10-1024x823.jpg\" alt=\"\" width=\"1024\" height=\"823\" srcset=\"https:\/\/www.celttv.com.ar\/wp-content\/uploads\/2026\/01\/Aniversario-SV-10-1024x823.jpg 1024w, https:\/\/www.celttv.com.ar\/wp-content\/uploads\/2026\/01\/Aniversario-SV-10-300x241.jpg 300w, https:\/\/www.celttv.com.ar\/wp-content\/uploads\/2026\/01\/Aniversario-SV-10-768x617.jpg 768w, https:\/\/www.celttv.com.ar\/wp-content\/uploads\/2026\/01\/Aniversario-SV-10-1536x1235.jpg 1536w, https:\/\/www.celttv.com.ar\/wp-content\/uploads\/2026\/01\/Aniversario-SV-10-750x603.jpg 750w, https:\/\/www.celttv.com.ar\/wp-content\/uploads\/2026\/01\/Aniversario-SV-10-1140x916.jpg 1140w, https:\/\/www.celttv.com.ar\/wp-content\/uploads\/2026\/01\/Aniversario-SV-10.jpg 2048w\" sizes=\"auto, (max-width: 1024px) 100vw, 1024px\" \/> <img loading=\"lazy\" decoding=\"async\" class=\"alignnone wp-image-90921 size-large\" src=\"https:\/\/www.celttv.com.ar\/wp-content\/uploads\/2026\/01\/Aniversario-SV-11-630x1024.jpg\" alt=\"\" width=\"630\" height=\"1024\" srcset=\"https:\/\/www.celttv.com.ar\/wp-content\/uploads\/2026\/01\/Aniversario-SV-11-630x1024.jpg 630w, https:\/\/www.celttv.com.ar\/wp-content\/uploads\/2026\/01\/Aniversario-SV-11-185x300.jpg 185w, https:\/\/www.celttv.com.ar\/wp-content\/uploads\/2026\/01\/Aniversario-SV-11-768x1249.jpg 768w, https:\/\/www.celttv.com.ar\/wp-content\/uploads\/2026\/01\/Aniversario-SV-11-945x1536.jpg 945w, https:\/\/www.celttv.com.ar\/wp-content\/uploads\/2026\/01\/Aniversario-SV-11-1260x2048.jpg 1260w, https:\/\/www.celttv.com.ar\/wp-content\/uploads\/2026\/01\/Aniversario-SV-11-750x1219.jpg 750w, https:\/\/www.celttv.com.ar\/wp-content\/uploads\/2026\/01\/Aniversario-SV-11-1140x1854.jpg 1140w, https:\/\/www.celttv.com.ar\/wp-content\/uploads\/2026\/01\/Aniversario-SV-11-scaled.jpg 1574w\" sizes=\"auto, (max-width: 630px) 100vw, 630px\" \/> <img loading=\"lazy\" decoding=\"async\" class=\"alignnone wp-image-90922 size-large\" src=\"https:\/\/www.celttv.com.ar\/wp-content\/uploads\/2026\/01\/Aniversario-SV-12-1024x941.jpg\" alt=\"\" width=\"1024\" height=\"941\" srcset=\"https:\/\/www.celttv.com.ar\/wp-content\/uploads\/2026\/01\/Aniversario-SV-12-1024x941.jpg 1024w, https:\/\/www.celttv.com.ar\/wp-content\/uploads\/2026\/01\/Aniversario-SV-12-300x276.jpg 300w, https:\/\/www.celttv.com.ar\/wp-content\/uploads\/2026\/01\/Aniversario-SV-12-768x706.jpg 768w, https:\/\/www.celttv.com.ar\/wp-content\/uploads\/2026\/01\/Aniversario-SV-12-1536x1412.jpg 1536w, https:\/\/www.celttv.com.ar\/wp-content\/uploads\/2026\/01\/Aniversario-SV-12-750x689.jpg 750w, https:\/\/www.celttv.com.ar\/wp-content\/uploads\/2026\/01\/Aniversario-SV-12-1140x1048.jpg 1140w, https:\/\/www.celttv.com.ar\/wp-content\/uploads\/2026\/01\/Aniversario-SV-12.jpg 2048w\" sizes=\"auto, (max-width: 1024px) 100vw, 1024px\" \/> <img loading=\"lazy\" decoding=\"async\" class=\"alignnone wp-image-90923 size-large\" src=\"https:\/\/www.celttv.com.ar\/wp-content\/uploads\/2026\/01\/Aniversario-SV-13-655x1024.jpg\" alt=\"\" width=\"655\" height=\"1024\" srcset=\"https:\/\/www.celttv.com.ar\/wp-content\/uploads\/2026\/01\/Aniversario-SV-13-655x1024.jpg 655w, https:\/\/www.celttv.com.ar\/wp-content\/uploads\/2026\/01\/Aniversario-SV-13-192x300.jpg 192w, https:\/\/www.celttv.com.ar\/wp-content\/uploads\/2026\/01\/Aniversario-SV-13-768x1202.jpg 768w, https:\/\/www.celttv.com.ar\/wp-content\/uploads\/2026\/01\/Aniversario-SV-13-982x1536.jpg 982w, https:\/\/www.celttv.com.ar\/wp-content\/uploads\/2026\/01\/Aniversario-SV-13-1309x2048.jpg 1309w, https:\/\/www.celttv.com.ar\/wp-content\/uploads\/2026\/01\/Aniversario-SV-13-750x1173.jpg 750w, https:\/\/www.celttv.com.ar\/wp-content\/uploads\/2026\/01\/Aniversario-SV-13-1140x1783.jpg 1140w, https:\/\/www.celttv.com.ar\/wp-content\/uploads\/2026\/01\/Aniversario-SV-13-scaled.jpg 1636w\" sizes=\"auto, (max-width: 655px) 100vw, 655px\" \/> <img loading=\"lazy\" decoding=\"async\" class=\"alignnone wp-image-90924 size-large\" src=\"https:\/\/www.celttv.com.ar\/wp-content\/uploads\/2026\/01\/Aniversario-SV-14-692x1024.jpg\" alt=\"\" width=\"692\" height=\"1024\" srcset=\"https:\/\/www.celttv.com.ar\/wp-content\/uploads\/2026\/01\/Aniversario-SV-14-692x1024.jpg 692w, https:\/\/www.celttv.com.ar\/wp-content\/uploads\/2026\/01\/Aniversario-SV-14-203x300.jpg 203w, https:\/\/www.celttv.com.ar\/wp-content\/uploads\/2026\/01\/Aniversario-SV-14-768x1136.jpg 768w, https:\/\/www.celttv.com.ar\/wp-content\/uploads\/2026\/01\/Aniversario-SV-14-1038x1536.jpg 1038w, https:\/\/www.celttv.com.ar\/wp-content\/uploads\/2026\/01\/Aniversario-SV-14-1384x2048.jpg 1384w, https:\/\/www.celttv.com.ar\/wp-content\/uploads\/2026\/01\/Aniversario-SV-14-750x1110.jpg 750w, https:\/\/www.celttv.com.ar\/wp-content\/uploads\/2026\/01\/Aniversario-SV-14-1140x1687.jpg 1140w, https:\/\/www.celttv.com.ar\/wp-content\/uploads\/2026\/01\/Aniversario-SV-14-scaled.jpg 1730w\" sizes=\"auto, (max-width: 692px) 100vw, 692px\" \/> <img loading=\"lazy\" decoding=\"async\" class=\"alignnone wp-image-90925 size-large\" src=\"https:\/\/www.celttv.com.ar\/wp-content\/uploads\/2026\/01\/Aniversario-SV-15-622x1024.jpg\" alt=\"\" width=\"622\" height=\"1024\" srcset=\"https:\/\/www.celttv.com.ar\/wp-content\/uploads\/2026\/01\/Aniversario-SV-15-622x1024.jpg 622w, https:\/\/www.celttv.com.ar\/wp-content\/uploads\/2026\/01\/Aniversario-SV-15-182x300.jpg 182w, https:\/\/www.celttv.com.ar\/wp-content\/uploads\/2026\/01\/Aniversario-SV-15-768x1263.jpg 768w, https:\/\/www.celttv.com.ar\/wp-content\/uploads\/2026\/01\/Aniversario-SV-15-934x1536.jpg 934w, https:\/\/www.celttv.com.ar\/wp-content\/uploads\/2026\/01\/Aniversario-SV-15-1245x2048.jpg 1245w, https:\/\/www.celttv.com.ar\/wp-content\/uploads\/2026\/01\/Aniversario-SV-15-750x1234.jpg 750w, https:\/\/www.celttv.com.ar\/wp-content\/uploads\/2026\/01\/Aniversario-SV-15-1140x1875.jpg 1140w, https:\/\/www.celttv.com.ar\/wp-content\/uploads\/2026\/01\/Aniversario-SV-15-scaled.jpg 1556w\" sizes=\"auto, (max-width: 622px) 100vw, 622px\" \/> <img loading=\"lazy\" decoding=\"async\" class=\"alignnone wp-image-90926 size-large\" src=\"https:\/\/www.celttv.com.ar\/wp-content\/uploads\/2026\/01\/Aniversario-SV-16-701x1024.jpg\" alt=\"\" width=\"701\" height=\"1024\" srcset=\"https:\/\/www.celttv.com.ar\/wp-content\/uploads\/2026\/01\/Aniversario-SV-16-701x1024.jpg 701w, https:\/\/www.celttv.com.ar\/wp-content\/uploads\/2026\/01\/Aniversario-SV-16-205x300.jpg 205w, https:\/\/www.celttv.com.ar\/wp-content\/uploads\/2026\/01\/Aniversario-SV-16-768x1122.jpg 768w, https:\/\/www.celttv.com.ar\/wp-content\/uploads\/2026\/01\/Aniversario-SV-16-1052x1536.jpg 1052w, https:\/\/www.celttv.com.ar\/wp-content\/uploads\/2026\/01\/Aniversario-SV-16-1402x2048.jpg 1402w, https:\/\/www.celttv.com.ar\/wp-content\/uploads\/2026\/01\/Aniversario-SV-16-750x1095.jpg 750w, https:\/\/www.celttv.com.ar\/wp-content\/uploads\/2026\/01\/Aniversario-SV-16-1140x1665.jpg 1140w, https:\/\/www.celttv.com.ar\/wp-content\/uploads\/2026\/01\/Aniversario-SV-16-scaled.jpg 1753w\" sizes=\"auto, (max-width: 701px) 100vw, 701px\" \/> <img loading=\"lazy\" decoding=\"async\" class=\"alignnone wp-image-90927 size-large\" src=\"https:\/\/www.celttv.com.ar\/wp-content\/uploads\/2026\/01\/Aniversario-SV-17-1024x683.jpg\" alt=\"\" width=\"1024\" height=\"683\" srcset=\"https:\/\/www.celttv.com.ar\/wp-content\/uploads\/2026\/01\/Aniversario-SV-17-1024x683.jpg 1024w, https:\/\/www.celttv.com.ar\/wp-content\/uploads\/2026\/01\/Aniversario-SV-17-300x200.jpg 300w, https:\/\/www.celttv.com.ar\/wp-content\/uploads\/2026\/01\/Aniversario-SV-17-768x512.jpg 768w, https:\/\/www.celttv.com.ar\/wp-content\/uploads\/2026\/01\/Aniversario-SV-17-1536x1024.jpg 1536w, https:\/\/www.celttv.com.ar\/wp-content\/uploads\/2026\/01\/Aniversario-SV-17-750x500.jpg 750w, https:\/\/www.celttv.com.ar\/wp-content\/uploads\/2026\/01\/Aniversario-SV-17-1140x760.jpg 1140w, https:\/\/www.celttv.com.ar\/wp-content\/uploads\/2026\/01\/Aniversario-SV-17.jpg 2048w\" sizes=\"auto, (max-width: 1024px) 100vw, 1024px\" \/><\/p>\n","protected":false},"excerpt":{"rendered":"<p>Sierra de la Ventana celebr\u00f3 el 118\u00b0 aniversario de su fundaci\u00f3n La localidad de Sierra de la Ventana celebr\u00f3 este s\u00e1bado el 118\u00b0 aniversario de su fundaci\u00f3n con un acto oficial, del que participaron autoridades, instituciones y vecinos de la comunidad. El encuentro cont\u00f3 con la presencia de la intendente municipal, Estefan\u00eda Bordoni, junto al [&hellip;]<\/p>\n","protected":false},"author":5,"featured_media":90920,"comment_status":"closed","ping_status":"closed","sticky":false,"template":"","format":"standard","meta":{"footnotes":""},"categories":[59],"tags":[],"class_list":["post-90910","post","type-post","status-publish","format-standard","has-post-thumbnail","hentry","category-municipales"],"yoast_head":"<!-- This site is optimized with the Yoast SEO plugin v19.7.1 - https:\/\/yoast.com\/wordpress\/plugins\/seo\/ -->\n<title>Sierra de la Ventana celebr\u00f3 el 118\u00b0 aniversario de su fundaci\u00f3n - CELTTV<\/title>\n<meta name=\"description\" content=\"Sitio web de noticias de la localidad de Tornquist, provincia de Buenos Aires, Rep\u00fablica Argentina. Contenido propio originado por periodistas de CELTTV, el canal de TV local de la Cooperativa El\u00e9ctrica de Tornquist. Turismo, Pol\u00edtica, Sociedad, Deporte, Cultura y todo el contenido de inter\u00e9s general que la gente del pueblo y la regi\u00f3n debe conocer.\" \/>\n<meta name=\"robots\" content=\"index, follow, max-snippet:-1, max-image-preview:large, max-video-preview:-1\" \/>\n<link rel=\"canonical\" href=\"https:\/\/www.celttv.com.ar\/index.php\/2026\/01\/17\/sierra-de-la-ventana-celebro-el-118-aniversario-de-su-fundacion\/\" \/>\n<meta property=\"og:locale\" content=\"es_ES\" \/>\n<meta property=\"og:type\" content=\"article\" \/>\n<meta property=\"og:title\" content=\"Sierra de la Ventana celebr\u00f3 el 118\u00b0 aniversario de su fundaci\u00f3n - CELTTV\" \/>\n<meta property=\"og:description\" content=\"Sitio web de noticias de la localidad de Tornquist, provincia de Buenos Aires, Rep\u00fablica Argentina. Contenido propio originado por periodistas de CELTTV, el canal de TV local de la Cooperativa El\u00e9ctrica de Tornquist. Turismo, Pol\u00edtica, Sociedad, Deporte, Cultura y todo el contenido de inter\u00e9s general que la gente del pueblo y la regi\u00f3n debe conocer.\" \/>\n<meta property=\"og:url\" content=\"https:\/\/www.celttv.com.ar\/index.php\/2026\/01\/17\/sierra-de-la-ventana-celebro-el-118-aniversario-de-su-fundacion\/\" \/>\n<meta property=\"og:site_name\" content=\"CELTTV\" \/>\n<meta property=\"article:publisher\" content=\"https:\/\/www.facebook.com\/celtTV\/\" \/>\n<meta property=\"article:published_time\" content=\"2026-01-18T02:56:09+00:00\" \/>\n<meta property=\"og:image\" content=\"https:\/\/www.celttv.com.ar\/wp-content\/uploads\/2026\/01\/Aniversario-SV-10.jpg\" \/>\n\t<meta property=\"og:image:width\" content=\"2048\" \/>\n\t<meta property=\"og:image:height\" content=\"1646\" \/>\n\t<meta property=\"og:image:type\" content=\"image\/jpeg\" \/>\n<meta name=\"author\" content=\"Miguel Herrada\" \/>\n<meta name=\"twitter:card\" content=\"summary_large_image\" \/>\n<meta name=\"twitter:label1\" content=\"Escrito por\" \/>\n\t<meta name=\"twitter:data1\" content=\"Miguel Herrada\" \/>\n\t<meta name=\"twitter:label2\" content=\"Tiempo de lectura\" \/>\n\t<meta name=\"twitter:data2\" content=\"2 minutos\" \/>\n<script type=\"application\/ld+json\" class=\"yoast-schema-graph\">{\"@context\":\"https:\/\/schema.org\",\"@graph\":[{\"@type\":\"NewsArticle\",\"@id\":\"https:\/\/www.celttv.com.ar\/index.php\/2026\/01\/17\/sierra-de-la-ventana-celebro-el-118-aniversario-de-su-fundacion\/#article\",\"isPartOf\":{\"@id\":\"https:\/\/www.celttv.com.ar\/index.php\/2026\/01\/17\/sierra-de-la-ventana-celebro-el-118-aniversario-de-su-fundacion\/\"},\"author\":{\"name\":\"Miguel Herrada\",\"@id\":\"https:\/\/www.celttv.com.ar\/#\/schema\/person\/9059dc91dc7204ef4182cdb65225f07d\"},\"headline\":\"Sierra de la Ventana celebr\u00f3 el 118\u00b0 aniversario de su fundaci\u00f3n\",\"datePublished\":\"2026-01-18T02:56:09+00:00\",\"dateModified\":\"2026-01-18T02:56:09+00:00\",\"mainEntityOfPage\":{\"@id\":\"https:\/\/www.celttv.com.ar\/index.php\/2026\/01\/17\/sierra-de-la-ventana-celebro-el-118-aniversario-de-su-fundacion\/\"},\"wordCount\":428,\"publisher\":{\"@id\":\"https:\/\/www.celttv.com.ar\/#organization\"},\"articleSection\":[\"Municipales\"],\"inLanguage\":\"es\"},{\"@type\":\"WebPage\",\"@id\":\"https:\/\/www.celttv.com.ar\/index.php\/2026\/01\/17\/sierra-de-la-ventana-celebro-el-118-aniversario-de-su-fundacion\/\",\"url\":\"https:\/\/www.celttv.com.ar\/index.php\/2026\/01\/17\/sierra-de-la-ventana-celebro-el-118-aniversario-de-su-fundacion\/\",\"name\":\"Sierra de la Ventana celebr\u00f3 el 118\u00b0 aniversario de su fundaci\u00f3n - CELTTV\",\"isPartOf\":{\"@id\":\"https:\/\/www.celttv.com.ar\/#website\"},\"datePublished\":\"2026-01-18T02:56:09+00:00\",\"dateModified\":\"2026-01-18T02:56:09+00:00\",\"description\":\"Sitio web de noticias de la localidad de Tornquist, provincia de Buenos Aires, Rep\u00fablica Argentina. Contenido propio originado por periodistas de CELTTV, el canal de TV local de la Cooperativa El\u00e9ctrica de Tornquist. Turismo, Pol\u00edtica, Sociedad, Deporte, Cultura y todo el contenido de inter\u00e9s general que la gente del pueblo y la regi\u00f3n debe conocer.\",\"breadcrumb\":{\"@id\":\"https:\/\/www.celttv.com.ar\/index.php\/2026\/01\/17\/sierra-de-la-ventana-celebro-el-118-aniversario-de-su-fundacion\/#breadcrumb\"},\"inLanguage\":\"es\",\"potentialAction\":[{\"@type\":\"ReadAction\",\"target\":[\"https:\/\/www.celttv.com.ar\/index.php\/2026\/01\/17\/sierra-de-la-ventana-celebro-el-118-aniversario-de-su-fundacion\/\"]}]},{\"@type\":\"BreadcrumbList\",\"@id\":\"https:\/\/www.celttv.com.ar\/index.php\/2026\/01\/17\/sierra-de-la-ventana-celebro-el-118-aniversario-de-su-fundacion\/#breadcrumb\",\"itemListElement\":[{\"@type\":\"ListItem\",\"position\":1,\"name\":\"Inicio\",\"item\":\"https:\/\/www.celttv.com.ar\/\"},{\"@type\":\"ListItem\",\"position\":2,\"name\":\"Sierra de la Ventana celebr\u00f3 el 118\u00b0 aniversario de su fundaci\u00f3n\"}]},{\"@type\":\"WebSite\",\"@id\":\"https:\/\/www.celttv.com.ar\/#website\",\"url\":\"https:\/\/www.celttv.com.ar\/\",\"name\":\"CELTTV\",\"description\":\"Cooperativa El\u00e9ctrica de Tornquist\",\"publisher\":{\"@id\":\"https:\/\/www.celttv.com.ar\/#organization\"},\"potentialAction\":[{\"@type\":\"SearchAction\",\"target\":{\"@type\":\"EntryPoint\",\"urlTemplate\":\"https:\/\/www.celttv.com.ar\/?s={search_term_string}\"},\"query-input\":\"required name=search_term_string\"}],\"inLanguage\":\"es\"},{\"@type\":\"Organization\",\"@id\":\"https:\/\/www.celttv.com.ar\/#organization\",\"name\":\"CELTTV\",\"url\":\"https:\/\/www.celttv.com.ar\/\",\"sameAs\":[\"https:\/\/www.youtube.com\/channel\/UCz_oIt8Hig64Ub-EmcNPIhg\",\"https:\/\/www.facebook.com\/celtTV\/\"],\"logo\":{\"@type\":\"ImageObject\",\"inLanguage\":\"es\",\"@id\":\"https:\/\/www.celttv.com.ar\/#\/schema\/logo\/image\/\",\"url\":\"http:\/\/www.celttv.com.ar\/wp-content\/uploads\/2022\/08\/logo-1.png\",\"contentUrl\":\"http:\/\/www.celttv.com.ar\/wp-content\/uploads\/2022\/08\/logo-1.png\",\"width\":461,\"height\":159,\"caption\":\"CELTTV\"},\"image\":{\"@id\":\"https:\/\/www.celttv.com.ar\/#\/schema\/logo\/image\/\"}},{\"@type\":\"Person\",\"@id\":\"https:\/\/www.celttv.com.ar\/#\/schema\/person\/9059dc91dc7204ef4182cdb65225f07d\",\"name\":\"Miguel Herrada\",\"image\":{\"@type\":\"ImageObject\",\"inLanguage\":\"es\",\"@id\":\"https:\/\/www.celttv.com.ar\/#\/schema\/person\/image\/\",\"url\":\"https:\/\/secure.gravatar.com\/avatar\/67724d5b3c716623ffd76bec7e45841a442ac3b456e914dbba90b0fad2b8e0b1?s=96&d=mm&r=g\",\"contentUrl\":\"https:\/\/secure.gravatar.com\/avatar\/67724d5b3c716623ffd76bec7e45841a442ac3b456e914dbba90b0fad2b8e0b1?s=96&d=mm&r=g\",\"caption\":\"Miguel Herrada\"}}]}<\/script>\n<!-- \/ Yoast SEO plugin. -->","yoast_head_json":{"title":"Sierra de la Ventana celebr\u00f3 el 118\u00b0 aniversario de su fundaci\u00f3n - CELTTV","description":"Sitio web de noticias de la localidad de Tornquist, provincia de Buenos Aires, Rep\u00fablica Argentina. Contenido propio originado por periodistas de CELTTV, el canal de TV local de la Cooperativa El\u00e9ctrica de Tornquist. Turismo, Pol\u00edtica, Sociedad, Deporte, Cultura y todo el contenido de inter\u00e9s general que la gente del pueblo y la regi\u00f3n debe conocer.","robots":{"index":"index","follow":"follow","max-snippet":"max-snippet:-1","max-image-preview":"max-image-preview:large","max-video-preview":"max-video-preview:-1"},"canonical":"https:\/\/www.celttv.com.ar\/index.php\/2026\/01\/17\/sierra-de-la-ventana-celebro-el-118-aniversario-de-su-fundacion\/","og_locale":"es_ES","og_type":"article","og_title":"Sierra de la Ventana celebr\u00f3 el 118\u00b0 aniversario de su fundaci\u00f3n - CELTTV","og_description":"Sitio web de noticias de la localidad de Tornquist, provincia de Buenos Aires, Rep\u00fablica Argentina. Contenido propio originado por periodistas de CELTTV, el canal de TV local de la Cooperativa El\u00e9ctrica de Tornquist. Turismo, Pol\u00edtica, Sociedad, Deporte, Cultura y todo el contenido de inter\u00e9s general que la gente del pueblo y la regi\u00f3n debe conocer.","og_url":"https:\/\/www.celttv.com.ar\/index.php\/2026\/01\/17\/sierra-de-la-ventana-celebro-el-118-aniversario-de-su-fundacion\/","og_site_name":"CELTTV","article_publisher":"https:\/\/www.facebook.com\/celtTV\/","article_published_time":"2026-01-18T02:56:09+00:00","og_image":[{"width":2048,"height":1646,"url":"https:\/\/www.celttv.com.ar\/wp-content\/uploads\/2026\/01\/Aniversario-SV-10.jpg","type":"image\/jpeg"}],"author":"Miguel Herrada","twitter_card":"summary_large_image","twitter_misc":{"Escrito por":"Miguel Herrada","Tiempo de lectura":"2 minutos"},"schema":{"@context":"https:\/\/schema.org","@graph":[{"@type":"NewsArticle","@id":"https:\/\/www.celttv.com.ar\/index.php\/2026\/01\/17\/sierra-de-la-ventana-celebro-el-118-aniversario-de-su-fundacion\/#article","isPartOf":{"@id":"https:\/\/www.celttv.com.ar\/index.php\/2026\/01\/17\/sierra-de-la-ventana-celebro-el-118-aniversario-de-su-fundacion\/"},"author":{"name":"Miguel Herrada","@id":"https:\/\/www.celttv.com.ar\/#\/schema\/person\/9059dc91dc7204ef4182cdb65225f07d"},"headline":"Sierra de la Ventana celebr\u00f3 el 118\u00b0 aniversario de su fundaci\u00f3n","datePublished":"2026-01-18T02:56:09+00:00","dateModified":"2026-01-18T02:56:09+00:00","mainEntityOfPage":{"@id":"https:\/\/www.celttv.com.ar\/index.php\/2026\/01\/17\/sierra-de-la-ventana-celebro-el-118-aniversario-de-su-fundacion\/"},"wordCount":428,"publisher":{"@id":"https:\/\/www.celttv.com.ar\/#organization"},"articleSection":["Municipales"],"inLanguage":"es"},{"@type":"WebPage","@id":"https:\/\/www.celttv.com.ar\/index.php\/2026\/01\/17\/sierra-de-la-ventana-celebro-el-118-aniversario-de-su-fundacion\/","url":"https:\/\/www.celttv.com.ar\/index.php\/2026\/01\/17\/sierra-de-la-ventana-celebro-el-118-aniversario-de-su-fundacion\/","name":"Sierra de la Ventana celebr\u00f3 el 118\u00b0 aniversario de su fundaci\u00f3n - CELTTV","isPartOf":{"@id":"https:\/\/www.celttv.com.ar\/#website"},"datePublished":"2026-01-18T02:56:09+00:00","dateModified":"2026-01-18T02:56:09+00:00","description":"Sitio web de noticias de la localidad de Tornquist, provincia de Buenos Aires, Rep\u00fablica Argentina. Contenido propio originado por periodistas de CELTTV, el canal de TV local de la Cooperativa El\u00e9ctrica de Tornquist. Turismo, Pol\u00edtica, Sociedad, Deporte, Cultura y todo el contenido de inter\u00e9s general que la gente del pueblo y la regi\u00f3n debe conocer.","breadcrumb":{"@id":"https:\/\/www.celttv.com.ar\/index.php\/2026\/01\/17\/sierra-de-la-ventana-celebro-el-118-aniversario-de-su-fundacion\/#breadcrumb"},"inLanguage":"es","potentialAction":[{"@type":"ReadAction","target":["https:\/\/www.celttv.com.ar\/index.php\/2026\/01\/17\/sierra-de-la-ventana-celebro-el-118-aniversario-de-su-fundacion\/"]}]},{"@type":"BreadcrumbList","@id":"https:\/\/www.celttv.com.ar\/index.php\/2026\/01\/17\/sierra-de-la-ventana-celebro-el-118-aniversario-de-su-fundacion\/#breadcrumb","itemListElement":[{"@type":"ListItem","position":1,"name":"Inicio","item":"https:\/\/www.celttv.com.ar\/"},{"@type":"ListItem","position":2,"name":"Sierra de la Ventana celebr\u00f3 el 118\u00b0 aniversario de su fundaci\u00f3n"}]},{"@type":"WebSite","@id":"https:\/\/www.celttv.com.ar\/#website","url":"https:\/\/www.celttv.com.ar\/","name":"CELTTV","description":"Cooperativa El\u00e9ctrica de Tornquist","publisher":{"@id":"https:\/\/www.celttv.com.ar\/#organization"},"potentialAction":[{"@type":"SearchAction","target":{"@type":"EntryPoint","urlTemplate":"https:\/\/www.celttv.com.ar\/?s={search_term_string}"},"query-input":"required name=search_term_string"}],"inLanguage":"es"},{"@type":"Organization","@id":"https:\/\/www.celttv.com.ar\/#organization","name":"CELTTV","url":"https:\/\/www.celttv.com.ar\/","sameAs":["https:\/\/www.youtube.com\/channel\/UCz_oIt8Hig64Ub-EmcNPIhg","https:\/\/www.facebook.com\/celtTV\/"],"logo":{"@type":"ImageObject","inLanguage":"es","@id":"https:\/\/www.celttv.com.ar\/#\/schema\/logo\/image\/","url":"http:\/\/www.celttv.com.ar\/wp-content\/uploads\/2022\/08\/logo-1.png","contentUrl":"http:\/\/www.celttv.com.ar\/wp-content\/uploads\/2022\/08\/logo-1.png","width":461,"height":159,"caption":"CELTTV"},"image":{"@id":"https:\/\/www.celttv.com.ar\/#\/schema\/logo\/image\/"}},{"@type":"Person","@id":"https:\/\/www.celttv.com.ar\/#\/schema\/person\/9059dc91dc7204ef4182cdb65225f07d","name":"Miguel Herrada","image":{"@type":"ImageObject","inLanguage":"es","@id":"https:\/\/www.celttv.com.ar\/#\/schema\/person\/image\/","url":"https:\/\/secure.gravatar.com\/avatar\/67724d5b3c716623ffd76bec7e45841a442ac3b456e914dbba90b0fad2b8e0b1?s=96&d=mm&r=g","contentUrl":"https:\/\/secure.gravatar.com\/avatar\/67724d5b3c716623ffd76bec7e45841a442ac3b456e914dbba90b0fad2b8e0b1?s=96&d=mm&r=g","caption":"Miguel Herrada"}}]}},"_links":{"self":[{"href":"https:\/\/www.celttv.com.ar\/index.php\/wp-json\/wp\/v2\/posts\/90910","targetHints":{"allow":["GET"]}}],"collection":[{"href":"https:\/\/www.celttv.com.ar\/index.php\/wp-json\/wp\/v2\/posts"}],"about":[{"href":"https:\/\/www.celttv.com.ar\/index.php\/wp-json\/wp\/v2\/types\/post"}],"author":[{"embeddable":true,"href":"https:\/\/www.celttv.com.ar\/index.php\/wp-json\/wp\/v2\/users\/5"}],"replies":[{"embeddable":true,"href":"https:\/\/www.celttv.com.ar\/index.php\/wp-json\/wp\/v2\/comments?post=90910"}],"version-history":[{"count":1,"href":"https:\/\/www.celttv.com.ar\/index.php\/wp-json\/wp\/v2\/posts\/90910\/revisions"}],"predecessor-version":[{"id":90928,"href":"https:\/\/www.celttv.com.ar\/index.php\/wp-json\/wp\/v2\/posts\/90910\/revisions\/90928"}],"wp:featuredmedia":[{"embeddable":true,"href":"https:\/\/www.celttv.com.ar\/index.php\/wp-json\/wp\/v2\/media\/90920"}],"wp:attachment":[{"href":"https:\/\/www.celttv.com.ar\/index.php\/wp-json\/wp\/v2\/media?parent=90910"}],"wp:term":[{"taxonomy":"category","embeddable":true,"href":"https:\/\/www.celttv.com.ar\/index.php\/wp-json\/wp\/v2\/categories?post=90910"},{"taxonomy":"post_tag","embeddable":true,"href":"https:\/\/www.celttv.com.ar\/index.php\/wp-json\/wp\/v2\/tags?post=90910"}],"curies":[{"name":"wp","href":"https:\/\/api.w.org\/{rel}","templated":true}]}}