{"id":90948,"date":"2026-01-19T16:48:40","date_gmt":"2026-01-19T19:48:40","guid":{"rendered":"https:\/\/www.celttv.com.ar\/?p=90948"},"modified":"2026-01-19T16:48:40","modified_gmt":"2026-01-19T19:48:40","slug":"carnavales-tornquist-inscripciones-abiertas-para-disfrazados-y-carrozas","status":"publish","type":"post","link":"https:\/\/www.celttv.com.ar\/index.php\/2026\/01\/19\/carnavales-tornquist-inscripciones-abiertas-para-disfrazados-y-carrozas\/","title":{"rendered":"Carnavales Tornquist: Inscripciones abiertas para disfrazados y carrozas"},"content":{"rendered":"<p><strong>Carnavales Tornquist: Inscripciones abiertas para disfrazados y carrozas<\/strong><\/p>\n<p>La Subsecretar\u00eda de Cultura informa que se encuentran abiertas las inscripciones para participar con disfrazados y carrozas en los Carnavales de Tornquist, que se llevar\u00e1n a cabo los d\u00edas 15 y 16 de febrero.<\/p>\n<p>Las personas interesadas en formar parte de esta tradicional celebraci\u00f3n podr\u00e1n comunicarse al 2915766096 o enviar un correo electr\u00f3nico a direccioncultura.tornquist@gmail.com, donde podr\u00e1n solicitar los formularios de inscripci\u00f3n correspondientes.<\/p>\n<p>Como cada a\u00f1o, los Carnavales de Tornquist contar\u00e1n con importantes premios econ\u00f3micos para las distintas categor\u00edas, incentivando la creatividad, el trabajo en equipo y la reutilizaci\u00f3n de materiales.<\/p>\n<p>Premios<\/p>\n<p>Carrozas<br \/>\n1\u00ba: $1.000.000<br \/>\n2\u00ba: $700.000<br \/>\n3\u00ba: $400.000<\/p>\n<p>Disfraz colectivo mayor<br \/>\n1\u00ba: $600.000<br \/>\n2\u00ba: $400.000<br \/>\n3\u00ba: $250.000<\/p>\n<p>Disfraz colectivo menor<br \/>\n1\u00ba: $400.000<br \/>\n2\u00ba: $300.000<br \/>\n3\u00ba: $150.000<\/p>\n<p>Disfraz individual mayor<br \/>\n1\u00ba: $300.000<br \/>\n2\u00ba: $200.000<br \/>\n3\u00ba: $150.000<\/p>\n<p>Disfraz individual menor<br \/>\n1\u00ba: $250.000<br \/>\n2\u00ba: $150.000<br \/>\n3\u00ba: $100.000<\/p>\n<p>Disfraz hecho con material reciclado: $250.000<\/p>\n<p>Desde la organizaci\u00f3n se invita a toda la comunidad a participar y disfrutar de una nueva edici\u00f3n de los Carnavales, una propuesta pensada para toda la familia, que pone en valor la expresi\u00f3n cultural, el color y la alegr\u00eda popular.<\/p>\n<p><img loading=\"lazy\" decoding=\"async\" class=\"alignnone wp-image-90949 size-large\" src=\"https:\/\/www.celttv.com.ar\/wp-content\/uploads\/2026\/01\/Inscrip-Carnavales-2026-819x1024.jpg\" alt=\"\" width=\"819\" height=\"1024\" srcset=\"https:\/\/www.celttv.com.ar\/wp-content\/uploads\/2026\/01\/Inscrip-Carnavales-2026-819x1024.jpg 819w, https:\/\/www.celttv.com.ar\/wp-content\/uploads\/2026\/01\/Inscrip-Carnavales-2026-240x300.jpg 240w, https:\/\/www.celttv.com.ar\/wp-content\/uploads\/2026\/01\/Inscrip-Carnavales-2026-768x960.jpg 768w, https:\/\/www.celttv.com.ar\/wp-content\/uploads\/2026\/01\/Inscrip-Carnavales-2026-750x938.jpg 750w, https:\/\/www.celttv.com.ar\/wp-content\/uploads\/2026\/01\/Inscrip-Carnavales-2026.jpg 1080w\" sizes=\"auto, (max-width: 819px) 100vw, 819px\" \/><\/p>\n","protected":false},"excerpt":{"rendered":"<p>Carnavales Tornquist: Inscripciones abiertas para disfrazados y carrozas La Subsecretar\u00eda de Cultura informa que se encuentran abiertas las inscripciones para participar con disfrazados y carrozas en los Carnavales de Tornquist, que se llevar\u00e1n a cabo los d\u00edas 15 y 16 de febrero. Las personas interesadas en formar parte de esta tradicional celebraci\u00f3n podr\u00e1n comunicarse al [&hellip;]<\/p>\n","protected":false},"author":5,"featured_media":90949,"comment_status":"closed","ping_status":"closed","sticky":false,"template":"","format":"standard","meta":{"footnotes":""},"categories":[51,56],"tags":[],"class_list":["post-90948","post","type-post","status-publish","format-standard","has-post-thumbnail","hentry","category-comunidad","category-espectaculos"],"yoast_head":"<!-- This site is optimized with the Yoast SEO plugin v19.7.1 - https:\/\/yoast.com\/wordpress\/plugins\/seo\/ -->\n<title>Carnavales Tornquist: Inscripciones abiertas para disfrazados y carrozas - CELTTV<\/title>\n<meta name=\"description\" content=\"Sitio web de noticias de la localidad de Tornquist, provincia de Buenos Aires, Rep\u00fablica Argentina. Contenido propio originado por periodistas de CELTTV, el canal de TV local de la Cooperativa El\u00e9ctrica de Tornquist. Turismo, Pol\u00edtica, Sociedad, Deporte, Cultura y todo el contenido de inter\u00e9s general que la gente del pueblo y la regi\u00f3n debe conocer.\" \/>\n<meta name=\"robots\" content=\"index, follow, max-snippet:-1, max-image-preview:large, max-video-preview:-1\" \/>\n<link rel=\"canonical\" href=\"https:\/\/www.celttv.com.ar\/index.php\/2026\/01\/19\/carnavales-tornquist-inscripciones-abiertas-para-disfrazados-y-carrozas\/\" \/>\n<meta property=\"og:locale\" content=\"es_ES\" \/>\n<meta property=\"og:type\" content=\"article\" \/>\n<meta property=\"og:title\" content=\"Carnavales Tornquist: Inscripciones abiertas para disfrazados y carrozas - CELTTV\" \/>\n<meta property=\"og:description\" content=\"Sitio web de noticias de la localidad de Tornquist, provincia de Buenos Aires, Rep\u00fablica Argentina. Contenido propio originado por periodistas de CELTTV, el canal de TV local de la Cooperativa El\u00e9ctrica de Tornquist. Turismo, Pol\u00edtica, Sociedad, Deporte, Cultura y todo el contenido de inter\u00e9s general que la gente del pueblo y la regi\u00f3n debe conocer.\" \/>\n<meta property=\"og:url\" content=\"https:\/\/www.celttv.com.ar\/index.php\/2026\/01\/19\/carnavales-tornquist-inscripciones-abiertas-para-disfrazados-y-carrozas\/\" \/>\n<meta property=\"og:site_name\" content=\"CELTTV\" \/>\n<meta property=\"article:publisher\" content=\"https:\/\/www.facebook.com\/celtTV\/\" \/>\n<meta property=\"article:published_time\" content=\"2026-01-19T19:48:40+00:00\" \/>\n<meta property=\"og:image\" content=\"https:\/\/www.celttv.com.ar\/wp-content\/uploads\/2026\/01\/Inscrip-Carnavales-2026.jpg\" \/>\n\t<meta property=\"og:image:width\" content=\"1080\" \/>\n\t<meta property=\"og:image:height\" content=\"1350\" \/>\n\t<meta property=\"og:image:type\" content=\"image\/jpeg\" \/>\n<meta name=\"author\" content=\"Miguel Herrada\" \/>\n<meta name=\"twitter:card\" content=\"summary_large_image\" \/>\n<meta name=\"twitter:label1\" content=\"Escrito por\" \/>\n\t<meta name=\"twitter:data1\" content=\"Miguel Herrada\" \/>\n\t<meta name=\"twitter:label2\" content=\"Tiempo de lectura\" \/>\n\t<meta name=\"twitter:data2\" content=\"1 minuto\" \/>\n<script type=\"application\/ld+json\" class=\"yoast-schema-graph\">{\"@context\":\"https:\/\/schema.org\",\"@graph\":[{\"@type\":\"NewsArticle\",\"@id\":\"https:\/\/www.celttv.com.ar\/index.php\/2026\/01\/19\/carnavales-tornquist-inscripciones-abiertas-para-disfrazados-y-carrozas\/#article\",\"isPartOf\":{\"@id\":\"https:\/\/www.celttv.com.ar\/index.php\/2026\/01\/19\/carnavales-tornquist-inscripciones-abiertas-para-disfrazados-y-carrozas\/\"},\"author\":{\"name\":\"Miguel Herrada\",\"@id\":\"https:\/\/www.celttv.com.ar\/#\/schema\/person\/9059dc91dc7204ef4182cdb65225f07d\"},\"headline\":\"Carnavales Tornquist: Inscripciones abiertas para disfrazados y carrozas\",\"datePublished\":\"2026-01-19T19:48:40+00:00\",\"dateModified\":\"2026-01-19T19:48:40+00:00\",\"mainEntityOfPage\":{\"@id\":\"https:\/\/www.celttv.com.ar\/index.php\/2026\/01\/19\/carnavales-tornquist-inscripciones-abiertas-para-disfrazados-y-carrozas\/\"},\"wordCount\":183,\"publisher\":{\"@id\":\"https:\/\/www.celttv.com.ar\/#organization\"},\"articleSection\":[\"Comunidad\",\"Espect\u00e1culos\"],\"inLanguage\":\"es\"},{\"@type\":\"WebPage\",\"@id\":\"https:\/\/www.celttv.com.ar\/index.php\/2026\/01\/19\/carnavales-tornquist-inscripciones-abiertas-para-disfrazados-y-carrozas\/\",\"url\":\"https:\/\/www.celttv.com.ar\/index.php\/2026\/01\/19\/carnavales-tornquist-inscripciones-abiertas-para-disfrazados-y-carrozas\/\",\"name\":\"Carnavales Tornquist: Inscripciones abiertas para disfrazados y carrozas - CELTTV\",\"isPartOf\":{\"@id\":\"https:\/\/www.celttv.com.ar\/#website\"},\"datePublished\":\"2026-01-19T19:48:40+00:00\",\"dateModified\":\"2026-01-19T19:48:40+00:00\",\"description\":\"Sitio web de noticias de la localidad de Tornquist, provincia de Buenos Aires, Rep\u00fablica Argentina. Contenido propio originado por periodistas de CELTTV, el canal de TV local de la Cooperativa El\u00e9ctrica de Tornquist. Turismo, Pol\u00edtica, Sociedad, Deporte, Cultura y todo el contenido de inter\u00e9s general que la gente del pueblo y la regi\u00f3n debe conocer.\",\"breadcrumb\":{\"@id\":\"https:\/\/www.celttv.com.ar\/index.php\/2026\/01\/19\/carnavales-tornquist-inscripciones-abiertas-para-disfrazados-y-carrozas\/#breadcrumb\"},\"inLanguage\":\"es\",\"potentialAction\":[{\"@type\":\"ReadAction\",\"target\":[\"https:\/\/www.celttv.com.ar\/index.php\/2026\/01\/19\/carnavales-tornquist-inscripciones-abiertas-para-disfrazados-y-carrozas\/\"]}]},{\"@type\":\"BreadcrumbList\",\"@id\":\"https:\/\/www.celttv.com.ar\/index.php\/2026\/01\/19\/carnavales-tornquist-inscripciones-abiertas-para-disfrazados-y-carrozas\/#breadcrumb\",\"itemListElement\":[{\"@type\":\"ListItem\",\"position\":1,\"name\":\"Inicio\",\"item\":\"https:\/\/www.celttv.com.ar\/\"},{\"@type\":\"ListItem\",\"position\":2,\"name\":\"Carnavales Tornquist: Inscripciones abiertas para disfrazados y carrozas\"}]},{\"@type\":\"WebSite\",\"@id\":\"https:\/\/www.celttv.com.ar\/#website\",\"url\":\"https:\/\/www.celttv.com.ar\/\",\"name\":\"CELTTV\",\"description\":\"Cooperativa El\u00e9ctrica de Tornquist\",\"publisher\":{\"@id\":\"https:\/\/www.celttv.com.ar\/#organization\"},\"potentialAction\":[{\"@type\":\"SearchAction\",\"target\":{\"@type\":\"EntryPoint\",\"urlTemplate\":\"https:\/\/www.celttv.com.ar\/?s={search_term_string}\"},\"query-input\":\"required name=search_term_string\"}],\"inLanguage\":\"es\"},{\"@type\":\"Organization\",\"@id\":\"https:\/\/www.celttv.com.ar\/#organization\",\"name\":\"CELTTV\",\"url\":\"https:\/\/www.celttv.com.ar\/\",\"sameAs\":[\"https:\/\/www.youtube.com\/channel\/UCz_oIt8Hig64Ub-EmcNPIhg\",\"https:\/\/www.facebook.com\/celtTV\/\"],\"logo\":{\"@type\":\"ImageObject\",\"inLanguage\":\"es\",\"@id\":\"https:\/\/www.celttv.com.ar\/#\/schema\/logo\/image\/\",\"url\":\"http:\/\/www.celttv.com.ar\/wp-content\/uploads\/2022\/08\/logo-1.png\",\"contentUrl\":\"http:\/\/www.celttv.com.ar\/wp-content\/uploads\/2022\/08\/logo-1.png\",\"width\":461,\"height\":159,\"caption\":\"CELTTV\"},\"image\":{\"@id\":\"https:\/\/www.celttv.com.ar\/#\/schema\/logo\/image\/\"}},{\"@type\":\"Person\",\"@id\":\"https:\/\/www.celttv.com.ar\/#\/schema\/person\/9059dc91dc7204ef4182cdb65225f07d\",\"name\":\"Miguel Herrada\",\"image\":{\"@type\":\"ImageObject\",\"inLanguage\":\"es\",\"@id\":\"https:\/\/www.celttv.com.ar\/#\/schema\/person\/image\/\",\"url\":\"https:\/\/secure.gravatar.com\/avatar\/67724d5b3c716623ffd76bec7e45841a442ac3b456e914dbba90b0fad2b8e0b1?s=96&d=mm&r=g\",\"contentUrl\":\"https:\/\/secure.gravatar.com\/avatar\/67724d5b3c716623ffd76bec7e45841a442ac3b456e914dbba90b0fad2b8e0b1?s=96&d=mm&r=g\",\"caption\":\"Miguel Herrada\"}}]}<\/script>\n<!-- \/ Yoast SEO plugin. -->","yoast_head_json":{"title":"Carnavales Tornquist: Inscripciones abiertas para disfrazados y carrozas - CELTTV","description":"Sitio web de noticias de la localidad de Tornquist, provincia de Buenos Aires, Rep\u00fablica Argentina. Contenido propio originado por periodistas de CELTTV, el canal de TV local de la Cooperativa El\u00e9ctrica de Tornquist. Turismo, Pol\u00edtica, Sociedad, Deporte, Cultura y todo el contenido de inter\u00e9s general que la gente del pueblo y la regi\u00f3n debe conocer.","robots":{"index":"index","follow":"follow","max-snippet":"max-snippet:-1","max-image-preview":"max-image-preview:large","max-video-preview":"max-video-preview:-1"},"canonical":"https:\/\/www.celttv.com.ar\/index.php\/2026\/01\/19\/carnavales-tornquist-inscripciones-abiertas-para-disfrazados-y-carrozas\/","og_locale":"es_ES","og_type":"article","og_title":"Carnavales Tornquist: Inscripciones abiertas para disfrazados y carrozas - CELTTV","og_description":"Sitio web de noticias de la localidad de Tornquist, provincia de Buenos Aires, Rep\u00fablica Argentina. Contenido propio originado por periodistas de CELTTV, el canal de TV local de la Cooperativa El\u00e9ctrica de Tornquist. Turismo, Pol\u00edtica, Sociedad, Deporte, Cultura y todo el contenido de inter\u00e9s general que la gente del pueblo y la regi\u00f3n debe conocer.","og_url":"https:\/\/www.celttv.com.ar\/index.php\/2026\/01\/19\/carnavales-tornquist-inscripciones-abiertas-para-disfrazados-y-carrozas\/","og_site_name":"CELTTV","article_publisher":"https:\/\/www.facebook.com\/celtTV\/","article_published_time":"2026-01-19T19:48:40+00:00","og_image":[{"width":1080,"height":1350,"url":"https:\/\/www.celttv.com.ar\/wp-content\/uploads\/2026\/01\/Inscrip-Carnavales-2026.jpg","type":"image\/jpeg"}],"author":"Miguel Herrada","twitter_card":"summary_large_image","twitter_misc":{"Escrito por":"Miguel Herrada","Tiempo de lectura":"1 minuto"},"schema":{"@context":"https:\/\/schema.org","@graph":[{"@type":"NewsArticle","@id":"https:\/\/www.celttv.com.ar\/index.php\/2026\/01\/19\/carnavales-tornquist-inscripciones-abiertas-para-disfrazados-y-carrozas\/#article","isPartOf":{"@id":"https:\/\/www.celttv.com.ar\/index.php\/2026\/01\/19\/carnavales-tornquist-inscripciones-abiertas-para-disfrazados-y-carrozas\/"},"author":{"name":"Miguel Herrada","@id":"https:\/\/www.celttv.com.ar\/#\/schema\/person\/9059dc91dc7204ef4182cdb65225f07d"},"headline":"Carnavales Tornquist: Inscripciones abiertas para disfrazados y carrozas","datePublished":"2026-01-19T19:48:40+00:00","dateModified":"2026-01-19T19:48:40+00:00","mainEntityOfPage":{"@id":"https:\/\/www.celttv.com.ar\/index.php\/2026\/01\/19\/carnavales-tornquist-inscripciones-abiertas-para-disfrazados-y-carrozas\/"},"wordCount":183,"publisher":{"@id":"https:\/\/www.celttv.com.ar\/#organization"},"articleSection":["Comunidad","Espect\u00e1culos"],"inLanguage":"es"},{"@type":"WebPage","@id":"https:\/\/www.celttv.com.ar\/index.php\/2026\/01\/19\/carnavales-tornquist-inscripciones-abiertas-para-disfrazados-y-carrozas\/","url":"https:\/\/www.celttv.com.ar\/index.php\/2026\/01\/19\/carnavales-tornquist-inscripciones-abiertas-para-disfrazados-y-carrozas\/","name":"Carnavales Tornquist: Inscripciones abiertas para disfrazados y carrozas - CELTTV","isPartOf":{"@id":"https:\/\/www.celttv.com.ar\/#website"},"datePublished":"2026-01-19T19:48:40+00:00","dateModified":"2026-01-19T19:48:40+00:00","description":"Sitio web de noticias de la localidad de Tornquist, provincia de Buenos Aires, Rep\u00fablica Argentina. Contenido propio originado por periodistas de CELTTV, el canal de TV local de la Cooperativa El\u00e9ctrica de Tornquist. Turismo, Pol\u00edtica, Sociedad, Deporte, Cultura y todo el contenido de inter\u00e9s general que la gente del pueblo y la regi\u00f3n debe conocer.","breadcrumb":{"@id":"https:\/\/www.celttv.com.ar\/index.php\/2026\/01\/19\/carnavales-tornquist-inscripciones-abiertas-para-disfrazados-y-carrozas\/#breadcrumb"},"inLanguage":"es","potentialAction":[{"@type":"ReadAction","target":["https:\/\/www.celttv.com.ar\/index.php\/2026\/01\/19\/carnavales-tornquist-inscripciones-abiertas-para-disfrazados-y-carrozas\/"]}]},{"@type":"BreadcrumbList","@id":"https:\/\/www.celttv.com.ar\/index.php\/2026\/01\/19\/carnavales-tornquist-inscripciones-abiertas-para-disfrazados-y-carrozas\/#breadcrumb","itemListElement":[{"@type":"ListItem","position":1,"name":"Inicio","item":"https:\/\/www.celttv.com.ar\/"},{"@type":"ListItem","position":2,"name":"Carnavales Tornquist: Inscripciones abiertas para disfrazados y carrozas"}]},{"@type":"WebSite","@id":"https:\/\/www.celttv.com.ar\/#website","url":"https:\/\/www.celttv.com.ar\/","name":"CELTTV","description":"Cooperativa El\u00e9ctrica de Tornquist","publisher":{"@id":"https:\/\/www.celttv.com.ar\/#organization"},"potentialAction":[{"@type":"SearchAction","target":{"@type":"EntryPoint","urlTemplate":"https:\/\/www.celttv.com.ar\/?s={search_term_string}"},"query-input":"required name=search_term_string"}],"inLanguage":"es"},{"@type":"Organization","@id":"https:\/\/www.celttv.com.ar\/#organization","name":"CELTTV","url":"https:\/\/www.celttv.com.ar\/","sameAs":["https:\/\/www.youtube.com\/channel\/UCz_oIt8Hig64Ub-EmcNPIhg","https:\/\/www.facebook.com\/celtTV\/"],"logo":{"@type":"ImageObject","inLanguage":"es","@id":"https:\/\/www.celttv.com.ar\/#\/schema\/logo\/image\/","url":"http:\/\/www.celttv.com.ar\/wp-content\/uploads\/2022\/08\/logo-1.png","contentUrl":"http:\/\/www.celttv.com.ar\/wp-content\/uploads\/2022\/08\/logo-1.png","width":461,"height":159,"caption":"CELTTV"},"image":{"@id":"https:\/\/www.celttv.com.ar\/#\/schema\/logo\/image\/"}},{"@type":"Person","@id":"https:\/\/www.celttv.com.ar\/#\/schema\/person\/9059dc91dc7204ef4182cdb65225f07d","name":"Miguel Herrada","image":{"@type":"ImageObject","inLanguage":"es","@id":"https:\/\/www.celttv.com.ar\/#\/schema\/person\/image\/","url":"https:\/\/secure.gravatar.com\/avatar\/67724d5b3c716623ffd76bec7e45841a442ac3b456e914dbba90b0fad2b8e0b1?s=96&d=mm&r=g","contentUrl":"https:\/\/secure.gravatar.com\/avatar\/67724d5b3c716623ffd76bec7e45841a442ac3b456e914dbba90b0fad2b8e0b1?s=96&d=mm&r=g","caption":"Miguel Herrada"}}]}},"_links":{"self":[{"href":"https:\/\/www.celttv.com.ar\/index.php\/wp-json\/wp\/v2\/posts\/90948","targetHints":{"allow":["GET"]}}],"collection":[{"href":"https:\/\/www.celttv.com.ar\/index.php\/wp-json\/wp\/v2\/posts"}],"about":[{"href":"https:\/\/www.celttv.com.ar\/index.php\/wp-json\/wp\/v2\/types\/post"}],"author":[{"embeddable":true,"href":"https:\/\/www.celttv.com.ar\/index.php\/wp-json\/wp\/v2\/users\/5"}],"replies":[{"embeddable":true,"href":"https:\/\/www.celttv.com.ar\/index.php\/wp-json\/wp\/v2\/comments?post=90948"}],"version-history":[{"count":1,"href":"https:\/\/www.celttv.com.ar\/index.php\/wp-json\/wp\/v2\/posts\/90948\/revisions"}],"predecessor-version":[{"id":90950,"href":"https:\/\/www.celttv.com.ar\/index.php\/wp-json\/wp\/v2\/posts\/90948\/revisions\/90950"}],"wp:featuredmedia":[{"embeddable":true,"href":"https:\/\/www.celttv.com.ar\/index.php\/wp-json\/wp\/v2\/media\/90949"}],"wp:attachment":[{"href":"https:\/\/www.celttv.com.ar\/index.php\/wp-json\/wp\/v2\/media?parent=90948"}],"wp:term":[{"taxonomy":"category","embeddable":true,"href":"https:\/\/www.celttv.com.ar\/index.php\/wp-json\/wp\/v2\/categories?post=90948"},{"taxonomy":"post_tag","embeddable":true,"href":"https:\/\/www.celttv.com.ar\/index.php\/wp-json\/wp\/v2\/tags?post=90948"}],"curies":[{"name":"wp","href":"https:\/\/api.w.org\/{rel}","templated":true}]}}