{"id":90955,"date":"2026-01-19T17:06:53","date_gmt":"2026-01-19T20:06:53","guid":{"rendered":"https:\/\/www.celttv.com.ar\/?p=90955"},"modified":"2026-01-19T17:06:53","modified_gmt":"2026-01-19T20:06:53","slug":"el-hospital-municipal-incorporo-una-nueva-cama-para-su-shock-room","status":"publish","type":"post","link":"https:\/\/www.celttv.com.ar\/index.php\/2026\/01\/19\/el-hospital-municipal-incorporo-una-nueva-cama-para-su-shock-room\/","title":{"rendered":"El Hospital Municipal incorpor\u00f3 una nueva cama para su Shock Room"},"content":{"rendered":"<p>La Cooperadora del Hospital Municipal de Tornquist concret\u00f3 la incorporaci\u00f3n de una nueva cama para su Shock Room, un avance significativo que fortalece la atenci\u00f3n y el cuidado de los pacientes. El acto de presentaci\u00f3n cont\u00f3 con la presencia de autoridades del Hospital Municipal, integrantes de la cooperadora y personal de salud. La adquisici\u00f3n fue posible gracias al esfuerzo conjunto de socios, donantes y distintas gestiones solidarias que acompa\u00f1an de manera permanente al hospital.<\/p>\n<p>Ricardo Gonda, tesorero de la cooperadora, destac\u00f3 la importancia del logro y el trabajo sostenido que se viene realizando. Se\u00f1al\u00f3 que la nueva cama representa \u201cun avance muy considerable de acuerdo a los aportes que hemos hecho\u201d, y explic\u00f3 que el equipamiento pudo concretarse gracias a distintas colaboraciones, entre ellas la donaci\u00f3n de Lanusse Santill\u00e1n a trav\u00e9s de la familia Mancinelli, junto con el aporte de los socios que permiti\u00f3 cubrir la diferencia necesaria para su adquisici\u00f3n.<\/p>\n<p>Tambi\u00e9n resalt\u00f3 las donaciones de la Fundaci\u00f3n Funke, gestionadas por Felipe Kleine, y agradeci\u00f3 el acompa\u00f1amiento de la familia Laborde. En ese marco, se\u00f1al\u00f3 que la cooperadora ya lleva adquiridas seis camas electr\u00f3nicas y que contin\u00faan avanzando con la planificaci\u00f3n de m\u00e1s equipamiento, como mesas de luz y mesas para las comidas. \u201cSeguimos trabajando y vamos a seguir invirtiendo para mejorar todo lo necesario\u201d, afirm\u00f3.<\/p>\n<p>Por su parte, la enfermera Luciana Coceres agradeci\u00f3 especialmente a la cooperadora por el acompa\u00f1amiento constante y remarc\u00f3 el impacto directo que tiene este tipo de incorporaciones en la tarea diaria del personal de salud y en la atenci\u00f3n de los pacientes. Explic\u00f3 que la nueva cama permite distintas posiciones, como la elevaci\u00f3n de la cabecera para facilitar la respiraci\u00f3n en pacientes con patolog\u00edas respiratorias, y la elevaci\u00f3n de las piernas para mejorar la circulaci\u00f3n, reducir edemas y prevenir \u00falceras. \u201cEs una herramienta fundamental, algo que est\u00e1bamos esperando, y que ya estamos utilizando\u201d, expres\u00f3.<\/p>\n<p>Finalmente, la presidenta de la cooperadora, Mar\u00eda Graciela Musso, subray\u00f3 que estos logros son el resultado del esfuerzo colectivo de la comunidad. Indic\u00f3 que la cooperadora cumple el rol de administrar los fondos, pero que todo es posible gracias al aporte de los socios y al acompa\u00f1amiento de las firmas comerciales. Tambi\u00e9n agradeci\u00f3 al personal del hospital, que ser\u00e1 el encargado del uso y cuidado del equipamiento, y reafirm\u00f3 el compromiso de seguir trabajando. \u201cVamos por m\u00e1s, siempre pensando en mejorar el hospital y la atenci\u00f3n para todos\u201d, concluy\u00f3.<\/p>\n<p><img loading=\"lazy\" decoding=\"async\" class=\"alignnone wp-image-90956 size-large\" src=\"https:\/\/www.celttv.com.ar\/wp-content\/uploads\/2026\/01\/1-1-1024x768.jpeg\" alt=\"\" width=\"1024\" height=\"768\" srcset=\"https:\/\/www.celttv.com.ar\/wp-content\/uploads\/2026\/01\/1-1-1024x768.jpeg 1024w, https:\/\/www.celttv.com.ar\/wp-content\/uploads\/2026\/01\/1-1-300x225.jpeg 300w, https:\/\/www.celttv.com.ar\/wp-content\/uploads\/2026\/01\/1-1-768x576.jpeg 768w, https:\/\/www.celttv.com.ar\/wp-content\/uploads\/2026\/01\/1-1-1536x1152.jpeg 1536w, https:\/\/www.celttv.com.ar\/wp-content\/uploads\/2026\/01\/1-1-750x563.jpeg 750w, https:\/\/www.celttv.com.ar\/wp-content\/uploads\/2026\/01\/1-1-1140x855.jpeg 1140w, https:\/\/www.celttv.com.ar\/wp-content\/uploads\/2026\/01\/1-1.jpeg 1600w\" sizes=\"auto, (max-width: 1024px) 100vw, 1024px\" \/> <img loading=\"lazy\" decoding=\"async\" class=\"alignnone wp-image-90957 size-large\" src=\"https:\/\/www.celttv.com.ar\/wp-content\/uploads\/2026\/01\/2-1024x768.jpeg\" alt=\"\" width=\"1024\" height=\"768\" srcset=\"https:\/\/www.celttv.com.ar\/wp-content\/uploads\/2026\/01\/2-1024x768.jpeg 1024w, https:\/\/www.celttv.com.ar\/wp-content\/uploads\/2026\/01\/2-300x225.jpeg 300w, https:\/\/www.celttv.com.ar\/wp-content\/uploads\/2026\/01\/2-768x576.jpeg 768w, https:\/\/www.celttv.com.ar\/wp-content\/uploads\/2026\/01\/2-1536x1152.jpeg 1536w, https:\/\/www.celttv.com.ar\/wp-content\/uploads\/2026\/01\/2-750x563.jpeg 750w, https:\/\/www.celttv.com.ar\/wp-content\/uploads\/2026\/01\/2-1140x855.jpeg 1140w, https:\/\/www.celttv.com.ar\/wp-content\/uploads\/2026\/01\/2.jpeg 1600w\" sizes=\"auto, (max-width: 1024px) 100vw, 1024px\" \/><\/p>\n","protected":false},"excerpt":{"rendered":"<p>La Cooperadora del Hospital Municipal de Tornquist concret\u00f3 la incorporaci\u00f3n de una nueva cama para su Shock Room, un avance significativo que fortalece la atenci\u00f3n y el cuidado de los pacientes. El acto de presentaci\u00f3n cont\u00f3 con la presencia de autoridades del Hospital Municipal, integrantes de la cooperadora y personal de salud. La adquisici\u00f3n fue [&hellip;]<\/p>\n","protected":false},"author":5,"featured_media":90956,"comment_status":"closed","ping_status":"closed","sticky":false,"template":"","format":"standard","meta":{"footnotes":""},"categories":[51],"tags":[],"class_list":["post-90955","post","type-post","status-publish","format-standard","has-post-thumbnail","hentry","category-comunidad"],"yoast_head":"<!-- This site is optimized with the Yoast SEO plugin v19.7.1 - https:\/\/yoast.com\/wordpress\/plugins\/seo\/ -->\n<title>El Hospital Municipal incorpor\u00f3 una nueva cama para su Shock Room - CELTTV<\/title>\n<meta name=\"description\" content=\"Sitio web de noticias de la localidad de Tornquist, provincia de Buenos Aires, Rep\u00fablica Argentina. Contenido propio originado por periodistas de CELTTV, el canal de TV local de la Cooperativa El\u00e9ctrica de Tornquist. Turismo, Pol\u00edtica, Sociedad, Deporte, Cultura y todo el contenido de inter\u00e9s general que la gente del pueblo y la regi\u00f3n debe conocer.\" \/>\n<meta name=\"robots\" content=\"index, follow, max-snippet:-1, max-image-preview:large, max-video-preview:-1\" \/>\n<link rel=\"canonical\" href=\"https:\/\/www.celttv.com.ar\/index.php\/2026\/01\/19\/el-hospital-municipal-incorporo-una-nueva-cama-para-su-shock-room\/\" \/>\n<meta property=\"og:locale\" content=\"es_ES\" \/>\n<meta property=\"og:type\" content=\"article\" \/>\n<meta property=\"og:title\" content=\"El Hospital Municipal incorpor\u00f3 una nueva cama para su Shock Room - CELTTV\" \/>\n<meta property=\"og:description\" content=\"Sitio web de noticias de la localidad de Tornquist, provincia de Buenos Aires, Rep\u00fablica Argentina. Contenido propio originado por periodistas de CELTTV, el canal de TV local de la Cooperativa El\u00e9ctrica de Tornquist. Turismo, Pol\u00edtica, Sociedad, Deporte, Cultura y todo el contenido de inter\u00e9s general que la gente del pueblo y la regi\u00f3n debe conocer.\" \/>\n<meta property=\"og:url\" content=\"https:\/\/www.celttv.com.ar\/index.php\/2026\/01\/19\/el-hospital-municipal-incorporo-una-nueva-cama-para-su-shock-room\/\" \/>\n<meta property=\"og:site_name\" content=\"CELTTV\" \/>\n<meta property=\"article:publisher\" content=\"https:\/\/www.facebook.com\/celtTV\/\" \/>\n<meta property=\"article:published_time\" content=\"2026-01-19T20:06:53+00:00\" \/>\n<meta property=\"og:image\" content=\"https:\/\/www.celttv.com.ar\/wp-content\/uploads\/2026\/01\/1-1.jpeg\" \/>\n\t<meta property=\"og:image:width\" content=\"1600\" \/>\n\t<meta property=\"og:image:height\" content=\"1200\" \/>\n\t<meta property=\"og:image:type\" content=\"image\/jpeg\" \/>\n<meta name=\"author\" content=\"Miguel Herrada\" \/>\n<meta name=\"twitter:card\" content=\"summary_large_image\" \/>\n<meta name=\"twitter:label1\" content=\"Escrito por\" \/>\n\t<meta name=\"twitter:data1\" content=\"Miguel Herrada\" \/>\n\t<meta name=\"twitter:label2\" content=\"Tiempo de lectura\" \/>\n\t<meta name=\"twitter:data2\" content=\"2 minutos\" \/>\n<script type=\"application\/ld+json\" class=\"yoast-schema-graph\">{\"@context\":\"https:\/\/schema.org\",\"@graph\":[{\"@type\":\"NewsArticle\",\"@id\":\"https:\/\/www.celttv.com.ar\/index.php\/2026\/01\/19\/el-hospital-municipal-incorporo-una-nueva-cama-para-su-shock-room\/#article\",\"isPartOf\":{\"@id\":\"https:\/\/www.celttv.com.ar\/index.php\/2026\/01\/19\/el-hospital-municipal-incorporo-una-nueva-cama-para-su-shock-room\/\"},\"author\":{\"name\":\"Miguel Herrada\",\"@id\":\"https:\/\/www.celttv.com.ar\/#\/schema\/person\/9059dc91dc7204ef4182cdb65225f07d\"},\"headline\":\"El Hospital Municipal incorpor\u00f3 una nueva cama para su Shock Room\",\"datePublished\":\"2026-01-19T20:06:53+00:00\",\"dateModified\":\"2026-01-19T20:06:53+00:00\",\"mainEntityOfPage\":{\"@id\":\"https:\/\/www.celttv.com.ar\/index.php\/2026\/01\/19\/el-hospital-municipal-incorporo-una-nueva-cama-para-su-shock-room\/\"},\"wordCount\":441,\"publisher\":{\"@id\":\"https:\/\/www.celttv.com.ar\/#organization\"},\"articleSection\":[\"Comunidad\"],\"inLanguage\":\"es\"},{\"@type\":\"WebPage\",\"@id\":\"https:\/\/www.celttv.com.ar\/index.php\/2026\/01\/19\/el-hospital-municipal-incorporo-una-nueva-cama-para-su-shock-room\/\",\"url\":\"https:\/\/www.celttv.com.ar\/index.php\/2026\/01\/19\/el-hospital-municipal-incorporo-una-nueva-cama-para-su-shock-room\/\",\"name\":\"El Hospital Municipal incorpor\u00f3 una nueva cama para su Shock Room - CELTTV\",\"isPartOf\":{\"@id\":\"https:\/\/www.celttv.com.ar\/#website\"},\"datePublished\":\"2026-01-19T20:06:53+00:00\",\"dateModified\":\"2026-01-19T20:06:53+00:00\",\"description\":\"Sitio web de noticias de la localidad de Tornquist, provincia de Buenos Aires, Rep\u00fablica Argentina. Contenido propio originado por periodistas de CELTTV, el canal de TV local de la Cooperativa El\u00e9ctrica de Tornquist. Turismo, Pol\u00edtica, Sociedad, Deporte, Cultura y todo el contenido de inter\u00e9s general que la gente del pueblo y la regi\u00f3n debe conocer.\",\"breadcrumb\":{\"@id\":\"https:\/\/www.celttv.com.ar\/index.php\/2026\/01\/19\/el-hospital-municipal-incorporo-una-nueva-cama-para-su-shock-room\/#breadcrumb\"},\"inLanguage\":\"es\",\"potentialAction\":[{\"@type\":\"ReadAction\",\"target\":[\"https:\/\/www.celttv.com.ar\/index.php\/2026\/01\/19\/el-hospital-municipal-incorporo-una-nueva-cama-para-su-shock-room\/\"]}]},{\"@type\":\"BreadcrumbList\",\"@id\":\"https:\/\/www.celttv.com.ar\/index.php\/2026\/01\/19\/el-hospital-municipal-incorporo-una-nueva-cama-para-su-shock-room\/#breadcrumb\",\"itemListElement\":[{\"@type\":\"ListItem\",\"position\":1,\"name\":\"Inicio\",\"item\":\"https:\/\/www.celttv.com.ar\/\"},{\"@type\":\"ListItem\",\"position\":2,\"name\":\"El Hospital Municipal incorpor\u00f3 una nueva cama para su Shock Room\"}]},{\"@type\":\"WebSite\",\"@id\":\"https:\/\/www.celttv.com.ar\/#website\",\"url\":\"https:\/\/www.celttv.com.ar\/\",\"name\":\"CELTTV\",\"description\":\"Cooperativa El\u00e9ctrica de Tornquist\",\"publisher\":{\"@id\":\"https:\/\/www.celttv.com.ar\/#organization\"},\"potentialAction\":[{\"@type\":\"SearchAction\",\"target\":{\"@type\":\"EntryPoint\",\"urlTemplate\":\"https:\/\/www.celttv.com.ar\/?s={search_term_string}\"},\"query-input\":\"required name=search_term_string\"}],\"inLanguage\":\"es\"},{\"@type\":\"Organization\",\"@id\":\"https:\/\/www.celttv.com.ar\/#organization\",\"name\":\"CELTTV\",\"url\":\"https:\/\/www.celttv.com.ar\/\",\"sameAs\":[\"https:\/\/www.youtube.com\/channel\/UCz_oIt8Hig64Ub-EmcNPIhg\",\"https:\/\/www.facebook.com\/celtTV\/\"],\"logo\":{\"@type\":\"ImageObject\",\"inLanguage\":\"es\",\"@id\":\"https:\/\/www.celttv.com.ar\/#\/schema\/logo\/image\/\",\"url\":\"http:\/\/www.celttv.com.ar\/wp-content\/uploads\/2022\/08\/logo-1.png\",\"contentUrl\":\"http:\/\/www.celttv.com.ar\/wp-content\/uploads\/2022\/08\/logo-1.png\",\"width\":461,\"height\":159,\"caption\":\"CELTTV\"},\"image\":{\"@id\":\"https:\/\/www.celttv.com.ar\/#\/schema\/logo\/image\/\"}},{\"@type\":\"Person\",\"@id\":\"https:\/\/www.celttv.com.ar\/#\/schema\/person\/9059dc91dc7204ef4182cdb65225f07d\",\"name\":\"Miguel Herrada\",\"image\":{\"@type\":\"ImageObject\",\"inLanguage\":\"es\",\"@id\":\"https:\/\/www.celttv.com.ar\/#\/schema\/person\/image\/\",\"url\":\"https:\/\/secure.gravatar.com\/avatar\/67724d5b3c716623ffd76bec7e45841a442ac3b456e914dbba90b0fad2b8e0b1?s=96&d=mm&r=g\",\"contentUrl\":\"https:\/\/secure.gravatar.com\/avatar\/67724d5b3c716623ffd76bec7e45841a442ac3b456e914dbba90b0fad2b8e0b1?s=96&d=mm&r=g\",\"caption\":\"Miguel Herrada\"}}]}<\/script>\n<!-- \/ Yoast SEO plugin. -->","yoast_head_json":{"title":"El Hospital Municipal incorpor\u00f3 una nueva cama para su Shock Room - CELTTV","description":"Sitio web de noticias de la localidad de Tornquist, provincia de Buenos Aires, Rep\u00fablica Argentina. Contenido propio originado por periodistas de CELTTV, el canal de TV local de la Cooperativa El\u00e9ctrica de Tornquist. Turismo, Pol\u00edtica, Sociedad, Deporte, Cultura y todo el contenido de inter\u00e9s general que la gente del pueblo y la regi\u00f3n debe conocer.","robots":{"index":"index","follow":"follow","max-snippet":"max-snippet:-1","max-image-preview":"max-image-preview:large","max-video-preview":"max-video-preview:-1"},"canonical":"https:\/\/www.celttv.com.ar\/index.php\/2026\/01\/19\/el-hospital-municipal-incorporo-una-nueva-cama-para-su-shock-room\/","og_locale":"es_ES","og_type":"article","og_title":"El Hospital Municipal incorpor\u00f3 una nueva cama para su Shock Room - CELTTV","og_description":"Sitio web de noticias de la localidad de Tornquist, provincia de Buenos Aires, Rep\u00fablica Argentina. Contenido propio originado por periodistas de CELTTV, el canal de TV local de la Cooperativa El\u00e9ctrica de Tornquist. Turismo, Pol\u00edtica, Sociedad, Deporte, Cultura y todo el contenido de inter\u00e9s general que la gente del pueblo y la regi\u00f3n debe conocer.","og_url":"https:\/\/www.celttv.com.ar\/index.php\/2026\/01\/19\/el-hospital-municipal-incorporo-una-nueva-cama-para-su-shock-room\/","og_site_name":"CELTTV","article_publisher":"https:\/\/www.facebook.com\/celtTV\/","article_published_time":"2026-01-19T20:06:53+00:00","og_image":[{"width":1600,"height":1200,"url":"https:\/\/www.celttv.com.ar\/wp-content\/uploads\/2026\/01\/1-1.jpeg","type":"image\/jpeg"}],"author":"Miguel Herrada","twitter_card":"summary_large_image","twitter_misc":{"Escrito por":"Miguel Herrada","Tiempo de lectura":"2 minutos"},"schema":{"@context":"https:\/\/schema.org","@graph":[{"@type":"NewsArticle","@id":"https:\/\/www.celttv.com.ar\/index.php\/2026\/01\/19\/el-hospital-municipal-incorporo-una-nueva-cama-para-su-shock-room\/#article","isPartOf":{"@id":"https:\/\/www.celttv.com.ar\/index.php\/2026\/01\/19\/el-hospital-municipal-incorporo-una-nueva-cama-para-su-shock-room\/"},"author":{"name":"Miguel Herrada","@id":"https:\/\/www.celttv.com.ar\/#\/schema\/person\/9059dc91dc7204ef4182cdb65225f07d"},"headline":"El Hospital Municipal incorpor\u00f3 una nueva cama para su Shock Room","datePublished":"2026-01-19T20:06:53+00:00","dateModified":"2026-01-19T20:06:53+00:00","mainEntityOfPage":{"@id":"https:\/\/www.celttv.com.ar\/index.php\/2026\/01\/19\/el-hospital-municipal-incorporo-una-nueva-cama-para-su-shock-room\/"},"wordCount":441,"publisher":{"@id":"https:\/\/www.celttv.com.ar\/#organization"},"articleSection":["Comunidad"],"inLanguage":"es"},{"@type":"WebPage","@id":"https:\/\/www.celttv.com.ar\/index.php\/2026\/01\/19\/el-hospital-municipal-incorporo-una-nueva-cama-para-su-shock-room\/","url":"https:\/\/www.celttv.com.ar\/index.php\/2026\/01\/19\/el-hospital-municipal-incorporo-una-nueva-cama-para-su-shock-room\/","name":"El Hospital Municipal incorpor\u00f3 una nueva cama para su Shock Room - CELTTV","isPartOf":{"@id":"https:\/\/www.celttv.com.ar\/#website"},"datePublished":"2026-01-19T20:06:53+00:00","dateModified":"2026-01-19T20:06:53+00:00","description":"Sitio web de noticias de la localidad de Tornquist, provincia de Buenos Aires, Rep\u00fablica Argentina. Contenido propio originado por periodistas de CELTTV, el canal de TV local de la Cooperativa El\u00e9ctrica de Tornquist. Turismo, Pol\u00edtica, Sociedad, Deporte, Cultura y todo el contenido de inter\u00e9s general que la gente del pueblo y la regi\u00f3n debe conocer.","breadcrumb":{"@id":"https:\/\/www.celttv.com.ar\/index.php\/2026\/01\/19\/el-hospital-municipal-incorporo-una-nueva-cama-para-su-shock-room\/#breadcrumb"},"inLanguage":"es","potentialAction":[{"@type":"ReadAction","target":["https:\/\/www.celttv.com.ar\/index.php\/2026\/01\/19\/el-hospital-municipal-incorporo-una-nueva-cama-para-su-shock-room\/"]}]},{"@type":"BreadcrumbList","@id":"https:\/\/www.celttv.com.ar\/index.php\/2026\/01\/19\/el-hospital-municipal-incorporo-una-nueva-cama-para-su-shock-room\/#breadcrumb","itemListElement":[{"@type":"ListItem","position":1,"name":"Inicio","item":"https:\/\/www.celttv.com.ar\/"},{"@type":"ListItem","position":2,"name":"El Hospital Municipal incorpor\u00f3 una nueva cama para su Shock Room"}]},{"@type":"WebSite","@id":"https:\/\/www.celttv.com.ar\/#website","url":"https:\/\/www.celttv.com.ar\/","name":"CELTTV","description":"Cooperativa El\u00e9ctrica de Tornquist","publisher":{"@id":"https:\/\/www.celttv.com.ar\/#organization"},"potentialAction":[{"@type":"SearchAction","target":{"@type":"EntryPoint","urlTemplate":"https:\/\/www.celttv.com.ar\/?s={search_term_string}"},"query-input":"required name=search_term_string"}],"inLanguage":"es"},{"@type":"Organization","@id":"https:\/\/www.celttv.com.ar\/#organization","name":"CELTTV","url":"https:\/\/www.celttv.com.ar\/","sameAs":["https:\/\/www.youtube.com\/channel\/UCz_oIt8Hig64Ub-EmcNPIhg","https:\/\/www.facebook.com\/celtTV\/"],"logo":{"@type":"ImageObject","inLanguage":"es","@id":"https:\/\/www.celttv.com.ar\/#\/schema\/logo\/image\/","url":"http:\/\/www.celttv.com.ar\/wp-content\/uploads\/2022\/08\/logo-1.png","contentUrl":"http:\/\/www.celttv.com.ar\/wp-content\/uploads\/2022\/08\/logo-1.png","width":461,"height":159,"caption":"CELTTV"},"image":{"@id":"https:\/\/www.celttv.com.ar\/#\/schema\/logo\/image\/"}},{"@type":"Person","@id":"https:\/\/www.celttv.com.ar\/#\/schema\/person\/9059dc91dc7204ef4182cdb65225f07d","name":"Miguel Herrada","image":{"@type":"ImageObject","inLanguage":"es","@id":"https:\/\/www.celttv.com.ar\/#\/schema\/person\/image\/","url":"https:\/\/secure.gravatar.com\/avatar\/67724d5b3c716623ffd76bec7e45841a442ac3b456e914dbba90b0fad2b8e0b1?s=96&d=mm&r=g","contentUrl":"https:\/\/secure.gravatar.com\/avatar\/67724d5b3c716623ffd76bec7e45841a442ac3b456e914dbba90b0fad2b8e0b1?s=96&d=mm&r=g","caption":"Miguel Herrada"}}]}},"_links":{"self":[{"href":"https:\/\/www.celttv.com.ar\/index.php\/wp-json\/wp\/v2\/posts\/90955","targetHints":{"allow":["GET"]}}],"collection":[{"href":"https:\/\/www.celttv.com.ar\/index.php\/wp-json\/wp\/v2\/posts"}],"about":[{"href":"https:\/\/www.celttv.com.ar\/index.php\/wp-json\/wp\/v2\/types\/post"}],"author":[{"embeddable":true,"href":"https:\/\/www.celttv.com.ar\/index.php\/wp-json\/wp\/v2\/users\/5"}],"replies":[{"embeddable":true,"href":"https:\/\/www.celttv.com.ar\/index.php\/wp-json\/wp\/v2\/comments?post=90955"}],"version-history":[{"count":1,"href":"https:\/\/www.celttv.com.ar\/index.php\/wp-json\/wp\/v2\/posts\/90955\/revisions"}],"predecessor-version":[{"id":90958,"href":"https:\/\/www.celttv.com.ar\/index.php\/wp-json\/wp\/v2\/posts\/90955\/revisions\/90958"}],"wp:featuredmedia":[{"embeddable":true,"href":"https:\/\/www.celttv.com.ar\/index.php\/wp-json\/wp\/v2\/media\/90956"}],"wp:attachment":[{"href":"https:\/\/www.celttv.com.ar\/index.php\/wp-json\/wp\/v2\/media?parent=90955"}],"wp:term":[{"taxonomy":"category","embeddable":true,"href":"https:\/\/www.celttv.com.ar\/index.php\/wp-json\/wp\/v2\/categories?post=90955"},{"taxonomy":"post_tag","embeddable":true,"href":"https:\/\/www.celttv.com.ar\/index.php\/wp-json\/wp\/v2\/tags?post=90955"}],"curies":[{"name":"wp","href":"https:\/\/api.w.org\/{rel}","templated":true}]}}