{"id":90962,"date":"2026-01-20T21:31:09","date_gmt":"2026-01-21T00:31:09","guid":{"rendered":"https:\/\/www.celttv.com.ar\/?p=90962"},"modified":"2026-01-20T21:31:09","modified_gmt":"2026-01-21T00:31:09","slug":"emiten-un-alerta-amarillo-para-tornquist-y-la-region-por-lluvias-y-tormentas-en-la-noche-del-miercoles","status":"publish","type":"post","link":"https:\/\/www.celttv.com.ar\/index.php\/2026\/01\/20\/emiten-un-alerta-amarillo-para-tornquist-y-la-region-por-lluvias-y-tormentas-en-la-noche-del-miercoles\/","title":{"rendered":"Emiten un alerta amarillo para Tornquist y la regi\u00f3n por lluvias y tormentas en la noche del mi\u00e9rcoles"},"content":{"rendered":"<p>El Servicio Meteorol\u00f3gico Nacional (SMN) emiti\u00f3 un alerta amarillo para Bah\u00eda Blanca y parte del sudoeste bonaerense por posibles lluvias y tormentas de variada intensidad durante\u00a0la noche de este mi\u00e9rcoles.<\/p>\n<p>El \u00e1rea comprendida por el aviso clim\u00e1tico comprende, adem\u00e1s de nuestra ciudad, los distritos de Coronel Rosales, Monte Hermoso, Coronel Dorrego, Coronel Pringles, Villarino, Patagones, Puan, Saavedra y Tornquist.<\/p>\n<p>De acuerdo con el reporte del organismo, &#8220;algunas tormentas podr\u00edan ser localmente fuertes, y estar acompa\u00f1adas por frecuente actividad el\u00e9ctrica, ocasional granizo y r\u00e1fagas intensas&#8221;, a la vez que &#8220;se prev\u00e9n valores de precipitaci\u00f3n acumulada entre 15 y 30 mm&#8221;.<\/p>\n<p>Como es habitual en estos casos, desde el SMN recomiendan evitar salir, no sacar la basura, limpiar desag\u00fces y sumideros, desconectar electrodom\u00e9sticos y cortar\u00a0el suministro el\u00e9ctrico si ingresa agua, cerrar y alejarse de puertas y ventanas, y retirar o asegurar objetos que puedan ser arrastrados por el viento.<\/p>\n<p><img loading=\"lazy\" decoding=\"async\" class=\"alignnone wp-image-90963 size-large\" src=\"https:\/\/www.celttv.com.ar\/wp-content\/uploads\/2026\/01\/alerta-miercoles-21-1-06-724x1024.jpeg\" alt=\"\" width=\"724\" height=\"1024\" srcset=\"https:\/\/www.celttv.com.ar\/wp-content\/uploads\/2026\/01\/alerta-miercoles-21-1-06-724x1024.jpeg 724w, https:\/\/www.celttv.com.ar\/wp-content\/uploads\/2026\/01\/alerta-miercoles-21-1-06-212x300.jpeg 212w, https:\/\/www.celttv.com.ar\/wp-content\/uploads\/2026\/01\/alerta-miercoles-21-1-06-768x1087.jpeg 768w, https:\/\/www.celttv.com.ar\/wp-content\/uploads\/2026\/01\/alerta-miercoles-21-1-06-750x1061.jpeg 750w, https:\/\/www.celttv.com.ar\/wp-content\/uploads\/2026\/01\/alerta-miercoles-21-1-06.jpeg 807w\" sizes=\"auto, (max-width: 724px) 100vw, 724px\" \/><\/p>\n","protected":false},"excerpt":{"rendered":"<p>El Servicio Meteorol\u00f3gico Nacional (SMN) emiti\u00f3 un alerta amarillo para Bah\u00eda Blanca y parte del sudoeste bonaerense por posibles lluvias y tormentas de variada intensidad durante\u00a0la noche de este mi\u00e9rcoles. El \u00e1rea comprendida por el aviso clim\u00e1tico comprende, adem\u00e1s de nuestra ciudad, los distritos de Coronel Rosales, Monte Hermoso, Coronel Dorrego, Coronel Pringles, Villarino, Patagones, [&hellip;]<\/p>\n","protected":false},"author":5,"featured_media":90963,"comment_status":"closed","ping_status":"closed","sticky":false,"template":"","format":"standard","meta":{"footnotes":""},"categories":[51],"tags":[],"class_list":["post-90962","post","type-post","status-publish","format-standard","has-post-thumbnail","hentry","category-comunidad"],"yoast_head":"<!-- This site is optimized with the Yoast SEO plugin v19.7.1 - https:\/\/yoast.com\/wordpress\/plugins\/seo\/ -->\n<title>Emiten un alerta amarillo para Tornquist y la regi\u00f3n por lluvias y tormentas en la noche del mi\u00e9rcoles - CELTTV<\/title>\n<meta name=\"description\" content=\"Sitio web de noticias de la localidad de Tornquist, provincia de Buenos Aires, Rep\u00fablica Argentina. Contenido propio originado por periodistas de CELTTV, el canal de TV local de la Cooperativa El\u00e9ctrica de Tornquist. Turismo, Pol\u00edtica, Sociedad, Deporte, Cultura y todo el contenido de inter\u00e9s general que la gente del pueblo y la regi\u00f3n debe conocer.\" \/>\n<meta name=\"robots\" content=\"index, follow, max-snippet:-1, max-image-preview:large, max-video-preview:-1\" \/>\n<link rel=\"canonical\" href=\"https:\/\/www.celttv.com.ar\/index.php\/2026\/01\/20\/emiten-un-alerta-amarillo-para-tornquist-y-la-region-por-lluvias-y-tormentas-en-la-noche-del-miercoles\/\" \/>\n<meta property=\"og:locale\" content=\"es_ES\" \/>\n<meta property=\"og:type\" content=\"article\" \/>\n<meta property=\"og:title\" content=\"Emiten un alerta amarillo para Tornquist y la regi\u00f3n por lluvias y tormentas en la noche del mi\u00e9rcoles - CELTTV\" \/>\n<meta property=\"og:description\" content=\"Sitio web de noticias de la localidad de Tornquist, provincia de Buenos Aires, Rep\u00fablica Argentina. Contenido propio originado por periodistas de CELTTV, el canal de TV local de la Cooperativa El\u00e9ctrica de Tornquist. Turismo, Pol\u00edtica, Sociedad, Deporte, Cultura y todo el contenido de inter\u00e9s general que la gente del pueblo y la regi\u00f3n debe conocer.\" \/>\n<meta property=\"og:url\" content=\"https:\/\/www.celttv.com.ar\/index.php\/2026\/01\/20\/emiten-un-alerta-amarillo-para-tornquist-y-la-region-por-lluvias-y-tormentas-en-la-noche-del-miercoles\/\" \/>\n<meta property=\"og:site_name\" content=\"CELTTV\" \/>\n<meta property=\"article:publisher\" content=\"https:\/\/www.facebook.com\/celtTV\/\" \/>\n<meta property=\"article:published_time\" content=\"2026-01-21T00:31:09+00:00\" \/>\n<meta property=\"og:image\" content=\"https:\/\/www.celttv.com.ar\/wp-content\/uploads\/2026\/01\/alerta-miercoles-21-1-06.jpeg\" \/>\n\t<meta property=\"og:image:width\" content=\"807\" \/>\n\t<meta property=\"og:image:height\" content=\"1142\" \/>\n\t<meta property=\"og:image:type\" content=\"image\/jpeg\" \/>\n<meta name=\"author\" content=\"Miguel Herrada\" \/>\n<meta name=\"twitter:card\" content=\"summary_large_image\" \/>\n<meta name=\"twitter:label1\" content=\"Escrito por\" \/>\n\t<meta name=\"twitter:data1\" content=\"Miguel Herrada\" \/>\n\t<meta name=\"twitter:label2\" content=\"Tiempo de lectura\" \/>\n\t<meta name=\"twitter:data2\" content=\"1 minuto\" \/>\n<script type=\"application\/ld+json\" class=\"yoast-schema-graph\">{\"@context\":\"https:\/\/schema.org\",\"@graph\":[{\"@type\":\"NewsArticle\",\"@id\":\"https:\/\/www.celttv.com.ar\/index.php\/2026\/01\/20\/emiten-un-alerta-amarillo-para-tornquist-y-la-region-por-lluvias-y-tormentas-en-la-noche-del-miercoles\/#article\",\"isPartOf\":{\"@id\":\"https:\/\/www.celttv.com.ar\/index.php\/2026\/01\/20\/emiten-un-alerta-amarillo-para-tornquist-y-la-region-por-lluvias-y-tormentas-en-la-noche-del-miercoles\/\"},\"author\":{\"name\":\"Miguel Herrada\",\"@id\":\"https:\/\/www.celttv.com.ar\/#\/schema\/person\/9059dc91dc7204ef4182cdb65225f07d\"},\"headline\":\"Emiten un alerta amarillo para Tornquist y la regi\u00f3n por lluvias y tormentas en la noche del mi\u00e9rcoles\",\"datePublished\":\"2026-01-21T00:31:09+00:00\",\"dateModified\":\"2026-01-21T00:31:09+00:00\",\"mainEntityOfPage\":{\"@id\":\"https:\/\/www.celttv.com.ar\/index.php\/2026\/01\/20\/emiten-un-alerta-amarillo-para-tornquist-y-la-region-por-lluvias-y-tormentas-en-la-noche-del-miercoles\/\"},\"wordCount\":181,\"publisher\":{\"@id\":\"https:\/\/www.celttv.com.ar\/#organization\"},\"articleSection\":[\"Comunidad\"],\"inLanguage\":\"es\"},{\"@type\":\"WebPage\",\"@id\":\"https:\/\/www.celttv.com.ar\/index.php\/2026\/01\/20\/emiten-un-alerta-amarillo-para-tornquist-y-la-region-por-lluvias-y-tormentas-en-la-noche-del-miercoles\/\",\"url\":\"https:\/\/www.celttv.com.ar\/index.php\/2026\/01\/20\/emiten-un-alerta-amarillo-para-tornquist-y-la-region-por-lluvias-y-tormentas-en-la-noche-del-miercoles\/\",\"name\":\"Emiten un alerta amarillo para Tornquist y la regi\u00f3n por lluvias y tormentas en la noche del mi\u00e9rcoles - CELTTV\",\"isPartOf\":{\"@id\":\"https:\/\/www.celttv.com.ar\/#website\"},\"datePublished\":\"2026-01-21T00:31:09+00:00\",\"dateModified\":\"2026-01-21T00:31:09+00:00\",\"description\":\"Sitio web de noticias de la localidad de Tornquist, provincia de Buenos Aires, Rep\u00fablica Argentina. Contenido propio originado por periodistas de CELTTV, el canal de TV local de la Cooperativa El\u00e9ctrica de Tornquist. Turismo, Pol\u00edtica, Sociedad, Deporte, Cultura y todo el contenido de inter\u00e9s general que la gente del pueblo y la regi\u00f3n debe conocer.\",\"breadcrumb\":{\"@id\":\"https:\/\/www.celttv.com.ar\/index.php\/2026\/01\/20\/emiten-un-alerta-amarillo-para-tornquist-y-la-region-por-lluvias-y-tormentas-en-la-noche-del-miercoles\/#breadcrumb\"},\"inLanguage\":\"es\",\"potentialAction\":[{\"@type\":\"ReadAction\",\"target\":[\"https:\/\/www.celttv.com.ar\/index.php\/2026\/01\/20\/emiten-un-alerta-amarillo-para-tornquist-y-la-region-por-lluvias-y-tormentas-en-la-noche-del-miercoles\/\"]}]},{\"@type\":\"BreadcrumbList\",\"@id\":\"https:\/\/www.celttv.com.ar\/index.php\/2026\/01\/20\/emiten-un-alerta-amarillo-para-tornquist-y-la-region-por-lluvias-y-tormentas-en-la-noche-del-miercoles\/#breadcrumb\",\"itemListElement\":[{\"@type\":\"ListItem\",\"position\":1,\"name\":\"Inicio\",\"item\":\"https:\/\/www.celttv.com.ar\/\"},{\"@type\":\"ListItem\",\"position\":2,\"name\":\"Emiten un alerta amarillo para Tornquist y la regi\u00f3n por lluvias y tormentas en la noche del mi\u00e9rcoles\"}]},{\"@type\":\"WebSite\",\"@id\":\"https:\/\/www.celttv.com.ar\/#website\",\"url\":\"https:\/\/www.celttv.com.ar\/\",\"name\":\"CELTTV\",\"description\":\"Cooperativa El\u00e9ctrica de Tornquist\",\"publisher\":{\"@id\":\"https:\/\/www.celttv.com.ar\/#organization\"},\"potentialAction\":[{\"@type\":\"SearchAction\",\"target\":{\"@type\":\"EntryPoint\",\"urlTemplate\":\"https:\/\/www.celttv.com.ar\/?s={search_term_string}\"},\"query-input\":\"required name=search_term_string\"}],\"inLanguage\":\"es\"},{\"@type\":\"Organization\",\"@id\":\"https:\/\/www.celttv.com.ar\/#organization\",\"name\":\"CELTTV\",\"url\":\"https:\/\/www.celttv.com.ar\/\",\"sameAs\":[\"https:\/\/www.youtube.com\/channel\/UCz_oIt8Hig64Ub-EmcNPIhg\",\"https:\/\/www.facebook.com\/celtTV\/\"],\"logo\":{\"@type\":\"ImageObject\",\"inLanguage\":\"es\",\"@id\":\"https:\/\/www.celttv.com.ar\/#\/schema\/logo\/image\/\",\"url\":\"http:\/\/www.celttv.com.ar\/wp-content\/uploads\/2022\/08\/logo-1.png\",\"contentUrl\":\"http:\/\/www.celttv.com.ar\/wp-content\/uploads\/2022\/08\/logo-1.png\",\"width\":461,\"height\":159,\"caption\":\"CELTTV\"},\"image\":{\"@id\":\"https:\/\/www.celttv.com.ar\/#\/schema\/logo\/image\/\"}},{\"@type\":\"Person\",\"@id\":\"https:\/\/www.celttv.com.ar\/#\/schema\/person\/9059dc91dc7204ef4182cdb65225f07d\",\"name\":\"Miguel Herrada\",\"image\":{\"@type\":\"ImageObject\",\"inLanguage\":\"es\",\"@id\":\"https:\/\/www.celttv.com.ar\/#\/schema\/person\/image\/\",\"url\":\"https:\/\/secure.gravatar.com\/avatar\/67724d5b3c716623ffd76bec7e45841a442ac3b456e914dbba90b0fad2b8e0b1?s=96&d=mm&r=g\",\"contentUrl\":\"https:\/\/secure.gravatar.com\/avatar\/67724d5b3c716623ffd76bec7e45841a442ac3b456e914dbba90b0fad2b8e0b1?s=96&d=mm&r=g\",\"caption\":\"Miguel Herrada\"}}]}<\/script>\n<!-- \/ Yoast SEO plugin. -->","yoast_head_json":{"title":"Emiten un alerta amarillo para Tornquist y la regi\u00f3n por lluvias y tormentas en la noche del mi\u00e9rcoles - CELTTV","description":"Sitio web de noticias de la localidad de Tornquist, provincia de Buenos Aires, Rep\u00fablica Argentina. Contenido propio originado por periodistas de CELTTV, el canal de TV local de la Cooperativa El\u00e9ctrica de Tornquist. Turismo, Pol\u00edtica, Sociedad, Deporte, Cultura y todo el contenido de inter\u00e9s general que la gente del pueblo y la regi\u00f3n debe conocer.","robots":{"index":"index","follow":"follow","max-snippet":"max-snippet:-1","max-image-preview":"max-image-preview:large","max-video-preview":"max-video-preview:-1"},"canonical":"https:\/\/www.celttv.com.ar\/index.php\/2026\/01\/20\/emiten-un-alerta-amarillo-para-tornquist-y-la-region-por-lluvias-y-tormentas-en-la-noche-del-miercoles\/","og_locale":"es_ES","og_type":"article","og_title":"Emiten un alerta amarillo para Tornquist y la regi\u00f3n por lluvias y tormentas en la noche del mi\u00e9rcoles - CELTTV","og_description":"Sitio web de noticias de la localidad de Tornquist, provincia de Buenos Aires, Rep\u00fablica Argentina. Contenido propio originado por periodistas de CELTTV, el canal de TV local de la Cooperativa El\u00e9ctrica de Tornquist. Turismo, Pol\u00edtica, Sociedad, Deporte, Cultura y todo el contenido de inter\u00e9s general que la gente del pueblo y la regi\u00f3n debe conocer.","og_url":"https:\/\/www.celttv.com.ar\/index.php\/2026\/01\/20\/emiten-un-alerta-amarillo-para-tornquist-y-la-region-por-lluvias-y-tormentas-en-la-noche-del-miercoles\/","og_site_name":"CELTTV","article_publisher":"https:\/\/www.facebook.com\/celtTV\/","article_published_time":"2026-01-21T00:31:09+00:00","og_image":[{"width":807,"height":1142,"url":"https:\/\/www.celttv.com.ar\/wp-content\/uploads\/2026\/01\/alerta-miercoles-21-1-06.jpeg","type":"image\/jpeg"}],"author":"Miguel Herrada","twitter_card":"summary_large_image","twitter_misc":{"Escrito por":"Miguel Herrada","Tiempo de lectura":"1 minuto"},"schema":{"@context":"https:\/\/schema.org","@graph":[{"@type":"NewsArticle","@id":"https:\/\/www.celttv.com.ar\/index.php\/2026\/01\/20\/emiten-un-alerta-amarillo-para-tornquist-y-la-region-por-lluvias-y-tormentas-en-la-noche-del-miercoles\/#article","isPartOf":{"@id":"https:\/\/www.celttv.com.ar\/index.php\/2026\/01\/20\/emiten-un-alerta-amarillo-para-tornquist-y-la-region-por-lluvias-y-tormentas-en-la-noche-del-miercoles\/"},"author":{"name":"Miguel Herrada","@id":"https:\/\/www.celttv.com.ar\/#\/schema\/person\/9059dc91dc7204ef4182cdb65225f07d"},"headline":"Emiten un alerta amarillo para Tornquist y la regi\u00f3n por lluvias y tormentas en la noche del mi\u00e9rcoles","datePublished":"2026-01-21T00:31:09+00:00","dateModified":"2026-01-21T00:31:09+00:00","mainEntityOfPage":{"@id":"https:\/\/www.celttv.com.ar\/index.php\/2026\/01\/20\/emiten-un-alerta-amarillo-para-tornquist-y-la-region-por-lluvias-y-tormentas-en-la-noche-del-miercoles\/"},"wordCount":181,"publisher":{"@id":"https:\/\/www.celttv.com.ar\/#organization"},"articleSection":["Comunidad"],"inLanguage":"es"},{"@type":"WebPage","@id":"https:\/\/www.celttv.com.ar\/index.php\/2026\/01\/20\/emiten-un-alerta-amarillo-para-tornquist-y-la-region-por-lluvias-y-tormentas-en-la-noche-del-miercoles\/","url":"https:\/\/www.celttv.com.ar\/index.php\/2026\/01\/20\/emiten-un-alerta-amarillo-para-tornquist-y-la-region-por-lluvias-y-tormentas-en-la-noche-del-miercoles\/","name":"Emiten un alerta amarillo para Tornquist y la regi\u00f3n por lluvias y tormentas en la noche del mi\u00e9rcoles - CELTTV","isPartOf":{"@id":"https:\/\/www.celttv.com.ar\/#website"},"datePublished":"2026-01-21T00:31:09+00:00","dateModified":"2026-01-21T00:31:09+00:00","description":"Sitio web de noticias de la localidad de Tornquist, provincia de Buenos Aires, Rep\u00fablica Argentina. Contenido propio originado por periodistas de CELTTV, el canal de TV local de la Cooperativa El\u00e9ctrica de Tornquist. Turismo, Pol\u00edtica, Sociedad, Deporte, Cultura y todo el contenido de inter\u00e9s general que la gente del pueblo y la regi\u00f3n debe conocer.","breadcrumb":{"@id":"https:\/\/www.celttv.com.ar\/index.php\/2026\/01\/20\/emiten-un-alerta-amarillo-para-tornquist-y-la-region-por-lluvias-y-tormentas-en-la-noche-del-miercoles\/#breadcrumb"},"inLanguage":"es","potentialAction":[{"@type":"ReadAction","target":["https:\/\/www.celttv.com.ar\/index.php\/2026\/01\/20\/emiten-un-alerta-amarillo-para-tornquist-y-la-region-por-lluvias-y-tormentas-en-la-noche-del-miercoles\/"]}]},{"@type":"BreadcrumbList","@id":"https:\/\/www.celttv.com.ar\/index.php\/2026\/01\/20\/emiten-un-alerta-amarillo-para-tornquist-y-la-region-por-lluvias-y-tormentas-en-la-noche-del-miercoles\/#breadcrumb","itemListElement":[{"@type":"ListItem","position":1,"name":"Inicio","item":"https:\/\/www.celttv.com.ar\/"},{"@type":"ListItem","position":2,"name":"Emiten un alerta amarillo para Tornquist y la regi\u00f3n por lluvias y tormentas en la noche del mi\u00e9rcoles"}]},{"@type":"WebSite","@id":"https:\/\/www.celttv.com.ar\/#website","url":"https:\/\/www.celttv.com.ar\/","name":"CELTTV","description":"Cooperativa El\u00e9ctrica de Tornquist","publisher":{"@id":"https:\/\/www.celttv.com.ar\/#organization"},"potentialAction":[{"@type":"SearchAction","target":{"@type":"EntryPoint","urlTemplate":"https:\/\/www.celttv.com.ar\/?s={search_term_string}"},"query-input":"required name=search_term_string"}],"inLanguage":"es"},{"@type":"Organization","@id":"https:\/\/www.celttv.com.ar\/#organization","name":"CELTTV","url":"https:\/\/www.celttv.com.ar\/","sameAs":["https:\/\/www.youtube.com\/channel\/UCz_oIt8Hig64Ub-EmcNPIhg","https:\/\/www.facebook.com\/celtTV\/"],"logo":{"@type":"ImageObject","inLanguage":"es","@id":"https:\/\/www.celttv.com.ar\/#\/schema\/logo\/image\/","url":"http:\/\/www.celttv.com.ar\/wp-content\/uploads\/2022\/08\/logo-1.png","contentUrl":"http:\/\/www.celttv.com.ar\/wp-content\/uploads\/2022\/08\/logo-1.png","width":461,"height":159,"caption":"CELTTV"},"image":{"@id":"https:\/\/www.celttv.com.ar\/#\/schema\/logo\/image\/"}},{"@type":"Person","@id":"https:\/\/www.celttv.com.ar\/#\/schema\/person\/9059dc91dc7204ef4182cdb65225f07d","name":"Miguel Herrada","image":{"@type":"ImageObject","inLanguage":"es","@id":"https:\/\/www.celttv.com.ar\/#\/schema\/person\/image\/","url":"https:\/\/secure.gravatar.com\/avatar\/67724d5b3c716623ffd76bec7e45841a442ac3b456e914dbba90b0fad2b8e0b1?s=96&d=mm&r=g","contentUrl":"https:\/\/secure.gravatar.com\/avatar\/67724d5b3c716623ffd76bec7e45841a442ac3b456e914dbba90b0fad2b8e0b1?s=96&d=mm&r=g","caption":"Miguel Herrada"}}]}},"_links":{"self":[{"href":"https:\/\/www.celttv.com.ar\/index.php\/wp-json\/wp\/v2\/posts\/90962","targetHints":{"allow":["GET"]}}],"collection":[{"href":"https:\/\/www.celttv.com.ar\/index.php\/wp-json\/wp\/v2\/posts"}],"about":[{"href":"https:\/\/www.celttv.com.ar\/index.php\/wp-json\/wp\/v2\/types\/post"}],"author":[{"embeddable":true,"href":"https:\/\/www.celttv.com.ar\/index.php\/wp-json\/wp\/v2\/users\/5"}],"replies":[{"embeddable":true,"href":"https:\/\/www.celttv.com.ar\/index.php\/wp-json\/wp\/v2\/comments?post=90962"}],"version-history":[{"count":1,"href":"https:\/\/www.celttv.com.ar\/index.php\/wp-json\/wp\/v2\/posts\/90962\/revisions"}],"predecessor-version":[{"id":90964,"href":"https:\/\/www.celttv.com.ar\/index.php\/wp-json\/wp\/v2\/posts\/90962\/revisions\/90964"}],"wp:featuredmedia":[{"embeddable":true,"href":"https:\/\/www.celttv.com.ar\/index.php\/wp-json\/wp\/v2\/media\/90963"}],"wp:attachment":[{"href":"https:\/\/www.celttv.com.ar\/index.php\/wp-json\/wp\/v2\/media?parent=90962"}],"wp:term":[{"taxonomy":"category","embeddable":true,"href":"https:\/\/www.celttv.com.ar\/index.php\/wp-json\/wp\/v2\/categories?post=90962"},{"taxonomy":"post_tag","embeddable":true,"href":"https:\/\/www.celttv.com.ar\/index.php\/wp-json\/wp\/v2\/tags?post=90962"}],"curies":[{"name":"wp","href":"https:\/\/api.w.org\/{rel}","templated":true}]}}