{"id":90980,"date":"2026-01-23T11:00:39","date_gmt":"2026-01-23T14:00:39","guid":{"rendered":"https:\/\/www.celttv.com.ar\/?p=90980"},"modified":"2026-01-23T11:00:39","modified_gmt":"2026-01-23T14:00:39","slug":"corte-de-emergencia-a-pedido-de-edes-para-reparacion-en-estacion-transformadora","status":"publish","type":"post","link":"https:\/\/www.celttv.com.ar\/index.php\/2026\/01\/23\/corte-de-emergencia-a-pedido-de-edes-para-reparacion-en-estacion-transformadora\/","title":{"rendered":"Corte de emergencia a pedido de EDES. para reparaci\u00f3n en Estaci\u00f3n Transformadora"},"content":{"rendered":"<p><img loading=\"lazy\" decoding=\"async\" class=\"alignnone wp-image-90981 size-large\" src=\"https:\/\/www.celttv.com.ar\/wp-content\/uploads\/2026\/01\/corte-de-emergencia-576x1024.jpg\" alt=\"\" width=\"576\" height=\"1024\" srcset=\"https:\/\/www.celttv.com.ar\/wp-content\/uploads\/2026\/01\/corte-de-emergencia-576x1024.jpg 576w, https:\/\/www.celttv.com.ar\/wp-content\/uploads\/2026\/01\/corte-de-emergencia-169x300.jpg 169w, https:\/\/www.celttv.com.ar\/wp-content\/uploads\/2026\/01\/corte-de-emergencia-768x1365.jpg 768w, https:\/\/www.celttv.com.ar\/wp-content\/uploads\/2026\/01\/corte-de-emergencia-864x1536.jpg 864w, https:\/\/www.celttv.com.ar\/wp-content\/uploads\/2026\/01\/corte-de-emergencia-750x1333.jpg 750w, https:\/\/www.celttv.com.ar\/wp-content\/uploads\/2026\/01\/corte-de-emergencia.jpg 900w\" sizes=\"auto, (max-width: 576px) 100vw, 576px\" \/><\/p>\n","protected":false},"excerpt":{"rendered":"","protected":false},"author":5,"featured_media":90981,"comment_status":"closed","ping_status":"closed","sticky":false,"template":"","format":"standard","meta":{"footnotes":""},"categories":[55],"tags":[],"class_list":["post-90980","post","type-post","status-publish","format-standard","has-post-thumbnail","hentry","category-celt-tv-noticias"],"yoast_head":"<!-- This site is optimized with the Yoast SEO plugin v19.7.1 - https:\/\/yoast.com\/wordpress\/plugins\/seo\/ -->\n<title>Corte de emergencia a pedido de EDES. para reparaci\u00f3n en Estaci\u00f3n Transformadora - CELTTV<\/title>\n<meta name=\"description\" content=\"Sitio web de noticias de la localidad de Tornquist, provincia de Buenos Aires, Rep\u00fablica Argentina. Contenido propio originado por periodistas de CELTTV, el canal de TV local de la Cooperativa El\u00e9ctrica de Tornquist. Turismo, Pol\u00edtica, Sociedad, Deporte, Cultura y todo el contenido de inter\u00e9s general que la gente del pueblo y la regi\u00f3n debe conocer.\" \/>\n<meta name=\"robots\" content=\"index, follow, max-snippet:-1, max-image-preview:large, max-video-preview:-1\" \/>\n<link rel=\"canonical\" href=\"https:\/\/www.celttv.com.ar\/index.php\/2026\/01\/23\/corte-de-emergencia-a-pedido-de-edes-para-reparacion-en-estacion-transformadora\/\" \/>\n<meta property=\"og:locale\" content=\"es_ES\" \/>\n<meta property=\"og:type\" content=\"article\" \/>\n<meta property=\"og:title\" content=\"Corte de emergencia a pedido de EDES. para reparaci\u00f3n en Estaci\u00f3n Transformadora - CELTTV\" \/>\n<meta property=\"og:description\" content=\"Sitio web de noticias de la localidad de Tornquist, provincia de Buenos Aires, Rep\u00fablica Argentina. Contenido propio originado por periodistas de CELTTV, el canal de TV local de la Cooperativa El\u00e9ctrica de Tornquist. Turismo, Pol\u00edtica, Sociedad, Deporte, Cultura y todo el contenido de inter\u00e9s general que la gente del pueblo y la regi\u00f3n debe conocer.\" \/>\n<meta property=\"og:url\" content=\"https:\/\/www.celttv.com.ar\/index.php\/2026\/01\/23\/corte-de-emergencia-a-pedido-de-edes-para-reparacion-en-estacion-transformadora\/\" \/>\n<meta property=\"og:site_name\" content=\"CELTTV\" \/>\n<meta property=\"article:publisher\" content=\"https:\/\/www.facebook.com\/celtTV\/\" \/>\n<meta property=\"article:published_time\" content=\"2026-01-23T14:00:39+00:00\" \/>\n<meta property=\"og:image\" content=\"https:\/\/www.celttv.com.ar\/wp-content\/uploads\/2026\/01\/corte-de-emergencia.jpg\" \/>\n\t<meta property=\"og:image:width\" content=\"900\" \/>\n\t<meta property=\"og:image:height\" content=\"1600\" \/>\n\t<meta property=\"og:image:type\" content=\"image\/jpeg\" \/>\n<meta name=\"author\" content=\"Miguel Herrada\" \/>\n<meta name=\"twitter:card\" content=\"summary_large_image\" \/>\n<meta name=\"twitter:label1\" content=\"Escrito por\" \/>\n\t<meta name=\"twitter:data1\" content=\"Miguel Herrada\" \/>\n<script type=\"application\/ld+json\" class=\"yoast-schema-graph\">{\"@context\":\"https:\/\/schema.org\",\"@graph\":[{\"@type\":\"NewsArticle\",\"@id\":\"https:\/\/www.celttv.com.ar\/index.php\/2026\/01\/23\/corte-de-emergencia-a-pedido-de-edes-para-reparacion-en-estacion-transformadora\/#article\",\"isPartOf\":{\"@id\":\"https:\/\/www.celttv.com.ar\/index.php\/2026\/01\/23\/corte-de-emergencia-a-pedido-de-edes-para-reparacion-en-estacion-transformadora\/\"},\"author\":{\"name\":\"Miguel Herrada\",\"@id\":\"https:\/\/www.celttv.com.ar\/#\/schema\/person\/9059dc91dc7204ef4182cdb65225f07d\"},\"headline\":\"Corte de emergencia a pedido de EDES. para reparaci\u00f3n en Estaci\u00f3n Transformadora\",\"datePublished\":\"2026-01-23T14:00:39+00:00\",\"dateModified\":\"2026-01-23T14:00:39+00:00\",\"mainEntityOfPage\":{\"@id\":\"https:\/\/www.celttv.com.ar\/index.php\/2026\/01\/23\/corte-de-emergencia-a-pedido-de-edes-para-reparacion-en-estacion-transformadora\/\"},\"wordCount\":14,\"publisher\":{\"@id\":\"https:\/\/www.celttv.com.ar\/#organization\"},\"articleSection\":[\"Celt TV Noticias\"],\"inLanguage\":\"es\"},{\"@type\":\"WebPage\",\"@id\":\"https:\/\/www.celttv.com.ar\/index.php\/2026\/01\/23\/corte-de-emergencia-a-pedido-de-edes-para-reparacion-en-estacion-transformadora\/\",\"url\":\"https:\/\/www.celttv.com.ar\/index.php\/2026\/01\/23\/corte-de-emergencia-a-pedido-de-edes-para-reparacion-en-estacion-transformadora\/\",\"name\":\"Corte de emergencia a pedido de EDES. para reparaci\u00f3n en Estaci\u00f3n Transformadora - CELTTV\",\"isPartOf\":{\"@id\":\"https:\/\/www.celttv.com.ar\/#website\"},\"datePublished\":\"2026-01-23T14:00:39+00:00\",\"dateModified\":\"2026-01-23T14:00:39+00:00\",\"description\":\"Sitio web de noticias de la localidad de Tornquist, provincia de Buenos Aires, Rep\u00fablica Argentina. Contenido propio originado por periodistas de CELTTV, el canal de TV local de la Cooperativa El\u00e9ctrica de Tornquist. Turismo, Pol\u00edtica, Sociedad, Deporte, Cultura y todo el contenido de inter\u00e9s general que la gente del pueblo y la regi\u00f3n debe conocer.\",\"breadcrumb\":{\"@id\":\"https:\/\/www.celttv.com.ar\/index.php\/2026\/01\/23\/corte-de-emergencia-a-pedido-de-edes-para-reparacion-en-estacion-transformadora\/#breadcrumb\"},\"inLanguage\":\"es\",\"potentialAction\":[{\"@type\":\"ReadAction\",\"target\":[\"https:\/\/www.celttv.com.ar\/index.php\/2026\/01\/23\/corte-de-emergencia-a-pedido-de-edes-para-reparacion-en-estacion-transformadora\/\"]}]},{\"@type\":\"BreadcrumbList\",\"@id\":\"https:\/\/www.celttv.com.ar\/index.php\/2026\/01\/23\/corte-de-emergencia-a-pedido-de-edes-para-reparacion-en-estacion-transformadora\/#breadcrumb\",\"itemListElement\":[{\"@type\":\"ListItem\",\"position\":1,\"name\":\"Inicio\",\"item\":\"https:\/\/www.celttv.com.ar\/\"},{\"@type\":\"ListItem\",\"position\":2,\"name\":\"Corte de emergencia a pedido de EDES. para reparaci\u00f3n en Estaci\u00f3n Transformadora\"}]},{\"@type\":\"WebSite\",\"@id\":\"https:\/\/www.celttv.com.ar\/#website\",\"url\":\"https:\/\/www.celttv.com.ar\/\",\"name\":\"CELTTV\",\"description\":\"Cooperativa El\u00e9ctrica de Tornquist\",\"publisher\":{\"@id\":\"https:\/\/www.celttv.com.ar\/#organization\"},\"potentialAction\":[{\"@type\":\"SearchAction\",\"target\":{\"@type\":\"EntryPoint\",\"urlTemplate\":\"https:\/\/www.celttv.com.ar\/?s={search_term_string}\"},\"query-input\":\"required name=search_term_string\"}],\"inLanguage\":\"es\"},{\"@type\":\"Organization\",\"@id\":\"https:\/\/www.celttv.com.ar\/#organization\",\"name\":\"CELTTV\",\"url\":\"https:\/\/www.celttv.com.ar\/\",\"sameAs\":[\"https:\/\/www.youtube.com\/channel\/UCz_oIt8Hig64Ub-EmcNPIhg\",\"https:\/\/www.facebook.com\/celtTV\/\"],\"logo\":{\"@type\":\"ImageObject\",\"inLanguage\":\"es\",\"@id\":\"https:\/\/www.celttv.com.ar\/#\/schema\/logo\/image\/\",\"url\":\"http:\/\/www.celttv.com.ar\/wp-content\/uploads\/2022\/08\/logo-1.png\",\"contentUrl\":\"http:\/\/www.celttv.com.ar\/wp-content\/uploads\/2022\/08\/logo-1.png\",\"width\":461,\"height\":159,\"caption\":\"CELTTV\"},\"image\":{\"@id\":\"https:\/\/www.celttv.com.ar\/#\/schema\/logo\/image\/\"}},{\"@type\":\"Person\",\"@id\":\"https:\/\/www.celttv.com.ar\/#\/schema\/person\/9059dc91dc7204ef4182cdb65225f07d\",\"name\":\"Miguel Herrada\",\"image\":{\"@type\":\"ImageObject\",\"inLanguage\":\"es\",\"@id\":\"https:\/\/www.celttv.com.ar\/#\/schema\/person\/image\/\",\"url\":\"https:\/\/secure.gravatar.com\/avatar\/67724d5b3c716623ffd76bec7e45841a442ac3b456e914dbba90b0fad2b8e0b1?s=96&d=mm&r=g\",\"contentUrl\":\"https:\/\/secure.gravatar.com\/avatar\/67724d5b3c716623ffd76bec7e45841a442ac3b456e914dbba90b0fad2b8e0b1?s=96&d=mm&r=g\",\"caption\":\"Miguel Herrada\"}}]}<\/script>\n<!-- \/ Yoast SEO plugin. -->","yoast_head_json":{"title":"Corte de emergencia a pedido de EDES. para reparaci\u00f3n en Estaci\u00f3n Transformadora - CELTTV","description":"Sitio web de noticias de la localidad de Tornquist, provincia de Buenos Aires, Rep\u00fablica Argentina. Contenido propio originado por periodistas de CELTTV, el canal de TV local de la Cooperativa El\u00e9ctrica de Tornquist. Turismo, Pol\u00edtica, Sociedad, Deporte, Cultura y todo el contenido de inter\u00e9s general que la gente del pueblo y la regi\u00f3n debe conocer.","robots":{"index":"index","follow":"follow","max-snippet":"max-snippet:-1","max-image-preview":"max-image-preview:large","max-video-preview":"max-video-preview:-1"},"canonical":"https:\/\/www.celttv.com.ar\/index.php\/2026\/01\/23\/corte-de-emergencia-a-pedido-de-edes-para-reparacion-en-estacion-transformadora\/","og_locale":"es_ES","og_type":"article","og_title":"Corte de emergencia a pedido de EDES. para reparaci\u00f3n en Estaci\u00f3n Transformadora - CELTTV","og_description":"Sitio web de noticias de la localidad de Tornquist, provincia de Buenos Aires, Rep\u00fablica Argentina. Contenido propio originado por periodistas de CELTTV, el canal de TV local de la Cooperativa El\u00e9ctrica de Tornquist. Turismo, Pol\u00edtica, Sociedad, Deporte, Cultura y todo el contenido de inter\u00e9s general que la gente del pueblo y la regi\u00f3n debe conocer.","og_url":"https:\/\/www.celttv.com.ar\/index.php\/2026\/01\/23\/corte-de-emergencia-a-pedido-de-edes-para-reparacion-en-estacion-transformadora\/","og_site_name":"CELTTV","article_publisher":"https:\/\/www.facebook.com\/celtTV\/","article_published_time":"2026-01-23T14:00:39+00:00","og_image":[{"width":900,"height":1600,"url":"https:\/\/www.celttv.com.ar\/wp-content\/uploads\/2026\/01\/corte-de-emergencia.jpg","type":"image\/jpeg"}],"author":"Miguel Herrada","twitter_card":"summary_large_image","twitter_misc":{"Escrito por":"Miguel Herrada"},"schema":{"@context":"https:\/\/schema.org","@graph":[{"@type":"NewsArticle","@id":"https:\/\/www.celttv.com.ar\/index.php\/2026\/01\/23\/corte-de-emergencia-a-pedido-de-edes-para-reparacion-en-estacion-transformadora\/#article","isPartOf":{"@id":"https:\/\/www.celttv.com.ar\/index.php\/2026\/01\/23\/corte-de-emergencia-a-pedido-de-edes-para-reparacion-en-estacion-transformadora\/"},"author":{"name":"Miguel Herrada","@id":"https:\/\/www.celttv.com.ar\/#\/schema\/person\/9059dc91dc7204ef4182cdb65225f07d"},"headline":"Corte de emergencia a pedido de EDES. para reparaci\u00f3n en Estaci\u00f3n Transformadora","datePublished":"2026-01-23T14:00:39+00:00","dateModified":"2026-01-23T14:00:39+00:00","mainEntityOfPage":{"@id":"https:\/\/www.celttv.com.ar\/index.php\/2026\/01\/23\/corte-de-emergencia-a-pedido-de-edes-para-reparacion-en-estacion-transformadora\/"},"wordCount":14,"publisher":{"@id":"https:\/\/www.celttv.com.ar\/#organization"},"articleSection":["Celt TV Noticias"],"inLanguage":"es"},{"@type":"WebPage","@id":"https:\/\/www.celttv.com.ar\/index.php\/2026\/01\/23\/corte-de-emergencia-a-pedido-de-edes-para-reparacion-en-estacion-transformadora\/","url":"https:\/\/www.celttv.com.ar\/index.php\/2026\/01\/23\/corte-de-emergencia-a-pedido-de-edes-para-reparacion-en-estacion-transformadora\/","name":"Corte de emergencia a pedido de EDES. para reparaci\u00f3n en Estaci\u00f3n Transformadora - CELTTV","isPartOf":{"@id":"https:\/\/www.celttv.com.ar\/#website"},"datePublished":"2026-01-23T14:00:39+00:00","dateModified":"2026-01-23T14:00:39+00:00","description":"Sitio web de noticias de la localidad de Tornquist, provincia de Buenos Aires, Rep\u00fablica Argentina. Contenido propio originado por periodistas de CELTTV, el canal de TV local de la Cooperativa El\u00e9ctrica de Tornquist. Turismo, Pol\u00edtica, Sociedad, Deporte, Cultura y todo el contenido de inter\u00e9s general que la gente del pueblo y la regi\u00f3n debe conocer.","breadcrumb":{"@id":"https:\/\/www.celttv.com.ar\/index.php\/2026\/01\/23\/corte-de-emergencia-a-pedido-de-edes-para-reparacion-en-estacion-transformadora\/#breadcrumb"},"inLanguage":"es","potentialAction":[{"@type":"ReadAction","target":["https:\/\/www.celttv.com.ar\/index.php\/2026\/01\/23\/corte-de-emergencia-a-pedido-de-edes-para-reparacion-en-estacion-transformadora\/"]}]},{"@type":"BreadcrumbList","@id":"https:\/\/www.celttv.com.ar\/index.php\/2026\/01\/23\/corte-de-emergencia-a-pedido-de-edes-para-reparacion-en-estacion-transformadora\/#breadcrumb","itemListElement":[{"@type":"ListItem","position":1,"name":"Inicio","item":"https:\/\/www.celttv.com.ar\/"},{"@type":"ListItem","position":2,"name":"Corte de emergencia a pedido de EDES. para reparaci\u00f3n en Estaci\u00f3n Transformadora"}]},{"@type":"WebSite","@id":"https:\/\/www.celttv.com.ar\/#website","url":"https:\/\/www.celttv.com.ar\/","name":"CELTTV","description":"Cooperativa El\u00e9ctrica de Tornquist","publisher":{"@id":"https:\/\/www.celttv.com.ar\/#organization"},"potentialAction":[{"@type":"SearchAction","target":{"@type":"EntryPoint","urlTemplate":"https:\/\/www.celttv.com.ar\/?s={search_term_string}"},"query-input":"required name=search_term_string"}],"inLanguage":"es"},{"@type":"Organization","@id":"https:\/\/www.celttv.com.ar\/#organization","name":"CELTTV","url":"https:\/\/www.celttv.com.ar\/","sameAs":["https:\/\/www.youtube.com\/channel\/UCz_oIt8Hig64Ub-EmcNPIhg","https:\/\/www.facebook.com\/celtTV\/"],"logo":{"@type":"ImageObject","inLanguage":"es","@id":"https:\/\/www.celttv.com.ar\/#\/schema\/logo\/image\/","url":"http:\/\/www.celttv.com.ar\/wp-content\/uploads\/2022\/08\/logo-1.png","contentUrl":"http:\/\/www.celttv.com.ar\/wp-content\/uploads\/2022\/08\/logo-1.png","width":461,"height":159,"caption":"CELTTV"},"image":{"@id":"https:\/\/www.celttv.com.ar\/#\/schema\/logo\/image\/"}},{"@type":"Person","@id":"https:\/\/www.celttv.com.ar\/#\/schema\/person\/9059dc91dc7204ef4182cdb65225f07d","name":"Miguel Herrada","image":{"@type":"ImageObject","inLanguage":"es","@id":"https:\/\/www.celttv.com.ar\/#\/schema\/person\/image\/","url":"https:\/\/secure.gravatar.com\/avatar\/67724d5b3c716623ffd76bec7e45841a442ac3b456e914dbba90b0fad2b8e0b1?s=96&d=mm&r=g","contentUrl":"https:\/\/secure.gravatar.com\/avatar\/67724d5b3c716623ffd76bec7e45841a442ac3b456e914dbba90b0fad2b8e0b1?s=96&d=mm&r=g","caption":"Miguel Herrada"}}]}},"_links":{"self":[{"href":"https:\/\/www.celttv.com.ar\/index.php\/wp-json\/wp\/v2\/posts\/90980","targetHints":{"allow":["GET"]}}],"collection":[{"href":"https:\/\/www.celttv.com.ar\/index.php\/wp-json\/wp\/v2\/posts"}],"about":[{"href":"https:\/\/www.celttv.com.ar\/index.php\/wp-json\/wp\/v2\/types\/post"}],"author":[{"embeddable":true,"href":"https:\/\/www.celttv.com.ar\/index.php\/wp-json\/wp\/v2\/users\/5"}],"replies":[{"embeddable":true,"href":"https:\/\/www.celttv.com.ar\/index.php\/wp-json\/wp\/v2\/comments?post=90980"}],"version-history":[{"count":1,"href":"https:\/\/www.celttv.com.ar\/index.php\/wp-json\/wp\/v2\/posts\/90980\/revisions"}],"predecessor-version":[{"id":90982,"href":"https:\/\/www.celttv.com.ar\/index.php\/wp-json\/wp\/v2\/posts\/90980\/revisions\/90982"}],"wp:featuredmedia":[{"embeddable":true,"href":"https:\/\/www.celttv.com.ar\/index.php\/wp-json\/wp\/v2\/media\/90981"}],"wp:attachment":[{"href":"https:\/\/www.celttv.com.ar\/index.php\/wp-json\/wp\/v2\/media?parent=90980"}],"wp:term":[{"taxonomy":"category","embeddable":true,"href":"https:\/\/www.celttv.com.ar\/index.php\/wp-json\/wp\/v2\/categories?post=90980"},{"taxonomy":"post_tag","embeddable":true,"href":"https:\/\/www.celttv.com.ar\/index.php\/wp-json\/wp\/v2\/tags?post=90980"}],"curies":[{"name":"wp","href":"https:\/\/api.w.org\/{rel}","templated":true}]}}