{"id":90986,"date":"2026-01-23T20:31:49","date_gmt":"2026-01-23T23:31:49","guid":{"rendered":"https:\/\/www.celttv.com.ar\/?p=90986"},"modified":"2026-01-23T20:31:49","modified_gmt":"2026-01-23T23:31:49","slug":"arribo-el-transformador-movil-y-estiman-que-el-corte-se-realizara-alrededor-de-las-21-hs","status":"publish","type":"post","link":"https:\/\/www.celttv.com.ar\/index.php\/2026\/01\/23\/arribo-el-transformador-movil-y-estiman-que-el-corte-se-realizara-alrededor-de-las-21-hs\/","title":{"rendered":"Arrib\u00f3 el transformador m\u00f3vil y estiman que el corte se realizar\u00e1 alrededor de las 21 hs"},"content":{"rendered":"<p>La Cooperativa El\u00e9ctrica de Tornquist Ltda. informa a sus asociados y usuarios que, en el d\u00eda de hoy, la empresa EDES sufri\u00f3 la falla de uno de sus transformadores principales.<\/p>\n<p>Ante esta situaci\u00f3n, se realizaron distintas maniobras operativas para reducir al m\u00ednimo la cantidad de sectores afectados y mantener el mayor nivel posible de suministro el\u00e9ctrico.<br \/>\nHace minutos arrib\u00f3 un transformador m\u00f3vil, el cual ser\u00e1 instalado como bypass provisorio. Para dejar el sistema funcionando en su configuraci\u00f3n normal y definitiva, ser\u00e1 necesaria la realizaci\u00f3n de una \u00fanica maniobra, que ocasionar\u00e1 un solo microcorte del servicio.<\/p>\n<p>Seg\u00fan se inform\u00f3 el corte se realizar\u00e1 entre las 21 y 21:15 hs\u00a0 de hoy y ser\u00e1 de aproximadamente 20 minutos\u00a0 afectando a la ciudad de Tornquist, Tres Picos y zona rural de Tres Picos.<\/p>\n<p>Varias cuadrillas de la CELT y la empresa EDES se encuentran trabajando en conjunto\u00a0 coordinando un amplio operativo para realizar las maniobras que permitan una pronta reposici\u00f3n del servicio.<br \/>\nAgradecemos la comprensi\u00f3n de nuestros usuarios.<\/p>\n<p><img loading=\"lazy\" decoding=\"async\" class=\"alignnone wp-image-90988 size-large\" src=\"https:\/\/www.celttv.com.ar\/wp-content\/uploads\/2026\/01\/MICROCORTE-1-576x1024.jpg\" alt=\"\" width=\"576\" height=\"1024\" srcset=\"https:\/\/www.celttv.com.ar\/wp-content\/uploads\/2026\/01\/MICROCORTE-1-576x1024.jpg 576w, https:\/\/www.celttv.com.ar\/wp-content\/uploads\/2026\/01\/MICROCORTE-1-169x300.jpg 169w, https:\/\/www.celttv.com.ar\/wp-content\/uploads\/2026\/01\/MICROCORTE-1.jpg 720w\" sizes=\"auto, (max-width: 576px) 100vw, 576px\" \/><\/p>\n<p><img loading=\"lazy\" decoding=\"async\" class=\"alignnone wp-image-90989 size-full\" src=\"https:\/\/www.celttv.com.ar\/wp-content\/uploads\/2026\/01\/MICROCORTE-2.jpg\" alt=\"\" width=\"720\" height=\"1280\" srcset=\"https:\/\/www.celttv.com.ar\/wp-content\/uploads\/2026\/01\/MICROCORTE-2.jpg 720w, https:\/\/www.celttv.com.ar\/wp-content\/uploads\/2026\/01\/MICROCORTE-2-169x300.jpg 169w, https:\/\/www.celttv.com.ar\/wp-content\/uploads\/2026\/01\/MICROCORTE-2-576x1024.jpg 576w\" sizes=\"auto, (max-width: 720px) 100vw, 720px\" \/><\/p>\n<p><img loading=\"lazy\" decoding=\"async\" class=\"alignnone wp-image-90990 size-large\" src=\"https:\/\/www.celttv.com.ar\/wp-content\/uploads\/2026\/01\/MICROCORTE-3-1024x576.jpg\" alt=\"\" width=\"1024\" height=\"576\" srcset=\"https:\/\/www.celttv.com.ar\/wp-content\/uploads\/2026\/01\/MICROCORTE-3-1024x576.jpg 1024w, https:\/\/www.celttv.com.ar\/wp-content\/uploads\/2026\/01\/MICROCORTE-3-300x169.jpg 300w, https:\/\/www.celttv.com.ar\/wp-content\/uploads\/2026\/01\/MICROCORTE-3-768x432.jpg 768w, https:\/\/www.celttv.com.ar\/wp-content\/uploads\/2026\/01\/MICROCORTE-3-750x422.jpg 750w, https:\/\/www.celttv.com.ar\/wp-content\/uploads\/2026\/01\/MICROCORTE-3-1140x641.jpg 1140w, https:\/\/www.celttv.com.ar\/wp-content\/uploads\/2026\/01\/MICROCORTE-3.jpg 1280w\" sizes=\"auto, (max-width: 1024px) 100vw, 1024px\" \/><\/p>\n<p><img loading=\"lazy\" decoding=\"async\" class=\"alignnone wp-image-90991 size-large\" src=\"https:\/\/www.celttv.com.ar\/wp-content\/uploads\/2026\/01\/trafo-4-768x1024.jpg\" alt=\"\" width=\"768\" height=\"1024\" srcset=\"https:\/\/www.celttv.com.ar\/wp-content\/uploads\/2026\/01\/trafo-4-768x1024.jpg 768w, https:\/\/www.celttv.com.ar\/wp-content\/uploads\/2026\/01\/trafo-4-225x300.jpg 225w, https:\/\/www.celttv.com.ar\/wp-content\/uploads\/2026\/01\/trafo-4-750x1000.jpg 750w, https:\/\/www.celttv.com.ar\/wp-content\/uploads\/2026\/01\/trafo-4.jpg 960w\" sizes=\"auto, (max-width: 768px) 100vw, 768px\" \/><\/p>\n<p><img loading=\"lazy\" decoding=\"async\" class=\"alignnone wp-image-90992 size-large\" src=\"https:\/\/www.celttv.com.ar\/wp-content\/uploads\/2026\/01\/trafo-5-1024x768.jpg\" alt=\"\" width=\"1024\" height=\"768\" srcset=\"https:\/\/www.celttv.com.ar\/wp-content\/uploads\/2026\/01\/trafo-5-1024x768.jpg 1024w, https:\/\/www.celttv.com.ar\/wp-content\/uploads\/2026\/01\/trafo-5-300x225.jpg 300w, https:\/\/www.celttv.com.ar\/wp-content\/uploads\/2026\/01\/trafo-5-768x576.jpg 768w, https:\/\/www.celttv.com.ar\/wp-content\/uploads\/2026\/01\/trafo-5-750x563.jpg 750w, https:\/\/www.celttv.com.ar\/wp-content\/uploads\/2026\/01\/trafo-5-1140x855.jpg 1140w, https:\/\/www.celttv.com.ar\/wp-content\/uploads\/2026\/01\/trafo-5.jpg 1280w\" sizes=\"auto, (max-width: 1024px) 100vw, 1024px\" \/><\/p>\n","protected":false},"excerpt":{"rendered":"<p>La Cooperativa El\u00e9ctrica de Tornquist Ltda. informa a sus asociados y usuarios que, en el d\u00eda de hoy, la empresa EDES sufri\u00f3 la falla de uno de sus transformadores principales. Ante esta situaci\u00f3n, se realizaron distintas maniobras operativas para reducir al m\u00ednimo la cantidad de sectores afectados y mantener el mayor nivel posible de suministro [&hellip;]<\/p>\n","protected":false},"author":5,"featured_media":90990,"comment_status":"closed","ping_status":"closed","sticky":false,"template":"","format":"standard","meta":{"footnotes":""},"categories":[55,1],"tags":[],"class_list":["post-90986","post","type-post","status-publish","format-standard","has-post-thumbnail","hentry","category-celt-tv-noticias","category-sin-categoria"],"yoast_head":"<!-- This site is optimized with the Yoast SEO plugin v19.7.1 - https:\/\/yoast.com\/wordpress\/plugins\/seo\/ -->\n<title>Arrib\u00f3 el transformador m\u00f3vil y estiman que el corte se realizar\u00e1 alrededor de las 21 hs - CELTTV<\/title>\n<meta name=\"description\" content=\"Sitio web de noticias de la localidad de Tornquist, provincia de Buenos Aires, Rep\u00fablica Argentina. Contenido propio originado por periodistas de CELTTV, el canal de TV local de la Cooperativa El\u00e9ctrica de Tornquist. Turismo, Pol\u00edtica, Sociedad, Deporte, Cultura y todo el contenido de inter\u00e9s general que la gente del pueblo y la regi\u00f3n debe conocer.\" \/>\n<meta name=\"robots\" content=\"index, follow, max-snippet:-1, max-image-preview:large, max-video-preview:-1\" \/>\n<link rel=\"canonical\" href=\"https:\/\/www.celttv.com.ar\/index.php\/2026\/01\/23\/arribo-el-transformador-movil-y-estiman-que-el-corte-se-realizara-alrededor-de-las-21-hs\/\" \/>\n<meta property=\"og:locale\" content=\"es_ES\" \/>\n<meta property=\"og:type\" content=\"article\" \/>\n<meta property=\"og:title\" content=\"Arrib\u00f3 el transformador m\u00f3vil y estiman que el corte se realizar\u00e1 alrededor de las 21 hs - CELTTV\" \/>\n<meta property=\"og:description\" content=\"Sitio web de noticias de la localidad de Tornquist, provincia de Buenos Aires, Rep\u00fablica Argentina. Contenido propio originado por periodistas de CELTTV, el canal de TV local de la Cooperativa El\u00e9ctrica de Tornquist. Turismo, Pol\u00edtica, Sociedad, Deporte, Cultura y todo el contenido de inter\u00e9s general que la gente del pueblo y la regi\u00f3n debe conocer.\" \/>\n<meta property=\"og:url\" content=\"https:\/\/www.celttv.com.ar\/index.php\/2026\/01\/23\/arribo-el-transformador-movil-y-estiman-que-el-corte-se-realizara-alrededor-de-las-21-hs\/\" \/>\n<meta property=\"og:site_name\" content=\"CELTTV\" \/>\n<meta property=\"article:publisher\" content=\"https:\/\/www.facebook.com\/celtTV\/\" \/>\n<meta property=\"article:published_time\" content=\"2026-01-23T23:31:49+00:00\" \/>\n<meta property=\"og:image\" content=\"https:\/\/www.celttv.com.ar\/wp-content\/uploads\/2026\/01\/MICROCORTE-3.jpg\" \/>\n\t<meta property=\"og:image:width\" content=\"1280\" \/>\n\t<meta property=\"og:image:height\" content=\"720\" \/>\n\t<meta property=\"og:image:type\" content=\"image\/jpeg\" \/>\n<meta name=\"author\" content=\"Miguel Herrada\" \/>\n<meta name=\"twitter:card\" content=\"summary_large_image\" \/>\n<meta name=\"twitter:label1\" content=\"Escrito por\" \/>\n\t<meta name=\"twitter:data1\" content=\"Miguel Herrada\" \/>\n\t<meta name=\"twitter:label2\" content=\"Tiempo de lectura\" \/>\n\t<meta name=\"twitter:data2\" content=\"1 minuto\" \/>\n<script type=\"application\/ld+json\" class=\"yoast-schema-graph\">{\"@context\":\"https:\/\/schema.org\",\"@graph\":[{\"@type\":\"NewsArticle\",\"@id\":\"https:\/\/www.celttv.com.ar\/index.php\/2026\/01\/23\/arribo-el-transformador-movil-y-estiman-que-el-corte-se-realizara-alrededor-de-las-21-hs\/#article\",\"isPartOf\":{\"@id\":\"https:\/\/www.celttv.com.ar\/index.php\/2026\/01\/23\/arribo-el-transformador-movil-y-estiman-que-el-corte-se-realizara-alrededor-de-las-21-hs\/\"},\"author\":{\"name\":\"Miguel Herrada\",\"@id\":\"https:\/\/www.celttv.com.ar\/#\/schema\/person\/9059dc91dc7204ef4182cdb65225f07d\"},\"headline\":\"Arrib\u00f3 el transformador m\u00f3vil y estiman que el corte se realizar\u00e1 alrededor de las 21 hs\",\"datePublished\":\"2026-01-23T23:31:49+00:00\",\"dateModified\":\"2026-01-23T23:31:49+00:00\",\"mainEntityOfPage\":{\"@id\":\"https:\/\/www.celttv.com.ar\/index.php\/2026\/01\/23\/arribo-el-transformador-movil-y-estiman-que-el-corte-se-realizara-alrededor-de-las-21-hs\/\"},\"wordCount\":189,\"publisher\":{\"@id\":\"https:\/\/www.celttv.com.ar\/#organization\"},\"articleSection\":[\"Celt TV Noticias\"],\"inLanguage\":\"es\"},{\"@type\":\"WebPage\",\"@id\":\"https:\/\/www.celttv.com.ar\/index.php\/2026\/01\/23\/arribo-el-transformador-movil-y-estiman-que-el-corte-se-realizara-alrededor-de-las-21-hs\/\",\"url\":\"https:\/\/www.celttv.com.ar\/index.php\/2026\/01\/23\/arribo-el-transformador-movil-y-estiman-que-el-corte-se-realizara-alrededor-de-las-21-hs\/\",\"name\":\"Arrib\u00f3 el transformador m\u00f3vil y estiman que el corte se realizar\u00e1 alrededor de las 21 hs - CELTTV\",\"isPartOf\":{\"@id\":\"https:\/\/www.celttv.com.ar\/#website\"},\"datePublished\":\"2026-01-23T23:31:49+00:00\",\"dateModified\":\"2026-01-23T23:31:49+00:00\",\"description\":\"Sitio web de noticias de la localidad de Tornquist, provincia de Buenos Aires, Rep\u00fablica Argentina. Contenido propio originado por periodistas de CELTTV, el canal de TV local de la Cooperativa El\u00e9ctrica de Tornquist. Turismo, Pol\u00edtica, Sociedad, Deporte, Cultura y todo el contenido de inter\u00e9s general que la gente del pueblo y la regi\u00f3n debe conocer.\",\"breadcrumb\":{\"@id\":\"https:\/\/www.celttv.com.ar\/index.php\/2026\/01\/23\/arribo-el-transformador-movil-y-estiman-que-el-corte-se-realizara-alrededor-de-las-21-hs\/#breadcrumb\"},\"inLanguage\":\"es\",\"potentialAction\":[{\"@type\":\"ReadAction\",\"target\":[\"https:\/\/www.celttv.com.ar\/index.php\/2026\/01\/23\/arribo-el-transformador-movil-y-estiman-que-el-corte-se-realizara-alrededor-de-las-21-hs\/\"]}]},{\"@type\":\"BreadcrumbList\",\"@id\":\"https:\/\/www.celttv.com.ar\/index.php\/2026\/01\/23\/arribo-el-transformador-movil-y-estiman-que-el-corte-se-realizara-alrededor-de-las-21-hs\/#breadcrumb\",\"itemListElement\":[{\"@type\":\"ListItem\",\"position\":1,\"name\":\"Inicio\",\"item\":\"https:\/\/www.celttv.com.ar\/\"},{\"@type\":\"ListItem\",\"position\":2,\"name\":\"Arrib\u00f3 el transformador m\u00f3vil y estiman que el corte se realizar\u00e1 alrededor de las 21 hs\"}]},{\"@type\":\"WebSite\",\"@id\":\"https:\/\/www.celttv.com.ar\/#website\",\"url\":\"https:\/\/www.celttv.com.ar\/\",\"name\":\"CELTTV\",\"description\":\"Cooperativa El\u00e9ctrica de Tornquist\",\"publisher\":{\"@id\":\"https:\/\/www.celttv.com.ar\/#organization\"},\"potentialAction\":[{\"@type\":\"SearchAction\",\"target\":{\"@type\":\"EntryPoint\",\"urlTemplate\":\"https:\/\/www.celttv.com.ar\/?s={search_term_string}\"},\"query-input\":\"required name=search_term_string\"}],\"inLanguage\":\"es\"},{\"@type\":\"Organization\",\"@id\":\"https:\/\/www.celttv.com.ar\/#organization\",\"name\":\"CELTTV\",\"url\":\"https:\/\/www.celttv.com.ar\/\",\"sameAs\":[\"https:\/\/www.youtube.com\/channel\/UCz_oIt8Hig64Ub-EmcNPIhg\",\"https:\/\/www.facebook.com\/celtTV\/\"],\"logo\":{\"@type\":\"ImageObject\",\"inLanguage\":\"es\",\"@id\":\"https:\/\/www.celttv.com.ar\/#\/schema\/logo\/image\/\",\"url\":\"http:\/\/www.celttv.com.ar\/wp-content\/uploads\/2022\/08\/logo-1.png\",\"contentUrl\":\"http:\/\/www.celttv.com.ar\/wp-content\/uploads\/2022\/08\/logo-1.png\",\"width\":461,\"height\":159,\"caption\":\"CELTTV\"},\"image\":{\"@id\":\"https:\/\/www.celttv.com.ar\/#\/schema\/logo\/image\/\"}},{\"@type\":\"Person\",\"@id\":\"https:\/\/www.celttv.com.ar\/#\/schema\/person\/9059dc91dc7204ef4182cdb65225f07d\",\"name\":\"Miguel Herrada\",\"image\":{\"@type\":\"ImageObject\",\"inLanguage\":\"es\",\"@id\":\"https:\/\/www.celttv.com.ar\/#\/schema\/person\/image\/\",\"url\":\"https:\/\/secure.gravatar.com\/avatar\/67724d5b3c716623ffd76bec7e45841a442ac3b456e914dbba90b0fad2b8e0b1?s=96&d=mm&r=g\",\"contentUrl\":\"https:\/\/secure.gravatar.com\/avatar\/67724d5b3c716623ffd76bec7e45841a442ac3b456e914dbba90b0fad2b8e0b1?s=96&d=mm&r=g\",\"caption\":\"Miguel Herrada\"}}]}<\/script>\n<!-- \/ Yoast SEO plugin. -->","yoast_head_json":{"title":"Arrib\u00f3 el transformador m\u00f3vil y estiman que el corte se realizar\u00e1 alrededor de las 21 hs - CELTTV","description":"Sitio web de noticias de la localidad de Tornquist, provincia de Buenos Aires, Rep\u00fablica Argentina. Contenido propio originado por periodistas de CELTTV, el canal de TV local de la Cooperativa El\u00e9ctrica de Tornquist. Turismo, Pol\u00edtica, Sociedad, Deporte, Cultura y todo el contenido de inter\u00e9s general que la gente del pueblo y la regi\u00f3n debe conocer.","robots":{"index":"index","follow":"follow","max-snippet":"max-snippet:-1","max-image-preview":"max-image-preview:large","max-video-preview":"max-video-preview:-1"},"canonical":"https:\/\/www.celttv.com.ar\/index.php\/2026\/01\/23\/arribo-el-transformador-movil-y-estiman-que-el-corte-se-realizara-alrededor-de-las-21-hs\/","og_locale":"es_ES","og_type":"article","og_title":"Arrib\u00f3 el transformador m\u00f3vil y estiman que el corte se realizar\u00e1 alrededor de las 21 hs - CELTTV","og_description":"Sitio web de noticias de la localidad de Tornquist, provincia de Buenos Aires, Rep\u00fablica Argentina. Contenido propio originado por periodistas de CELTTV, el canal de TV local de la Cooperativa El\u00e9ctrica de Tornquist. Turismo, Pol\u00edtica, Sociedad, Deporte, Cultura y todo el contenido de inter\u00e9s general que la gente del pueblo y la regi\u00f3n debe conocer.","og_url":"https:\/\/www.celttv.com.ar\/index.php\/2026\/01\/23\/arribo-el-transformador-movil-y-estiman-que-el-corte-se-realizara-alrededor-de-las-21-hs\/","og_site_name":"CELTTV","article_publisher":"https:\/\/www.facebook.com\/celtTV\/","article_published_time":"2026-01-23T23:31:49+00:00","og_image":[{"width":1280,"height":720,"url":"https:\/\/www.celttv.com.ar\/wp-content\/uploads\/2026\/01\/MICROCORTE-3.jpg","type":"image\/jpeg"}],"author":"Miguel Herrada","twitter_card":"summary_large_image","twitter_misc":{"Escrito por":"Miguel Herrada","Tiempo de lectura":"1 minuto"},"schema":{"@context":"https:\/\/schema.org","@graph":[{"@type":"NewsArticle","@id":"https:\/\/www.celttv.com.ar\/index.php\/2026\/01\/23\/arribo-el-transformador-movil-y-estiman-que-el-corte-se-realizara-alrededor-de-las-21-hs\/#article","isPartOf":{"@id":"https:\/\/www.celttv.com.ar\/index.php\/2026\/01\/23\/arribo-el-transformador-movil-y-estiman-que-el-corte-se-realizara-alrededor-de-las-21-hs\/"},"author":{"name":"Miguel Herrada","@id":"https:\/\/www.celttv.com.ar\/#\/schema\/person\/9059dc91dc7204ef4182cdb65225f07d"},"headline":"Arrib\u00f3 el transformador m\u00f3vil y estiman que el corte se realizar\u00e1 alrededor de las 21 hs","datePublished":"2026-01-23T23:31:49+00:00","dateModified":"2026-01-23T23:31:49+00:00","mainEntityOfPage":{"@id":"https:\/\/www.celttv.com.ar\/index.php\/2026\/01\/23\/arribo-el-transformador-movil-y-estiman-que-el-corte-se-realizara-alrededor-de-las-21-hs\/"},"wordCount":189,"publisher":{"@id":"https:\/\/www.celttv.com.ar\/#organization"},"articleSection":["Celt TV Noticias"],"inLanguage":"es"},{"@type":"WebPage","@id":"https:\/\/www.celttv.com.ar\/index.php\/2026\/01\/23\/arribo-el-transformador-movil-y-estiman-que-el-corte-se-realizara-alrededor-de-las-21-hs\/","url":"https:\/\/www.celttv.com.ar\/index.php\/2026\/01\/23\/arribo-el-transformador-movil-y-estiman-que-el-corte-se-realizara-alrededor-de-las-21-hs\/","name":"Arrib\u00f3 el transformador m\u00f3vil y estiman que el corte se realizar\u00e1 alrededor de las 21 hs - CELTTV","isPartOf":{"@id":"https:\/\/www.celttv.com.ar\/#website"},"datePublished":"2026-01-23T23:31:49+00:00","dateModified":"2026-01-23T23:31:49+00:00","description":"Sitio web de noticias de la localidad de Tornquist, provincia de Buenos Aires, Rep\u00fablica Argentina. Contenido propio originado por periodistas de CELTTV, el canal de TV local de la Cooperativa El\u00e9ctrica de Tornquist. Turismo, Pol\u00edtica, Sociedad, Deporte, Cultura y todo el contenido de inter\u00e9s general que la gente del pueblo y la regi\u00f3n debe conocer.","breadcrumb":{"@id":"https:\/\/www.celttv.com.ar\/index.php\/2026\/01\/23\/arribo-el-transformador-movil-y-estiman-que-el-corte-se-realizara-alrededor-de-las-21-hs\/#breadcrumb"},"inLanguage":"es","potentialAction":[{"@type":"ReadAction","target":["https:\/\/www.celttv.com.ar\/index.php\/2026\/01\/23\/arribo-el-transformador-movil-y-estiman-que-el-corte-se-realizara-alrededor-de-las-21-hs\/"]}]},{"@type":"BreadcrumbList","@id":"https:\/\/www.celttv.com.ar\/index.php\/2026\/01\/23\/arribo-el-transformador-movil-y-estiman-que-el-corte-se-realizara-alrededor-de-las-21-hs\/#breadcrumb","itemListElement":[{"@type":"ListItem","position":1,"name":"Inicio","item":"https:\/\/www.celttv.com.ar\/"},{"@type":"ListItem","position":2,"name":"Arrib\u00f3 el transformador m\u00f3vil y estiman que el corte se realizar\u00e1 alrededor de las 21 hs"}]},{"@type":"WebSite","@id":"https:\/\/www.celttv.com.ar\/#website","url":"https:\/\/www.celttv.com.ar\/","name":"CELTTV","description":"Cooperativa El\u00e9ctrica de Tornquist","publisher":{"@id":"https:\/\/www.celttv.com.ar\/#organization"},"potentialAction":[{"@type":"SearchAction","target":{"@type":"EntryPoint","urlTemplate":"https:\/\/www.celttv.com.ar\/?s={search_term_string}"},"query-input":"required name=search_term_string"}],"inLanguage":"es"},{"@type":"Organization","@id":"https:\/\/www.celttv.com.ar\/#organization","name":"CELTTV","url":"https:\/\/www.celttv.com.ar\/","sameAs":["https:\/\/www.youtube.com\/channel\/UCz_oIt8Hig64Ub-EmcNPIhg","https:\/\/www.facebook.com\/celtTV\/"],"logo":{"@type":"ImageObject","inLanguage":"es","@id":"https:\/\/www.celttv.com.ar\/#\/schema\/logo\/image\/","url":"http:\/\/www.celttv.com.ar\/wp-content\/uploads\/2022\/08\/logo-1.png","contentUrl":"http:\/\/www.celttv.com.ar\/wp-content\/uploads\/2022\/08\/logo-1.png","width":461,"height":159,"caption":"CELTTV"},"image":{"@id":"https:\/\/www.celttv.com.ar\/#\/schema\/logo\/image\/"}},{"@type":"Person","@id":"https:\/\/www.celttv.com.ar\/#\/schema\/person\/9059dc91dc7204ef4182cdb65225f07d","name":"Miguel Herrada","image":{"@type":"ImageObject","inLanguage":"es","@id":"https:\/\/www.celttv.com.ar\/#\/schema\/person\/image\/","url":"https:\/\/secure.gravatar.com\/avatar\/67724d5b3c716623ffd76bec7e45841a442ac3b456e914dbba90b0fad2b8e0b1?s=96&d=mm&r=g","contentUrl":"https:\/\/secure.gravatar.com\/avatar\/67724d5b3c716623ffd76bec7e45841a442ac3b456e914dbba90b0fad2b8e0b1?s=96&d=mm&r=g","caption":"Miguel Herrada"}}]}},"_links":{"self":[{"href":"https:\/\/www.celttv.com.ar\/index.php\/wp-json\/wp\/v2\/posts\/90986","targetHints":{"allow":["GET"]}}],"collection":[{"href":"https:\/\/www.celttv.com.ar\/index.php\/wp-json\/wp\/v2\/posts"}],"about":[{"href":"https:\/\/www.celttv.com.ar\/index.php\/wp-json\/wp\/v2\/types\/post"}],"author":[{"embeddable":true,"href":"https:\/\/www.celttv.com.ar\/index.php\/wp-json\/wp\/v2\/users\/5"}],"replies":[{"embeddable":true,"href":"https:\/\/www.celttv.com.ar\/index.php\/wp-json\/wp\/v2\/comments?post=90986"}],"version-history":[{"count":2,"href":"https:\/\/www.celttv.com.ar\/index.php\/wp-json\/wp\/v2\/posts\/90986\/revisions"}],"predecessor-version":[{"id":90993,"href":"https:\/\/www.celttv.com.ar\/index.php\/wp-json\/wp\/v2\/posts\/90986\/revisions\/90993"}],"wp:featuredmedia":[{"embeddable":true,"href":"https:\/\/www.celttv.com.ar\/index.php\/wp-json\/wp\/v2\/media\/90990"}],"wp:attachment":[{"href":"https:\/\/www.celttv.com.ar\/index.php\/wp-json\/wp\/v2\/media?parent=90986"}],"wp:term":[{"taxonomy":"category","embeddable":true,"href":"https:\/\/www.celttv.com.ar\/index.php\/wp-json\/wp\/v2\/categories?post=90986"},{"taxonomy":"post_tag","embeddable":true,"href":"https:\/\/www.celttv.com.ar\/index.php\/wp-json\/wp\/v2\/tags?post=90986"}],"curies":[{"name":"wp","href":"https:\/\/api.w.org\/{rel}","templated":true}]}}