{"id":91020,"date":"2026-01-26T16:27:04","date_gmt":"2026-01-26T19:27:04","guid":{"rendered":"https:\/\/www.celttv.com.ar\/?p=91020"},"modified":"2026-01-26T16:27:04","modified_gmt":"2026-01-26T19:27:04","slug":"el-hcd-convoco-a-sesion-extraordinaria-para-este-martes","status":"publish","type":"post","link":"https:\/\/www.celttv.com.ar\/index.php\/2026\/01\/26\/el-hcd-convoco-a-sesion-extraordinaria-para-este-martes\/","title":{"rendered":"El HCD. convoc\u00f3 a sesi\u00f3n extraordinaria para este martes"},"content":{"rendered":"<p>VISTO:<br \/>\nLas facultades otorgadas a la Presidente del Honorable Concejo Deliberante por el Art\u00edculo 68\u00ba de la Ley Org\u00e1nica de las Municipalidades, a efectos de que se convoque a Sesi\u00f3n Extraordinaria para el d\u00eda 27 de enero de<br \/>\n2026, y;<br \/>\nCONSIDERANDO:<br \/>\nQue la Presidente del Honorable Concejo Deliberante, se encuentra num\u00e9ricamente facultada para que tal solicitud proceda, conforme a las disposiciones del Art\u00edculo anteriormente mencionado, Inciso 5\u00ba de la Ley<br \/>\nOrg\u00e1nica de la Municipalidades y al Art\u00edculo 5\u00ba, Inciso 5\u00ba del Reglamento Interno de este Cuerpo;<br \/>\nPOR ELLO:<br \/>\nLA PRESIDENTE del HONORABLE CONCEJO DELIBERANTE,<\/p>\n<p>en uso de sus facultades,<br \/>\nD E C R E T A<\/p>\n<p>ART\u00cdCULO 1\u00ba: Conv\u00f3quese a los miembros del Honorable Concejo Deliberante a Sesi\u00f3n Extraordinaria, para el d\u00eda 27 de enero de 2026 a la hora 08:30, con el objeto de dar tratamiento a los siguientes temas:<br \/>\n\uf0b7 #Expte. N\u00ba 429\/25: &#8211; N.P. &#8211; Asociaci\u00f3n Cuerpo Bomberos Voluntarios de Tornquist solicita cesi\u00f3n de un predio propiedad de la Municipalidad de Tornquist.<br \/>\n\uf0b7 #Expte. N\u00ba 35\/26: &#8211; D.E. &#8211; Incremento Salarial Ejercicio 2026.<br \/>\n\uf0b7 #Expte. N\u00ba 49\/26: D.E. &#8211; Solicita pr\u00f3rroga de eximici\u00f3n de Tasa por Conservaci\u00f3n, Reparaci\u00f3n y Mejorado de la Red Vial para Cuartel IV.<br \/>\nART\u00cdCULO 2\u00ba: Comun\u00edquese, Publ\u00edquese, Reg\u00edstrese y Cumplido:<br \/>\nARCH\u00cdVESE.-<\/p>\n<p>Tornquist, 26 de enero de 2026.-<\/p>\n<p>Daniela S. Pagalday\u00a0 \u00a0 \u00a0 \u00a0 \u00a0 \u00a0 \u00a0 \u00a0 \u00a0 \u00a0 \u00a0 \u00a0 \u00a0 \u00a0 \u00a0 \u00a0 \u00a0 \u00a0 \u00a0 Carmen B. Soverchia<br \/>\nSecretaria\u00a0 \u00a0 \u00a0 \u00a0 \u00a0 \u00a0 \u00a0 \u00a0 \u00a0 \u00a0 \u00a0 \u00a0 \u00a0 \u00a0 \u00a0 \u00a0 \u00a0 \u00a0 \u00a0 \u00a0 \u00a0 \u00a0 \u00a0 \u00a0 \u00a0 \u00a0Presidente<\/p>\n<p><img loading=\"lazy\" decoding=\"async\" class=\"alignnone wp-image-91021 size-full\" src=\"https:\/\/www.celttv.com.ar\/wp-content\/uploads\/2026\/01\/SESION-EXTRAORDINARIA-MARTES.jpg\" alt=\"\" width=\"940\" height=\"788\" srcset=\"https:\/\/www.celttv.com.ar\/wp-content\/uploads\/2026\/01\/SESION-EXTRAORDINARIA-MARTES.jpg 940w, https:\/\/www.celttv.com.ar\/wp-content\/uploads\/2026\/01\/SESION-EXTRAORDINARIA-MARTES-300x251.jpg 300w, https:\/\/www.celttv.com.ar\/wp-content\/uploads\/2026\/01\/SESION-EXTRAORDINARIA-MARTES-768x644.jpg 768w, https:\/\/www.celttv.com.ar\/wp-content\/uploads\/2026\/01\/SESION-EXTRAORDINARIA-MARTES-750x629.jpg 750w\" sizes=\"auto, (max-width: 940px) 100vw, 940px\" \/><\/p>\n","protected":false},"excerpt":{"rendered":"<p>VISTO: Las facultades otorgadas a la Presidente del Honorable Concejo Deliberante por el Art\u00edculo 68\u00ba de la Ley Org\u00e1nica de las Municipalidades, a efectos de que se convoque a Sesi\u00f3n Extraordinaria para el d\u00eda 27 de enero de 2026, y; CONSIDERANDO: Que la Presidente del Honorable Concejo Deliberante, se encuentra num\u00e9ricamente facultada para que tal [&hellip;]<\/p>\n","protected":false},"author":5,"featured_media":91021,"comment_status":"closed","ping_status":"closed","sticky":false,"template":"","format":"standard","meta":{"footnotes":""},"categories":[59,1],"tags":[],"class_list":["post-91020","post","type-post","status-publish","format-standard","has-post-thumbnail","hentry","category-municipales","category-sin-categoria"],"yoast_head":"<!-- This site is optimized with the Yoast SEO plugin v19.7.1 - https:\/\/yoast.com\/wordpress\/plugins\/seo\/ -->\n<title>El HCD. convoc\u00f3 a sesi\u00f3n extraordinaria para este martes - CELTTV<\/title>\n<meta name=\"description\" content=\"Sitio web de noticias de la localidad de Tornquist, provincia de Buenos Aires, Rep\u00fablica Argentina. Contenido propio originado por periodistas de CELTTV, el canal de TV local de la Cooperativa El\u00e9ctrica de Tornquist. Turismo, Pol\u00edtica, Sociedad, Deporte, Cultura y todo el contenido de inter\u00e9s general que la gente del pueblo y la regi\u00f3n debe conocer.\" \/>\n<meta name=\"robots\" content=\"index, follow, max-snippet:-1, max-image-preview:large, max-video-preview:-1\" \/>\n<link rel=\"canonical\" href=\"https:\/\/www.celttv.com.ar\/index.php\/2026\/01\/26\/el-hcd-convoco-a-sesion-extraordinaria-para-este-martes\/\" \/>\n<meta property=\"og:locale\" content=\"es_ES\" \/>\n<meta property=\"og:type\" content=\"article\" \/>\n<meta property=\"og:title\" content=\"El HCD. convoc\u00f3 a sesi\u00f3n extraordinaria para este martes - CELTTV\" \/>\n<meta property=\"og:description\" content=\"Sitio web de noticias de la localidad de Tornquist, provincia de Buenos Aires, Rep\u00fablica Argentina. Contenido propio originado por periodistas de CELTTV, el canal de TV local de la Cooperativa El\u00e9ctrica de Tornquist. Turismo, Pol\u00edtica, Sociedad, Deporte, Cultura y todo el contenido de inter\u00e9s general que la gente del pueblo y la regi\u00f3n debe conocer.\" \/>\n<meta property=\"og:url\" content=\"https:\/\/www.celttv.com.ar\/index.php\/2026\/01\/26\/el-hcd-convoco-a-sesion-extraordinaria-para-este-martes\/\" \/>\n<meta property=\"og:site_name\" content=\"CELTTV\" \/>\n<meta property=\"article:publisher\" content=\"https:\/\/www.facebook.com\/celtTV\/\" \/>\n<meta property=\"article:published_time\" content=\"2026-01-26T19:27:04+00:00\" \/>\n<meta property=\"og:image\" content=\"https:\/\/www.celttv.com.ar\/wp-content\/uploads\/2026\/01\/SESION-EXTRAORDINARIA-MARTES.jpg\" \/>\n\t<meta property=\"og:image:width\" content=\"940\" \/>\n\t<meta property=\"og:image:height\" content=\"788\" \/>\n\t<meta property=\"og:image:type\" content=\"image\/jpeg\" \/>\n<meta name=\"author\" content=\"Miguel Herrada\" \/>\n<meta name=\"twitter:card\" content=\"summary_large_image\" \/>\n<meta name=\"twitter:label1\" content=\"Escrito por\" \/>\n\t<meta name=\"twitter:data1\" content=\"Miguel Herrada\" \/>\n\t<meta name=\"twitter:label2\" content=\"Tiempo de lectura\" \/>\n\t<meta name=\"twitter:data2\" content=\"1 minuto\" \/>\n<script type=\"application\/ld+json\" class=\"yoast-schema-graph\">{\"@context\":\"https:\/\/schema.org\",\"@graph\":[{\"@type\":\"NewsArticle\",\"@id\":\"https:\/\/www.celttv.com.ar\/index.php\/2026\/01\/26\/el-hcd-convoco-a-sesion-extraordinaria-para-este-martes\/#article\",\"isPartOf\":{\"@id\":\"https:\/\/www.celttv.com.ar\/index.php\/2026\/01\/26\/el-hcd-convoco-a-sesion-extraordinaria-para-este-martes\/\"},\"author\":{\"name\":\"Miguel Herrada\",\"@id\":\"https:\/\/www.celttv.com.ar\/#\/schema\/person\/9059dc91dc7204ef4182cdb65225f07d\"},\"headline\":\"El HCD. convoc\u00f3 a sesi\u00f3n extraordinaria para este martes\",\"datePublished\":\"2026-01-26T19:27:04+00:00\",\"dateModified\":\"2026-01-26T19:27:04+00:00\",\"mainEntityOfPage\":{\"@id\":\"https:\/\/www.celttv.com.ar\/index.php\/2026\/01\/26\/el-hcd-convoco-a-sesion-extraordinaria-para-este-martes\/\"},\"wordCount\":240,\"publisher\":{\"@id\":\"https:\/\/www.celttv.com.ar\/#organization\"},\"articleSection\":[\"Municipales\"],\"inLanguage\":\"es\"},{\"@type\":\"WebPage\",\"@id\":\"https:\/\/www.celttv.com.ar\/index.php\/2026\/01\/26\/el-hcd-convoco-a-sesion-extraordinaria-para-este-martes\/\",\"url\":\"https:\/\/www.celttv.com.ar\/index.php\/2026\/01\/26\/el-hcd-convoco-a-sesion-extraordinaria-para-este-martes\/\",\"name\":\"El HCD. convoc\u00f3 a sesi\u00f3n extraordinaria para este martes - CELTTV\",\"isPartOf\":{\"@id\":\"https:\/\/www.celttv.com.ar\/#website\"},\"datePublished\":\"2026-01-26T19:27:04+00:00\",\"dateModified\":\"2026-01-26T19:27:04+00:00\",\"description\":\"Sitio web de noticias de la localidad de Tornquist, provincia de Buenos Aires, Rep\u00fablica Argentina. Contenido propio originado por periodistas de CELTTV, el canal de TV local de la Cooperativa El\u00e9ctrica de Tornquist. Turismo, Pol\u00edtica, Sociedad, Deporte, Cultura y todo el contenido de inter\u00e9s general que la gente del pueblo y la regi\u00f3n debe conocer.\",\"breadcrumb\":{\"@id\":\"https:\/\/www.celttv.com.ar\/index.php\/2026\/01\/26\/el-hcd-convoco-a-sesion-extraordinaria-para-este-martes\/#breadcrumb\"},\"inLanguage\":\"es\",\"potentialAction\":[{\"@type\":\"ReadAction\",\"target\":[\"https:\/\/www.celttv.com.ar\/index.php\/2026\/01\/26\/el-hcd-convoco-a-sesion-extraordinaria-para-este-martes\/\"]}]},{\"@type\":\"BreadcrumbList\",\"@id\":\"https:\/\/www.celttv.com.ar\/index.php\/2026\/01\/26\/el-hcd-convoco-a-sesion-extraordinaria-para-este-martes\/#breadcrumb\",\"itemListElement\":[{\"@type\":\"ListItem\",\"position\":1,\"name\":\"Inicio\",\"item\":\"https:\/\/www.celttv.com.ar\/\"},{\"@type\":\"ListItem\",\"position\":2,\"name\":\"El HCD. convoc\u00f3 a sesi\u00f3n extraordinaria para este martes\"}]},{\"@type\":\"WebSite\",\"@id\":\"https:\/\/www.celttv.com.ar\/#website\",\"url\":\"https:\/\/www.celttv.com.ar\/\",\"name\":\"CELTTV\",\"description\":\"Cooperativa El\u00e9ctrica de Tornquist\",\"publisher\":{\"@id\":\"https:\/\/www.celttv.com.ar\/#organization\"},\"potentialAction\":[{\"@type\":\"SearchAction\",\"target\":{\"@type\":\"EntryPoint\",\"urlTemplate\":\"https:\/\/www.celttv.com.ar\/?s={search_term_string}\"},\"query-input\":\"required name=search_term_string\"}],\"inLanguage\":\"es\"},{\"@type\":\"Organization\",\"@id\":\"https:\/\/www.celttv.com.ar\/#organization\",\"name\":\"CELTTV\",\"url\":\"https:\/\/www.celttv.com.ar\/\",\"sameAs\":[\"https:\/\/www.youtube.com\/channel\/UCz_oIt8Hig64Ub-EmcNPIhg\",\"https:\/\/www.facebook.com\/celtTV\/\"],\"logo\":{\"@type\":\"ImageObject\",\"inLanguage\":\"es\",\"@id\":\"https:\/\/www.celttv.com.ar\/#\/schema\/logo\/image\/\",\"url\":\"http:\/\/www.celttv.com.ar\/wp-content\/uploads\/2022\/08\/logo-1.png\",\"contentUrl\":\"http:\/\/www.celttv.com.ar\/wp-content\/uploads\/2022\/08\/logo-1.png\",\"width\":461,\"height\":159,\"caption\":\"CELTTV\"},\"image\":{\"@id\":\"https:\/\/www.celttv.com.ar\/#\/schema\/logo\/image\/\"}},{\"@type\":\"Person\",\"@id\":\"https:\/\/www.celttv.com.ar\/#\/schema\/person\/9059dc91dc7204ef4182cdb65225f07d\",\"name\":\"Miguel Herrada\",\"image\":{\"@type\":\"ImageObject\",\"inLanguage\":\"es\",\"@id\":\"https:\/\/www.celttv.com.ar\/#\/schema\/person\/image\/\",\"url\":\"https:\/\/secure.gravatar.com\/avatar\/67724d5b3c716623ffd76bec7e45841a442ac3b456e914dbba90b0fad2b8e0b1?s=96&d=mm&r=g\",\"contentUrl\":\"https:\/\/secure.gravatar.com\/avatar\/67724d5b3c716623ffd76bec7e45841a442ac3b456e914dbba90b0fad2b8e0b1?s=96&d=mm&r=g\",\"caption\":\"Miguel Herrada\"}}]}<\/script>\n<!-- \/ Yoast SEO plugin. -->","yoast_head_json":{"title":"El HCD. convoc\u00f3 a sesi\u00f3n extraordinaria para este martes - CELTTV","description":"Sitio web de noticias de la localidad de Tornquist, provincia de Buenos Aires, Rep\u00fablica Argentina. Contenido propio originado por periodistas de CELTTV, el canal de TV local de la Cooperativa El\u00e9ctrica de Tornquist. Turismo, Pol\u00edtica, Sociedad, Deporte, Cultura y todo el contenido de inter\u00e9s general que la gente del pueblo y la regi\u00f3n debe conocer.","robots":{"index":"index","follow":"follow","max-snippet":"max-snippet:-1","max-image-preview":"max-image-preview:large","max-video-preview":"max-video-preview:-1"},"canonical":"https:\/\/www.celttv.com.ar\/index.php\/2026\/01\/26\/el-hcd-convoco-a-sesion-extraordinaria-para-este-martes\/","og_locale":"es_ES","og_type":"article","og_title":"El HCD. convoc\u00f3 a sesi\u00f3n extraordinaria para este martes - CELTTV","og_description":"Sitio web de noticias de la localidad de Tornquist, provincia de Buenos Aires, Rep\u00fablica Argentina. Contenido propio originado por periodistas de CELTTV, el canal de TV local de la Cooperativa El\u00e9ctrica de Tornquist. Turismo, Pol\u00edtica, Sociedad, Deporte, Cultura y todo el contenido de inter\u00e9s general que la gente del pueblo y la regi\u00f3n debe conocer.","og_url":"https:\/\/www.celttv.com.ar\/index.php\/2026\/01\/26\/el-hcd-convoco-a-sesion-extraordinaria-para-este-martes\/","og_site_name":"CELTTV","article_publisher":"https:\/\/www.facebook.com\/celtTV\/","article_published_time":"2026-01-26T19:27:04+00:00","og_image":[{"width":940,"height":788,"url":"https:\/\/www.celttv.com.ar\/wp-content\/uploads\/2026\/01\/SESION-EXTRAORDINARIA-MARTES.jpg","type":"image\/jpeg"}],"author":"Miguel Herrada","twitter_card":"summary_large_image","twitter_misc":{"Escrito por":"Miguel Herrada","Tiempo de lectura":"1 minuto"},"schema":{"@context":"https:\/\/schema.org","@graph":[{"@type":"NewsArticle","@id":"https:\/\/www.celttv.com.ar\/index.php\/2026\/01\/26\/el-hcd-convoco-a-sesion-extraordinaria-para-este-martes\/#article","isPartOf":{"@id":"https:\/\/www.celttv.com.ar\/index.php\/2026\/01\/26\/el-hcd-convoco-a-sesion-extraordinaria-para-este-martes\/"},"author":{"name":"Miguel Herrada","@id":"https:\/\/www.celttv.com.ar\/#\/schema\/person\/9059dc91dc7204ef4182cdb65225f07d"},"headline":"El HCD. convoc\u00f3 a sesi\u00f3n extraordinaria para este martes","datePublished":"2026-01-26T19:27:04+00:00","dateModified":"2026-01-26T19:27:04+00:00","mainEntityOfPage":{"@id":"https:\/\/www.celttv.com.ar\/index.php\/2026\/01\/26\/el-hcd-convoco-a-sesion-extraordinaria-para-este-martes\/"},"wordCount":240,"publisher":{"@id":"https:\/\/www.celttv.com.ar\/#organization"},"articleSection":["Municipales"],"inLanguage":"es"},{"@type":"WebPage","@id":"https:\/\/www.celttv.com.ar\/index.php\/2026\/01\/26\/el-hcd-convoco-a-sesion-extraordinaria-para-este-martes\/","url":"https:\/\/www.celttv.com.ar\/index.php\/2026\/01\/26\/el-hcd-convoco-a-sesion-extraordinaria-para-este-martes\/","name":"El HCD. convoc\u00f3 a sesi\u00f3n extraordinaria para este martes - CELTTV","isPartOf":{"@id":"https:\/\/www.celttv.com.ar\/#website"},"datePublished":"2026-01-26T19:27:04+00:00","dateModified":"2026-01-26T19:27:04+00:00","description":"Sitio web de noticias de la localidad de Tornquist, provincia de Buenos Aires, Rep\u00fablica Argentina. Contenido propio originado por periodistas de CELTTV, el canal de TV local de la Cooperativa El\u00e9ctrica de Tornquist. Turismo, Pol\u00edtica, Sociedad, Deporte, Cultura y todo el contenido de inter\u00e9s general que la gente del pueblo y la regi\u00f3n debe conocer.","breadcrumb":{"@id":"https:\/\/www.celttv.com.ar\/index.php\/2026\/01\/26\/el-hcd-convoco-a-sesion-extraordinaria-para-este-martes\/#breadcrumb"},"inLanguage":"es","potentialAction":[{"@type":"ReadAction","target":["https:\/\/www.celttv.com.ar\/index.php\/2026\/01\/26\/el-hcd-convoco-a-sesion-extraordinaria-para-este-martes\/"]}]},{"@type":"BreadcrumbList","@id":"https:\/\/www.celttv.com.ar\/index.php\/2026\/01\/26\/el-hcd-convoco-a-sesion-extraordinaria-para-este-martes\/#breadcrumb","itemListElement":[{"@type":"ListItem","position":1,"name":"Inicio","item":"https:\/\/www.celttv.com.ar\/"},{"@type":"ListItem","position":2,"name":"El HCD. convoc\u00f3 a sesi\u00f3n extraordinaria para este martes"}]},{"@type":"WebSite","@id":"https:\/\/www.celttv.com.ar\/#website","url":"https:\/\/www.celttv.com.ar\/","name":"CELTTV","description":"Cooperativa El\u00e9ctrica de Tornquist","publisher":{"@id":"https:\/\/www.celttv.com.ar\/#organization"},"potentialAction":[{"@type":"SearchAction","target":{"@type":"EntryPoint","urlTemplate":"https:\/\/www.celttv.com.ar\/?s={search_term_string}"},"query-input":"required name=search_term_string"}],"inLanguage":"es"},{"@type":"Organization","@id":"https:\/\/www.celttv.com.ar\/#organization","name":"CELTTV","url":"https:\/\/www.celttv.com.ar\/","sameAs":["https:\/\/www.youtube.com\/channel\/UCz_oIt8Hig64Ub-EmcNPIhg","https:\/\/www.facebook.com\/celtTV\/"],"logo":{"@type":"ImageObject","inLanguage":"es","@id":"https:\/\/www.celttv.com.ar\/#\/schema\/logo\/image\/","url":"http:\/\/www.celttv.com.ar\/wp-content\/uploads\/2022\/08\/logo-1.png","contentUrl":"http:\/\/www.celttv.com.ar\/wp-content\/uploads\/2022\/08\/logo-1.png","width":461,"height":159,"caption":"CELTTV"},"image":{"@id":"https:\/\/www.celttv.com.ar\/#\/schema\/logo\/image\/"}},{"@type":"Person","@id":"https:\/\/www.celttv.com.ar\/#\/schema\/person\/9059dc91dc7204ef4182cdb65225f07d","name":"Miguel Herrada","image":{"@type":"ImageObject","inLanguage":"es","@id":"https:\/\/www.celttv.com.ar\/#\/schema\/person\/image\/","url":"https:\/\/secure.gravatar.com\/avatar\/67724d5b3c716623ffd76bec7e45841a442ac3b456e914dbba90b0fad2b8e0b1?s=96&d=mm&r=g","contentUrl":"https:\/\/secure.gravatar.com\/avatar\/67724d5b3c716623ffd76bec7e45841a442ac3b456e914dbba90b0fad2b8e0b1?s=96&d=mm&r=g","caption":"Miguel Herrada"}}]}},"_links":{"self":[{"href":"https:\/\/www.celttv.com.ar\/index.php\/wp-json\/wp\/v2\/posts\/91020","targetHints":{"allow":["GET"]}}],"collection":[{"href":"https:\/\/www.celttv.com.ar\/index.php\/wp-json\/wp\/v2\/posts"}],"about":[{"href":"https:\/\/www.celttv.com.ar\/index.php\/wp-json\/wp\/v2\/types\/post"}],"author":[{"embeddable":true,"href":"https:\/\/www.celttv.com.ar\/index.php\/wp-json\/wp\/v2\/users\/5"}],"replies":[{"embeddable":true,"href":"https:\/\/www.celttv.com.ar\/index.php\/wp-json\/wp\/v2\/comments?post=91020"}],"version-history":[{"count":1,"href":"https:\/\/www.celttv.com.ar\/index.php\/wp-json\/wp\/v2\/posts\/91020\/revisions"}],"predecessor-version":[{"id":91022,"href":"https:\/\/www.celttv.com.ar\/index.php\/wp-json\/wp\/v2\/posts\/91020\/revisions\/91022"}],"wp:featuredmedia":[{"embeddable":true,"href":"https:\/\/www.celttv.com.ar\/index.php\/wp-json\/wp\/v2\/media\/91021"}],"wp:attachment":[{"href":"https:\/\/www.celttv.com.ar\/index.php\/wp-json\/wp\/v2\/media?parent=91020"}],"wp:term":[{"taxonomy":"category","embeddable":true,"href":"https:\/\/www.celttv.com.ar\/index.php\/wp-json\/wp\/v2\/categories?post=91020"},{"taxonomy":"post_tag","embeddable":true,"href":"https:\/\/www.celttv.com.ar\/index.php\/wp-json\/wp\/v2\/tags?post=91020"}],"curies":[{"name":"wp","href":"https:\/\/api.w.org\/{rel}","templated":true}]}}