{"id":91027,"date":"2026-01-26T18:09:19","date_gmt":"2026-01-26T21:09:19","guid":{"rendered":"https:\/\/www.celttv.com.ar\/?p=91027"},"modified":"2026-01-26T18:19:10","modified_gmt":"2026-01-26T21:19:10","slug":"restauran-la-iglesia-santa-rosa-de-lima-avanza-una-obra-clave-para-recuperar-un-icono-de-tornquist","status":"publish","type":"post","link":"https:\/\/www.celttv.com.ar\/index.php\/2026\/01\/26\/restauran-la-iglesia-santa-rosa-de-lima-avanza-una-obra-clave-para-recuperar-un-icono-de-tornquist\/","title":{"rendered":"Restauran la Iglesia Santa Rosa de Lima: avanza una obra clave para recuperar un \u00edcono de Tornquist"},"content":{"rendered":"<p data-start=\"269\" data-end=\"631\">La empresa La Pantera Rosa, encabezada por Pablo Palavecino, lleva adelante un profundo trabajo de restauraci\u00f3n del hist\u00f3rico templo, que en abril cumplir\u00e1 119 a\u00f1os. Avances en iluminaci\u00f3n, recuperaci\u00f3n estructural y puesta en valor de sectores deteriorados forman parte de una obra que combina t\u00e9cnica, desaf\u00edo y un fuerte compromiso emocional con la comunidad.<\/p>\n<hr data-start=\"633\" data-end=\"636\" \/>\n<p data-start=\"638\" data-end=\"1004\">La restauraci\u00f3n de la Iglesia Santa Rosa de Lima contin\u00faa avanzando en Tornquist, en el marco de una obra compleja que apunta a recuperar uno de los edificios m\u00e1s emblem\u00e1ticos de la localidad. Los trabajos est\u00e1n a cargo de la empresa La Pantera Rosa, cuyo titular, Pablo Palavecino, brind\u00f3 detalles sobre las tareas realizadas y el significado que tiene el proyecto.<\/p>\n<p data-start=\"1006\" data-end=\"1385\">\u201cEst\u00e1 llevando tiempo porque hay mucho trabajo de restauraci\u00f3n, pero de a poco se va logrando\u201d, explic\u00f3 Palavecino. Uno de los avances m\u00e1s importantes fue la instalaci\u00f3n el\u00e9ctrica en la c\u00fapula. \u201cHab\u00eda una luz, pero encontramos cables muy deteriorados, pelados, que generaban cortocircuitos. Se hizo toda la instalaci\u00f3n nueva y se coloc\u00f3 iluminaci\u00f3n totalmente renovada\u201d, detall\u00f3.<\/p>\n<p data-start=\"1387\" data-end=\"1713\">Actualmente, los trabajos se concentran en la restauraci\u00f3n de pisos e interior de la torre, adem\u00e1s de la iluminaci\u00f3n exterior. \u201cYa se colocaron casi todos los spots, y en breve la c\u00fapula va a quedar completamente iluminada. Luego faltar\u00e1 reponer vidrios en algunas aberturas para que la luz se proyecte como queremos\u201d, agreg\u00f3.<\/p>\n<p data-start=\"1715\" data-end=\"2172\">Palavecino reconoci\u00f3 que aceptar la obra fue un verdadero desaf\u00edo. \u201cEsto, por l\u00f3gica, requiere armar una estructura desde cero, revisar todo el edificio y reci\u00e9n despu\u00e9s hacer un diagn\u00f3stico. Nosotros arrancamos sin saber con qu\u00e9 nos \u00edbamos a encontrar. Imagin\u00e1bamos algunas complicaciones, pero hubo sorpresas mayores\u201d, afirm\u00f3. Aun as\u00ed, destac\u00f3 el acompa\u00f1amiento del equipo de trabajo y el aprendizaje que implic\u00f3 intervenir en una construcci\u00f3n centenaria.<\/p>\n<p data-start=\"2174\" data-end=\"2478\">La Iglesia Santa Rosa de Lima cumplir\u00e1 119 a\u00f1os el pr\u00f3ximo 26 de abril, y el objetivo es que llegue a esa fecha \u2014y a Semana Santa\u2014 en condiciones de ser disfrutada por la comunidad. \u201cSer\u00eda muy lindo que est\u00e9 terminada para su aniversario. Si todo sale bien, creemos que va a estar incluso antes\u201d, se\u00f1al\u00f3.<\/p>\n<p data-start=\"2480\" data-end=\"2842\">M\u00e1s all\u00e1 del aspecto profesional, Palavecino remarc\u00f3 el costado emocional de la obra. \u201cEs un orgullo personal y grupal. Lo hacemos con pasi\u00f3n, porque es algo \u00fanico para Tornquist y para toda la regi\u00f3n. Es impresionante la cantidad de gente que se acerca, que pregunta, que quiere saber c\u00f3mo est\u00e1 hecha, de qu\u00e9 a\u00f1o es. Eso te va involucrando cada vez m\u00e1s\u201d, cont\u00f3.<\/p>\n<p data-start=\"2844\" data-end=\"3076\">En ese sentido, subray\u00f3 que el valor del trabajo excede lo econ\u00f3mico. \u201cLos n\u00fameros pasan a un costado. Esto es algo que llevamos por dentro. Me agarr\u00f3 una pasi\u00f3n por dejarla como corresponde, para que dure muchos a\u00f1os m\u00e1s\u201d, expres\u00f3.<\/p>\n<p data-start=\"3078\" data-end=\"3334\">La obra transita su etapa final. Restan trabajos en los techos principales, molduras muy erosionadas y detalles de terminaci\u00f3n. \u201cQueda poco. Una vez finalizada la iluminaci\u00f3n y colocados los vidrios, se podr\u00e1 limpiar todo y habilitar la iglesia\u201d, anticip\u00f3.<\/p>\n<p data-start=\"3336\" data-end=\"3533\">Finalmente, Palavecino agradeci\u00f3 el acompa\u00f1amiento y la difusi\u00f3n del proceso: \u201cEs importante que la comunidad sepa qu\u00e9 se est\u00e1 haciendo y por qu\u00e9 lleva tiempo. Es una obra trascendente para todos\u201d.<\/p>\n<p data-start=\"3336\" data-end=\"3533\">FOTOS: gentileza PABLO PALAVECINO<\/p>\n<p><iframe loading=\"lazy\" title=\"PABLO PALAVECINO   IGLESIA SANTA ROSA DE LIMA\" width=\"500\" height=\"281\" src=\"https:\/\/www.youtube.com\/embed\/CfrQuNGAYrE?feature=oembed\" frameborder=\"0\" allow=\"accelerometer; autoplay; clipboard-write; encrypted-media; gyroscope; picture-in-picture; web-share\" referrerpolicy=\"strict-origin-when-cross-origin\" allowfullscreen><\/iframe><\/p>\n<p><img loading=\"lazy\" decoding=\"async\" class=\"alignnone wp-image-91028 size-large\" src=\"https:\/\/www.celttv.com.ar\/wp-content\/uploads\/2026\/01\/1-4-576x1024.jpg\" alt=\"\" width=\"576\" height=\"1024\" srcset=\"https:\/\/www.celttv.com.ar\/wp-content\/uploads\/2026\/01\/1-4-576x1024.jpg 576w, https:\/\/www.celttv.com.ar\/wp-content\/uploads\/2026\/01\/1-4-169x300.jpg 169w, https:\/\/www.celttv.com.ar\/wp-content\/uploads\/2026\/01\/1-4.jpg 720w\" sizes=\"auto, (max-width: 576px) 100vw, 576px\" \/> <img loading=\"lazy\" decoding=\"async\" class=\"alignnone wp-image-91029 size-large\" src=\"https:\/\/www.celttv.com.ar\/wp-content\/uploads\/2026\/01\/2-4-768x1024.jpg\" alt=\"\" width=\"768\" height=\"1024\" srcset=\"https:\/\/www.celttv.com.ar\/wp-content\/uploads\/2026\/01\/2-4-768x1024.jpg 768w, https:\/\/www.celttv.com.ar\/wp-content\/uploads\/2026\/01\/2-4-225x300.jpg 225w, https:\/\/www.celttv.com.ar\/wp-content\/uploads\/2026\/01\/2-4-750x1000.jpg 750w, https:\/\/www.celttv.com.ar\/wp-content\/uploads\/2026\/01\/2-4.jpg 960w\" sizes=\"auto, (max-width: 768px) 100vw, 768px\" \/> <img loading=\"lazy\" decoding=\"async\" class=\"alignnone wp-image-91030 size-large\" src=\"https:\/\/www.celttv.com.ar\/wp-content\/uploads\/2026\/01\/3-3-768x1024.jpg\" alt=\"\" width=\"768\" height=\"1024\" srcset=\"https:\/\/www.celttv.com.ar\/wp-content\/uploads\/2026\/01\/3-3-768x1024.jpg 768w, https:\/\/www.celttv.com.ar\/wp-content\/uploads\/2026\/01\/3-3-225x300.jpg 225w, https:\/\/www.celttv.com.ar\/wp-content\/uploads\/2026\/01\/3-3-750x1000.jpg 750w, https:\/\/www.celttv.com.ar\/wp-content\/uploads\/2026\/01\/3-3.jpg 960w\" sizes=\"auto, (max-width: 768px) 100vw, 768px\" \/> <img loading=\"lazy\" decoding=\"async\" class=\"alignnone wp-image-91031 size-large\" src=\"https:\/\/www.celttv.com.ar\/wp-content\/uploads\/2026\/01\/4-1-768x1024.jpg\" alt=\"\" width=\"768\" height=\"1024\" srcset=\"https:\/\/www.celttv.com.ar\/wp-content\/uploads\/2026\/01\/4-1-768x1024.jpg 768w, https:\/\/www.celttv.com.ar\/wp-content\/uploads\/2026\/01\/4-1-225x300.jpg 225w, https:\/\/www.celttv.com.ar\/wp-content\/uploads\/2026\/01\/4-1-750x1000.jpg 750w, https:\/\/www.celttv.com.ar\/wp-content\/uploads\/2026\/01\/4-1.jpg 960w\" sizes=\"auto, (max-width: 768px) 100vw, 768px\" \/> <img loading=\"lazy\" decoding=\"async\" class=\"alignnone wp-image-91032 size-large\" src=\"https:\/\/www.celttv.com.ar\/wp-content\/uploads\/2026\/01\/5-768x1024.jpg\" alt=\"\" width=\"768\" height=\"1024\" srcset=\"https:\/\/www.celttv.com.ar\/wp-content\/uploads\/2026\/01\/5-768x1024.jpg 768w, https:\/\/www.celttv.com.ar\/wp-content\/uploads\/2026\/01\/5-225x300.jpg 225w, https:\/\/www.celttv.com.ar\/wp-content\/uploads\/2026\/01\/5-750x1000.jpg 750w, https:\/\/www.celttv.com.ar\/wp-content\/uploads\/2026\/01\/5.jpg 960w\" sizes=\"auto, (max-width: 768px) 100vw, 768px\" \/> <img loading=\"lazy\" decoding=\"async\" class=\"alignnone wp-image-91033 size-large\" src=\"https:\/\/www.celttv.com.ar\/wp-content\/uploads\/2026\/01\/6-768x1024.jpg\" alt=\"\" width=\"768\" height=\"1024\" srcset=\"https:\/\/www.celttv.com.ar\/wp-content\/uploads\/2026\/01\/6-768x1024.jpg 768w, https:\/\/www.celttv.com.ar\/wp-content\/uploads\/2026\/01\/6-225x300.jpg 225w, https:\/\/www.celttv.com.ar\/wp-content\/uploads\/2026\/01\/6-750x1000.jpg 750w, https:\/\/www.celttv.com.ar\/wp-content\/uploads\/2026\/01\/6.jpg 960w\" sizes=\"auto, (max-width: 768px) 100vw, 768px\" \/> <img loading=\"lazy\" decoding=\"async\" class=\"alignnone wp-image-91034 size-large\" src=\"https:\/\/www.celttv.com.ar\/wp-content\/uploads\/2026\/01\/7-768x1024.jpg\" alt=\"\" width=\"768\" height=\"1024\" srcset=\"https:\/\/www.celttv.com.ar\/wp-content\/uploads\/2026\/01\/7-768x1024.jpg 768w, https:\/\/www.celttv.com.ar\/wp-content\/uploads\/2026\/01\/7-225x300.jpg 225w, https:\/\/www.celttv.com.ar\/wp-content\/uploads\/2026\/01\/7-750x1000.jpg 750w, https:\/\/www.celttv.com.ar\/wp-content\/uploads\/2026\/01\/7.jpg 960w\" sizes=\"auto, (max-width: 768px) 100vw, 768px\" \/> <img loading=\"lazy\" decoding=\"async\" class=\"alignnone wp-image-91035 size-large\" src=\"https:\/\/www.celttv.com.ar\/wp-content\/uploads\/2026\/01\/8-768x1024.jpg\" alt=\"\" width=\"768\" height=\"1024\" srcset=\"https:\/\/www.celttv.com.ar\/wp-content\/uploads\/2026\/01\/8-768x1024.jpg 768w, https:\/\/www.celttv.com.ar\/wp-content\/uploads\/2026\/01\/8-225x300.jpg 225w, https:\/\/www.celttv.com.ar\/wp-content\/uploads\/2026\/01\/8-750x1000.jpg 750w, https:\/\/www.celttv.com.ar\/wp-content\/uploads\/2026\/01\/8.jpg 960w\" sizes=\"auto, (max-width: 768px) 100vw, 768px\" \/><\/p>\n","protected":false},"excerpt":{"rendered":"<p>La empresa La Pantera Rosa, encabezada por Pablo Palavecino, lleva adelante un profundo trabajo de restauraci\u00f3n del hist\u00f3rico templo, que en abril cumplir\u00e1 119 a\u00f1os. Avances en iluminaci\u00f3n, recuperaci\u00f3n estructural y puesta en valor de sectores deteriorados forman parte de una obra que combina t\u00e9cnica, desaf\u00edo y un fuerte compromiso emocional con la comunidad. La [&hellip;]<\/p>\n","protected":false},"author":5,"featured_media":91029,"comment_status":"closed","ping_status":"closed","sticky":false,"template":"","format":"standard","meta":{"footnotes":""},"categories":[1],"tags":[],"class_list":["post-91027","post","type-post","status-publish","format-standard","has-post-thumbnail","hentry","category-sin-categoria"],"yoast_head":"<!-- This site is optimized with the Yoast SEO plugin v19.7.1 - https:\/\/yoast.com\/wordpress\/plugins\/seo\/ -->\n<title>Restauran la Iglesia Santa Rosa de Lima: avanza una obra clave para recuperar un \u00edcono de Tornquist - CELTTV<\/title>\n<meta name=\"description\" content=\"Sitio web de noticias de la localidad de Tornquist, provincia de Buenos Aires, Rep\u00fablica Argentina. Contenido propio originado por periodistas de CELTTV, el canal de TV local de la Cooperativa El\u00e9ctrica de Tornquist. Turismo, Pol\u00edtica, Sociedad, Deporte, Cultura y todo el contenido de inter\u00e9s general que la gente del pueblo y la regi\u00f3n debe conocer.\" \/>\n<meta name=\"robots\" content=\"index, follow, max-snippet:-1, max-image-preview:large, max-video-preview:-1\" \/>\n<link rel=\"canonical\" href=\"https:\/\/www.celttv.com.ar\/index.php\/2026\/01\/26\/restauran-la-iglesia-santa-rosa-de-lima-avanza-una-obra-clave-para-recuperar-un-icono-de-tornquist\/\" \/>\n<meta property=\"og:locale\" content=\"es_ES\" \/>\n<meta property=\"og:type\" content=\"article\" \/>\n<meta property=\"og:title\" content=\"Restauran la Iglesia Santa Rosa de Lima: avanza una obra clave para recuperar un \u00edcono de Tornquist - CELTTV\" \/>\n<meta property=\"og:description\" content=\"Sitio web de noticias de la localidad de Tornquist, provincia de Buenos Aires, Rep\u00fablica Argentina. Contenido propio originado por periodistas de CELTTV, el canal de TV local de la Cooperativa El\u00e9ctrica de Tornquist. Turismo, Pol\u00edtica, Sociedad, Deporte, Cultura y todo el contenido de inter\u00e9s general que la gente del pueblo y la regi\u00f3n debe conocer.\" \/>\n<meta property=\"og:url\" content=\"https:\/\/www.celttv.com.ar\/index.php\/2026\/01\/26\/restauran-la-iglesia-santa-rosa-de-lima-avanza-una-obra-clave-para-recuperar-un-icono-de-tornquist\/\" \/>\n<meta property=\"og:site_name\" content=\"CELTTV\" \/>\n<meta property=\"article:publisher\" content=\"https:\/\/www.facebook.com\/celtTV\/\" \/>\n<meta property=\"article:published_time\" content=\"2026-01-26T21:09:19+00:00\" \/>\n<meta property=\"article:modified_time\" content=\"2026-01-26T21:19:10+00:00\" \/>\n<meta property=\"og:image\" content=\"https:\/\/www.celttv.com.ar\/wp-content\/uploads\/2026\/01\/2-4.jpg\" \/>\n\t<meta property=\"og:image:width\" content=\"960\" \/>\n\t<meta property=\"og:image:height\" content=\"1280\" \/>\n\t<meta property=\"og:image:type\" content=\"image\/jpeg\" \/>\n<meta name=\"author\" content=\"Miguel Herrada\" \/>\n<meta name=\"twitter:card\" content=\"summary_large_image\" \/>\n<meta name=\"twitter:label1\" content=\"Escrito por\" \/>\n\t<meta name=\"twitter:data1\" content=\"Miguel Herrada\" \/>\n\t<meta name=\"twitter:label2\" content=\"Tiempo de lectura\" \/>\n\t<meta name=\"twitter:data2\" content=\"3 minutos\" \/>\n<script type=\"application\/ld+json\" class=\"yoast-schema-graph\">{\"@context\":\"https:\/\/schema.org\",\"@graph\":[{\"@type\":\"NewsArticle\",\"@id\":\"https:\/\/www.celttv.com.ar\/index.php\/2026\/01\/26\/restauran-la-iglesia-santa-rosa-de-lima-avanza-una-obra-clave-para-recuperar-un-icono-de-tornquist\/#article\",\"isPartOf\":{\"@id\":\"https:\/\/www.celttv.com.ar\/index.php\/2026\/01\/26\/restauran-la-iglesia-santa-rosa-de-lima-avanza-una-obra-clave-para-recuperar-un-icono-de-tornquist\/\"},\"author\":{\"name\":\"Miguel Herrada\",\"@id\":\"https:\/\/www.celttv.com.ar\/#\/schema\/person\/9059dc91dc7204ef4182cdb65225f07d\"},\"headline\":\"Restauran la Iglesia Santa Rosa de Lima: avanza una obra clave para recuperar un \u00edcono de Tornquist\",\"datePublished\":\"2026-01-26T21:09:19+00:00\",\"dateModified\":\"2026-01-26T21:19:10+00:00\",\"mainEntityOfPage\":{\"@id\":\"https:\/\/www.celttv.com.ar\/index.php\/2026\/01\/26\/restauran-la-iglesia-santa-rosa-de-lima-avanza-una-obra-clave-para-recuperar-un-icono-de-tornquist\/\"},\"wordCount\":592,\"publisher\":{\"@id\":\"https:\/\/www.celttv.com.ar\/#organization\"},\"inLanguage\":\"es\"},{\"@type\":\"WebPage\",\"@id\":\"https:\/\/www.celttv.com.ar\/index.php\/2026\/01\/26\/restauran-la-iglesia-santa-rosa-de-lima-avanza-una-obra-clave-para-recuperar-un-icono-de-tornquist\/\",\"url\":\"https:\/\/www.celttv.com.ar\/index.php\/2026\/01\/26\/restauran-la-iglesia-santa-rosa-de-lima-avanza-una-obra-clave-para-recuperar-un-icono-de-tornquist\/\",\"name\":\"Restauran la Iglesia Santa Rosa de Lima: avanza una obra clave para recuperar un \u00edcono de Tornquist - CELTTV\",\"isPartOf\":{\"@id\":\"https:\/\/www.celttv.com.ar\/#website\"},\"datePublished\":\"2026-01-26T21:09:19+00:00\",\"dateModified\":\"2026-01-26T21:19:10+00:00\",\"description\":\"Sitio web de noticias de la localidad de Tornquist, provincia de Buenos Aires, Rep\u00fablica Argentina. Contenido propio originado por periodistas de CELTTV, el canal de TV local de la Cooperativa El\u00e9ctrica de Tornquist. Turismo, Pol\u00edtica, Sociedad, Deporte, Cultura y todo el contenido de inter\u00e9s general que la gente del pueblo y la regi\u00f3n debe conocer.\",\"breadcrumb\":{\"@id\":\"https:\/\/www.celttv.com.ar\/index.php\/2026\/01\/26\/restauran-la-iglesia-santa-rosa-de-lima-avanza-una-obra-clave-para-recuperar-un-icono-de-tornquist\/#breadcrumb\"},\"inLanguage\":\"es\",\"potentialAction\":[{\"@type\":\"ReadAction\",\"target\":[\"https:\/\/www.celttv.com.ar\/index.php\/2026\/01\/26\/restauran-la-iglesia-santa-rosa-de-lima-avanza-una-obra-clave-para-recuperar-un-icono-de-tornquist\/\"]}]},{\"@type\":\"BreadcrumbList\",\"@id\":\"https:\/\/www.celttv.com.ar\/index.php\/2026\/01\/26\/restauran-la-iglesia-santa-rosa-de-lima-avanza-una-obra-clave-para-recuperar-un-icono-de-tornquist\/#breadcrumb\",\"itemListElement\":[{\"@type\":\"ListItem\",\"position\":1,\"name\":\"Inicio\",\"item\":\"https:\/\/www.celttv.com.ar\/\"},{\"@type\":\"ListItem\",\"position\":2,\"name\":\"Restauran la Iglesia Santa Rosa de Lima: avanza una obra clave para recuperar un \u00edcono de Tornquist\"}]},{\"@type\":\"WebSite\",\"@id\":\"https:\/\/www.celttv.com.ar\/#website\",\"url\":\"https:\/\/www.celttv.com.ar\/\",\"name\":\"CELTTV\",\"description\":\"Cooperativa El\u00e9ctrica de Tornquist\",\"publisher\":{\"@id\":\"https:\/\/www.celttv.com.ar\/#organization\"},\"potentialAction\":[{\"@type\":\"SearchAction\",\"target\":{\"@type\":\"EntryPoint\",\"urlTemplate\":\"https:\/\/www.celttv.com.ar\/?s={search_term_string}\"},\"query-input\":\"required name=search_term_string\"}],\"inLanguage\":\"es\"},{\"@type\":\"Organization\",\"@id\":\"https:\/\/www.celttv.com.ar\/#organization\",\"name\":\"CELTTV\",\"url\":\"https:\/\/www.celttv.com.ar\/\",\"sameAs\":[\"https:\/\/www.youtube.com\/channel\/UCz_oIt8Hig64Ub-EmcNPIhg\",\"https:\/\/www.facebook.com\/celtTV\/\"],\"logo\":{\"@type\":\"ImageObject\",\"inLanguage\":\"es\",\"@id\":\"https:\/\/www.celttv.com.ar\/#\/schema\/logo\/image\/\",\"url\":\"http:\/\/www.celttv.com.ar\/wp-content\/uploads\/2022\/08\/logo-1.png\",\"contentUrl\":\"http:\/\/www.celttv.com.ar\/wp-content\/uploads\/2022\/08\/logo-1.png\",\"width\":461,\"height\":159,\"caption\":\"CELTTV\"},\"image\":{\"@id\":\"https:\/\/www.celttv.com.ar\/#\/schema\/logo\/image\/\"}},{\"@type\":\"Person\",\"@id\":\"https:\/\/www.celttv.com.ar\/#\/schema\/person\/9059dc91dc7204ef4182cdb65225f07d\",\"name\":\"Miguel Herrada\",\"image\":{\"@type\":\"ImageObject\",\"inLanguage\":\"es\",\"@id\":\"https:\/\/www.celttv.com.ar\/#\/schema\/person\/image\/\",\"url\":\"https:\/\/secure.gravatar.com\/avatar\/67724d5b3c716623ffd76bec7e45841a442ac3b456e914dbba90b0fad2b8e0b1?s=96&d=mm&r=g\",\"contentUrl\":\"https:\/\/secure.gravatar.com\/avatar\/67724d5b3c716623ffd76bec7e45841a442ac3b456e914dbba90b0fad2b8e0b1?s=96&d=mm&r=g\",\"caption\":\"Miguel Herrada\"}}]}<\/script>\n<!-- \/ Yoast SEO plugin. -->","yoast_head_json":{"title":"Restauran la Iglesia Santa Rosa de Lima: avanza una obra clave para recuperar un \u00edcono de Tornquist - CELTTV","description":"Sitio web de noticias de la localidad de Tornquist, provincia de Buenos Aires, Rep\u00fablica Argentina. Contenido propio originado por periodistas de CELTTV, el canal de TV local de la Cooperativa El\u00e9ctrica de Tornquist. Turismo, Pol\u00edtica, Sociedad, Deporte, Cultura y todo el contenido de inter\u00e9s general que la gente del pueblo y la regi\u00f3n debe conocer.","robots":{"index":"index","follow":"follow","max-snippet":"max-snippet:-1","max-image-preview":"max-image-preview:large","max-video-preview":"max-video-preview:-1"},"canonical":"https:\/\/www.celttv.com.ar\/index.php\/2026\/01\/26\/restauran-la-iglesia-santa-rosa-de-lima-avanza-una-obra-clave-para-recuperar-un-icono-de-tornquist\/","og_locale":"es_ES","og_type":"article","og_title":"Restauran la Iglesia Santa Rosa de Lima: avanza una obra clave para recuperar un \u00edcono de Tornquist - CELTTV","og_description":"Sitio web de noticias de la localidad de Tornquist, provincia de Buenos Aires, Rep\u00fablica Argentina. Contenido propio originado por periodistas de CELTTV, el canal de TV local de la Cooperativa El\u00e9ctrica de Tornquist. Turismo, Pol\u00edtica, Sociedad, Deporte, Cultura y todo el contenido de inter\u00e9s general que la gente del pueblo y la regi\u00f3n debe conocer.","og_url":"https:\/\/www.celttv.com.ar\/index.php\/2026\/01\/26\/restauran-la-iglesia-santa-rosa-de-lima-avanza-una-obra-clave-para-recuperar-un-icono-de-tornquist\/","og_site_name":"CELTTV","article_publisher":"https:\/\/www.facebook.com\/celtTV\/","article_published_time":"2026-01-26T21:09:19+00:00","article_modified_time":"2026-01-26T21:19:10+00:00","og_image":[{"width":960,"height":1280,"url":"https:\/\/www.celttv.com.ar\/wp-content\/uploads\/2026\/01\/2-4.jpg","type":"image\/jpeg"}],"author":"Miguel Herrada","twitter_card":"summary_large_image","twitter_misc":{"Escrito por":"Miguel Herrada","Tiempo de lectura":"3 minutos"},"schema":{"@context":"https:\/\/schema.org","@graph":[{"@type":"NewsArticle","@id":"https:\/\/www.celttv.com.ar\/index.php\/2026\/01\/26\/restauran-la-iglesia-santa-rosa-de-lima-avanza-una-obra-clave-para-recuperar-un-icono-de-tornquist\/#article","isPartOf":{"@id":"https:\/\/www.celttv.com.ar\/index.php\/2026\/01\/26\/restauran-la-iglesia-santa-rosa-de-lima-avanza-una-obra-clave-para-recuperar-un-icono-de-tornquist\/"},"author":{"name":"Miguel Herrada","@id":"https:\/\/www.celttv.com.ar\/#\/schema\/person\/9059dc91dc7204ef4182cdb65225f07d"},"headline":"Restauran la Iglesia Santa Rosa de Lima: avanza una obra clave para recuperar un \u00edcono de Tornquist","datePublished":"2026-01-26T21:09:19+00:00","dateModified":"2026-01-26T21:19:10+00:00","mainEntityOfPage":{"@id":"https:\/\/www.celttv.com.ar\/index.php\/2026\/01\/26\/restauran-la-iglesia-santa-rosa-de-lima-avanza-una-obra-clave-para-recuperar-un-icono-de-tornquist\/"},"wordCount":592,"publisher":{"@id":"https:\/\/www.celttv.com.ar\/#organization"},"inLanguage":"es"},{"@type":"WebPage","@id":"https:\/\/www.celttv.com.ar\/index.php\/2026\/01\/26\/restauran-la-iglesia-santa-rosa-de-lima-avanza-una-obra-clave-para-recuperar-un-icono-de-tornquist\/","url":"https:\/\/www.celttv.com.ar\/index.php\/2026\/01\/26\/restauran-la-iglesia-santa-rosa-de-lima-avanza-una-obra-clave-para-recuperar-un-icono-de-tornquist\/","name":"Restauran la Iglesia Santa Rosa de Lima: avanza una obra clave para recuperar un \u00edcono de Tornquist - CELTTV","isPartOf":{"@id":"https:\/\/www.celttv.com.ar\/#website"},"datePublished":"2026-01-26T21:09:19+00:00","dateModified":"2026-01-26T21:19:10+00:00","description":"Sitio web de noticias de la localidad de Tornquist, provincia de Buenos Aires, Rep\u00fablica Argentina. Contenido propio originado por periodistas de CELTTV, el canal de TV local de la Cooperativa El\u00e9ctrica de Tornquist. Turismo, Pol\u00edtica, Sociedad, Deporte, Cultura y todo el contenido de inter\u00e9s general que la gente del pueblo y la regi\u00f3n debe conocer.","breadcrumb":{"@id":"https:\/\/www.celttv.com.ar\/index.php\/2026\/01\/26\/restauran-la-iglesia-santa-rosa-de-lima-avanza-una-obra-clave-para-recuperar-un-icono-de-tornquist\/#breadcrumb"},"inLanguage":"es","potentialAction":[{"@type":"ReadAction","target":["https:\/\/www.celttv.com.ar\/index.php\/2026\/01\/26\/restauran-la-iglesia-santa-rosa-de-lima-avanza-una-obra-clave-para-recuperar-un-icono-de-tornquist\/"]}]},{"@type":"BreadcrumbList","@id":"https:\/\/www.celttv.com.ar\/index.php\/2026\/01\/26\/restauran-la-iglesia-santa-rosa-de-lima-avanza-una-obra-clave-para-recuperar-un-icono-de-tornquist\/#breadcrumb","itemListElement":[{"@type":"ListItem","position":1,"name":"Inicio","item":"https:\/\/www.celttv.com.ar\/"},{"@type":"ListItem","position":2,"name":"Restauran la Iglesia Santa Rosa de Lima: avanza una obra clave para recuperar un \u00edcono de Tornquist"}]},{"@type":"WebSite","@id":"https:\/\/www.celttv.com.ar\/#website","url":"https:\/\/www.celttv.com.ar\/","name":"CELTTV","description":"Cooperativa El\u00e9ctrica de Tornquist","publisher":{"@id":"https:\/\/www.celttv.com.ar\/#organization"},"potentialAction":[{"@type":"SearchAction","target":{"@type":"EntryPoint","urlTemplate":"https:\/\/www.celttv.com.ar\/?s={search_term_string}"},"query-input":"required name=search_term_string"}],"inLanguage":"es"},{"@type":"Organization","@id":"https:\/\/www.celttv.com.ar\/#organization","name":"CELTTV","url":"https:\/\/www.celttv.com.ar\/","sameAs":["https:\/\/www.youtube.com\/channel\/UCz_oIt8Hig64Ub-EmcNPIhg","https:\/\/www.facebook.com\/celtTV\/"],"logo":{"@type":"ImageObject","inLanguage":"es","@id":"https:\/\/www.celttv.com.ar\/#\/schema\/logo\/image\/","url":"http:\/\/www.celttv.com.ar\/wp-content\/uploads\/2022\/08\/logo-1.png","contentUrl":"http:\/\/www.celttv.com.ar\/wp-content\/uploads\/2022\/08\/logo-1.png","width":461,"height":159,"caption":"CELTTV"},"image":{"@id":"https:\/\/www.celttv.com.ar\/#\/schema\/logo\/image\/"}},{"@type":"Person","@id":"https:\/\/www.celttv.com.ar\/#\/schema\/person\/9059dc91dc7204ef4182cdb65225f07d","name":"Miguel Herrada","image":{"@type":"ImageObject","inLanguage":"es","@id":"https:\/\/www.celttv.com.ar\/#\/schema\/person\/image\/","url":"https:\/\/secure.gravatar.com\/avatar\/67724d5b3c716623ffd76bec7e45841a442ac3b456e914dbba90b0fad2b8e0b1?s=96&d=mm&r=g","contentUrl":"https:\/\/secure.gravatar.com\/avatar\/67724d5b3c716623ffd76bec7e45841a442ac3b456e914dbba90b0fad2b8e0b1?s=96&d=mm&r=g","caption":"Miguel Herrada"}}]}},"_links":{"self":[{"href":"https:\/\/www.celttv.com.ar\/index.php\/wp-json\/wp\/v2\/posts\/91027","targetHints":{"allow":["GET"]}}],"collection":[{"href":"https:\/\/www.celttv.com.ar\/index.php\/wp-json\/wp\/v2\/posts"}],"about":[{"href":"https:\/\/www.celttv.com.ar\/index.php\/wp-json\/wp\/v2\/types\/post"}],"author":[{"embeddable":true,"href":"https:\/\/www.celttv.com.ar\/index.php\/wp-json\/wp\/v2\/users\/5"}],"replies":[{"embeddable":true,"href":"https:\/\/www.celttv.com.ar\/index.php\/wp-json\/wp\/v2\/comments?post=91027"}],"version-history":[{"count":1,"href":"https:\/\/www.celttv.com.ar\/index.php\/wp-json\/wp\/v2\/posts\/91027\/revisions"}],"predecessor-version":[{"id":91036,"href":"https:\/\/www.celttv.com.ar\/index.php\/wp-json\/wp\/v2\/posts\/91027\/revisions\/91036"}],"wp:featuredmedia":[{"embeddable":true,"href":"https:\/\/www.celttv.com.ar\/index.php\/wp-json\/wp\/v2\/media\/91029"}],"wp:attachment":[{"href":"https:\/\/www.celttv.com.ar\/index.php\/wp-json\/wp\/v2\/media?parent=91027"}],"wp:term":[{"taxonomy":"category","embeddable":true,"href":"https:\/\/www.celttv.com.ar\/index.php\/wp-json\/wp\/v2\/categories?post=91027"},{"taxonomy":"post_tag","embeddable":true,"href":"https:\/\/www.celttv.com.ar\/index.php\/wp-json\/wp\/v2\/tags?post=91027"}],"curies":[{"name":"wp","href":"https:\/\/api.w.org\/{rel}","templated":true}]}}