{"id":91039,"date":"2026-01-27T17:04:41","date_gmt":"2026-01-27T20:04:41","guid":{"rendered":"https:\/\/www.celttv.com.ar\/?p=91039"},"modified":"2026-01-27T17:04:54","modified_gmt":"2026-01-27T20:04:54","slug":"arba-detecto-110-mil-metros-cuadrados-sin-declarar-en-pinamar-y-carilo","status":"publish","type":"post","link":"https:\/\/www.celttv.com.ar\/index.php\/2026\/01\/27\/arba-detecto-110-mil-metros-cuadrados-sin-declarar-en-pinamar-y-carilo\/","title":{"rendered":"ARBA detect\u00f3\u00a0110 mil metros cuadrados sin declarar\u00a0en Pinamar y Caril\u00f3"},"content":{"rendered":"<p><b>ARBA detect\u00f3\u00a0<strong>110 mil metros cuadrados sin declarar<\/strong>\u00a0en Pinamar y Caril\u00f3<\/b><\/p>\n<ul>\n<li>Se trata de\u00a0<b>m<\/b><strong>\u00e1s de 200 casas de lujo y 25 edificios<\/strong>\u00a0registrados como bald\u00edos.<\/li>\n<li>Las irregularidades se concentran en\u00a0<strong>countries, barrios cerrados y desarrollos inmobiliarios de alta gama<\/strong>.<\/li>\n<li>Casos destacados incluyen\u00a0<strong>edificios en altura en Pinamar<\/strong>\u00a0con miles de metros cuadrados no declarados.<\/li>\n<li>ARBA notific\u00f3 a responsables para\u00a0<strong>regularizar la situaci\u00f3n fiscal<\/strong>.<\/li>\n<li>El valor de mercado de las propiedades supera los\u00a0<strong>2.500 d\u00f3lares por metro cuadrado<\/strong>.<\/li>\n<li>La Provincia refuerza la fiscalizaci\u00f3n sobre\u00a0<strong>sectores de mayor capacidad contributiva<\/strong>.<\/li>\n<li>Se anunci\u00f3 la implementaci\u00f3n de\u00a0<strong>M2<\/strong>, una herramienta con\u00a0<strong>inteligencia artificial<\/strong>\u00a0para detectar construcciones no declaradas, que permitir\u00e1 agilizar y facilitar la regularizaci\u00f3n catastral y fortalecer la fiscalizaci\u00f3n del Impuesto.<\/li>\n<\/ul>\n<p><img loading=\"lazy\" decoding=\"async\" class=\"alignnone wp-image-91040 size-full\" src=\"https:\/\/www.celttv.com.ar\/wp-content\/uploads\/2026\/01\/Pinamar.jpg\" alt=\"\" width=\"748\" height=\"605\" srcset=\"https:\/\/www.celttv.com.ar\/wp-content\/uploads\/2026\/01\/Pinamar.jpg 748w, https:\/\/www.celttv.com.ar\/wp-content\/uploads\/2026\/01\/Pinamar-300x243.jpg 300w\" sizes=\"auto, (max-width: 748px) 100vw, 748px\" \/> <img loading=\"lazy\" decoding=\"async\" class=\"alignnone wp-image-91041 size-large\" src=\"https:\/\/www.celttv.com.ar\/wp-content\/uploads\/2026\/01\/Pinamar2-1024x682.jpg\" alt=\"\" width=\"1024\" height=\"682\" srcset=\"https:\/\/www.celttv.com.ar\/wp-content\/uploads\/2026\/01\/Pinamar2-1024x682.jpg 1024w, https:\/\/www.celttv.com.ar\/wp-content\/uploads\/2026\/01\/Pinamar2-300x200.jpg 300w, https:\/\/www.celttv.com.ar\/wp-content\/uploads\/2026\/01\/Pinamar2-768x512.jpg 768w, https:\/\/www.celttv.com.ar\/wp-content\/uploads\/2026\/01\/Pinamar2-1536x1023.jpg 1536w, https:\/\/www.celttv.com.ar\/wp-content\/uploads\/2026\/01\/Pinamar2-750x500.jpg 750w, https:\/\/www.celttv.com.ar\/wp-content\/uploads\/2026\/01\/Pinamar2-1140x760.jpg 1140w, https:\/\/www.celttv.com.ar\/wp-content\/uploads\/2026\/01\/Pinamar2.jpg 1600w\" sizes=\"auto, (max-width: 1024px) 100vw, 1024px\" \/> <img loading=\"lazy\" decoding=\"async\" class=\"alignnone wp-image-91042 size-large\" src=\"https:\/\/www.celttv.com.ar\/wp-content\/uploads\/2026\/01\/Pinamar3-1024x655.jpg\" alt=\"\" width=\"1024\" height=\"655\" srcset=\"https:\/\/www.celttv.com.ar\/wp-content\/uploads\/2026\/01\/Pinamar3-1024x655.jpg 1024w, https:\/\/www.celttv.com.ar\/wp-content\/uploads\/2026\/01\/Pinamar3-300x192.jpg 300w, https:\/\/www.celttv.com.ar\/wp-content\/uploads\/2026\/01\/Pinamar3-768x491.jpg 768w, https:\/\/www.celttv.com.ar\/wp-content\/uploads\/2026\/01\/Pinamar3-1536x982.jpg 1536w, https:\/\/www.celttv.com.ar\/wp-content\/uploads\/2026\/01\/Pinamar3-750x480.jpg 750w, https:\/\/www.celttv.com.ar\/wp-content\/uploads\/2026\/01\/Pinamar3-1140x729.jpg 1140w, https:\/\/www.celttv.com.ar\/wp-content\/uploads\/2026\/01\/Pinamar3.jpg 1600w\" sizes=\"auto, (max-width: 1024px) 100vw, 1024px\" \/><\/p>\n","protected":false},"excerpt":{"rendered":"<p>ARBA detect\u00f3\u00a0110 mil metros cuadrados sin declarar\u00a0en Pinamar y Caril\u00f3 Se trata de\u00a0m\u00e1s de 200 casas de lujo y 25 edificios\u00a0registrados como bald\u00edos. Las irregularidades se concentran en\u00a0countries, barrios cerrados y desarrollos inmobiliarios de alta gama. Casos destacados incluyen\u00a0edificios en altura en Pinamar\u00a0con miles de metros cuadrados no declarados. ARBA notific\u00f3 a responsables para\u00a0regularizar la [&hellip;]<\/p>\n","protected":false},"author":5,"featured_media":91040,"comment_status":"closed","ping_status":"closed","sticky":false,"template":"","format":"standard","meta":{"footnotes":""},"categories":[51],"tags":[],"class_list":["post-91039","post","type-post","status-publish","format-standard","has-post-thumbnail","hentry","category-comunidad"],"yoast_head":"<!-- This site is optimized with the Yoast SEO plugin v19.7.1 - https:\/\/yoast.com\/wordpress\/plugins\/seo\/ -->\n<title>ARBA detect\u00f3\u00a0110 mil metros cuadrados sin declarar\u00a0en Pinamar y Caril\u00f3 - CELTTV<\/title>\n<meta name=\"description\" content=\"Sitio web de noticias de la localidad de Tornquist, provincia de Buenos Aires, Rep\u00fablica Argentina. Contenido propio originado por periodistas de CELTTV, el canal de TV local de la Cooperativa El\u00e9ctrica de Tornquist. Turismo, Pol\u00edtica, Sociedad, Deporte, Cultura y todo el contenido de inter\u00e9s general que la gente del pueblo y la regi\u00f3n debe conocer.\" \/>\n<meta name=\"robots\" content=\"index, follow, max-snippet:-1, max-image-preview:large, max-video-preview:-1\" \/>\n<link rel=\"canonical\" href=\"https:\/\/www.celttv.com.ar\/index.php\/2026\/01\/27\/arba-detecto-110-mil-metros-cuadrados-sin-declarar-en-pinamar-y-carilo\/\" \/>\n<meta property=\"og:locale\" content=\"es_ES\" \/>\n<meta property=\"og:type\" content=\"article\" \/>\n<meta property=\"og:title\" content=\"ARBA detect\u00f3\u00a0110 mil metros cuadrados sin declarar\u00a0en Pinamar y Caril\u00f3 - CELTTV\" \/>\n<meta property=\"og:description\" content=\"Sitio web de noticias de la localidad de Tornquist, provincia de Buenos Aires, Rep\u00fablica Argentina. Contenido propio originado por periodistas de CELTTV, el canal de TV local de la Cooperativa El\u00e9ctrica de Tornquist. Turismo, Pol\u00edtica, Sociedad, Deporte, Cultura y todo el contenido de inter\u00e9s general que la gente del pueblo y la regi\u00f3n debe conocer.\" \/>\n<meta property=\"og:url\" content=\"https:\/\/www.celttv.com.ar\/index.php\/2026\/01\/27\/arba-detecto-110-mil-metros-cuadrados-sin-declarar-en-pinamar-y-carilo\/\" \/>\n<meta property=\"og:site_name\" content=\"CELTTV\" \/>\n<meta property=\"article:publisher\" content=\"https:\/\/www.facebook.com\/celtTV\/\" \/>\n<meta property=\"article:published_time\" content=\"2026-01-27T20:04:41+00:00\" \/>\n<meta property=\"article:modified_time\" content=\"2026-01-27T20:04:54+00:00\" \/>\n<meta property=\"og:image\" content=\"https:\/\/www.celttv.com.ar\/wp-content\/uploads\/2026\/01\/Pinamar.jpg\" \/>\n\t<meta property=\"og:image:width\" content=\"748\" \/>\n\t<meta property=\"og:image:height\" content=\"605\" \/>\n\t<meta property=\"og:image:type\" content=\"image\/jpeg\" \/>\n<meta name=\"author\" content=\"Miguel Herrada\" \/>\n<meta name=\"twitter:card\" content=\"summary_large_image\" \/>\n<meta name=\"twitter:label1\" content=\"Escrito por\" \/>\n\t<meta name=\"twitter:data1\" content=\"Miguel Herrada\" \/>\n\t<meta name=\"twitter:label2\" content=\"Tiempo de lectura\" \/>\n\t<meta name=\"twitter:data2\" content=\"1 minuto\" \/>\n<script type=\"application\/ld+json\" class=\"yoast-schema-graph\">{\"@context\":\"https:\/\/schema.org\",\"@graph\":[{\"@type\":\"NewsArticle\",\"@id\":\"https:\/\/www.celttv.com.ar\/index.php\/2026\/01\/27\/arba-detecto-110-mil-metros-cuadrados-sin-declarar-en-pinamar-y-carilo\/#article\",\"isPartOf\":{\"@id\":\"https:\/\/www.celttv.com.ar\/index.php\/2026\/01\/27\/arba-detecto-110-mil-metros-cuadrados-sin-declarar-en-pinamar-y-carilo\/\"},\"author\":{\"name\":\"Miguel Herrada\",\"@id\":\"https:\/\/www.celttv.com.ar\/#\/schema\/person\/9059dc91dc7204ef4182cdb65225f07d\"},\"headline\":\"ARBA detect\u00f3\u00a0110 mil metros cuadrados sin declarar\u00a0en Pinamar y Caril\u00f3\",\"datePublished\":\"2026-01-27T20:04:41+00:00\",\"dateModified\":\"2026-01-27T20:04:54+00:00\",\"mainEntityOfPage\":{\"@id\":\"https:\/\/www.celttv.com.ar\/index.php\/2026\/01\/27\/arba-detecto-110-mil-metros-cuadrados-sin-declarar-en-pinamar-y-carilo\/\"},\"wordCount\":135,\"publisher\":{\"@id\":\"https:\/\/www.celttv.com.ar\/#organization\"},\"articleSection\":[\"Comunidad\"],\"inLanguage\":\"es\"},{\"@type\":\"WebPage\",\"@id\":\"https:\/\/www.celttv.com.ar\/index.php\/2026\/01\/27\/arba-detecto-110-mil-metros-cuadrados-sin-declarar-en-pinamar-y-carilo\/\",\"url\":\"https:\/\/www.celttv.com.ar\/index.php\/2026\/01\/27\/arba-detecto-110-mil-metros-cuadrados-sin-declarar-en-pinamar-y-carilo\/\",\"name\":\"ARBA detect\u00f3\u00a0110 mil metros cuadrados sin declarar\u00a0en Pinamar y Caril\u00f3 - CELTTV\",\"isPartOf\":{\"@id\":\"https:\/\/www.celttv.com.ar\/#website\"},\"datePublished\":\"2026-01-27T20:04:41+00:00\",\"dateModified\":\"2026-01-27T20:04:54+00:00\",\"description\":\"Sitio web de noticias de la localidad de Tornquist, provincia de Buenos Aires, Rep\u00fablica Argentina. Contenido propio originado por periodistas de CELTTV, el canal de TV local de la Cooperativa El\u00e9ctrica de Tornquist. Turismo, Pol\u00edtica, Sociedad, Deporte, Cultura y todo el contenido de inter\u00e9s general que la gente del pueblo y la regi\u00f3n debe conocer.\",\"breadcrumb\":{\"@id\":\"https:\/\/www.celttv.com.ar\/index.php\/2026\/01\/27\/arba-detecto-110-mil-metros-cuadrados-sin-declarar-en-pinamar-y-carilo\/#breadcrumb\"},\"inLanguage\":\"es\",\"potentialAction\":[{\"@type\":\"ReadAction\",\"target\":[\"https:\/\/www.celttv.com.ar\/index.php\/2026\/01\/27\/arba-detecto-110-mil-metros-cuadrados-sin-declarar-en-pinamar-y-carilo\/\"]}]},{\"@type\":\"BreadcrumbList\",\"@id\":\"https:\/\/www.celttv.com.ar\/index.php\/2026\/01\/27\/arba-detecto-110-mil-metros-cuadrados-sin-declarar-en-pinamar-y-carilo\/#breadcrumb\",\"itemListElement\":[{\"@type\":\"ListItem\",\"position\":1,\"name\":\"Inicio\",\"item\":\"https:\/\/www.celttv.com.ar\/\"},{\"@type\":\"ListItem\",\"position\":2,\"name\":\"ARBA detect\u00f3\u00a0110 mil metros cuadrados sin declarar\u00a0en Pinamar y Caril\u00f3\"}]},{\"@type\":\"WebSite\",\"@id\":\"https:\/\/www.celttv.com.ar\/#website\",\"url\":\"https:\/\/www.celttv.com.ar\/\",\"name\":\"CELTTV\",\"description\":\"Cooperativa El\u00e9ctrica de Tornquist\",\"publisher\":{\"@id\":\"https:\/\/www.celttv.com.ar\/#organization\"},\"potentialAction\":[{\"@type\":\"SearchAction\",\"target\":{\"@type\":\"EntryPoint\",\"urlTemplate\":\"https:\/\/www.celttv.com.ar\/?s={search_term_string}\"},\"query-input\":\"required name=search_term_string\"}],\"inLanguage\":\"es\"},{\"@type\":\"Organization\",\"@id\":\"https:\/\/www.celttv.com.ar\/#organization\",\"name\":\"CELTTV\",\"url\":\"https:\/\/www.celttv.com.ar\/\",\"sameAs\":[\"https:\/\/www.youtube.com\/channel\/UCz_oIt8Hig64Ub-EmcNPIhg\",\"https:\/\/www.facebook.com\/celtTV\/\"],\"logo\":{\"@type\":\"ImageObject\",\"inLanguage\":\"es\",\"@id\":\"https:\/\/www.celttv.com.ar\/#\/schema\/logo\/image\/\",\"url\":\"http:\/\/www.celttv.com.ar\/wp-content\/uploads\/2022\/08\/logo-1.png\",\"contentUrl\":\"http:\/\/www.celttv.com.ar\/wp-content\/uploads\/2022\/08\/logo-1.png\",\"width\":461,\"height\":159,\"caption\":\"CELTTV\"},\"image\":{\"@id\":\"https:\/\/www.celttv.com.ar\/#\/schema\/logo\/image\/\"}},{\"@type\":\"Person\",\"@id\":\"https:\/\/www.celttv.com.ar\/#\/schema\/person\/9059dc91dc7204ef4182cdb65225f07d\",\"name\":\"Miguel Herrada\",\"image\":{\"@type\":\"ImageObject\",\"inLanguage\":\"es\",\"@id\":\"https:\/\/www.celttv.com.ar\/#\/schema\/person\/image\/\",\"url\":\"https:\/\/secure.gravatar.com\/avatar\/67724d5b3c716623ffd76bec7e45841a442ac3b456e914dbba90b0fad2b8e0b1?s=96&d=mm&r=g\",\"contentUrl\":\"https:\/\/secure.gravatar.com\/avatar\/67724d5b3c716623ffd76bec7e45841a442ac3b456e914dbba90b0fad2b8e0b1?s=96&d=mm&r=g\",\"caption\":\"Miguel Herrada\"}}]}<\/script>\n<!-- \/ Yoast SEO plugin. -->","yoast_head_json":{"title":"ARBA detect\u00f3\u00a0110 mil metros cuadrados sin declarar\u00a0en Pinamar y Caril\u00f3 - CELTTV","description":"Sitio web de noticias de la localidad de Tornquist, provincia de Buenos Aires, Rep\u00fablica Argentina. Contenido propio originado por periodistas de CELTTV, el canal de TV local de la Cooperativa El\u00e9ctrica de Tornquist. Turismo, Pol\u00edtica, Sociedad, Deporte, Cultura y todo el contenido de inter\u00e9s general que la gente del pueblo y la regi\u00f3n debe conocer.","robots":{"index":"index","follow":"follow","max-snippet":"max-snippet:-1","max-image-preview":"max-image-preview:large","max-video-preview":"max-video-preview:-1"},"canonical":"https:\/\/www.celttv.com.ar\/index.php\/2026\/01\/27\/arba-detecto-110-mil-metros-cuadrados-sin-declarar-en-pinamar-y-carilo\/","og_locale":"es_ES","og_type":"article","og_title":"ARBA detect\u00f3\u00a0110 mil metros cuadrados sin declarar\u00a0en Pinamar y Caril\u00f3 - CELTTV","og_description":"Sitio web de noticias de la localidad de Tornquist, provincia de Buenos Aires, Rep\u00fablica Argentina. Contenido propio originado por periodistas de CELTTV, el canal de TV local de la Cooperativa El\u00e9ctrica de Tornquist. Turismo, Pol\u00edtica, Sociedad, Deporte, Cultura y todo el contenido de inter\u00e9s general que la gente del pueblo y la regi\u00f3n debe conocer.","og_url":"https:\/\/www.celttv.com.ar\/index.php\/2026\/01\/27\/arba-detecto-110-mil-metros-cuadrados-sin-declarar-en-pinamar-y-carilo\/","og_site_name":"CELTTV","article_publisher":"https:\/\/www.facebook.com\/celtTV\/","article_published_time":"2026-01-27T20:04:41+00:00","article_modified_time":"2026-01-27T20:04:54+00:00","og_image":[{"width":748,"height":605,"url":"https:\/\/www.celttv.com.ar\/wp-content\/uploads\/2026\/01\/Pinamar.jpg","type":"image\/jpeg"}],"author":"Miguel Herrada","twitter_card":"summary_large_image","twitter_misc":{"Escrito por":"Miguel Herrada","Tiempo de lectura":"1 minuto"},"schema":{"@context":"https:\/\/schema.org","@graph":[{"@type":"NewsArticle","@id":"https:\/\/www.celttv.com.ar\/index.php\/2026\/01\/27\/arba-detecto-110-mil-metros-cuadrados-sin-declarar-en-pinamar-y-carilo\/#article","isPartOf":{"@id":"https:\/\/www.celttv.com.ar\/index.php\/2026\/01\/27\/arba-detecto-110-mil-metros-cuadrados-sin-declarar-en-pinamar-y-carilo\/"},"author":{"name":"Miguel Herrada","@id":"https:\/\/www.celttv.com.ar\/#\/schema\/person\/9059dc91dc7204ef4182cdb65225f07d"},"headline":"ARBA detect\u00f3\u00a0110 mil metros cuadrados sin declarar\u00a0en Pinamar y Caril\u00f3","datePublished":"2026-01-27T20:04:41+00:00","dateModified":"2026-01-27T20:04:54+00:00","mainEntityOfPage":{"@id":"https:\/\/www.celttv.com.ar\/index.php\/2026\/01\/27\/arba-detecto-110-mil-metros-cuadrados-sin-declarar-en-pinamar-y-carilo\/"},"wordCount":135,"publisher":{"@id":"https:\/\/www.celttv.com.ar\/#organization"},"articleSection":["Comunidad"],"inLanguage":"es"},{"@type":"WebPage","@id":"https:\/\/www.celttv.com.ar\/index.php\/2026\/01\/27\/arba-detecto-110-mil-metros-cuadrados-sin-declarar-en-pinamar-y-carilo\/","url":"https:\/\/www.celttv.com.ar\/index.php\/2026\/01\/27\/arba-detecto-110-mil-metros-cuadrados-sin-declarar-en-pinamar-y-carilo\/","name":"ARBA detect\u00f3\u00a0110 mil metros cuadrados sin declarar\u00a0en Pinamar y Caril\u00f3 - CELTTV","isPartOf":{"@id":"https:\/\/www.celttv.com.ar\/#website"},"datePublished":"2026-01-27T20:04:41+00:00","dateModified":"2026-01-27T20:04:54+00:00","description":"Sitio web de noticias de la localidad de Tornquist, provincia de Buenos Aires, Rep\u00fablica Argentina. Contenido propio originado por periodistas de CELTTV, el canal de TV local de la Cooperativa El\u00e9ctrica de Tornquist. Turismo, Pol\u00edtica, Sociedad, Deporte, Cultura y todo el contenido de inter\u00e9s general que la gente del pueblo y la regi\u00f3n debe conocer.","breadcrumb":{"@id":"https:\/\/www.celttv.com.ar\/index.php\/2026\/01\/27\/arba-detecto-110-mil-metros-cuadrados-sin-declarar-en-pinamar-y-carilo\/#breadcrumb"},"inLanguage":"es","potentialAction":[{"@type":"ReadAction","target":["https:\/\/www.celttv.com.ar\/index.php\/2026\/01\/27\/arba-detecto-110-mil-metros-cuadrados-sin-declarar-en-pinamar-y-carilo\/"]}]},{"@type":"BreadcrumbList","@id":"https:\/\/www.celttv.com.ar\/index.php\/2026\/01\/27\/arba-detecto-110-mil-metros-cuadrados-sin-declarar-en-pinamar-y-carilo\/#breadcrumb","itemListElement":[{"@type":"ListItem","position":1,"name":"Inicio","item":"https:\/\/www.celttv.com.ar\/"},{"@type":"ListItem","position":2,"name":"ARBA detect\u00f3\u00a0110 mil metros cuadrados sin declarar\u00a0en Pinamar y Caril\u00f3"}]},{"@type":"WebSite","@id":"https:\/\/www.celttv.com.ar\/#website","url":"https:\/\/www.celttv.com.ar\/","name":"CELTTV","description":"Cooperativa El\u00e9ctrica de Tornquist","publisher":{"@id":"https:\/\/www.celttv.com.ar\/#organization"},"potentialAction":[{"@type":"SearchAction","target":{"@type":"EntryPoint","urlTemplate":"https:\/\/www.celttv.com.ar\/?s={search_term_string}"},"query-input":"required name=search_term_string"}],"inLanguage":"es"},{"@type":"Organization","@id":"https:\/\/www.celttv.com.ar\/#organization","name":"CELTTV","url":"https:\/\/www.celttv.com.ar\/","sameAs":["https:\/\/www.youtube.com\/channel\/UCz_oIt8Hig64Ub-EmcNPIhg","https:\/\/www.facebook.com\/celtTV\/"],"logo":{"@type":"ImageObject","inLanguage":"es","@id":"https:\/\/www.celttv.com.ar\/#\/schema\/logo\/image\/","url":"http:\/\/www.celttv.com.ar\/wp-content\/uploads\/2022\/08\/logo-1.png","contentUrl":"http:\/\/www.celttv.com.ar\/wp-content\/uploads\/2022\/08\/logo-1.png","width":461,"height":159,"caption":"CELTTV"},"image":{"@id":"https:\/\/www.celttv.com.ar\/#\/schema\/logo\/image\/"}},{"@type":"Person","@id":"https:\/\/www.celttv.com.ar\/#\/schema\/person\/9059dc91dc7204ef4182cdb65225f07d","name":"Miguel Herrada","image":{"@type":"ImageObject","inLanguage":"es","@id":"https:\/\/www.celttv.com.ar\/#\/schema\/person\/image\/","url":"https:\/\/secure.gravatar.com\/avatar\/67724d5b3c716623ffd76bec7e45841a442ac3b456e914dbba90b0fad2b8e0b1?s=96&d=mm&r=g","contentUrl":"https:\/\/secure.gravatar.com\/avatar\/67724d5b3c716623ffd76bec7e45841a442ac3b456e914dbba90b0fad2b8e0b1?s=96&d=mm&r=g","caption":"Miguel Herrada"}}]}},"_links":{"self":[{"href":"https:\/\/www.celttv.com.ar\/index.php\/wp-json\/wp\/v2\/posts\/91039","targetHints":{"allow":["GET"]}}],"collection":[{"href":"https:\/\/www.celttv.com.ar\/index.php\/wp-json\/wp\/v2\/posts"}],"about":[{"href":"https:\/\/www.celttv.com.ar\/index.php\/wp-json\/wp\/v2\/types\/post"}],"author":[{"embeddable":true,"href":"https:\/\/www.celttv.com.ar\/index.php\/wp-json\/wp\/v2\/users\/5"}],"replies":[{"embeddable":true,"href":"https:\/\/www.celttv.com.ar\/index.php\/wp-json\/wp\/v2\/comments?post=91039"}],"version-history":[{"count":1,"href":"https:\/\/www.celttv.com.ar\/index.php\/wp-json\/wp\/v2\/posts\/91039\/revisions"}],"predecessor-version":[{"id":91043,"href":"https:\/\/www.celttv.com.ar\/index.php\/wp-json\/wp\/v2\/posts\/91039\/revisions\/91043"}],"wp:featuredmedia":[{"embeddable":true,"href":"https:\/\/www.celttv.com.ar\/index.php\/wp-json\/wp\/v2\/media\/91040"}],"wp:attachment":[{"href":"https:\/\/www.celttv.com.ar\/index.php\/wp-json\/wp\/v2\/media?parent=91039"}],"wp:term":[{"taxonomy":"category","embeddable":true,"href":"https:\/\/www.celttv.com.ar\/index.php\/wp-json\/wp\/v2\/categories?post=91039"},{"taxonomy":"post_tag","embeddable":true,"href":"https:\/\/www.celttv.com.ar\/index.php\/wp-json\/wp\/v2\/tags?post=91039"}],"curies":[{"name":"wp","href":"https:\/\/api.w.org\/{rel}","templated":true}]}}