{"id":91044,"date":"2026-01-28T17:52:27","date_gmt":"2026-01-28T20:52:27","guid":{"rendered":"https:\/\/www.celttv.com.ar\/?p=91044"},"modified":"2026-01-28T17:52:37","modified_gmt":"2026-01-28T20:52:37","slug":"hcd-informe-de-la-sesion-extrordinaria-del-27-01-26-fotos","status":"publish","type":"post","link":"https:\/\/www.celttv.com.ar\/index.php\/2026\/01\/28\/hcd-informe-de-la-sesion-extrordinaria-del-27-01-26-fotos\/","title":{"rendered":"HCD: Informe de la sesi\u00f3n extrordinaria del 27-01-26 (FOTOS)"},"content":{"rendered":"<p><strong><u>INFORME DE LA\u00a0 SESI\u00d3N EXTRAORDINARIA DE FECHA 27-01-26<\/u><\/strong><\/p>\n<p><strong><u>\u00a0<\/u><\/strong><\/p>\n<p>Convocados por el Decreto N\u00ba 03\/26, los Concejales se hacen presentes en el Recinto del H.C.D. para realizar la Sesi\u00f3n Extraordinaria el d\u00eda 27 de enero de 2026 a la hora 8:30, con el objeto de tratar los siguientes temas:<\/p>\n<p>&nbsp;<\/p>\n<ul>\n<li><strong><u>#Expte. <\/u><\/strong><strong><u>N\u00ba 429\/25:<\/u><\/strong> &#8211; P. &#8211; Asociaci\u00f3n Cuerpo Bomberos Voluntarios de Tornquist solicita cesi\u00f3n de un predio propiedad de la Municipalidad de Tornquist.<\/li>\n<li><strong><u>#Expte. <\/u><\/strong><strong><u>N\u00ba 35\/26:<\/u><\/strong> &#8211; E. &#8211; Incremento Salarial Ejercicio 2026.<\/li>\n<li><strong><u>#Expte. <\/u><\/strong><strong><u>N\u00ba 49\/26:<\/u><\/strong> E. &#8211; Solicita pr\u00f3rroga de eximici\u00f3n de Tasa por Conservaci\u00f3n, Reparaci\u00f3n y Mejorado de la Red Vial para Cuartel IV.<\/li>\n<\/ul>\n<p>&nbsp;<\/p>\n<p><strong><u>#Expte. <\/u><\/strong><strong><u>N\u00ba 429\/25:<\/u><\/strong> &#8211; N.P. &#8211; Asociaci\u00f3n Cuerpo Bomberos Voluntarios de Tornquist solicita cesi\u00f3n de un predio propiedad de la Municipalidad de Tornquist.<\/p>\n<p>Se aprueba por unanimidad la Ordenanza N\u00ba 4015\/26 por la que se autoriza la firma de la ADENDA AL CONTRATO DE PERMISO DE USO entre la Municipalidad de Tornquist representada por la Sra. Intendente Municipal Estefan\u00eda Bordoni y la Asociaci\u00f3n Cuerpo Bomberos Voluntarios de Tornquist, representada por su presidente Sr. Julio Nicolini<strong>. <\/strong><\/p>\n<p>La Municipalidad otorga a la Asociaci\u00f3n de Bomberos Voluntarios de Tornquist en permiso de uso y con obligaci\u00f3n de restituci\u00f3n, un inmueble ubicado en Tornquist, cuya Nomenclatura Catastral es Circunscripci\u00f3n II, Secci\u00f3n C, Chacra 149, Parcela 1, Lote B, que se destinar\u00e1 al funcionamiento de Centro de Entrenamiento para Bomberos Voluntarios, no pudiendo cambiar su destino del uso del bien sin la previa autorizaci\u00f3n del Municipio. La adenda al contrato reformula la cl\u00e1usula 2\u00ba, que establece una vigencia del mismo por 50 a\u00f1os contados a partir del 1\u00ba de enero de 2026.-<\/p>\n<p>&nbsp;<\/p>\n<p><strong><u>#Expte. <\/u><\/strong><strong><u>N\u00ba 35\/26:<\/u><\/strong> &#8211; D.E. &#8211; Incremento Salarial Ejercicio 2026.<\/p>\n<p>Este Expediente tiene dos dict\u00e1menes:<\/p>\n<p>&nbsp;<\/p>\n<p>El primero dice:<\/p>\n<p>Los Bloques Uni\u00f3n por la Patria, Fuerza Patria y Uni\u00f3n C\u00edvica Radical reunidos en Comisi\u00f3n en el d\u00eda de la fecha y habiendo analizado el Expte. N\u00ba 35\/26, aconsejan aprobar Proyecto de Ordenanza con su Anexo I obrantes de fs. 1 a 4.-<\/p>\n<p>&nbsp;<\/p>\n<p>El segundo dice:<\/p>\n<p>El Bloque de <strong>La Libertad Avanza<\/strong> reunido en Comisi\u00f3n en el d\u00eda de la fecha y habiendo analizado el Expediente N\u00b035\/26, elevado por el Departamento Ejecutivo Municipal mediante el cual se remite a este Honorable Concejo Deliberante, considera:<\/p>\n<p>Que el propio Municipio ha declarado recientemente la <strong>emergencia econ\u00f3mica<\/strong><strong>,<\/strong> reconociendo p\u00fablicamente la gravedad de la situaci\u00f3n financiera que atraviesa.<\/p>\n<p>Que, en ese contexto, resulta <strong>inadmisible, contradictorio y carente de toda l\u00f3gica<\/strong> que se proponga un <strong>aumento del 3 % para la planta pol\u00edtica y los miembros del Honorable Concejo Deliberante<\/strong><strong>,<\/strong> enviando un mensaje completamente opuesto al discurso de austeridad que se pretende sostener.<\/p>\n<p>Que dicha medida evidencia una <strong>falta total de ejemplaridad por parte de la dirigencia pol\u00edtica<\/strong><strong>,<\/strong> que lejos de asumir el esfuerzo que exige la emergencia, decide priorizar sus propios ingresos por sobre los de los trabajadores municipales.<\/p>\n<p>Que mientras se ajusta a los vecinos y se pide sacrificio a los empleados, se pretende <strong>blindar los salarios de la pol\u00edtica<\/strong><strong>,<\/strong> profundizando el descreimiento de la sociedad hacia las instituciones.<\/p>\n<p>Que los <strong>empleados municipales y contratados<\/strong> son quienes garantizan el funcionamiento cotidiano del Estado local y quienes padecen de manera directa la p\u00e9rdida del poder adquisitivo, siendo injusto e inmoral relegarlos en favor de la planta pol\u00edtica.<\/p>\n<p>Que existen alternativas claras, responsables y posibles para mejorar los salarios de los trabajadores sin aumentar el gasto p\u00fablico, como lo es el <strong>congelamiento de los salarios de la planta pol\u00edtica y del Honorable Concejo Deliberante<\/strong>, destinando ese ahorro a un <strong>aumento del 4 % para todos los empleados municipales y contratados<\/strong><strong>.<\/strong><\/p>\n<p>Que este Bloque sostiene que <strong>la pol\u00edtica debe ajustarse primero<\/strong>, y no convertirse en un privilegio desconectado de la realidad que viven los vecinos de Tornquist.<\/p>\n<p>Por todo lo expuesto anteriormente el Bloque de La Libertad Avanza rechaza el aumento del 3 % previsto para la planta pol\u00edtica y los miembros del Honorable Concejo Deliberante en el marco del Expediente N.\u00ba 35\/26.<\/p>\n<p>Proponemos un <strong>aumento del 4 % para todos los empleados municipales y contratados<\/strong><strong>, <\/strong>financiado mediante el <strong>congelamiento inmediato de los salarios de la totalidad de la planta pol\u00edtica y del Honorable Concejo Deliberante<\/strong><strong>,<\/strong> sin incremento del gasto p\u00fablico.<\/p>\n<p>Instamos al Departamento Ejecutivo al congelamiento de los salarios pol\u00edticos y del H.C.D., mientras dure le emergencia a la cual el propio oficialismo adhiri\u00f3.<\/p>\n<p>Exigimos coherencia entre la emergencia econ\u00f3mica declarada y las decisiones salariales adoptadas, priorizando a los trabajadores y no a la dirigencia pol\u00edtica.<\/p>\n<p>&nbsp;<\/p>\n<p>Se aprueba por mayor\u00eda (votaci\u00f3n 8 a 4) la Ordenanza N\u00ba 4014\/26 por la que se otorga un incremento salarial del 3% (TRES por ciento) a partir del 1 de ENERO de 2026, para todas las categor\u00edas de los sueldos del personal municipal. &#8211;<\/p>\n<p>&nbsp;<\/p>\n<p>Concejal Blas Saric:<\/p>\n<p>Bueno, sencillamente para otra vez justificar por qu\u00e9 presentamos un dictamen diferente y por qu\u00e9 es la negativa al aumento que incluye a la planta pol\u00edtica y al Honorable Concejo Deliberante en ese momento. Desde La Libertad Avanza y como partido y como premisa de partido tenemos que el ajuste y el achicamiento tiene que ser de la pol\u00edtica, de la planta pol\u00edtica y del gasto pol\u00edtico en primera instancia. En ese contexto venimos haciendo propuestas y las vamos a seguir haciendo que tienen que ver con reducci\u00f3n de ese gasto pol\u00edtico, reducci\u00f3n de la planta pol\u00edtica que propusimos para el presupuesto, reducci\u00f3n de vi\u00e1ticos que creemos que no se est\u00e1 adhiriendo de alguna manera a la emergencia, herramienta que el propio oficialismo pidi\u00f3. Y en ese contexto encontramos una alternativa a este aumento salarial y propusimos que en lugar de ser 3% el aumento salarial para los empleados municipales, favoreciendo obviamente a la poblaci\u00f3n, se haga con el esfuerzo de la pol\u00edtica haciendo un congelamiento de salarios del Honorable Concejo Deliberante y de la planta pol\u00edtica municipal porque somos fervientes creyentes de que el esfuerzo lo tiene que hacer la pol\u00edtica y lo venimos a proponer en este Honorable Concejo Deliberante y se lo venimos proponiendo al Departamento Ejecutivo de que ese esfuerzo tiene que provenir desde la pol\u00edtica y tenemos que ser ejemplares. En este caso venimos pidiendo austeridad, venimos pidiendo transparencia, venimos pidiendo eficiencia en el gasto p\u00fablico, claramente no lo conseguimos y hoy tambi\u00e9n pedimos coherencia \u00bfno?, \u00a0porque si hace 10 d\u00edas, 12 o en este \u00faltimo mes se pidi\u00f3 la herramienta de emergencia econ\u00f3mica y fue votada la herramienta de emergencia econ\u00f3mica, c\u00f3mo puede ser que a los pocos d\u00edas estemos pidiendo un incremento para la planta pol\u00edtica y quiero aclarar eso, estamos hablando de congelamiento para la planta pol\u00edtica y para el Honorable Concejo Deliberante, no para los empleados municipales y contratados en general, de hecho queremos financiar un aumento mayor al que se propone haciendo el esfuerzo de la pol\u00edtica. Vamos a seguir, y vamos a seguir intentando y proponiendo y haciendo propuestas concretas para que esto se lleve adelante y vamos a insistir e instamos a toda la pol\u00edtica en general a que haga el esfuerzo y que d\u00e9 los gestos necesarios para que realmente la gente recupere la credibilidad que hemos perdido. Muchas gracias.<\/p>\n<p>&nbsp;<\/p>\n<p>Concejal Susana Marcolini:<\/p>\n<p>Bien, evidentemente este es un tema suficientemente sensible como para que nos tomemos un tiempo para poder reflexionar respecto de ello. El primer punto indica que de acuerdo a la forma en la cual est\u00e1 organizado el presupuesto municipal y de acuerdo a c\u00f3mo se manejan los recursos destinados a los aumentos salariales, este Consejo no tendr\u00eda que estar votando este tipo de ordenanza porque podr\u00edan darse por decreto perfectamente. Y digo esto que nos compromete a todos porque desde el Bloque de la Uni\u00f3n C\u00edvica Radical compartimos algunos bastante casi todos los argumentos que ac\u00e1 se acaban de desarrollar o acaba de desarrollar el Concejal preopinante y s\u00ed nos parece fundamental distinguir que las acciones tienen que acompa\u00f1ar lo que decimos y que dadas las circunstancias y entendiendo que este es un tiempo bastante particular, nadie podr\u00eda decir que es justo para qui\u00e9n. Lo cierto es que el 3% para los salarios de los trabajadores municipales es francamente una verg\u00fcenza, nos tendr\u00eda que estar dando verg\u00fcenza, pero no tenemos otra opci\u00f3n m\u00e1s que ponerle esta voluntad que es la voluntad de que al menos en el 3% est\u00e1n mejorando. Escuch\u00e9 por ah\u00ed decir de parte de los gremialistas o de los sindicalistas que los trabajadores municipales llevan una especie de ventaja respecto de las cifras de inflaci\u00f3n esas cosas, la verdad es que nadie puede defender con cierta l\u00f3gica el salario municipal o el piso del salario municipal. Tambi\u00e9n es cierto que lo de la planta pol\u00edtica puede analizarse respecto de la cantidad de funcionarios m\u00e1s que las retribuciones que por el trabajo que hacen perciben y tambi\u00e9n es cierto que deber\u00edan y seguramente es posible revisar muchos de los gastos que se refieren al funcionamiento municipal que tienen que ver de manera indirecta con los salarios. Pero volviendo a los gestos, tambi\u00e9n debo decir que despu\u00e9s de las fiestas o antes de enero, el gobierno municipal le otorg\u00f3 de manera directa y sin ning\u00fan tipo de Ordenanza ni de consenso, 200.000 pesos a cada uno de todos los que estamos aqu\u00ed m\u00e1s los empleados municipales y que pocos, y no lo digo por ufanarme, lo digo porque esto muestra la realidad, rechazamos ese monto que vimos de golpe ingresado a nuestras dietas. Este Bloque lo hizo de alguna manera, insisto, esto no es para ufanarnos, es para ponerle contexto a las palabras que decimos. No s\u00e9 si sirve, no s\u00e9 si fue una contribuci\u00f3n, s\u00ed seguramente fue un gesto. Podr\u00edamos debatir durante mucho tiempo sobre esto, pero la verdad es que nada de esto que acabamos de hacer nos tiene que poner contentos, porque la verdad es que se trata de una realidad que nos golpea demasiado fuerte. Gracias.<\/p>\n<p>&nbsp;<\/p>\n<p>Concejal Branko de Sabarte:<\/p>\n<p>Bueno, primero quiero tocar el tema del aumento salarial, que en la Sesi\u00f3n de presupuestos fue una de las cuestiones que m\u00e1s se golpe\u00f3 desde nuestra parte por la aprobaci\u00f3n que dec\u00eda que en ning\u00fan art\u00edculo se mencionaba un incremento o una escala de incremento salarial para los empleados municipales. Y en ese momento, desde mi parte, se dijo que no estaban los datos, que no se pod\u00eda hacer una escala de incremento salarial, pero que hab\u00eda que confiar de alguna manera en el Ejecutivo Municipal, porque siempre que se pudo se dio un aumento y siempre que se pudo se respald\u00f3 a los empleados municipales. Hoy, 30 d\u00edas despu\u00e9s, est\u00e1 a la vista de que si se puede, el Ejecutivo va a acompa\u00f1ar al empleado municipal. Seguramente el 3% sea poco, es real, pero es lo que se puede. Y desde nuestra parte queremos felicitar primero que nada eso. Y despu\u00e9s, tocar el tema de lo que plantea el Bloque de La Libertad Avanza. Primero que nada, referirnos al Art\u00edculo 125 de la Ley Org\u00e1nica de las Municipalidades, en el cual dice, lo voy a leer textual, seg\u00fan texto ley 12.120, el Intendente gozar\u00e1 del sueldo que le asigne el presupuesto, que en ning\u00fan caso podr\u00e1 ser inferior a 10 sueldos m\u00ednimos. Y, aparte de eso, tambi\u00e9n quiero leer una Ordenanza municipal, la Ordenanza 2044\/09, que dice, Art\u00edculo 1, consid\u00e9rese a partir del 1 de enero del 2009 el siguiente esquema salarial que modifica el anexo 1 de la Ordenanza 1997\/08. Por ejemplo, habla de los concejales, estamos hablando siempre de los sueldos concejales, equivalente a dos sueldos m\u00ednimos de la categor\u00eda m\u00e1s baja de administrativo, clase 4, r\u00e9gimen 40 horas. \u00bfQu\u00e9 es lo que plantean, que no se cumpla la Ley, que se modifique una Ordenanza, que se derogue una Ordenanza? No tenemos claro ese tema. Y otro tema que no nos qued\u00f3 claro tambi\u00e9n, que en uno de los p\u00e1rrafos nombra al Concejo Deliberante. El Concejo Deliberante somos todos, somos nosotros concejales y tambi\u00e9n la planta permanente que trabaja ac\u00e1. \u00bfNo plantean que los empleados merezcan un aumento de sueldo? Esos dos o tres temas no los tenemos claro y me parece a m\u00ed que hay una frase que se dice mucho ac\u00e1, que es, los datos son realidad. \u00bfViste? Y estamos minti\u00e9ndole a la gente nuevamente, porque el congelamiento del incremento salarial del 3% para la planta pol\u00edtica, equivale alrededor, porque son los datos, a 3 millones y medio de pesos. Y darle el 1% a la masa de todos los empleados equivale alrededor de 8 millones de pesos. Entonces, no le mintamos a la gente, no hagamos pol\u00edtica barata con esto para que el t\u00edtulo sea, queremos congelar los sueldos para darle aumento a los empleados municipales, porque nunca estuvieron del lado del empleado municipal, nunca estuvieron del lado de los trabajadores, as\u00ed que me parece a m\u00ed que no tenemos que mentir m\u00e1s, las cosas tienen que ser claras y si los datos son la realidad, bueno, nosotros nos vamos a dirigir a los datos. Muchas gracias, se\u00f1ora Presidenta.<\/p>\n<p>&nbsp;<\/p>\n<p>Concejal Blas Saric:<\/p>\n<p>La primera consulta est\u00e1 muy clara, es planta pol\u00edtica, no empleado del H.C.D. Creo que estaba m\u00e1s que claro, pero bueno, lo volvemos a aclarar, es planta pol\u00edtica. Segundo punto, si el argumento es que burocr\u00e1ticamente es dif\u00edcil porque hay una Ordenanza o porque hay una normativa, bueno, me parece que es bastante d\u00e9bil porque b\u00e1sicamente pod\u00e9s hacer una Ordenanza, modificar, as\u00ed como se hace una adenda y pod\u00e9s tranquilamente congelar los salarios de la planta pol\u00edtica y de la parte pol\u00edtica del H.C.D. Y por otro lado, finalmente la cantidad que se puede llegar a ahorrar reduciendo el salario de la planta pol\u00edtica, si no puede llegar en todo caso al 4, siempre puede ser, aunque sea un 3.5 o un 4, podr\u00edamos llegar a discutirlo o podr\u00edamos haber hecho una ordenanza en la cual podr\u00edamos o tendr\u00edan que haber estado dispuestos a discutir ese n\u00famero. Y por \u00faltimo, bueno, arrogarse la verdad de decir qui\u00e9n est\u00e1 a favor o qui\u00e9n est\u00e1 en contra, no me parece una discusi\u00f3n ni sana ni correcta ni verdadera. Muchas gracias.<\/p>\n<p>&nbsp;<\/p>\n<p>Concejal Gustavo Lanaro:<\/p>\n<p>Bueno, yo por ah\u00ed quer\u00eda hacer una, no s\u00e9 si una \u00a0aclaraci\u00f3n, ac\u00e1 me da la sensaci\u00f3n de que estamos&#8230; Hola. Me da la sensaci\u00f3n de que no s\u00e9 por qu\u00e9 estamos queriendo instalar que el Ejecutivo pareciera que cobrar\u00eda fortunas, no s\u00e9, yo hace a\u00f1os que defiendo los derechos de los trabajadores y considero al Ejecutivo como si fuera un trabajador municipal, \u00bfno? Y me parece que comparto lo que dice Branko en que es insignificativo, yo ac\u00e1 voy a hablar por m\u00ed, yo tengo un trabajo, yo estar\u00eda dispuesto a no agarrar ese aumento, pero me da la sensaci\u00f3n tambi\u00e9n de que estamos metiendo a la planta pol\u00edtica como si realmente estar\u00edan fuera de la situaci\u00f3n econ\u00f3mica que estamos viviendo todos, o sea, parecer\u00eda que le queremos instalar a la comunidad que los funcionarios cobran, no s\u00e9, 5, 6, 7 millones de pesos, me parece que los funcionarios pol\u00edticos est\u00e1n en una situaci\u00f3n igual que todos los trabajadores en general. O sea, solamente quer\u00eda aclarar eso, no s\u00e9 por qu\u00e9 queremos como instalar que los funcionarios pol\u00edticos cobran fortuna, solamente eso. Gracias.<\/p>\n<p>&nbsp;<\/p>\n<p>Concejal Carmen Soverchia:<\/p>\n<p>Bueno, es cortita, tom\u00e9 apunte del inicio de la locuci\u00f3n del Concejal de La Libertad Avanza. Dice, textual, desde La Libertad Avanza, la premisa es la reducci\u00f3n en la planta pol\u00edtica. Bueno, la verdad que es insostenible el discurso de la reducci\u00f3n en la planta pol\u00edtica a nivel nacional. Yo creo que el propio Concejal lo sabe, de hecho, hasta en un momento ha sido tema de conversaci\u00f3n con mi persona. El esfuerzo debe provenir de la pol\u00edtica, dijo. El esfuerzo debe provenir de la pol\u00edtica, de verdad, pueden decir eso cuando el esfuerzo lo est\u00e1n haciendo los jubilados que todos los mi\u00e9rcoles van a manifestar y salen golpeados. El esfuerzo debe provenir de la pol\u00edtica cuando el esfuerzo lo est\u00e1n haciendo las personas con discapacidad que todav\u00eda, no s\u00e9 si al d\u00eda de hoy, pusieron por fin la Ley de Emergencia y Discapacidad en orden y se est\u00e1 cumpliendo con la Ley. El esfuerzo debe venir de la pol\u00edtica, dice, cuando todos los trabajadores y las pymes y tantos comercios y personas de la Rep\u00fablica Argentina est\u00e1n en la situaci\u00f3n que pasa. El esfuerzo debe prevenir de la pol\u00edtica cuando se est\u00e1 incendiando media Patagonia y el Presidente est\u00e1 cantando en Mar del Plata. Yo la verdad digo que es un discurso bastante complicado de sostener. De hecho, hay lugares en los que hemos estado tambi\u00e9n conversando, digo, me parece que ANSES, PAMI, hay gente ac\u00e1 adentro que no me deja mentir. La cantidad de personas de La Libertad Avanza que ingresaron con puestos pol\u00edticos y no pol\u00edticos en organismos como ANSES y PAMI. Y eso es irrefutable eh, porque hay pruebas, de hecho, digo, hay gente ac\u00e1 adentro que no me deja mentir. Y no es que achicaron el personal, sacaron a los kirchneristas, a los peronistas, e hicieron la misma metodolog\u00eda que hab\u00eda hecho el peronismo en todo caso, llenaron ANSES y PAMI de puestos pol\u00edticos de La Libertad Avanza. Entonces digo, si queremos pregonar con el ejemplo, pero no podemos, decimos una cosa, pero hacemos otra. Nada m\u00e1s, era breve, eso era aclarar esa situaci\u00f3n que la verdad yo creo que toda la gente lo sabe, lo ve y lo comparte. Gracias.<\/p>\n<p>&nbsp;<\/p>\n<p><strong><u>#Expte. <\/u><\/strong><strong><u>N\u00ba 49\/26:<\/u><\/strong> D.E. &#8211; Solicita pr\u00f3rroga de eximici\u00f3n de Tasa por Conservaci\u00f3n, Reparaci\u00f3n y Mejorado de la Red Vial para Cuartel IV.<\/p>\n<p>Se aprueba por unanimidad la Ordenanza N\u00ba 4016\/26 por la que se prorroga la eximici\u00f3n de la Tasa por Conservaci\u00f3n, Reparaci\u00f3n y Mejorado de la Red Vial Municipal, dispuesta por Ordenanza N\u00b03895\/25, exclusivamente para el Cuartel IV, por el termino de seis (6) meses, correspondiente al ejercicio 2026.<\/p>\n<p>Se deja sin efecto la eximici\u00f3n establecida para el Cuartel V, por haber cesado las causas que la motivaron.<\/p>\n<p>&nbsp;<\/p>\n<p>Alocuciones de los Concejales:<\/p>\n<p>&nbsp;<\/p>\n<p>Concejal Susana Marcolini:<\/p>\n<p>Lo m\u00e1s breve que pueda, quiero hacer 2 o 3 cuestiones. La primera, antes de esta Sesi\u00f3n tuvimos la presencia de la se\u00f1ora secretaria o prosecretaria, no s\u00e9 exactamente cu\u00e1l es su cargo de Asuntos Legales, que nos ayud\u00f3 a desvincular una cuesti\u00f3n que nos ten\u00eda bastante preocupados respecto del Expediente de la Asociaci\u00f3n de Cuerpos Bomberos Voluntarios. Est\u00e1 absolutamente claro que todos nosotros est\u00e1bamos de acuerdo con lo que se estaba pidiendo que era de alguna forma instalar un centro de operaciones o de instrucciones lo m\u00e1s cercano posible al Cuartel de Bomberos Voluntarios de Tornquist. Estamos absolutamente de acuerdo en que estamos hablando de una de las instituciones m\u00e1s prestigiosas que tiene este pueblo, estamos hablando de que los esfuerzos del Estado con las instituciones intermedias, todos valen la pena, pero particularmente cuando se trata del Cuerpo de Bomberos Voluntarios, es absolutamente un\u00e1nime el hecho de que all\u00ed van a estar los esfuerzos y all\u00ed va a estar el apoyo de todo el mundo, pero esto no es \u00f3bice para que hayamos hecho hincapi\u00e9 en que las documentaciones, las ordenanzas, los contratos, los convenios, \u00faltimamente y particularmente este, est\u00e1n siendo elevados al Concejo Deliberante con lo que entendemos son algunas desprolijidades manifiestas, que hacemos voto para que por favor se mejoren ese tipo de cuestiones, a veces creemos y por supuesto que creemos en la buena voluntad de todo el mundo, pero a veces tambi\u00e9n creemos que hay como una desconsideraci\u00f3n respecto de lo que tiene que hacer este Cuerpo y que nadie va a leer nada y que de todas maneras todos en funci\u00f3n de los objetivos estamos dispuestos a aprobar lo que haya que aprobar. Pues la verdad es que es bastante inc\u00f3modo ponerse a objetar este tipo de cosas cuando estamos de acuerdo en que vamos a aprobar, pero tampoco estamos dispuestos a aprobar cosas que desde el punto de vista t\u00e9cnico o burocr\u00e1tico, nos impliquen errores que estamos conscientes de que estamos incurriendo, en los que estamos incurriendo. Y nos referimos particularmente a este Expediente donde del comienzo del Expediente que es una sesi\u00f3n, pasamos a un convenio de uso que la verdad es que son dos cosas completamente distintas, que pasamos de 5 a\u00f1os que otorgamos la semana pasada o la anterior, con toda conciencia respecto de lo que est\u00e1bamos haciendo. Est\u00e1bamos realmente autorizando el uso de ese espacio por 5 a\u00f1os para el Cuerpo de Bomberos Voluntarios con su correspondiente actualizaci\u00f3n. De pronto pasamos y debemos decir que con la misma convicci\u00f3n a que esto se convierta en 50 a\u00f1os, de 5 a 50, y con una actualizaci\u00f3n autom\u00e1tica por 50 a\u00f1os m\u00e1s. De hecho, estamos hablando de algo que podr\u00edamos pensar en que nos hace responsables por un tiempo para controlar a una cosa que obviamente, gracias a Dios, por desgracia, ninguno de nosotros va a controlar. De manera tal que estamos haciendo de los bienes p\u00fablicos una cuesti\u00f3n que parece como, yo dije una frase ac\u00e1 a la se\u00f1ora Presidenta y es cierto, lo tom\u00f3 seguramente a mal y no es correcto decirlo, pero no estamos jugando con los bienes p\u00fablicos, estamos teniendo la conciencia de que estamos entregando bienes p\u00fablicos, entonces lo tenemos que hacer, porque adem\u00e1s es nuestra funci\u00f3n, con la debida seriedad. \u00bfAlguien nos puede decir por qu\u00e9 esto de ser de 5 a\u00f1os la semana pasada pas\u00f3 a ser 50 a\u00f1os hoy? La verdad es que si yo lo tengo que explicar y la verdad es que esta situaci\u00f3n me pone bastante inc\u00f3moda, no lo s\u00e9 explicar, no s\u00e9 por qu\u00e9. S\u00ed sabemos que lo hicimos con la misma convicci\u00f3n la semana anterior y con la que lo hicimos hoy, vot\u00e1ndolo en favor del Cuerpo de Bomberos Voluntarios, lo insisto una vez m\u00e1s, porque eso es lo que vale la pena destacar. Ahora bien, como estamos en estas \u00e9pocas de Sesiones Extraordinarias y no tenemos por l\u00f3gica funcionamiento de las Comisiones de Trabajo y que tampoco tenemos funcionamiento de comisiones de labor parlamentaria, este tipo de cosas son desprolijidades que tenemos que arreglar de alguna manera 5 minutos antes de la Sesi\u00f3n que no parecer\u00eda que es lo m\u00e1s prudente. Por otro lado, quiero usar estos 2 minutos que me voy a tomar para hacer menci\u00f3n a dos problem\u00e1ticas que me parece dentro de todas las que hay que me parece que tienen que ser o nos parece como Bloque que tienen que ser de tratamiento casi urgente respecto del Departamento Ejecutivo Municipal. Una es la limpieza de terrenos y de espacios a veces en la v\u00eda p\u00fablica, porque una cosa es intimar a los vecinos porque existen los instrumentos para intimar a los vecinos y esto no se dice con fines recaudatorios, lo digo por fines de seguridad, sobre todo en Tornquist y en las localidades tambi\u00e9n, particularmente en Saldungaray llama mucho la atenci\u00f3n c\u00f3mo est\u00e1n los terrenos bald\u00edos, pero tambi\u00e9n c\u00f3mo est\u00e1n las v\u00edas p\u00fablicas donde en algunos lugares, menciono concretamente la esquina entre la Avenida Rivadavia y creo que puede ser Libertad, donde se est\u00e1 formando un basural en la esquina, me comprometo a concretar el dato porque la verdad es que como todo buen vecino s\u00e9 por d\u00f3nde paso, pero no recuerdo exactamente el nombre de la calle. Ese es un tema y el levantamiento de chatarras es otro gran tema que habr\u00eda que intimar a los vecinos para que los sacaran de la v\u00eda p\u00fablica, pero que si no es as\u00ed el municipio tendr\u00eda que encontrar alguna forma de levantarlos porque hay veredas que est\u00e1n francamente ocupadas por desechos y chatarras y eso la verdad es que adem\u00e1s de que es peligroso, es improcedente bajo todo punto de vista. Y voy a traer a colaci\u00f3n con el permiso de las comunidades vecinas, el tema recurrente de Saldungaray y las motos y los ca\u00f1os de escape y no s\u00e9 qu\u00e9 cosa pasa, pero la verdad es que todos los instrumentos, las ordenanzas y las leyes provinciales y nacionales est\u00e1n en vigencia, por lo tanto, no sabemos, no entendemos, no damos cr\u00e9dito respecto de por qu\u00e9 es un tema que altera y todav\u00eda altera de tal manera a las comunidades, particularmente a las comunidades de Saldungaray. Hablo de motos con escape libre, o no s\u00e9 c\u00f3mo se llama. Gracias.<\/p>\n<p>&nbsp;<\/p>\n<p>Concejal Blas Saric:<\/p>\n<p>No, sencillamente para dar un poco de respuesta en referencia a la alocuci\u00f3n. S\u00ed, estamos convencidos y el ajuste a nivel nacional, no s\u00e9 por qu\u00e9 llevamos un tema a nivel nacional, que uno pretend\u00eda o hablaba de cuestiones y esfuerzos que pod\u00edamos hacer a nivel local, pero ya que est\u00e1, tambi\u00e9n lo comento. S\u00ed se ha hecho esfuerzo, s\u00ed desde la conducci\u00f3n nacional se bajaron 60.000 empleados dudosos, que habitualmente se llaman \u00f1oquis, que dej\u00f3 el gobierno anterior y que cobraban un sueldo, eso lo hizo tambi\u00e9n el Gobierno Nacional. Se encarga de bajar la inflaci\u00f3n, se encarga de bajar la pobreza y se encarga de dar un marco econ\u00f3mico donde se pueda empezar a desarrollar y se pueda hacer un pa\u00eds normal, que claramente eso requiere ciertos esfuerzos y que obviamente van a dar un buen resultado y ya se est\u00e1n comenzando a ver los resultados. Estoy sorprendido y me alegra que se preocupen de los incendios en el sur y que se prende fuego el sur, pero no los vi preocupados cuando estaban prendiendo fuego el pa\u00eds, dejando 211% de inflaci\u00f3n y 57% de pobreza. Muchas gracias.<\/p>\n<p>&nbsp;<\/p>\n<p>Concejal Mariano N\u00fa\u00f1ez:<\/p>\n<p>Bueno, no, solamente quer\u00eda decir que yo s\u00ed creo que la planta pol\u00edtica, no solo a nivel local, sino a nivel pa\u00eds, debe ajustarse a la realidad porque creo que todo lo que nos est\u00e1 pasando es una sumatoria de mandatos pol\u00edticos, de gobiernos que nos vienen sucediendo y que todo lo que est\u00e1 a la vista pas\u00f3 por las malas dirigencias de los pol\u00edticos y yo creo que se puede revertir. En lo personal digo que podemos cambiar la realidad, podemos cambiar nosotros desde nuestro lugar, por supuesto, por eso yo invito a todos los Concejales a tomar decisiones coherentes y con la mejor intenci\u00f3n posible. Yo digo que m\u00e1s all\u00e1 de que a veces uno parece un Boca River, \u00bfno?, porque yo entiendo los lineamientos pol\u00edticos y las bajadas de l\u00edneas, pero por sobre todo eso creo que est\u00e1 la coherencia de cada uno, de decir, bueno, \u00bfqu\u00e9 queremos? \u00bfQueremos un cambio? \u00bfQueremos mejorar? \u00bfQueremos que el pa\u00eds realmente salga adelante? Entonces, bueno, me parece que es por ah\u00ed, uno se puede equivocar, pero yo creo que, por lo menos en lo personal, tengo la mejor predisposici\u00f3n y la mejor intenci\u00f3n para que esto realmente cambie. La verdad que creo que el ejemplo lo tienen que dar los pol\u00edticos y bueno, se empieza por casa, me parece a m\u00ed, as\u00ed que nada, quiero decirles que espero que en este nuevo camino, por lo menos en mi caso, que estoy empezando a dar los primeros pasos, tratemos de dar lo mejor de nosotros para que por lo menos nuestro distrito empiece a mejorar y empiece a cambiar y yo digo siempre, lo que est\u00e1 mal, est\u00e1 mal, lo haga quien lo haga y bueno, que de una vez por todas empecemos a querer ver un pa\u00eds mucho mejor y un distrito mucho mejor. Nada m\u00e1s por el momento, muchas gracias.<\/p>\n<p>&nbsp;<\/p>\n<p>Concejal Gustavo Lanaro:<\/p>\n<p>Para aclarar lo de bomberos, de por qu\u00e9 la modificaci\u00f3n de 5 a 50, es que la Asociaci\u00f3n tampoco quiere invertir solamente por 5 a\u00f1os, \u00bfno?, y lo veo l\u00f3gico, hablando algo personal, cuando a nosotros tambi\u00e9n se nos otorg\u00f3 el predio Papeleros, creo que lo hicimos por 25 a\u00f1os y nos pas\u00f3 lo mismo, o sea, nosotros la verdad que ped\u00edamos m\u00e1s a\u00f1os, se termin\u00f3 haciendo por 25, con la opci\u00f3n del d\u00eda de ma\u00f1ana modificarlo y bueno, veo l\u00f3gico que los bomberos tambi\u00e9n pidan eso, en modificar de 5 a 50 a\u00f1os por un tema de inversi\u00f3n, nada m\u00e1s, nosotros, no quiero hablar de n\u00fameros, pero hemos invertido una buena plata y la idea es, en nuestro caso no es recuperarla y creo que los bomberos tampoco, pero bueno, dar esos beneficios por un tiempo mucho mayor, solamente eso.<\/p>\n<p>&nbsp;<\/p>\n<p>Concejal Javier Llarrull:<\/p>\n<p>Y quer\u00eda agregar algo tambi\u00e9n a lo que dec\u00eda reci\u00e9n el Concejal. Pensemos que vamos a tener un centro de capacitaci\u00f3n tambi\u00e9n en Tornquist para los bomberos, que eso es muy importante, no tener que viajar los chicos a hacer capacitaciones a otro lado, ah\u00ed tambi\u00e9n est\u00e1 un poco el tema del por qu\u00e9 la cantidad de a\u00f1os, as\u00ed que yo lo celebro. Gracias.<\/p>\n<p>&nbsp;<\/p>\n<p>Concejal Mar\u00eda Romero:<\/p>\n<p>Bueno, lo m\u00edo tambi\u00e9n es breve, me sumo a las palabras de mis compa\u00f1eros concejales con la determinaci\u00f3n para el Cuartel de Bomberos de ac\u00e1 de Tornquist. Creo que es sumamente importante que tengan ese lugar para sus capacitaciones y seguir creciendo en su actividad. Luego tambi\u00e9n me quiero referir que ac\u00e1 en el distrito, en el Recinto, no podemos resolver solamente lo que sucede en el distrito. Creo que tambi\u00e9n tenemos que evaluar lo que nos est\u00e1 pasando a nivel pa\u00eds porque creo que viene todo de la mano, no es que resolvemos solamente lo de ac\u00e1 y hacemos la vista al costado de lo que nos est\u00e1 sucediendo a nivel nacional cuando yo no veo ning\u00fan tipo de mejoras en relaci\u00f3n a nivel nacional cuando tenemos obras detenidas, obras que no siguen avanzando, rutas nacionales destruidas. Entonces me gustar\u00eda por ah\u00ed ver cu\u00e1les son las mejoras que tenemos porque la verdad que todos estamos padeciendo esa situaci\u00f3n econ\u00f3mica a nivel nacional. Nada m\u00e1s, gracias.<\/p>\n<p>&nbsp;<\/p>\n<p>HONORABLE CONCEJO DELIBERANTE.<\/p>\n<p><img loading=\"lazy\" decoding=\"async\" class=\"alignnone wp-image-91046 size-large\" src=\"https:\/\/www.celttv.com.ar\/wp-content\/uploads\/2026\/01\/WhatsApp-Image-2026-01-27-at-11.49.15-576x1024.jpeg\" alt=\"\" width=\"576\" height=\"1024\" srcset=\"https:\/\/www.celttv.com.ar\/wp-content\/uploads\/2026\/01\/WhatsApp-Image-2026-01-27-at-11.49.15-576x1024.jpeg 576w, https:\/\/www.celttv.com.ar\/wp-content\/uploads\/2026\/01\/WhatsApp-Image-2026-01-27-at-11.49.15-169x300.jpeg 169w, https:\/\/www.celttv.com.ar\/wp-content\/uploads\/2026\/01\/WhatsApp-Image-2026-01-27-at-11.49.15-768x1365.jpeg 768w, https:\/\/www.celttv.com.ar\/wp-content\/uploads\/2026\/01\/WhatsApp-Image-2026-01-27-at-11.49.15-864x1536.jpeg 864w, https:\/\/www.celttv.com.ar\/wp-content\/uploads\/2026\/01\/WhatsApp-Image-2026-01-27-at-11.49.15-750x1333.jpeg 750w, https:\/\/www.celttv.com.ar\/wp-content\/uploads\/2026\/01\/WhatsApp-Image-2026-01-27-at-11.49.15.jpeg 900w\" sizes=\"auto, (max-width: 576px) 100vw, 576px\" \/> <img loading=\"lazy\" decoding=\"async\" class=\"alignnone wp-image-91047 size-large\" src=\"https:\/\/www.celttv.com.ar\/wp-content\/uploads\/2026\/01\/WhatsApp-Image-2026-01-27-at-11.49.16-1-1024x576.jpeg\" alt=\"\" width=\"1024\" height=\"576\" srcset=\"https:\/\/www.celttv.com.ar\/wp-content\/uploads\/2026\/01\/WhatsApp-Image-2026-01-27-at-11.49.16-1-1024x576.jpeg 1024w, https:\/\/www.celttv.com.ar\/wp-content\/uploads\/2026\/01\/WhatsApp-Image-2026-01-27-at-11.49.16-1-300x169.jpeg 300w, https:\/\/www.celttv.com.ar\/wp-content\/uploads\/2026\/01\/WhatsApp-Image-2026-01-27-at-11.49.16-1-768x432.jpeg 768w, https:\/\/www.celttv.com.ar\/wp-content\/uploads\/2026\/01\/WhatsApp-Image-2026-01-27-at-11.49.16-1-1536x864.jpeg 1536w, https:\/\/www.celttv.com.ar\/wp-content\/uploads\/2026\/01\/WhatsApp-Image-2026-01-27-at-11.49.16-1-750x422.jpeg 750w, https:\/\/www.celttv.com.ar\/wp-content\/uploads\/2026\/01\/WhatsApp-Image-2026-01-27-at-11.49.16-1-1140x641.jpeg 1140w, https:\/\/www.celttv.com.ar\/wp-content\/uploads\/2026\/01\/WhatsApp-Image-2026-01-27-at-11.49.16-1.jpeg 1600w\" sizes=\"auto, (max-width: 1024px) 100vw, 1024px\" \/> <img loading=\"lazy\" decoding=\"async\" class=\"alignnone wp-image-91048 size-large\" src=\"https:\/\/www.celttv.com.ar\/wp-content\/uploads\/2026\/01\/WhatsApp-Image-2026-01-27-at-11.49.16-2-1024x576.jpeg\" alt=\"\" width=\"1024\" height=\"576\" srcset=\"https:\/\/www.celttv.com.ar\/wp-content\/uploads\/2026\/01\/WhatsApp-Image-2026-01-27-at-11.49.16-2-1024x576.jpeg 1024w, https:\/\/www.celttv.com.ar\/wp-content\/uploads\/2026\/01\/WhatsApp-Image-2026-01-27-at-11.49.16-2-300x169.jpeg 300w, https:\/\/www.celttv.com.ar\/wp-content\/uploads\/2026\/01\/WhatsApp-Image-2026-01-27-at-11.49.16-2-768x432.jpeg 768w, https:\/\/www.celttv.com.ar\/wp-content\/uploads\/2026\/01\/WhatsApp-Image-2026-01-27-at-11.49.16-2-1536x864.jpeg 1536w, https:\/\/www.celttv.com.ar\/wp-content\/uploads\/2026\/01\/WhatsApp-Image-2026-01-27-at-11.49.16-2-750x422.jpeg 750w, https:\/\/www.celttv.com.ar\/wp-content\/uploads\/2026\/01\/WhatsApp-Image-2026-01-27-at-11.49.16-2-1140x641.jpeg 1140w, https:\/\/www.celttv.com.ar\/wp-content\/uploads\/2026\/01\/WhatsApp-Image-2026-01-27-at-11.49.16-2.jpeg 1600w\" sizes=\"auto, (max-width: 1024px) 100vw, 1024px\" \/> <img loading=\"lazy\" decoding=\"async\" class=\"alignnone wp-image-91049 size-large\" src=\"https:\/\/www.celttv.com.ar\/wp-content\/uploads\/2026\/01\/WhatsApp-Image-2026-01-27-at-11.49.16-3-1024x576.jpeg\" alt=\"\" width=\"1024\" height=\"576\" srcset=\"https:\/\/www.celttv.com.ar\/wp-content\/uploads\/2026\/01\/WhatsApp-Image-2026-01-27-at-11.49.16-3-1024x576.jpeg 1024w, https:\/\/www.celttv.com.ar\/wp-content\/uploads\/2026\/01\/WhatsApp-Image-2026-01-27-at-11.49.16-3-300x169.jpeg 300w, https:\/\/www.celttv.com.ar\/wp-content\/uploads\/2026\/01\/WhatsApp-Image-2026-01-27-at-11.49.16-3-768x432.jpeg 768w, https:\/\/www.celttv.com.ar\/wp-content\/uploads\/2026\/01\/WhatsApp-Image-2026-01-27-at-11.49.16-3-1536x864.jpeg 1536w, https:\/\/www.celttv.com.ar\/wp-content\/uploads\/2026\/01\/WhatsApp-Image-2026-01-27-at-11.49.16-3-750x422.jpeg 750w, https:\/\/www.celttv.com.ar\/wp-content\/uploads\/2026\/01\/WhatsApp-Image-2026-01-27-at-11.49.16-3-1140x641.jpeg 1140w, https:\/\/www.celttv.com.ar\/wp-content\/uploads\/2026\/01\/WhatsApp-Image-2026-01-27-at-11.49.16-3.jpeg 1600w\" sizes=\"auto, (max-width: 1024px) 100vw, 1024px\" \/> <img loading=\"lazy\" decoding=\"async\" class=\"alignnone wp-image-91050 size-large\" src=\"https:\/\/www.celttv.com.ar\/wp-content\/uploads\/2026\/01\/WhatsApp-Image-2026-01-27-at-11.49.16-4-1024x576.jpeg\" alt=\"\" width=\"1024\" height=\"576\" srcset=\"https:\/\/www.celttv.com.ar\/wp-content\/uploads\/2026\/01\/WhatsApp-Image-2026-01-27-at-11.49.16-4-1024x576.jpeg 1024w, https:\/\/www.celttv.com.ar\/wp-content\/uploads\/2026\/01\/WhatsApp-Image-2026-01-27-at-11.49.16-4-300x169.jpeg 300w, https:\/\/www.celttv.com.ar\/wp-content\/uploads\/2026\/01\/WhatsApp-Image-2026-01-27-at-11.49.16-4-768x432.jpeg 768w, https:\/\/www.celttv.com.ar\/wp-content\/uploads\/2026\/01\/WhatsApp-Image-2026-01-27-at-11.49.16-4-1536x864.jpeg 1536w, https:\/\/www.celttv.com.ar\/wp-content\/uploads\/2026\/01\/WhatsApp-Image-2026-01-27-at-11.49.16-4-750x422.jpeg 750w, https:\/\/www.celttv.com.ar\/wp-content\/uploads\/2026\/01\/WhatsApp-Image-2026-01-27-at-11.49.16-4-1140x641.jpeg 1140w, https:\/\/www.celttv.com.ar\/wp-content\/uploads\/2026\/01\/WhatsApp-Image-2026-01-27-at-11.49.16-4.jpeg 1600w\" sizes=\"auto, (max-width: 1024px) 100vw, 1024px\" \/> <img loading=\"lazy\" decoding=\"async\" class=\"alignnone wp-image-91051 size-large\" src=\"https:\/\/www.celttv.com.ar\/wp-content\/uploads\/2026\/01\/WhatsApp-Image-2026-01-27-at-11.49.16-5-576x1024.jpeg\" alt=\"\" width=\"576\" height=\"1024\" srcset=\"https:\/\/www.celttv.com.ar\/wp-content\/uploads\/2026\/01\/WhatsApp-Image-2026-01-27-at-11.49.16-5-576x1024.jpeg 576w, https:\/\/www.celttv.com.ar\/wp-content\/uploads\/2026\/01\/WhatsApp-Image-2026-01-27-at-11.49.16-5-169x300.jpeg 169w, https:\/\/www.celttv.com.ar\/wp-content\/uploads\/2026\/01\/WhatsApp-Image-2026-01-27-at-11.49.16-5-768x1365.jpeg 768w, https:\/\/www.celttv.com.ar\/wp-content\/uploads\/2026\/01\/WhatsApp-Image-2026-01-27-at-11.49.16-5-864x1536.jpeg 864w, https:\/\/www.celttv.com.ar\/wp-content\/uploads\/2026\/01\/WhatsApp-Image-2026-01-27-at-11.49.16-5-750x1333.jpeg 750w, https:\/\/www.celttv.com.ar\/wp-content\/uploads\/2026\/01\/WhatsApp-Image-2026-01-27-at-11.49.16-5.jpeg 900w\" sizes=\"auto, (max-width: 576px) 100vw, 576px\" \/> <img loading=\"lazy\" decoding=\"async\" class=\"alignnone wp-image-91052 size-large\" src=\"https:\/\/www.celttv.com.ar\/wp-content\/uploads\/2026\/01\/WhatsApp-Image-2026-01-27-at-11.49.16-1024x576.jpeg\" alt=\"\" width=\"1024\" height=\"576\" srcset=\"https:\/\/www.celttv.com.ar\/wp-content\/uploads\/2026\/01\/WhatsApp-Image-2026-01-27-at-11.49.16-1024x576.jpeg 1024w, https:\/\/www.celttv.com.ar\/wp-content\/uploads\/2026\/01\/WhatsApp-Image-2026-01-27-at-11.49.16-300x169.jpeg 300w, https:\/\/www.celttv.com.ar\/wp-content\/uploads\/2026\/01\/WhatsApp-Image-2026-01-27-at-11.49.16-768x432.jpeg 768w, https:\/\/www.celttv.com.ar\/wp-content\/uploads\/2026\/01\/WhatsApp-Image-2026-01-27-at-11.49.16-1536x864.jpeg 1536w, https:\/\/www.celttv.com.ar\/wp-content\/uploads\/2026\/01\/WhatsApp-Image-2026-01-27-at-11.49.16-750x422.jpeg 750w, https:\/\/www.celttv.com.ar\/wp-content\/uploads\/2026\/01\/WhatsApp-Image-2026-01-27-at-11.49.16-1140x641.jpeg 1140w, https:\/\/www.celttv.com.ar\/wp-content\/uploads\/2026\/01\/WhatsApp-Image-2026-01-27-at-11.49.16.jpeg 1600w\" sizes=\"auto, (max-width: 1024px) 100vw, 1024px\" \/><\/p>\n<p>&nbsp;<\/p>\n","protected":false},"excerpt":{"rendered":"<p>INFORME DE LA\u00a0 SESI\u00d3N EXTRAORDINARIA DE FECHA 27-01-26 \u00a0 Convocados por el Decreto N\u00ba 03\/26, los Concejales se hacen presentes en el Recinto del H.C.D. para realizar la Sesi\u00f3n Extraordinaria el d\u00eda 27 de enero de 2026 a la hora 8:30, con el objeto de tratar los siguientes temas: &nbsp; #Expte. N\u00ba 429\/25: &#8211; P. [&hellip;]<\/p>\n","protected":false},"author":5,"featured_media":91049,"comment_status":"closed","ping_status":"closed","sticky":false,"template":"","format":"standard","meta":{"footnotes":""},"categories":[53,1],"tags":[],"class_list":["post-91044","post","type-post","status-publish","format-standard","has-post-thumbnail","hentry","category-politica","category-sin-categoria"],"yoast_head":"<!-- This site is optimized with the Yoast SEO plugin v19.7.1 - https:\/\/yoast.com\/wordpress\/plugins\/seo\/ -->\n<title>HCD: Informe de la sesi\u00f3n extrordinaria del 27-01-26 (FOTOS) - CELTTV<\/title>\n<meta name=\"description\" content=\"Sitio web de noticias de la localidad de Tornquist, provincia de Buenos Aires, Rep\u00fablica Argentina. Contenido propio originado por periodistas de CELTTV, el canal de TV local de la Cooperativa El\u00e9ctrica de Tornquist. Turismo, Pol\u00edtica, Sociedad, Deporte, Cultura y todo el contenido de inter\u00e9s general que la gente del pueblo y la regi\u00f3n debe conocer.\" \/>\n<meta name=\"robots\" content=\"index, follow, max-snippet:-1, max-image-preview:large, max-video-preview:-1\" \/>\n<link rel=\"canonical\" href=\"https:\/\/www.celttv.com.ar\/index.php\/2026\/01\/28\/hcd-informe-de-la-sesion-extrordinaria-del-27-01-26-fotos\/\" \/>\n<meta property=\"og:locale\" content=\"es_ES\" \/>\n<meta property=\"og:type\" content=\"article\" \/>\n<meta property=\"og:title\" content=\"HCD: Informe de la sesi\u00f3n extrordinaria del 27-01-26 (FOTOS) - CELTTV\" \/>\n<meta property=\"og:description\" content=\"Sitio web de noticias de la localidad de Tornquist, provincia de Buenos Aires, Rep\u00fablica Argentina. Contenido propio originado por periodistas de CELTTV, el canal de TV local de la Cooperativa El\u00e9ctrica de Tornquist. Turismo, Pol\u00edtica, Sociedad, Deporte, Cultura y todo el contenido de inter\u00e9s general que la gente del pueblo y la regi\u00f3n debe conocer.\" \/>\n<meta property=\"og:url\" content=\"https:\/\/www.celttv.com.ar\/index.php\/2026\/01\/28\/hcd-informe-de-la-sesion-extrordinaria-del-27-01-26-fotos\/\" \/>\n<meta property=\"og:site_name\" content=\"CELTTV\" \/>\n<meta property=\"article:publisher\" content=\"https:\/\/www.facebook.com\/celtTV\/\" \/>\n<meta property=\"article:published_time\" content=\"2026-01-28T20:52:27+00:00\" \/>\n<meta property=\"article:modified_time\" content=\"2026-01-28T20:52:37+00:00\" \/>\n<meta property=\"og:image\" content=\"https:\/\/www.celttv.com.ar\/wp-content\/uploads\/2026\/01\/WhatsApp-Image-2026-01-27-at-11.49.16-3.jpeg\" \/>\n\t<meta property=\"og:image:width\" content=\"1600\" \/>\n\t<meta property=\"og:image:height\" content=\"900\" \/>\n\t<meta property=\"og:image:type\" content=\"image\/jpeg\" \/>\n<meta name=\"author\" content=\"Miguel Herrada\" \/>\n<meta name=\"twitter:card\" content=\"summary_large_image\" \/>\n<meta name=\"twitter:label1\" content=\"Escrito por\" \/>\n\t<meta name=\"twitter:data1\" content=\"Miguel Herrada\" \/>\n\t<meta name=\"twitter:label2\" content=\"Tiempo de lectura\" \/>\n\t<meta name=\"twitter:data2\" content=\"26 minutos\" \/>\n<script type=\"application\/ld+json\" class=\"yoast-schema-graph\">{\"@context\":\"https:\/\/schema.org\",\"@graph\":[{\"@type\":\"NewsArticle\",\"@id\":\"https:\/\/www.celttv.com.ar\/index.php\/2026\/01\/28\/hcd-informe-de-la-sesion-extrordinaria-del-27-01-26-fotos\/#article\",\"isPartOf\":{\"@id\":\"https:\/\/www.celttv.com.ar\/index.php\/2026\/01\/28\/hcd-informe-de-la-sesion-extrordinaria-del-27-01-26-fotos\/\"},\"author\":{\"name\":\"Miguel Herrada\",\"@id\":\"https:\/\/www.celttv.com.ar\/#\/schema\/person\/9059dc91dc7204ef4182cdb65225f07d\"},\"headline\":\"HCD: Informe de la sesi\u00f3n extrordinaria del 27-01-26 (FOTOS)\",\"datePublished\":\"2026-01-28T20:52:27+00:00\",\"dateModified\":\"2026-01-28T20:52:37+00:00\",\"mainEntityOfPage\":{\"@id\":\"https:\/\/www.celttv.com.ar\/index.php\/2026\/01\/28\/hcd-informe-de-la-sesion-extrordinaria-del-27-01-26-fotos\/\"},\"wordCount\":5234,\"publisher\":{\"@id\":\"https:\/\/www.celttv.com.ar\/#organization\"},\"articleSection\":[\"Pol\u00edtica\"],\"inLanguage\":\"es\"},{\"@type\":\"WebPage\",\"@id\":\"https:\/\/www.celttv.com.ar\/index.php\/2026\/01\/28\/hcd-informe-de-la-sesion-extrordinaria-del-27-01-26-fotos\/\",\"url\":\"https:\/\/www.celttv.com.ar\/index.php\/2026\/01\/28\/hcd-informe-de-la-sesion-extrordinaria-del-27-01-26-fotos\/\",\"name\":\"HCD: Informe de la sesi\u00f3n extrordinaria del 27-01-26 (FOTOS) - CELTTV\",\"isPartOf\":{\"@id\":\"https:\/\/www.celttv.com.ar\/#website\"},\"datePublished\":\"2026-01-28T20:52:27+00:00\",\"dateModified\":\"2026-01-28T20:52:37+00:00\",\"description\":\"Sitio web de noticias de la localidad de Tornquist, provincia de Buenos Aires, Rep\u00fablica Argentina. Contenido propio originado por periodistas de CELTTV, el canal de TV local de la Cooperativa El\u00e9ctrica de Tornquist. Turismo, Pol\u00edtica, Sociedad, Deporte, Cultura y todo el contenido de inter\u00e9s general que la gente del pueblo y la regi\u00f3n debe conocer.\",\"breadcrumb\":{\"@id\":\"https:\/\/www.celttv.com.ar\/index.php\/2026\/01\/28\/hcd-informe-de-la-sesion-extrordinaria-del-27-01-26-fotos\/#breadcrumb\"},\"inLanguage\":\"es\",\"potentialAction\":[{\"@type\":\"ReadAction\",\"target\":[\"https:\/\/www.celttv.com.ar\/index.php\/2026\/01\/28\/hcd-informe-de-la-sesion-extrordinaria-del-27-01-26-fotos\/\"]}]},{\"@type\":\"BreadcrumbList\",\"@id\":\"https:\/\/www.celttv.com.ar\/index.php\/2026\/01\/28\/hcd-informe-de-la-sesion-extrordinaria-del-27-01-26-fotos\/#breadcrumb\",\"itemListElement\":[{\"@type\":\"ListItem\",\"position\":1,\"name\":\"Inicio\",\"item\":\"https:\/\/www.celttv.com.ar\/\"},{\"@type\":\"ListItem\",\"position\":2,\"name\":\"HCD: Informe de la sesi\u00f3n extrordinaria del 27-01-26 (FOTOS)\"}]},{\"@type\":\"WebSite\",\"@id\":\"https:\/\/www.celttv.com.ar\/#website\",\"url\":\"https:\/\/www.celttv.com.ar\/\",\"name\":\"CELTTV\",\"description\":\"Cooperativa El\u00e9ctrica de Tornquist\",\"publisher\":{\"@id\":\"https:\/\/www.celttv.com.ar\/#organization\"},\"potentialAction\":[{\"@type\":\"SearchAction\",\"target\":{\"@type\":\"EntryPoint\",\"urlTemplate\":\"https:\/\/www.celttv.com.ar\/?s={search_term_string}\"},\"query-input\":\"required name=search_term_string\"}],\"inLanguage\":\"es\"},{\"@type\":\"Organization\",\"@id\":\"https:\/\/www.celttv.com.ar\/#organization\",\"name\":\"CELTTV\",\"url\":\"https:\/\/www.celttv.com.ar\/\",\"sameAs\":[\"https:\/\/www.youtube.com\/channel\/UCz_oIt8Hig64Ub-EmcNPIhg\",\"https:\/\/www.facebook.com\/celtTV\/\"],\"logo\":{\"@type\":\"ImageObject\",\"inLanguage\":\"es\",\"@id\":\"https:\/\/www.celttv.com.ar\/#\/schema\/logo\/image\/\",\"url\":\"http:\/\/www.celttv.com.ar\/wp-content\/uploads\/2022\/08\/logo-1.png\",\"contentUrl\":\"http:\/\/www.celttv.com.ar\/wp-content\/uploads\/2022\/08\/logo-1.png\",\"width\":461,\"height\":159,\"caption\":\"CELTTV\"},\"image\":{\"@id\":\"https:\/\/www.celttv.com.ar\/#\/schema\/logo\/image\/\"}},{\"@type\":\"Person\",\"@id\":\"https:\/\/www.celttv.com.ar\/#\/schema\/person\/9059dc91dc7204ef4182cdb65225f07d\",\"name\":\"Miguel Herrada\",\"image\":{\"@type\":\"ImageObject\",\"inLanguage\":\"es\",\"@id\":\"https:\/\/www.celttv.com.ar\/#\/schema\/person\/image\/\",\"url\":\"https:\/\/secure.gravatar.com\/avatar\/67724d5b3c716623ffd76bec7e45841a442ac3b456e914dbba90b0fad2b8e0b1?s=96&d=mm&r=g\",\"contentUrl\":\"https:\/\/secure.gravatar.com\/avatar\/67724d5b3c716623ffd76bec7e45841a442ac3b456e914dbba90b0fad2b8e0b1?s=96&d=mm&r=g\",\"caption\":\"Miguel Herrada\"}}]}<\/script>\n<!-- \/ Yoast SEO plugin. -->","yoast_head_json":{"title":"HCD: Informe de la sesi\u00f3n extrordinaria del 27-01-26 (FOTOS) - CELTTV","description":"Sitio web de noticias de la localidad de Tornquist, provincia de Buenos Aires, Rep\u00fablica Argentina. Contenido propio originado por periodistas de CELTTV, el canal de TV local de la Cooperativa El\u00e9ctrica de Tornquist. Turismo, Pol\u00edtica, Sociedad, Deporte, Cultura y todo el contenido de inter\u00e9s general que la gente del pueblo y la regi\u00f3n debe conocer.","robots":{"index":"index","follow":"follow","max-snippet":"max-snippet:-1","max-image-preview":"max-image-preview:large","max-video-preview":"max-video-preview:-1"},"canonical":"https:\/\/www.celttv.com.ar\/index.php\/2026\/01\/28\/hcd-informe-de-la-sesion-extrordinaria-del-27-01-26-fotos\/","og_locale":"es_ES","og_type":"article","og_title":"HCD: Informe de la sesi\u00f3n extrordinaria del 27-01-26 (FOTOS) - CELTTV","og_description":"Sitio web de noticias de la localidad de Tornquist, provincia de Buenos Aires, Rep\u00fablica Argentina. Contenido propio originado por periodistas de CELTTV, el canal de TV local de la Cooperativa El\u00e9ctrica de Tornquist. Turismo, Pol\u00edtica, Sociedad, Deporte, Cultura y todo el contenido de inter\u00e9s general que la gente del pueblo y la regi\u00f3n debe conocer.","og_url":"https:\/\/www.celttv.com.ar\/index.php\/2026\/01\/28\/hcd-informe-de-la-sesion-extrordinaria-del-27-01-26-fotos\/","og_site_name":"CELTTV","article_publisher":"https:\/\/www.facebook.com\/celtTV\/","article_published_time":"2026-01-28T20:52:27+00:00","article_modified_time":"2026-01-28T20:52:37+00:00","og_image":[{"width":1600,"height":900,"url":"https:\/\/www.celttv.com.ar\/wp-content\/uploads\/2026\/01\/WhatsApp-Image-2026-01-27-at-11.49.16-3.jpeg","type":"image\/jpeg"}],"author":"Miguel Herrada","twitter_card":"summary_large_image","twitter_misc":{"Escrito por":"Miguel Herrada","Tiempo de lectura":"26 minutos"},"schema":{"@context":"https:\/\/schema.org","@graph":[{"@type":"NewsArticle","@id":"https:\/\/www.celttv.com.ar\/index.php\/2026\/01\/28\/hcd-informe-de-la-sesion-extrordinaria-del-27-01-26-fotos\/#article","isPartOf":{"@id":"https:\/\/www.celttv.com.ar\/index.php\/2026\/01\/28\/hcd-informe-de-la-sesion-extrordinaria-del-27-01-26-fotos\/"},"author":{"name":"Miguel Herrada","@id":"https:\/\/www.celttv.com.ar\/#\/schema\/person\/9059dc91dc7204ef4182cdb65225f07d"},"headline":"HCD: Informe de la sesi\u00f3n extrordinaria del 27-01-26 (FOTOS)","datePublished":"2026-01-28T20:52:27+00:00","dateModified":"2026-01-28T20:52:37+00:00","mainEntityOfPage":{"@id":"https:\/\/www.celttv.com.ar\/index.php\/2026\/01\/28\/hcd-informe-de-la-sesion-extrordinaria-del-27-01-26-fotos\/"},"wordCount":5234,"publisher":{"@id":"https:\/\/www.celttv.com.ar\/#organization"},"articleSection":["Pol\u00edtica"],"inLanguage":"es"},{"@type":"WebPage","@id":"https:\/\/www.celttv.com.ar\/index.php\/2026\/01\/28\/hcd-informe-de-la-sesion-extrordinaria-del-27-01-26-fotos\/","url":"https:\/\/www.celttv.com.ar\/index.php\/2026\/01\/28\/hcd-informe-de-la-sesion-extrordinaria-del-27-01-26-fotos\/","name":"HCD: Informe de la sesi\u00f3n extrordinaria del 27-01-26 (FOTOS) - CELTTV","isPartOf":{"@id":"https:\/\/www.celttv.com.ar\/#website"},"datePublished":"2026-01-28T20:52:27+00:00","dateModified":"2026-01-28T20:52:37+00:00","description":"Sitio web de noticias de la localidad de Tornquist, provincia de Buenos Aires, Rep\u00fablica Argentina. Contenido propio originado por periodistas de CELTTV, el canal de TV local de la Cooperativa El\u00e9ctrica de Tornquist. Turismo, Pol\u00edtica, Sociedad, Deporte, Cultura y todo el contenido de inter\u00e9s general que la gente del pueblo y la regi\u00f3n debe conocer.","breadcrumb":{"@id":"https:\/\/www.celttv.com.ar\/index.php\/2026\/01\/28\/hcd-informe-de-la-sesion-extrordinaria-del-27-01-26-fotos\/#breadcrumb"},"inLanguage":"es","potentialAction":[{"@type":"ReadAction","target":["https:\/\/www.celttv.com.ar\/index.php\/2026\/01\/28\/hcd-informe-de-la-sesion-extrordinaria-del-27-01-26-fotos\/"]}]},{"@type":"BreadcrumbList","@id":"https:\/\/www.celttv.com.ar\/index.php\/2026\/01\/28\/hcd-informe-de-la-sesion-extrordinaria-del-27-01-26-fotos\/#breadcrumb","itemListElement":[{"@type":"ListItem","position":1,"name":"Inicio","item":"https:\/\/www.celttv.com.ar\/"},{"@type":"ListItem","position":2,"name":"HCD: Informe de la sesi\u00f3n extrordinaria del 27-01-26 (FOTOS)"}]},{"@type":"WebSite","@id":"https:\/\/www.celttv.com.ar\/#website","url":"https:\/\/www.celttv.com.ar\/","name":"CELTTV","description":"Cooperativa El\u00e9ctrica de Tornquist","publisher":{"@id":"https:\/\/www.celttv.com.ar\/#organization"},"potentialAction":[{"@type":"SearchAction","target":{"@type":"EntryPoint","urlTemplate":"https:\/\/www.celttv.com.ar\/?s={search_term_string}"},"query-input":"required name=search_term_string"}],"inLanguage":"es"},{"@type":"Organization","@id":"https:\/\/www.celttv.com.ar\/#organization","name":"CELTTV","url":"https:\/\/www.celttv.com.ar\/","sameAs":["https:\/\/www.youtube.com\/channel\/UCz_oIt8Hig64Ub-EmcNPIhg","https:\/\/www.facebook.com\/celtTV\/"],"logo":{"@type":"ImageObject","inLanguage":"es","@id":"https:\/\/www.celttv.com.ar\/#\/schema\/logo\/image\/","url":"http:\/\/www.celttv.com.ar\/wp-content\/uploads\/2022\/08\/logo-1.png","contentUrl":"http:\/\/www.celttv.com.ar\/wp-content\/uploads\/2022\/08\/logo-1.png","width":461,"height":159,"caption":"CELTTV"},"image":{"@id":"https:\/\/www.celttv.com.ar\/#\/schema\/logo\/image\/"}},{"@type":"Person","@id":"https:\/\/www.celttv.com.ar\/#\/schema\/person\/9059dc91dc7204ef4182cdb65225f07d","name":"Miguel Herrada","image":{"@type":"ImageObject","inLanguage":"es","@id":"https:\/\/www.celttv.com.ar\/#\/schema\/person\/image\/","url":"https:\/\/secure.gravatar.com\/avatar\/67724d5b3c716623ffd76bec7e45841a442ac3b456e914dbba90b0fad2b8e0b1?s=96&d=mm&r=g","contentUrl":"https:\/\/secure.gravatar.com\/avatar\/67724d5b3c716623ffd76bec7e45841a442ac3b456e914dbba90b0fad2b8e0b1?s=96&d=mm&r=g","caption":"Miguel Herrada"}}]}},"_links":{"self":[{"href":"https:\/\/www.celttv.com.ar\/index.php\/wp-json\/wp\/v2\/posts\/91044","targetHints":{"allow":["GET"]}}],"collection":[{"href":"https:\/\/www.celttv.com.ar\/index.php\/wp-json\/wp\/v2\/posts"}],"about":[{"href":"https:\/\/www.celttv.com.ar\/index.php\/wp-json\/wp\/v2\/types\/post"}],"author":[{"embeddable":true,"href":"https:\/\/www.celttv.com.ar\/index.php\/wp-json\/wp\/v2\/users\/5"}],"replies":[{"embeddable":true,"href":"https:\/\/www.celttv.com.ar\/index.php\/wp-json\/wp\/v2\/comments?post=91044"}],"version-history":[{"count":2,"href":"https:\/\/www.celttv.com.ar\/index.php\/wp-json\/wp\/v2\/posts\/91044\/revisions"}],"predecessor-version":[{"id":91053,"href":"https:\/\/www.celttv.com.ar\/index.php\/wp-json\/wp\/v2\/posts\/91044\/revisions\/91053"}],"wp:featuredmedia":[{"embeddable":true,"href":"https:\/\/www.celttv.com.ar\/index.php\/wp-json\/wp\/v2\/media\/91049"}],"wp:attachment":[{"href":"https:\/\/www.celttv.com.ar\/index.php\/wp-json\/wp\/v2\/media?parent=91044"}],"wp:term":[{"taxonomy":"category","embeddable":true,"href":"https:\/\/www.celttv.com.ar\/index.php\/wp-json\/wp\/v2\/categories?post=91044"},{"taxonomy":"post_tag","embeddable":true,"href":"https:\/\/www.celttv.com.ar\/index.php\/wp-json\/wp\/v2\/tags?post=91044"}],"curies":[{"name":"wp","href":"https:\/\/api.w.org\/{rel}","templated":true}]}}