{"id":91057,"date":"2026-01-28T21:40:13","date_gmt":"2026-01-29T00:40:13","guid":{"rendered":"https:\/\/www.celttv.com.ar\/?p=91057"},"modified":"2026-01-29T00:27:51","modified_gmt":"2026-01-29T03:27:51","slug":"abrio-la-inscripcion-para-la-preseleccion-de-beneficiarios-de-38-viviendas-de-tornquist","status":"publish","type":"post","link":"https:\/\/www.celttv.com.ar\/index.php\/2026\/01\/28\/abrio-la-inscripcion-para-la-preseleccion-de-beneficiarios-de-38-viviendas-de-tornquist\/","title":{"rendered":"Abri\u00f3 la inscripci\u00f3n para la preselecci\u00f3n de beneficiarios de 38 viviendas de Tornquist"},"content":{"rendered":"<p><strong>Abri\u00f3 la inscripci\u00f3n para la preselecci\u00f3n de beneficiarios de 38 viviendas de Tornquist<\/strong><\/p>\n<p>Tornquist Municipio informa que, desde este mi\u00e9rcoles 28 hasta el viernes 20 de febrero, permanece abierta la inscripci\u00f3n al proceso de preselecci\u00f3n de beneficiarios del programa \u2018Construcci\u00f3n 38 viviendas en la localidad de Tornquist, Partido de Tornquist\u2019.<\/p>\n<p>Los interesados deben anotarse \u00fanicamente de manera presencial en la Subsecretar\u00eda de Desarrollo Social (Av. Moreno 5), los d\u00edas h\u00e1biles de 10 a 16 hs.<\/p>\n<p>Requisitos:<\/p>\n<p>-Estar inscripto en el Registro \u00danico Permanente de Demanda Habitacional;<\/p>\n<p>-Constituir o conformar grupo familiar;<\/p>\n<p>-Ser ciudadano argentino nativo o por opci\u00f3n;<\/p>\n<p>-Ser mayor de dieciocho (18) a\u00f1os de edad;<\/p>\n<p>-Poseer una antig\u00fcedad m\u00ednima de diez (10) a\u00f1os de residencia efectivaen el Partido de Tornquist y cinco (5) a\u00f1os de residencia estable, consecutiva e ininterrumpida en la localidad de Tornquist dentro de los \u00faltimos diez (10) a\u00f1os;<\/p>\n<p>-Los ingresos del grupo familiar no podr\u00e1n superar los doce (12) Salarios M\u00ednimo, Vitales y M\u00f3viles (SMVM);<\/p>\n<p>-Ninguno de los integrantes del grupo familiar debe ser beneficiario, incluyendo una posesi\u00f3n precaria, de ninguna vivienda o terreno otorgado por el Estado Nacional, Provincial y\/o Municipal;<\/p>\n<p>-Ninguno de los integrantes del grupo familiar deber\u00e1 ser titular registral de bienes inmuebles como as\u00ed tampoco de otros bienes muebles registrables o no cuyo valor le permita adquirir una vivienda;<\/p>\n<p>-No formar parte del listado de deudores morosos de alimentos ni ser parte en juicio vigente patrimonial en que el estado municipal tambi\u00e9n revista tal car\u00e1cter.<\/p>\n<p>&nbsp;<\/p>\n<p>Documentaci\u00f3n a presentar:<\/p>\n<p>-DNI original y copia;<\/p>\n<p>-Recibo\/s de sueldo y\/o de ingresos del grupo familiar (en caso de tener);<\/p>\n<p>-Certificado \u00danico de Discapacidad (en caso de poseer).<\/p>\n<p>&nbsp;<\/p>\n<p>Con la inscripci\u00f3n, los aspirantes deber\u00e1n completar una declaraci\u00f3n jurada y luego seefectuar\u00e1 un sorteo con la totalidad de los inscriptos. Las personas que resultenseleccionadas a trav\u00e9s de dicho mecanismo, pasar\u00e1n por un estudio socio-econ\u00f3micoatrav\u00e9s del cual se constatar\u00e1 lo expresado en la declaraci\u00f3n jurada para luego acceder a la vivienda.<\/p>\n<p><img loading=\"lazy\" decoding=\"async\" class=\"alignnone wp-image-91058 size-full\" src=\"https:\/\/www.celttv.com.ar\/wp-content\/uploads\/2026\/01\/Inscrip-viviendas-Medium.png\" alt=\"\" width=\"768\" height=\"960\" srcset=\"https:\/\/www.celttv.com.ar\/wp-content\/uploads\/2026\/01\/Inscrip-viviendas-Medium.png 768w, https:\/\/www.celttv.com.ar\/wp-content\/uploads\/2026\/01\/Inscrip-viviendas-Medium-240x300.png 240w, https:\/\/www.celttv.com.ar\/wp-content\/uploads\/2026\/01\/Inscrip-viviendas-Medium-750x938.png 750w\" sizes=\"auto, (max-width: 768px) 100vw, 768px\" \/><\/p>\n","protected":false},"excerpt":{"rendered":"<p>Abri\u00f3 la inscripci\u00f3n para la preselecci\u00f3n de beneficiarios de 38 viviendas de Tornquist Tornquist Municipio informa que, desde este mi\u00e9rcoles 28 hasta el viernes 20 de febrero, permanece abierta la inscripci\u00f3n al proceso de preselecci\u00f3n de beneficiarios del programa \u2018Construcci\u00f3n 38 viviendas en la localidad de Tornquist, Partido de Tornquist\u2019. Los interesados deben anotarse \u00fanicamente [&hellip;]<\/p>\n","protected":false},"author":5,"featured_media":91058,"comment_status":"closed","ping_status":"closed","sticky":false,"template":"","format":"standard","meta":{"footnotes":""},"categories":[59],"tags":[],"class_list":["post-91057","post","type-post","status-publish","format-standard","has-post-thumbnail","hentry","category-municipales"],"yoast_head":"<!-- This site is optimized with the Yoast SEO plugin v19.7.1 - https:\/\/yoast.com\/wordpress\/plugins\/seo\/ -->\n<title>Abri\u00f3 la inscripci\u00f3n para la preselecci\u00f3n de beneficiarios de 38 viviendas de Tornquist - CELTTV<\/title>\n<meta name=\"description\" content=\"Sitio web de noticias de la localidad de Tornquist, provincia de Buenos Aires, Rep\u00fablica Argentina. Contenido propio originado por periodistas de CELTTV, el canal de TV local de la Cooperativa El\u00e9ctrica de Tornquist. Turismo, Pol\u00edtica, Sociedad, Deporte, Cultura y todo el contenido de inter\u00e9s general que la gente del pueblo y la regi\u00f3n debe conocer.\" \/>\n<meta name=\"robots\" content=\"index, follow, max-snippet:-1, max-image-preview:large, max-video-preview:-1\" \/>\n<link rel=\"canonical\" href=\"https:\/\/www.celttv.com.ar\/index.php\/2026\/01\/28\/abrio-la-inscripcion-para-la-preseleccion-de-beneficiarios-de-38-viviendas-de-tornquist\/\" \/>\n<meta property=\"og:locale\" content=\"es_ES\" \/>\n<meta property=\"og:type\" content=\"article\" \/>\n<meta property=\"og:title\" content=\"Abri\u00f3 la inscripci\u00f3n para la preselecci\u00f3n de beneficiarios de 38 viviendas de Tornquist - CELTTV\" \/>\n<meta property=\"og:description\" content=\"Sitio web de noticias de la localidad de Tornquist, provincia de Buenos Aires, Rep\u00fablica Argentina. Contenido propio originado por periodistas de CELTTV, el canal de TV local de la Cooperativa El\u00e9ctrica de Tornquist. Turismo, Pol\u00edtica, Sociedad, Deporte, Cultura y todo el contenido de inter\u00e9s general que la gente del pueblo y la regi\u00f3n debe conocer.\" \/>\n<meta property=\"og:url\" content=\"https:\/\/www.celttv.com.ar\/index.php\/2026\/01\/28\/abrio-la-inscripcion-para-la-preseleccion-de-beneficiarios-de-38-viviendas-de-tornquist\/\" \/>\n<meta property=\"og:site_name\" content=\"CELTTV\" \/>\n<meta property=\"article:publisher\" content=\"https:\/\/www.facebook.com\/celtTV\/\" \/>\n<meta property=\"article:published_time\" content=\"2026-01-29T00:40:13+00:00\" \/>\n<meta property=\"article:modified_time\" content=\"2026-01-29T03:27:51+00:00\" \/>\n<meta property=\"og:image\" content=\"https:\/\/www.celttv.com.ar\/wp-content\/uploads\/2026\/01\/Inscrip-viviendas-Medium.png\" \/>\n\t<meta property=\"og:image:width\" content=\"768\" \/>\n\t<meta property=\"og:image:height\" content=\"960\" \/>\n\t<meta property=\"og:image:type\" content=\"image\/png\" \/>\n<meta name=\"author\" content=\"Miguel Herrada\" \/>\n<meta name=\"twitter:card\" content=\"summary_large_image\" \/>\n<meta name=\"twitter:label1\" content=\"Escrito por\" \/>\n\t<meta name=\"twitter:data1\" content=\"Miguel Herrada\" \/>\n\t<meta name=\"twitter:label2\" content=\"Tiempo de lectura\" \/>\n\t<meta name=\"twitter:data2\" content=\"2 minutos\" \/>\n<script type=\"application\/ld+json\" class=\"yoast-schema-graph\">{\"@context\":\"https:\/\/schema.org\",\"@graph\":[{\"@type\":\"NewsArticle\",\"@id\":\"https:\/\/www.celttv.com.ar\/index.php\/2026\/01\/28\/abrio-la-inscripcion-para-la-preseleccion-de-beneficiarios-de-38-viviendas-de-tornquist\/#article\",\"isPartOf\":{\"@id\":\"https:\/\/www.celttv.com.ar\/index.php\/2026\/01\/28\/abrio-la-inscripcion-para-la-preseleccion-de-beneficiarios-de-38-viviendas-de-tornquist\/\"},\"author\":{\"name\":\"Miguel Herrada\",\"@id\":\"https:\/\/www.celttv.com.ar\/#\/schema\/person\/9059dc91dc7204ef4182cdb65225f07d\"},\"headline\":\"Abri\u00f3 la inscripci\u00f3n para la preselecci\u00f3n de beneficiarios de 38 viviendas de Tornquist\",\"datePublished\":\"2026-01-29T00:40:13+00:00\",\"dateModified\":\"2026-01-29T03:27:51+00:00\",\"mainEntityOfPage\":{\"@id\":\"https:\/\/www.celttv.com.ar\/index.php\/2026\/01\/28\/abrio-la-inscripcion-para-la-preseleccion-de-beneficiarios-de-38-viviendas-de-tornquist\/\"},\"wordCount\":361,\"publisher\":{\"@id\":\"https:\/\/www.celttv.com.ar\/#organization\"},\"articleSection\":[\"Municipales\"],\"inLanguage\":\"es\"},{\"@type\":\"WebPage\",\"@id\":\"https:\/\/www.celttv.com.ar\/index.php\/2026\/01\/28\/abrio-la-inscripcion-para-la-preseleccion-de-beneficiarios-de-38-viviendas-de-tornquist\/\",\"url\":\"https:\/\/www.celttv.com.ar\/index.php\/2026\/01\/28\/abrio-la-inscripcion-para-la-preseleccion-de-beneficiarios-de-38-viviendas-de-tornquist\/\",\"name\":\"Abri\u00f3 la inscripci\u00f3n para la preselecci\u00f3n de beneficiarios de 38 viviendas de Tornquist - CELTTV\",\"isPartOf\":{\"@id\":\"https:\/\/www.celttv.com.ar\/#website\"},\"datePublished\":\"2026-01-29T00:40:13+00:00\",\"dateModified\":\"2026-01-29T03:27:51+00:00\",\"description\":\"Sitio web de noticias de la localidad de Tornquist, provincia de Buenos Aires, Rep\u00fablica Argentina. Contenido propio originado por periodistas de CELTTV, el canal de TV local de la Cooperativa El\u00e9ctrica de Tornquist. Turismo, Pol\u00edtica, Sociedad, Deporte, Cultura y todo el contenido de inter\u00e9s general que la gente del pueblo y la regi\u00f3n debe conocer.\",\"breadcrumb\":{\"@id\":\"https:\/\/www.celttv.com.ar\/index.php\/2026\/01\/28\/abrio-la-inscripcion-para-la-preseleccion-de-beneficiarios-de-38-viviendas-de-tornquist\/#breadcrumb\"},\"inLanguage\":\"es\",\"potentialAction\":[{\"@type\":\"ReadAction\",\"target\":[\"https:\/\/www.celttv.com.ar\/index.php\/2026\/01\/28\/abrio-la-inscripcion-para-la-preseleccion-de-beneficiarios-de-38-viviendas-de-tornquist\/\"]}]},{\"@type\":\"BreadcrumbList\",\"@id\":\"https:\/\/www.celttv.com.ar\/index.php\/2026\/01\/28\/abrio-la-inscripcion-para-la-preseleccion-de-beneficiarios-de-38-viviendas-de-tornquist\/#breadcrumb\",\"itemListElement\":[{\"@type\":\"ListItem\",\"position\":1,\"name\":\"Inicio\",\"item\":\"https:\/\/www.celttv.com.ar\/\"},{\"@type\":\"ListItem\",\"position\":2,\"name\":\"Abri\u00f3 la inscripci\u00f3n para la preselecci\u00f3n de beneficiarios de 38 viviendas de Tornquist\"}]},{\"@type\":\"WebSite\",\"@id\":\"https:\/\/www.celttv.com.ar\/#website\",\"url\":\"https:\/\/www.celttv.com.ar\/\",\"name\":\"CELTTV\",\"description\":\"Cooperativa El\u00e9ctrica de Tornquist\",\"publisher\":{\"@id\":\"https:\/\/www.celttv.com.ar\/#organization\"},\"potentialAction\":[{\"@type\":\"SearchAction\",\"target\":{\"@type\":\"EntryPoint\",\"urlTemplate\":\"https:\/\/www.celttv.com.ar\/?s={search_term_string}\"},\"query-input\":\"required name=search_term_string\"}],\"inLanguage\":\"es\"},{\"@type\":\"Organization\",\"@id\":\"https:\/\/www.celttv.com.ar\/#organization\",\"name\":\"CELTTV\",\"url\":\"https:\/\/www.celttv.com.ar\/\",\"sameAs\":[\"https:\/\/www.youtube.com\/channel\/UCz_oIt8Hig64Ub-EmcNPIhg\",\"https:\/\/www.facebook.com\/celtTV\/\"],\"logo\":{\"@type\":\"ImageObject\",\"inLanguage\":\"es\",\"@id\":\"https:\/\/www.celttv.com.ar\/#\/schema\/logo\/image\/\",\"url\":\"http:\/\/www.celttv.com.ar\/wp-content\/uploads\/2022\/08\/logo-1.png\",\"contentUrl\":\"http:\/\/www.celttv.com.ar\/wp-content\/uploads\/2022\/08\/logo-1.png\",\"width\":461,\"height\":159,\"caption\":\"CELTTV\"},\"image\":{\"@id\":\"https:\/\/www.celttv.com.ar\/#\/schema\/logo\/image\/\"}},{\"@type\":\"Person\",\"@id\":\"https:\/\/www.celttv.com.ar\/#\/schema\/person\/9059dc91dc7204ef4182cdb65225f07d\",\"name\":\"Miguel Herrada\",\"image\":{\"@type\":\"ImageObject\",\"inLanguage\":\"es\",\"@id\":\"https:\/\/www.celttv.com.ar\/#\/schema\/person\/image\/\",\"url\":\"https:\/\/secure.gravatar.com\/avatar\/67724d5b3c716623ffd76bec7e45841a442ac3b456e914dbba90b0fad2b8e0b1?s=96&d=mm&r=g\",\"contentUrl\":\"https:\/\/secure.gravatar.com\/avatar\/67724d5b3c716623ffd76bec7e45841a442ac3b456e914dbba90b0fad2b8e0b1?s=96&d=mm&r=g\",\"caption\":\"Miguel Herrada\"}}]}<\/script>\n<!-- \/ Yoast SEO plugin. -->","yoast_head_json":{"title":"Abri\u00f3 la inscripci\u00f3n para la preselecci\u00f3n de beneficiarios de 38 viviendas de Tornquist - CELTTV","description":"Sitio web de noticias de la localidad de Tornquist, provincia de Buenos Aires, Rep\u00fablica Argentina. Contenido propio originado por periodistas de CELTTV, el canal de TV local de la Cooperativa El\u00e9ctrica de Tornquist. Turismo, Pol\u00edtica, Sociedad, Deporte, Cultura y todo el contenido de inter\u00e9s general que la gente del pueblo y la regi\u00f3n debe conocer.","robots":{"index":"index","follow":"follow","max-snippet":"max-snippet:-1","max-image-preview":"max-image-preview:large","max-video-preview":"max-video-preview:-1"},"canonical":"https:\/\/www.celttv.com.ar\/index.php\/2026\/01\/28\/abrio-la-inscripcion-para-la-preseleccion-de-beneficiarios-de-38-viviendas-de-tornquist\/","og_locale":"es_ES","og_type":"article","og_title":"Abri\u00f3 la inscripci\u00f3n para la preselecci\u00f3n de beneficiarios de 38 viviendas de Tornquist - CELTTV","og_description":"Sitio web de noticias de la localidad de Tornquist, provincia de Buenos Aires, Rep\u00fablica Argentina. Contenido propio originado por periodistas de CELTTV, el canal de TV local de la Cooperativa El\u00e9ctrica de Tornquist. Turismo, Pol\u00edtica, Sociedad, Deporte, Cultura y todo el contenido de inter\u00e9s general que la gente del pueblo y la regi\u00f3n debe conocer.","og_url":"https:\/\/www.celttv.com.ar\/index.php\/2026\/01\/28\/abrio-la-inscripcion-para-la-preseleccion-de-beneficiarios-de-38-viviendas-de-tornquist\/","og_site_name":"CELTTV","article_publisher":"https:\/\/www.facebook.com\/celtTV\/","article_published_time":"2026-01-29T00:40:13+00:00","article_modified_time":"2026-01-29T03:27:51+00:00","og_image":[{"width":768,"height":960,"url":"https:\/\/www.celttv.com.ar\/wp-content\/uploads\/2026\/01\/Inscrip-viviendas-Medium.png","type":"image\/png"}],"author":"Miguel Herrada","twitter_card":"summary_large_image","twitter_misc":{"Escrito por":"Miguel Herrada","Tiempo de lectura":"2 minutos"},"schema":{"@context":"https:\/\/schema.org","@graph":[{"@type":"NewsArticle","@id":"https:\/\/www.celttv.com.ar\/index.php\/2026\/01\/28\/abrio-la-inscripcion-para-la-preseleccion-de-beneficiarios-de-38-viviendas-de-tornquist\/#article","isPartOf":{"@id":"https:\/\/www.celttv.com.ar\/index.php\/2026\/01\/28\/abrio-la-inscripcion-para-la-preseleccion-de-beneficiarios-de-38-viviendas-de-tornquist\/"},"author":{"name":"Miguel Herrada","@id":"https:\/\/www.celttv.com.ar\/#\/schema\/person\/9059dc91dc7204ef4182cdb65225f07d"},"headline":"Abri\u00f3 la inscripci\u00f3n para la preselecci\u00f3n de beneficiarios de 38 viviendas de Tornquist","datePublished":"2026-01-29T00:40:13+00:00","dateModified":"2026-01-29T03:27:51+00:00","mainEntityOfPage":{"@id":"https:\/\/www.celttv.com.ar\/index.php\/2026\/01\/28\/abrio-la-inscripcion-para-la-preseleccion-de-beneficiarios-de-38-viviendas-de-tornquist\/"},"wordCount":361,"publisher":{"@id":"https:\/\/www.celttv.com.ar\/#organization"},"articleSection":["Municipales"],"inLanguage":"es"},{"@type":"WebPage","@id":"https:\/\/www.celttv.com.ar\/index.php\/2026\/01\/28\/abrio-la-inscripcion-para-la-preseleccion-de-beneficiarios-de-38-viviendas-de-tornquist\/","url":"https:\/\/www.celttv.com.ar\/index.php\/2026\/01\/28\/abrio-la-inscripcion-para-la-preseleccion-de-beneficiarios-de-38-viviendas-de-tornquist\/","name":"Abri\u00f3 la inscripci\u00f3n para la preselecci\u00f3n de beneficiarios de 38 viviendas de Tornquist - CELTTV","isPartOf":{"@id":"https:\/\/www.celttv.com.ar\/#website"},"datePublished":"2026-01-29T00:40:13+00:00","dateModified":"2026-01-29T03:27:51+00:00","description":"Sitio web de noticias de la localidad de Tornquist, provincia de Buenos Aires, Rep\u00fablica Argentina. Contenido propio originado por periodistas de CELTTV, el canal de TV local de la Cooperativa El\u00e9ctrica de Tornquist. Turismo, Pol\u00edtica, Sociedad, Deporte, Cultura y todo el contenido de inter\u00e9s general que la gente del pueblo y la regi\u00f3n debe conocer.","breadcrumb":{"@id":"https:\/\/www.celttv.com.ar\/index.php\/2026\/01\/28\/abrio-la-inscripcion-para-la-preseleccion-de-beneficiarios-de-38-viviendas-de-tornquist\/#breadcrumb"},"inLanguage":"es","potentialAction":[{"@type":"ReadAction","target":["https:\/\/www.celttv.com.ar\/index.php\/2026\/01\/28\/abrio-la-inscripcion-para-la-preseleccion-de-beneficiarios-de-38-viviendas-de-tornquist\/"]}]},{"@type":"BreadcrumbList","@id":"https:\/\/www.celttv.com.ar\/index.php\/2026\/01\/28\/abrio-la-inscripcion-para-la-preseleccion-de-beneficiarios-de-38-viviendas-de-tornquist\/#breadcrumb","itemListElement":[{"@type":"ListItem","position":1,"name":"Inicio","item":"https:\/\/www.celttv.com.ar\/"},{"@type":"ListItem","position":2,"name":"Abri\u00f3 la inscripci\u00f3n para la preselecci\u00f3n de beneficiarios de 38 viviendas de Tornquist"}]},{"@type":"WebSite","@id":"https:\/\/www.celttv.com.ar\/#website","url":"https:\/\/www.celttv.com.ar\/","name":"CELTTV","description":"Cooperativa El\u00e9ctrica de Tornquist","publisher":{"@id":"https:\/\/www.celttv.com.ar\/#organization"},"potentialAction":[{"@type":"SearchAction","target":{"@type":"EntryPoint","urlTemplate":"https:\/\/www.celttv.com.ar\/?s={search_term_string}"},"query-input":"required name=search_term_string"}],"inLanguage":"es"},{"@type":"Organization","@id":"https:\/\/www.celttv.com.ar\/#organization","name":"CELTTV","url":"https:\/\/www.celttv.com.ar\/","sameAs":["https:\/\/www.youtube.com\/channel\/UCz_oIt8Hig64Ub-EmcNPIhg","https:\/\/www.facebook.com\/celtTV\/"],"logo":{"@type":"ImageObject","inLanguage":"es","@id":"https:\/\/www.celttv.com.ar\/#\/schema\/logo\/image\/","url":"http:\/\/www.celttv.com.ar\/wp-content\/uploads\/2022\/08\/logo-1.png","contentUrl":"http:\/\/www.celttv.com.ar\/wp-content\/uploads\/2022\/08\/logo-1.png","width":461,"height":159,"caption":"CELTTV"},"image":{"@id":"https:\/\/www.celttv.com.ar\/#\/schema\/logo\/image\/"}},{"@type":"Person","@id":"https:\/\/www.celttv.com.ar\/#\/schema\/person\/9059dc91dc7204ef4182cdb65225f07d","name":"Miguel Herrada","image":{"@type":"ImageObject","inLanguage":"es","@id":"https:\/\/www.celttv.com.ar\/#\/schema\/person\/image\/","url":"https:\/\/secure.gravatar.com\/avatar\/67724d5b3c716623ffd76bec7e45841a442ac3b456e914dbba90b0fad2b8e0b1?s=96&d=mm&r=g","contentUrl":"https:\/\/secure.gravatar.com\/avatar\/67724d5b3c716623ffd76bec7e45841a442ac3b456e914dbba90b0fad2b8e0b1?s=96&d=mm&r=g","caption":"Miguel Herrada"}}]}},"_links":{"self":[{"href":"https:\/\/www.celttv.com.ar\/index.php\/wp-json\/wp\/v2\/posts\/91057","targetHints":{"allow":["GET"]}}],"collection":[{"href":"https:\/\/www.celttv.com.ar\/index.php\/wp-json\/wp\/v2\/posts"}],"about":[{"href":"https:\/\/www.celttv.com.ar\/index.php\/wp-json\/wp\/v2\/types\/post"}],"author":[{"embeddable":true,"href":"https:\/\/www.celttv.com.ar\/index.php\/wp-json\/wp\/v2\/users\/5"}],"replies":[{"embeddable":true,"href":"https:\/\/www.celttv.com.ar\/index.php\/wp-json\/wp\/v2\/comments?post=91057"}],"version-history":[{"count":1,"href":"https:\/\/www.celttv.com.ar\/index.php\/wp-json\/wp\/v2\/posts\/91057\/revisions"}],"predecessor-version":[{"id":91059,"href":"https:\/\/www.celttv.com.ar\/index.php\/wp-json\/wp\/v2\/posts\/91057\/revisions\/91059"}],"wp:featuredmedia":[{"embeddable":true,"href":"https:\/\/www.celttv.com.ar\/index.php\/wp-json\/wp\/v2\/media\/91058"}],"wp:attachment":[{"href":"https:\/\/www.celttv.com.ar\/index.php\/wp-json\/wp\/v2\/media?parent=91057"}],"wp:term":[{"taxonomy":"category","embeddable":true,"href":"https:\/\/www.celttv.com.ar\/index.php\/wp-json\/wp\/v2\/categories?post=91057"},{"taxonomy":"post_tag","embeddable":true,"href":"https:\/\/www.celttv.com.ar\/index.php\/wp-json\/wp\/v2\/tags?post=91057"}],"curies":[{"name":"wp","href":"https:\/\/api.w.org\/{rel}","templated":true}]}}