{"id":91060,"date":"2026-01-29T16:14:04","date_gmt":"2026-01-29T19:14:04","guid":{"rendered":"https:\/\/www.celttv.com.ar\/?p=91060"},"modified":"2026-01-29T16:14:04","modified_gmt":"2026-01-29T19:14:04","slug":"maria-catalina-tujay-viuda-de-braun-mari-q-e-p-d-fallecio-en-tornquist-el-29-de-enero-de-2026-a-los-78-anos-de-edad","status":"publish","type":"post","link":"https:\/\/www.celttv.com.ar\/index.php\/2026\/01\/29\/maria-catalina-tujay-viuda-de-braun-mari-q-e-p-d-fallecio-en-tornquist-el-29-de-enero-de-2026-a-los-78-anos-de-edad\/","title":{"rendered":"Mar\u00eda Catalina TUJAY viuda de BRAUN (\u201cMari\u201d) Q.E.P.D.: Falleci\u00f3 en Tornquist el 29 de Enero de 2026 a los 78 a\u00f1os de edad."},"content":{"rendered":"<p>Mar\u00eda Catalina TUJAY viuda de BRAUN (\u201cMari\u201d) Q.E.P.D.: Falleci\u00f3 en Tornquist el 29 de Enero de 2026 a los 78 a\u00f1os de edad. Sus hijos Iv\u00e1n y Boris BRAUN. Su hija pol\u00edtica Graciela PINTO. Sus nietos Tiziano, Antoni y Pedro BRAUN. Su hermana Ana TUJAY. Sus hermanos pol\u00edticos, sobrinos, dem\u00e1s familiares y amistades participan su deceso y comunican que sus restos fueron ser\u00e1n inhumados ma\u00f1ana (viernes 30\/01\/2026) a las 10.00 horas en la necr\u00f3polis de nuestra localidad. Casa velatoria G\u00fcemes 236, Tornquist (hasta las 21.00 horas). Casa de duelo Avenida Moreno 146, Tornquist. Servicio a cargo de la Cooperativa El\u00e9ctrica Limitada de Tornquist.<\/p>\n","protected":false},"excerpt":{"rendered":"<p>Mar\u00eda Catalina TUJAY viuda de BRAUN (\u201cMari\u201d) Q.E.P.D.: Falleci\u00f3 en Tornquist el 29 de Enero de 2026 a los 78 a\u00f1os de edad. Sus hijos Iv\u00e1n y Boris BRAUN. Su hija pol\u00edtica Graciela PINTO. Sus nietos Tiziano, Antoni y Pedro BRAUN. Su hermana Ana TUJAY. Sus hermanos pol\u00edticos, sobrinos, dem\u00e1s familiares y amistades participan su [&hellip;]<\/p>\n","protected":false},"author":5,"featured_media":91010,"comment_status":"closed","ping_status":"closed","sticky":false,"template":"","format":"standard","meta":{"footnotes":""},"categories":[51],"tags":[],"class_list":["post-91060","post","type-post","status-publish","format-standard","has-post-thumbnail","hentry","category-comunidad"],"yoast_head":"<!-- This site is optimized with the Yoast SEO plugin v19.7.1 - https:\/\/yoast.com\/wordpress\/plugins\/seo\/ -->\n<title>Mar\u00eda Catalina TUJAY viuda de BRAUN (\u201cMari\u201d) Q.E.P.D.: Falleci\u00f3 en Tornquist el 29 de Enero de 2026 a los 78 a\u00f1os de edad. - CELTTV<\/title>\n<meta name=\"description\" content=\"Sitio web de noticias de la localidad de Tornquist, provincia de Buenos Aires, Rep\u00fablica Argentina. Contenido propio originado por periodistas de CELTTV, el canal de TV local de la Cooperativa El\u00e9ctrica de Tornquist. Turismo, Pol\u00edtica, Sociedad, Deporte, Cultura y todo el contenido de inter\u00e9s general que la gente del pueblo y la regi\u00f3n debe conocer.\" \/>\n<meta name=\"robots\" content=\"index, follow, max-snippet:-1, max-image-preview:large, max-video-preview:-1\" \/>\n<link rel=\"canonical\" href=\"https:\/\/www.celttv.com.ar\/index.php\/2026\/01\/29\/maria-catalina-tujay-viuda-de-braun-mari-q-e-p-d-fallecio-en-tornquist-el-29-de-enero-de-2026-a-los-78-anos-de-edad\/\" \/>\n<meta property=\"og:locale\" content=\"es_ES\" \/>\n<meta property=\"og:type\" content=\"article\" \/>\n<meta property=\"og:title\" content=\"Mar\u00eda Catalina TUJAY viuda de BRAUN (\u201cMari\u201d) Q.E.P.D.: Falleci\u00f3 en Tornquist el 29 de Enero de 2026 a los 78 a\u00f1os de edad. - CELTTV\" \/>\n<meta property=\"og:description\" content=\"Sitio web de noticias de la localidad de Tornquist, provincia de Buenos Aires, Rep\u00fablica Argentina. Contenido propio originado por periodistas de CELTTV, el canal de TV local de la Cooperativa El\u00e9ctrica de Tornquist. Turismo, Pol\u00edtica, Sociedad, Deporte, Cultura y todo el contenido de inter\u00e9s general que la gente del pueblo y la regi\u00f3n debe conocer.\" \/>\n<meta property=\"og:url\" content=\"https:\/\/www.celttv.com.ar\/index.php\/2026\/01\/29\/maria-catalina-tujay-viuda-de-braun-mari-q-e-p-d-fallecio-en-tornquist-el-29-de-enero-de-2026-a-los-78-anos-de-edad\/\" \/>\n<meta property=\"og:site_name\" content=\"CELTTV\" \/>\n<meta property=\"article:publisher\" content=\"https:\/\/www.facebook.com\/celtTV\/\" \/>\n<meta property=\"article:published_time\" content=\"2026-01-29T19:14:04+00:00\" \/>\n<meta property=\"og:image\" content=\"https:\/\/www.celttv.com.ar\/wp-content\/uploads\/2026\/01\/aviso-necrologico-1.jpg\" \/>\n\t<meta property=\"og:image:width\" content=\"904\" \/>\n\t<meta property=\"og:image:height\" content=\"547\" \/>\n\t<meta property=\"og:image:type\" content=\"image\/jpeg\" \/>\n<meta name=\"author\" content=\"Miguel Herrada\" \/>\n<meta name=\"twitter:card\" content=\"summary_large_image\" \/>\n<meta name=\"twitter:label1\" content=\"Escrito por\" \/>\n\t<meta name=\"twitter:data1\" content=\"Miguel Herrada\" \/>\n\t<meta name=\"twitter:label2\" content=\"Tiempo de lectura\" \/>\n\t<meta name=\"twitter:data2\" content=\"1 minuto\" \/>\n<script type=\"application\/ld+json\" class=\"yoast-schema-graph\">{\"@context\":\"https:\/\/schema.org\",\"@graph\":[{\"@type\":\"NewsArticle\",\"@id\":\"https:\/\/www.celttv.com.ar\/index.php\/2026\/01\/29\/maria-catalina-tujay-viuda-de-braun-mari-q-e-p-d-fallecio-en-tornquist-el-29-de-enero-de-2026-a-los-78-anos-de-edad\/#article\",\"isPartOf\":{\"@id\":\"https:\/\/www.celttv.com.ar\/index.php\/2026\/01\/29\/maria-catalina-tujay-viuda-de-braun-mari-q-e-p-d-fallecio-en-tornquist-el-29-de-enero-de-2026-a-los-78-anos-de-edad\/\"},\"author\":{\"name\":\"Miguel Herrada\",\"@id\":\"https:\/\/www.celttv.com.ar\/#\/schema\/person\/9059dc91dc7204ef4182cdb65225f07d\"},\"headline\":\"Mar\u00eda Catalina TUJAY viuda de BRAUN (\u201cMari\u201d) Q.E.P.D.: Falleci\u00f3 en Tornquist el 29 de Enero de 2026 a los 78 a\u00f1os de edad.\",\"datePublished\":\"2026-01-29T19:14:04+00:00\",\"dateModified\":\"2026-01-29T19:14:04+00:00\",\"mainEntityOfPage\":{\"@id\":\"https:\/\/www.celttv.com.ar\/index.php\/2026\/01\/29\/maria-catalina-tujay-viuda-de-braun-mari-q-e-p-d-fallecio-en-tornquist-el-29-de-enero-de-2026-a-los-78-anos-de-edad\/\"},\"wordCount\":134,\"publisher\":{\"@id\":\"https:\/\/www.celttv.com.ar\/#organization\"},\"articleSection\":[\"Comunidad\"],\"inLanguage\":\"es\"},{\"@type\":\"WebPage\",\"@id\":\"https:\/\/www.celttv.com.ar\/index.php\/2026\/01\/29\/maria-catalina-tujay-viuda-de-braun-mari-q-e-p-d-fallecio-en-tornquist-el-29-de-enero-de-2026-a-los-78-anos-de-edad\/\",\"url\":\"https:\/\/www.celttv.com.ar\/index.php\/2026\/01\/29\/maria-catalina-tujay-viuda-de-braun-mari-q-e-p-d-fallecio-en-tornquist-el-29-de-enero-de-2026-a-los-78-anos-de-edad\/\",\"name\":\"Mar\u00eda Catalina TUJAY viuda de BRAUN (\u201cMari\u201d) Q.E.P.D.: Falleci\u00f3 en Tornquist el 29 de Enero de 2026 a los 78 a\u00f1os de edad. - CELTTV\",\"isPartOf\":{\"@id\":\"https:\/\/www.celttv.com.ar\/#website\"},\"datePublished\":\"2026-01-29T19:14:04+00:00\",\"dateModified\":\"2026-01-29T19:14:04+00:00\",\"description\":\"Sitio web de noticias de la localidad de Tornquist, provincia de Buenos Aires, Rep\u00fablica Argentina. Contenido propio originado por periodistas de CELTTV, el canal de TV local de la Cooperativa El\u00e9ctrica de Tornquist. Turismo, Pol\u00edtica, Sociedad, Deporte, Cultura y todo el contenido de inter\u00e9s general que la gente del pueblo y la regi\u00f3n debe conocer.\",\"breadcrumb\":{\"@id\":\"https:\/\/www.celttv.com.ar\/index.php\/2026\/01\/29\/maria-catalina-tujay-viuda-de-braun-mari-q-e-p-d-fallecio-en-tornquist-el-29-de-enero-de-2026-a-los-78-anos-de-edad\/#breadcrumb\"},\"inLanguage\":\"es\",\"potentialAction\":[{\"@type\":\"ReadAction\",\"target\":[\"https:\/\/www.celttv.com.ar\/index.php\/2026\/01\/29\/maria-catalina-tujay-viuda-de-braun-mari-q-e-p-d-fallecio-en-tornquist-el-29-de-enero-de-2026-a-los-78-anos-de-edad\/\"]}]},{\"@type\":\"BreadcrumbList\",\"@id\":\"https:\/\/www.celttv.com.ar\/index.php\/2026\/01\/29\/maria-catalina-tujay-viuda-de-braun-mari-q-e-p-d-fallecio-en-tornquist-el-29-de-enero-de-2026-a-los-78-anos-de-edad\/#breadcrumb\",\"itemListElement\":[{\"@type\":\"ListItem\",\"position\":1,\"name\":\"Inicio\",\"item\":\"https:\/\/www.celttv.com.ar\/\"},{\"@type\":\"ListItem\",\"position\":2,\"name\":\"Mar\u00eda Catalina TUJAY viuda de BRAUN (\u201cMari\u201d) Q.E.P.D.: Falleci\u00f3 en Tornquist el 29 de Enero de 2026 a los 78 a\u00f1os de edad.\"}]},{\"@type\":\"WebSite\",\"@id\":\"https:\/\/www.celttv.com.ar\/#website\",\"url\":\"https:\/\/www.celttv.com.ar\/\",\"name\":\"CELTTV\",\"description\":\"Cooperativa El\u00e9ctrica de Tornquist\",\"publisher\":{\"@id\":\"https:\/\/www.celttv.com.ar\/#organization\"},\"potentialAction\":[{\"@type\":\"SearchAction\",\"target\":{\"@type\":\"EntryPoint\",\"urlTemplate\":\"https:\/\/www.celttv.com.ar\/?s={search_term_string}\"},\"query-input\":\"required name=search_term_string\"}],\"inLanguage\":\"es\"},{\"@type\":\"Organization\",\"@id\":\"https:\/\/www.celttv.com.ar\/#organization\",\"name\":\"CELTTV\",\"url\":\"https:\/\/www.celttv.com.ar\/\",\"sameAs\":[\"https:\/\/www.youtube.com\/channel\/UCz_oIt8Hig64Ub-EmcNPIhg\",\"https:\/\/www.facebook.com\/celtTV\/\"],\"logo\":{\"@type\":\"ImageObject\",\"inLanguage\":\"es\",\"@id\":\"https:\/\/www.celttv.com.ar\/#\/schema\/logo\/image\/\",\"url\":\"http:\/\/www.celttv.com.ar\/wp-content\/uploads\/2022\/08\/logo-1.png\",\"contentUrl\":\"http:\/\/www.celttv.com.ar\/wp-content\/uploads\/2022\/08\/logo-1.png\",\"width\":461,\"height\":159,\"caption\":\"CELTTV\"},\"image\":{\"@id\":\"https:\/\/www.celttv.com.ar\/#\/schema\/logo\/image\/\"}},{\"@type\":\"Person\",\"@id\":\"https:\/\/www.celttv.com.ar\/#\/schema\/person\/9059dc91dc7204ef4182cdb65225f07d\",\"name\":\"Miguel Herrada\",\"image\":{\"@type\":\"ImageObject\",\"inLanguage\":\"es\",\"@id\":\"https:\/\/www.celttv.com.ar\/#\/schema\/person\/image\/\",\"url\":\"https:\/\/secure.gravatar.com\/avatar\/67724d5b3c716623ffd76bec7e45841a442ac3b456e914dbba90b0fad2b8e0b1?s=96&d=mm&r=g\",\"contentUrl\":\"https:\/\/secure.gravatar.com\/avatar\/67724d5b3c716623ffd76bec7e45841a442ac3b456e914dbba90b0fad2b8e0b1?s=96&d=mm&r=g\",\"caption\":\"Miguel Herrada\"}}]}<\/script>\n<!-- \/ Yoast SEO plugin. -->","yoast_head_json":{"title":"Mar\u00eda Catalina TUJAY viuda de BRAUN (\u201cMari\u201d) Q.E.P.D.: Falleci\u00f3 en Tornquist el 29 de Enero de 2026 a los 78 a\u00f1os de edad. - CELTTV","description":"Sitio web de noticias de la localidad de Tornquist, provincia de Buenos Aires, Rep\u00fablica Argentina. Contenido propio originado por periodistas de CELTTV, el canal de TV local de la Cooperativa El\u00e9ctrica de Tornquist. Turismo, Pol\u00edtica, Sociedad, Deporte, Cultura y todo el contenido de inter\u00e9s general que la gente del pueblo y la regi\u00f3n debe conocer.","robots":{"index":"index","follow":"follow","max-snippet":"max-snippet:-1","max-image-preview":"max-image-preview:large","max-video-preview":"max-video-preview:-1"},"canonical":"https:\/\/www.celttv.com.ar\/index.php\/2026\/01\/29\/maria-catalina-tujay-viuda-de-braun-mari-q-e-p-d-fallecio-en-tornquist-el-29-de-enero-de-2026-a-los-78-anos-de-edad\/","og_locale":"es_ES","og_type":"article","og_title":"Mar\u00eda Catalina TUJAY viuda de BRAUN (\u201cMari\u201d) Q.E.P.D.: Falleci\u00f3 en Tornquist el 29 de Enero de 2026 a los 78 a\u00f1os de edad. - CELTTV","og_description":"Sitio web de noticias de la localidad de Tornquist, provincia de Buenos Aires, Rep\u00fablica Argentina. Contenido propio originado por periodistas de CELTTV, el canal de TV local de la Cooperativa El\u00e9ctrica de Tornquist. Turismo, Pol\u00edtica, Sociedad, Deporte, Cultura y todo el contenido de inter\u00e9s general que la gente del pueblo y la regi\u00f3n debe conocer.","og_url":"https:\/\/www.celttv.com.ar\/index.php\/2026\/01\/29\/maria-catalina-tujay-viuda-de-braun-mari-q-e-p-d-fallecio-en-tornquist-el-29-de-enero-de-2026-a-los-78-anos-de-edad\/","og_site_name":"CELTTV","article_publisher":"https:\/\/www.facebook.com\/celtTV\/","article_published_time":"2026-01-29T19:14:04+00:00","og_image":[{"width":904,"height":547,"url":"https:\/\/www.celttv.com.ar\/wp-content\/uploads\/2026\/01\/aviso-necrologico-1.jpg","type":"image\/jpeg"}],"author":"Miguel Herrada","twitter_card":"summary_large_image","twitter_misc":{"Escrito por":"Miguel Herrada","Tiempo de lectura":"1 minuto"},"schema":{"@context":"https:\/\/schema.org","@graph":[{"@type":"NewsArticle","@id":"https:\/\/www.celttv.com.ar\/index.php\/2026\/01\/29\/maria-catalina-tujay-viuda-de-braun-mari-q-e-p-d-fallecio-en-tornquist-el-29-de-enero-de-2026-a-los-78-anos-de-edad\/#article","isPartOf":{"@id":"https:\/\/www.celttv.com.ar\/index.php\/2026\/01\/29\/maria-catalina-tujay-viuda-de-braun-mari-q-e-p-d-fallecio-en-tornquist-el-29-de-enero-de-2026-a-los-78-anos-de-edad\/"},"author":{"name":"Miguel Herrada","@id":"https:\/\/www.celttv.com.ar\/#\/schema\/person\/9059dc91dc7204ef4182cdb65225f07d"},"headline":"Mar\u00eda Catalina TUJAY viuda de BRAUN (\u201cMari\u201d) Q.E.P.D.: Falleci\u00f3 en Tornquist el 29 de Enero de 2026 a los 78 a\u00f1os de edad.","datePublished":"2026-01-29T19:14:04+00:00","dateModified":"2026-01-29T19:14:04+00:00","mainEntityOfPage":{"@id":"https:\/\/www.celttv.com.ar\/index.php\/2026\/01\/29\/maria-catalina-tujay-viuda-de-braun-mari-q-e-p-d-fallecio-en-tornquist-el-29-de-enero-de-2026-a-los-78-anos-de-edad\/"},"wordCount":134,"publisher":{"@id":"https:\/\/www.celttv.com.ar\/#organization"},"articleSection":["Comunidad"],"inLanguage":"es"},{"@type":"WebPage","@id":"https:\/\/www.celttv.com.ar\/index.php\/2026\/01\/29\/maria-catalina-tujay-viuda-de-braun-mari-q-e-p-d-fallecio-en-tornquist-el-29-de-enero-de-2026-a-los-78-anos-de-edad\/","url":"https:\/\/www.celttv.com.ar\/index.php\/2026\/01\/29\/maria-catalina-tujay-viuda-de-braun-mari-q-e-p-d-fallecio-en-tornquist-el-29-de-enero-de-2026-a-los-78-anos-de-edad\/","name":"Mar\u00eda Catalina TUJAY viuda de BRAUN (\u201cMari\u201d) Q.E.P.D.: Falleci\u00f3 en Tornquist el 29 de Enero de 2026 a los 78 a\u00f1os de edad. - CELTTV","isPartOf":{"@id":"https:\/\/www.celttv.com.ar\/#website"},"datePublished":"2026-01-29T19:14:04+00:00","dateModified":"2026-01-29T19:14:04+00:00","description":"Sitio web de noticias de la localidad de Tornquist, provincia de Buenos Aires, Rep\u00fablica Argentina. Contenido propio originado por periodistas de CELTTV, el canal de TV local de la Cooperativa El\u00e9ctrica de Tornquist. Turismo, Pol\u00edtica, Sociedad, Deporte, Cultura y todo el contenido de inter\u00e9s general que la gente del pueblo y la regi\u00f3n debe conocer.","breadcrumb":{"@id":"https:\/\/www.celttv.com.ar\/index.php\/2026\/01\/29\/maria-catalina-tujay-viuda-de-braun-mari-q-e-p-d-fallecio-en-tornquist-el-29-de-enero-de-2026-a-los-78-anos-de-edad\/#breadcrumb"},"inLanguage":"es","potentialAction":[{"@type":"ReadAction","target":["https:\/\/www.celttv.com.ar\/index.php\/2026\/01\/29\/maria-catalina-tujay-viuda-de-braun-mari-q-e-p-d-fallecio-en-tornquist-el-29-de-enero-de-2026-a-los-78-anos-de-edad\/"]}]},{"@type":"BreadcrumbList","@id":"https:\/\/www.celttv.com.ar\/index.php\/2026\/01\/29\/maria-catalina-tujay-viuda-de-braun-mari-q-e-p-d-fallecio-en-tornquist-el-29-de-enero-de-2026-a-los-78-anos-de-edad\/#breadcrumb","itemListElement":[{"@type":"ListItem","position":1,"name":"Inicio","item":"https:\/\/www.celttv.com.ar\/"},{"@type":"ListItem","position":2,"name":"Mar\u00eda Catalina TUJAY viuda de BRAUN (\u201cMari\u201d) Q.E.P.D.: Falleci\u00f3 en Tornquist el 29 de Enero de 2026 a los 78 a\u00f1os de edad."}]},{"@type":"WebSite","@id":"https:\/\/www.celttv.com.ar\/#website","url":"https:\/\/www.celttv.com.ar\/","name":"CELTTV","description":"Cooperativa El\u00e9ctrica de Tornquist","publisher":{"@id":"https:\/\/www.celttv.com.ar\/#organization"},"potentialAction":[{"@type":"SearchAction","target":{"@type":"EntryPoint","urlTemplate":"https:\/\/www.celttv.com.ar\/?s={search_term_string}"},"query-input":"required name=search_term_string"}],"inLanguage":"es"},{"@type":"Organization","@id":"https:\/\/www.celttv.com.ar\/#organization","name":"CELTTV","url":"https:\/\/www.celttv.com.ar\/","sameAs":["https:\/\/www.youtube.com\/channel\/UCz_oIt8Hig64Ub-EmcNPIhg","https:\/\/www.facebook.com\/celtTV\/"],"logo":{"@type":"ImageObject","inLanguage":"es","@id":"https:\/\/www.celttv.com.ar\/#\/schema\/logo\/image\/","url":"http:\/\/www.celttv.com.ar\/wp-content\/uploads\/2022\/08\/logo-1.png","contentUrl":"http:\/\/www.celttv.com.ar\/wp-content\/uploads\/2022\/08\/logo-1.png","width":461,"height":159,"caption":"CELTTV"},"image":{"@id":"https:\/\/www.celttv.com.ar\/#\/schema\/logo\/image\/"}},{"@type":"Person","@id":"https:\/\/www.celttv.com.ar\/#\/schema\/person\/9059dc91dc7204ef4182cdb65225f07d","name":"Miguel Herrada","image":{"@type":"ImageObject","inLanguage":"es","@id":"https:\/\/www.celttv.com.ar\/#\/schema\/person\/image\/","url":"https:\/\/secure.gravatar.com\/avatar\/67724d5b3c716623ffd76bec7e45841a442ac3b456e914dbba90b0fad2b8e0b1?s=96&d=mm&r=g","contentUrl":"https:\/\/secure.gravatar.com\/avatar\/67724d5b3c716623ffd76bec7e45841a442ac3b456e914dbba90b0fad2b8e0b1?s=96&d=mm&r=g","caption":"Miguel Herrada"}}]}},"_links":{"self":[{"href":"https:\/\/www.celttv.com.ar\/index.php\/wp-json\/wp\/v2\/posts\/91060","targetHints":{"allow":["GET"]}}],"collection":[{"href":"https:\/\/www.celttv.com.ar\/index.php\/wp-json\/wp\/v2\/posts"}],"about":[{"href":"https:\/\/www.celttv.com.ar\/index.php\/wp-json\/wp\/v2\/types\/post"}],"author":[{"embeddable":true,"href":"https:\/\/www.celttv.com.ar\/index.php\/wp-json\/wp\/v2\/users\/5"}],"replies":[{"embeddable":true,"href":"https:\/\/www.celttv.com.ar\/index.php\/wp-json\/wp\/v2\/comments?post=91060"}],"version-history":[{"count":1,"href":"https:\/\/www.celttv.com.ar\/index.php\/wp-json\/wp\/v2\/posts\/91060\/revisions"}],"predecessor-version":[{"id":91061,"href":"https:\/\/www.celttv.com.ar\/index.php\/wp-json\/wp\/v2\/posts\/91060\/revisions\/91061"}],"wp:featuredmedia":[{"embeddable":true,"href":"https:\/\/www.celttv.com.ar\/index.php\/wp-json\/wp\/v2\/media\/91010"}],"wp:attachment":[{"href":"https:\/\/www.celttv.com.ar\/index.php\/wp-json\/wp\/v2\/media?parent=91060"}],"wp:term":[{"taxonomy":"category","embeddable":true,"href":"https:\/\/www.celttv.com.ar\/index.php\/wp-json\/wp\/v2\/categories?post=91060"},{"taxonomy":"post_tag","embeddable":true,"href":"https:\/\/www.celttv.com.ar\/index.php\/wp-json\/wp\/v2\/tags?post=91060"}],"curies":[{"name":"wp","href":"https:\/\/api.w.org\/{rel}","templated":true}]}}