{"id":91065,"date":"2026-01-29T17:52:51","date_gmt":"2026-01-29T20:52:51","guid":{"rendered":"https:\/\/www.celttv.com.ar\/?p=91065"},"modified":"2026-01-29T17:54:14","modified_gmt":"2026-01-29T20:54:14","slug":"el-hcd-aprobo-la-cesion-de-un-predio-para-crear-un-centro-de-entrenamiento-de-bomberos-en-tornquist","status":"publish","type":"post","link":"https:\/\/www.celttv.com.ar\/index.php\/2026\/01\/29\/el-hcd-aprobo-la-cesion-de-un-predio-para-crear-un-centro-de-entrenamiento-de-bomberos-en-tornquist\/","title":{"rendered":"El HCD. aprob\u00f3 la cesi\u00f3n de un predio para crear un Centro de Entrenamiento de Bomberos en Tornquist"},"content":{"rendered":"<p>El Honorable Concejo Deliberante de Tornquist aprob\u00f3 la cesi\u00f3n de un predio municipal que ser\u00e1 destinado a la creaci\u00f3n de un Centro de Capacitaci\u00f3n y Entrenamiento para los Bomberos Voluntarios de Tornquist y de toda la regi\u00f3n.<\/p>\n<p>Tras la sesi\u00f3n, CELTTV Noticias dialog\u00f3 con el jefe del Cuerpo de Bomberos Voluntarios de Tornquist y capacitador nacional de la Federaci\u00f3n Centro Sur, comandante Mart\u00edn Haag, quien subray\u00f3 la importancia estrat\u00e9gica del proyecto.<\/p>\n<p>\u201cEste centro no es solo para los bomberos de Tornquist, sino para los cuarteles del distrito, de la regi\u00f3n e incluso para la comunidad. Es un proyecto que en la zona no existe y que, aunque llevar\u00e1 tiempo, ser\u00e1 un antes y un despu\u00e9s para nuestros bomberos\u201d, afirm\u00f3.<\/p>\n<p>Haag explic\u00f3 que el predio estar\u00e1 orientado a la instalaci\u00f3n de simuladores de entrenamiento que permitan recrear escenarios reales de emergencia. \u201cLa idea es desarrollar un centro de entrenamiento con distintos simuladores que iremos incorporando a trav\u00e9s de convenios con organismos p\u00fablicos y privados. Esto nos va a permitir brindar capacitaci\u00f3n permanente y de mayor calidad\u201d, indic\u00f3.<\/p>\n<p>En ese sentido, remarc\u00f3 que el proyecto tambi\u00e9n abre la puerta a acuerdos con empresas privadas para la capacitaci\u00f3n de su personal en seguridad, incendios y rescate, lo que adem\u00e1s podr\u00eda generar recursos para el sostenimiento del centro.<\/p>\n<p>El jefe del cuartel record\u00f3 la experiencia vivida en 2025 en el centro de entrenamiento de Gar\u00edn, en Buenos Aires, donde participaron bomberos de todo el distrito. \u201cAh\u00ed vimos el impacto real que tiene entrenar con simuladores: no solo aporta conocimientos, sino experiencia. Nos dimos cuenta de la necesidad de contar con algo as\u00ed en nuestra zona\u201d, sostuvo.<\/p>\n<p>Entre los ejes principales, destac\u00f3 la posibilidad de entrenar en incendios estructurales y forestales, rescate, materiales peligrosos y rescate en altura. \u201cHoy por la Ruta 33 circulan cientos de camiones con sustancias peligrosas. Es un riesgo potencial y cuanto m\u00e1s entrenado est\u00e9 el personal, mejor preparados vamos a estar\u201d, remarc\u00f3.<\/p>\n<p>Haag tambi\u00e9n puso en valor la ubicaci\u00f3n geogr\u00e1fica de Tornquist y el rol que ya cumple el distrito como referencia en incendios forestales. \u201cSomos un punto estrat\u00e9gico para muchos cuarteles del sur bonaerense. Esto puede favorecer la llegada de bomberos de distintas regiones y la articulaci\u00f3n con federaciones y organismos, incluso a nivel internacional\u201d, se\u00f1al\u00f3.<\/p>\n<p>Sobre los pr\u00f3ximos pasos, inform\u00f3 que ya se est\u00e1 articulando con el Ejecutivo municipal para avanzar en la limpieza, cercado y acondicionamiento del terreno, ubicado en un sector lindero al basurero municipal, con un acceso independiente. \u201cNo es un proyecto a corto plazo. Va a llevar gesti\u00f3n, tiempo y mucho trabajo humano, pero es un desaf\u00edo que los bomberos est\u00e1n dispuestos a asumir\u201d, asegur\u00f3.<\/p>\n<p>Finalmente, el comandante agradeci\u00f3 al Ejecutivo municipal y al Concejo Deliberante por acompa\u00f1ar la iniciativa. \u201cEstamos muy entusiasmados. Este primer paso es fundamental y creemos que este centro ser\u00e1 un gran crecimiento para la instituci\u00f3n, para el distrito y para toda la regi\u00f3n\u201d, concluy\u00f3.<\/p>\n<p>Fotos; gentileza Mart\u00edn Haag &#8211; Centro de capacitaci\u00f3n de Gar\u00edn<\/p>\n<p><iframe loading=\"lazy\" title=\"NOTA MARTIN HAAG  BOMBEROS   CENTRO DE CAPACITACION\" width=\"500\" height=\"281\" src=\"https:\/\/www.youtube.com\/embed\/ZMED7mDQyTM?feature=oembed\" frameborder=\"0\" allow=\"accelerometer; autoplay; clipboard-write; encrypted-media; gyroscope; picture-in-picture; web-share\" referrerpolicy=\"strict-origin-when-cross-origin\" allowfullscreen><\/iframe><\/p>\n<p><img loading=\"lazy\" decoding=\"async\" class=\"alignnone wp-image-91066 size-large\" src=\"https:\/\/www.celttv.com.ar\/wp-content\/uploads\/2026\/01\/capa-1-1024x734.jpg\" alt=\"\" width=\"1024\" height=\"734\" srcset=\"https:\/\/www.celttv.com.ar\/wp-content\/uploads\/2026\/01\/capa-1-1024x734.jpg 1024w, https:\/\/www.celttv.com.ar\/wp-content\/uploads\/2026\/01\/capa-1-300x215.jpg 300w, https:\/\/www.celttv.com.ar\/wp-content\/uploads\/2026\/01\/capa-1-768x551.jpg 768w, https:\/\/www.celttv.com.ar\/wp-content\/uploads\/2026\/01\/capa-1-120x86.jpg 120w, https:\/\/www.celttv.com.ar\/wp-content\/uploads\/2026\/01\/capa-1-350x250.jpg 350w, https:\/\/www.celttv.com.ar\/wp-content\/uploads\/2026\/01\/capa-1-750x538.jpg 750w, https:\/\/www.celttv.com.ar\/wp-content\/uploads\/2026\/01\/capa-1-1140x818.jpg 1140w, https:\/\/www.celttv.com.ar\/wp-content\/uploads\/2026\/01\/capa-1.jpg 1199w\" sizes=\"auto, (max-width: 1024px) 100vw, 1024px\" \/> <img loading=\"lazy\" decoding=\"async\" class=\"alignnone wp-image-91067 size-large\" src=\"https:\/\/www.celttv.com.ar\/wp-content\/uploads\/2026\/01\/capa-2-1024x756.jpg\" alt=\"\" width=\"1024\" height=\"756\" srcset=\"https:\/\/www.celttv.com.ar\/wp-content\/uploads\/2026\/01\/capa-2-1024x756.jpg 1024w, https:\/\/www.celttv.com.ar\/wp-content\/uploads\/2026\/01\/capa-2-300x221.jpg 300w, https:\/\/www.celttv.com.ar\/wp-content\/uploads\/2026\/01\/capa-2-768x567.jpg 768w, https:\/\/www.celttv.com.ar\/wp-content\/uploads\/2026\/01\/capa-2-750x554.jpg 750w, https:\/\/www.celttv.com.ar\/wp-content\/uploads\/2026\/01\/capa-2-1140x841.jpg 1140w, https:\/\/www.celttv.com.ar\/wp-content\/uploads\/2026\/01\/capa-2.jpg 1199w\" sizes=\"auto, (max-width: 1024px) 100vw, 1024px\" \/> <img loading=\"lazy\" decoding=\"async\" class=\"alignnone wp-image-91068 size-full\" src=\"https:\/\/www.celttv.com.ar\/wp-content\/uploads\/2026\/01\/capa-3.jpg\" alt=\"\" width=\"677\" height=\"887\" srcset=\"https:\/\/www.celttv.com.ar\/wp-content\/uploads\/2026\/01\/capa-3.jpg 677w, https:\/\/www.celttv.com.ar\/wp-content\/uploads\/2026\/01\/capa-3-229x300.jpg 229w\" sizes=\"auto, (max-width: 677px) 100vw, 677px\" \/> <img loading=\"lazy\" decoding=\"async\" class=\"alignnone wp-image-91069 size-large\" src=\"https:\/\/www.celttv.com.ar\/wp-content\/uploads\/2026\/01\/capa-4-1024x736.jpg\" alt=\"\" width=\"1024\" height=\"736\" srcset=\"https:\/\/www.celttv.com.ar\/wp-content\/uploads\/2026\/01\/capa-4-1024x736.jpg 1024w, https:\/\/www.celttv.com.ar\/wp-content\/uploads\/2026\/01\/capa-4-300x216.jpg 300w, https:\/\/www.celttv.com.ar\/wp-content\/uploads\/2026\/01\/capa-4-768x552.jpg 768w, https:\/\/www.celttv.com.ar\/wp-content\/uploads\/2026\/01\/capa-4-120x86.jpg 120w, https:\/\/www.celttv.com.ar\/wp-content\/uploads\/2026\/01\/capa-4-750x539.jpg 750w, https:\/\/www.celttv.com.ar\/wp-content\/uploads\/2026\/01\/capa-4-1140x819.jpg 1140w, https:\/\/www.celttv.com.ar\/wp-content\/uploads\/2026\/01\/capa-4.jpg 1197w\" sizes=\"auto, (max-width: 1024px) 100vw, 1024px\" \/><\/p>\n","protected":false},"excerpt":{"rendered":"<p>El Honorable Concejo Deliberante de Tornquist aprob\u00f3 la cesi\u00f3n de un predio municipal que ser\u00e1 destinado a la creaci\u00f3n de un Centro de Capacitaci\u00f3n y Entrenamiento para los Bomberos Voluntarios de Tornquist y de toda la regi\u00f3n. Tras la sesi\u00f3n, CELTTV Noticias dialog\u00f3 con el jefe del Cuerpo de Bomberos Voluntarios de Tornquist y capacitador [&hellip;]<\/p>\n","protected":false},"author":5,"featured_media":91066,"comment_status":"closed","ping_status":"closed","sticky":false,"template":"","format":"standard","meta":{"footnotes":""},"categories":[51],"tags":[],"class_list":["post-91065","post","type-post","status-publish","format-standard","has-post-thumbnail","hentry","category-comunidad"],"yoast_head":"<!-- This site is optimized with the Yoast SEO plugin v19.7.1 - https:\/\/yoast.com\/wordpress\/plugins\/seo\/ -->\n<title>El HCD. aprob\u00f3 la cesi\u00f3n de un predio para crear un Centro de Entrenamiento de Bomberos en Tornquist - CELTTV<\/title>\n<meta name=\"description\" content=\"Sitio web de noticias de la localidad de Tornquist, provincia de Buenos Aires, Rep\u00fablica Argentina. Contenido propio originado por periodistas de CELTTV, el canal de TV local de la Cooperativa El\u00e9ctrica de Tornquist. Turismo, Pol\u00edtica, Sociedad, Deporte, Cultura y todo el contenido de inter\u00e9s general que la gente del pueblo y la regi\u00f3n debe conocer.\" \/>\n<meta name=\"robots\" content=\"index, follow, max-snippet:-1, max-image-preview:large, max-video-preview:-1\" \/>\n<link rel=\"canonical\" href=\"https:\/\/www.celttv.com.ar\/index.php\/2026\/01\/29\/el-hcd-aprobo-la-cesion-de-un-predio-para-crear-un-centro-de-entrenamiento-de-bomberos-en-tornquist\/\" \/>\n<meta property=\"og:locale\" content=\"es_ES\" \/>\n<meta property=\"og:type\" content=\"article\" \/>\n<meta property=\"og:title\" content=\"El HCD. aprob\u00f3 la cesi\u00f3n de un predio para crear un Centro de Entrenamiento de Bomberos en Tornquist - CELTTV\" \/>\n<meta property=\"og:description\" content=\"Sitio web de noticias de la localidad de Tornquist, provincia de Buenos Aires, Rep\u00fablica Argentina. Contenido propio originado por periodistas de CELTTV, el canal de TV local de la Cooperativa El\u00e9ctrica de Tornquist. Turismo, Pol\u00edtica, Sociedad, Deporte, Cultura y todo el contenido de inter\u00e9s general que la gente del pueblo y la regi\u00f3n debe conocer.\" \/>\n<meta property=\"og:url\" content=\"https:\/\/www.celttv.com.ar\/index.php\/2026\/01\/29\/el-hcd-aprobo-la-cesion-de-un-predio-para-crear-un-centro-de-entrenamiento-de-bomberos-en-tornquist\/\" \/>\n<meta property=\"og:site_name\" content=\"CELTTV\" \/>\n<meta property=\"article:publisher\" content=\"https:\/\/www.facebook.com\/celtTV\/\" \/>\n<meta property=\"article:published_time\" content=\"2026-01-29T20:52:51+00:00\" \/>\n<meta property=\"article:modified_time\" content=\"2026-01-29T20:54:14+00:00\" \/>\n<meta property=\"og:image\" content=\"https:\/\/www.celttv.com.ar\/wp-content\/uploads\/2026\/01\/capa-1.jpg\" \/>\n\t<meta property=\"og:image:width\" content=\"1199\" \/>\n\t<meta property=\"og:image:height\" content=\"860\" \/>\n\t<meta property=\"og:image:type\" content=\"image\/jpeg\" \/>\n<meta name=\"author\" content=\"Miguel Herrada\" \/>\n<meta name=\"twitter:card\" content=\"summary_large_image\" \/>\n<meta name=\"twitter:label1\" content=\"Escrito por\" \/>\n\t<meta name=\"twitter:data1\" content=\"Miguel Herrada\" \/>\n\t<meta name=\"twitter:label2\" content=\"Tiempo de lectura\" \/>\n\t<meta name=\"twitter:data2\" content=\"3 minutos\" \/>\n<script type=\"application\/ld+json\" class=\"yoast-schema-graph\">{\"@context\":\"https:\/\/schema.org\",\"@graph\":[{\"@type\":\"NewsArticle\",\"@id\":\"https:\/\/www.celttv.com.ar\/index.php\/2026\/01\/29\/el-hcd-aprobo-la-cesion-de-un-predio-para-crear-un-centro-de-entrenamiento-de-bomberos-en-tornquist\/#article\",\"isPartOf\":{\"@id\":\"https:\/\/www.celttv.com.ar\/index.php\/2026\/01\/29\/el-hcd-aprobo-la-cesion-de-un-predio-para-crear-un-centro-de-entrenamiento-de-bomberos-en-tornquist\/\"},\"author\":{\"name\":\"Miguel Herrada\",\"@id\":\"https:\/\/www.celttv.com.ar\/#\/schema\/person\/9059dc91dc7204ef4182cdb65225f07d\"},\"headline\":\"El HCD. aprob\u00f3 la cesi\u00f3n de un predio para crear un Centro de Entrenamiento de Bomberos en Tornquist\",\"datePublished\":\"2026-01-29T20:52:51+00:00\",\"dateModified\":\"2026-01-29T20:54:14+00:00\",\"mainEntityOfPage\":{\"@id\":\"https:\/\/www.celttv.com.ar\/index.php\/2026\/01\/29\/el-hcd-aprobo-la-cesion-de-un-predio-para-crear-un-centro-de-entrenamiento-de-bomberos-en-tornquist\/\"},\"wordCount\":553,\"publisher\":{\"@id\":\"https:\/\/www.celttv.com.ar\/#organization\"},\"articleSection\":[\"Comunidad\"],\"inLanguage\":\"es\"},{\"@type\":\"WebPage\",\"@id\":\"https:\/\/www.celttv.com.ar\/index.php\/2026\/01\/29\/el-hcd-aprobo-la-cesion-de-un-predio-para-crear-un-centro-de-entrenamiento-de-bomberos-en-tornquist\/\",\"url\":\"https:\/\/www.celttv.com.ar\/index.php\/2026\/01\/29\/el-hcd-aprobo-la-cesion-de-un-predio-para-crear-un-centro-de-entrenamiento-de-bomberos-en-tornquist\/\",\"name\":\"El HCD. aprob\u00f3 la cesi\u00f3n de un predio para crear un Centro de Entrenamiento de Bomberos en Tornquist - CELTTV\",\"isPartOf\":{\"@id\":\"https:\/\/www.celttv.com.ar\/#website\"},\"datePublished\":\"2026-01-29T20:52:51+00:00\",\"dateModified\":\"2026-01-29T20:54:14+00:00\",\"description\":\"Sitio web de noticias de la localidad de Tornquist, provincia de Buenos Aires, Rep\u00fablica Argentina. Contenido propio originado por periodistas de CELTTV, el canal de TV local de la Cooperativa El\u00e9ctrica de Tornquist. Turismo, Pol\u00edtica, Sociedad, Deporte, Cultura y todo el contenido de inter\u00e9s general que la gente del pueblo y la regi\u00f3n debe conocer.\",\"breadcrumb\":{\"@id\":\"https:\/\/www.celttv.com.ar\/index.php\/2026\/01\/29\/el-hcd-aprobo-la-cesion-de-un-predio-para-crear-un-centro-de-entrenamiento-de-bomberos-en-tornquist\/#breadcrumb\"},\"inLanguage\":\"es\",\"potentialAction\":[{\"@type\":\"ReadAction\",\"target\":[\"https:\/\/www.celttv.com.ar\/index.php\/2026\/01\/29\/el-hcd-aprobo-la-cesion-de-un-predio-para-crear-un-centro-de-entrenamiento-de-bomberos-en-tornquist\/\"]}]},{\"@type\":\"BreadcrumbList\",\"@id\":\"https:\/\/www.celttv.com.ar\/index.php\/2026\/01\/29\/el-hcd-aprobo-la-cesion-de-un-predio-para-crear-un-centro-de-entrenamiento-de-bomberos-en-tornquist\/#breadcrumb\",\"itemListElement\":[{\"@type\":\"ListItem\",\"position\":1,\"name\":\"Inicio\",\"item\":\"https:\/\/www.celttv.com.ar\/\"},{\"@type\":\"ListItem\",\"position\":2,\"name\":\"El HCD. aprob\u00f3 la cesi\u00f3n de un predio para crear un Centro de Entrenamiento de Bomberos en Tornquist\"}]},{\"@type\":\"WebSite\",\"@id\":\"https:\/\/www.celttv.com.ar\/#website\",\"url\":\"https:\/\/www.celttv.com.ar\/\",\"name\":\"CELTTV\",\"description\":\"Cooperativa El\u00e9ctrica de Tornquist\",\"publisher\":{\"@id\":\"https:\/\/www.celttv.com.ar\/#organization\"},\"potentialAction\":[{\"@type\":\"SearchAction\",\"target\":{\"@type\":\"EntryPoint\",\"urlTemplate\":\"https:\/\/www.celttv.com.ar\/?s={search_term_string}\"},\"query-input\":\"required name=search_term_string\"}],\"inLanguage\":\"es\"},{\"@type\":\"Organization\",\"@id\":\"https:\/\/www.celttv.com.ar\/#organization\",\"name\":\"CELTTV\",\"url\":\"https:\/\/www.celttv.com.ar\/\",\"sameAs\":[\"https:\/\/www.youtube.com\/channel\/UCz_oIt8Hig64Ub-EmcNPIhg\",\"https:\/\/www.facebook.com\/celtTV\/\"],\"logo\":{\"@type\":\"ImageObject\",\"inLanguage\":\"es\",\"@id\":\"https:\/\/www.celttv.com.ar\/#\/schema\/logo\/image\/\",\"url\":\"http:\/\/www.celttv.com.ar\/wp-content\/uploads\/2022\/08\/logo-1.png\",\"contentUrl\":\"http:\/\/www.celttv.com.ar\/wp-content\/uploads\/2022\/08\/logo-1.png\",\"width\":461,\"height\":159,\"caption\":\"CELTTV\"},\"image\":{\"@id\":\"https:\/\/www.celttv.com.ar\/#\/schema\/logo\/image\/\"}},{\"@type\":\"Person\",\"@id\":\"https:\/\/www.celttv.com.ar\/#\/schema\/person\/9059dc91dc7204ef4182cdb65225f07d\",\"name\":\"Miguel Herrada\",\"image\":{\"@type\":\"ImageObject\",\"inLanguage\":\"es\",\"@id\":\"https:\/\/www.celttv.com.ar\/#\/schema\/person\/image\/\",\"url\":\"https:\/\/secure.gravatar.com\/avatar\/67724d5b3c716623ffd76bec7e45841a442ac3b456e914dbba90b0fad2b8e0b1?s=96&d=mm&r=g\",\"contentUrl\":\"https:\/\/secure.gravatar.com\/avatar\/67724d5b3c716623ffd76bec7e45841a442ac3b456e914dbba90b0fad2b8e0b1?s=96&d=mm&r=g\",\"caption\":\"Miguel Herrada\"}}]}<\/script>\n<!-- \/ Yoast SEO plugin. -->","yoast_head_json":{"title":"El HCD. aprob\u00f3 la cesi\u00f3n de un predio para crear un Centro de Entrenamiento de Bomberos en Tornquist - CELTTV","description":"Sitio web de noticias de la localidad de Tornquist, provincia de Buenos Aires, Rep\u00fablica Argentina. Contenido propio originado por periodistas de CELTTV, el canal de TV local de la Cooperativa El\u00e9ctrica de Tornquist. Turismo, Pol\u00edtica, Sociedad, Deporte, Cultura y todo el contenido de inter\u00e9s general que la gente del pueblo y la regi\u00f3n debe conocer.","robots":{"index":"index","follow":"follow","max-snippet":"max-snippet:-1","max-image-preview":"max-image-preview:large","max-video-preview":"max-video-preview:-1"},"canonical":"https:\/\/www.celttv.com.ar\/index.php\/2026\/01\/29\/el-hcd-aprobo-la-cesion-de-un-predio-para-crear-un-centro-de-entrenamiento-de-bomberos-en-tornquist\/","og_locale":"es_ES","og_type":"article","og_title":"El HCD. aprob\u00f3 la cesi\u00f3n de un predio para crear un Centro de Entrenamiento de Bomberos en Tornquist - CELTTV","og_description":"Sitio web de noticias de la localidad de Tornquist, provincia de Buenos Aires, Rep\u00fablica Argentina. Contenido propio originado por periodistas de CELTTV, el canal de TV local de la Cooperativa El\u00e9ctrica de Tornquist. Turismo, Pol\u00edtica, Sociedad, Deporte, Cultura y todo el contenido de inter\u00e9s general que la gente del pueblo y la regi\u00f3n debe conocer.","og_url":"https:\/\/www.celttv.com.ar\/index.php\/2026\/01\/29\/el-hcd-aprobo-la-cesion-de-un-predio-para-crear-un-centro-de-entrenamiento-de-bomberos-en-tornquist\/","og_site_name":"CELTTV","article_publisher":"https:\/\/www.facebook.com\/celtTV\/","article_published_time":"2026-01-29T20:52:51+00:00","article_modified_time":"2026-01-29T20:54:14+00:00","og_image":[{"width":1199,"height":860,"url":"https:\/\/www.celttv.com.ar\/wp-content\/uploads\/2026\/01\/capa-1.jpg","type":"image\/jpeg"}],"author":"Miguel Herrada","twitter_card":"summary_large_image","twitter_misc":{"Escrito por":"Miguel Herrada","Tiempo de lectura":"3 minutos"},"schema":{"@context":"https:\/\/schema.org","@graph":[{"@type":"NewsArticle","@id":"https:\/\/www.celttv.com.ar\/index.php\/2026\/01\/29\/el-hcd-aprobo-la-cesion-de-un-predio-para-crear-un-centro-de-entrenamiento-de-bomberos-en-tornquist\/#article","isPartOf":{"@id":"https:\/\/www.celttv.com.ar\/index.php\/2026\/01\/29\/el-hcd-aprobo-la-cesion-de-un-predio-para-crear-un-centro-de-entrenamiento-de-bomberos-en-tornquist\/"},"author":{"name":"Miguel Herrada","@id":"https:\/\/www.celttv.com.ar\/#\/schema\/person\/9059dc91dc7204ef4182cdb65225f07d"},"headline":"El HCD. aprob\u00f3 la cesi\u00f3n de un predio para crear un Centro de Entrenamiento de Bomberos en Tornquist","datePublished":"2026-01-29T20:52:51+00:00","dateModified":"2026-01-29T20:54:14+00:00","mainEntityOfPage":{"@id":"https:\/\/www.celttv.com.ar\/index.php\/2026\/01\/29\/el-hcd-aprobo-la-cesion-de-un-predio-para-crear-un-centro-de-entrenamiento-de-bomberos-en-tornquist\/"},"wordCount":553,"publisher":{"@id":"https:\/\/www.celttv.com.ar\/#organization"},"articleSection":["Comunidad"],"inLanguage":"es"},{"@type":"WebPage","@id":"https:\/\/www.celttv.com.ar\/index.php\/2026\/01\/29\/el-hcd-aprobo-la-cesion-de-un-predio-para-crear-un-centro-de-entrenamiento-de-bomberos-en-tornquist\/","url":"https:\/\/www.celttv.com.ar\/index.php\/2026\/01\/29\/el-hcd-aprobo-la-cesion-de-un-predio-para-crear-un-centro-de-entrenamiento-de-bomberos-en-tornquist\/","name":"El HCD. aprob\u00f3 la cesi\u00f3n de un predio para crear un Centro de Entrenamiento de Bomberos en Tornquist - CELTTV","isPartOf":{"@id":"https:\/\/www.celttv.com.ar\/#website"},"datePublished":"2026-01-29T20:52:51+00:00","dateModified":"2026-01-29T20:54:14+00:00","description":"Sitio web de noticias de la localidad de Tornquist, provincia de Buenos Aires, Rep\u00fablica Argentina. Contenido propio originado por periodistas de CELTTV, el canal de TV local de la Cooperativa El\u00e9ctrica de Tornquist. Turismo, Pol\u00edtica, Sociedad, Deporte, Cultura y todo el contenido de inter\u00e9s general que la gente del pueblo y la regi\u00f3n debe conocer.","breadcrumb":{"@id":"https:\/\/www.celttv.com.ar\/index.php\/2026\/01\/29\/el-hcd-aprobo-la-cesion-de-un-predio-para-crear-un-centro-de-entrenamiento-de-bomberos-en-tornquist\/#breadcrumb"},"inLanguage":"es","potentialAction":[{"@type":"ReadAction","target":["https:\/\/www.celttv.com.ar\/index.php\/2026\/01\/29\/el-hcd-aprobo-la-cesion-de-un-predio-para-crear-un-centro-de-entrenamiento-de-bomberos-en-tornquist\/"]}]},{"@type":"BreadcrumbList","@id":"https:\/\/www.celttv.com.ar\/index.php\/2026\/01\/29\/el-hcd-aprobo-la-cesion-de-un-predio-para-crear-un-centro-de-entrenamiento-de-bomberos-en-tornquist\/#breadcrumb","itemListElement":[{"@type":"ListItem","position":1,"name":"Inicio","item":"https:\/\/www.celttv.com.ar\/"},{"@type":"ListItem","position":2,"name":"El HCD. aprob\u00f3 la cesi\u00f3n de un predio para crear un Centro de Entrenamiento de Bomberos en Tornquist"}]},{"@type":"WebSite","@id":"https:\/\/www.celttv.com.ar\/#website","url":"https:\/\/www.celttv.com.ar\/","name":"CELTTV","description":"Cooperativa El\u00e9ctrica de Tornquist","publisher":{"@id":"https:\/\/www.celttv.com.ar\/#organization"},"potentialAction":[{"@type":"SearchAction","target":{"@type":"EntryPoint","urlTemplate":"https:\/\/www.celttv.com.ar\/?s={search_term_string}"},"query-input":"required name=search_term_string"}],"inLanguage":"es"},{"@type":"Organization","@id":"https:\/\/www.celttv.com.ar\/#organization","name":"CELTTV","url":"https:\/\/www.celttv.com.ar\/","sameAs":["https:\/\/www.youtube.com\/channel\/UCz_oIt8Hig64Ub-EmcNPIhg","https:\/\/www.facebook.com\/celtTV\/"],"logo":{"@type":"ImageObject","inLanguage":"es","@id":"https:\/\/www.celttv.com.ar\/#\/schema\/logo\/image\/","url":"http:\/\/www.celttv.com.ar\/wp-content\/uploads\/2022\/08\/logo-1.png","contentUrl":"http:\/\/www.celttv.com.ar\/wp-content\/uploads\/2022\/08\/logo-1.png","width":461,"height":159,"caption":"CELTTV"},"image":{"@id":"https:\/\/www.celttv.com.ar\/#\/schema\/logo\/image\/"}},{"@type":"Person","@id":"https:\/\/www.celttv.com.ar\/#\/schema\/person\/9059dc91dc7204ef4182cdb65225f07d","name":"Miguel Herrada","image":{"@type":"ImageObject","inLanguage":"es","@id":"https:\/\/www.celttv.com.ar\/#\/schema\/person\/image\/","url":"https:\/\/secure.gravatar.com\/avatar\/67724d5b3c716623ffd76bec7e45841a442ac3b456e914dbba90b0fad2b8e0b1?s=96&d=mm&r=g","contentUrl":"https:\/\/secure.gravatar.com\/avatar\/67724d5b3c716623ffd76bec7e45841a442ac3b456e914dbba90b0fad2b8e0b1?s=96&d=mm&r=g","caption":"Miguel Herrada"}}]}},"_links":{"self":[{"href":"https:\/\/www.celttv.com.ar\/index.php\/wp-json\/wp\/v2\/posts\/91065","targetHints":{"allow":["GET"]}}],"collection":[{"href":"https:\/\/www.celttv.com.ar\/index.php\/wp-json\/wp\/v2\/posts"}],"about":[{"href":"https:\/\/www.celttv.com.ar\/index.php\/wp-json\/wp\/v2\/types\/post"}],"author":[{"embeddable":true,"href":"https:\/\/www.celttv.com.ar\/index.php\/wp-json\/wp\/v2\/users\/5"}],"replies":[{"embeddable":true,"href":"https:\/\/www.celttv.com.ar\/index.php\/wp-json\/wp\/v2\/comments?post=91065"}],"version-history":[{"count":3,"href":"https:\/\/www.celttv.com.ar\/index.php\/wp-json\/wp\/v2\/posts\/91065\/revisions"}],"predecessor-version":[{"id":91072,"href":"https:\/\/www.celttv.com.ar\/index.php\/wp-json\/wp\/v2\/posts\/91065\/revisions\/91072"}],"wp:featuredmedia":[{"embeddable":true,"href":"https:\/\/www.celttv.com.ar\/index.php\/wp-json\/wp\/v2\/media\/91066"}],"wp:attachment":[{"href":"https:\/\/www.celttv.com.ar\/index.php\/wp-json\/wp\/v2\/media?parent=91065"}],"wp:term":[{"taxonomy":"category","embeddable":true,"href":"https:\/\/www.celttv.com.ar\/index.php\/wp-json\/wp\/v2\/categories?post=91065"},{"taxonomy":"post_tag","embeddable":true,"href":"https:\/\/www.celttv.com.ar\/index.php\/wp-json\/wp\/v2\/tags?post=91065"}],"curies":[{"name":"wp","href":"https:\/\/api.w.org\/{rel}","templated":true}]}}