{"id":91076,"date":"2026-01-29T19:33:47","date_gmt":"2026-01-29T22:33:47","guid":{"rendered":"https:\/\/www.celttv.com.ar\/?p=91076"},"modified":"2026-01-30T19:28:23","modified_gmt":"2026-01-30T22:28:23","slug":"la-cooperativa-electrica-refuerza-inversiones-y-destaca-la-solidez-del-servicio-ante-la-alta-demanda-estival","status":"publish","type":"post","link":"https:\/\/www.celttv.com.ar\/index.php\/2026\/01\/29\/la-cooperativa-electrica-refuerza-inversiones-y-destaca-la-solidez-del-servicio-ante-la-alta-demanda-estival\/","title":{"rendered":"La Cooperativa El\u00e9ctrica refuerza inversiones y destaca la solidez del servicio ante la alta demanda estival"},"content":{"rendered":"<hr data-start=\"660\" data-end=\"663\" \/>\n<h3 data-start=\"665\" data-end=\"725\">Alta demanda y respuesta eficiente del sistema el\u00e9ctrico<\/h3>\n<p data-start=\"727\" data-end=\"1055\">En un contexto marcado por altas temperaturas, alertas amarillas y naranjas, y frecuentes tormentas el\u00e9ctricas, Lascano destac\u00f3 el buen desempe\u00f1o del sistema el\u00e9ctrico local. \u201cNuestras l\u00edneas vienen soportando muy bien todas estas situaciones, y tambi\u00e9n hay que destacar el trabajo del equipo de operaciones el\u00e9ctricas\u201d, se\u00f1al\u00f3.<\/p>\n<p data-start=\"1057\" data-end=\"1411\">Si bien se produjo la rotura de un transformador perteneciente al proveedor EDES, la situaci\u00f3n pudo ser contenida mediante maniobras operativas y la incorporaci\u00f3n de un transformador m\u00f3vil que permiti\u00f3 sostener la demanda. Las zonas m\u00e1s afectadas fueron sectores rurales, Cantera y La Gruta, mientras que Tornquist pr\u00e1cticamente no sufri\u00f3 interrupciones.<\/p>\n<hr data-start=\"1413\" data-end=\"1416\" \/>\n<h3 data-start=\"1418\" data-end=\"1468\">Obras que no se ven, pero marcan la diferencia<\/h3>\n<p data-start=\"1470\" data-end=\"1791\">El gerente subray\u00f3 la importancia de las inversiones realizadas en la red el\u00e9ctrica, particularmente en la sectorizaci\u00f3n y cierre de anillos. \u201cSon obras que muchas veces no se ven, pero que son fundamentales. Hoy tenemos un sistema que nos permite tomar energ\u00eda de distintos puntos sin afectar a toda la ciudad\u201d, explic\u00f3.<\/p>\n<p data-start=\"1793\" data-end=\"2034\">Gracias a esta planificaci\u00f3n, los cortes fueron m\u00ednimos y, en muchos casos, programados, lo que permiti\u00f3 preservar servicios esenciales como el hospital, los bancos y dependencias municipales, adem\u00e1s de brindar previsibilidad a los usuarios.<\/p>\n<hr data-start=\"2036\" data-end=\"2039\" \/>\n<h3 data-start=\"2041\" data-end=\"2098\">Trabajo conjunto con EDES y capacitaci\u00f3n del personal<\/h3>\n<p data-start=\"2100\" data-end=\"2390\">Lascano valor\u00f3 especialmente el trabajo coordinado entre las cuadrillas de la Cooperativa y EDES. \u201cFue una situaci\u00f3n compleja que requiri\u00f3 una respuesta sincronizada. El trabajo mancomunado es clave porque el objetivo final es que el usuario tenga un servicio los 365 d\u00edas del a\u00f1o\u201d, afirm\u00f3.<\/p>\n<p data-start=\"2392\" data-end=\"2539\">Asimismo, destac\u00f3 la capacitaci\u00f3n permanente del personal como un pilar fundamental para afrontar contingencias y sostener la calidad del servicio.<\/p>\n<hr data-start=\"2541\" data-end=\"2544\" \/>\n<h3 data-start=\"2546\" data-end=\"2605\">Avances sostenidos en telecomunicaciones y conectividad<\/h3>\n<p data-start=\"2607\" data-end=\"2945\">En materia de telecomunicaciones, el gerente se\u00f1al\u00f3 que se viene trabajando de manera sostenida para mejorar la conectividad en todo el distrito. Entre los principales avances, mencion\u00f3 la reparaci\u00f3n integral de la fibra \u00f3ptica entre Tornquist y Villa, la instalaci\u00f3n completa de fibra en Villa y la implementaci\u00f3n de la plataforma SENSA.<\/p>\n<p data-start=\"2947\" data-end=\"3218\">Este proceso permitir\u00e1, a futuro, dejar atr\u00e1s el sistema coaxil, que implica altos costos operativos y menor calidad de servicio. \u201cLa gente se est\u00e1 adaptando muy bien a SENSA, que ofrece un servicio comparable a Flow o DirecTV, pero a un precio muy competitivo\u201d, remarc\u00f3.<\/p>\n<p data-start=\"3220\" data-end=\"3384\">Actualmente, Tornquist cuenta con un 100% de conectividad, y ya se avanz\u00f3 con el tendido troncal hacia La Gruta, donde comenzaron las primeras bajadas del servicio.<\/p>\n<hr data-start=\"3386\" data-end=\"3389\" \/>\n<h3 data-start=\"3391\" data-end=\"3449\">Inversiones tecnol\u00f3gicas y planificaci\u00f3n a largo plazo<\/h3>\n<p data-start=\"3451\" data-end=\"3702\">Lascano sostuvo que la creciente demanda de internet obliga a acompa\u00f1ar con inversi\u00f3n constante. En ese sentido, destac\u00f3 el recambio de cabezales, la incorporaci\u00f3n de shelters con tecnolog\u00eda moderna y una planificaci\u00f3n estrat\u00e9gica pensada a diez a\u00f1os.<\/p>\n<p data-start=\"3704\" data-end=\"3887\">\u201cEstamos trabajando en muchos frentes: lo estructural, lo edilicio, lo t\u00e9cnico y la capacitaci\u00f3n del personal. La cooperativa est\u00e1 a muy buen ritmo desde todo punto de vista\u201d, afirm\u00f3.<\/p>\n<hr data-start=\"3889\" data-end=\"3892\" \/>\n<h3 data-start=\"3894\" data-end=\"3928\">Gesti\u00f3n moderna y transparente<\/h3>\n<p data-start=\"3930\" data-end=\"4274\">Otro de los ejes centrales de la gesti\u00f3n es la incorporaci\u00f3n de un sistema inform\u00e1tico integral de administraci\u00f3n. \u201cEsto nos da transparencia. No se maneja m\u00e1s el papel y cualquier desv\u00edo se detecta de manera inmediata\u201d, explic\u00f3 el gerente, remarcando el objetivo de consolidar una cooperativa moderna y con controles claros en todas las \u00e1reas.<\/p>\n<hr data-start=\"4276\" data-end=\"4279\" \/>\n<h3 data-start=\"4281\" data-end=\"4332\">Wi-Fi gratuito y seguridad en puntos tur\u00edsticos<\/h3>\n<p data-start=\"4334\" data-end=\"4647\">En cuanto a conectividad p\u00fablica, Lascano record\u00f3 que durante el \u00faltimo a\u00f1o se implement\u00f3 un programa de Wi-Fi gratuito en toda el \u00e1rea de concesi\u00f3n. Ya se instalaron t\u00f3tems en plazas de Tornquist y Villa, y recientemente se coloc\u00f3 uno en el mirador del Abra de la Ventana, acompa\u00f1ado por una c\u00e1mara de monitoreo que a su vez permitir\u00e1 promocionar la comarca con im\u00e1genes que ser\u00e1n captadas en directo por un canal de Buenos Aires.<\/p>\n<p data-start=\"4649\" data-end=\"4866\">Este sistema no solo mejora la experiencia tur\u00edstica, sino que tambi\u00e9n aporta seguridad, comunicaci\u00f3n y prevenci\u00f3n de incendios. En los pr\u00f3ximos meses se completar\u00e1 la instalaci\u00f3n en La Gruta, San Andr\u00e9s y Tres Picos.<\/p>\n<hr data-start=\"4868\" data-end=\"4871\" \/>\n<h3 data-start=\"4873\" data-end=\"4923\">La nueva sede: un edificio moderno y funcional<\/h3>\n<p data-start=\"4925\" data-end=\"5106\">Consultado sobre el avance del nuevo edificio de la Cooperativa, Lascano asegur\u00f3 que la obra se encuentra en su etapa final y que pr\u00f3ximamente se anunciar\u00e1 la fecha de inauguraci\u00f3n.<\/p>\n<p data-start=\"5108\" data-end=\"5405\">\u201cEl personal trabajaba en condiciones muy precarias, con filtraciones, instalaciones inseguras y espacios inadecuados para la atenci\u00f3n al p\u00fablico. El usuario no se merece eso\u201d, afirm\u00f3. La nueva sede ofrecer\u00e1 instalaciones seguras y confortables tanto para los trabajadores como para los asociados.<\/p>\n<p data-start=\"5407\" data-end=\"5609\">Adem\u00e1s, remarc\u00f3 que se trata de una inversi\u00f3n hist\u00f3rica, similar a la \u00faltima realizada hace m\u00e1s de cuatro d\u00e9cadas, que marcar\u00e1 un antes y un despu\u00e9s en una de las principales v\u00edas de acceso a la ciudad.<\/p>\n<hr data-start=\"5611\" data-end=\"5614\" \/>\n<h3 data-start=\"5616\" data-end=\"5658\">M\u00e1s obras y mirada puesta en el futuro<\/h3>\n<p data-start=\"5660\" data-end=\"5947\">Entre los proyectos en marcha, Lascano mencion\u00f3 el recambio de l\u00edneas desnudas dentro del ejido urbano \u2014con m\u00e1s de 6.700 metros ya reemplazados\u2014, la alimentaci\u00f3n el\u00e9ctrica de nuevos planes de vivienda, mejoras en San Andr\u00e9s y gestiones para financiamiento a trav\u00e9s del fideicomiso FREVA.<\/p>\n<p data-start=\"5949\" data-end=\"6206\">Tambi\u00e9n destac\u00f3 los avances en telemedici\u00f3n, especialmente en la zona rural, lo que permitir\u00e1 reducir costos operativos y optimizar tiempos. \u201cEstamos digitalizando procesos que antes eran manuales, como la toma de estado, y eso es un salto enorme\u201d, explic\u00f3.<\/p>\n<p data-start=\"6208\" data-end=\"6389\">Finalmente, adelant\u00f3 que la Cooperativa comenzar\u00e1 a profundizar el trabajo en energ\u00edas limpias, como la solar y e\u00f3lica, con una planificaci\u00f3n que apunta a los pr\u00f3ximos 10 o 15 a\u00f1os.<\/p>\n<p data-start=\"6208\" data-end=\"6389\"><img loading=\"lazy\" decoding=\"async\" class=\"alignnone wp-image-91091 size-large\" src=\"https:\/\/www.celttv.com.ar\/wp-content\/uploads\/2026\/01\/IMG_3505-Medium-683x1024.jpg\" alt=\"\" width=\"683\" height=\"1024\" srcset=\"https:\/\/www.celttv.com.ar\/wp-content\/uploads\/2026\/01\/IMG_3505-Medium-683x1024.jpg 683w, https:\/\/www.celttv.com.ar\/wp-content\/uploads\/2026\/01\/IMG_3505-Medium-200x300.jpg 200w, https:\/\/www.celttv.com.ar\/wp-content\/uploads\/2026\/01\/IMG_3505-Medium-750x1125.jpg 750w, https:\/\/www.celttv.com.ar\/wp-content\/uploads\/2026\/01\/IMG_3505-Medium.jpg 768w\" sizes=\"auto, (max-width: 683px) 100vw, 683px\" \/><\/p>\n","protected":false},"excerpt":{"rendered":"<p>Alta demanda y respuesta eficiente del sistema el\u00e9ctrico En un contexto marcado por altas temperaturas, alertas amarillas y naranjas, y frecuentes tormentas el\u00e9ctricas, Lascano destac\u00f3 el buen desempe\u00f1o del sistema el\u00e9ctrico local. \u201cNuestras l\u00edneas vienen soportando muy bien todas estas situaciones, y tambi\u00e9n hay que destacar el trabajo del equipo de operaciones el\u00e9ctricas\u201d, se\u00f1al\u00f3. Si [&hellip;]<\/p>\n","protected":false},"author":5,"featured_media":91091,"comment_status":"closed","ping_status":"closed","sticky":false,"template":"","format":"standard","meta":{"footnotes":""},"categories":[55],"tags":[],"class_list":["post-91076","post","type-post","status-publish","format-standard","has-post-thumbnail","hentry","category-celt-tv-noticias"],"yoast_head":"<!-- This site is optimized with the Yoast SEO plugin v19.7.1 - https:\/\/yoast.com\/wordpress\/plugins\/seo\/ -->\n<title>La Cooperativa El\u00e9ctrica refuerza inversiones y destaca la solidez del servicio ante la alta demanda estival - CELTTV<\/title>\n<meta name=\"description\" content=\"Sitio web de noticias de la localidad de Tornquist, provincia de Buenos Aires, Rep\u00fablica Argentina. Contenido propio originado por periodistas de CELTTV, el canal de TV local de la Cooperativa El\u00e9ctrica de Tornquist. Turismo, Pol\u00edtica, Sociedad, Deporte, Cultura y todo el contenido de inter\u00e9s general que la gente del pueblo y la regi\u00f3n debe conocer.\" \/>\n<meta name=\"robots\" content=\"index, follow, max-snippet:-1, max-image-preview:large, max-video-preview:-1\" \/>\n<link rel=\"canonical\" href=\"https:\/\/www.celttv.com.ar\/index.php\/2026\/01\/29\/la-cooperativa-electrica-refuerza-inversiones-y-destaca-la-solidez-del-servicio-ante-la-alta-demanda-estival\/\" \/>\n<meta property=\"og:locale\" content=\"es_ES\" \/>\n<meta property=\"og:type\" content=\"article\" \/>\n<meta property=\"og:title\" content=\"La Cooperativa El\u00e9ctrica refuerza inversiones y destaca la solidez del servicio ante la alta demanda estival - CELTTV\" \/>\n<meta property=\"og:description\" content=\"Sitio web de noticias de la localidad de Tornquist, provincia de Buenos Aires, Rep\u00fablica Argentina. Contenido propio originado por periodistas de CELTTV, el canal de TV local de la Cooperativa El\u00e9ctrica de Tornquist. Turismo, Pol\u00edtica, Sociedad, Deporte, Cultura y todo el contenido de inter\u00e9s general que la gente del pueblo y la regi\u00f3n debe conocer.\" \/>\n<meta property=\"og:url\" content=\"https:\/\/www.celttv.com.ar\/index.php\/2026\/01\/29\/la-cooperativa-electrica-refuerza-inversiones-y-destaca-la-solidez-del-servicio-ante-la-alta-demanda-estival\/\" \/>\n<meta property=\"og:site_name\" content=\"CELTTV\" \/>\n<meta property=\"article:publisher\" content=\"https:\/\/www.facebook.com\/celtTV\/\" \/>\n<meta property=\"article:published_time\" content=\"2026-01-29T22:33:47+00:00\" \/>\n<meta property=\"article:modified_time\" content=\"2026-01-30T22:28:23+00:00\" \/>\n<meta property=\"og:image\" content=\"https:\/\/www.celttv.com.ar\/wp-content\/uploads\/2026\/01\/IMG_3505-Medium.jpg\" \/>\n\t<meta property=\"og:image:width\" content=\"768\" \/>\n\t<meta property=\"og:image:height\" content=\"1152\" \/>\n\t<meta property=\"og:image:type\" content=\"image\/jpeg\" \/>\n<meta name=\"author\" content=\"Miguel Herrada\" \/>\n<meta name=\"twitter:card\" content=\"summary_large_image\" \/>\n<meta name=\"twitter:label1\" content=\"Escrito por\" \/>\n\t<meta name=\"twitter:data1\" content=\"Miguel Herrada\" \/>\n\t<meta name=\"twitter:label2\" content=\"Tiempo de lectura\" \/>\n\t<meta name=\"twitter:data2\" content=\"5 minutos\" \/>\n<script type=\"application\/ld+json\" class=\"yoast-schema-graph\">{\"@context\":\"https:\/\/schema.org\",\"@graph\":[{\"@type\":\"NewsArticle\",\"@id\":\"https:\/\/www.celttv.com.ar\/index.php\/2026\/01\/29\/la-cooperativa-electrica-refuerza-inversiones-y-destaca-la-solidez-del-servicio-ante-la-alta-demanda-estival\/#article\",\"isPartOf\":{\"@id\":\"https:\/\/www.celttv.com.ar\/index.php\/2026\/01\/29\/la-cooperativa-electrica-refuerza-inversiones-y-destaca-la-solidez-del-servicio-ante-la-alta-demanda-estival\/\"},\"author\":{\"name\":\"Miguel Herrada\",\"@id\":\"https:\/\/www.celttv.com.ar\/#\/schema\/person\/9059dc91dc7204ef4182cdb65225f07d\"},\"headline\":\"La Cooperativa El\u00e9ctrica refuerza inversiones y destaca la solidez del servicio ante la alta demanda estival\",\"datePublished\":\"2026-01-29T22:33:47+00:00\",\"dateModified\":\"2026-01-30T22:28:23+00:00\",\"mainEntityOfPage\":{\"@id\":\"https:\/\/www.celttv.com.ar\/index.php\/2026\/01\/29\/la-cooperativa-electrica-refuerza-inversiones-y-destaca-la-solidez-del-servicio-ante-la-alta-demanda-estival\/\"},\"wordCount\":988,\"publisher\":{\"@id\":\"https:\/\/www.celttv.com.ar\/#organization\"},\"articleSection\":[\"Celt TV Noticias\"],\"inLanguage\":\"es\"},{\"@type\":\"WebPage\",\"@id\":\"https:\/\/www.celttv.com.ar\/index.php\/2026\/01\/29\/la-cooperativa-electrica-refuerza-inversiones-y-destaca-la-solidez-del-servicio-ante-la-alta-demanda-estival\/\",\"url\":\"https:\/\/www.celttv.com.ar\/index.php\/2026\/01\/29\/la-cooperativa-electrica-refuerza-inversiones-y-destaca-la-solidez-del-servicio-ante-la-alta-demanda-estival\/\",\"name\":\"La Cooperativa El\u00e9ctrica refuerza inversiones y destaca la solidez del servicio ante la alta demanda estival - CELTTV\",\"isPartOf\":{\"@id\":\"https:\/\/www.celttv.com.ar\/#website\"},\"datePublished\":\"2026-01-29T22:33:47+00:00\",\"dateModified\":\"2026-01-30T22:28:23+00:00\",\"description\":\"Sitio web de noticias de la localidad de Tornquist, provincia de Buenos Aires, Rep\u00fablica Argentina. Contenido propio originado por periodistas de CELTTV, el canal de TV local de la Cooperativa El\u00e9ctrica de Tornquist. Turismo, Pol\u00edtica, Sociedad, Deporte, Cultura y todo el contenido de inter\u00e9s general que la gente del pueblo y la regi\u00f3n debe conocer.\",\"breadcrumb\":{\"@id\":\"https:\/\/www.celttv.com.ar\/index.php\/2026\/01\/29\/la-cooperativa-electrica-refuerza-inversiones-y-destaca-la-solidez-del-servicio-ante-la-alta-demanda-estival\/#breadcrumb\"},\"inLanguage\":\"es\",\"potentialAction\":[{\"@type\":\"ReadAction\",\"target\":[\"https:\/\/www.celttv.com.ar\/index.php\/2026\/01\/29\/la-cooperativa-electrica-refuerza-inversiones-y-destaca-la-solidez-del-servicio-ante-la-alta-demanda-estival\/\"]}]},{\"@type\":\"BreadcrumbList\",\"@id\":\"https:\/\/www.celttv.com.ar\/index.php\/2026\/01\/29\/la-cooperativa-electrica-refuerza-inversiones-y-destaca-la-solidez-del-servicio-ante-la-alta-demanda-estival\/#breadcrumb\",\"itemListElement\":[{\"@type\":\"ListItem\",\"position\":1,\"name\":\"Inicio\",\"item\":\"https:\/\/www.celttv.com.ar\/\"},{\"@type\":\"ListItem\",\"position\":2,\"name\":\"La Cooperativa El\u00e9ctrica refuerza inversiones y destaca la solidez del servicio ante la alta demanda estival\"}]},{\"@type\":\"WebSite\",\"@id\":\"https:\/\/www.celttv.com.ar\/#website\",\"url\":\"https:\/\/www.celttv.com.ar\/\",\"name\":\"CELTTV\",\"description\":\"Cooperativa El\u00e9ctrica de Tornquist\",\"publisher\":{\"@id\":\"https:\/\/www.celttv.com.ar\/#organization\"},\"potentialAction\":[{\"@type\":\"SearchAction\",\"target\":{\"@type\":\"EntryPoint\",\"urlTemplate\":\"https:\/\/www.celttv.com.ar\/?s={search_term_string}\"},\"query-input\":\"required name=search_term_string\"}],\"inLanguage\":\"es\"},{\"@type\":\"Organization\",\"@id\":\"https:\/\/www.celttv.com.ar\/#organization\",\"name\":\"CELTTV\",\"url\":\"https:\/\/www.celttv.com.ar\/\",\"sameAs\":[\"https:\/\/www.youtube.com\/channel\/UCz_oIt8Hig64Ub-EmcNPIhg\",\"https:\/\/www.facebook.com\/celtTV\/\"],\"logo\":{\"@type\":\"ImageObject\",\"inLanguage\":\"es\",\"@id\":\"https:\/\/www.celttv.com.ar\/#\/schema\/logo\/image\/\",\"url\":\"http:\/\/www.celttv.com.ar\/wp-content\/uploads\/2022\/08\/logo-1.png\",\"contentUrl\":\"http:\/\/www.celttv.com.ar\/wp-content\/uploads\/2022\/08\/logo-1.png\",\"width\":461,\"height\":159,\"caption\":\"CELTTV\"},\"image\":{\"@id\":\"https:\/\/www.celttv.com.ar\/#\/schema\/logo\/image\/\"}},{\"@type\":\"Person\",\"@id\":\"https:\/\/www.celttv.com.ar\/#\/schema\/person\/9059dc91dc7204ef4182cdb65225f07d\",\"name\":\"Miguel Herrada\",\"image\":{\"@type\":\"ImageObject\",\"inLanguage\":\"es\",\"@id\":\"https:\/\/www.celttv.com.ar\/#\/schema\/person\/image\/\",\"url\":\"https:\/\/secure.gravatar.com\/avatar\/67724d5b3c716623ffd76bec7e45841a442ac3b456e914dbba90b0fad2b8e0b1?s=96&d=mm&r=g\",\"contentUrl\":\"https:\/\/secure.gravatar.com\/avatar\/67724d5b3c716623ffd76bec7e45841a442ac3b456e914dbba90b0fad2b8e0b1?s=96&d=mm&r=g\",\"caption\":\"Miguel Herrada\"}}]}<\/script>\n<!-- \/ Yoast SEO plugin. -->","yoast_head_json":{"title":"La Cooperativa El\u00e9ctrica refuerza inversiones y destaca la solidez del servicio ante la alta demanda estival - CELTTV","description":"Sitio web de noticias de la localidad de Tornquist, provincia de Buenos Aires, Rep\u00fablica Argentina. Contenido propio originado por periodistas de CELTTV, el canal de TV local de la Cooperativa El\u00e9ctrica de Tornquist. Turismo, Pol\u00edtica, Sociedad, Deporte, Cultura y todo el contenido de inter\u00e9s general que la gente del pueblo y la regi\u00f3n debe conocer.","robots":{"index":"index","follow":"follow","max-snippet":"max-snippet:-1","max-image-preview":"max-image-preview:large","max-video-preview":"max-video-preview:-1"},"canonical":"https:\/\/www.celttv.com.ar\/index.php\/2026\/01\/29\/la-cooperativa-electrica-refuerza-inversiones-y-destaca-la-solidez-del-servicio-ante-la-alta-demanda-estival\/","og_locale":"es_ES","og_type":"article","og_title":"La Cooperativa El\u00e9ctrica refuerza inversiones y destaca la solidez del servicio ante la alta demanda estival - CELTTV","og_description":"Sitio web de noticias de la localidad de Tornquist, provincia de Buenos Aires, Rep\u00fablica Argentina. Contenido propio originado por periodistas de CELTTV, el canal de TV local de la Cooperativa El\u00e9ctrica de Tornquist. Turismo, Pol\u00edtica, Sociedad, Deporte, Cultura y todo el contenido de inter\u00e9s general que la gente del pueblo y la regi\u00f3n debe conocer.","og_url":"https:\/\/www.celttv.com.ar\/index.php\/2026\/01\/29\/la-cooperativa-electrica-refuerza-inversiones-y-destaca-la-solidez-del-servicio-ante-la-alta-demanda-estival\/","og_site_name":"CELTTV","article_publisher":"https:\/\/www.facebook.com\/celtTV\/","article_published_time":"2026-01-29T22:33:47+00:00","article_modified_time":"2026-01-30T22:28:23+00:00","og_image":[{"width":768,"height":1152,"url":"https:\/\/www.celttv.com.ar\/wp-content\/uploads\/2026\/01\/IMG_3505-Medium.jpg","type":"image\/jpeg"}],"author":"Miguel Herrada","twitter_card":"summary_large_image","twitter_misc":{"Escrito por":"Miguel Herrada","Tiempo de lectura":"5 minutos"},"schema":{"@context":"https:\/\/schema.org","@graph":[{"@type":"NewsArticle","@id":"https:\/\/www.celttv.com.ar\/index.php\/2026\/01\/29\/la-cooperativa-electrica-refuerza-inversiones-y-destaca-la-solidez-del-servicio-ante-la-alta-demanda-estival\/#article","isPartOf":{"@id":"https:\/\/www.celttv.com.ar\/index.php\/2026\/01\/29\/la-cooperativa-electrica-refuerza-inversiones-y-destaca-la-solidez-del-servicio-ante-la-alta-demanda-estival\/"},"author":{"name":"Miguel Herrada","@id":"https:\/\/www.celttv.com.ar\/#\/schema\/person\/9059dc91dc7204ef4182cdb65225f07d"},"headline":"La Cooperativa El\u00e9ctrica refuerza inversiones y destaca la solidez del servicio ante la alta demanda estival","datePublished":"2026-01-29T22:33:47+00:00","dateModified":"2026-01-30T22:28:23+00:00","mainEntityOfPage":{"@id":"https:\/\/www.celttv.com.ar\/index.php\/2026\/01\/29\/la-cooperativa-electrica-refuerza-inversiones-y-destaca-la-solidez-del-servicio-ante-la-alta-demanda-estival\/"},"wordCount":988,"publisher":{"@id":"https:\/\/www.celttv.com.ar\/#organization"},"articleSection":["Celt TV Noticias"],"inLanguage":"es"},{"@type":"WebPage","@id":"https:\/\/www.celttv.com.ar\/index.php\/2026\/01\/29\/la-cooperativa-electrica-refuerza-inversiones-y-destaca-la-solidez-del-servicio-ante-la-alta-demanda-estival\/","url":"https:\/\/www.celttv.com.ar\/index.php\/2026\/01\/29\/la-cooperativa-electrica-refuerza-inversiones-y-destaca-la-solidez-del-servicio-ante-la-alta-demanda-estival\/","name":"La Cooperativa El\u00e9ctrica refuerza inversiones y destaca la solidez del servicio ante la alta demanda estival - CELTTV","isPartOf":{"@id":"https:\/\/www.celttv.com.ar\/#website"},"datePublished":"2026-01-29T22:33:47+00:00","dateModified":"2026-01-30T22:28:23+00:00","description":"Sitio web de noticias de la localidad de Tornquist, provincia de Buenos Aires, Rep\u00fablica Argentina. Contenido propio originado por periodistas de CELTTV, el canal de TV local de la Cooperativa El\u00e9ctrica de Tornquist. Turismo, Pol\u00edtica, Sociedad, Deporte, Cultura y todo el contenido de inter\u00e9s general que la gente del pueblo y la regi\u00f3n debe conocer.","breadcrumb":{"@id":"https:\/\/www.celttv.com.ar\/index.php\/2026\/01\/29\/la-cooperativa-electrica-refuerza-inversiones-y-destaca-la-solidez-del-servicio-ante-la-alta-demanda-estival\/#breadcrumb"},"inLanguage":"es","potentialAction":[{"@type":"ReadAction","target":["https:\/\/www.celttv.com.ar\/index.php\/2026\/01\/29\/la-cooperativa-electrica-refuerza-inversiones-y-destaca-la-solidez-del-servicio-ante-la-alta-demanda-estival\/"]}]},{"@type":"BreadcrumbList","@id":"https:\/\/www.celttv.com.ar\/index.php\/2026\/01\/29\/la-cooperativa-electrica-refuerza-inversiones-y-destaca-la-solidez-del-servicio-ante-la-alta-demanda-estival\/#breadcrumb","itemListElement":[{"@type":"ListItem","position":1,"name":"Inicio","item":"https:\/\/www.celttv.com.ar\/"},{"@type":"ListItem","position":2,"name":"La Cooperativa El\u00e9ctrica refuerza inversiones y destaca la solidez del servicio ante la alta demanda estival"}]},{"@type":"WebSite","@id":"https:\/\/www.celttv.com.ar\/#website","url":"https:\/\/www.celttv.com.ar\/","name":"CELTTV","description":"Cooperativa El\u00e9ctrica de Tornquist","publisher":{"@id":"https:\/\/www.celttv.com.ar\/#organization"},"potentialAction":[{"@type":"SearchAction","target":{"@type":"EntryPoint","urlTemplate":"https:\/\/www.celttv.com.ar\/?s={search_term_string}"},"query-input":"required name=search_term_string"}],"inLanguage":"es"},{"@type":"Organization","@id":"https:\/\/www.celttv.com.ar\/#organization","name":"CELTTV","url":"https:\/\/www.celttv.com.ar\/","sameAs":["https:\/\/www.youtube.com\/channel\/UCz_oIt8Hig64Ub-EmcNPIhg","https:\/\/www.facebook.com\/celtTV\/"],"logo":{"@type":"ImageObject","inLanguage":"es","@id":"https:\/\/www.celttv.com.ar\/#\/schema\/logo\/image\/","url":"http:\/\/www.celttv.com.ar\/wp-content\/uploads\/2022\/08\/logo-1.png","contentUrl":"http:\/\/www.celttv.com.ar\/wp-content\/uploads\/2022\/08\/logo-1.png","width":461,"height":159,"caption":"CELTTV"},"image":{"@id":"https:\/\/www.celttv.com.ar\/#\/schema\/logo\/image\/"}},{"@type":"Person","@id":"https:\/\/www.celttv.com.ar\/#\/schema\/person\/9059dc91dc7204ef4182cdb65225f07d","name":"Miguel Herrada","image":{"@type":"ImageObject","inLanguage":"es","@id":"https:\/\/www.celttv.com.ar\/#\/schema\/person\/image\/","url":"https:\/\/secure.gravatar.com\/avatar\/67724d5b3c716623ffd76bec7e45841a442ac3b456e914dbba90b0fad2b8e0b1?s=96&d=mm&r=g","contentUrl":"https:\/\/secure.gravatar.com\/avatar\/67724d5b3c716623ffd76bec7e45841a442ac3b456e914dbba90b0fad2b8e0b1?s=96&d=mm&r=g","caption":"Miguel Herrada"}}]}},"_links":{"self":[{"href":"https:\/\/www.celttv.com.ar\/index.php\/wp-json\/wp\/v2\/posts\/91076","targetHints":{"allow":["GET"]}}],"collection":[{"href":"https:\/\/www.celttv.com.ar\/index.php\/wp-json\/wp\/v2\/posts"}],"about":[{"href":"https:\/\/www.celttv.com.ar\/index.php\/wp-json\/wp\/v2\/types\/post"}],"author":[{"embeddable":true,"href":"https:\/\/www.celttv.com.ar\/index.php\/wp-json\/wp\/v2\/users\/5"}],"replies":[{"embeddable":true,"href":"https:\/\/www.celttv.com.ar\/index.php\/wp-json\/wp\/v2\/comments?post=91076"}],"version-history":[{"count":5,"href":"https:\/\/www.celttv.com.ar\/index.php\/wp-json\/wp\/v2\/posts\/91076\/revisions"}],"predecessor-version":[{"id":91092,"href":"https:\/\/www.celttv.com.ar\/index.php\/wp-json\/wp\/v2\/posts\/91076\/revisions\/91092"}],"wp:featuredmedia":[{"embeddable":true,"href":"https:\/\/www.celttv.com.ar\/index.php\/wp-json\/wp\/v2\/media\/91091"}],"wp:attachment":[{"href":"https:\/\/www.celttv.com.ar\/index.php\/wp-json\/wp\/v2\/media?parent=91076"}],"wp:term":[{"taxonomy":"category","embeddable":true,"href":"https:\/\/www.celttv.com.ar\/index.php\/wp-json\/wp\/v2\/categories?post=91076"},{"taxonomy":"post_tag","embeddable":true,"href":"https:\/\/www.celttv.com.ar\/index.php\/wp-json\/wp\/v2\/tags?post=91076"}],"curies":[{"name":"wp","href":"https:\/\/api.w.org\/{rel}","templated":true}]}}