{"id":91093,"date":"2026-01-30T16:30:59","date_gmt":"2026-01-30T19:30:59","guid":{"rendered":"https:\/\/www.celttv.com.ar\/?p=91093"},"modified":"2026-01-30T16:30:59","modified_gmt":"2026-01-30T19:30:59","slug":"la-dra-fernanda-porsel-es-la-nueva-directora-medica-del-hospital-municipal","status":"publish","type":"post","link":"https:\/\/www.celttv.com.ar\/index.php\/2026\/01\/30\/la-dra-fernanda-porsel-es-la-nueva-directora-medica-del-hospital-municipal\/","title":{"rendered":"La Dra. Fernanda Porsel es la nueva Directora M\u00e9dica del Hospital Municipal"},"content":{"rendered":"<p><strong>La Dra. Fernanda Porsel es la nueva Directora M\u00e9dica del Hospital Municipal<\/strong><\/p>\n<p>La IntendenteMunicipal, Estefan\u00eda Bordoni design\u00f3 oficialmente a la Dra. Fernanda Porsel como nueva Directora M\u00e9dica del Hospital Municipal \u2018Dr. Alberto Castro\u2019 de Tornquist.<\/p>\n<p>Porsel es m\u00e9dica cl\u00ednica, oriunda de Tornquist y egresada de la Universidad Nacional de La Plata. Tras su formaci\u00f3n profesional, regres\u00f3 a su ciudad natal para desempe\u00f1arse en el sistema de salud local, reafirmando su compromiso con la comunidad.<\/p>\n<p>Durante el encuentro, la jefa comunal destac\u00f3 la importancia de continuar fortaleciendo el sistema de salud y valor\u00f3 la trayectoria y el compromiso de la profesional, quien tendr\u00e1 a su cargo la coordinaci\u00f3n del equipo m\u00e9dico y de salud del nosocomio.<\/p>\n<figure id=\"attachment_91094\" aria-describedby=\"caption-attachment-91094\" style=\"width: 971px\" class=\"wp-caption alignnone\"><img loading=\"lazy\" decoding=\"async\" class=\"wp-image-91094 size-full\" src=\"https:\/\/www.celttv.com.ar\/wp-content\/uploads\/2026\/01\/Asuncion-Porsel-1-Medium.jpg\" alt=\"\" width=\"971\" height=\"768\" srcset=\"https:\/\/www.celttv.com.ar\/wp-content\/uploads\/2026\/01\/Asuncion-Porsel-1-Medium.jpg 971w, https:\/\/www.celttv.com.ar\/wp-content\/uploads\/2026\/01\/Asuncion-Porsel-1-Medium-300x237.jpg 300w, https:\/\/www.celttv.com.ar\/wp-content\/uploads\/2026\/01\/Asuncion-Porsel-1-Medium-768x607.jpg 768w, https:\/\/www.celttv.com.ar\/wp-content\/uploads\/2026\/01\/Asuncion-Porsel-1-Medium-750x593.jpg 750w\" sizes=\"auto, (max-width: 971px) 100vw, 971px\" \/><figcaption id=\"caption-attachment-91094\" class=\"wp-caption-text\">GZab<\/figcaption><\/figure>\n<figure id=\"attachment_91095\" aria-describedby=\"caption-attachment-91095\" style=\"width: 1024px\" class=\"wp-caption alignnone\"><img loading=\"lazy\" decoding=\"async\" class=\"wp-image-91095 size-large\" src=\"https:\/\/www.celttv.com.ar\/wp-content\/uploads\/2026\/01\/Asuncion-Porsel-2-Medium-1024x683.jpg\" alt=\"\" width=\"1024\" height=\"683\" srcset=\"https:\/\/www.celttv.com.ar\/wp-content\/uploads\/2026\/01\/Asuncion-Porsel-2-Medium-1024x683.jpg 1024w, https:\/\/www.celttv.com.ar\/wp-content\/uploads\/2026\/01\/Asuncion-Porsel-2-Medium-300x200.jpg 300w, https:\/\/www.celttv.com.ar\/wp-content\/uploads\/2026\/01\/Asuncion-Porsel-2-Medium-768x512.jpg 768w, https:\/\/www.celttv.com.ar\/wp-content\/uploads\/2026\/01\/Asuncion-Porsel-2-Medium-750x500.jpg 750w, https:\/\/www.celttv.com.ar\/wp-content\/uploads\/2026\/01\/Asuncion-Porsel-2-Medium-1140x760.jpg 1140w, https:\/\/www.celttv.com.ar\/wp-content\/uploads\/2026\/01\/Asuncion-Porsel-2-Medium.jpg 1152w\" sizes=\"auto, (max-width: 1024px) 100vw, 1024px\" \/><figcaption id=\"caption-attachment-91095\" class=\"wp-caption-text\">GZab<\/figcaption><\/figure>\n","protected":false},"excerpt":{"rendered":"<p>La Dra. Fernanda Porsel es la nueva Directora M\u00e9dica del Hospital Municipal La IntendenteMunicipal, Estefan\u00eda Bordoni design\u00f3 oficialmente a la Dra. Fernanda Porsel como nueva Directora M\u00e9dica del Hospital Municipal \u2018Dr. Alberto Castro\u2019 de Tornquist. Porsel es m\u00e9dica cl\u00ednica, oriunda de Tornquist y egresada de la Universidad Nacional de La Plata. Tras su formaci\u00f3n profesional, [&hellip;]<\/p>\n","protected":false},"author":5,"featured_media":91094,"comment_status":"closed","ping_status":"closed","sticky":false,"template":"","format":"standard","meta":{"footnotes":""},"categories":[59],"tags":[],"class_list":["post-91093","post","type-post","status-publish","format-standard","has-post-thumbnail","hentry","category-municipales"],"yoast_head":"<!-- This site is optimized with the Yoast SEO plugin v19.7.1 - https:\/\/yoast.com\/wordpress\/plugins\/seo\/ -->\n<title>La Dra. Fernanda Porsel es la nueva Directora M\u00e9dica del Hospital Municipal - CELTTV<\/title>\n<meta name=\"description\" content=\"Sitio web de noticias de la localidad de Tornquist, provincia de Buenos Aires, Rep\u00fablica Argentina. Contenido propio originado por periodistas de CELTTV, el canal de TV local de la Cooperativa El\u00e9ctrica de Tornquist. Turismo, Pol\u00edtica, Sociedad, Deporte, Cultura y todo el contenido de inter\u00e9s general que la gente del pueblo y la regi\u00f3n debe conocer.\" \/>\n<meta name=\"robots\" content=\"index, follow, max-snippet:-1, max-image-preview:large, max-video-preview:-1\" \/>\n<link rel=\"canonical\" href=\"https:\/\/www.celttv.com.ar\/index.php\/2026\/01\/30\/la-dra-fernanda-porsel-es-la-nueva-directora-medica-del-hospital-municipal\/\" \/>\n<meta property=\"og:locale\" content=\"es_ES\" \/>\n<meta property=\"og:type\" content=\"article\" \/>\n<meta property=\"og:title\" content=\"La Dra. Fernanda Porsel es la nueva Directora M\u00e9dica del Hospital Municipal - CELTTV\" \/>\n<meta property=\"og:description\" content=\"Sitio web de noticias de la localidad de Tornquist, provincia de Buenos Aires, Rep\u00fablica Argentina. Contenido propio originado por periodistas de CELTTV, el canal de TV local de la Cooperativa El\u00e9ctrica de Tornquist. Turismo, Pol\u00edtica, Sociedad, Deporte, Cultura y todo el contenido de inter\u00e9s general que la gente del pueblo y la regi\u00f3n debe conocer.\" \/>\n<meta property=\"og:url\" content=\"https:\/\/www.celttv.com.ar\/index.php\/2026\/01\/30\/la-dra-fernanda-porsel-es-la-nueva-directora-medica-del-hospital-municipal\/\" \/>\n<meta property=\"og:site_name\" content=\"CELTTV\" \/>\n<meta property=\"article:publisher\" content=\"https:\/\/www.facebook.com\/celtTV\/\" \/>\n<meta property=\"article:published_time\" content=\"2026-01-30T19:30:59+00:00\" \/>\n<meta property=\"og:image\" content=\"https:\/\/www.celttv.com.ar\/wp-content\/uploads\/2026\/01\/Asuncion-Porsel-1-Medium.jpg\" \/>\n\t<meta property=\"og:image:width\" content=\"971\" \/>\n\t<meta property=\"og:image:height\" content=\"768\" \/>\n\t<meta property=\"og:image:type\" content=\"image\/jpeg\" \/>\n<meta name=\"author\" content=\"Miguel Herrada\" \/>\n<meta name=\"twitter:card\" content=\"summary_large_image\" \/>\n<meta name=\"twitter:label1\" content=\"Escrito por\" \/>\n\t<meta name=\"twitter:data1\" content=\"Miguel Herrada\" \/>\n\t<meta name=\"twitter:label2\" content=\"Tiempo de lectura\" \/>\n\t<meta name=\"twitter:data2\" content=\"1 minuto\" \/>\n<script type=\"application\/ld+json\" class=\"yoast-schema-graph\">{\"@context\":\"https:\/\/schema.org\",\"@graph\":[{\"@type\":\"NewsArticle\",\"@id\":\"https:\/\/www.celttv.com.ar\/index.php\/2026\/01\/30\/la-dra-fernanda-porsel-es-la-nueva-directora-medica-del-hospital-municipal\/#article\",\"isPartOf\":{\"@id\":\"https:\/\/www.celttv.com.ar\/index.php\/2026\/01\/30\/la-dra-fernanda-porsel-es-la-nueva-directora-medica-del-hospital-municipal\/\"},\"author\":{\"name\":\"Miguel Herrada\",\"@id\":\"https:\/\/www.celttv.com.ar\/#\/schema\/person\/9059dc91dc7204ef4182cdb65225f07d\"},\"headline\":\"La Dra. Fernanda Porsel es la nueva Directora M\u00e9dica del Hospital Municipal\",\"datePublished\":\"2026-01-30T19:30:59+00:00\",\"dateModified\":\"2026-01-30T19:30:59+00:00\",\"mainEntityOfPage\":{\"@id\":\"https:\/\/www.celttv.com.ar\/index.php\/2026\/01\/30\/la-dra-fernanda-porsel-es-la-nueva-directora-medica-del-hospital-municipal\/\"},\"wordCount\":153,\"publisher\":{\"@id\":\"https:\/\/www.celttv.com.ar\/#organization\"},\"articleSection\":[\"Municipales\"],\"inLanguage\":\"es\"},{\"@type\":\"WebPage\",\"@id\":\"https:\/\/www.celttv.com.ar\/index.php\/2026\/01\/30\/la-dra-fernanda-porsel-es-la-nueva-directora-medica-del-hospital-municipal\/\",\"url\":\"https:\/\/www.celttv.com.ar\/index.php\/2026\/01\/30\/la-dra-fernanda-porsel-es-la-nueva-directora-medica-del-hospital-municipal\/\",\"name\":\"La Dra. Fernanda Porsel es la nueva Directora M\u00e9dica del Hospital Municipal - CELTTV\",\"isPartOf\":{\"@id\":\"https:\/\/www.celttv.com.ar\/#website\"},\"datePublished\":\"2026-01-30T19:30:59+00:00\",\"dateModified\":\"2026-01-30T19:30:59+00:00\",\"description\":\"Sitio web de noticias de la localidad de Tornquist, provincia de Buenos Aires, Rep\u00fablica Argentina. Contenido propio originado por periodistas de CELTTV, el canal de TV local de la Cooperativa El\u00e9ctrica de Tornquist. Turismo, Pol\u00edtica, Sociedad, Deporte, Cultura y todo el contenido de inter\u00e9s general que la gente del pueblo y la regi\u00f3n debe conocer.\",\"breadcrumb\":{\"@id\":\"https:\/\/www.celttv.com.ar\/index.php\/2026\/01\/30\/la-dra-fernanda-porsel-es-la-nueva-directora-medica-del-hospital-municipal\/#breadcrumb\"},\"inLanguage\":\"es\",\"potentialAction\":[{\"@type\":\"ReadAction\",\"target\":[\"https:\/\/www.celttv.com.ar\/index.php\/2026\/01\/30\/la-dra-fernanda-porsel-es-la-nueva-directora-medica-del-hospital-municipal\/\"]}]},{\"@type\":\"BreadcrumbList\",\"@id\":\"https:\/\/www.celttv.com.ar\/index.php\/2026\/01\/30\/la-dra-fernanda-porsel-es-la-nueva-directora-medica-del-hospital-municipal\/#breadcrumb\",\"itemListElement\":[{\"@type\":\"ListItem\",\"position\":1,\"name\":\"Inicio\",\"item\":\"https:\/\/www.celttv.com.ar\/\"},{\"@type\":\"ListItem\",\"position\":2,\"name\":\"La Dra. Fernanda Porsel es la nueva Directora M\u00e9dica del Hospital Municipal\"}]},{\"@type\":\"WebSite\",\"@id\":\"https:\/\/www.celttv.com.ar\/#website\",\"url\":\"https:\/\/www.celttv.com.ar\/\",\"name\":\"CELTTV\",\"description\":\"Cooperativa El\u00e9ctrica de Tornquist\",\"publisher\":{\"@id\":\"https:\/\/www.celttv.com.ar\/#organization\"},\"potentialAction\":[{\"@type\":\"SearchAction\",\"target\":{\"@type\":\"EntryPoint\",\"urlTemplate\":\"https:\/\/www.celttv.com.ar\/?s={search_term_string}\"},\"query-input\":\"required name=search_term_string\"}],\"inLanguage\":\"es\"},{\"@type\":\"Organization\",\"@id\":\"https:\/\/www.celttv.com.ar\/#organization\",\"name\":\"CELTTV\",\"url\":\"https:\/\/www.celttv.com.ar\/\",\"sameAs\":[\"https:\/\/www.youtube.com\/channel\/UCz_oIt8Hig64Ub-EmcNPIhg\",\"https:\/\/www.facebook.com\/celtTV\/\"],\"logo\":{\"@type\":\"ImageObject\",\"inLanguage\":\"es\",\"@id\":\"https:\/\/www.celttv.com.ar\/#\/schema\/logo\/image\/\",\"url\":\"http:\/\/www.celttv.com.ar\/wp-content\/uploads\/2022\/08\/logo-1.png\",\"contentUrl\":\"http:\/\/www.celttv.com.ar\/wp-content\/uploads\/2022\/08\/logo-1.png\",\"width\":461,\"height\":159,\"caption\":\"CELTTV\"},\"image\":{\"@id\":\"https:\/\/www.celttv.com.ar\/#\/schema\/logo\/image\/\"}},{\"@type\":\"Person\",\"@id\":\"https:\/\/www.celttv.com.ar\/#\/schema\/person\/9059dc91dc7204ef4182cdb65225f07d\",\"name\":\"Miguel Herrada\",\"image\":{\"@type\":\"ImageObject\",\"inLanguage\":\"es\",\"@id\":\"https:\/\/www.celttv.com.ar\/#\/schema\/person\/image\/\",\"url\":\"https:\/\/secure.gravatar.com\/avatar\/67724d5b3c716623ffd76bec7e45841a442ac3b456e914dbba90b0fad2b8e0b1?s=96&d=mm&r=g\",\"contentUrl\":\"https:\/\/secure.gravatar.com\/avatar\/67724d5b3c716623ffd76bec7e45841a442ac3b456e914dbba90b0fad2b8e0b1?s=96&d=mm&r=g\",\"caption\":\"Miguel Herrada\"}}]}<\/script>\n<!-- \/ Yoast SEO plugin. -->","yoast_head_json":{"title":"La Dra. Fernanda Porsel es la nueva Directora M\u00e9dica del Hospital Municipal - CELTTV","description":"Sitio web de noticias de la localidad de Tornquist, provincia de Buenos Aires, Rep\u00fablica Argentina. Contenido propio originado por periodistas de CELTTV, el canal de TV local de la Cooperativa El\u00e9ctrica de Tornquist. Turismo, Pol\u00edtica, Sociedad, Deporte, Cultura y todo el contenido de inter\u00e9s general que la gente del pueblo y la regi\u00f3n debe conocer.","robots":{"index":"index","follow":"follow","max-snippet":"max-snippet:-1","max-image-preview":"max-image-preview:large","max-video-preview":"max-video-preview:-1"},"canonical":"https:\/\/www.celttv.com.ar\/index.php\/2026\/01\/30\/la-dra-fernanda-porsel-es-la-nueva-directora-medica-del-hospital-municipal\/","og_locale":"es_ES","og_type":"article","og_title":"La Dra. Fernanda Porsel es la nueva Directora M\u00e9dica del Hospital Municipal - CELTTV","og_description":"Sitio web de noticias de la localidad de Tornquist, provincia de Buenos Aires, Rep\u00fablica Argentina. Contenido propio originado por periodistas de CELTTV, el canal de TV local de la Cooperativa El\u00e9ctrica de Tornquist. Turismo, Pol\u00edtica, Sociedad, Deporte, Cultura y todo el contenido de inter\u00e9s general que la gente del pueblo y la regi\u00f3n debe conocer.","og_url":"https:\/\/www.celttv.com.ar\/index.php\/2026\/01\/30\/la-dra-fernanda-porsel-es-la-nueva-directora-medica-del-hospital-municipal\/","og_site_name":"CELTTV","article_publisher":"https:\/\/www.facebook.com\/celtTV\/","article_published_time":"2026-01-30T19:30:59+00:00","og_image":[{"width":971,"height":768,"url":"https:\/\/www.celttv.com.ar\/wp-content\/uploads\/2026\/01\/Asuncion-Porsel-1-Medium.jpg","type":"image\/jpeg"}],"author":"Miguel Herrada","twitter_card":"summary_large_image","twitter_misc":{"Escrito por":"Miguel Herrada","Tiempo de lectura":"1 minuto"},"schema":{"@context":"https:\/\/schema.org","@graph":[{"@type":"NewsArticle","@id":"https:\/\/www.celttv.com.ar\/index.php\/2026\/01\/30\/la-dra-fernanda-porsel-es-la-nueva-directora-medica-del-hospital-municipal\/#article","isPartOf":{"@id":"https:\/\/www.celttv.com.ar\/index.php\/2026\/01\/30\/la-dra-fernanda-porsel-es-la-nueva-directora-medica-del-hospital-municipal\/"},"author":{"name":"Miguel Herrada","@id":"https:\/\/www.celttv.com.ar\/#\/schema\/person\/9059dc91dc7204ef4182cdb65225f07d"},"headline":"La Dra. Fernanda Porsel es la nueva Directora M\u00e9dica del Hospital Municipal","datePublished":"2026-01-30T19:30:59+00:00","dateModified":"2026-01-30T19:30:59+00:00","mainEntityOfPage":{"@id":"https:\/\/www.celttv.com.ar\/index.php\/2026\/01\/30\/la-dra-fernanda-porsel-es-la-nueva-directora-medica-del-hospital-municipal\/"},"wordCount":153,"publisher":{"@id":"https:\/\/www.celttv.com.ar\/#organization"},"articleSection":["Municipales"],"inLanguage":"es"},{"@type":"WebPage","@id":"https:\/\/www.celttv.com.ar\/index.php\/2026\/01\/30\/la-dra-fernanda-porsel-es-la-nueva-directora-medica-del-hospital-municipal\/","url":"https:\/\/www.celttv.com.ar\/index.php\/2026\/01\/30\/la-dra-fernanda-porsel-es-la-nueva-directora-medica-del-hospital-municipal\/","name":"La Dra. Fernanda Porsel es la nueva Directora M\u00e9dica del Hospital Municipal - CELTTV","isPartOf":{"@id":"https:\/\/www.celttv.com.ar\/#website"},"datePublished":"2026-01-30T19:30:59+00:00","dateModified":"2026-01-30T19:30:59+00:00","description":"Sitio web de noticias de la localidad de Tornquist, provincia de Buenos Aires, Rep\u00fablica Argentina. Contenido propio originado por periodistas de CELTTV, el canal de TV local de la Cooperativa El\u00e9ctrica de Tornquist. Turismo, Pol\u00edtica, Sociedad, Deporte, Cultura y todo el contenido de inter\u00e9s general que la gente del pueblo y la regi\u00f3n debe conocer.","breadcrumb":{"@id":"https:\/\/www.celttv.com.ar\/index.php\/2026\/01\/30\/la-dra-fernanda-porsel-es-la-nueva-directora-medica-del-hospital-municipal\/#breadcrumb"},"inLanguage":"es","potentialAction":[{"@type":"ReadAction","target":["https:\/\/www.celttv.com.ar\/index.php\/2026\/01\/30\/la-dra-fernanda-porsel-es-la-nueva-directora-medica-del-hospital-municipal\/"]}]},{"@type":"BreadcrumbList","@id":"https:\/\/www.celttv.com.ar\/index.php\/2026\/01\/30\/la-dra-fernanda-porsel-es-la-nueva-directora-medica-del-hospital-municipal\/#breadcrumb","itemListElement":[{"@type":"ListItem","position":1,"name":"Inicio","item":"https:\/\/www.celttv.com.ar\/"},{"@type":"ListItem","position":2,"name":"La Dra. Fernanda Porsel es la nueva Directora M\u00e9dica del Hospital Municipal"}]},{"@type":"WebSite","@id":"https:\/\/www.celttv.com.ar\/#website","url":"https:\/\/www.celttv.com.ar\/","name":"CELTTV","description":"Cooperativa El\u00e9ctrica de Tornquist","publisher":{"@id":"https:\/\/www.celttv.com.ar\/#organization"},"potentialAction":[{"@type":"SearchAction","target":{"@type":"EntryPoint","urlTemplate":"https:\/\/www.celttv.com.ar\/?s={search_term_string}"},"query-input":"required name=search_term_string"}],"inLanguage":"es"},{"@type":"Organization","@id":"https:\/\/www.celttv.com.ar\/#organization","name":"CELTTV","url":"https:\/\/www.celttv.com.ar\/","sameAs":["https:\/\/www.youtube.com\/channel\/UCz_oIt8Hig64Ub-EmcNPIhg","https:\/\/www.facebook.com\/celtTV\/"],"logo":{"@type":"ImageObject","inLanguage":"es","@id":"https:\/\/www.celttv.com.ar\/#\/schema\/logo\/image\/","url":"http:\/\/www.celttv.com.ar\/wp-content\/uploads\/2022\/08\/logo-1.png","contentUrl":"http:\/\/www.celttv.com.ar\/wp-content\/uploads\/2022\/08\/logo-1.png","width":461,"height":159,"caption":"CELTTV"},"image":{"@id":"https:\/\/www.celttv.com.ar\/#\/schema\/logo\/image\/"}},{"@type":"Person","@id":"https:\/\/www.celttv.com.ar\/#\/schema\/person\/9059dc91dc7204ef4182cdb65225f07d","name":"Miguel Herrada","image":{"@type":"ImageObject","inLanguage":"es","@id":"https:\/\/www.celttv.com.ar\/#\/schema\/person\/image\/","url":"https:\/\/secure.gravatar.com\/avatar\/67724d5b3c716623ffd76bec7e45841a442ac3b456e914dbba90b0fad2b8e0b1?s=96&d=mm&r=g","contentUrl":"https:\/\/secure.gravatar.com\/avatar\/67724d5b3c716623ffd76bec7e45841a442ac3b456e914dbba90b0fad2b8e0b1?s=96&d=mm&r=g","caption":"Miguel Herrada"}}]}},"_links":{"self":[{"href":"https:\/\/www.celttv.com.ar\/index.php\/wp-json\/wp\/v2\/posts\/91093","targetHints":{"allow":["GET"]}}],"collection":[{"href":"https:\/\/www.celttv.com.ar\/index.php\/wp-json\/wp\/v2\/posts"}],"about":[{"href":"https:\/\/www.celttv.com.ar\/index.php\/wp-json\/wp\/v2\/types\/post"}],"author":[{"embeddable":true,"href":"https:\/\/www.celttv.com.ar\/index.php\/wp-json\/wp\/v2\/users\/5"}],"replies":[{"embeddable":true,"href":"https:\/\/www.celttv.com.ar\/index.php\/wp-json\/wp\/v2\/comments?post=91093"}],"version-history":[{"count":1,"href":"https:\/\/www.celttv.com.ar\/index.php\/wp-json\/wp\/v2\/posts\/91093\/revisions"}],"predecessor-version":[{"id":91096,"href":"https:\/\/www.celttv.com.ar\/index.php\/wp-json\/wp\/v2\/posts\/91093\/revisions\/91096"}],"wp:featuredmedia":[{"embeddable":true,"href":"https:\/\/www.celttv.com.ar\/index.php\/wp-json\/wp\/v2\/media\/91094"}],"wp:attachment":[{"href":"https:\/\/www.celttv.com.ar\/index.php\/wp-json\/wp\/v2\/media?parent=91093"}],"wp:term":[{"taxonomy":"category","embeddable":true,"href":"https:\/\/www.celttv.com.ar\/index.php\/wp-json\/wp\/v2\/categories?post=91093"},{"taxonomy":"post_tag","embeddable":true,"href":"https:\/\/www.celttv.com.ar\/index.php\/wp-json\/wp\/v2\/tags?post=91093"}],"curies":[{"name":"wp","href":"https:\/\/api.w.org\/{rel}","templated":true}]}}