{"id":9130,"date":"2012-11-23T03:08:37","date_gmt":"2012-11-23T03:08:37","guid":{"rendered":"http:\/\/www.tvcnoticias.com.ar\/?p=9130"},"modified":"2012-11-23T03:08:37","modified_gmt":"2012-11-23T03:08:37","slug":"la-ucr-de-tornquist-presento-las-nuevas-autoridades-del-comite","status":"publish","type":"post","link":"https:\/\/www.celttv.com.ar\/index.php\/2012\/11\/23\/la-ucr-de-tornquist-presento-las-nuevas-autoridades-del-comite\/","title":{"rendered":"LA UCR. DE TORNQUIST PRESENTO LAS NUEVAS AUTORIDADES DEL COMITE"},"content":{"rendered":"<p><a href=\"http:\/\/www.youtube.com\/watch?v=xu07zkhpFPY\">httpv:\/\/www.youtube.com\/watch?v=xu07zkhpFPY<\/a><br \/>\n<a href=\"http:\/\/www.youtube.com\/watch?v=lLDlFu3r0XY\">httpv:\/\/www.youtube.com\/watch?v=lLDlFu3r0XY<\/a><br \/>\n<a href=\"http:\/\/www.youtube.com\/watch?v=mJRq6QbyuS4\">httpv:\/\/www.youtube.com\/watch?v=mJRq6QbyuS4<\/a><br \/>\n<a>httpv:\/\/www.youtube.com\/watch?v=CK0aL8K-a0g<\/a><br \/>\nEl pasado jueves se llev\u00f3 a cabo la presentaci\u00f3n de laS nuevas autoridades de la\u00a0 Uni\u00f3n C\u00edvica Radical de Tornquist. El\u00a0 acto estuvo presidido por el Presidente saliente Federico Labarthe y reuni\u00f3 a los simpatizantes y afiliados que concurrieron al comit\u00e9 local.<br \/>\n\u00a0\u00a0 Asistieron adem\u00e1s integrantes de la JR de Coronel Suarez y autoridades del comit\u00e9 Bah\u00eda Blanca como as\u00ed tambi\u00e9n representantes de las localidades del distrito.<br \/>\n\u00a0\u00a0 Se puso en funciones al nuevo Presidente del partido(2012-2014) el se\u00f1or Fabio Martinez Meier(Saldungaray), Ezequiel Gabella(Vice-Pelicura), Silvia Pessolani(Secretaria), Juan Miguel Echegu\u00eda(Tesorero).<br \/>\n\u00a0Como Vocales: Alberto Rubio, Ricardo Echevarria, Marta Beilman, Mar\u00eda Isabel Ballesteros(Villa Ventana), Leonardo Belli(Sa de la Ventana) y Walter Hoerr.<br \/>\n\u00a0\u00a0 Suplentes, Federico Labarthe, Monica Keller, Raquel Donnari, Edgardo Laborde, Claudia Marcolini.<br \/>\n\u00a0\u00a0 Como Convencional Titular Alfredo Alarc\u00f3n(Villa Ventana) y Suplente Alejandro Fagundez.<br \/>\n\u00a0\u00a0 Tambi\u00e9n en el transcurso de la noche se present\u00f3 a la Juventud presidida por el Ventanense Manuel Castro que tambi\u00e9n hizo uso de la palabra junto a los j\u00f3venes Cristian Raising,Alejandro De Armas y Justina Picado.<br \/>\n\u00a0\u00a0 Todos coincidieron en resaltar la importancia de trabajar como partido unificado para continuar con la representatividad en el concejo. Ser la alternativa que espera la gente y apuntar a la recuperaci\u00f3n de la Comuna que se le niega desde 199<\/p>\n","protected":false},"excerpt":{"rendered":"<p>httpv:\/\/www.youtube.com\/watch?v=xu07zkhpFPY httpv:\/\/www.youtube.com\/watch?v=lLDlFu3r0XY httpv:\/\/www.youtube.com\/watch?v=mJRq6QbyuS4 httpv:\/\/www.youtube.com\/watch?v=CK0aL8K-a0g El pasado jueves se llev\u00f3 a cabo la presentaci\u00f3n de laS nuevas autoridades de la\u00a0 Uni\u00f3n C\u00edvica Radical de Tornquist. El\u00a0 acto estuvo presidido por el Presidente saliente Federico Labarthe y reuni\u00f3 a los simpatizantes y afiliados que concurrieron al comit\u00e9 local. \u00a0\u00a0 Asistieron adem\u00e1s integrantes de la JR de Coronel [&hellip;]<\/p>\n","protected":false},"author":1,"featured_media":0,"comment_status":"closed","ping_status":"open","sticky":false,"template":"","format":"standard","meta":{"footnotes":""},"categories":[52,53],"tags":[],"class_list":["post-9130","post","type-post","status-publish","format-standard","hentry","category-destacadas","category-politica"],"yoast_head":"<!-- This site is optimized with the Yoast SEO plugin v19.7.1 - https:\/\/yoast.com\/wordpress\/plugins\/seo\/ -->\n<title>LA UCR. DE TORNQUIST PRESENTO LAS NUEVAS AUTORIDADES DEL COMITE - CELTTV<\/title>\n<meta name=\"description\" content=\"Sitio web de noticias de la localidad de Tornquist, provincia de Buenos Aires, Rep\u00fablica Argentina. Contenido propio originado por periodistas de CELTTV, el canal de TV local de la Cooperativa El\u00e9ctrica de Tornquist. Turismo, Pol\u00edtica, Sociedad, Deporte, Cultura y todo el contenido de inter\u00e9s general que la gente del pueblo y la regi\u00f3n debe conocer.\" \/>\n<meta name=\"robots\" content=\"index, follow, max-snippet:-1, max-image-preview:large, max-video-preview:-1\" \/>\n<link rel=\"canonical\" href=\"https:\/\/www.celttv.com.ar\/index.php\/2012\/11\/23\/la-ucr-de-tornquist-presento-las-nuevas-autoridades-del-comite\/\" \/>\n<meta property=\"og:locale\" content=\"es_ES\" \/>\n<meta property=\"og:type\" content=\"article\" \/>\n<meta property=\"og:title\" content=\"LA UCR. DE TORNQUIST PRESENTO LAS NUEVAS AUTORIDADES DEL COMITE - CELTTV\" \/>\n<meta property=\"og:description\" content=\"Sitio web de noticias de la localidad de Tornquist, provincia de Buenos Aires, Rep\u00fablica Argentina. Contenido propio originado por periodistas de CELTTV, el canal de TV local de la Cooperativa El\u00e9ctrica de Tornquist. Turismo, Pol\u00edtica, Sociedad, Deporte, Cultura y todo el contenido de inter\u00e9s general que la gente del pueblo y la regi\u00f3n debe conocer.\" \/>\n<meta property=\"og:url\" content=\"https:\/\/www.celttv.com.ar\/index.php\/2012\/11\/23\/la-ucr-de-tornquist-presento-las-nuevas-autoridades-del-comite\/\" \/>\n<meta property=\"og:site_name\" content=\"CELTTV\" \/>\n<meta property=\"article:publisher\" content=\"https:\/\/www.facebook.com\/celtTV\/\" \/>\n<meta property=\"article:published_time\" content=\"2012-11-23T03:08:37+00:00\" \/>\n<meta name=\"author\" content=\"ulises\" \/>\n<meta name=\"twitter:card\" content=\"summary_large_image\" \/>\n<meta name=\"twitter:label1\" content=\"Escrito por\" \/>\n\t<meta name=\"twitter:data1\" content=\"ulises\" \/>\n\t<meta name=\"twitter:label2\" content=\"Tiempo de lectura\" \/>\n\t<meta name=\"twitter:data2\" content=\"1 minuto\" \/>\n<script type=\"application\/ld+json\" class=\"yoast-schema-graph\">{\"@context\":\"https:\/\/schema.org\",\"@graph\":[{\"@type\":\"NewsArticle\",\"@id\":\"https:\/\/www.celttv.com.ar\/index.php\/2012\/11\/23\/la-ucr-de-tornquist-presento-las-nuevas-autoridades-del-comite\/#article\",\"isPartOf\":{\"@id\":\"https:\/\/www.celttv.com.ar\/index.php\/2012\/11\/23\/la-ucr-de-tornquist-presento-las-nuevas-autoridades-del-comite\/\"},\"author\":{\"name\":\"ulises\",\"@id\":\"https:\/\/www.celttv.com.ar\/#\/schema\/person\/6d99c072dba59953809c81446e9d0ace\"},\"headline\":\"LA UCR. DE TORNQUIST PRESENTO LAS NUEVAS AUTORIDADES DEL COMITE\",\"datePublished\":\"2012-11-23T03:08:37+00:00\",\"dateModified\":\"2012-11-23T03:08:37+00:00\",\"mainEntityOfPage\":{\"@id\":\"https:\/\/www.celttv.com.ar\/index.php\/2012\/11\/23\/la-ucr-de-tornquist-presento-las-nuevas-autoridades-del-comite\/\"},\"wordCount\":271,\"publisher\":{\"@id\":\"https:\/\/www.celttv.com.ar\/#organization\"},\"articleSection\":[\"Destacadas\",\"Pol\u00edtica\"],\"inLanguage\":\"es\"},{\"@type\":\"WebPage\",\"@id\":\"https:\/\/www.celttv.com.ar\/index.php\/2012\/11\/23\/la-ucr-de-tornquist-presento-las-nuevas-autoridades-del-comite\/\",\"url\":\"https:\/\/www.celttv.com.ar\/index.php\/2012\/11\/23\/la-ucr-de-tornquist-presento-las-nuevas-autoridades-del-comite\/\",\"name\":\"LA UCR. DE TORNQUIST PRESENTO LAS NUEVAS AUTORIDADES DEL COMITE - CELTTV\",\"isPartOf\":{\"@id\":\"https:\/\/www.celttv.com.ar\/#website\"},\"datePublished\":\"2012-11-23T03:08:37+00:00\",\"dateModified\":\"2012-11-23T03:08:37+00:00\",\"description\":\"Sitio web de noticias de la localidad de Tornquist, provincia de Buenos Aires, Rep\u00fablica Argentina. Contenido propio originado por periodistas de CELTTV, el canal de TV local de la Cooperativa El\u00e9ctrica de Tornquist. Turismo, Pol\u00edtica, Sociedad, Deporte, Cultura y todo el contenido de inter\u00e9s general que la gente del pueblo y la regi\u00f3n debe conocer.\",\"breadcrumb\":{\"@id\":\"https:\/\/www.celttv.com.ar\/index.php\/2012\/11\/23\/la-ucr-de-tornquist-presento-las-nuevas-autoridades-del-comite\/#breadcrumb\"},\"inLanguage\":\"es\",\"potentialAction\":[{\"@type\":\"ReadAction\",\"target\":[\"https:\/\/www.celttv.com.ar\/index.php\/2012\/11\/23\/la-ucr-de-tornquist-presento-las-nuevas-autoridades-del-comite\/\"]}]},{\"@type\":\"BreadcrumbList\",\"@id\":\"https:\/\/www.celttv.com.ar\/index.php\/2012\/11\/23\/la-ucr-de-tornquist-presento-las-nuevas-autoridades-del-comite\/#breadcrumb\",\"itemListElement\":[{\"@type\":\"ListItem\",\"position\":1,\"name\":\"Inicio\",\"item\":\"https:\/\/www.celttv.com.ar\/\"},{\"@type\":\"ListItem\",\"position\":2,\"name\":\"LA UCR. DE TORNQUIST PRESENTO LAS NUEVAS AUTORIDADES DEL COMITE\"}]},{\"@type\":\"WebSite\",\"@id\":\"https:\/\/www.celttv.com.ar\/#website\",\"url\":\"https:\/\/www.celttv.com.ar\/\",\"name\":\"CELTTV\",\"description\":\"Cooperativa El\u00e9ctrica de Tornquist\",\"publisher\":{\"@id\":\"https:\/\/www.celttv.com.ar\/#organization\"},\"potentialAction\":[{\"@type\":\"SearchAction\",\"target\":{\"@type\":\"EntryPoint\",\"urlTemplate\":\"https:\/\/www.celttv.com.ar\/?s={search_term_string}\"},\"query-input\":\"required name=search_term_string\"}],\"inLanguage\":\"es\"},{\"@type\":\"Organization\",\"@id\":\"https:\/\/www.celttv.com.ar\/#organization\",\"name\":\"CELTTV\",\"url\":\"https:\/\/www.celttv.com.ar\/\",\"sameAs\":[\"https:\/\/www.youtube.com\/channel\/UCz_oIt8Hig64Ub-EmcNPIhg\",\"https:\/\/www.facebook.com\/celtTV\/\"],\"logo\":{\"@type\":\"ImageObject\",\"inLanguage\":\"es\",\"@id\":\"https:\/\/www.celttv.com.ar\/#\/schema\/logo\/image\/\",\"url\":\"http:\/\/www.celttv.com.ar\/wp-content\/uploads\/2022\/08\/logo-1.png\",\"contentUrl\":\"http:\/\/www.celttv.com.ar\/wp-content\/uploads\/2022\/08\/logo-1.png\",\"width\":461,\"height\":159,\"caption\":\"CELTTV\"},\"image\":{\"@id\":\"https:\/\/www.celttv.com.ar\/#\/schema\/logo\/image\/\"}},{\"@type\":\"Person\",\"@id\":\"https:\/\/www.celttv.com.ar\/#\/schema\/person\/6d99c072dba59953809c81446e9d0ace\",\"name\":\"ulises\",\"image\":{\"@type\":\"ImageObject\",\"inLanguage\":\"es\",\"@id\":\"https:\/\/www.celttv.com.ar\/#\/schema\/person\/image\/\",\"url\":\"https:\/\/secure.gravatar.com\/avatar\/7f2c48bdc33b30088f941fb6082e555f2874c98e20cb159d7b92b50eadfce793?s=96&d=mm&r=g\",\"contentUrl\":\"https:\/\/secure.gravatar.com\/avatar\/7f2c48bdc33b30088f941fb6082e555f2874c98e20cb159d7b92b50eadfce793?s=96&d=mm&r=g\",\"caption\":\"ulises\"},\"sameAs\":[\"http:\/\/www.celttv.com.ar\"]}]}<\/script>\n<!-- \/ Yoast SEO plugin. -->","yoast_head_json":{"title":"LA UCR. DE TORNQUIST PRESENTO LAS NUEVAS AUTORIDADES DEL COMITE - CELTTV","description":"Sitio web de noticias de la localidad de Tornquist, provincia de Buenos Aires, Rep\u00fablica Argentina. Contenido propio originado por periodistas de CELTTV, el canal de TV local de la Cooperativa El\u00e9ctrica de Tornquist. Turismo, Pol\u00edtica, Sociedad, Deporte, Cultura y todo el contenido de inter\u00e9s general que la gente del pueblo y la regi\u00f3n debe conocer.","robots":{"index":"index","follow":"follow","max-snippet":"max-snippet:-1","max-image-preview":"max-image-preview:large","max-video-preview":"max-video-preview:-1"},"canonical":"https:\/\/www.celttv.com.ar\/index.php\/2012\/11\/23\/la-ucr-de-tornquist-presento-las-nuevas-autoridades-del-comite\/","og_locale":"es_ES","og_type":"article","og_title":"LA UCR. DE TORNQUIST PRESENTO LAS NUEVAS AUTORIDADES DEL COMITE - CELTTV","og_description":"Sitio web de noticias de la localidad de Tornquist, provincia de Buenos Aires, Rep\u00fablica Argentina. Contenido propio originado por periodistas de CELTTV, el canal de TV local de la Cooperativa El\u00e9ctrica de Tornquist. Turismo, Pol\u00edtica, Sociedad, Deporte, Cultura y todo el contenido de inter\u00e9s general que la gente del pueblo y la regi\u00f3n debe conocer.","og_url":"https:\/\/www.celttv.com.ar\/index.php\/2012\/11\/23\/la-ucr-de-tornquist-presento-las-nuevas-autoridades-del-comite\/","og_site_name":"CELTTV","article_publisher":"https:\/\/www.facebook.com\/celtTV\/","article_published_time":"2012-11-23T03:08:37+00:00","author":"ulises","twitter_card":"summary_large_image","twitter_misc":{"Escrito por":"ulises","Tiempo de lectura":"1 minuto"},"schema":{"@context":"https:\/\/schema.org","@graph":[{"@type":"NewsArticle","@id":"https:\/\/www.celttv.com.ar\/index.php\/2012\/11\/23\/la-ucr-de-tornquist-presento-las-nuevas-autoridades-del-comite\/#article","isPartOf":{"@id":"https:\/\/www.celttv.com.ar\/index.php\/2012\/11\/23\/la-ucr-de-tornquist-presento-las-nuevas-autoridades-del-comite\/"},"author":{"name":"ulises","@id":"https:\/\/www.celttv.com.ar\/#\/schema\/person\/6d99c072dba59953809c81446e9d0ace"},"headline":"LA UCR. DE TORNQUIST PRESENTO LAS NUEVAS AUTORIDADES DEL COMITE","datePublished":"2012-11-23T03:08:37+00:00","dateModified":"2012-11-23T03:08:37+00:00","mainEntityOfPage":{"@id":"https:\/\/www.celttv.com.ar\/index.php\/2012\/11\/23\/la-ucr-de-tornquist-presento-las-nuevas-autoridades-del-comite\/"},"wordCount":271,"publisher":{"@id":"https:\/\/www.celttv.com.ar\/#organization"},"articleSection":["Destacadas","Pol\u00edtica"],"inLanguage":"es"},{"@type":"WebPage","@id":"https:\/\/www.celttv.com.ar\/index.php\/2012\/11\/23\/la-ucr-de-tornquist-presento-las-nuevas-autoridades-del-comite\/","url":"https:\/\/www.celttv.com.ar\/index.php\/2012\/11\/23\/la-ucr-de-tornquist-presento-las-nuevas-autoridades-del-comite\/","name":"LA UCR. DE TORNQUIST PRESENTO LAS NUEVAS AUTORIDADES DEL COMITE - CELTTV","isPartOf":{"@id":"https:\/\/www.celttv.com.ar\/#website"},"datePublished":"2012-11-23T03:08:37+00:00","dateModified":"2012-11-23T03:08:37+00:00","description":"Sitio web de noticias de la localidad de Tornquist, provincia de Buenos Aires, Rep\u00fablica Argentina. Contenido propio originado por periodistas de CELTTV, el canal de TV local de la Cooperativa El\u00e9ctrica de Tornquist. Turismo, Pol\u00edtica, Sociedad, Deporte, Cultura y todo el contenido de inter\u00e9s general que la gente del pueblo y la regi\u00f3n debe conocer.","breadcrumb":{"@id":"https:\/\/www.celttv.com.ar\/index.php\/2012\/11\/23\/la-ucr-de-tornquist-presento-las-nuevas-autoridades-del-comite\/#breadcrumb"},"inLanguage":"es","potentialAction":[{"@type":"ReadAction","target":["https:\/\/www.celttv.com.ar\/index.php\/2012\/11\/23\/la-ucr-de-tornquist-presento-las-nuevas-autoridades-del-comite\/"]}]},{"@type":"BreadcrumbList","@id":"https:\/\/www.celttv.com.ar\/index.php\/2012\/11\/23\/la-ucr-de-tornquist-presento-las-nuevas-autoridades-del-comite\/#breadcrumb","itemListElement":[{"@type":"ListItem","position":1,"name":"Inicio","item":"https:\/\/www.celttv.com.ar\/"},{"@type":"ListItem","position":2,"name":"LA UCR. DE TORNQUIST PRESENTO LAS NUEVAS AUTORIDADES DEL COMITE"}]},{"@type":"WebSite","@id":"https:\/\/www.celttv.com.ar\/#website","url":"https:\/\/www.celttv.com.ar\/","name":"CELTTV","description":"Cooperativa El\u00e9ctrica de Tornquist","publisher":{"@id":"https:\/\/www.celttv.com.ar\/#organization"},"potentialAction":[{"@type":"SearchAction","target":{"@type":"EntryPoint","urlTemplate":"https:\/\/www.celttv.com.ar\/?s={search_term_string}"},"query-input":"required name=search_term_string"}],"inLanguage":"es"},{"@type":"Organization","@id":"https:\/\/www.celttv.com.ar\/#organization","name":"CELTTV","url":"https:\/\/www.celttv.com.ar\/","sameAs":["https:\/\/www.youtube.com\/channel\/UCz_oIt8Hig64Ub-EmcNPIhg","https:\/\/www.facebook.com\/celtTV\/"],"logo":{"@type":"ImageObject","inLanguage":"es","@id":"https:\/\/www.celttv.com.ar\/#\/schema\/logo\/image\/","url":"http:\/\/www.celttv.com.ar\/wp-content\/uploads\/2022\/08\/logo-1.png","contentUrl":"http:\/\/www.celttv.com.ar\/wp-content\/uploads\/2022\/08\/logo-1.png","width":461,"height":159,"caption":"CELTTV"},"image":{"@id":"https:\/\/www.celttv.com.ar\/#\/schema\/logo\/image\/"}},{"@type":"Person","@id":"https:\/\/www.celttv.com.ar\/#\/schema\/person\/6d99c072dba59953809c81446e9d0ace","name":"ulises","image":{"@type":"ImageObject","inLanguage":"es","@id":"https:\/\/www.celttv.com.ar\/#\/schema\/person\/image\/","url":"https:\/\/secure.gravatar.com\/avatar\/7f2c48bdc33b30088f941fb6082e555f2874c98e20cb159d7b92b50eadfce793?s=96&d=mm&r=g","contentUrl":"https:\/\/secure.gravatar.com\/avatar\/7f2c48bdc33b30088f941fb6082e555f2874c98e20cb159d7b92b50eadfce793?s=96&d=mm&r=g","caption":"ulises"},"sameAs":["http:\/\/www.celttv.com.ar"]}]}},"_links":{"self":[{"href":"https:\/\/www.celttv.com.ar\/index.php\/wp-json\/wp\/v2\/posts\/9130","targetHints":{"allow":["GET"]}}],"collection":[{"href":"https:\/\/www.celttv.com.ar\/index.php\/wp-json\/wp\/v2\/posts"}],"about":[{"href":"https:\/\/www.celttv.com.ar\/index.php\/wp-json\/wp\/v2\/types\/post"}],"author":[{"embeddable":true,"href":"https:\/\/www.celttv.com.ar\/index.php\/wp-json\/wp\/v2\/users\/1"}],"replies":[{"embeddable":true,"href":"https:\/\/www.celttv.com.ar\/index.php\/wp-json\/wp\/v2\/comments?post=9130"}],"version-history":[{"count":0,"href":"https:\/\/www.celttv.com.ar\/index.php\/wp-json\/wp\/v2\/posts\/9130\/revisions"}],"wp:attachment":[{"href":"https:\/\/www.celttv.com.ar\/index.php\/wp-json\/wp\/v2\/media?parent=9130"}],"wp:term":[{"taxonomy":"category","embeddable":true,"href":"https:\/\/www.celttv.com.ar\/index.php\/wp-json\/wp\/v2\/categories?post=9130"},{"taxonomy":"post_tag","embeddable":true,"href":"https:\/\/www.celttv.com.ar\/index.php\/wp-json\/wp\/v2\/tags?post=9130"}],"curies":[{"name":"wp","href":"https:\/\/api.w.org\/{rel}","templated":true}]}}