{"id":9133,"date":"2012-11-23T03:22:39","date_gmt":"2012-11-23T03:22:39","guid":{"rendered":"http:\/\/www.tvcnoticias.com.ar\/?p=9133"},"modified":"2012-11-23T03:22:39","modified_gmt":"2012-11-23T03:22:39","slug":"el-presidente-del-hcd-denuncio-en-el-recinto-el-supuesto-abuso-de-un-menor-textual-lo-dicho-por-el-concejal-y-la-nota","status":"publish","type":"post","link":"https:\/\/www.celttv.com.ar\/index.php\/2012\/11\/23\/el-presidente-del-hcd-denuncio-en-el-recinto-el-supuesto-abuso-de-un-menor-textual-lo-dicho-por-el-concejal-y-la-nota\/","title":{"rendered":"EL PRESIDENTE DEL HCD. DENUNCIO EN EL RECINTO EL SUPUESTO ABUSO DE UN MENOR (Textual lo dicho por el concejal y la nota)"},"content":{"rendered":"<p><a href=\"http:\/\/www.youtube.com\/watch?v=dKs9VJ6MM20\">httpv:\/\/www.youtube.com\/watch?v=dKs9VJ6MM20<\/a><br \/>\n<a href=\"http:\/\/www.youtube.com\/watch?v=_Zy1iURC-q8\">httpv:\/\/www.youtube.com\/watch?v=_Zy1iURC-q8<\/a><br \/>\nEl presidente del Honorable Concejo Deliberante Sergio Bordoni, denunci\u00f3 en el recinto un supuesto caso de abuso de un menor, hecho que se habria registrado en un predio lindante al patio del Instituto de Menores Saavedra Lamas.<br \/>\n\u201cNo se ha hablado de un tema grav\u00edsimo que existe en Tornquist. Un presunto abuso sexual sufrido por un menor que hoy se encuentra alojado en el Hogar Saavedra Lamas.Esa persona que intent\u00f3 abusar del menor fue colocado en un galp\u00f3n lindante y hace 2 a\u00f1os que fue alojado por este gobierno. Me entere por empleadas que vinieron a verme al Honorable Concejo Deliberante y enseguida me comuniqu\u00e9 con el Intendente Trankels y me explicaba que esta persona no ten\u00eda donde vivir y que si bien el hecho hab\u00eda ocurrido, ten\u00edamos que ver que hac\u00edamos con esta persona&#8221;.<br \/>\n\u00a0<span style=\"font-size: x-small; font-family: Verdana, Arial, Helvetica, sans-serif;\">&#8220;Yo reconozco que es un ser humano pero es un enfermo hay que tratarlo y no tenerlo en un galp\u00f3n.Quero que este tema se sepa y el responsable a\u00fan esta en el galp\u00f3n que no tiene ba\u00f1o y alambrado de por medio, est\u00e1 el Hogar Saavedra Lamas, donde los ni\u00f1os juegan y todav\u00eda no se tom\u00f3 ninguna determinaci\u00f3n hasta el lunes&#8221;.<\/span><br \/>\n\u00a0<span style=\"font-size: x-small; font-family: Verdana, Arial, Helvetica, sans-serif;\">&#8220;No puede seguir pasando esto. No sali\u00f3 como denuncia y no fue publicada. Hoy por hoy se roba un cordero o una gallina y autom\u00e1ticamente el destacamento informa.Hay cosas que tenemos que ser maduros es un hecho grave y esta persona tendr\u00eda que estar presa, pero la justicia Argentina hasta que no te matan no va nadie preso.Como le dije al Intendente pusimos un zorro dentro de un gallinero-afirm\u00f3 muy molesto Bordoni. Dijo entre otros p\u00e1rrafos Bordoni en el recinto.<\/span><br \/>\n<span style=\"font-size: x-small; font-family: Verdana, Arial, Helvetica, sans-serif;\">REACCION COMUNITARIA<\/span><br \/>\n<span style=\"font-size: x-small; font-family: Verdana, Arial, Helvetica, sans-serif;\">Un grupo de vecinos, entre los que se encontraban algunos concejales y personal del Instituto Saavedra Lamas, decidi\u00f3 manifestarse en el anochecer de este jueves en se\u00f1al de protesta por lo ocurrido y que todavia la persona involucrada se encuentre libre y deambulando en cercanias del mencionado predio.<\/span><\/p>\n","protected":false},"excerpt":{"rendered":"<p>httpv:\/\/www.youtube.com\/watch?v=dKs9VJ6MM20 httpv:\/\/www.youtube.com\/watch?v=_Zy1iURC-q8 El presidente del Honorable Concejo Deliberante Sergio Bordoni, denunci\u00f3 en el recinto un supuesto caso de abuso de un menor, hecho que se habria registrado en un predio lindante al patio del Instituto de Menores Saavedra Lamas. \u201cNo se ha hablado de un tema grav\u00edsimo que existe en Tornquist. Un presunto abuso sexual [&hellip;]<\/p>\n","protected":false},"author":1,"featured_media":0,"comment_status":"closed","ping_status":"open","sticky":false,"template":"","format":"standard","meta":{"footnotes":""},"categories":[51,52,53],"tags":[],"class_list":["post-9133","post","type-post","status-publish","format-standard","hentry","category-comunidad","category-destacadas","category-politica"],"yoast_head":"<!-- This site is optimized with the Yoast SEO plugin v19.7.1 - https:\/\/yoast.com\/wordpress\/plugins\/seo\/ -->\n<title>EL PRESIDENTE DEL HCD. DENUNCIO EN EL RECINTO EL SUPUESTO ABUSO DE UN MENOR (Textual lo dicho por el concejal y la nota) - CELTTV<\/title>\n<meta name=\"description\" content=\"Sitio web de noticias de la localidad de Tornquist, provincia de Buenos Aires, Rep\u00fablica Argentina. Contenido propio originado por periodistas de CELTTV, el canal de TV local de la Cooperativa El\u00e9ctrica de Tornquist. Turismo, Pol\u00edtica, Sociedad, Deporte, Cultura y todo el contenido de inter\u00e9s general que la gente del pueblo y la regi\u00f3n debe conocer.\" \/>\n<meta name=\"robots\" content=\"index, follow, max-snippet:-1, max-image-preview:large, max-video-preview:-1\" \/>\n<link rel=\"canonical\" href=\"https:\/\/www.celttv.com.ar\/index.php\/2012\/11\/23\/el-presidente-del-hcd-denuncio-en-el-recinto-el-supuesto-abuso-de-un-menor-textual-lo-dicho-por-el-concejal-y-la-nota\/\" \/>\n<meta property=\"og:locale\" content=\"es_ES\" \/>\n<meta property=\"og:type\" content=\"article\" \/>\n<meta property=\"og:title\" content=\"EL PRESIDENTE DEL HCD. DENUNCIO EN EL RECINTO EL SUPUESTO ABUSO DE UN MENOR (Textual lo dicho por el concejal y la nota) - CELTTV\" \/>\n<meta property=\"og:description\" content=\"Sitio web de noticias de la localidad de Tornquist, provincia de Buenos Aires, Rep\u00fablica Argentina. Contenido propio originado por periodistas de CELTTV, el canal de TV local de la Cooperativa El\u00e9ctrica de Tornquist. Turismo, Pol\u00edtica, Sociedad, Deporte, Cultura y todo el contenido de inter\u00e9s general que la gente del pueblo y la regi\u00f3n debe conocer.\" \/>\n<meta property=\"og:url\" content=\"https:\/\/www.celttv.com.ar\/index.php\/2012\/11\/23\/el-presidente-del-hcd-denuncio-en-el-recinto-el-supuesto-abuso-de-un-menor-textual-lo-dicho-por-el-concejal-y-la-nota\/\" \/>\n<meta property=\"og:site_name\" content=\"CELTTV\" \/>\n<meta property=\"article:publisher\" content=\"https:\/\/www.facebook.com\/celtTV\/\" \/>\n<meta property=\"article:published_time\" content=\"2012-11-23T03:22:39+00:00\" \/>\n<meta name=\"author\" content=\"ulises\" \/>\n<meta name=\"twitter:card\" content=\"summary_large_image\" \/>\n<meta name=\"twitter:label1\" content=\"Escrito por\" \/>\n\t<meta name=\"twitter:data1\" content=\"ulises\" \/>\n\t<meta name=\"twitter:label2\" content=\"Tiempo de lectura\" \/>\n\t<meta name=\"twitter:data2\" content=\"2 minutos\" \/>\n<script type=\"application\/ld+json\" class=\"yoast-schema-graph\">{\"@context\":\"https:\/\/schema.org\",\"@graph\":[{\"@type\":\"NewsArticle\",\"@id\":\"https:\/\/www.celttv.com.ar\/index.php\/2012\/11\/23\/el-presidente-del-hcd-denuncio-en-el-recinto-el-supuesto-abuso-de-un-menor-textual-lo-dicho-por-el-concejal-y-la-nota\/#article\",\"isPartOf\":{\"@id\":\"https:\/\/www.celttv.com.ar\/index.php\/2012\/11\/23\/el-presidente-del-hcd-denuncio-en-el-recinto-el-supuesto-abuso-de-un-menor-textual-lo-dicho-por-el-concejal-y-la-nota\/\"},\"author\":{\"name\":\"ulises\",\"@id\":\"https:\/\/www.celttv.com.ar\/#\/schema\/person\/6d99c072dba59953809c81446e9d0ace\"},\"headline\":\"EL PRESIDENTE DEL HCD. DENUNCIO EN EL RECINTO EL SUPUESTO ABUSO DE UN MENOR (Textual lo dicho por el concejal y la nota)\",\"datePublished\":\"2012-11-23T03:22:39+00:00\",\"dateModified\":\"2012-11-23T03:22:39+00:00\",\"mainEntityOfPage\":{\"@id\":\"https:\/\/www.celttv.com.ar\/index.php\/2012\/11\/23\/el-presidente-del-hcd-denuncio-en-el-recinto-el-supuesto-abuso-de-un-menor-textual-lo-dicho-por-el-concejal-y-la-nota\/\"},\"wordCount\":387,\"publisher\":{\"@id\":\"https:\/\/www.celttv.com.ar\/#organization\"},\"articleSection\":[\"Comunidad\",\"Destacadas\",\"Pol\u00edtica\"],\"inLanguage\":\"es\"},{\"@type\":\"WebPage\",\"@id\":\"https:\/\/www.celttv.com.ar\/index.php\/2012\/11\/23\/el-presidente-del-hcd-denuncio-en-el-recinto-el-supuesto-abuso-de-un-menor-textual-lo-dicho-por-el-concejal-y-la-nota\/\",\"url\":\"https:\/\/www.celttv.com.ar\/index.php\/2012\/11\/23\/el-presidente-del-hcd-denuncio-en-el-recinto-el-supuesto-abuso-de-un-menor-textual-lo-dicho-por-el-concejal-y-la-nota\/\",\"name\":\"EL PRESIDENTE DEL HCD. DENUNCIO EN EL RECINTO EL SUPUESTO ABUSO DE UN MENOR (Textual lo dicho por el concejal y la nota) - CELTTV\",\"isPartOf\":{\"@id\":\"https:\/\/www.celttv.com.ar\/#website\"},\"datePublished\":\"2012-11-23T03:22:39+00:00\",\"dateModified\":\"2012-11-23T03:22:39+00:00\",\"description\":\"Sitio web de noticias de la localidad de Tornquist, provincia de Buenos Aires, Rep\u00fablica Argentina. Contenido propio originado por periodistas de CELTTV, el canal de TV local de la Cooperativa El\u00e9ctrica de Tornquist. Turismo, Pol\u00edtica, Sociedad, Deporte, Cultura y todo el contenido de inter\u00e9s general que la gente del pueblo y la regi\u00f3n debe conocer.\",\"breadcrumb\":{\"@id\":\"https:\/\/www.celttv.com.ar\/index.php\/2012\/11\/23\/el-presidente-del-hcd-denuncio-en-el-recinto-el-supuesto-abuso-de-un-menor-textual-lo-dicho-por-el-concejal-y-la-nota\/#breadcrumb\"},\"inLanguage\":\"es\",\"potentialAction\":[{\"@type\":\"ReadAction\",\"target\":[\"https:\/\/www.celttv.com.ar\/index.php\/2012\/11\/23\/el-presidente-del-hcd-denuncio-en-el-recinto-el-supuesto-abuso-de-un-menor-textual-lo-dicho-por-el-concejal-y-la-nota\/\"]}]},{\"@type\":\"BreadcrumbList\",\"@id\":\"https:\/\/www.celttv.com.ar\/index.php\/2012\/11\/23\/el-presidente-del-hcd-denuncio-en-el-recinto-el-supuesto-abuso-de-un-menor-textual-lo-dicho-por-el-concejal-y-la-nota\/#breadcrumb\",\"itemListElement\":[{\"@type\":\"ListItem\",\"position\":1,\"name\":\"Inicio\",\"item\":\"https:\/\/www.celttv.com.ar\/\"},{\"@type\":\"ListItem\",\"position\":2,\"name\":\"EL PRESIDENTE DEL HCD. DENUNCIO EN EL RECINTO EL SUPUESTO ABUSO DE UN MENOR (Textual lo dicho por el concejal y la nota)\"}]},{\"@type\":\"WebSite\",\"@id\":\"https:\/\/www.celttv.com.ar\/#website\",\"url\":\"https:\/\/www.celttv.com.ar\/\",\"name\":\"CELTTV\",\"description\":\"Cooperativa El\u00e9ctrica de Tornquist\",\"publisher\":{\"@id\":\"https:\/\/www.celttv.com.ar\/#organization\"},\"potentialAction\":[{\"@type\":\"SearchAction\",\"target\":{\"@type\":\"EntryPoint\",\"urlTemplate\":\"https:\/\/www.celttv.com.ar\/?s={search_term_string}\"},\"query-input\":\"required name=search_term_string\"}],\"inLanguage\":\"es\"},{\"@type\":\"Organization\",\"@id\":\"https:\/\/www.celttv.com.ar\/#organization\",\"name\":\"CELTTV\",\"url\":\"https:\/\/www.celttv.com.ar\/\",\"sameAs\":[\"https:\/\/www.youtube.com\/channel\/UCz_oIt8Hig64Ub-EmcNPIhg\",\"https:\/\/www.facebook.com\/celtTV\/\"],\"logo\":{\"@type\":\"ImageObject\",\"inLanguage\":\"es\",\"@id\":\"https:\/\/www.celttv.com.ar\/#\/schema\/logo\/image\/\",\"url\":\"http:\/\/www.celttv.com.ar\/wp-content\/uploads\/2022\/08\/logo-1.png\",\"contentUrl\":\"http:\/\/www.celttv.com.ar\/wp-content\/uploads\/2022\/08\/logo-1.png\",\"width\":461,\"height\":159,\"caption\":\"CELTTV\"},\"image\":{\"@id\":\"https:\/\/www.celttv.com.ar\/#\/schema\/logo\/image\/\"}},{\"@type\":\"Person\",\"@id\":\"https:\/\/www.celttv.com.ar\/#\/schema\/person\/6d99c072dba59953809c81446e9d0ace\",\"name\":\"ulises\",\"image\":{\"@type\":\"ImageObject\",\"inLanguage\":\"es\",\"@id\":\"https:\/\/www.celttv.com.ar\/#\/schema\/person\/image\/\",\"url\":\"https:\/\/secure.gravatar.com\/avatar\/7f2c48bdc33b30088f941fb6082e555f2874c98e20cb159d7b92b50eadfce793?s=96&d=mm&r=g\",\"contentUrl\":\"https:\/\/secure.gravatar.com\/avatar\/7f2c48bdc33b30088f941fb6082e555f2874c98e20cb159d7b92b50eadfce793?s=96&d=mm&r=g\",\"caption\":\"ulises\"},\"sameAs\":[\"http:\/\/www.celttv.com.ar\"]}]}<\/script>\n<!-- \/ Yoast SEO plugin. -->","yoast_head_json":{"title":"EL PRESIDENTE DEL HCD. DENUNCIO EN EL RECINTO EL SUPUESTO ABUSO DE UN MENOR (Textual lo dicho por el concejal y la nota) - CELTTV","description":"Sitio web de noticias de la localidad de Tornquist, provincia de Buenos Aires, Rep\u00fablica Argentina. Contenido propio originado por periodistas de CELTTV, el canal de TV local de la Cooperativa El\u00e9ctrica de Tornquist. Turismo, Pol\u00edtica, Sociedad, Deporte, Cultura y todo el contenido de inter\u00e9s general que la gente del pueblo y la regi\u00f3n debe conocer.","robots":{"index":"index","follow":"follow","max-snippet":"max-snippet:-1","max-image-preview":"max-image-preview:large","max-video-preview":"max-video-preview:-1"},"canonical":"https:\/\/www.celttv.com.ar\/index.php\/2012\/11\/23\/el-presidente-del-hcd-denuncio-en-el-recinto-el-supuesto-abuso-de-un-menor-textual-lo-dicho-por-el-concejal-y-la-nota\/","og_locale":"es_ES","og_type":"article","og_title":"EL PRESIDENTE DEL HCD. DENUNCIO EN EL RECINTO EL SUPUESTO ABUSO DE UN MENOR (Textual lo dicho por el concejal y la nota) - CELTTV","og_description":"Sitio web de noticias de la localidad de Tornquist, provincia de Buenos Aires, Rep\u00fablica Argentina. Contenido propio originado por periodistas de CELTTV, el canal de TV local de la Cooperativa El\u00e9ctrica de Tornquist. Turismo, Pol\u00edtica, Sociedad, Deporte, Cultura y todo el contenido de inter\u00e9s general que la gente del pueblo y la regi\u00f3n debe conocer.","og_url":"https:\/\/www.celttv.com.ar\/index.php\/2012\/11\/23\/el-presidente-del-hcd-denuncio-en-el-recinto-el-supuesto-abuso-de-un-menor-textual-lo-dicho-por-el-concejal-y-la-nota\/","og_site_name":"CELTTV","article_publisher":"https:\/\/www.facebook.com\/celtTV\/","article_published_time":"2012-11-23T03:22:39+00:00","author":"ulises","twitter_card":"summary_large_image","twitter_misc":{"Escrito por":"ulises","Tiempo de lectura":"2 minutos"},"schema":{"@context":"https:\/\/schema.org","@graph":[{"@type":"NewsArticle","@id":"https:\/\/www.celttv.com.ar\/index.php\/2012\/11\/23\/el-presidente-del-hcd-denuncio-en-el-recinto-el-supuesto-abuso-de-un-menor-textual-lo-dicho-por-el-concejal-y-la-nota\/#article","isPartOf":{"@id":"https:\/\/www.celttv.com.ar\/index.php\/2012\/11\/23\/el-presidente-del-hcd-denuncio-en-el-recinto-el-supuesto-abuso-de-un-menor-textual-lo-dicho-por-el-concejal-y-la-nota\/"},"author":{"name":"ulises","@id":"https:\/\/www.celttv.com.ar\/#\/schema\/person\/6d99c072dba59953809c81446e9d0ace"},"headline":"EL PRESIDENTE DEL HCD. DENUNCIO EN EL RECINTO EL SUPUESTO ABUSO DE UN MENOR (Textual lo dicho por el concejal y la nota)","datePublished":"2012-11-23T03:22:39+00:00","dateModified":"2012-11-23T03:22:39+00:00","mainEntityOfPage":{"@id":"https:\/\/www.celttv.com.ar\/index.php\/2012\/11\/23\/el-presidente-del-hcd-denuncio-en-el-recinto-el-supuesto-abuso-de-un-menor-textual-lo-dicho-por-el-concejal-y-la-nota\/"},"wordCount":387,"publisher":{"@id":"https:\/\/www.celttv.com.ar\/#organization"},"articleSection":["Comunidad","Destacadas","Pol\u00edtica"],"inLanguage":"es"},{"@type":"WebPage","@id":"https:\/\/www.celttv.com.ar\/index.php\/2012\/11\/23\/el-presidente-del-hcd-denuncio-en-el-recinto-el-supuesto-abuso-de-un-menor-textual-lo-dicho-por-el-concejal-y-la-nota\/","url":"https:\/\/www.celttv.com.ar\/index.php\/2012\/11\/23\/el-presidente-del-hcd-denuncio-en-el-recinto-el-supuesto-abuso-de-un-menor-textual-lo-dicho-por-el-concejal-y-la-nota\/","name":"EL PRESIDENTE DEL HCD. DENUNCIO EN EL RECINTO EL SUPUESTO ABUSO DE UN MENOR (Textual lo dicho por el concejal y la nota) - CELTTV","isPartOf":{"@id":"https:\/\/www.celttv.com.ar\/#website"},"datePublished":"2012-11-23T03:22:39+00:00","dateModified":"2012-11-23T03:22:39+00:00","description":"Sitio web de noticias de la localidad de Tornquist, provincia de Buenos Aires, Rep\u00fablica Argentina. Contenido propio originado por periodistas de CELTTV, el canal de TV local de la Cooperativa El\u00e9ctrica de Tornquist. Turismo, Pol\u00edtica, Sociedad, Deporte, Cultura y todo el contenido de inter\u00e9s general que la gente del pueblo y la regi\u00f3n debe conocer.","breadcrumb":{"@id":"https:\/\/www.celttv.com.ar\/index.php\/2012\/11\/23\/el-presidente-del-hcd-denuncio-en-el-recinto-el-supuesto-abuso-de-un-menor-textual-lo-dicho-por-el-concejal-y-la-nota\/#breadcrumb"},"inLanguage":"es","potentialAction":[{"@type":"ReadAction","target":["https:\/\/www.celttv.com.ar\/index.php\/2012\/11\/23\/el-presidente-del-hcd-denuncio-en-el-recinto-el-supuesto-abuso-de-un-menor-textual-lo-dicho-por-el-concejal-y-la-nota\/"]}]},{"@type":"BreadcrumbList","@id":"https:\/\/www.celttv.com.ar\/index.php\/2012\/11\/23\/el-presidente-del-hcd-denuncio-en-el-recinto-el-supuesto-abuso-de-un-menor-textual-lo-dicho-por-el-concejal-y-la-nota\/#breadcrumb","itemListElement":[{"@type":"ListItem","position":1,"name":"Inicio","item":"https:\/\/www.celttv.com.ar\/"},{"@type":"ListItem","position":2,"name":"EL PRESIDENTE DEL HCD. DENUNCIO EN EL RECINTO EL SUPUESTO ABUSO DE UN MENOR (Textual lo dicho por el concejal y la nota)"}]},{"@type":"WebSite","@id":"https:\/\/www.celttv.com.ar\/#website","url":"https:\/\/www.celttv.com.ar\/","name":"CELTTV","description":"Cooperativa El\u00e9ctrica de Tornquist","publisher":{"@id":"https:\/\/www.celttv.com.ar\/#organization"},"potentialAction":[{"@type":"SearchAction","target":{"@type":"EntryPoint","urlTemplate":"https:\/\/www.celttv.com.ar\/?s={search_term_string}"},"query-input":"required name=search_term_string"}],"inLanguage":"es"},{"@type":"Organization","@id":"https:\/\/www.celttv.com.ar\/#organization","name":"CELTTV","url":"https:\/\/www.celttv.com.ar\/","sameAs":["https:\/\/www.youtube.com\/channel\/UCz_oIt8Hig64Ub-EmcNPIhg","https:\/\/www.facebook.com\/celtTV\/"],"logo":{"@type":"ImageObject","inLanguage":"es","@id":"https:\/\/www.celttv.com.ar\/#\/schema\/logo\/image\/","url":"http:\/\/www.celttv.com.ar\/wp-content\/uploads\/2022\/08\/logo-1.png","contentUrl":"http:\/\/www.celttv.com.ar\/wp-content\/uploads\/2022\/08\/logo-1.png","width":461,"height":159,"caption":"CELTTV"},"image":{"@id":"https:\/\/www.celttv.com.ar\/#\/schema\/logo\/image\/"}},{"@type":"Person","@id":"https:\/\/www.celttv.com.ar\/#\/schema\/person\/6d99c072dba59953809c81446e9d0ace","name":"ulises","image":{"@type":"ImageObject","inLanguage":"es","@id":"https:\/\/www.celttv.com.ar\/#\/schema\/person\/image\/","url":"https:\/\/secure.gravatar.com\/avatar\/7f2c48bdc33b30088f941fb6082e555f2874c98e20cb159d7b92b50eadfce793?s=96&d=mm&r=g","contentUrl":"https:\/\/secure.gravatar.com\/avatar\/7f2c48bdc33b30088f941fb6082e555f2874c98e20cb159d7b92b50eadfce793?s=96&d=mm&r=g","caption":"ulises"},"sameAs":["http:\/\/www.celttv.com.ar"]}]}},"_links":{"self":[{"href":"https:\/\/www.celttv.com.ar\/index.php\/wp-json\/wp\/v2\/posts\/9133","targetHints":{"allow":["GET"]}}],"collection":[{"href":"https:\/\/www.celttv.com.ar\/index.php\/wp-json\/wp\/v2\/posts"}],"about":[{"href":"https:\/\/www.celttv.com.ar\/index.php\/wp-json\/wp\/v2\/types\/post"}],"author":[{"embeddable":true,"href":"https:\/\/www.celttv.com.ar\/index.php\/wp-json\/wp\/v2\/users\/1"}],"replies":[{"embeddable":true,"href":"https:\/\/www.celttv.com.ar\/index.php\/wp-json\/wp\/v2\/comments?post=9133"}],"version-history":[{"count":0,"href":"https:\/\/www.celttv.com.ar\/index.php\/wp-json\/wp\/v2\/posts\/9133\/revisions"}],"wp:attachment":[{"href":"https:\/\/www.celttv.com.ar\/index.php\/wp-json\/wp\/v2\/media?parent=9133"}],"wp:term":[{"taxonomy":"category","embeddable":true,"href":"https:\/\/www.celttv.com.ar\/index.php\/wp-json\/wp\/v2\/categories?post=9133"},{"taxonomy":"post_tag","embeddable":true,"href":"https:\/\/www.celttv.com.ar\/index.php\/wp-json\/wp\/v2\/tags?post=9133"}],"curies":[{"name":"wp","href":"https:\/\/api.w.org\/{rel}","templated":true}]}}