{"id":9136,"date":"2012-11-24T15:00:09","date_gmt":"2012-11-24T15:00:09","guid":{"rendered":"http:\/\/www.tvcnoticias.com.ar\/?p=9136"},"modified":"2012-11-24T15:00:09","modified_gmt":"2012-11-24T15:00:09","slug":"hcd-todos-los-temas-de-la-ultima-sesion-y-la-ordenanza-de-los-agroquimicos-texto-y-videos-incorporados","status":"publish","type":"post","link":"https:\/\/www.celttv.com.ar\/index.php\/2012\/11\/24\/hcd-todos-los-temas-de-la-ultima-sesion-y-la-ordenanza-de-los-agroquimicos-texto-y-videos-incorporados\/","title":{"rendered":"HCD.: TODOS LOS TEMAS DE LA ULTIMA SESION Y LA ORDENANZA DE LOS AGROQUIMICOS (texto y videos incorporados)"},"content":{"rendered":"<p><a href=\"http:\/\/www.youtube.com\/watch?v=sexvhUappvo\">httpv:\/\/www.youtube.com\/watch?v=sexvhUappvo<\/a><br \/>\n<a href=\"http:\/\/www.youtube.com\/watch?v=FfDEQiheIDk\">httpv:\/\/www.youtube.com\/watch?v=FfDEQiheIDk<\/a><br \/>\n<a href=\"http:\/\/www.youtube.com\/watch?v=0ggabStRuDo\">httpv:\/\/www.youtube.com\/watch?v=0ggabStRuDo<\/a><br \/>\n<a href=\"http:\/\/www.youtube.com\/watch?v=Rwnuwt50e2s\">httpv:\/\/www.youtube.com\/watch?v=Rwnuwt50e2s<\/a><br \/>\n<a href=\"http:\/\/www.youtube.com\/watch?v=swIPTnCqY5o\">httpv:\/\/www.youtube.com\/watch?v=swIPTnCqY5o<\/a><br \/>\n<a href=\"http:\/\/www.youtube.com\/watch?v=kjIpYAi8G3s\">httpv:\/\/www.youtube.com\/watch?v=kjIpYAi8G3s<\/a><br \/>\n<a href=\"http:\/\/www.youtube.com\/watch?v=a8-5Dq-_sCo\">httpv:\/\/www.youtube.com\/watch?v=a8-5Dq-_sCo<\/a><br \/>\n<a>httpv:\/\/www.youtube.com\/watch?v=EY2H5HmK6YQ<\/a><a><\/a><br \/>\nINFORME SESI\u00d3N ORDINARIA DE FECHA 19 DE NOVIEMBRE<br \/>\n\u00a0Pocos minutos despu\u00e9s de la media noche dio comienzo la Sesi\u00f3n Ordinaria de acuerdo al Orden del D\u00eda establecido, en la que se trataron los siguientes temas:<br \/>\n\u00a0<strong><span style=\"text-decoration: underline;\">Comunicaciones Oficiales y Dict\u00e1menes de las Comisiones:<\/span><\/strong><br \/>\n\u00a0<span style=\"text-decoration: underline;\">Expte. N\u00ba 2410-8-859\/2012:<\/span> \u201cMinisterio de Infraestructura \u2013 Proyecto de Pavimentaci\u00f3n RP 76, Tramo Tornquist (Ciudad) \u2013 Chasic\u00f3, Distrito de Tornquist\u201d.<br \/>\nPasa a las Comisiones de Obras P\u00fablicas, Interpretaci\u00f3n y Reglamento, y Presupuesto y Hacienda.<br \/>\n<span style=\"text-decoration: underline;\">Expte. N\u00ba 060\/12:<\/span> \u201cDepartamento Ejecutivo \u2013 Venta\/subasta, bienes municipales en desuso\u201d.<br \/>\nSe solicita tratamiento sobre Tablas.<br \/>\nSe aprueba por unanimidad la Ordenanza bajo el N\u00ba 2539\/12 por la que\u00a0 autoriza al Departamento Ejecutivo a vender bienes municipales que a continuaci\u00f3n se detallas, por remate p\u00fablico, conforme al valor b\u00e1sico que se indica:<br \/>\n\u00a0 Motoniveladora Huber Warco Id. N\u00ba 3001: $ 10000<br \/>\n\u00a0 Motoniveladora Adams 440 Id. N\u00ba 2201: $ 10000<br \/>\n\u00a0 Motoniveladora Avelin Baford N\u00ba 124, mod 1978, motor Deutz $ 10000<br \/>\n\u00a0 Motoniveladora Merex TG 2, mod 1987, motor Perkins: $ 10000<br \/>\n\u00a0 Topadora Caterpiller (desarmada en el corral\u00f3n municipal): $ 5000<br \/>\n\u00a0 Pick Up Rastrojero P68 a\u00f1o `75. Id. 2683 $ 800<br \/>\n\u00a0 Pick Up Toyota Hilux `80 Id. 2774: $ 600<br \/>\n\u00a0 1 chasis y carrocer\u00eda Pick Up Ford F-100 a\u00f1o `69: $ 300<br \/>\n\u00a0 2 Heladeras (tipo familiar): $ 100<br \/>\n\u00a0 3 cortadoras de c\u00e9sped motor a explosi\u00f3n Ids. 2471, 2551, 2567:\u00a0\u00a0\u00a0\u00a0\u00a0 $ 100<br \/>\n\u00a0 3 tractores desmalezadotes Ids. 2680, 2565, 2566: $ 100<br \/>\n\u00a0 3 motoguada\u00f1as Ids. 2578, 296, 5751, 2577: $ 100<br \/>\n\u00a0 1 lote de hierro, chapas y recortes de carrocer\u00edas y chasis aut.: $ 100<br \/>\n\u00a0 1 chasis c\/cabina y caja Dodge D-400 (chatarra): $ 250<br \/>\n\u00a0 Chevrolet 400, dominio B031260: $ 300<br \/>\n\u00a0 Chevrolet Chevy, Mot. 0256-44752, Chas. A056619: $ 400<br \/>\n\u00a0 Chevrolet 400, dominio B693885: $ 400<br \/>\n\u00a0 Ford Taunus, Mot. YLAT8643: $ 400<br \/>\n\u00a0 Citroen 3CV, Mot. A23-4906: $ 300<br \/>\n\u00a0 Siam Di Tella, Mot. 15AA(N)L-278215: $ 300<br \/>\n\u00a0 Ford Falcon, dom. B382961, Mot. 871741720 Cha. KAOZEB-20551:$ 500<br \/>\n\u00a0 Dodge 1500, dominio B1542542, Mot. 95500025, Chas. 111006058: $ 500<br \/>\n\u00a0 VW Gacel UDZ510, Chas 8AVZZZ30ZEJ005741: $ 300<br \/>\n\u00a0 Fiat 1500, dominio C0204060, Mot. 620050, Chas. 752935: $ 250<br \/>\n\u00a0\u00a0\u00a0 Ford Taunus, dominio B1230759: $ 400<br \/>\n\u00a0 Renault 12, dominio C1026312, Mot. 3578670, Chas. 925-25885:\u00a0\u00a0\u00a0\u00a0\u00a0 $ 400<br \/>\n\u00a0 Ford Falcon Rural, dominio WDV644: $ 500<br \/>\n\u00a0 Coupe Torino, dominio B1442940: $ 600<br \/>\n\u00a0 Sierra Ghia SX, dominio VPK961: $ 600<br \/>\n\u00a0 Peugeot 405, dominio APR186: $ 750<br \/>\n\u00a0 Motoniveladora Huber Warco Id. N\u00ba 3001: $ 8000<br \/>\n\u00a0 Motoniveladora Adams 440 Id. N\u00ba 2201: $ 9000<br \/>\n\u00a0 Motoniveladora Avelin Baford N\u00ba 124, mod 1978, con motor Deutz:.\u00a0 $ 6000<br \/>\n\u00a0 Motoniveladora Merex TG 2, modelo 1987, con motor Perkins :\u00a0\u00a0\u00a0\u00a0\u00a0\u00a0\u00a0\u00a0 $ 10000<br \/>\n\u00a0 Topadora Caterpiller (desarmada en el corral\u00f3n municipal): $ 3000<br \/>\n\u00a0 Pick Up Rastrojero P68 a\u00f1o `75. Id. 2683 (est\u00e1 en deleg. Sa. Vna):\u00a0\u00a0 $ 500<br \/>\n\u00a0 Pick Up Toyota Hilux `80 Id. 2774: $ 500<br \/>\n\u00a0 1 chasis y carrocer\u00eda Pick Up Ford F-100 a\u00f1o `69: $ 200<br \/>\n\u00a0 2 Heladeras (tipo familiar): $ 100<br \/>\n\u00a0 3 cortadoras de c\u00e9sped motor a explosi\u00f3n Ids. 2471, 2551, 2567:\u00a0\u00a0\u00a0\u00a0\u00a0 $ 100<br \/>\n\u00a0 3 tractores desmalezadotes Ids. 2680, 2565, 2566: $ 100<br \/>\n\u00a0 3 motoguada\u00f1as Ids. 2578, 296, 5751, 2577: $ 100<br \/>\n\u00a0 1 lote de hierro, chapas y recortes de carrocer\u00edas y chasis automotor: $ 100<br \/>\n\u00a0 1 chasis c\/cabina y caja Dodge D-400 (chatarra): $200<br \/>\n\u00a0 Chevrolet 400, dominio B031260: $ 300<br \/>\n\u00a0 Chevrolet Chevy, Mot. 0256-44752, Chas. A056619: $ 400<br \/>\n\u00a0 Chevrolet 400, dominio B693885: $ 300<br \/>\n\u00a0 Ford Taunus, Mot. YLAT8643: $ 500<br \/>\n\u00a0 Citroen 3CV, Mot. A23-4906: $ 300<br \/>\n\u00a0 Siam Di Tella, Mot. 15AA(N)L-278215: $ 250<br \/>\n\u00a0 Ford Falcon, dom. B382961, Mot. 871741720 Cha. KAOZEB-20551:$ 500<br \/>\n\u00a0 Dodge 1500, dominio B1542542, Mot. 95500025, Chas. 111006058:$ 300<br \/>\n\u00a0 VW Gacel UDZ510, Chas 8AVZZZ30ZEJ005741: $ 300<br \/>\n\u00a0 Fiat 1500, dominio C0204060, Mot. 620050, Chas. 752935: $ 250<br \/>\n\u00a0 Ford Taunus, dominio B1230759: $ 400<br \/>\n\u00a0 Renault 12, dominio C1026312, Mot. 3578670, Chas. 925-25885:\u00a0\u00a0\u00a0\u00a0 $ 400<br \/>\n\u00a0 Ford Falcon Rural, dominio WDV644: $ 500<br \/>\n\u00a0 Coupe Torino, dominio B1442940: $ 500<br \/>\n\u00a0 Sierra Ghia SX, dominio VPK961: $ 500<br \/>\n\u00a0 Peugeot 405, dominio APR186: $ 500<br \/>\nEl precio obtenido por la subasta de los bienes deber\u00e1 ser abonado de contado en el acto del remate, en efectivo o cheque certificado por el comprador.<br \/>\n<span style=\"text-decoration: underline;\">\u00a0<\/span><br \/>\n<span style=\"text-decoration: underline;\">Expte. N\u00ba 338\/12:<\/span> \u201cD.E.- Autoriza la firma del Convenio entre el Ministerio de Desarrollo Social de la Naci\u00f3n y el Municipio de Tornquist \u2013 Plan Manos a la Obra\u201d.<br \/>\nPasa a las Comisiones de Asuntos Municipales, e Interpretaci\u00f3n y Reglamento.<br \/>\n<span style=\"text-decoration: underline;\">Expte. N\u00ba 353\/12:<\/span> \u201cJuan Carlos Gisler, contratista del Complejo Tur\u00edstico, Cantina y Balneario Municipal \u201cParque Norte\u201d solicita aumento de tarifas para la temporada 2012-2013\u201d.<br \/>\nPasa a las Comisiones de Interpretaci\u00f3n y Reglamento, y Presupuesto y Hacienda.<br \/>\n<span style=\"text-decoration: underline;\">Expte. N\u00ba 6480\/12:<\/span> \u201cN.P. \u2013 Luciano Costantino: Presenta propuesta para modificar el horario de ingreso a los locales bailables del Distrito de Tornquist\u201d.<br \/>\nPasa a la Comisi\u00f3n de Interpretaci\u00f3n y Reglamento.<br \/>\n<span style=\"text-decoration: underline;\">Expte. N\u00ba 2335-22077\/2006:<\/span> \u201cMinisterio de Econom\u00eda de la Provincia de Buenos Aires \u2013 Depto. Regist. y Publicidad \u2013 Solicita incorporar en base Partido 106\u201d.<br \/>\nSeg\u00fan el dictamen de las Comisiones de Obras P\u00fablicas y Asuntos Municipales se aprueba \u00a0por unanimidad la Ordenanza bajo el N\u00ba 2534\/12 por la que se acepta la donaci\u00f3n y transferencia de dominio a favor de la Municipalidad de Tornquist, del bien inmueble denominado catastralmente como: Circunscripci\u00f3n VII, Parcela 499 del Partido de Tornquist (106), de acuerdo a lo establecido en la Resoluci\u00f3n N\u00ba 231\/10 del Ministerio de Econom\u00eda de la Provincia de Buenos Aires. Este inmueble es una parcela que se encuentra en cercan\u00edas de los Tres Picos.-<br \/>\n<span style=\"text-decoration: underline;\">Expte. N\u00ba 316\/12:<\/span> \u201cD.E. \u2013 Convalida la firma del Convenio entre la Municipalidad de Tornquist y la Biblioteca Popular \u201cGeneral San Mart\u00edn\u201d de Saldungaray\u201d.<br \/>\nSeg\u00fan el dictamen de las Comisiones de Presupuesto y Hacienda, e Interpretaci\u00f3n y Reglamento se aprueba por unanimidad la Ordenanza bajo el N\u00ba 2535\/12 por la que se Convalida la firma del Convenio firmado entre la Municipalidad de Tornquist, representada por el Sr. Intendente Municipal Lic. Gustavo Guillermo Trankels y la Biblioteca Popular \u201cGeneral San Mart\u00edn\u201d de Saldungaray, representada por su presidente Sr. Jorge Torrent. Por medio de este convenio el municipio cede gratuitamente a la Biblioteca el uso de una parcela ubicada en la localidad de Saldungaray con todo lo edificado y adherido al suelo, a fin de que la mencionada contin\u00fae desarrollando sus actividades. Adem\u00e1s la municipalidad mantendr\u00e1 un agente de su planta de personal, en las tareas de auxiliar bibliotecario\u00a0 hasta que el momento de la situaci\u00f3n financiera de la Biblioteca pueda sufragar el costo del mismo.<br \/>\n<span style=\"text-decoration: underline;\">Expte. N\u00ba 325\/12:<\/span> \u201cD.E. \u2013 Convalida la firma del Convenio celebrado entre La Municipalidad de Tornquist y el Sindicato de Salud P\u00fablica de la Provincia de Buenos Aires\u201d.<br \/>\nDe acuerdo al dictamen de las Comisiones de Presupuesto y Hacienda, Interpretaci\u00f3n y Reglamento, y Salud P\u00fablica se aprueba por unanimidad la Ordenanza bajo el N\u00ba 2536\/12 por la que se convalida la firma del Convenio entre el Sindicato de Salud P\u00fablica de la Provincia de Buenos Aires representado por su tesorero Dr. Miguel \u00c1ngel Zubieta y la Municipalidad de Tornquist representada por el Sr. Intendente Municipal, Lic. Gustavo G. Trankels. Este convenio tiene por objeto acceder a un coseguro de I.O.M.A. destinado a todos los empleados municipales del distrito que deseen adherirse al mismo.-<br \/>\n<span style=\"text-decoration: underline;\">Expte. N\u00ba 6398\/11:<\/span> \u201cH.C.D. \u2013 Proyecto de Ordenanza: Ref. Control del correcto manejo de agroqu\u00edmicos\u201d.<br \/>\nLa normativa trata de reglamentar el correcto uso de agroqu\u00edmicos,\u00a0 es de aplicaci\u00f3n a toda persona f\u00edsica o jur\u00eddica que elabore, formule, fraccione, distribuya, utilice, comercialice, transporte, almacene, manipule y\/o aplique productos agroqu\u00edmicos, biocidas y\/o plaguicidas, tanto a titulo oneroso como gratuito, en forma terrestre en el distrito de Tornquist.<br \/>\nQuedan fuera del alcance de esta ordenanza las actividades relacionadas con el control de plagas urbanas ( moscas, mosquitos, y otras similares ), cuando la aplicaci\u00f3n terrestre sea efectuada por un organismo Municipal, Provincial o Nacional autorizado a tal efecto, como as\u00ed tambi\u00e9n las aplicaciones realizadas en plazas , parques , jardines, huertas familiares y espacios destinados al desarrollo de actividades recreativas y\/o deportivas con productos de uso domisanitarios, pertenecientes a la \u201cl\u00ednea jard\u00edn \u201c y\/o cualquier otro producto que est\u00e9 catalogado como Clase III y IV en la escala de toxicidad de la OMS (Organizaci\u00f3n Mundial de la Salud), avisando con antelaci\u00f3n a la poblaci\u00f3n mediante los medios de comunicaci\u00f3n los d\u00edas, horarios, lugares, productos a utilizar y medidas precautorias que se deban tomar.<br \/>\nEste Expediente tiene dos dict\u00e1menes. En general el proyecto de ordenanza es similar en ambos, solo difieren algunos art\u00edculos que resumimos de la siguiente manera:<br \/>\nEl dictamen de la Comisi\u00f3n de Ecolog\u00eda y Medio Ambiente en mayor\u00eda, e Interpretaci\u00f3n y Reglamento en minor\u00eda establece una prohibici\u00f3n en la aplicaci\u00f3n de agroqu\u00edmicos y\/o plaguicidas de 400 metros, una zona de resguardo dentro del radio de 1500 metros del \u00e1rea urbana, y tambi\u00e9n autoriza al Departamento Ejecutivo a crear un fondo, destinado a la compensaci\u00f3n de los perjuicios ocasionados a los productores comprendidos dentro de la zona de restricci\u00f3n de los 400 metros por la presente Ordenanza.-<br \/>\nEl dictamen de la Comisi\u00f3n de Ecolog\u00eda y Medio Ambiente en minor\u00eda, e Interpretaci\u00f3n y Reglamento en mayor\u00eda no establece prohibici\u00f3n en la aplicaci\u00f3n de productos, y s\u00ed establece una zona de resguardo dentro del radio de 1000 metros de toda zona urbanizada.<br \/>\nSe aprueba por mayor\u00eda (votaci\u00f3n 7 a 5) el primer dictamen, como Ordenanza N\u00ba 2537\/12.<br \/>\n<span style=\"text-decoration: underline;\">Expte. N\u00ba 6486\/12:<\/span> \u201cN.P. \u2013 PUAF, Sierra de la Ventana: Solicita que en el Presupuesto Anual se ingrese una Partida destina a las Castraciones\u201d.<br \/>\nSe aprueba por unanimidad el dictamen de las Comisiones de Interpretaci\u00f3n y Reglamento, y Salud P\u00fablica que \u00a0aconsejan enviar el mismo al \u00e1rea que corresponda para que nos informe sobre la Partida destinada a castraciones en el pr\u00f3ximo presupuesto.<br \/>\n<span style=\"text-decoration: underline;\">Expte. N\u00ba 6488\/12:<\/span> \u201cN.P. \u2013 CEF N\u00ba 9 Tornquist: Solicita aprobaci\u00f3n del aumento en las tarifas de las entradas a las Piletas Municipales \u2013 Per\u00edodo estival 2012\/2013\u201d.<br \/>\nSeg\u00fan el dictamen de las Comisiones de Interpretaci\u00f3n y Reglamento, y Salud P\u00fablica, se aprueba por unanimidad la Ordenanza con el N\u00ba 2538\/12 por la que se autoriza al Comodatario del Complejo Tur\u00edstico Piletas Municipales de la ciudad de Tornquist, Centro de Educaci\u00f3n F\u00edsica N\u00ba 9, a cobrar las tarifas que a continuaci\u00f3n se detallan, a partir del d\u00eda 1 de Diciembre del 2012:<br \/>\n<span style=\"text-decoration: underline;\">ENTRADAS:<\/span><br \/>\nMenores (hasta los 17 a\u00f1os inclusive)\u2026\u2026\u2026\u2026\u2026\u2026\u2026\u2026\u2026\u2026\u2026\u2026\u2026&#8230;$ 4.00.-<br \/>\nMayores (a partir de los 18 a\u00f1os)\u2026\u2026\u2026\u2026\u2026\u2026\u2026\u2026\u2026\u2026\u2026\u2026.\u2026..\u2026&#8230;$ 8.00.-<br \/>\n<strong><span style=\"text-decoration: underline;\">Asuntos Particulares<\/span><\/strong><br \/>\n<strong><span style=\"text-decoration: underline;\">N.P. Indalecio Ramos- Villa Ventana: <\/span><\/strong>Presenta propuesta de ordenanzas sobre dos temas:<br \/>\n1) Reserva Provincial de Humedales \u2013 Villa Ventana.<br \/>\n2) Uso racional del Agua. <span style=\"text-decoration: underline;\">Firmado:<\/span> Indalia Ramos, Villa ventana.<br \/>\nSe aprueba por unanimidad la formaci\u00f3n de Expediente y el pase a Comisi\u00f3n.<br \/>\n<strong><span style=\"text-decoration: underline;\">N.P. Grupo \u201cRescatemos Mar\u00eda Auxiliadora\u201d. Saldungaray<\/span><\/strong>: Manifiestan estar consustanciados en la conservaci\u00f3n del sitio casa Mar\u00eda Auxiliadora, de gran valor hist\u00f3rico, cultural, y social, para miembros de la comuniidad y amplia zona. Solicitan tengan a bien proveer los medios y\/o recursos necesarios por sus facultades, para poder lograr la conservaci\u00f3n de la casa y eventual declaraci\u00f3n de Patrimonio Hist\u00f3rico Cultural.\u00a0<br \/>\nPor Grupo Rescatemos Mar\u00eda Auxiliadora. <span style=\"text-decoration: underline;\">Firman:<\/span> M\u00f3nica de Larena, M\u00f3nica Sagrado, Daniel Etcheber y Sonia Farias.<br \/>\nSe aprueba por unanimidad la formaci\u00f3n de Expediente y el pase a Comisi\u00f3n.<br \/>\nHacen uso de la palabra los Sres. Concejales:<br \/>\nConcejal Horacio Buitrago:<br \/>\n\u201cMe quisiera referir a unos temas que han quedado planteados en la anterior sesi\u00f3n y todav\u00eda no los hemos podido llevar adelante, que es la convocatoria del Consejo Pro Vida, que, me hago cargo tambi\u00e9n del tema pero quiero volver a que antes de fin de a\u00f1o si es posible tengamos la posibilidad de convocarlo y as\u00ed tener la visi\u00f3n, que me parece que es sumamente importante, de el grupo de instituciones privadas y de las \u00e1reas estatales sobre temas de la sociedad, sobre temas candentes, sobre todo el tema de la problem\u00e1tica que pueden ser los flagelos que tenemos, las necesidades b\u00e1sicas que muchas familias hoy no tienen satisfechas, bueno, toda una serie de temas que en su momento cuando aprobamos el proyecto de resoluci\u00f3n nombrando al Distrito de Tornquist Distrito Pro Vida, lo ve\u00edamos como una herramienta que nos va a fortalecer, ya que las decisiones adoptadas pol\u00edticas en torno a las necesidades de la gente tendr\u00edan m\u00e1s apoyo, m\u00e1s consenso, y seguramente en muchos casos ver\u00edamos una realidad a veces con otro cristal. As\u00ed que espero que podamos concretar ese tema. Tambi\u00e9n, y ahora lo hago como moci\u00f3n, el tema de la Ruta 76 me parece que sigue siendo un tema que, uno cuando escucha algunos medios regionales encuentra que muchas de las rutas que circundan nuestra regi\u00f3n, y en todo caso nuestro distrito, pareciera que est\u00e1n abandonadas. Sinceramente transitando por la Ruta Nacional 33 o por la Ruta Provincial 76 uno ya no encuentra los servicios que ten\u00edamos hace un tiempo. No se si ser\u00e1 por falta de recursos, pero realmente es una situaci\u00f3n extrema, ya que en la \u00e9poca en la cual estamos viviendo, en la antesala de un verano que como est\u00e1 pronosticado, de mucho calor y seguramente viento, todo hace suponer que vamos a tener realmente siniestros seguros de incendios, y no nos estamos preparando como se debe. Tambi\u00e9n,\u00a0 o aprovecho para alertar a todos los productores circundantes, linderos a estas rutas, de que hagan los contrafuegos necesarios porque vamos a tener, sinceramente, podemos llegar a tener muchos problemas, y me parece que sobre todo en el \u00e1rea tur\u00edstica, todav\u00eda podemos estar a tiempo de hacer esas mejoras, de prestar ese servicio, y que tengamos una ruta realmente como la gente. Luego, hoy en un tratamiento que hicimos, y la verdad es que pido disculpas a la gente que acompa\u00f1\u00f3 la sesi\u00f3n, tal vez por los tiempos, a veces uno quiere pero bueno, no siempre se puede, terminamos aprobando una ordenanza tan esperada para el tema del uso de los agroqu\u00edmicos. Seguramente en el pensamiento de cada uno de nosotros pens\u00e1bamos que no \u00edbamos a poder contentar a todos los sectores, porque es muy dif\u00edcil, es un tema dif\u00edcil, ya que si pensamos que ni la naci\u00f3n ni la provincia lo han dejado con un gran vac\u00edo legislativo nos demuestra que claramente la situaci\u00f3n es dif\u00edcil, cuando uno le consulta a los diputados que podemos hacer, dicen mir\u00e1 este es un tema que no es f\u00e1cil, y bueno, nosotros hemos puesto lo que est\u00e1 a nuestro alcance y hemos tratado de llevar adelante una legislaci\u00f3n que por lo menos, que por lo menos sea un inicio de, seguramente de una ordenanza que ma\u00f1ana mismo tengamos una aplicaci\u00f3n , cuando se promulgue, una aplicaci\u00f3n por delante, y no es menor, no es menor, despu\u00e9s podremos analizar y debatir si ha dado resultado o no, si estamos con problemas, pero bueno, yo creo que sinceramente, hemos dado un paso, Tornquist dio un paso y el tiempo dir\u00e1 si estuvimos cien por ciento acertados o cercanos o realmente tenemos que hacer modificaciones. Para aquellos que quer\u00edan otra cosa, a veces los equilibrios y los consensos y la b\u00fasqueda de alternativas y bueno, poniendo por delante en este caso particular, no cabe ninguna duda, y se ha expresado que la salud no tiene l\u00edmites, para el resguardo, de cualquier manera, a la hora de legislar sabemos positivamente que eso tiene que estar en juego otras cosas, y me parece que\u00a0 nosotros lo hemos por lo menos lo hemos tenido en cuenta en esta ordenanza. Vuelvo a repetir, la ordenanza est\u00e1, est\u00e1 aprobada hoy, no es lo que pens\u00e1bamos, pens\u00e1bamos sacar una ordenanza por unanimidad, sinceramente muchos de nosotros pens\u00e1bamos que una ordenanza de este tipo deber\u00eda haber sido aprobada por unanimidad, hemos tratado hasta \u00faltimo momento, por eso tambi\u00e9n a veces los tiempos de encontrar esos consensos de hacernos cargo y carne de esta ordenanza, y bueno, no se ha logrado, yo solo pienso que m\u00e1s all\u00e1 de que la hemos aprobado en mayor\u00eda, digo que el ejecutivo tambi\u00e9n tiene que ver este tema, \u00bfno?, un tema serio, un tema que hace a muchas cosas, no solamente enfocarnos o a lo productivo, o al tema salud, sino que hace a una realidad que vive el territorio, y cambi\u00f3, y que nos debemos hacer cargo. Espero que el ejecutivo realmente nos acompa\u00f1e, que est\u00e9 a la altura de las circunstancias, nosotros muchas veces hemos hablado de que vamos a acompa\u00f1ar con fondos para que la autoridad de aplicaci\u00f3n tenga las herramientas, tenga la capacidad t\u00e9cnica, tenga la gente, tenga lo que hay que tener para aplicar esta ordenanza, y tambi\u00e9n el tema de la informaci\u00f3n, de la difusi\u00f3n, de la parte educativa, creo que eso lo debemos mantener en alto, m\u00e1s all\u00e1 de la aprobaci\u00f3n de la ordenanza, hace a, realmente hace a valorizar al distrito, a un distrito como el nuestro y poner en \u00e9nfasis que la salud la debemos cuidar tambi\u00e9n entre todos. En uno de los art\u00edculos, digo porque a veces, cuando uno habla de salud es un tema tan sensible y la verdad que todos tenemos que estar de acuerdo de la prevenci\u00f3n, del cuidado,\u00a0 de la asistencia en todo sentido, pareciera que la debemos enfrentar entre todos, y yo creo que el estado debe tener este miramiento como pol\u00edtica de estado. Por eso es que no estoy de acuerdo para nada con lo que hace el estado nacional que no legisla en este sentido, que nos deja, realmente nos deja muy endeble a los distritos por muchos factores y sobre todo por el tema de salud, y en temas tan espec\u00edficos como\u00a0 pueden ser los sistemas productivos que se aplican en este momento en el pa\u00eds, convengamos que hoy nosotros vamos a sacar una ordenanza o aprobamos una ordenanza y que seguramente los distritos vecinos tendr\u00e1n otra norma, si es que tienen una norma vigente, tal vez tenga algo que ver con la nuestra o no, y tiene que haber alg\u00fan rector, pro eso la pol\u00edtica, \u00bfno? por eso el estado presente, un estado nacional presente que regule, que controle y que se haga cargo de estos temas. Nosotros, en algunos casos nos va a separar una arroyo, en otros nos va a separar un alambrado, y vamos a tener normas distintas, y ah\u00ed los metros no van a tener nada que ver y la situaci\u00f3n no va a ser igual. A mi me parece que hoy realmente hoy m\u00e1s que nunca queda demostrado la grave falencia que tiene este gobierno en pos de un miramiento federal que solamente se est\u00e1 mirando para recaudar pero no para devolverle fondos, recursos para poder llevar adelante este tipo de legislaci\u00f3n, que la estamos presentando desde el municipio con escasos recursos. Nosotros en el articulado, el \u00faltimo creo indicamos que el municipio, o el Poder Ejecutivo se ten\u00eda que hacer cargo de compensar los perjuicios que les pod\u00edamos hacer a los productores agropecuarios que tuvieran sus campos lindantes a las plantas urbanas, pero eso lo pusimos como un sentido com\u00fan, digamos, la salud la debemos cuidar entre todos, nosotros si solamente nos apoyamos en alg\u00fan sector o en particular en algunos individuos no estar\u00edamos siendo criteriosos, o por lo menos no estar\u00edamos siendo justos, es l\u00f3gico, por lo menos a mi entender, que nosotros vamos a salvar las situaciones, estas situaciones, podr\u00edamos\u00a0 hasta empezar a pensar en mayores l\u00edmites, porque la idea es cuidar la salud, ahora si eso se traspasamos solamente a algunos ciudadanos pareciera que no es justo. El estado nacional hoy se lleva mucho dinero de tornquist, mucho dinero de Tornquist, y no es desde hoy, sino desde muchos a\u00f1os, y que la verdad es que en estos casos, en estos casos donde nosotros vemos que debemos trabajar sobre restricciones en la parte rural son muy necesarios esos recursos q<br \/>\nue se van y no vuelven. Yo le dir\u00eda al ejecutivo, le plantear\u00eda al ejecutivo claramente que en estos d\u00edas, hubo algunas reuniones, y \u00a0a ver que hac\u00edamos con los fondos rotatorios, y a ver que hacemos y que no hacemos, la verdad es que me parece que ning\u00fan productor estar\u00eda en contra de decir, mira usemos alg\u00fan fondo, usemos parte de estos fondos para compensar, porque realmente si nosotros estamos ayudando, prevenir enfermedades, y no estamos hablando de enfermedades vir\u00f3sicas que se van en unos d\u00edas, estamos hablando de enfermedades graves, la verdad es que el estado tiene que poner lo que tiene que poner, y en este caso me parece que yo ver\u00eda con mucho agrado, la verdad es que con mucho agrado que nosotros hici\u00e9ramos un an\u00e1lisis, poder sentarnos con el ejecutivo cuando quieran y ver las hect\u00e1reas, yo tengo una idea pero ver la cantidad de hect\u00e1reas afectadas y disponer, disponer de recursos, nosotros esos anillos, esos anillos de resguardo sobre todo el de restricci\u00f3n, debemos afrontar, debemos afrontar,\u00a0 esa es la seriedad y la responsabilidad que un estado debe tener y creo que el estado municipal la debe tener como cualquier otro estado si tomamos esta iniciativa. As\u00ed que para aquellos que no se han conformado, el tiempo ser\u00e1 testigo y creo que las modificaciones siempre se pueden hacer, todos estamos dispuestos, y pensemos tambi\u00e9n en los recursos, pensemos en recursos para aquellos que hoy tienen que poner el hombro, pensemos en los recursos para el estado municipal que sabemos que son muy endebles, ya que claramente se ve que el federalismo no existe y que la caja hay que llenarla pero la caja est\u00e1 a otro nivel, que es\u00a0 a nivel nacional, y bueno, entonces la verdad es que cuando vayamos a gestionar, iremos por las prioridades y con las ideas de lo que nos haga falta, y\u00a0 en este caso nos hace falta los recursos para atender esta problem\u00e1tica, en dos aspectos que platee, nos han dado para caminos varias veces, y est\u00e1 bien, las infraestructuras o las obras de infraestructura son importantes, pero nada tiene que ver con la prevenci\u00f3n y la atenci\u00f3n de la salud, as\u00ed que yo espero que cuando vayamos a buscar el dinero o cuando tengamos el dinero como lo tenemos disponible ahora de los fondos rotatorios podamos usarlos para estos temas tan importantes. As\u00ed que el tiempo nos dar\u00e1 la raz\u00f3n seguramente, de que lo que hemos hecho hoy ha sido un paso, y esperemos que lo podamos concretar como est\u00e1 escrito en la ordenanza. Muchas gracias\u201d.<br \/>\nConcejal Manuel Mar\u00eda Picado:<br \/>\n\u201cYo quer\u00eda hacer referencia a dos temas. En primer lugar quer\u00eda hablar de la obra de extensi\u00f3n de red de agua en la localidad de Tornquist, obra que fue anunciada incluso en medios regionales, por ejemplo La Nueva Provincia el d\u00eda 3 de enero del 2012, que dec\u00eda que se licitaban las obras, se informaba el cierre de pliegos para el 16 de enero, la apertura de sobres para el 16 de enero, se informaba que las obras se iban a realizar con un plazo de 120 d\u00edas, y ha pasado m\u00e1s de 7 meses de la culminaci\u00f3n que debe haber sido en abril, y todav\u00eda ni se ha comenzado. No solo eso, sino que hablando con algunos miembros del Departamento Ejecutivo se nos informa que no se han iniciado porque el dinero de la misma obra no est\u00e1, y la verdad es que no sorprende, porque nosotros hace mucho tiempo venimos denunciando de que se ha tornado una metodolog\u00eda esto de presentar las obras, hacer los anuncios, de que transcurra el tiempo y de que las obras no aparezcan. La verdad es que molesta, como lo he dicho tantas veces, la verdad es que las reglas no\u00a0 son claras, que las condiciones no son las mismas para quienes estamos en la oposici\u00f3n y para el oficialismo, porque todo esto es utilizado como campa\u00f1a permanente pol\u00edtica y la verdad es que es muy dif\u00edcil, muy dif\u00edcil dar transparencia y pensar en una mejor calidad institucional. Otro tema obviamente es la aprobaci\u00f3n de la ordenanza con respecto al uso adecuado de agroqu\u00edmicos. La verdad es que celebro desde el Bloque de la Uni\u00f3n C\u00edvica Radical que hayamos dado este paso, un paso tan importante para nuestro distrito. Ordenanza que realmente llev\u00f3 much\u00edsimo tiempo, discusiones, charlas, hubo diferentes posiciones durante el transcurso y el desarrollo de la misma. La verdad es que todos hemos cedido mucho y hemos puesto mucho para lograr una ordenanza superadora, una ordenanza que tienda a ser el comienzo de un camino y de un trabajo permanente que tienda a perfeccionar esta ordenanza y a que realmente podamos abordar este problema estando a la altura de las circunstancias. Me llama la atenci\u00f3n sinceramente, que como dec\u00eda el Concejal Buitrago, que no hayamos podido lograr aprobar esta ordenanza por unanimidad, ya que insisto, trabajamos mucho en esta ordenanza, y todos cedimos en nuestros posicionamientos, fuimos entendiendo que m\u00e1s all\u00e1 de las diferentes visiones y posiciones lo m\u00e1s importante era lograr, el lograr\u00a0 una ordenanza con fuerza, donde estemos todos comprometidos, y donde se pongan todos al servicio del resguardo de la salud. Incluso esto qued\u00f3 m\u00e1s que manifiesto cuando d\u00edas pasados hicimos reuniones con algunas dependencias del Departamento Ejecutivo para ponernos a disposici\u00f3n pensando en el tratamiento pr\u00f3ximo del presupuesto, pensando en un \u00e1rea con recursos y con un alcance mayor para abordar este tema, y lamentablemente como lo dec\u00edamos la sesi\u00f3n pasado no tuvimos una muy buena respuesta. Sin embargo creo que esta ordenanza nos da motivos suficientes para celebrar, y pensar en que estamos en el buen camino, que Tornquist por su perfil, por su gente, por sus condiciones tiene todas las posibilidades de seguir para adelante con garant\u00edas, y dar la posibilidad a los tornquistenses de sentirnos resguardados. Espero que sigamos trabajando en este tema y que a futuro, en lo inmediato podamos estar haciendo las primeras modificaciones tendientes a la mejora que insisto, debe ser permanente para poder alcanzar y transmitir la posibilidad de socializar este tema y de que todos los actores se sientan comprometidos, que se sientan contemplados, y que todos tengamos la posibilidad de participar en esto que es mejorar la calidad dentro de nuestro distrito. As\u00ed que Sr. Presidente, felicitar a todos los Concejales que han participado en esta ordenanza, a las instituciones, a los independientes, y esperemos seguir en este camino. Nada m\u00e1s Sr. Presidente\u201d.<br \/>\nConcejal Mar\u00eda Ofelia Skolak:<br \/>\n\u201cNosotros tambi\u00e9n estamos muy conformes con la decisi\u00f3n que tomamos, a pesar de que tampoco tuvimos el consenso, hubiese sido bueno tambi\u00e9n que haya sido aprobada por unanimidad. Bueno, nos toca la otra parte, pero la tranquilidad es que tambi\u00e9n, es decir, la trabajamos desde muchos aspectos, y es m\u00e1s, la primera palabra que se dijo se escribi\u00f3 hoy, \u00bfno?, que fue en la reuni\u00f3n que vinieron los representantes de ambiente comarca, cuando se propuso los mil metros de resguardo, y tambi\u00e9n pensamos en la salud Sr. Presidente, porque pertenecemos a una gesti\u00f3n donde el Sr. Intendente Municipal como prioridad tiene la salud. Est\u00e1 a la vista, por todas las cosas que ha conseguido, para el Hospital, para las salitas, las ambulancias, es m\u00e1s, si me pongo a mencionar todo no terminar\u00edamos, \u00bfno?. La salud no tiene l\u00edmites, es verdad, pero bueno, el resguardo que determinamos de los 100 metros nos parece muy buena decisi\u00f3n y nos parece el equilibrio tanto para las personas que conviven en el ejido urbano como las que conviven en una escuela, pero con el control, porque yo creo en la comunidad en que vivimos y conf\u00edo en que todos los vecinos, que los productores afectados, los aplicadores, que nos han dicho del compromiso que tienen con la actividad que realizan, van a cumplir con estas medidas de control. Es, me parece, pensar en todos, hoy justamente cuando escuchaba a los productores que vinieron desesperados a pedir aunque sea un poquito de flexibilidad y sent\u00ed que, sentimos el Bloque en general, \u00bfno?, que no se les estaba dando la posibilidad de contar lo que ellos pensaban, es decir, directamente era algo muy estricto, y bueno, tambi\u00e9n nos hizo reflexionar, tal vez pensamos en los 400 metros en alg\u00fan momento, y no vamos a decir que no, pero tenemos que pensar en todos, y no es f\u00e1cil tomar decisiones, lo dijo hace un rato un concejal, uno quisiera poder estar bien con todos, algunos se van enojados y con toda la raz\u00f3n porque cada uno tiene derecho de expresar lo que quiere y lo que siente necesario para poder vivir como desean en su lugar. Cuando escucho al Concejal Buitrago que hablaba de compromiso, es verdad, tenemos que ser comprometidos, pero a veces somos contradictorios, porque cuando me pongo a ver la publicidad en algunos medios, no veo propuestas superadoras, si observo lo que siempre nos ocurre, las cr\u00edticas al Poder Ejecutivo. Yo creo que compromiso no es solamente golpear cacerolas enfrente del palacio municipal. Compromiso es presentar, reitero, ideas superadoras para que nos puedan ayudar a todos y a la comunidad en resolver todo lo que se presenta, y cuando leo el art\u00edculo 9 que fue aprobado por todos, \u00bfno?, pero, que lo tengo ac\u00e1, que habla que para servicios u operaciones terrestres queda expresamente prohibida, no este no es, que habla de que el Poder Ejecutivo puede firmar convenios con distintas instituciones como Asociaci\u00f3n Rural, con instituciones relacionadas al \u00e1rea de producci\u00f3n, me acuerdo del INTA, me acuerdo del convenio del INTA,\u00a0 y realmente es contradictorio, porque si realmente estamos poniendo que tenemos que pedir al ejecutivo que ser\u00eda bueno que se hagan capacitaciones con t\u00e9cnicos especialista, que bueno hubiese sido tener aprobado el convenio con el INTA, y ah\u00ed tampoco hubo unanimidad, que casualidad que lo perdimos, \u00bfno?, fuimos minor\u00eda y no tuvimos esa posibilidad. Y bueno, y despu\u00e9s cuando escucho al Concejal Picado, seguimos midiendo los tiempos, y denunciando las obras, denunciando digo ac\u00e1 desde la Banca, denunciando las obras que no aparecen, dice el Concejal Picado, ahora, no lo escucho decir de todas las obras que se han hecho,\u00a0 porque fueron much\u00edsimas, y todos los sabemos, tampoco me voy a poner a mencionar porque no terminar\u00eda, nada m\u00e1s Sr. Presidente, tambi\u00e9n quiero expresarle a este Cuerpo Deliberativo la tranquilidad desde nuestro Bloque de haber tomado la decisi\u00f3n que tomamos. Nada m\u00e1s\u201d.<br \/>\nConcejal Dar\u00edo Cardoso:<br \/>\n\u201cYo quer\u00eda tocar el tema de la ordenanza de agroqu\u00edmicos, pero primeramente quer\u00eda felicitar a la gente de la Sociedad Espa\u00f1ola de Saldungaray por la organizaci\u00f3n de la Primera Fiesta de las Colectividades en nuestro pueblo, y espero que sea la primera de muchas. Volviendo al tema de la ordenanza de agroqu\u00edmicos, hace m\u00e1s o menos 6 o 7 meses que estamos trabajando sobre el tema. Desde un primer momento nuestro bloque dej\u00f3 sentada nuestra postura, referida a\u00a0 la cantidad que metros que eran 400, que quer\u00edamos estipular como m\u00ednimo para la aplicaci\u00f3n de productos agroqu\u00edmicos. Ahora, lo que me extra\u00f1a que despu\u00e9s de haber trabajado tanto tiempo juntos los distintos bloques, y despu\u00e9s realmente haber estado esbozando las distintas posibles ordenanzas en las que figuraban los 400 metros hace cuatro horas, se llegara a dos dict\u00e1menes distintos. Porque eso fue la realidad de lo que ocurri\u00f3. Creo que lo primero y lo que siempre tuvimos en cuenta fue salvaguardar la salud, creo que es lo fundamental, y despu\u00e9s de ah\u00ed tambi\u00e9n tenemos que tener en cuenta lo que muchos recordaremos cuando los aplicadores desde un primer momento, no todos, pero si algunos, ellos ya dejaban ese espacio libre de fumigaci\u00f3n. Entonces no es algo que nosotros estamos imponiendo u algo nuevo, convengamos que es algo que ya se estaba aplicando, que adem\u00e1s de los 400 metros solos no es suficiente, todos sabemos que tienen que existir los controles necesarios\u00a0 y si estamos priorizando la salud creo que poner una zona de no aplicaci\u00f3n de 400 metros como m\u00ednimo es sumamente necesario. El tiempo como dijeron muchos Concejales nos dir\u00e1 si estamos equivocados o no, pero el esp\u00edritu siempre es preservar a la comunidad. Muchas gracias Sr. Presidente\u201d.<br \/>\nPresidente del H.C.D. Concejal Sergio Bordoni:<br \/>\n\u201cComo primer tema quisiera referirme a la ordenanza que hemos aprobado hoy\u00a0 por mayor\u00eda lamentablemente. Si bien hasta \u00faltimo momento pensamos que iba a salir por unanimidad no se cual fue el tema del cambio rotundo, hasta \u00faltimo momento est\u00e1bamos con un articulado nada m\u00e1s. Pero m\u00e1s all\u00e1 de eso estoy contento por la ordenanza que hemos podido sacar, agradecer a mis pares Concejales que muchos de los que ocupan una Banca tienen establecimientos rurales o trabajan en el tema y no tuvieron ning\u00fan problema en aprobar una ordenanza de la cual con el sentido com\u00fan que nos caracteriza por el tema de los 400 metros, y voy a explicar porqu\u00e9 aplicamos 400 metros. Porque la idea de Coalici\u00f3n C\u00edvica era 400 metros pero ante la medici\u00f3n que hicimos de la primera industria ubicada fuera del per\u00edmetro urbano est\u00e1 a 400 metros, y esa empresa como otra m\u00e1s ya, el municipio al decirles que ten\u00edan que irse de ejido urbano hizo una inversi\u00f3n importante en cuanto a infraestructura, me parec\u00eda que era poco sentido com\u00fan, ya que el municipio lo hab\u00eda instalado en ese predio, aplicar otro tipo de cantidad de metros, porque la verdad es que la inversi\u00f3n que hab\u00edan hecho era importante. Obviamente que no se puede dejar conformes a todos, y yo no estoy ac\u00e1 en el Concejo para dejar conformes a todos, sino estoy para hacer lo que corresponde. Seguramente se fueron enojados los ambientalistas, seguramente se van a ir enojados gente que tiene campos lindante a la zona urbana. Yo creo que en la conciencia nuestra tiene que quedar claro que se hizo lo que correspond\u00eda, que podemos pensar libremente sin necesidad de que nos digan\u00a0 las cosas que tenemos que hacer. Por eso vuelvo a agradecer a los Concejales que apoyaron esta ordenanza, ustedes sab\u00edan que la Coalici\u00f3n C\u00edvica ten\u00eda la postura desde el primer momento. Despu\u00e9s quiero hacer referencia a un tema del cual no se ha hablado, un tema grav\u00edsimo que ha pasado ac\u00e1 en Tornquist, del cual no se ha hablado pero s\u00ed existe. El d\u00eda 30 de octubre en la dependencia policial se denuncia un hecho de presunto abuso sexual a un menor que hoy por hoy est\u00e1 alojado en el Instituido Saavedra Lamas. Resulta que la persona que intent\u00f3 abusar del menor, digo intent\u00f3 porque hubo una pericia m\u00e9dica y todav\u00eda no se sabe si estaba abusado o no, dicen que no pero la pericia fue hecha despu\u00e9s de tres d\u00edas. Esa persona que intent\u00f3 abusar de este menor fue colocado en un galp\u00f3n lindante al Instituto Saavedra Lamas, hace dos a\u00f1os que est\u00e1 ah\u00ed alojado, y fue alojado por este gobierno, por la Secretar\u00eda de Acci\u00f3n Social. Digo esto porque la responsabilidad, esto cuando yo me\u00a0 enter\u00e9 por empleadas que vinieron a hablar conmigo al Concejo Deliberante , enseguida me comuniqu\u00e9 con el Intendente Trankels, sorprendido por lo que hab\u00eda pasado, me dijo,\u2026no puede estar pasando esto yo me hago cargo. Despu\u00e9s de una semana volv\u00ed a hablar con el Intendente, y me explicaba que esta persona no ten\u00eda donde vivir, que si bien el hecho hab\u00eda ocurrido ten\u00edamos que ver que hac\u00edamos con esta persona, en realidad yo reconozco que es una persona, que es un ser humano, pero es un enfermo, y si es un enfermo hay que tratarlo, y no se trata teni\u00e9ndolo en un galp\u00f3n, obviamente que hay que tomar una medida, hay que tomar una determinaci\u00f3n porque hasta el d\u00eda lunes no se hab\u00eda tomado ninguna determinaci\u00f3n. Hoy estuve ocupado con esta ordenanza, no pude ocuparme del tema, en realidad, pero quiero que este tema se sepa, y que este tema pas\u00f3, y los responsables estan todav\u00eda hasta ayer, el responsable estaba alojado en un galp\u00f3n, en un galp\u00f3n que tengo entendido que no tiene ba\u00f1o, o sea que alambrado de por medio est\u00e1 el Instituto Saavedra Lamas donde hay una cancha de f\u00fatbol, los chicos juegan al f\u00fatbol todo el d\u00eda, o la mayor parte del d\u00eda realizan actividades f\u00edsicas o juegan ah\u00ed, en ese patio, y todav\u00eda no se ha tomado ninguna determinaci\u00f3n. Si se tom\u00f3, se tom\u00f3 esta tarde, hasta ayer d\u00eda lunes no se hab\u00eda tomado ninguna determinaci\u00f3n. As\u00ed que quiero denunciar esto, porque esto ma\u00f1ana yo lo voy a volver a hablar con el Intendente, no puede estar pasando esto, ya pas\u00f3 y hay que tomar la determinaci\u00f3n. Yo reconozco que la persona es un ser humano, pero si est\u00e1 enfermo a los enfermos hay que tratarlos y para eso est\u00e1n los hospitales, o est\u00e1n los institutos donde se tratan este tipo de personas que se enferman seguramente, y por eso quiero expresarlo desde la Banca, porque este tema no se habl\u00f3 en ning\u00fan lado, no sali\u00f3 como denuncia por el destacamento policial, esta denuncia no fue publicada. Hoy por hoy se roban un cordero o una gallina y enseguida, autom\u00e1ticamente el destacamento policial informa los hechos, esta denuncia no fue informada. Por eso digo que hay cosas muchas veces que tenemos que ser maduros y esto no se nos puede escapar, esto es un hecho grave, no esperemos que viole a una persona o haga un hecho mayor, ni traslademos el problema sac\u00e1ndolo de ah\u00ed y mand\u00e1ndolo a otro lugar. Esta persona tiene que estar internada, es m\u00e1s, tendr\u00eda que estar presa, la justicia argentina, hasta que no te matan no va nadie preso, pero lamentablemente esta persona si est\u00e1 enferma hay que hacerla tratar, pero para eso tienen que estar todos convencidos de que tenemos un enfermo al lado de un lugar, como le dije al Intendente, pusimos un zorro dentro de un gallinero. Nada m\u00e1s Sr. Presidente\u201d.<br \/>\nConcejal Patricia V\u00e1zquez:<br \/>\n\u201cEn principio me quer\u00eda referir a los dichos de algunos Concejales, y yo creo que ya la compa\u00f1era Skolak aclar\u00f3 el porqu\u00e9 de nuestra decisi\u00f3n, pensando todos en lo mismo, \u00bfno?, en preservar la salud, en segundo lugar quiero contestarle al Concejal Manuel Picado, ya que el siempre dice que le molesta, que se torna ya una metodolog\u00eda el anuncio de obras que no est\u00e1n, y a mi me parece que eso no es verdad, que est\u00e1 faltando a la verdad, que se han hecho muchas obras y seguramente hay otras que no se han continuado porque han surgido inconvenientes. Pero yo quiero dejar en claro que este gobierno local me estoy refiriendo, se dedica, se ocupa y hace, a mi me parece una falta de respeto hablar de que anuncian obras y no las realizan porque es una gobierno que hace, tanto el nacional, provincial y local porque debemos tener un poco de memoria, \u00bfno?, cuando otros gobiernos donde nos dirigieron otros gobernantes de otras ideas pol\u00edticas y dije que lo iba a seguir diciendo siempre, no cumplieron, nos abandonaron,\u00a0 nos dejaron, sucedieron muchas cosas, que en este gobierno se hacen, y se trabaja, muchas cosas sucedieron en otros gobiernos, nosotros nos hacemos cargo ya casi de todos, de Menem, de Duhalde, de la dictadura, de Alfons\u00edn, de de la R\u00faa, pero tambi\u00e9n que los dem\u00e1s se hagan cargo cuando hablan de este gobierno y m\u00e1s del gobierno local, porque debemos tener memoria. Nada m\u00e1s Sr. Presidente\u201d.<br \/>\nConcejal Manuel Mar\u00eda Picado:<br \/>\n\u201cLa verdad es que un gobierno que se ocupa, un gobierno municipal que se ocupa de su distrito es lo m\u00e1s l\u00f3gico, para eso est\u00e1. Y la verdad es que comos se dice en la jerga uno se cansa de que lo corran con la vaina, y yo hago referencia a eso. Las obras se hacen, algunas, pero hay muchas obras para nombrar del SPAR,\u00a0 de soluciones ya, no se de cuantos planes y organismos que han creado dentro de la provincia y de la naci\u00f3n que vienen, hacen los grandes anuncios, protocolo, viajes, ministros, gastan fortunas, se manda la informaci\u00f3n a todos los medios, pasan dos a\u00f1os o m\u00e1s y las obras ni siquiera se empiezan a hacer. Se trata de eso, se trata de eso, e insisto, no me parece que sea responsable ni que sea lo que se merece la comunidad. Con respecto a las obras conclu\u00eddas, siempre lo he dicho y lo decimos cuando tenemos oportunidad, nosotros las celebramos y las disfrutamos tambi\u00e9n, para eso est\u00e1 el estado, para eso hacen su aporte los contribuyentes, no es ninguna hidalgu\u00eda, es lo que corresponde a los funcionarios p\u00fablicos, lo que no corresponde es anunciar las cosas dos a\u00f1os antes, hacer movimientos despampanantes de ac\u00e1 para all\u00e1, prensa, fotos, carteles, y el tiempo pasa, y las soluciones no llegan a tiempo. El tema este del agua fue hace un a\u00f1o, estamos de nuevo en verano y ni siquiera se inici\u00f3 la obra, los hechos hablan por s\u00ed solos. Nada m\u00e1s Sr. Presidente\u201d.<br \/>\nConcejal Patricia V\u00e1zquez:<br \/>\n\u201cPor eso digo, por eso mismo digo que hay obras que por ah\u00ed se complican, como lo digo siempre, \u00bfno?, porque he dicho una y mil veces que hasta cuando uno construye pueden sucederles miles de inconvenientes, pero si nosotros nos quedamos callados siempre pasa lo mismo con el Concejal Picado, siempre reconoce despu\u00e9s las obras que se hacen, y a mi tambi\u00e9n me molesta, porque realmente es molesto, por su puesto que el estado tiene que estar presente, y orgullosa yo estoy de este estado nacional, provincial y local, orgullosa. Pero a mi tambi\u00e9n me molesta que se digan cosas que no son ciertas. Y con respecto al tema que hizo usted menci\u00f3n, nosotros desde este Bloque del oficialismo no vamos a tocar un tema que se est\u00e1 tratando y que se est\u00e1 investigando, porque tampoco tuvimos la posibilidad de hablar con las personas como lo hablamos en la reuni\u00f3n, que yo se lo coment\u00e9 a usted Sr. Presidente, que yo no descreo de ninguna persona por su puesto, pero que deber\u00edamos haber hablado con las personas correspondientes, por eso es un tema que se est\u00e1 tratando y se est\u00e1 investigando. Nada m\u00e1s Sr. Presidente y muchas gracias\u201d.<br \/>\nPresidente del H.C.D. Concejal Sergio Bordoni:<br \/>\n\u201cCon respecto a eso quiero hacerle llegar que tengo en mi poder la contestaci\u00f3n de la Comisar\u00eda local donde la denuncia fue hecha por el Consejo\u00a0 Local de Derecho y Protecci\u00f3n del Ni\u00f1o, la Ni\u00f1ez y Adolescencia de Tornquist. La denuncia fue hecha. No es que estoy hablando por un hecho que me comentaron, los papeles est\u00e1n en mi poder, si lo quieren ver, es la contestaci\u00f3n del Comisario \u00a0Retamazo\u201d.<br \/>\nConcejal Patricia V\u00e1zquez:<br \/>\n\u201cPor eso mismo, nosotros dijimos que debemos preservar, es un tema muy delicado, y en el momento que lo hablamos, yo me baso en las palabras que usted dijo, en el momento que lo hablamos en la reuni\u00f3n, no nos podemos llevar por quien nos dijo, por eso mismo le ped\u00ed directamente hablar con las personas responsables\u201d.<br \/>\nPresidente del H.C.D. Concejal Sergio Bordoni:<br \/>\n\u201cLe vuelvo a repetir, yo no me llevo solamente por comentarios\u201d.<br \/>\nConcejal Patricia V\u00e1zquez:<br \/>\n\u201cNo, no, no, pero en ese momento no lo dijo, disculpeme Sr. Presidente, en ese momento no lo dijo usted, por eso mismo yo hice menci\u00f3n a las palabras que se dijeron en la reuni\u00f3n, nada m\u00e1s Sr. Presidente\u201d.<br \/>\nPRENSA HCD<\/p>\n","protected":false},"excerpt":{"rendered":"<p>httpv:\/\/www.youtube.com\/watch?v=sexvhUappvo httpv:\/\/www.youtube.com\/watch?v=FfDEQiheIDk httpv:\/\/www.youtube.com\/watch?v=0ggabStRuDo httpv:\/\/www.youtube.com\/watch?v=Rwnuwt50e2s httpv:\/\/www.youtube.com\/watch?v=swIPTnCqY5o httpv:\/\/www.youtube.com\/watch?v=kjIpYAi8G3s httpv:\/\/www.youtube.com\/watch?v=a8-5Dq-_sCo httpv:\/\/www.youtube.com\/watch?v=EY2H5HmK6YQ INFORME SESI\u00d3N ORDINARIA DE FECHA 19 DE NOVIEMBRE \u00a0Pocos minutos despu\u00e9s de la media noche dio comienzo la Sesi\u00f3n Ordinaria de acuerdo al Orden del D\u00eda establecido, en la que se trataron los siguientes temas: \u00a0Comunicaciones Oficiales y Dict\u00e1menes de las Comisiones: \u00a0Expte. N\u00ba 2410-8-859\/2012: \u201cMinisterio de [&hellip;]<\/p>\n","protected":false},"author":1,"featured_media":0,"comment_status":"closed","ping_status":"open","sticky":false,"template":"","format":"standard","meta":{"footnotes":""},"categories":[51,52,53],"tags":[],"class_list":["post-9136","post","type-post","status-publish","format-standard","hentry","category-comunidad","category-destacadas","category-politica"],"yoast_head":"<!-- This site is optimized with the Yoast SEO plugin v19.7.1 - https:\/\/yoast.com\/wordpress\/plugins\/seo\/ -->\n<title>HCD.: TODOS LOS TEMAS DE LA ULTIMA SESION Y LA ORDENANZA DE LOS AGROQUIMICOS (texto y videos incorporados) - CELTTV<\/title>\n<meta name=\"description\" content=\"Sitio web de noticias de la localidad de Tornquist, provincia de Buenos Aires, Rep\u00fablica Argentina. Contenido propio originado por periodistas de CELTTV, el canal de TV local de la Cooperativa El\u00e9ctrica de Tornquist. Turismo, Pol\u00edtica, Sociedad, Deporte, Cultura y todo el contenido de inter\u00e9s general que la gente del pueblo y la regi\u00f3n debe conocer.\" \/>\n<meta name=\"robots\" content=\"index, follow, max-snippet:-1, max-image-preview:large, max-video-preview:-1\" \/>\n<link rel=\"canonical\" href=\"https:\/\/www.celttv.com.ar\/index.php\/2012\/11\/24\/hcd-todos-los-temas-de-la-ultima-sesion-y-la-ordenanza-de-los-agroquimicos-texto-y-videos-incorporados\/\" \/>\n<meta property=\"og:locale\" content=\"es_ES\" \/>\n<meta property=\"og:type\" content=\"article\" \/>\n<meta property=\"og:title\" content=\"HCD.: TODOS LOS TEMAS DE LA ULTIMA SESION Y LA ORDENANZA DE LOS AGROQUIMICOS (texto y videos incorporados) - CELTTV\" \/>\n<meta property=\"og:description\" content=\"Sitio web de noticias de la localidad de Tornquist, provincia de Buenos Aires, Rep\u00fablica Argentina. Contenido propio originado por periodistas de CELTTV, el canal de TV local de la Cooperativa El\u00e9ctrica de Tornquist. Turismo, Pol\u00edtica, Sociedad, Deporte, Cultura y todo el contenido de inter\u00e9s general que la gente del pueblo y la regi\u00f3n debe conocer.\" \/>\n<meta property=\"og:url\" content=\"https:\/\/www.celttv.com.ar\/index.php\/2012\/11\/24\/hcd-todos-los-temas-de-la-ultima-sesion-y-la-ordenanza-de-los-agroquimicos-texto-y-videos-incorporados\/\" \/>\n<meta property=\"og:site_name\" content=\"CELTTV\" \/>\n<meta property=\"article:publisher\" content=\"https:\/\/www.facebook.com\/celtTV\/\" \/>\n<meta property=\"article:published_time\" content=\"2012-11-24T15:00:09+00:00\" \/>\n<meta name=\"author\" content=\"ulises\" \/>\n<meta name=\"twitter:card\" content=\"summary_large_image\" \/>\n<meta name=\"twitter:label1\" content=\"Escrito por\" \/>\n\t<meta name=\"twitter:data1\" content=\"ulises\" \/>\n\t<meta name=\"twitter:label2\" content=\"Tiempo de lectura\" \/>\n\t<meta name=\"twitter:data2\" content=\"37 minutos\" \/>\n<script type=\"application\/ld+json\" class=\"yoast-schema-graph\">{\"@context\":\"https:\/\/schema.org\",\"@graph\":[{\"@type\":\"NewsArticle\",\"@id\":\"https:\/\/www.celttv.com.ar\/index.php\/2012\/11\/24\/hcd-todos-los-temas-de-la-ultima-sesion-y-la-ordenanza-de-los-agroquimicos-texto-y-videos-incorporados\/#article\",\"isPartOf\":{\"@id\":\"https:\/\/www.celttv.com.ar\/index.php\/2012\/11\/24\/hcd-todos-los-temas-de-la-ultima-sesion-y-la-ordenanza-de-los-agroquimicos-texto-y-videos-incorporados\/\"},\"author\":{\"name\":\"ulises\",\"@id\":\"https:\/\/www.celttv.com.ar\/#\/schema\/person\/6d99c072dba59953809c81446e9d0ace\"},\"headline\":\"HCD.: TODOS LOS TEMAS DE LA ULTIMA SESION Y LA ORDENANZA DE LOS AGROQUIMICOS (texto y videos incorporados)\",\"datePublished\":\"2012-11-24T15:00:09+00:00\",\"dateModified\":\"2012-11-24T15:00:09+00:00\",\"mainEntityOfPage\":{\"@id\":\"https:\/\/www.celttv.com.ar\/index.php\/2012\/11\/24\/hcd-todos-los-temas-de-la-ultima-sesion-y-la-ordenanza-de-los-agroquimicos-texto-y-videos-incorporados\/\"},\"wordCount\":7406,\"publisher\":{\"@id\":\"https:\/\/www.celttv.com.ar\/#organization\"},\"articleSection\":[\"Comunidad\",\"Destacadas\",\"Pol\u00edtica\"],\"inLanguage\":\"es\"},{\"@type\":\"WebPage\",\"@id\":\"https:\/\/www.celttv.com.ar\/index.php\/2012\/11\/24\/hcd-todos-los-temas-de-la-ultima-sesion-y-la-ordenanza-de-los-agroquimicos-texto-y-videos-incorporados\/\",\"url\":\"https:\/\/www.celttv.com.ar\/index.php\/2012\/11\/24\/hcd-todos-los-temas-de-la-ultima-sesion-y-la-ordenanza-de-los-agroquimicos-texto-y-videos-incorporados\/\",\"name\":\"HCD.: TODOS LOS TEMAS DE LA ULTIMA SESION Y LA ORDENANZA DE LOS AGROQUIMICOS (texto y videos incorporados) - CELTTV\",\"isPartOf\":{\"@id\":\"https:\/\/www.celttv.com.ar\/#website\"},\"datePublished\":\"2012-11-24T15:00:09+00:00\",\"dateModified\":\"2012-11-24T15:00:09+00:00\",\"description\":\"Sitio web de noticias de la localidad de Tornquist, provincia de Buenos Aires, Rep\u00fablica Argentina. Contenido propio originado por periodistas de CELTTV, el canal de TV local de la Cooperativa El\u00e9ctrica de Tornquist. Turismo, Pol\u00edtica, Sociedad, Deporte, Cultura y todo el contenido de inter\u00e9s general que la gente del pueblo y la regi\u00f3n debe conocer.\",\"breadcrumb\":{\"@id\":\"https:\/\/www.celttv.com.ar\/index.php\/2012\/11\/24\/hcd-todos-los-temas-de-la-ultima-sesion-y-la-ordenanza-de-los-agroquimicos-texto-y-videos-incorporados\/#breadcrumb\"},\"inLanguage\":\"es\",\"potentialAction\":[{\"@type\":\"ReadAction\",\"target\":[\"https:\/\/www.celttv.com.ar\/index.php\/2012\/11\/24\/hcd-todos-los-temas-de-la-ultima-sesion-y-la-ordenanza-de-los-agroquimicos-texto-y-videos-incorporados\/\"]}]},{\"@type\":\"BreadcrumbList\",\"@id\":\"https:\/\/www.celttv.com.ar\/index.php\/2012\/11\/24\/hcd-todos-los-temas-de-la-ultima-sesion-y-la-ordenanza-de-los-agroquimicos-texto-y-videos-incorporados\/#breadcrumb\",\"itemListElement\":[{\"@type\":\"ListItem\",\"position\":1,\"name\":\"Inicio\",\"item\":\"https:\/\/www.celttv.com.ar\/\"},{\"@type\":\"ListItem\",\"position\":2,\"name\":\"HCD.: TODOS LOS TEMAS DE LA ULTIMA SESION Y LA ORDENANZA DE LOS AGROQUIMICOS (texto y videos incorporados)\"}]},{\"@type\":\"WebSite\",\"@id\":\"https:\/\/www.celttv.com.ar\/#website\",\"url\":\"https:\/\/www.celttv.com.ar\/\",\"name\":\"CELTTV\",\"description\":\"Cooperativa El\u00e9ctrica de Tornquist\",\"publisher\":{\"@id\":\"https:\/\/www.celttv.com.ar\/#organization\"},\"potentialAction\":[{\"@type\":\"SearchAction\",\"target\":{\"@type\":\"EntryPoint\",\"urlTemplate\":\"https:\/\/www.celttv.com.ar\/?s={search_term_string}\"},\"query-input\":\"required name=search_term_string\"}],\"inLanguage\":\"es\"},{\"@type\":\"Organization\",\"@id\":\"https:\/\/www.celttv.com.ar\/#organization\",\"name\":\"CELTTV\",\"url\":\"https:\/\/www.celttv.com.ar\/\",\"sameAs\":[\"https:\/\/www.youtube.com\/channel\/UCz_oIt8Hig64Ub-EmcNPIhg\",\"https:\/\/www.facebook.com\/celtTV\/\"],\"logo\":{\"@type\":\"ImageObject\",\"inLanguage\":\"es\",\"@id\":\"https:\/\/www.celttv.com.ar\/#\/schema\/logo\/image\/\",\"url\":\"http:\/\/www.celttv.com.ar\/wp-content\/uploads\/2022\/08\/logo-1.png\",\"contentUrl\":\"http:\/\/www.celttv.com.ar\/wp-content\/uploads\/2022\/08\/logo-1.png\",\"width\":461,\"height\":159,\"caption\":\"CELTTV\"},\"image\":{\"@id\":\"https:\/\/www.celttv.com.ar\/#\/schema\/logo\/image\/\"}},{\"@type\":\"Person\",\"@id\":\"https:\/\/www.celttv.com.ar\/#\/schema\/person\/6d99c072dba59953809c81446e9d0ace\",\"name\":\"ulises\",\"image\":{\"@type\":\"ImageObject\",\"inLanguage\":\"es\",\"@id\":\"https:\/\/www.celttv.com.ar\/#\/schema\/person\/image\/\",\"url\":\"https:\/\/secure.gravatar.com\/avatar\/7f2c48bdc33b30088f941fb6082e555f2874c98e20cb159d7b92b50eadfce793?s=96&d=mm&r=g\",\"contentUrl\":\"https:\/\/secure.gravatar.com\/avatar\/7f2c48bdc33b30088f941fb6082e555f2874c98e20cb159d7b92b50eadfce793?s=96&d=mm&r=g\",\"caption\":\"ulises\"},\"sameAs\":[\"http:\/\/www.celttv.com.ar\"]}]}<\/script>\n<!-- \/ Yoast SEO plugin. -->","yoast_head_json":{"title":"HCD.: TODOS LOS TEMAS DE LA ULTIMA SESION Y LA ORDENANZA DE LOS AGROQUIMICOS (texto y videos incorporados) - CELTTV","description":"Sitio web de noticias de la localidad de Tornquist, provincia de Buenos Aires, Rep\u00fablica Argentina. Contenido propio originado por periodistas de CELTTV, el canal de TV local de la Cooperativa El\u00e9ctrica de Tornquist. Turismo, Pol\u00edtica, Sociedad, Deporte, Cultura y todo el contenido de inter\u00e9s general que la gente del pueblo y la regi\u00f3n debe conocer.","robots":{"index":"index","follow":"follow","max-snippet":"max-snippet:-1","max-image-preview":"max-image-preview:large","max-video-preview":"max-video-preview:-1"},"canonical":"https:\/\/www.celttv.com.ar\/index.php\/2012\/11\/24\/hcd-todos-los-temas-de-la-ultima-sesion-y-la-ordenanza-de-los-agroquimicos-texto-y-videos-incorporados\/","og_locale":"es_ES","og_type":"article","og_title":"HCD.: TODOS LOS TEMAS DE LA ULTIMA SESION Y LA ORDENANZA DE LOS AGROQUIMICOS (texto y videos incorporados) - CELTTV","og_description":"Sitio web de noticias de la localidad de Tornquist, provincia de Buenos Aires, Rep\u00fablica Argentina. Contenido propio originado por periodistas de CELTTV, el canal de TV local de la Cooperativa El\u00e9ctrica de Tornquist. Turismo, Pol\u00edtica, Sociedad, Deporte, Cultura y todo el contenido de inter\u00e9s general que la gente del pueblo y la regi\u00f3n debe conocer.","og_url":"https:\/\/www.celttv.com.ar\/index.php\/2012\/11\/24\/hcd-todos-los-temas-de-la-ultima-sesion-y-la-ordenanza-de-los-agroquimicos-texto-y-videos-incorporados\/","og_site_name":"CELTTV","article_publisher":"https:\/\/www.facebook.com\/celtTV\/","article_published_time":"2012-11-24T15:00:09+00:00","author":"ulises","twitter_card":"summary_large_image","twitter_misc":{"Escrito por":"ulises","Tiempo de lectura":"37 minutos"},"schema":{"@context":"https:\/\/schema.org","@graph":[{"@type":"NewsArticle","@id":"https:\/\/www.celttv.com.ar\/index.php\/2012\/11\/24\/hcd-todos-los-temas-de-la-ultima-sesion-y-la-ordenanza-de-los-agroquimicos-texto-y-videos-incorporados\/#article","isPartOf":{"@id":"https:\/\/www.celttv.com.ar\/index.php\/2012\/11\/24\/hcd-todos-los-temas-de-la-ultima-sesion-y-la-ordenanza-de-los-agroquimicos-texto-y-videos-incorporados\/"},"author":{"name":"ulises","@id":"https:\/\/www.celttv.com.ar\/#\/schema\/person\/6d99c072dba59953809c81446e9d0ace"},"headline":"HCD.: TODOS LOS TEMAS DE LA ULTIMA SESION Y LA ORDENANZA DE LOS AGROQUIMICOS (texto y videos incorporados)","datePublished":"2012-11-24T15:00:09+00:00","dateModified":"2012-11-24T15:00:09+00:00","mainEntityOfPage":{"@id":"https:\/\/www.celttv.com.ar\/index.php\/2012\/11\/24\/hcd-todos-los-temas-de-la-ultima-sesion-y-la-ordenanza-de-los-agroquimicos-texto-y-videos-incorporados\/"},"wordCount":7406,"publisher":{"@id":"https:\/\/www.celttv.com.ar\/#organization"},"articleSection":["Comunidad","Destacadas","Pol\u00edtica"],"inLanguage":"es"},{"@type":"WebPage","@id":"https:\/\/www.celttv.com.ar\/index.php\/2012\/11\/24\/hcd-todos-los-temas-de-la-ultima-sesion-y-la-ordenanza-de-los-agroquimicos-texto-y-videos-incorporados\/","url":"https:\/\/www.celttv.com.ar\/index.php\/2012\/11\/24\/hcd-todos-los-temas-de-la-ultima-sesion-y-la-ordenanza-de-los-agroquimicos-texto-y-videos-incorporados\/","name":"HCD.: TODOS LOS TEMAS DE LA ULTIMA SESION Y LA ORDENANZA DE LOS AGROQUIMICOS (texto y videos incorporados) - CELTTV","isPartOf":{"@id":"https:\/\/www.celttv.com.ar\/#website"},"datePublished":"2012-11-24T15:00:09+00:00","dateModified":"2012-11-24T15:00:09+00:00","description":"Sitio web de noticias de la localidad de Tornquist, provincia de Buenos Aires, Rep\u00fablica Argentina. Contenido propio originado por periodistas de CELTTV, el canal de TV local de la Cooperativa El\u00e9ctrica de Tornquist. Turismo, Pol\u00edtica, Sociedad, Deporte, Cultura y todo el contenido de inter\u00e9s general que la gente del pueblo y la regi\u00f3n debe conocer.","breadcrumb":{"@id":"https:\/\/www.celttv.com.ar\/index.php\/2012\/11\/24\/hcd-todos-los-temas-de-la-ultima-sesion-y-la-ordenanza-de-los-agroquimicos-texto-y-videos-incorporados\/#breadcrumb"},"inLanguage":"es","potentialAction":[{"@type":"ReadAction","target":["https:\/\/www.celttv.com.ar\/index.php\/2012\/11\/24\/hcd-todos-los-temas-de-la-ultima-sesion-y-la-ordenanza-de-los-agroquimicos-texto-y-videos-incorporados\/"]}]},{"@type":"BreadcrumbList","@id":"https:\/\/www.celttv.com.ar\/index.php\/2012\/11\/24\/hcd-todos-los-temas-de-la-ultima-sesion-y-la-ordenanza-de-los-agroquimicos-texto-y-videos-incorporados\/#breadcrumb","itemListElement":[{"@type":"ListItem","position":1,"name":"Inicio","item":"https:\/\/www.celttv.com.ar\/"},{"@type":"ListItem","position":2,"name":"HCD.: TODOS LOS TEMAS DE LA ULTIMA SESION Y LA ORDENANZA DE LOS AGROQUIMICOS (texto y videos incorporados)"}]},{"@type":"WebSite","@id":"https:\/\/www.celttv.com.ar\/#website","url":"https:\/\/www.celttv.com.ar\/","name":"CELTTV","description":"Cooperativa El\u00e9ctrica de Tornquist","publisher":{"@id":"https:\/\/www.celttv.com.ar\/#organization"},"potentialAction":[{"@type":"SearchAction","target":{"@type":"EntryPoint","urlTemplate":"https:\/\/www.celttv.com.ar\/?s={search_term_string}"},"query-input":"required name=search_term_string"}],"inLanguage":"es"},{"@type":"Organization","@id":"https:\/\/www.celttv.com.ar\/#organization","name":"CELTTV","url":"https:\/\/www.celttv.com.ar\/","sameAs":["https:\/\/www.youtube.com\/channel\/UCz_oIt8Hig64Ub-EmcNPIhg","https:\/\/www.facebook.com\/celtTV\/"],"logo":{"@type":"ImageObject","inLanguage":"es","@id":"https:\/\/www.celttv.com.ar\/#\/schema\/logo\/image\/","url":"http:\/\/www.celttv.com.ar\/wp-content\/uploads\/2022\/08\/logo-1.png","contentUrl":"http:\/\/www.celttv.com.ar\/wp-content\/uploads\/2022\/08\/logo-1.png","width":461,"height":159,"caption":"CELTTV"},"image":{"@id":"https:\/\/www.celttv.com.ar\/#\/schema\/logo\/image\/"}},{"@type":"Person","@id":"https:\/\/www.celttv.com.ar\/#\/schema\/person\/6d99c072dba59953809c81446e9d0ace","name":"ulises","image":{"@type":"ImageObject","inLanguage":"es","@id":"https:\/\/www.celttv.com.ar\/#\/schema\/person\/image\/","url":"https:\/\/secure.gravatar.com\/avatar\/7f2c48bdc33b30088f941fb6082e555f2874c98e20cb159d7b92b50eadfce793?s=96&d=mm&r=g","contentUrl":"https:\/\/secure.gravatar.com\/avatar\/7f2c48bdc33b30088f941fb6082e555f2874c98e20cb159d7b92b50eadfce793?s=96&d=mm&r=g","caption":"ulises"},"sameAs":["http:\/\/www.celttv.com.ar"]}]}},"_links":{"self":[{"href":"https:\/\/www.celttv.com.ar\/index.php\/wp-json\/wp\/v2\/posts\/9136","targetHints":{"allow":["GET"]}}],"collection":[{"href":"https:\/\/www.celttv.com.ar\/index.php\/wp-json\/wp\/v2\/posts"}],"about":[{"href":"https:\/\/www.celttv.com.ar\/index.php\/wp-json\/wp\/v2\/types\/post"}],"author":[{"embeddable":true,"href":"https:\/\/www.celttv.com.ar\/index.php\/wp-json\/wp\/v2\/users\/1"}],"replies":[{"embeddable":true,"href":"https:\/\/www.celttv.com.ar\/index.php\/wp-json\/wp\/v2\/comments?post=9136"}],"version-history":[{"count":0,"href":"https:\/\/www.celttv.com.ar\/index.php\/wp-json\/wp\/v2\/posts\/9136\/revisions"}],"wp:attachment":[{"href":"https:\/\/www.celttv.com.ar\/index.php\/wp-json\/wp\/v2\/media?parent=9136"}],"wp:term":[{"taxonomy":"category","embeddable":true,"href":"https:\/\/www.celttv.com.ar\/index.php\/wp-json\/wp\/v2\/categories?post=9136"},{"taxonomy":"post_tag","embeddable":true,"href":"https:\/\/www.celttv.com.ar\/index.php\/wp-json\/wp\/v2\/tags?post=9136"}],"curies":[{"name":"wp","href":"https:\/\/api.w.org\/{rel}","templated":true}]}}