{"id":9152,"date":"2012-11-26T15:31:46","date_gmt":"2012-11-26T15:31:46","guid":{"rendered":"http:\/\/www.tvcnoticias.com.ar\/?p=9152"},"modified":"2012-11-26T15:31:46","modified_gmt":"2012-11-26T15:31:46","slug":"el-paso-de-las-mil-millas-le-cambio-la-fisonomia-a-la-comarca","status":"publish","type":"post","link":"https:\/\/www.celttv.com.ar\/index.php\/2012\/11\/26\/el-paso-de-las-mil-millas-le-cambio-la-fisonomia-a-la-comarca\/","title":{"rendered":"EL PASO DE LAS MIL MILLAS LE CAMBIO LA FISONOMIA A LA COMARCA (Ampliaremos con imagenes de Magaxine Sport)"},"content":{"rendered":"<p><br \/>\nResult\u00f3 una ma\u00f1ana diferente. Los habitantes del distrito realizaron un viaje al pasado. Se emparentaron con la historia y disfrutaron de un magn\u00edfico espect\u00e1culo. El paso de las Caravana Evocativa, al cumplirse el 75\u00ba aniversario de las Cl\u00e1sicas 1000 Millas Argentinas, no s\u00f3lo cautiv\u00f3 a los nost\u00e1lgicos, sino tambi\u00e9n a los j\u00f3venes y ni\u00f1os de las diferentes localidades.<br \/>\n\u00a0\u00a0 La caravana de autom\u00f3viles estuvo integrada por grandes joyas del automovilismo nacional, como el caso de las famosas coupecitas y otros veh\u00edculos que escribieron p\u00e1ginas de gloria de ese deporte, bajo la organizaci\u00f3n del Avellaneda Autom\u00f3vil Club, el\u00a0 Autom\u00f3vil Club Argentino como entidad fiscalizadora y el apoyo institucional de la Agrupaci\u00f3n Eusebio Marcilla de Jun\u00edn.<br \/>\n\u00a0\u00a0 Result\u00f3 una verdadera fiesta, que despu\u00e9s de atravesar los bellos paisajes que envuelven a la Comarca Tur\u00edstica Sierras de la Ventana, desemboc\u00f3 en la ciudad cabecera del distrito, donde se efectu\u00f3 una escala. La fila de autos se dirigi\u00f3 a la intersecci\u00f3n de las avenidas Ernesto Tornquist y Alem, para detenerse delante de la Plaza \u201cErnesto Tornquist\u201d.<br \/>\n\u00a0\u00a0 Ante la presencia del intendente municipal, licenciado Gustavo Trankels, los pilotos accedieron a mostrar sus m\u00e1quinas, sacarse fotos con el p\u00fablico y dialogar con todos aquellos que se acercaron a efectuar alguna consulta.<br \/>\n\u00a0\u00a0 Cuando la comitiva estuvo completa, y los autos dibujaban una linda postal frente a la Iglesia \u201cSanta Rosa de Lima\u201d, se realiz\u00f3 un peque\u00f1o acto de intercambio de presentes. El jefe comunal le entreg\u00f3 a los directivos un espectacular cuadro realizado por el artista local Patricio Pedro Barrett, que gener\u00f3 admiraci\u00f3n de los organizadores y corredores.<br \/>\n\u00a0\u00a0 Trankels tambi\u00e9n les regal\u00f3 una copia del decreto que declar\u00f3 de Inter\u00e9s Municipal el paso de la prueba y una hoja de ruta de una de las primeras competencias, mientras que recibi\u00f3 un certificado de las entidades que organizaron.<br \/>\n\u00a0\u00a0 \u201cEstamos muy contentos y agradecidos por el paso de esta caravana hist\u00f3rica. Reci\u00e9n estuvimos charlando con gente que vio pasar a estos veh\u00edculos cuando eran las m\u00e1quinas m\u00e1s veloces que exist\u00edan en el pa\u00eds, y la ruta 76 todav\u00eda era un camino de tierra. Hoy tenemos nostalgia y alegr\u00eda de observarlos parados en el centro de nuestro pueblo, muchos de ellos originales y como estaban en aquel entonces\u201d, consider\u00f3 Trankels, quien estuvo acompa\u00f1ado por le secretario de Gobierno y Hacieda, Guillermo L\u00f6ffler; el secretario de Turismo, Cultura y Deportes, Rub\u00e9n Testa; y el director de Deportes, profesor Jorge Schmidt.<br \/>\n\u00a0\u00a0 \u201cMuchos de los integrantes de la carrera no conoc\u00edan el lugar y ya est\u00e1 planteada la posibilidad de volver, no s\u00f3lo como turista sino tambi\u00e9n con la chance de generar alguna de las actividades que ellos tienen como instituci\u00f3n. Eso es lo lindo de estos encuentros: nos estimula para generar nuevas actividades para disfrutar\u201d, asegur\u00f3, antes de compartir un \u00e1gape con los visitantes.<br \/>\n\u00a0\u00a0 La comitiva estuvo integrada por varios autos hist\u00f3ricos, adem\u00e1s de pilotos de Uruguay y Francia. \u00a0\u00a0La etapa que atraves\u00f3 los caminos de nuestro distrito fue la segunda de la competencia y uni\u00f3 Tres Arroyos con Daireaux.<\/p>\n","protected":false},"excerpt":{"rendered":"<p>Result\u00f3 una ma\u00f1ana diferente. Los habitantes del distrito realizaron un viaje al pasado. Se emparentaron con la historia y disfrutaron de un magn\u00edfico espect\u00e1culo. El paso de las Caravana Evocativa, al cumplirse el 75\u00ba aniversario de las Cl\u00e1sicas 1000 Millas Argentinas, no s\u00f3lo cautiv\u00f3 a los nost\u00e1lgicos, sino tambi\u00e9n a los j\u00f3venes y ni\u00f1os de [&hellip;]<\/p>\n","protected":false},"author":1,"featured_media":0,"comment_status":"closed","ping_status":"open","sticky":false,"template":"","format":"standard","meta":{"footnotes":""},"categories":[60,52,53],"tags":[],"class_list":["post-9152","post","type-post","status-publish","format-standard","hentry","category-deporte","category-destacadas","category-politica"],"yoast_head":"<!-- This site is optimized with the Yoast SEO plugin v19.7.1 - https:\/\/yoast.com\/wordpress\/plugins\/seo\/ -->\n<title>EL PASO DE LAS MIL MILLAS LE CAMBIO LA FISONOMIA A LA COMARCA (Ampliaremos con imagenes de Magaxine Sport) - CELTTV<\/title>\n<meta name=\"description\" content=\"Sitio web de noticias de la localidad de Tornquist, provincia de Buenos Aires, Rep\u00fablica Argentina. Contenido propio originado por periodistas de CELTTV, el canal de TV local de la Cooperativa El\u00e9ctrica de Tornquist. Turismo, Pol\u00edtica, Sociedad, Deporte, Cultura y todo el contenido de inter\u00e9s general que la gente del pueblo y la regi\u00f3n debe conocer.\" \/>\n<meta name=\"robots\" content=\"index, follow, max-snippet:-1, max-image-preview:large, max-video-preview:-1\" \/>\n<link rel=\"canonical\" href=\"https:\/\/www.celttv.com.ar\/index.php\/2012\/11\/26\/el-paso-de-las-mil-millas-le-cambio-la-fisonomia-a-la-comarca\/\" \/>\n<meta property=\"og:locale\" content=\"es_ES\" \/>\n<meta property=\"og:type\" content=\"article\" \/>\n<meta property=\"og:title\" content=\"EL PASO DE LAS MIL MILLAS LE CAMBIO LA FISONOMIA A LA COMARCA (Ampliaremos con imagenes de Magaxine Sport) - CELTTV\" \/>\n<meta property=\"og:description\" content=\"Sitio web de noticias de la localidad de Tornquist, provincia de Buenos Aires, Rep\u00fablica Argentina. Contenido propio originado por periodistas de CELTTV, el canal de TV local de la Cooperativa El\u00e9ctrica de Tornquist. Turismo, Pol\u00edtica, Sociedad, Deporte, Cultura y todo el contenido de inter\u00e9s general que la gente del pueblo y la regi\u00f3n debe conocer.\" \/>\n<meta property=\"og:url\" content=\"https:\/\/www.celttv.com.ar\/index.php\/2012\/11\/26\/el-paso-de-las-mil-millas-le-cambio-la-fisonomia-a-la-comarca\/\" \/>\n<meta property=\"og:site_name\" content=\"CELTTV\" \/>\n<meta property=\"article:publisher\" content=\"https:\/\/www.facebook.com\/celtTV\/\" \/>\n<meta property=\"article:published_time\" content=\"2012-11-26T15:31:46+00:00\" \/>\n<meta name=\"author\" content=\"ulises\" \/>\n<meta name=\"twitter:card\" content=\"summary_large_image\" \/>\n<meta name=\"twitter:label1\" content=\"Escrito por\" \/>\n\t<meta name=\"twitter:data1\" content=\"ulises\" \/>\n\t<meta name=\"twitter:label2\" content=\"Tiempo de lectura\" \/>\n\t<meta name=\"twitter:data2\" content=\"3 minutos\" \/>\n<script type=\"application\/ld+json\" class=\"yoast-schema-graph\">{\"@context\":\"https:\/\/schema.org\",\"@graph\":[{\"@type\":\"NewsArticle\",\"@id\":\"https:\/\/www.celttv.com.ar\/index.php\/2012\/11\/26\/el-paso-de-las-mil-millas-le-cambio-la-fisonomia-a-la-comarca\/#article\",\"isPartOf\":{\"@id\":\"https:\/\/www.celttv.com.ar\/index.php\/2012\/11\/26\/el-paso-de-las-mil-millas-le-cambio-la-fisonomia-a-la-comarca\/\"},\"author\":{\"name\":\"ulises\",\"@id\":\"https:\/\/www.celttv.com.ar\/#\/schema\/person\/6d99c072dba59953809c81446e9d0ace\"},\"headline\":\"EL PASO DE LAS MIL MILLAS LE CAMBIO LA FISONOMIA A LA COMARCA (Ampliaremos con imagenes de Magaxine Sport)\",\"datePublished\":\"2012-11-26T15:31:46+00:00\",\"dateModified\":\"2012-11-26T15:31:46+00:00\",\"mainEntityOfPage\":{\"@id\":\"https:\/\/www.celttv.com.ar\/index.php\/2012\/11\/26\/el-paso-de-las-mil-millas-le-cambio-la-fisonomia-a-la-comarca\/\"},\"wordCount\":560,\"publisher\":{\"@id\":\"https:\/\/www.celttv.com.ar\/#organization\"},\"articleSection\":[\"Deporte\",\"Destacadas\",\"Pol\u00edtica\"],\"inLanguage\":\"es\"},{\"@type\":\"WebPage\",\"@id\":\"https:\/\/www.celttv.com.ar\/index.php\/2012\/11\/26\/el-paso-de-las-mil-millas-le-cambio-la-fisonomia-a-la-comarca\/\",\"url\":\"https:\/\/www.celttv.com.ar\/index.php\/2012\/11\/26\/el-paso-de-las-mil-millas-le-cambio-la-fisonomia-a-la-comarca\/\",\"name\":\"EL PASO DE LAS MIL MILLAS LE CAMBIO LA FISONOMIA A LA COMARCA (Ampliaremos con imagenes de Magaxine Sport) - CELTTV\",\"isPartOf\":{\"@id\":\"https:\/\/www.celttv.com.ar\/#website\"},\"datePublished\":\"2012-11-26T15:31:46+00:00\",\"dateModified\":\"2012-11-26T15:31:46+00:00\",\"description\":\"Sitio web de noticias de la localidad de Tornquist, provincia de Buenos Aires, Rep\u00fablica Argentina. Contenido propio originado por periodistas de CELTTV, el canal de TV local de la Cooperativa El\u00e9ctrica de Tornquist. Turismo, Pol\u00edtica, Sociedad, Deporte, Cultura y todo el contenido de inter\u00e9s general que la gente del pueblo y la regi\u00f3n debe conocer.\",\"breadcrumb\":{\"@id\":\"https:\/\/www.celttv.com.ar\/index.php\/2012\/11\/26\/el-paso-de-las-mil-millas-le-cambio-la-fisonomia-a-la-comarca\/#breadcrumb\"},\"inLanguage\":\"es\",\"potentialAction\":[{\"@type\":\"ReadAction\",\"target\":[\"https:\/\/www.celttv.com.ar\/index.php\/2012\/11\/26\/el-paso-de-las-mil-millas-le-cambio-la-fisonomia-a-la-comarca\/\"]}]},{\"@type\":\"BreadcrumbList\",\"@id\":\"https:\/\/www.celttv.com.ar\/index.php\/2012\/11\/26\/el-paso-de-las-mil-millas-le-cambio-la-fisonomia-a-la-comarca\/#breadcrumb\",\"itemListElement\":[{\"@type\":\"ListItem\",\"position\":1,\"name\":\"Inicio\",\"item\":\"https:\/\/www.celttv.com.ar\/\"},{\"@type\":\"ListItem\",\"position\":2,\"name\":\"EL PASO DE LAS MIL MILLAS LE CAMBIO LA FISONOMIA A LA COMARCA (Ampliaremos con imagenes de Magaxine Sport)\"}]},{\"@type\":\"WebSite\",\"@id\":\"https:\/\/www.celttv.com.ar\/#website\",\"url\":\"https:\/\/www.celttv.com.ar\/\",\"name\":\"CELTTV\",\"description\":\"Cooperativa El\u00e9ctrica de Tornquist\",\"publisher\":{\"@id\":\"https:\/\/www.celttv.com.ar\/#organization\"},\"potentialAction\":[{\"@type\":\"SearchAction\",\"target\":{\"@type\":\"EntryPoint\",\"urlTemplate\":\"https:\/\/www.celttv.com.ar\/?s={search_term_string}\"},\"query-input\":\"required name=search_term_string\"}],\"inLanguage\":\"es\"},{\"@type\":\"Organization\",\"@id\":\"https:\/\/www.celttv.com.ar\/#organization\",\"name\":\"CELTTV\",\"url\":\"https:\/\/www.celttv.com.ar\/\",\"sameAs\":[\"https:\/\/www.youtube.com\/channel\/UCz_oIt8Hig64Ub-EmcNPIhg\",\"https:\/\/www.facebook.com\/celtTV\/\"],\"logo\":{\"@type\":\"ImageObject\",\"inLanguage\":\"es\",\"@id\":\"https:\/\/www.celttv.com.ar\/#\/schema\/logo\/image\/\",\"url\":\"http:\/\/www.celttv.com.ar\/wp-content\/uploads\/2022\/08\/logo-1.png\",\"contentUrl\":\"http:\/\/www.celttv.com.ar\/wp-content\/uploads\/2022\/08\/logo-1.png\",\"width\":461,\"height\":159,\"caption\":\"CELTTV\"},\"image\":{\"@id\":\"https:\/\/www.celttv.com.ar\/#\/schema\/logo\/image\/\"}},{\"@type\":\"Person\",\"@id\":\"https:\/\/www.celttv.com.ar\/#\/schema\/person\/6d99c072dba59953809c81446e9d0ace\",\"name\":\"ulises\",\"image\":{\"@type\":\"ImageObject\",\"inLanguage\":\"es\",\"@id\":\"https:\/\/www.celttv.com.ar\/#\/schema\/person\/image\/\",\"url\":\"https:\/\/secure.gravatar.com\/avatar\/7f2c48bdc33b30088f941fb6082e555f2874c98e20cb159d7b92b50eadfce793?s=96&d=mm&r=g\",\"contentUrl\":\"https:\/\/secure.gravatar.com\/avatar\/7f2c48bdc33b30088f941fb6082e555f2874c98e20cb159d7b92b50eadfce793?s=96&d=mm&r=g\",\"caption\":\"ulises\"},\"sameAs\":[\"http:\/\/www.celttv.com.ar\"]}]}<\/script>\n<!-- \/ Yoast SEO plugin. -->","yoast_head_json":{"title":"EL PASO DE LAS MIL MILLAS LE CAMBIO LA FISONOMIA A LA COMARCA (Ampliaremos con imagenes de Magaxine Sport) - CELTTV","description":"Sitio web de noticias de la localidad de Tornquist, provincia de Buenos Aires, Rep\u00fablica Argentina. Contenido propio originado por periodistas de CELTTV, el canal de TV local de la Cooperativa El\u00e9ctrica de Tornquist. Turismo, Pol\u00edtica, Sociedad, Deporte, Cultura y todo el contenido de inter\u00e9s general que la gente del pueblo y la regi\u00f3n debe conocer.","robots":{"index":"index","follow":"follow","max-snippet":"max-snippet:-1","max-image-preview":"max-image-preview:large","max-video-preview":"max-video-preview:-1"},"canonical":"https:\/\/www.celttv.com.ar\/index.php\/2012\/11\/26\/el-paso-de-las-mil-millas-le-cambio-la-fisonomia-a-la-comarca\/","og_locale":"es_ES","og_type":"article","og_title":"EL PASO DE LAS MIL MILLAS LE CAMBIO LA FISONOMIA A LA COMARCA (Ampliaremos con imagenes de Magaxine Sport) - CELTTV","og_description":"Sitio web de noticias de la localidad de Tornquist, provincia de Buenos Aires, Rep\u00fablica Argentina. Contenido propio originado por periodistas de CELTTV, el canal de TV local de la Cooperativa El\u00e9ctrica de Tornquist. Turismo, Pol\u00edtica, Sociedad, Deporte, Cultura y todo el contenido de inter\u00e9s general que la gente del pueblo y la regi\u00f3n debe conocer.","og_url":"https:\/\/www.celttv.com.ar\/index.php\/2012\/11\/26\/el-paso-de-las-mil-millas-le-cambio-la-fisonomia-a-la-comarca\/","og_site_name":"CELTTV","article_publisher":"https:\/\/www.facebook.com\/celtTV\/","article_published_time":"2012-11-26T15:31:46+00:00","author":"ulises","twitter_card":"summary_large_image","twitter_misc":{"Escrito por":"ulises","Tiempo de lectura":"3 minutos"},"schema":{"@context":"https:\/\/schema.org","@graph":[{"@type":"NewsArticle","@id":"https:\/\/www.celttv.com.ar\/index.php\/2012\/11\/26\/el-paso-de-las-mil-millas-le-cambio-la-fisonomia-a-la-comarca\/#article","isPartOf":{"@id":"https:\/\/www.celttv.com.ar\/index.php\/2012\/11\/26\/el-paso-de-las-mil-millas-le-cambio-la-fisonomia-a-la-comarca\/"},"author":{"name":"ulises","@id":"https:\/\/www.celttv.com.ar\/#\/schema\/person\/6d99c072dba59953809c81446e9d0ace"},"headline":"EL PASO DE LAS MIL MILLAS LE CAMBIO LA FISONOMIA A LA COMARCA (Ampliaremos con imagenes de Magaxine Sport)","datePublished":"2012-11-26T15:31:46+00:00","dateModified":"2012-11-26T15:31:46+00:00","mainEntityOfPage":{"@id":"https:\/\/www.celttv.com.ar\/index.php\/2012\/11\/26\/el-paso-de-las-mil-millas-le-cambio-la-fisonomia-a-la-comarca\/"},"wordCount":560,"publisher":{"@id":"https:\/\/www.celttv.com.ar\/#organization"},"articleSection":["Deporte","Destacadas","Pol\u00edtica"],"inLanguage":"es"},{"@type":"WebPage","@id":"https:\/\/www.celttv.com.ar\/index.php\/2012\/11\/26\/el-paso-de-las-mil-millas-le-cambio-la-fisonomia-a-la-comarca\/","url":"https:\/\/www.celttv.com.ar\/index.php\/2012\/11\/26\/el-paso-de-las-mil-millas-le-cambio-la-fisonomia-a-la-comarca\/","name":"EL PASO DE LAS MIL MILLAS LE CAMBIO LA FISONOMIA A LA COMARCA (Ampliaremos con imagenes de Magaxine Sport) - CELTTV","isPartOf":{"@id":"https:\/\/www.celttv.com.ar\/#website"},"datePublished":"2012-11-26T15:31:46+00:00","dateModified":"2012-11-26T15:31:46+00:00","description":"Sitio web de noticias de la localidad de Tornquist, provincia de Buenos Aires, Rep\u00fablica Argentina. Contenido propio originado por periodistas de CELTTV, el canal de TV local de la Cooperativa El\u00e9ctrica de Tornquist. Turismo, Pol\u00edtica, Sociedad, Deporte, Cultura y todo el contenido de inter\u00e9s general que la gente del pueblo y la regi\u00f3n debe conocer.","breadcrumb":{"@id":"https:\/\/www.celttv.com.ar\/index.php\/2012\/11\/26\/el-paso-de-las-mil-millas-le-cambio-la-fisonomia-a-la-comarca\/#breadcrumb"},"inLanguage":"es","potentialAction":[{"@type":"ReadAction","target":["https:\/\/www.celttv.com.ar\/index.php\/2012\/11\/26\/el-paso-de-las-mil-millas-le-cambio-la-fisonomia-a-la-comarca\/"]}]},{"@type":"BreadcrumbList","@id":"https:\/\/www.celttv.com.ar\/index.php\/2012\/11\/26\/el-paso-de-las-mil-millas-le-cambio-la-fisonomia-a-la-comarca\/#breadcrumb","itemListElement":[{"@type":"ListItem","position":1,"name":"Inicio","item":"https:\/\/www.celttv.com.ar\/"},{"@type":"ListItem","position":2,"name":"EL PASO DE LAS MIL MILLAS LE CAMBIO LA FISONOMIA A LA COMARCA (Ampliaremos con imagenes de Magaxine Sport)"}]},{"@type":"WebSite","@id":"https:\/\/www.celttv.com.ar\/#website","url":"https:\/\/www.celttv.com.ar\/","name":"CELTTV","description":"Cooperativa El\u00e9ctrica de Tornquist","publisher":{"@id":"https:\/\/www.celttv.com.ar\/#organization"},"potentialAction":[{"@type":"SearchAction","target":{"@type":"EntryPoint","urlTemplate":"https:\/\/www.celttv.com.ar\/?s={search_term_string}"},"query-input":"required name=search_term_string"}],"inLanguage":"es"},{"@type":"Organization","@id":"https:\/\/www.celttv.com.ar\/#organization","name":"CELTTV","url":"https:\/\/www.celttv.com.ar\/","sameAs":["https:\/\/www.youtube.com\/channel\/UCz_oIt8Hig64Ub-EmcNPIhg","https:\/\/www.facebook.com\/celtTV\/"],"logo":{"@type":"ImageObject","inLanguage":"es","@id":"https:\/\/www.celttv.com.ar\/#\/schema\/logo\/image\/","url":"http:\/\/www.celttv.com.ar\/wp-content\/uploads\/2022\/08\/logo-1.png","contentUrl":"http:\/\/www.celttv.com.ar\/wp-content\/uploads\/2022\/08\/logo-1.png","width":461,"height":159,"caption":"CELTTV"},"image":{"@id":"https:\/\/www.celttv.com.ar\/#\/schema\/logo\/image\/"}},{"@type":"Person","@id":"https:\/\/www.celttv.com.ar\/#\/schema\/person\/6d99c072dba59953809c81446e9d0ace","name":"ulises","image":{"@type":"ImageObject","inLanguage":"es","@id":"https:\/\/www.celttv.com.ar\/#\/schema\/person\/image\/","url":"https:\/\/secure.gravatar.com\/avatar\/7f2c48bdc33b30088f941fb6082e555f2874c98e20cb159d7b92b50eadfce793?s=96&d=mm&r=g","contentUrl":"https:\/\/secure.gravatar.com\/avatar\/7f2c48bdc33b30088f941fb6082e555f2874c98e20cb159d7b92b50eadfce793?s=96&d=mm&r=g","caption":"ulises"},"sameAs":["http:\/\/www.celttv.com.ar"]}]}},"_links":{"self":[{"href":"https:\/\/www.celttv.com.ar\/index.php\/wp-json\/wp\/v2\/posts\/9152","targetHints":{"allow":["GET"]}}],"collection":[{"href":"https:\/\/www.celttv.com.ar\/index.php\/wp-json\/wp\/v2\/posts"}],"about":[{"href":"https:\/\/www.celttv.com.ar\/index.php\/wp-json\/wp\/v2\/types\/post"}],"author":[{"embeddable":true,"href":"https:\/\/www.celttv.com.ar\/index.php\/wp-json\/wp\/v2\/users\/1"}],"replies":[{"embeddable":true,"href":"https:\/\/www.celttv.com.ar\/index.php\/wp-json\/wp\/v2\/comments?post=9152"}],"version-history":[{"count":0,"href":"https:\/\/www.celttv.com.ar\/index.php\/wp-json\/wp\/v2\/posts\/9152\/revisions"}],"wp:attachment":[{"href":"https:\/\/www.celttv.com.ar\/index.php\/wp-json\/wp\/v2\/media?parent=9152"}],"wp:term":[{"taxonomy":"category","embeddable":true,"href":"https:\/\/www.celttv.com.ar\/index.php\/wp-json\/wp\/v2\/categories?post=9152"},{"taxonomy":"post_tag","embeddable":true,"href":"https:\/\/www.celttv.com.ar\/index.php\/wp-json\/wp\/v2\/tags?post=9152"}],"curies":[{"name":"wp","href":"https:\/\/api.w.org\/{rel}","templated":true}]}}