{"id":91542,"date":"2026-03-04T23:12:05","date_gmt":"2026-03-05T02:12:05","guid":{"rendered":"https:\/\/www.celttv.com.ar\/?p=91542"},"modified":"2026-03-04T23:12:05","modified_gmt":"2026-03-05T02:12:05","slug":"estefania-bordoni-confirmo-la-construccion-de-20-viviendas-sociales-en-sierra-de-la-ventana","status":"publish","type":"post","link":"https:\/\/www.celttv.com.ar\/index.php\/2026\/03\/04\/estefania-bordoni-confirmo-la-construccion-de-20-viviendas-sociales-en-sierra-de-la-ventana\/","title":{"rendered":"Estefan\u00eda Bordoni confirm\u00f3 la construcci\u00f3n de 20 viviendas sociales en Sierra de la Ventana"},"content":{"rendered":"<p><strong>Estefan\u00eda Bordoni confirm\u00f3 la construcci\u00f3n de 20 viviendas sociales en Sierra de la Ventana<\/strong><\/p>\n<p>La Intendente Municipal, Estefan\u00eda Bordoni, confirm\u00f3 la construcci\u00f3n de 20 viviendas sociales en la localidad de Sierra de la Ventana, tras gestiones ante la ministra de H\u00e1bitat y Desarrollo Urbano de la Provincia de Buenos Aires, Silvina Batakis.<\/p>\n<p>Este anuncio representa un avance significativo para la localidad, donde el acceso a la vivienda constituye una demanda hist\u00f3rica y una deuda pendiente con muchas familias, que desde hace a\u00f1os esperan la posibilidad de contar con su hogar propio.<\/p>\n<p>El proyecto, que se llevar\u00e1 adelante en el loteo frente al Parque Ventania, contempla una ejecuci\u00f3n en dos etapas: en una primera instancia se construir\u00e1n 10 viviendas y, posteriormente, las diez restantes, completando as\u00ed el total previsto.<\/p>\n<p>Asimismo, la jefa comunal gestion\u00f3 ante el ministro de Desarrollo de la Comunidad de la Provincia, Andr\u00e9s Larroque, la financiaci\u00f3n necesaria para la dotaci\u00f3n de servicios en las tres manzanas donde se edificar\u00e1n las casas. Las obras incluir\u00e1n la provisi\u00f3n de agua, energ\u00eda el\u00e9ctrica y alumbrado p\u00fablico, garantizando as\u00ed la infraestructura b\u00e1sica indispensable para el desarrollo del nuevo sector habitacional.<\/p>\n<p>De esta manera, el Municipio contin\u00faa avanzando en pol\u00edticas p\u00fablicas destinadas a fortalecer el acceso a la vivienda y mejorar la calidad de vida de las familias del distrito, dando respuesta a una necesidad largamente planteada por la comunidad.<\/p>\n<p><img loading=\"lazy\" decoding=\"async\" class=\"alignnone wp-image-91543 size-full\" src=\"https:\/\/www.celttv.com.ar\/wp-content\/uploads\/2026\/03\/Batakislarroque-1-Medium.jpg\" alt=\"\" width=\"1024\" height=\"768\" srcset=\"https:\/\/www.celttv.com.ar\/wp-content\/uploads\/2026\/03\/Batakislarroque-1-Medium.jpg 1024w, https:\/\/www.celttv.com.ar\/wp-content\/uploads\/2026\/03\/Batakislarroque-1-Medium-300x225.jpg 300w, https:\/\/www.celttv.com.ar\/wp-content\/uploads\/2026\/03\/Batakislarroque-1-Medium-768x576.jpg 768w, https:\/\/www.celttv.com.ar\/wp-content\/uploads\/2026\/03\/Batakislarroque-1-Medium-750x563.jpg 750w\" sizes=\"auto, (max-width: 1024px) 100vw, 1024px\" \/> <img loading=\"lazy\" decoding=\"async\" class=\"alignnone wp-image-91544 size-full\" src=\"https:\/\/www.celttv.com.ar\/wp-content\/uploads\/2026\/03\/Batakislarroque-2.jpg\" alt=\"\" width=\"940\" height=\"631\" srcset=\"https:\/\/www.celttv.com.ar\/wp-content\/uploads\/2026\/03\/Batakislarroque-2.jpg 940w, https:\/\/www.celttv.com.ar\/wp-content\/uploads\/2026\/03\/Batakislarroque-2-300x201.jpg 300w, https:\/\/www.celttv.com.ar\/wp-content\/uploads\/2026\/03\/Batakislarroque-2-768x516.jpg 768w, https:\/\/www.celttv.com.ar\/wp-content\/uploads\/2026\/03\/Batakislarroque-2-750x503.jpg 750w\" sizes=\"auto, (max-width: 940px) 100vw, 940px\" \/><\/p>\n","protected":false},"excerpt":{"rendered":"<p>Estefan\u00eda Bordoni confirm\u00f3 la construcci\u00f3n de 20 viviendas sociales en Sierra de la Ventana La Intendente Municipal, Estefan\u00eda Bordoni, confirm\u00f3 la construcci\u00f3n de 20 viviendas sociales en la localidad de Sierra de la Ventana, tras gestiones ante la ministra de H\u00e1bitat y Desarrollo Urbano de la Provincia de Buenos Aires, Silvina Batakis. Este anuncio representa [&hellip;]<\/p>\n","protected":false},"author":5,"featured_media":91544,"comment_status":"closed","ping_status":"closed","sticky":false,"template":"","format":"standard","meta":{"footnotes":""},"categories":[59],"tags":[],"class_list":["post-91542","post","type-post","status-publish","format-standard","has-post-thumbnail","hentry","category-municipales"],"yoast_head":"<!-- This site is optimized with the Yoast SEO plugin v19.7.1 - https:\/\/yoast.com\/wordpress\/plugins\/seo\/ -->\n<title>Estefan\u00eda Bordoni confirm\u00f3 la construcci\u00f3n de 20 viviendas sociales en Sierra de la Ventana - CELTTV<\/title>\n<meta name=\"description\" content=\"Sitio web de noticias de la localidad de Tornquist, provincia de Buenos Aires, Rep\u00fablica Argentina. Contenido propio originado por periodistas de CELTTV, el canal de TV local de la Cooperativa El\u00e9ctrica de Tornquist. Turismo, Pol\u00edtica, Sociedad, Deporte, Cultura y todo el contenido de inter\u00e9s general que la gente del pueblo y la regi\u00f3n debe conocer.\" \/>\n<meta name=\"robots\" content=\"index, follow, max-snippet:-1, max-image-preview:large, max-video-preview:-1\" \/>\n<link rel=\"canonical\" href=\"https:\/\/www.celttv.com.ar\/index.php\/2026\/03\/04\/estefania-bordoni-confirmo-la-construccion-de-20-viviendas-sociales-en-sierra-de-la-ventana\/\" \/>\n<meta property=\"og:locale\" content=\"es_ES\" \/>\n<meta property=\"og:type\" content=\"article\" \/>\n<meta property=\"og:title\" content=\"Estefan\u00eda Bordoni confirm\u00f3 la construcci\u00f3n de 20 viviendas sociales en Sierra de la Ventana - CELTTV\" \/>\n<meta property=\"og:description\" content=\"Sitio web de noticias de la localidad de Tornquist, provincia de Buenos Aires, Rep\u00fablica Argentina. Contenido propio originado por periodistas de CELTTV, el canal de TV local de la Cooperativa El\u00e9ctrica de Tornquist. Turismo, Pol\u00edtica, Sociedad, Deporte, Cultura y todo el contenido de inter\u00e9s general que la gente del pueblo y la regi\u00f3n debe conocer.\" \/>\n<meta property=\"og:url\" content=\"https:\/\/www.celttv.com.ar\/index.php\/2026\/03\/04\/estefania-bordoni-confirmo-la-construccion-de-20-viviendas-sociales-en-sierra-de-la-ventana\/\" \/>\n<meta property=\"og:site_name\" content=\"CELTTV\" \/>\n<meta property=\"article:publisher\" content=\"https:\/\/www.facebook.com\/celtTV\/\" \/>\n<meta property=\"article:published_time\" content=\"2026-03-05T02:12:05+00:00\" \/>\n<meta property=\"og:image\" content=\"https:\/\/www.celttv.com.ar\/wp-content\/uploads\/2026\/03\/Batakislarroque-2.jpg\" \/>\n\t<meta property=\"og:image:width\" content=\"940\" \/>\n\t<meta property=\"og:image:height\" content=\"631\" \/>\n\t<meta property=\"og:image:type\" content=\"image\/jpeg\" \/>\n<meta name=\"author\" content=\"Miguel Herrada\" \/>\n<meta name=\"twitter:card\" content=\"summary_large_image\" \/>\n<meta name=\"twitter:label1\" content=\"Escrito por\" \/>\n\t<meta name=\"twitter:data1\" content=\"Miguel Herrada\" \/>\n\t<meta name=\"twitter:label2\" content=\"Tiempo de lectura\" \/>\n\t<meta name=\"twitter:data2\" content=\"1 minuto\" \/>\n<script type=\"application\/ld+json\" class=\"yoast-schema-graph\">{\"@context\":\"https:\/\/schema.org\",\"@graph\":[{\"@type\":\"NewsArticle\",\"@id\":\"https:\/\/www.celttv.com.ar\/index.php\/2026\/03\/04\/estefania-bordoni-confirmo-la-construccion-de-20-viviendas-sociales-en-sierra-de-la-ventana\/#article\",\"isPartOf\":{\"@id\":\"https:\/\/www.celttv.com.ar\/index.php\/2026\/03\/04\/estefania-bordoni-confirmo-la-construccion-de-20-viviendas-sociales-en-sierra-de-la-ventana\/\"},\"author\":{\"name\":\"Miguel Herrada\",\"@id\":\"https:\/\/www.celttv.com.ar\/#\/schema\/person\/9059dc91dc7204ef4182cdb65225f07d\"},\"headline\":\"Estefan\u00eda Bordoni confirm\u00f3 la construcci\u00f3n de 20 viviendas sociales en Sierra de la Ventana\",\"datePublished\":\"2026-03-05T02:12:05+00:00\",\"dateModified\":\"2026-03-05T02:12:05+00:00\",\"mainEntityOfPage\":{\"@id\":\"https:\/\/www.celttv.com.ar\/index.php\/2026\/03\/04\/estefania-bordoni-confirmo-la-construccion-de-20-viviendas-sociales-en-sierra-de-la-ventana\/\"},\"wordCount\":261,\"publisher\":{\"@id\":\"https:\/\/www.celttv.com.ar\/#organization\"},\"articleSection\":[\"Municipales\"],\"inLanguage\":\"es\"},{\"@type\":\"WebPage\",\"@id\":\"https:\/\/www.celttv.com.ar\/index.php\/2026\/03\/04\/estefania-bordoni-confirmo-la-construccion-de-20-viviendas-sociales-en-sierra-de-la-ventana\/\",\"url\":\"https:\/\/www.celttv.com.ar\/index.php\/2026\/03\/04\/estefania-bordoni-confirmo-la-construccion-de-20-viviendas-sociales-en-sierra-de-la-ventana\/\",\"name\":\"Estefan\u00eda Bordoni confirm\u00f3 la construcci\u00f3n de 20 viviendas sociales en Sierra de la Ventana - CELTTV\",\"isPartOf\":{\"@id\":\"https:\/\/www.celttv.com.ar\/#website\"},\"datePublished\":\"2026-03-05T02:12:05+00:00\",\"dateModified\":\"2026-03-05T02:12:05+00:00\",\"description\":\"Sitio web de noticias de la localidad de Tornquist, provincia de Buenos Aires, Rep\u00fablica Argentina. Contenido propio originado por periodistas de CELTTV, el canal de TV local de la Cooperativa El\u00e9ctrica de Tornquist. Turismo, Pol\u00edtica, Sociedad, Deporte, Cultura y todo el contenido de inter\u00e9s general que la gente del pueblo y la regi\u00f3n debe conocer.\",\"breadcrumb\":{\"@id\":\"https:\/\/www.celttv.com.ar\/index.php\/2026\/03\/04\/estefania-bordoni-confirmo-la-construccion-de-20-viviendas-sociales-en-sierra-de-la-ventana\/#breadcrumb\"},\"inLanguage\":\"es\",\"potentialAction\":[{\"@type\":\"ReadAction\",\"target\":[\"https:\/\/www.celttv.com.ar\/index.php\/2026\/03\/04\/estefania-bordoni-confirmo-la-construccion-de-20-viviendas-sociales-en-sierra-de-la-ventana\/\"]}]},{\"@type\":\"BreadcrumbList\",\"@id\":\"https:\/\/www.celttv.com.ar\/index.php\/2026\/03\/04\/estefania-bordoni-confirmo-la-construccion-de-20-viviendas-sociales-en-sierra-de-la-ventana\/#breadcrumb\",\"itemListElement\":[{\"@type\":\"ListItem\",\"position\":1,\"name\":\"Inicio\",\"item\":\"https:\/\/www.celttv.com.ar\/\"},{\"@type\":\"ListItem\",\"position\":2,\"name\":\"Estefan\u00eda Bordoni confirm\u00f3 la construcci\u00f3n de 20 viviendas sociales en Sierra de la Ventana\"}]},{\"@type\":\"WebSite\",\"@id\":\"https:\/\/www.celttv.com.ar\/#website\",\"url\":\"https:\/\/www.celttv.com.ar\/\",\"name\":\"CELTTV\",\"description\":\"Cooperativa El\u00e9ctrica de Tornquist\",\"publisher\":{\"@id\":\"https:\/\/www.celttv.com.ar\/#organization\"},\"potentialAction\":[{\"@type\":\"SearchAction\",\"target\":{\"@type\":\"EntryPoint\",\"urlTemplate\":\"https:\/\/www.celttv.com.ar\/?s={search_term_string}\"},\"query-input\":\"required name=search_term_string\"}],\"inLanguage\":\"es\"},{\"@type\":\"Organization\",\"@id\":\"https:\/\/www.celttv.com.ar\/#organization\",\"name\":\"CELTTV\",\"url\":\"https:\/\/www.celttv.com.ar\/\",\"sameAs\":[\"https:\/\/www.youtube.com\/channel\/UCz_oIt8Hig64Ub-EmcNPIhg\",\"https:\/\/www.facebook.com\/celtTV\/\"],\"logo\":{\"@type\":\"ImageObject\",\"inLanguage\":\"es\",\"@id\":\"https:\/\/www.celttv.com.ar\/#\/schema\/logo\/image\/\",\"url\":\"http:\/\/www.celttv.com.ar\/wp-content\/uploads\/2022\/08\/logo-1.png\",\"contentUrl\":\"http:\/\/www.celttv.com.ar\/wp-content\/uploads\/2022\/08\/logo-1.png\",\"width\":461,\"height\":159,\"caption\":\"CELTTV\"},\"image\":{\"@id\":\"https:\/\/www.celttv.com.ar\/#\/schema\/logo\/image\/\"}},{\"@type\":\"Person\",\"@id\":\"https:\/\/www.celttv.com.ar\/#\/schema\/person\/9059dc91dc7204ef4182cdb65225f07d\",\"name\":\"Miguel Herrada\",\"image\":{\"@type\":\"ImageObject\",\"inLanguage\":\"es\",\"@id\":\"https:\/\/www.celttv.com.ar\/#\/schema\/person\/image\/\",\"url\":\"https:\/\/secure.gravatar.com\/avatar\/67724d5b3c716623ffd76bec7e45841a442ac3b456e914dbba90b0fad2b8e0b1?s=96&d=mm&r=g\",\"contentUrl\":\"https:\/\/secure.gravatar.com\/avatar\/67724d5b3c716623ffd76bec7e45841a442ac3b456e914dbba90b0fad2b8e0b1?s=96&d=mm&r=g\",\"caption\":\"Miguel Herrada\"}}]}<\/script>\n<!-- \/ Yoast SEO plugin. -->","yoast_head_json":{"title":"Estefan\u00eda Bordoni confirm\u00f3 la construcci\u00f3n de 20 viviendas sociales en Sierra de la Ventana - CELTTV","description":"Sitio web de noticias de la localidad de Tornquist, provincia de Buenos Aires, Rep\u00fablica Argentina. Contenido propio originado por periodistas de CELTTV, el canal de TV local de la Cooperativa El\u00e9ctrica de Tornquist. Turismo, Pol\u00edtica, Sociedad, Deporte, Cultura y todo el contenido de inter\u00e9s general que la gente del pueblo y la regi\u00f3n debe conocer.","robots":{"index":"index","follow":"follow","max-snippet":"max-snippet:-1","max-image-preview":"max-image-preview:large","max-video-preview":"max-video-preview:-1"},"canonical":"https:\/\/www.celttv.com.ar\/index.php\/2026\/03\/04\/estefania-bordoni-confirmo-la-construccion-de-20-viviendas-sociales-en-sierra-de-la-ventana\/","og_locale":"es_ES","og_type":"article","og_title":"Estefan\u00eda Bordoni confirm\u00f3 la construcci\u00f3n de 20 viviendas sociales en Sierra de la Ventana - CELTTV","og_description":"Sitio web de noticias de la localidad de Tornquist, provincia de Buenos Aires, Rep\u00fablica Argentina. Contenido propio originado por periodistas de CELTTV, el canal de TV local de la Cooperativa El\u00e9ctrica de Tornquist. Turismo, Pol\u00edtica, Sociedad, Deporte, Cultura y todo el contenido de inter\u00e9s general que la gente del pueblo y la regi\u00f3n debe conocer.","og_url":"https:\/\/www.celttv.com.ar\/index.php\/2026\/03\/04\/estefania-bordoni-confirmo-la-construccion-de-20-viviendas-sociales-en-sierra-de-la-ventana\/","og_site_name":"CELTTV","article_publisher":"https:\/\/www.facebook.com\/celtTV\/","article_published_time":"2026-03-05T02:12:05+00:00","og_image":[{"width":940,"height":631,"url":"https:\/\/www.celttv.com.ar\/wp-content\/uploads\/2026\/03\/Batakislarroque-2.jpg","type":"image\/jpeg"}],"author":"Miguel Herrada","twitter_card":"summary_large_image","twitter_misc":{"Escrito por":"Miguel Herrada","Tiempo de lectura":"1 minuto"},"schema":{"@context":"https:\/\/schema.org","@graph":[{"@type":"NewsArticle","@id":"https:\/\/www.celttv.com.ar\/index.php\/2026\/03\/04\/estefania-bordoni-confirmo-la-construccion-de-20-viviendas-sociales-en-sierra-de-la-ventana\/#article","isPartOf":{"@id":"https:\/\/www.celttv.com.ar\/index.php\/2026\/03\/04\/estefania-bordoni-confirmo-la-construccion-de-20-viviendas-sociales-en-sierra-de-la-ventana\/"},"author":{"name":"Miguel Herrada","@id":"https:\/\/www.celttv.com.ar\/#\/schema\/person\/9059dc91dc7204ef4182cdb65225f07d"},"headline":"Estefan\u00eda Bordoni confirm\u00f3 la construcci\u00f3n de 20 viviendas sociales en Sierra de la Ventana","datePublished":"2026-03-05T02:12:05+00:00","dateModified":"2026-03-05T02:12:05+00:00","mainEntityOfPage":{"@id":"https:\/\/www.celttv.com.ar\/index.php\/2026\/03\/04\/estefania-bordoni-confirmo-la-construccion-de-20-viviendas-sociales-en-sierra-de-la-ventana\/"},"wordCount":261,"publisher":{"@id":"https:\/\/www.celttv.com.ar\/#organization"},"articleSection":["Municipales"],"inLanguage":"es"},{"@type":"WebPage","@id":"https:\/\/www.celttv.com.ar\/index.php\/2026\/03\/04\/estefania-bordoni-confirmo-la-construccion-de-20-viviendas-sociales-en-sierra-de-la-ventana\/","url":"https:\/\/www.celttv.com.ar\/index.php\/2026\/03\/04\/estefania-bordoni-confirmo-la-construccion-de-20-viviendas-sociales-en-sierra-de-la-ventana\/","name":"Estefan\u00eda Bordoni confirm\u00f3 la construcci\u00f3n de 20 viviendas sociales en Sierra de la Ventana - CELTTV","isPartOf":{"@id":"https:\/\/www.celttv.com.ar\/#website"},"datePublished":"2026-03-05T02:12:05+00:00","dateModified":"2026-03-05T02:12:05+00:00","description":"Sitio web de noticias de la localidad de Tornquist, provincia de Buenos Aires, Rep\u00fablica Argentina. Contenido propio originado por periodistas de CELTTV, el canal de TV local de la Cooperativa El\u00e9ctrica de Tornquist. Turismo, Pol\u00edtica, Sociedad, Deporte, Cultura y todo el contenido de inter\u00e9s general que la gente del pueblo y la regi\u00f3n debe conocer.","breadcrumb":{"@id":"https:\/\/www.celttv.com.ar\/index.php\/2026\/03\/04\/estefania-bordoni-confirmo-la-construccion-de-20-viviendas-sociales-en-sierra-de-la-ventana\/#breadcrumb"},"inLanguage":"es","potentialAction":[{"@type":"ReadAction","target":["https:\/\/www.celttv.com.ar\/index.php\/2026\/03\/04\/estefania-bordoni-confirmo-la-construccion-de-20-viviendas-sociales-en-sierra-de-la-ventana\/"]}]},{"@type":"BreadcrumbList","@id":"https:\/\/www.celttv.com.ar\/index.php\/2026\/03\/04\/estefania-bordoni-confirmo-la-construccion-de-20-viviendas-sociales-en-sierra-de-la-ventana\/#breadcrumb","itemListElement":[{"@type":"ListItem","position":1,"name":"Inicio","item":"https:\/\/www.celttv.com.ar\/"},{"@type":"ListItem","position":2,"name":"Estefan\u00eda Bordoni confirm\u00f3 la construcci\u00f3n de 20 viviendas sociales en Sierra de la Ventana"}]},{"@type":"WebSite","@id":"https:\/\/www.celttv.com.ar\/#website","url":"https:\/\/www.celttv.com.ar\/","name":"CELTTV","description":"Cooperativa El\u00e9ctrica de Tornquist","publisher":{"@id":"https:\/\/www.celttv.com.ar\/#organization"},"potentialAction":[{"@type":"SearchAction","target":{"@type":"EntryPoint","urlTemplate":"https:\/\/www.celttv.com.ar\/?s={search_term_string}"},"query-input":"required name=search_term_string"}],"inLanguage":"es"},{"@type":"Organization","@id":"https:\/\/www.celttv.com.ar\/#organization","name":"CELTTV","url":"https:\/\/www.celttv.com.ar\/","sameAs":["https:\/\/www.youtube.com\/channel\/UCz_oIt8Hig64Ub-EmcNPIhg","https:\/\/www.facebook.com\/celtTV\/"],"logo":{"@type":"ImageObject","inLanguage":"es","@id":"https:\/\/www.celttv.com.ar\/#\/schema\/logo\/image\/","url":"http:\/\/www.celttv.com.ar\/wp-content\/uploads\/2022\/08\/logo-1.png","contentUrl":"http:\/\/www.celttv.com.ar\/wp-content\/uploads\/2022\/08\/logo-1.png","width":461,"height":159,"caption":"CELTTV"},"image":{"@id":"https:\/\/www.celttv.com.ar\/#\/schema\/logo\/image\/"}},{"@type":"Person","@id":"https:\/\/www.celttv.com.ar\/#\/schema\/person\/9059dc91dc7204ef4182cdb65225f07d","name":"Miguel Herrada","image":{"@type":"ImageObject","inLanguage":"es","@id":"https:\/\/www.celttv.com.ar\/#\/schema\/person\/image\/","url":"https:\/\/secure.gravatar.com\/avatar\/67724d5b3c716623ffd76bec7e45841a442ac3b456e914dbba90b0fad2b8e0b1?s=96&d=mm&r=g","contentUrl":"https:\/\/secure.gravatar.com\/avatar\/67724d5b3c716623ffd76bec7e45841a442ac3b456e914dbba90b0fad2b8e0b1?s=96&d=mm&r=g","caption":"Miguel Herrada"}}]}},"_links":{"self":[{"href":"https:\/\/www.celttv.com.ar\/index.php\/wp-json\/wp\/v2\/posts\/91542","targetHints":{"allow":["GET"]}}],"collection":[{"href":"https:\/\/www.celttv.com.ar\/index.php\/wp-json\/wp\/v2\/posts"}],"about":[{"href":"https:\/\/www.celttv.com.ar\/index.php\/wp-json\/wp\/v2\/types\/post"}],"author":[{"embeddable":true,"href":"https:\/\/www.celttv.com.ar\/index.php\/wp-json\/wp\/v2\/users\/5"}],"replies":[{"embeddable":true,"href":"https:\/\/www.celttv.com.ar\/index.php\/wp-json\/wp\/v2\/comments?post=91542"}],"version-history":[{"count":1,"href":"https:\/\/www.celttv.com.ar\/index.php\/wp-json\/wp\/v2\/posts\/91542\/revisions"}],"predecessor-version":[{"id":91545,"href":"https:\/\/www.celttv.com.ar\/index.php\/wp-json\/wp\/v2\/posts\/91542\/revisions\/91545"}],"wp:featuredmedia":[{"embeddable":true,"href":"https:\/\/www.celttv.com.ar\/index.php\/wp-json\/wp\/v2\/media\/91544"}],"wp:attachment":[{"href":"https:\/\/www.celttv.com.ar\/index.php\/wp-json\/wp\/v2\/media?parent=91542"}],"wp:term":[{"taxonomy":"category","embeddable":true,"href":"https:\/\/www.celttv.com.ar\/index.php\/wp-json\/wp\/v2\/categories?post=91542"},{"taxonomy":"post_tag","embeddable":true,"href":"https:\/\/www.celttv.com.ar\/index.php\/wp-json\/wp\/v2\/tags?post=91542"}],"curies":[{"name":"wp","href":"https:\/\/api.w.org\/{rel}","templated":true}]}}