{"id":91562,"date":"2026-03-07T12:13:34","date_gmt":"2026-03-07T15:13:34","guid":{"rendered":"https:\/\/www.celttv.com.ar\/?p=91562"},"modified":"2026-03-07T12:15:46","modified_gmt":"2026-03-07T15:15:46","slug":"accidente-en-ruta-72-una-mujer-resulto-herida-tras-impactar-contra-una-alcantarilla","status":"publish","type":"post","link":"https:\/\/www.celttv.com.ar\/index.php\/2026\/03\/07\/accidente-en-ruta-72-una-mujer-resulto-herida-tras-impactar-contra-una-alcantarilla\/","title":{"rendered":"Accidente en Ruta 72: Una mujer result\u00f3 herida tras impactar contra una alcantarilla"},"content":{"rendered":"<p data-path-to-node=\"2\"><b data-path-to-node=\"2\" data-index-in-node=\"0\">El siniestro ocurri\u00f3 minutos despu\u00e9s de las 18:30 horas y moviliz\u00f3 un amplio operativo de emergencia. La conductora, que viajaba sola al momento del impacto, fue asistida en el lugar y trasladada al Hospital Menor de Sierra de la Ventana, donde permanece bajo observaci\u00f3n.<\/b><\/p>\n<p data-path-to-node=\"3\"><span id=\"more-133665\"><\/span>Un fuerte accidente de tr\u00e1nsito se registr\u00f3 este viernes sobre la Ruta Provincial 72, en el kil\u00f3metro 8, movilizando a los servidores p\u00fablicos de la localidad tras un alerta recibido en el cuartel de\u00a0<b data-path-to-node=\"3\" data-index-in-node=\"223\">Bomberos Voluntarios a las 18:35 horas<\/b>.<\/p>\n<p data-path-to-node=\"4\">Por causas que a\u00fan se intentan establecer, una mujer que circulaba sola a bordo de su veh\u00edculo perdi\u00f3 el control y\u00a0<b data-path-to-node=\"4\" data-index-in-node=\"115\">termin\u00f3 colisionando violentamente contra una alcantarilla<\/b>\u00a0. A ra\u00edz del impacto el veh\u00edculo perdi\u00f3 el motor y todo el tren delantero que quedaron a varios metros de la carrocer\u00eda.<\/p>\n<p data-path-to-node=\"4\">El hecho se produjo en la RP 72 en cercan\u00eda, Villa Don Bosco. Se constat\u00f3 el vuelco del veh\u00edculo que viajaba en direcci\u00f3n Villa a Sierra de la Ventana.\u00a0 Un\u00a0<strong>Volkswagen Suran Dominio OZO182<\/strong>. al mando de\u00a0<strong>ACOSTA MARTA HAYDE (59) residente de Villa Ventana.<\/strong><\/p>\n<p data-path-to-node=\"5\">En el lugar trabajaron varias dotaciones de Bomberos, junto a personal de\u00a0<b data-path-to-node=\"5\" data-index-in-node=\"74\">Polic\u00eda Comunal<\/b>\u00a0y\u00a0<b data-path-to-node=\"5\" data-index-in-node=\"92\">Defensa Civil<\/b>, quienes brindaron las primeras asistencias a la v\u00edctima. Seg\u00fan se inform\u00f3, la mujer presentaba heridas que, en primera instancia, no revestir\u00edan gravedad extrema, aunque el impacto fue de consideraci\u00f3n.<\/p>\n<p data-path-to-node=\"6\">Una ambulancia del sistema de salud local la traslad\u00f3 de urgencia al\u00a0<b data-path-to-node=\"6\" data-index-in-node=\"69\">Hospital Menor \u00abEmilio Aldaya\u00bb<\/b>\u00a0de Sierra de la Ventana. Fuentes sanitarias confirmaron que la paciente permanece internada en observaci\u00f3n para la realizaci\u00f3n de estudios complementarios y un mejor diagn\u00f3stico.<\/p>\n<p data-path-to-node=\"7\">El tr\u00e1nsito en el sector se vio afectado durante los trabajos de rescate y remoci\u00f3n del rodado, por lo que se recomienda a los vecinos y turistas circular con precauci\u00f3n ante la presencia de personal de seguridad en la calzada.<\/p>\n<p data-path-to-node=\"7\">Asistieron \u00a0Bomberos con m\u00f3vil 11 (liviano 4\u00d74) m\u00f3vil 10 (pesado de rescate) A cargo en el lugar oficial 3ro Santiago Polvara<\/p>\n<p data-path-to-node=\"7\">CONINFORMACION DE NOTICIAS REFLEJOS<\/p>\n<p data-path-to-node=\"7\"><img loading=\"lazy\" decoding=\"async\" class=\"alignnone wp-image-91566 size-large\" src=\"https:\/\/www.celttv.com.ar\/wp-content\/uploads\/2026\/03\/1-2-1024x611.jpg\" alt=\"\" width=\"1024\" height=\"611\" srcset=\"https:\/\/www.celttv.com.ar\/wp-content\/uploads\/2026\/03\/1-2-1024x611.jpg 1024w, https:\/\/www.celttv.com.ar\/wp-content\/uploads\/2026\/03\/1-2-300x179.jpg 300w, https:\/\/www.celttv.com.ar\/wp-content\/uploads\/2026\/03\/1-2-768x458.jpg 768w, https:\/\/www.celttv.com.ar\/wp-content\/uploads\/2026\/03\/1-2-750x448.jpg 750w, https:\/\/www.celttv.com.ar\/wp-content\/uploads\/2026\/03\/1-2-1140x680.jpg 1140w, https:\/\/www.celttv.com.ar\/wp-content\/uploads\/2026\/03\/1-2.jpg 1200w\" sizes=\"auto, (max-width: 1024px) 100vw, 1024px\" \/> <img loading=\"lazy\" decoding=\"async\" class=\"alignnone wp-image-91567 size-full\" src=\"https:\/\/www.celttv.com.ar\/wp-content\/uploads\/2026\/03\/2-2.jpg\" alt=\"\" width=\"657\" height=\"445\" srcset=\"https:\/\/www.celttv.com.ar\/wp-content\/uploads\/2026\/03\/2-2.jpg 657w, https:\/\/www.celttv.com.ar\/wp-content\/uploads\/2026\/03\/2-2-300x203.jpg 300w\" sizes=\"auto, (max-width: 657px) 100vw, 657px\" \/><\/p>\n","protected":false},"excerpt":{"rendered":"<p>El siniestro ocurri\u00f3 minutos despu\u00e9s de las 18:30 horas y moviliz\u00f3 un amplio operativo de emergencia. La conductora, que viajaba sola al momento del impacto, fue asistida en el lugar y trasladada al Hospital Menor de Sierra de la Ventana, donde permanece bajo observaci\u00f3n. Un fuerte accidente de tr\u00e1nsito se registr\u00f3 este viernes sobre la [&hellip;]<\/p>\n","protected":false},"author":5,"featured_media":91565,"comment_status":"closed","ping_status":"closed","sticky":false,"template":"","format":"standard","meta":{"footnotes":""},"categories":[61,1],"tags":[],"class_list":["post-91562","post","type-post","status-publish","format-standard","has-post-thumbnail","hentry","category-policiales","category-sin-categoria"],"yoast_head":"<!-- This site is optimized with the Yoast SEO plugin v19.7.1 - https:\/\/yoast.com\/wordpress\/plugins\/seo\/ -->\n<title>Accidente en Ruta 72: Una mujer result\u00f3 herida tras impactar contra una alcantarilla - CELTTV<\/title>\n<meta name=\"description\" content=\"Sitio web de noticias de la localidad de Tornquist, provincia de Buenos Aires, Rep\u00fablica Argentina. Contenido propio originado por periodistas de CELTTV, el canal de TV local de la Cooperativa El\u00e9ctrica de Tornquist. Turismo, Pol\u00edtica, Sociedad, Deporte, Cultura y todo el contenido de inter\u00e9s general que la gente del pueblo y la regi\u00f3n debe conocer.\" \/>\n<meta name=\"robots\" content=\"index, follow, max-snippet:-1, max-image-preview:large, max-video-preview:-1\" \/>\n<link rel=\"canonical\" href=\"https:\/\/www.celttv.com.ar\/index.php\/2026\/03\/07\/accidente-en-ruta-72-una-mujer-resulto-herida-tras-impactar-contra-una-alcantarilla\/\" \/>\n<meta property=\"og:locale\" content=\"es_ES\" \/>\n<meta property=\"og:type\" content=\"article\" \/>\n<meta property=\"og:title\" content=\"Accidente en Ruta 72: Una mujer result\u00f3 herida tras impactar contra una alcantarilla - CELTTV\" \/>\n<meta property=\"og:description\" content=\"Sitio web de noticias de la localidad de Tornquist, provincia de Buenos Aires, Rep\u00fablica Argentina. Contenido propio originado por periodistas de CELTTV, el canal de TV local de la Cooperativa El\u00e9ctrica de Tornquist. Turismo, Pol\u00edtica, Sociedad, Deporte, Cultura y todo el contenido de inter\u00e9s general que la gente del pueblo y la regi\u00f3n debe conocer.\" \/>\n<meta property=\"og:url\" content=\"https:\/\/www.celttv.com.ar\/index.php\/2026\/03\/07\/accidente-en-ruta-72-una-mujer-resulto-herida-tras-impactar-contra-una-alcantarilla\/\" \/>\n<meta property=\"og:site_name\" content=\"CELTTV\" \/>\n<meta property=\"article:publisher\" content=\"https:\/\/www.facebook.com\/celtTV\/\" \/>\n<meta property=\"article:published_time\" content=\"2026-03-07T15:13:34+00:00\" \/>\n<meta property=\"article:modified_time\" content=\"2026-03-07T15:15:46+00:00\" \/>\n<meta property=\"og:image\" content=\"https:\/\/www.celttv.com.ar\/wp-content\/uploads\/2026\/03\/2-1.jpg\" \/>\n\t<meta property=\"og:image:width\" content=\"657\" \/>\n\t<meta property=\"og:image:height\" content=\"445\" \/>\n\t<meta property=\"og:image:type\" content=\"image\/jpeg\" \/>\n<meta name=\"author\" content=\"Miguel Herrada\" \/>\n<meta name=\"twitter:card\" content=\"summary_large_image\" \/>\n<meta name=\"twitter:label1\" content=\"Escrito por\" \/>\n\t<meta name=\"twitter:data1\" content=\"Miguel Herrada\" \/>\n\t<meta name=\"twitter:label2\" content=\"Tiempo de lectura\" \/>\n\t<meta name=\"twitter:data2\" content=\"2 minutos\" \/>\n<script type=\"application\/ld+json\" class=\"yoast-schema-graph\">{\"@context\":\"https:\/\/schema.org\",\"@graph\":[{\"@type\":\"NewsArticle\",\"@id\":\"https:\/\/www.celttv.com.ar\/index.php\/2026\/03\/07\/accidente-en-ruta-72-una-mujer-resulto-herida-tras-impactar-contra-una-alcantarilla\/#article\",\"isPartOf\":{\"@id\":\"https:\/\/www.celttv.com.ar\/index.php\/2026\/03\/07\/accidente-en-ruta-72-una-mujer-resulto-herida-tras-impactar-contra-una-alcantarilla\/\"},\"author\":{\"name\":\"Miguel Herrada\",\"@id\":\"https:\/\/www.celttv.com.ar\/#\/schema\/person\/9059dc91dc7204ef4182cdb65225f07d\"},\"headline\":\"Accidente en Ruta 72: Una mujer result\u00f3 herida tras impactar contra una alcantarilla\",\"datePublished\":\"2026-03-07T15:13:34+00:00\",\"dateModified\":\"2026-03-07T15:15:46+00:00\",\"mainEntityOfPage\":{\"@id\":\"https:\/\/www.celttv.com.ar\/index.php\/2026\/03\/07\/accidente-en-ruta-72-una-mujer-resulto-herida-tras-impactar-contra-una-alcantarilla\/\"},\"wordCount\":359,\"publisher\":{\"@id\":\"https:\/\/www.celttv.com.ar\/#organization\"},\"articleSection\":[\"Policiales\"],\"inLanguage\":\"es\"},{\"@type\":\"WebPage\",\"@id\":\"https:\/\/www.celttv.com.ar\/index.php\/2026\/03\/07\/accidente-en-ruta-72-una-mujer-resulto-herida-tras-impactar-contra-una-alcantarilla\/\",\"url\":\"https:\/\/www.celttv.com.ar\/index.php\/2026\/03\/07\/accidente-en-ruta-72-una-mujer-resulto-herida-tras-impactar-contra-una-alcantarilla\/\",\"name\":\"Accidente en Ruta 72: Una mujer result\u00f3 herida tras impactar contra una alcantarilla - CELTTV\",\"isPartOf\":{\"@id\":\"https:\/\/www.celttv.com.ar\/#website\"},\"datePublished\":\"2026-03-07T15:13:34+00:00\",\"dateModified\":\"2026-03-07T15:15:46+00:00\",\"description\":\"Sitio web de noticias de la localidad de Tornquist, provincia de Buenos Aires, Rep\u00fablica Argentina. Contenido propio originado por periodistas de CELTTV, el canal de TV local de la Cooperativa El\u00e9ctrica de Tornquist. Turismo, Pol\u00edtica, Sociedad, Deporte, Cultura y todo el contenido de inter\u00e9s general que la gente del pueblo y la regi\u00f3n debe conocer.\",\"breadcrumb\":{\"@id\":\"https:\/\/www.celttv.com.ar\/index.php\/2026\/03\/07\/accidente-en-ruta-72-una-mujer-resulto-herida-tras-impactar-contra-una-alcantarilla\/#breadcrumb\"},\"inLanguage\":\"es\",\"potentialAction\":[{\"@type\":\"ReadAction\",\"target\":[\"https:\/\/www.celttv.com.ar\/index.php\/2026\/03\/07\/accidente-en-ruta-72-una-mujer-resulto-herida-tras-impactar-contra-una-alcantarilla\/\"]}]},{\"@type\":\"BreadcrumbList\",\"@id\":\"https:\/\/www.celttv.com.ar\/index.php\/2026\/03\/07\/accidente-en-ruta-72-una-mujer-resulto-herida-tras-impactar-contra-una-alcantarilla\/#breadcrumb\",\"itemListElement\":[{\"@type\":\"ListItem\",\"position\":1,\"name\":\"Inicio\",\"item\":\"https:\/\/www.celttv.com.ar\/\"},{\"@type\":\"ListItem\",\"position\":2,\"name\":\"Accidente en Ruta 72: Una mujer result\u00f3 herida tras impactar contra una alcantarilla\"}]},{\"@type\":\"WebSite\",\"@id\":\"https:\/\/www.celttv.com.ar\/#website\",\"url\":\"https:\/\/www.celttv.com.ar\/\",\"name\":\"CELTTV\",\"description\":\"Cooperativa El\u00e9ctrica de Tornquist\",\"publisher\":{\"@id\":\"https:\/\/www.celttv.com.ar\/#organization\"},\"potentialAction\":[{\"@type\":\"SearchAction\",\"target\":{\"@type\":\"EntryPoint\",\"urlTemplate\":\"https:\/\/www.celttv.com.ar\/?s={search_term_string}\"},\"query-input\":\"required name=search_term_string\"}],\"inLanguage\":\"es\"},{\"@type\":\"Organization\",\"@id\":\"https:\/\/www.celttv.com.ar\/#organization\",\"name\":\"CELTTV\",\"url\":\"https:\/\/www.celttv.com.ar\/\",\"sameAs\":[\"https:\/\/www.youtube.com\/channel\/UCz_oIt8Hig64Ub-EmcNPIhg\",\"https:\/\/www.facebook.com\/celtTV\/\"],\"logo\":{\"@type\":\"ImageObject\",\"inLanguage\":\"es\",\"@id\":\"https:\/\/www.celttv.com.ar\/#\/schema\/logo\/image\/\",\"url\":\"http:\/\/www.celttv.com.ar\/wp-content\/uploads\/2022\/08\/logo-1.png\",\"contentUrl\":\"http:\/\/www.celttv.com.ar\/wp-content\/uploads\/2022\/08\/logo-1.png\",\"width\":461,\"height\":159,\"caption\":\"CELTTV\"},\"image\":{\"@id\":\"https:\/\/www.celttv.com.ar\/#\/schema\/logo\/image\/\"}},{\"@type\":\"Person\",\"@id\":\"https:\/\/www.celttv.com.ar\/#\/schema\/person\/9059dc91dc7204ef4182cdb65225f07d\",\"name\":\"Miguel Herrada\",\"image\":{\"@type\":\"ImageObject\",\"inLanguage\":\"es\",\"@id\":\"https:\/\/www.celttv.com.ar\/#\/schema\/person\/image\/\",\"url\":\"https:\/\/secure.gravatar.com\/avatar\/67724d5b3c716623ffd76bec7e45841a442ac3b456e914dbba90b0fad2b8e0b1?s=96&d=mm&r=g\",\"contentUrl\":\"https:\/\/secure.gravatar.com\/avatar\/67724d5b3c716623ffd76bec7e45841a442ac3b456e914dbba90b0fad2b8e0b1?s=96&d=mm&r=g\",\"caption\":\"Miguel Herrada\"}}]}<\/script>\n<!-- \/ Yoast SEO plugin. -->","yoast_head_json":{"title":"Accidente en Ruta 72: Una mujer result\u00f3 herida tras impactar contra una alcantarilla - CELTTV","description":"Sitio web de noticias de la localidad de Tornquist, provincia de Buenos Aires, Rep\u00fablica Argentina. Contenido propio originado por periodistas de CELTTV, el canal de TV local de la Cooperativa El\u00e9ctrica de Tornquist. Turismo, Pol\u00edtica, Sociedad, Deporte, Cultura y todo el contenido de inter\u00e9s general que la gente del pueblo y la regi\u00f3n debe conocer.","robots":{"index":"index","follow":"follow","max-snippet":"max-snippet:-1","max-image-preview":"max-image-preview:large","max-video-preview":"max-video-preview:-1"},"canonical":"https:\/\/www.celttv.com.ar\/index.php\/2026\/03\/07\/accidente-en-ruta-72-una-mujer-resulto-herida-tras-impactar-contra-una-alcantarilla\/","og_locale":"es_ES","og_type":"article","og_title":"Accidente en Ruta 72: Una mujer result\u00f3 herida tras impactar contra una alcantarilla - CELTTV","og_description":"Sitio web de noticias de la localidad de Tornquist, provincia de Buenos Aires, Rep\u00fablica Argentina. Contenido propio originado por periodistas de CELTTV, el canal de TV local de la Cooperativa El\u00e9ctrica de Tornquist. Turismo, Pol\u00edtica, Sociedad, Deporte, Cultura y todo el contenido de inter\u00e9s general que la gente del pueblo y la regi\u00f3n debe conocer.","og_url":"https:\/\/www.celttv.com.ar\/index.php\/2026\/03\/07\/accidente-en-ruta-72-una-mujer-resulto-herida-tras-impactar-contra-una-alcantarilla\/","og_site_name":"CELTTV","article_publisher":"https:\/\/www.facebook.com\/celtTV\/","article_published_time":"2026-03-07T15:13:34+00:00","article_modified_time":"2026-03-07T15:15:46+00:00","og_image":[{"width":657,"height":445,"url":"https:\/\/www.celttv.com.ar\/wp-content\/uploads\/2026\/03\/2-1.jpg","type":"image\/jpeg"}],"author":"Miguel Herrada","twitter_card":"summary_large_image","twitter_misc":{"Escrito por":"Miguel Herrada","Tiempo de lectura":"2 minutos"},"schema":{"@context":"https:\/\/schema.org","@graph":[{"@type":"NewsArticle","@id":"https:\/\/www.celttv.com.ar\/index.php\/2026\/03\/07\/accidente-en-ruta-72-una-mujer-resulto-herida-tras-impactar-contra-una-alcantarilla\/#article","isPartOf":{"@id":"https:\/\/www.celttv.com.ar\/index.php\/2026\/03\/07\/accidente-en-ruta-72-una-mujer-resulto-herida-tras-impactar-contra-una-alcantarilla\/"},"author":{"name":"Miguel Herrada","@id":"https:\/\/www.celttv.com.ar\/#\/schema\/person\/9059dc91dc7204ef4182cdb65225f07d"},"headline":"Accidente en Ruta 72: Una mujer result\u00f3 herida tras impactar contra una alcantarilla","datePublished":"2026-03-07T15:13:34+00:00","dateModified":"2026-03-07T15:15:46+00:00","mainEntityOfPage":{"@id":"https:\/\/www.celttv.com.ar\/index.php\/2026\/03\/07\/accidente-en-ruta-72-una-mujer-resulto-herida-tras-impactar-contra-una-alcantarilla\/"},"wordCount":359,"publisher":{"@id":"https:\/\/www.celttv.com.ar\/#organization"},"articleSection":["Policiales"],"inLanguage":"es"},{"@type":"WebPage","@id":"https:\/\/www.celttv.com.ar\/index.php\/2026\/03\/07\/accidente-en-ruta-72-una-mujer-resulto-herida-tras-impactar-contra-una-alcantarilla\/","url":"https:\/\/www.celttv.com.ar\/index.php\/2026\/03\/07\/accidente-en-ruta-72-una-mujer-resulto-herida-tras-impactar-contra-una-alcantarilla\/","name":"Accidente en Ruta 72: Una mujer result\u00f3 herida tras impactar contra una alcantarilla - CELTTV","isPartOf":{"@id":"https:\/\/www.celttv.com.ar\/#website"},"datePublished":"2026-03-07T15:13:34+00:00","dateModified":"2026-03-07T15:15:46+00:00","description":"Sitio web de noticias de la localidad de Tornquist, provincia de Buenos Aires, Rep\u00fablica Argentina. Contenido propio originado por periodistas de CELTTV, el canal de TV local de la Cooperativa El\u00e9ctrica de Tornquist. Turismo, Pol\u00edtica, Sociedad, Deporte, Cultura y todo el contenido de inter\u00e9s general que la gente del pueblo y la regi\u00f3n debe conocer.","breadcrumb":{"@id":"https:\/\/www.celttv.com.ar\/index.php\/2026\/03\/07\/accidente-en-ruta-72-una-mujer-resulto-herida-tras-impactar-contra-una-alcantarilla\/#breadcrumb"},"inLanguage":"es","potentialAction":[{"@type":"ReadAction","target":["https:\/\/www.celttv.com.ar\/index.php\/2026\/03\/07\/accidente-en-ruta-72-una-mujer-resulto-herida-tras-impactar-contra-una-alcantarilla\/"]}]},{"@type":"BreadcrumbList","@id":"https:\/\/www.celttv.com.ar\/index.php\/2026\/03\/07\/accidente-en-ruta-72-una-mujer-resulto-herida-tras-impactar-contra-una-alcantarilla\/#breadcrumb","itemListElement":[{"@type":"ListItem","position":1,"name":"Inicio","item":"https:\/\/www.celttv.com.ar\/"},{"@type":"ListItem","position":2,"name":"Accidente en Ruta 72: Una mujer result\u00f3 herida tras impactar contra una alcantarilla"}]},{"@type":"WebSite","@id":"https:\/\/www.celttv.com.ar\/#website","url":"https:\/\/www.celttv.com.ar\/","name":"CELTTV","description":"Cooperativa El\u00e9ctrica de Tornquist","publisher":{"@id":"https:\/\/www.celttv.com.ar\/#organization"},"potentialAction":[{"@type":"SearchAction","target":{"@type":"EntryPoint","urlTemplate":"https:\/\/www.celttv.com.ar\/?s={search_term_string}"},"query-input":"required name=search_term_string"}],"inLanguage":"es"},{"@type":"Organization","@id":"https:\/\/www.celttv.com.ar\/#organization","name":"CELTTV","url":"https:\/\/www.celttv.com.ar\/","sameAs":["https:\/\/www.youtube.com\/channel\/UCz_oIt8Hig64Ub-EmcNPIhg","https:\/\/www.facebook.com\/celtTV\/"],"logo":{"@type":"ImageObject","inLanguage":"es","@id":"https:\/\/www.celttv.com.ar\/#\/schema\/logo\/image\/","url":"http:\/\/www.celttv.com.ar\/wp-content\/uploads\/2022\/08\/logo-1.png","contentUrl":"http:\/\/www.celttv.com.ar\/wp-content\/uploads\/2022\/08\/logo-1.png","width":461,"height":159,"caption":"CELTTV"},"image":{"@id":"https:\/\/www.celttv.com.ar\/#\/schema\/logo\/image\/"}},{"@type":"Person","@id":"https:\/\/www.celttv.com.ar\/#\/schema\/person\/9059dc91dc7204ef4182cdb65225f07d","name":"Miguel Herrada","image":{"@type":"ImageObject","inLanguage":"es","@id":"https:\/\/www.celttv.com.ar\/#\/schema\/person\/image\/","url":"https:\/\/secure.gravatar.com\/avatar\/67724d5b3c716623ffd76bec7e45841a442ac3b456e914dbba90b0fad2b8e0b1?s=96&d=mm&r=g","contentUrl":"https:\/\/secure.gravatar.com\/avatar\/67724d5b3c716623ffd76bec7e45841a442ac3b456e914dbba90b0fad2b8e0b1?s=96&d=mm&r=g","caption":"Miguel Herrada"}}]}},"_links":{"self":[{"href":"https:\/\/www.celttv.com.ar\/index.php\/wp-json\/wp\/v2\/posts\/91562","targetHints":{"allow":["GET"]}}],"collection":[{"href":"https:\/\/www.celttv.com.ar\/index.php\/wp-json\/wp\/v2\/posts"}],"about":[{"href":"https:\/\/www.celttv.com.ar\/index.php\/wp-json\/wp\/v2\/types\/post"}],"author":[{"embeddable":true,"href":"https:\/\/www.celttv.com.ar\/index.php\/wp-json\/wp\/v2\/users\/5"}],"replies":[{"embeddable":true,"href":"https:\/\/www.celttv.com.ar\/index.php\/wp-json\/wp\/v2\/comments?post=91562"}],"version-history":[{"count":2,"href":"https:\/\/www.celttv.com.ar\/index.php\/wp-json\/wp\/v2\/posts\/91562\/revisions"}],"predecessor-version":[{"id":91568,"href":"https:\/\/www.celttv.com.ar\/index.php\/wp-json\/wp\/v2\/posts\/91562\/revisions\/91568"}],"wp:featuredmedia":[{"embeddable":true,"href":"https:\/\/www.celttv.com.ar\/index.php\/wp-json\/wp\/v2\/media\/91565"}],"wp:attachment":[{"href":"https:\/\/www.celttv.com.ar\/index.php\/wp-json\/wp\/v2\/media?parent=91562"}],"wp:term":[{"taxonomy":"category","embeddable":true,"href":"https:\/\/www.celttv.com.ar\/index.php\/wp-json\/wp\/v2\/categories?post=91562"},{"taxonomy":"post_tag","embeddable":true,"href":"https:\/\/www.celttv.com.ar\/index.php\/wp-json\/wp\/v2\/tags?post=91562"}],"curies":[{"name":"wp","href":"https:\/\/api.w.org\/{rel}","templated":true}]}}