{"id":91587,"date":"2026-03-09T19:25:03","date_gmt":"2026-03-09T22:25:03","guid":{"rendered":"https:\/\/www.celttv.com.ar\/?p=91587"},"modified":"2026-03-09T19:25:51","modified_gmt":"2026-03-09T22:25:51","slug":"allanamientos-en-saavedra-y-tornquist-por-una-causa-de-robo","status":"publish","type":"post","link":"https:\/\/www.celttv.com.ar\/index.php\/2026\/03\/09\/allanamientos-en-saavedra-y-tornquist-por-una-causa-de-robo\/","title":{"rendered":"Allanamientos en Saavedra y Tornquist por una causa de robo"},"content":{"rendered":"<p>&nbsp;<\/p>\n<div class=\"noticia-content\">\n<div class=\"adelanto\"><\/div>\n<div class=\"poster\">\n<div id=\"noticia_slider\" class=\"slider_content fully\">\n<ul class=\"nanoslider\">\n<li><span class=\"nanoslider_img\"><img decoding=\"async\" src=\"https:\/\/www.semreflejos.com.ar\/adjuntos\/1000\/reflejos\/2026\/03\/policia.jpg\" alt=\"Allanamientos en Saavedra y Tornquist por una causa de robo\" \/><\/span><\/li>\n<li><span class=\"nanoslider_img\"><img decoding=\"async\" src=\"https:\/\/www.semreflejos.com.ar\/adjuntos\/1000\/reflejos\/2026\/03\/policia-2.jpg\" alt=\"Allanamientos en Saavedra y Tornquist por una causa de robo\" \/><\/span><\/li>\n<\/ul>\n<div id=\"btn_zoom\"><\/div>\n<p><span id=\"btn_izq\"><i class=\"fa fa-chevron-left\"><\/i><\/span><span id=\"btn_der\"><i class=\"fa fa-chevron-right\"><\/i><\/span><span id=\"posicion_actual\">1<\/span><\/p>\n<\/div>\n<\/div>\n<div class=\"pretext\">\n<div class=\"mshare\"><\/div>\n<\/div>\n<div class=\"text\">\n<p><strong>PARTE DE PRENSA POLICIAL<\/strong><\/p>\n<p><strong>Informa Comisaria Saavedra Seccional Segunda<\/strong><\/p>\n<p>Con fecha 29 de Enero del cte. a\u00f1o, se recepciono en esta Comisaria, una Denuncia de car\u00e1cter penal, radicada por un ciudadano domiciliado en este medio, motivado por el faltante de varios elementos de su propiedad, los que fueron sustra\u00eddos del interior de sus vivienda, por autores ignorados que ingresaron a la propiedad previo violentar una ventana; dando origen a la Investigaci\u00f3n Penal Preparatoria N\u00b0 2331-26, caratulada \u201cROBO\u201d, con injerencia de la Ayudant\u00eda Fiscal Descentralizada del Partido de Saavedra, a cargo de la Dra. Mayra CAVALIER VALIERE.<\/p>\n<p><img loading=\"lazy\" decoding=\"async\" src=\"https:\/\/www.semreflejos.com.ar\/adjuntos\/800\/reflejos\/editor\/202603\/policia-1.png\" alt=\"\" width=\"800\" height=\"346\" \/><\/p>\n<p>Como resultado de tareas investigativas realizadas por efectivos de esta Comisaria juntamente con personal de Sub D.D.I. de Cnel. Su\u00e1rez, y por as\u00ed haberse solicitado desde la Ayudant\u00eda local, con fecha 06 de Marzo del a\u00f1o en curso, la Juez Subrogante a cargo del Juzgado de Garant\u00edas N\u00b0 1 del Departamento Judicial de Bah\u00eda Blanca, Dra. Marisa PROME, otorgo cuatro \u00f3rdenes de allanamiento, una para con una vivienda ubicada en Av. Mitre N\u00b0 275 este medio, donde reside la ciudadana\u00a0<strong>Carina PEREZ<\/strong>, secuestr\u00e1ndose en ese lugar diferentes elementos denunciados por el damnificado de autos como sustra\u00eddos, entre ellos un chaleco antibalas perteneciente a la Polic\u00eda de la Pcia. de Buenos Aires. Con respecto a las tres \u00d3rdenes de Allanamientos restantes, las mismas fueron otorgadas para con domicilios de la localidad de Tornquist, trat\u00e1ndose de una vivienda ubicada en calle Bernardo Houssay Nro. 888 lugar de residencia Agust\u00edn VILLAREAL; Lavalle Nro. 255 Dpto. 2 \u00a0donde reside Hugo PASTOR y Av. Gral. Paz sin n\u00famero donde viven Lucas Mat\u00edas FERREYRA y su pareja Clara Valentina FRANCO, en los que se obtuvieron diferentes elementos probatorios y de inter\u00e9s para la presente causa. Cabe destacar que los cuatro. Allanamientos se realizaron de forma simult\u00e1nea, participando en su ejecuci\u00f3n, personal de esta Comisaria de Saavedra Seccional 2da., personal Sub D.D.I. de Cnel. Su\u00e1rez y personal del Grupo T\u00e9cnico Operativo (G.T.O.) \u00a0de la Comisaria de Pig\u00fc\u00e9 1ra..<\/p>\n<p><strong>COMISARIA SAAVEDRA SECCIONAL SEGUNDA, 09 DE MARZO DE 2.026<\/strong><\/p>\n<p>Informaci\u00f3n Semanario Reflejos &#8211; Pigu\u00e9<\/p>\n<\/div>\n<\/div>\n","protected":false},"excerpt":{"rendered":"<p>&nbsp; 1 PARTE DE PRENSA POLICIAL Informa Comisaria Saavedra Seccional Segunda Con fecha 29 de Enero del cte. a\u00f1o, se recepciono en esta Comisaria, una Denuncia de car\u00e1cter penal, radicada por un ciudadano domiciliado en este medio, motivado por el faltante de varios elementos de su propiedad, los que fueron sustra\u00eddos del interior de sus [&hellip;]<\/p>\n","protected":false},"author":5,"featured_media":91589,"comment_status":"closed","ping_status":"closed","sticky":false,"template":"","format":"standard","meta":{"footnotes":""},"categories":[1],"tags":[],"class_list":["post-91587","post","type-post","status-publish","format-standard","has-post-thumbnail","hentry","category-sin-categoria"],"yoast_head":"<!-- This site is optimized with the Yoast SEO plugin v19.7.1 - https:\/\/yoast.com\/wordpress\/plugins\/seo\/ -->\n<title>Allanamientos en Saavedra y Tornquist por una causa de robo - CELTTV<\/title>\n<meta name=\"description\" content=\"Sitio web de noticias de la localidad de Tornquist, provincia de Buenos Aires, Rep\u00fablica Argentina. Contenido propio originado por periodistas de CELTTV, el canal de TV local de la Cooperativa El\u00e9ctrica de Tornquist. Turismo, Pol\u00edtica, Sociedad, Deporte, Cultura y todo el contenido de inter\u00e9s general que la gente del pueblo y la regi\u00f3n debe conocer.\" \/>\n<meta name=\"robots\" content=\"index, follow, max-snippet:-1, max-image-preview:large, max-video-preview:-1\" \/>\n<link rel=\"canonical\" href=\"https:\/\/www.celttv.com.ar\/index.php\/2026\/03\/09\/allanamientos-en-saavedra-y-tornquist-por-una-causa-de-robo\/\" \/>\n<meta property=\"og:locale\" content=\"es_ES\" \/>\n<meta property=\"og:type\" content=\"article\" \/>\n<meta property=\"og:title\" content=\"Allanamientos en Saavedra y Tornquist por una causa de robo - CELTTV\" \/>\n<meta property=\"og:description\" content=\"Sitio web de noticias de la localidad de Tornquist, provincia de Buenos Aires, Rep\u00fablica Argentina. Contenido propio originado por periodistas de CELTTV, el canal de TV local de la Cooperativa El\u00e9ctrica de Tornquist. Turismo, Pol\u00edtica, Sociedad, Deporte, Cultura y todo el contenido de inter\u00e9s general que la gente del pueblo y la regi\u00f3n debe conocer.\" \/>\n<meta property=\"og:url\" content=\"https:\/\/www.celttv.com.ar\/index.php\/2026\/03\/09\/allanamientos-en-saavedra-y-tornquist-por-una-causa-de-robo\/\" \/>\n<meta property=\"og:site_name\" content=\"CELTTV\" \/>\n<meta property=\"article:publisher\" content=\"https:\/\/www.facebook.com\/celtTV\/\" \/>\n<meta property=\"article:published_time\" content=\"2026-03-09T22:25:03+00:00\" \/>\n<meta property=\"article:modified_time\" content=\"2026-03-09T22:25:51+00:00\" \/>\n<meta property=\"og:image\" content=\"https:\/\/www.celttv.com.ar\/wp-content\/uploads\/2026\/03\/1-3.jpg\" \/>\n\t<meta property=\"og:image:width\" content=\"1000\" \/>\n\t<meta property=\"og:image:height\" content=\"666\" \/>\n\t<meta property=\"og:image:type\" content=\"image\/jpeg\" \/>\n<meta name=\"author\" content=\"Miguel Herrada\" \/>\n<meta name=\"twitter:card\" content=\"summary_large_image\" \/>\n<meta name=\"twitter:label1\" content=\"Escrito por\" \/>\n\t<meta name=\"twitter:data1\" content=\"Miguel Herrada\" \/>\n\t<meta name=\"twitter:label2\" content=\"Tiempo de lectura\" \/>\n\t<meta name=\"twitter:data2\" content=\"2 minutos\" \/>\n<script type=\"application\/ld+json\" class=\"yoast-schema-graph\">{\"@context\":\"https:\/\/schema.org\",\"@graph\":[{\"@type\":\"NewsArticle\",\"@id\":\"https:\/\/www.celttv.com.ar\/index.php\/2026\/03\/09\/allanamientos-en-saavedra-y-tornquist-por-una-causa-de-robo\/#article\",\"isPartOf\":{\"@id\":\"https:\/\/www.celttv.com.ar\/index.php\/2026\/03\/09\/allanamientos-en-saavedra-y-tornquist-por-una-causa-de-robo\/\"},\"author\":{\"name\":\"Miguel Herrada\",\"@id\":\"https:\/\/www.celttv.com.ar\/#\/schema\/person\/9059dc91dc7204ef4182cdb65225f07d\"},\"headline\":\"Allanamientos en Saavedra y Tornquist por una causa de robo\",\"datePublished\":\"2026-03-09T22:25:03+00:00\",\"dateModified\":\"2026-03-09T22:25:51+00:00\",\"mainEntityOfPage\":{\"@id\":\"https:\/\/www.celttv.com.ar\/index.php\/2026\/03\/09\/allanamientos-en-saavedra-y-tornquist-por-una-causa-de-robo\/\"},\"wordCount\":372,\"publisher\":{\"@id\":\"https:\/\/www.celttv.com.ar\/#organization\"},\"inLanguage\":\"es\"},{\"@type\":\"WebPage\",\"@id\":\"https:\/\/www.celttv.com.ar\/index.php\/2026\/03\/09\/allanamientos-en-saavedra-y-tornquist-por-una-causa-de-robo\/\",\"url\":\"https:\/\/www.celttv.com.ar\/index.php\/2026\/03\/09\/allanamientos-en-saavedra-y-tornquist-por-una-causa-de-robo\/\",\"name\":\"Allanamientos en Saavedra y Tornquist por una causa de robo - CELTTV\",\"isPartOf\":{\"@id\":\"https:\/\/www.celttv.com.ar\/#website\"},\"datePublished\":\"2026-03-09T22:25:03+00:00\",\"dateModified\":\"2026-03-09T22:25:51+00:00\",\"description\":\"Sitio web de noticias de la localidad de Tornquist, provincia de Buenos Aires, Rep\u00fablica Argentina. Contenido propio originado por periodistas de CELTTV, el canal de TV local de la Cooperativa El\u00e9ctrica de Tornquist. Turismo, Pol\u00edtica, Sociedad, Deporte, Cultura y todo el contenido de inter\u00e9s general que la gente del pueblo y la regi\u00f3n debe conocer.\",\"breadcrumb\":{\"@id\":\"https:\/\/www.celttv.com.ar\/index.php\/2026\/03\/09\/allanamientos-en-saavedra-y-tornquist-por-una-causa-de-robo\/#breadcrumb\"},\"inLanguage\":\"es\",\"potentialAction\":[{\"@type\":\"ReadAction\",\"target\":[\"https:\/\/www.celttv.com.ar\/index.php\/2026\/03\/09\/allanamientos-en-saavedra-y-tornquist-por-una-causa-de-robo\/\"]}]},{\"@type\":\"BreadcrumbList\",\"@id\":\"https:\/\/www.celttv.com.ar\/index.php\/2026\/03\/09\/allanamientos-en-saavedra-y-tornquist-por-una-causa-de-robo\/#breadcrumb\",\"itemListElement\":[{\"@type\":\"ListItem\",\"position\":1,\"name\":\"Inicio\",\"item\":\"https:\/\/www.celttv.com.ar\/\"},{\"@type\":\"ListItem\",\"position\":2,\"name\":\"Allanamientos en Saavedra y Tornquist por una causa de robo\"}]},{\"@type\":\"WebSite\",\"@id\":\"https:\/\/www.celttv.com.ar\/#website\",\"url\":\"https:\/\/www.celttv.com.ar\/\",\"name\":\"CELTTV\",\"description\":\"Cooperativa El\u00e9ctrica de Tornquist\",\"publisher\":{\"@id\":\"https:\/\/www.celttv.com.ar\/#organization\"},\"potentialAction\":[{\"@type\":\"SearchAction\",\"target\":{\"@type\":\"EntryPoint\",\"urlTemplate\":\"https:\/\/www.celttv.com.ar\/?s={search_term_string}\"},\"query-input\":\"required name=search_term_string\"}],\"inLanguage\":\"es\"},{\"@type\":\"Organization\",\"@id\":\"https:\/\/www.celttv.com.ar\/#organization\",\"name\":\"CELTTV\",\"url\":\"https:\/\/www.celttv.com.ar\/\",\"sameAs\":[\"https:\/\/www.youtube.com\/channel\/UCz_oIt8Hig64Ub-EmcNPIhg\",\"https:\/\/www.facebook.com\/celtTV\/\"],\"logo\":{\"@type\":\"ImageObject\",\"inLanguage\":\"es\",\"@id\":\"https:\/\/www.celttv.com.ar\/#\/schema\/logo\/image\/\",\"url\":\"http:\/\/www.celttv.com.ar\/wp-content\/uploads\/2022\/08\/logo-1.png\",\"contentUrl\":\"http:\/\/www.celttv.com.ar\/wp-content\/uploads\/2022\/08\/logo-1.png\",\"width\":461,\"height\":159,\"caption\":\"CELTTV\"},\"image\":{\"@id\":\"https:\/\/www.celttv.com.ar\/#\/schema\/logo\/image\/\"}},{\"@type\":\"Person\",\"@id\":\"https:\/\/www.celttv.com.ar\/#\/schema\/person\/9059dc91dc7204ef4182cdb65225f07d\",\"name\":\"Miguel Herrada\",\"image\":{\"@type\":\"ImageObject\",\"inLanguage\":\"es\",\"@id\":\"https:\/\/www.celttv.com.ar\/#\/schema\/person\/image\/\",\"url\":\"https:\/\/secure.gravatar.com\/avatar\/67724d5b3c716623ffd76bec7e45841a442ac3b456e914dbba90b0fad2b8e0b1?s=96&d=mm&r=g\",\"contentUrl\":\"https:\/\/secure.gravatar.com\/avatar\/67724d5b3c716623ffd76bec7e45841a442ac3b456e914dbba90b0fad2b8e0b1?s=96&d=mm&r=g\",\"caption\":\"Miguel Herrada\"}}]}<\/script>\n<!-- \/ Yoast SEO plugin. -->","yoast_head_json":{"title":"Allanamientos en Saavedra y Tornquist por una causa de robo - CELTTV","description":"Sitio web de noticias de la localidad de Tornquist, provincia de Buenos Aires, Rep\u00fablica Argentina. Contenido propio originado por periodistas de CELTTV, el canal de TV local de la Cooperativa El\u00e9ctrica de Tornquist. Turismo, Pol\u00edtica, Sociedad, Deporte, Cultura y todo el contenido de inter\u00e9s general que la gente del pueblo y la regi\u00f3n debe conocer.","robots":{"index":"index","follow":"follow","max-snippet":"max-snippet:-1","max-image-preview":"max-image-preview:large","max-video-preview":"max-video-preview:-1"},"canonical":"https:\/\/www.celttv.com.ar\/index.php\/2026\/03\/09\/allanamientos-en-saavedra-y-tornquist-por-una-causa-de-robo\/","og_locale":"es_ES","og_type":"article","og_title":"Allanamientos en Saavedra y Tornquist por una causa de robo - CELTTV","og_description":"Sitio web de noticias de la localidad de Tornquist, provincia de Buenos Aires, Rep\u00fablica Argentina. Contenido propio originado por periodistas de CELTTV, el canal de TV local de la Cooperativa El\u00e9ctrica de Tornquist. Turismo, Pol\u00edtica, Sociedad, Deporte, Cultura y todo el contenido de inter\u00e9s general que la gente del pueblo y la regi\u00f3n debe conocer.","og_url":"https:\/\/www.celttv.com.ar\/index.php\/2026\/03\/09\/allanamientos-en-saavedra-y-tornquist-por-una-causa-de-robo\/","og_site_name":"CELTTV","article_publisher":"https:\/\/www.facebook.com\/celtTV\/","article_published_time":"2026-03-09T22:25:03+00:00","article_modified_time":"2026-03-09T22:25:51+00:00","og_image":[{"width":1000,"height":666,"url":"https:\/\/www.celttv.com.ar\/wp-content\/uploads\/2026\/03\/1-3.jpg","type":"image\/jpeg"}],"author":"Miguel Herrada","twitter_card":"summary_large_image","twitter_misc":{"Escrito por":"Miguel Herrada","Tiempo de lectura":"2 minutos"},"schema":{"@context":"https:\/\/schema.org","@graph":[{"@type":"NewsArticle","@id":"https:\/\/www.celttv.com.ar\/index.php\/2026\/03\/09\/allanamientos-en-saavedra-y-tornquist-por-una-causa-de-robo\/#article","isPartOf":{"@id":"https:\/\/www.celttv.com.ar\/index.php\/2026\/03\/09\/allanamientos-en-saavedra-y-tornquist-por-una-causa-de-robo\/"},"author":{"name":"Miguel Herrada","@id":"https:\/\/www.celttv.com.ar\/#\/schema\/person\/9059dc91dc7204ef4182cdb65225f07d"},"headline":"Allanamientos en Saavedra y Tornquist por una causa de robo","datePublished":"2026-03-09T22:25:03+00:00","dateModified":"2026-03-09T22:25:51+00:00","mainEntityOfPage":{"@id":"https:\/\/www.celttv.com.ar\/index.php\/2026\/03\/09\/allanamientos-en-saavedra-y-tornquist-por-una-causa-de-robo\/"},"wordCount":372,"publisher":{"@id":"https:\/\/www.celttv.com.ar\/#organization"},"inLanguage":"es"},{"@type":"WebPage","@id":"https:\/\/www.celttv.com.ar\/index.php\/2026\/03\/09\/allanamientos-en-saavedra-y-tornquist-por-una-causa-de-robo\/","url":"https:\/\/www.celttv.com.ar\/index.php\/2026\/03\/09\/allanamientos-en-saavedra-y-tornquist-por-una-causa-de-robo\/","name":"Allanamientos en Saavedra y Tornquist por una causa de robo - CELTTV","isPartOf":{"@id":"https:\/\/www.celttv.com.ar\/#website"},"datePublished":"2026-03-09T22:25:03+00:00","dateModified":"2026-03-09T22:25:51+00:00","description":"Sitio web de noticias de la localidad de Tornquist, provincia de Buenos Aires, Rep\u00fablica Argentina. Contenido propio originado por periodistas de CELTTV, el canal de TV local de la Cooperativa El\u00e9ctrica de Tornquist. Turismo, Pol\u00edtica, Sociedad, Deporte, Cultura y todo el contenido de inter\u00e9s general que la gente del pueblo y la regi\u00f3n debe conocer.","breadcrumb":{"@id":"https:\/\/www.celttv.com.ar\/index.php\/2026\/03\/09\/allanamientos-en-saavedra-y-tornquist-por-una-causa-de-robo\/#breadcrumb"},"inLanguage":"es","potentialAction":[{"@type":"ReadAction","target":["https:\/\/www.celttv.com.ar\/index.php\/2026\/03\/09\/allanamientos-en-saavedra-y-tornquist-por-una-causa-de-robo\/"]}]},{"@type":"BreadcrumbList","@id":"https:\/\/www.celttv.com.ar\/index.php\/2026\/03\/09\/allanamientos-en-saavedra-y-tornquist-por-una-causa-de-robo\/#breadcrumb","itemListElement":[{"@type":"ListItem","position":1,"name":"Inicio","item":"https:\/\/www.celttv.com.ar\/"},{"@type":"ListItem","position":2,"name":"Allanamientos en Saavedra y Tornquist por una causa de robo"}]},{"@type":"WebSite","@id":"https:\/\/www.celttv.com.ar\/#website","url":"https:\/\/www.celttv.com.ar\/","name":"CELTTV","description":"Cooperativa El\u00e9ctrica de Tornquist","publisher":{"@id":"https:\/\/www.celttv.com.ar\/#organization"},"potentialAction":[{"@type":"SearchAction","target":{"@type":"EntryPoint","urlTemplate":"https:\/\/www.celttv.com.ar\/?s={search_term_string}"},"query-input":"required name=search_term_string"}],"inLanguage":"es"},{"@type":"Organization","@id":"https:\/\/www.celttv.com.ar\/#organization","name":"CELTTV","url":"https:\/\/www.celttv.com.ar\/","sameAs":["https:\/\/www.youtube.com\/channel\/UCz_oIt8Hig64Ub-EmcNPIhg","https:\/\/www.facebook.com\/celtTV\/"],"logo":{"@type":"ImageObject","inLanguage":"es","@id":"https:\/\/www.celttv.com.ar\/#\/schema\/logo\/image\/","url":"http:\/\/www.celttv.com.ar\/wp-content\/uploads\/2022\/08\/logo-1.png","contentUrl":"http:\/\/www.celttv.com.ar\/wp-content\/uploads\/2022\/08\/logo-1.png","width":461,"height":159,"caption":"CELTTV"},"image":{"@id":"https:\/\/www.celttv.com.ar\/#\/schema\/logo\/image\/"}},{"@type":"Person","@id":"https:\/\/www.celttv.com.ar\/#\/schema\/person\/9059dc91dc7204ef4182cdb65225f07d","name":"Miguel Herrada","image":{"@type":"ImageObject","inLanguage":"es","@id":"https:\/\/www.celttv.com.ar\/#\/schema\/person\/image\/","url":"https:\/\/secure.gravatar.com\/avatar\/67724d5b3c716623ffd76bec7e45841a442ac3b456e914dbba90b0fad2b8e0b1?s=96&d=mm&r=g","contentUrl":"https:\/\/secure.gravatar.com\/avatar\/67724d5b3c716623ffd76bec7e45841a442ac3b456e914dbba90b0fad2b8e0b1?s=96&d=mm&r=g","caption":"Miguel Herrada"}}]}},"_links":{"self":[{"href":"https:\/\/www.celttv.com.ar\/index.php\/wp-json\/wp\/v2\/posts\/91587","targetHints":{"allow":["GET"]}}],"collection":[{"href":"https:\/\/www.celttv.com.ar\/index.php\/wp-json\/wp\/v2\/posts"}],"about":[{"href":"https:\/\/www.celttv.com.ar\/index.php\/wp-json\/wp\/v2\/types\/post"}],"author":[{"embeddable":true,"href":"https:\/\/www.celttv.com.ar\/index.php\/wp-json\/wp\/v2\/users\/5"}],"replies":[{"embeddable":true,"href":"https:\/\/www.celttv.com.ar\/index.php\/wp-json\/wp\/v2\/comments?post=91587"}],"version-history":[{"count":3,"href":"https:\/\/www.celttv.com.ar\/index.php\/wp-json\/wp\/v2\/posts\/91587\/revisions"}],"predecessor-version":[{"id":91591,"href":"https:\/\/www.celttv.com.ar\/index.php\/wp-json\/wp\/v2\/posts\/91587\/revisions\/91591"}],"wp:featuredmedia":[{"embeddable":true,"href":"https:\/\/www.celttv.com.ar\/index.php\/wp-json\/wp\/v2\/media\/91589"}],"wp:attachment":[{"href":"https:\/\/www.celttv.com.ar\/index.php\/wp-json\/wp\/v2\/media?parent=91587"}],"wp:term":[{"taxonomy":"category","embeddable":true,"href":"https:\/\/www.celttv.com.ar\/index.php\/wp-json\/wp\/v2\/categories?post=91587"},{"taxonomy":"post_tag","embeddable":true,"href":"https:\/\/www.celttv.com.ar\/index.php\/wp-json\/wp\/v2\/tags?post=91587"}],"curies":[{"name":"wp","href":"https:\/\/api.w.org\/{rel}","templated":true}]}}