{"id":91592,"date":"2026-03-09T19:53:24","date_gmt":"2026-03-09T22:53:24","guid":{"rendered":"https:\/\/www.celttv.com.ar\/?p=91592"},"modified":"2026-03-09T19:53:24","modified_gmt":"2026-03-09T22:53:24","slug":"tornquist-conmemoro-el-dia-internacional-de-la-mujer-con-la-5-feria-mostrarte-mujer","status":"publish","type":"post","link":"https:\/\/www.celttv.com.ar\/index.php\/2026\/03\/09\/tornquist-conmemoro-el-dia-internacional-de-la-mujer-con-la-5-feria-mostrarte-mujer\/","title":{"rendered":"Tornquist conmemor\u00f3 el D\u00eda Internacional de la Mujer con la 5\u00b0 Feria \u2018MostrArte Mujer\u2019"},"content":{"rendered":"<p><strong>Tornquist conmemor\u00f3 el D\u00eda Internacional de la Mujer con la 5\u00b0 Feria \u2018MostrArte Mujer\u2019<\/strong><\/p>\n<p>En el marco del D\u00eda Internacional de la Mujer, este domingo se llev\u00f3 adelante en la Plaza Ernesto Tornquist la 5\u00b0 edici\u00f3n de la Feria \u201cMostrArte Mujer\u201d, una propuesta impulsada por Tornquist Municipio para visibilizar el trabajo, el compromiso y el desarrollo de mujeres del distrito.<\/p>\n<p>La feria cont\u00f3 con la participaci\u00f3n de m\u00e1s de 20 artesanas, quienes exhibieron y ofrecieron sus productos, generando un espacio de encuentro para vecinos y vecinas y promoviendo el trabajo y la producci\u00f3n local.<\/p>\n<p>Durante la jornada, la Intendente Estefan\u00eda Bordoni, destac\u00f3 la importancia de la fecha, invitando a reflexionar sobre los derechos conquistados y la necesidad de seguir impulsando acciones que promuevan la igualdad de oportunidades y el desarrollo de las mujeres en todos los \u00e1mbitos de la sociedad.<\/p>\n<p>La propuesta incluy\u00f3 tambi\u00e9n la presentaci\u00f3n en vivo de la Escuela Folkl\u00f3rica Municipal y del grupo \u2018Media Pinta\u2019, coronando una tarde de feria, cultura y participaci\u00f3n comunitaria.<\/p>\n<p><img loading=\"lazy\" decoding=\"async\" class=\"alignnone wp-image-91594 size-large\" src=\"https:\/\/www.celttv.com.ar\/wp-content\/uploads\/2026\/03\/Mostrarte-26-2-Medium-1024x683.jpg\" alt=\"\" width=\"1024\" height=\"683\" srcset=\"https:\/\/www.celttv.com.ar\/wp-content\/uploads\/2026\/03\/Mostrarte-26-2-Medium-1024x683.jpg 1024w, https:\/\/www.celttv.com.ar\/wp-content\/uploads\/2026\/03\/Mostrarte-26-2-Medium-300x200.jpg 300w, https:\/\/www.celttv.com.ar\/wp-content\/uploads\/2026\/03\/Mostrarte-26-2-Medium-768x512.jpg 768w, https:\/\/www.celttv.com.ar\/wp-content\/uploads\/2026\/03\/Mostrarte-26-2-Medium-750x500.jpg 750w, https:\/\/www.celttv.com.ar\/wp-content\/uploads\/2026\/03\/Mostrarte-26-2-Medium-1140x760.jpg 1140w, https:\/\/www.celttv.com.ar\/wp-content\/uploads\/2026\/03\/Mostrarte-26-2-Medium.jpg 1152w\" sizes=\"auto, (max-width: 1024px) 100vw, 1024px\" \/> <img loading=\"lazy\" decoding=\"async\" class=\"alignnone wp-image-91595 size-large\" src=\"https:\/\/www.celttv.com.ar\/wp-content\/uploads\/2026\/03\/Mostrarte-26-3-Medium-1024x683.jpg\" alt=\"\" width=\"1024\" height=\"683\" srcset=\"https:\/\/www.celttv.com.ar\/wp-content\/uploads\/2026\/03\/Mostrarte-26-3-Medium-1024x683.jpg 1024w, https:\/\/www.celttv.com.ar\/wp-content\/uploads\/2026\/03\/Mostrarte-26-3-Medium-300x200.jpg 300w, https:\/\/www.celttv.com.ar\/wp-content\/uploads\/2026\/03\/Mostrarte-26-3-Medium-768x512.jpg 768w, https:\/\/www.celttv.com.ar\/wp-content\/uploads\/2026\/03\/Mostrarte-26-3-Medium-750x500.jpg 750w, https:\/\/www.celttv.com.ar\/wp-content\/uploads\/2026\/03\/Mostrarte-26-3-Medium-1140x760.jpg 1140w, https:\/\/www.celttv.com.ar\/wp-content\/uploads\/2026\/03\/Mostrarte-26-3-Medium.jpg 1152w\" sizes=\"auto, (max-width: 1024px) 100vw, 1024px\" \/> <img loading=\"lazy\" decoding=\"async\" class=\"alignnone wp-image-91596 size-large\" src=\"https:\/\/www.celttv.com.ar\/wp-content\/uploads\/2026\/03\/Mostrarte-26-4-Medium-1024x683.jpg\" alt=\"\" width=\"1024\" height=\"683\" srcset=\"https:\/\/www.celttv.com.ar\/wp-content\/uploads\/2026\/03\/Mostrarte-26-4-Medium-1024x683.jpg 1024w, https:\/\/www.celttv.com.ar\/wp-content\/uploads\/2026\/03\/Mostrarte-26-4-Medium-300x200.jpg 300w, https:\/\/www.celttv.com.ar\/wp-content\/uploads\/2026\/03\/Mostrarte-26-4-Medium-768x512.jpg 768w, https:\/\/www.celttv.com.ar\/wp-content\/uploads\/2026\/03\/Mostrarte-26-4-Medium-750x500.jpg 750w, https:\/\/www.celttv.com.ar\/wp-content\/uploads\/2026\/03\/Mostrarte-26-4-Medium-1140x760.jpg 1140w, https:\/\/www.celttv.com.ar\/wp-content\/uploads\/2026\/03\/Mostrarte-26-4-Medium.jpg 1152w\" sizes=\"auto, (max-width: 1024px) 100vw, 1024px\" \/> <img loading=\"lazy\" decoding=\"async\" class=\"alignnone wp-image-91597 size-large\" src=\"https:\/\/www.celttv.com.ar\/wp-content\/uploads\/2026\/03\/Mostrarte-26-5-Medium-1024x683.jpg\" alt=\"\" width=\"1024\" height=\"683\" srcset=\"https:\/\/www.celttv.com.ar\/wp-content\/uploads\/2026\/03\/Mostrarte-26-5-Medium-1024x683.jpg 1024w, https:\/\/www.celttv.com.ar\/wp-content\/uploads\/2026\/03\/Mostrarte-26-5-Medium-300x200.jpg 300w, https:\/\/www.celttv.com.ar\/wp-content\/uploads\/2026\/03\/Mostrarte-26-5-Medium-768x512.jpg 768w, https:\/\/www.celttv.com.ar\/wp-content\/uploads\/2026\/03\/Mostrarte-26-5-Medium-750x500.jpg 750w, https:\/\/www.celttv.com.ar\/wp-content\/uploads\/2026\/03\/Mostrarte-26-5-Medium-1140x760.jpg 1140w, https:\/\/www.celttv.com.ar\/wp-content\/uploads\/2026\/03\/Mostrarte-26-5-Medium.jpg 1152w\" sizes=\"auto, (max-width: 1024px) 100vw, 1024px\" \/> <img loading=\"lazy\" decoding=\"async\" class=\"alignnone wp-image-91598 size-large\" src=\"https:\/\/www.celttv.com.ar\/wp-content\/uploads\/2026\/03\/Mostrarte-26-6-Medium-1024x683.jpg\" alt=\"\" width=\"1024\" height=\"683\" srcset=\"https:\/\/www.celttv.com.ar\/wp-content\/uploads\/2026\/03\/Mostrarte-26-6-Medium-1024x683.jpg 1024w, https:\/\/www.celttv.com.ar\/wp-content\/uploads\/2026\/03\/Mostrarte-26-6-Medium-300x200.jpg 300w, https:\/\/www.celttv.com.ar\/wp-content\/uploads\/2026\/03\/Mostrarte-26-6-Medium-768x512.jpg 768w, https:\/\/www.celttv.com.ar\/wp-content\/uploads\/2026\/03\/Mostrarte-26-6-Medium-750x500.jpg 750w, https:\/\/www.celttv.com.ar\/wp-content\/uploads\/2026\/03\/Mostrarte-26-6-Medium-1140x760.jpg 1140w, https:\/\/www.celttv.com.ar\/wp-content\/uploads\/2026\/03\/Mostrarte-26-6-Medium.jpg 1152w\" sizes=\"auto, (max-width: 1024px) 100vw, 1024px\" \/> <img loading=\"lazy\" decoding=\"async\" class=\"alignnone wp-image-91599 size-large\" src=\"https:\/\/www.celttv.com.ar\/wp-content\/uploads\/2026\/03\/Mostrarte-26-7-Medium-1024x683.jpg\" alt=\"\" width=\"1024\" height=\"683\" srcset=\"https:\/\/www.celttv.com.ar\/wp-content\/uploads\/2026\/03\/Mostrarte-26-7-Medium-1024x683.jpg 1024w, https:\/\/www.celttv.com.ar\/wp-content\/uploads\/2026\/03\/Mostrarte-26-7-Medium-300x200.jpg 300w, https:\/\/www.celttv.com.ar\/wp-content\/uploads\/2026\/03\/Mostrarte-26-7-Medium-768x512.jpg 768w, https:\/\/www.celttv.com.ar\/wp-content\/uploads\/2026\/03\/Mostrarte-26-7-Medium-750x500.jpg 750w, https:\/\/www.celttv.com.ar\/wp-content\/uploads\/2026\/03\/Mostrarte-26-7-Medium-1140x760.jpg 1140w, https:\/\/www.celttv.com.ar\/wp-content\/uploads\/2026\/03\/Mostrarte-26-7-Medium.jpg 1152w\" sizes=\"auto, (max-width: 1024px) 100vw, 1024px\" \/> <img loading=\"lazy\" decoding=\"async\" class=\"alignnone wp-image-91600 size-large\" src=\"https:\/\/www.celttv.com.ar\/wp-content\/uploads\/2026\/03\/Mostrarte-26-8-Medium-1024x683.jpg\" alt=\"\" width=\"1024\" height=\"683\" srcset=\"https:\/\/www.celttv.com.ar\/wp-content\/uploads\/2026\/03\/Mostrarte-26-8-Medium-1024x683.jpg 1024w, https:\/\/www.celttv.com.ar\/wp-content\/uploads\/2026\/03\/Mostrarte-26-8-Medium-300x200.jpg 300w, https:\/\/www.celttv.com.ar\/wp-content\/uploads\/2026\/03\/Mostrarte-26-8-Medium-768x512.jpg 768w, https:\/\/www.celttv.com.ar\/wp-content\/uploads\/2026\/03\/Mostrarte-26-8-Medium-750x500.jpg 750w, https:\/\/www.celttv.com.ar\/wp-content\/uploads\/2026\/03\/Mostrarte-26-8-Medium-1140x760.jpg 1140w, https:\/\/www.celttv.com.ar\/wp-content\/uploads\/2026\/03\/Mostrarte-26-8-Medium.jpg 1152w\" sizes=\"auto, (max-width: 1024px) 100vw, 1024px\" \/> <img loading=\"lazy\" decoding=\"async\" class=\"alignnone wp-image-91601 size-large\" src=\"https:\/\/www.celttv.com.ar\/wp-content\/uploads\/2026\/03\/Mostrarte-26-9-Medium-1024x683.jpg\" alt=\"\" width=\"1024\" height=\"683\" srcset=\"https:\/\/www.celttv.com.ar\/wp-content\/uploads\/2026\/03\/Mostrarte-26-9-Medium-1024x683.jpg 1024w, https:\/\/www.celttv.com.ar\/wp-content\/uploads\/2026\/03\/Mostrarte-26-9-Medium-300x200.jpg 300w, https:\/\/www.celttv.com.ar\/wp-content\/uploads\/2026\/03\/Mostrarte-26-9-Medium-768x512.jpg 768w, https:\/\/www.celttv.com.ar\/wp-content\/uploads\/2026\/03\/Mostrarte-26-9-Medium-750x500.jpg 750w, https:\/\/www.celttv.com.ar\/wp-content\/uploads\/2026\/03\/Mostrarte-26-9-Medium-1140x760.jpg 1140w, https:\/\/www.celttv.com.ar\/wp-content\/uploads\/2026\/03\/Mostrarte-26-9-Medium.jpg 1152w\" sizes=\"auto, (max-width: 1024px) 100vw, 1024px\" \/> <img loading=\"lazy\" decoding=\"async\" class=\"alignnone wp-image-91602 size-large\" src=\"https:\/\/www.celttv.com.ar\/wp-content\/uploads\/2026\/03\/Mostrarte-26-10-Medium-1024x683.jpg\" alt=\"\" width=\"1024\" height=\"683\" srcset=\"https:\/\/www.celttv.com.ar\/wp-content\/uploads\/2026\/03\/Mostrarte-26-10-Medium-1024x683.jpg 1024w, https:\/\/www.celttv.com.ar\/wp-content\/uploads\/2026\/03\/Mostrarte-26-10-Medium-300x200.jpg 300w, https:\/\/www.celttv.com.ar\/wp-content\/uploads\/2026\/03\/Mostrarte-26-10-Medium-768x512.jpg 768w, https:\/\/www.celttv.com.ar\/wp-content\/uploads\/2026\/03\/Mostrarte-26-10-Medium-750x500.jpg 750w, https:\/\/www.celttv.com.ar\/wp-content\/uploads\/2026\/03\/Mostrarte-26-10-Medium-1140x760.jpg 1140w, https:\/\/www.celttv.com.ar\/wp-content\/uploads\/2026\/03\/Mostrarte-26-10-Medium.jpg 1152w\" sizes=\"auto, (max-width: 1024px) 100vw, 1024px\" \/><\/p>\n","protected":false},"excerpt":{"rendered":"<p>Tornquist conmemor\u00f3 el D\u00eda Internacional de la Mujer con la 5\u00b0 Feria \u2018MostrArte Mujer\u2019 En el marco del D\u00eda Internacional de la Mujer, este domingo se llev\u00f3 adelante en la Plaza Ernesto Tornquist la 5\u00b0 edici\u00f3n de la Feria \u201cMostrArte Mujer\u201d, una propuesta impulsada por Tornquist Municipio para visibilizar el trabajo, el compromiso y el [&hellip;]<\/p>\n","protected":false},"author":5,"featured_media":91594,"comment_status":"closed","ping_status":"closed","sticky":false,"template":"","format":"standard","meta":{"footnotes":""},"categories":[56],"tags":[],"class_list":["post-91592","post","type-post","status-publish","format-standard","has-post-thumbnail","hentry","category-espectaculos"],"yoast_head":"<!-- This site is optimized with the Yoast SEO plugin v19.7.1 - https:\/\/yoast.com\/wordpress\/plugins\/seo\/ -->\n<title>Tornquist conmemor\u00f3 el D\u00eda Internacional de la Mujer con la 5\u00b0 Feria \u2018MostrArte Mujer\u2019 - CELTTV<\/title>\n<meta name=\"description\" content=\"Sitio web de noticias de la localidad de Tornquist, provincia de Buenos Aires, Rep\u00fablica Argentina. Contenido propio originado por periodistas de CELTTV, el canal de TV local de la Cooperativa El\u00e9ctrica de Tornquist. Turismo, Pol\u00edtica, Sociedad, Deporte, Cultura y todo el contenido de inter\u00e9s general que la gente del pueblo y la regi\u00f3n debe conocer.\" \/>\n<meta name=\"robots\" content=\"index, follow, max-snippet:-1, max-image-preview:large, max-video-preview:-1\" \/>\n<link rel=\"canonical\" href=\"https:\/\/www.celttv.com.ar\/index.php\/2026\/03\/09\/tornquist-conmemoro-el-dia-internacional-de-la-mujer-con-la-5-feria-mostrarte-mujer\/\" \/>\n<meta property=\"og:locale\" content=\"es_ES\" \/>\n<meta property=\"og:type\" content=\"article\" \/>\n<meta property=\"og:title\" content=\"Tornquist conmemor\u00f3 el D\u00eda Internacional de la Mujer con la 5\u00b0 Feria \u2018MostrArte Mujer\u2019 - CELTTV\" \/>\n<meta property=\"og:description\" content=\"Sitio web de noticias de la localidad de Tornquist, provincia de Buenos Aires, Rep\u00fablica Argentina. Contenido propio originado por periodistas de CELTTV, el canal de TV local de la Cooperativa El\u00e9ctrica de Tornquist. Turismo, Pol\u00edtica, Sociedad, Deporte, Cultura y todo el contenido de inter\u00e9s general que la gente del pueblo y la regi\u00f3n debe conocer.\" \/>\n<meta property=\"og:url\" content=\"https:\/\/www.celttv.com.ar\/index.php\/2026\/03\/09\/tornquist-conmemoro-el-dia-internacional-de-la-mujer-con-la-5-feria-mostrarte-mujer\/\" \/>\n<meta property=\"og:site_name\" content=\"CELTTV\" \/>\n<meta property=\"article:publisher\" content=\"https:\/\/www.facebook.com\/celtTV\/\" \/>\n<meta property=\"article:published_time\" content=\"2026-03-09T22:53:24+00:00\" \/>\n<meta property=\"og:image\" content=\"https:\/\/www.celttv.com.ar\/wp-content\/uploads\/2026\/03\/Mostrarte-26-2-Medium.jpg\" \/>\n\t<meta property=\"og:image:width\" content=\"1152\" \/>\n\t<meta property=\"og:image:height\" content=\"768\" \/>\n\t<meta property=\"og:image:type\" content=\"image\/jpeg\" \/>\n<meta name=\"author\" content=\"Miguel Herrada\" \/>\n<meta name=\"twitter:card\" content=\"summary_large_image\" \/>\n<meta name=\"twitter:label1\" content=\"Escrito por\" \/>\n\t<meta name=\"twitter:data1\" content=\"Miguel Herrada\" \/>\n\t<meta name=\"twitter:label2\" content=\"Tiempo de lectura\" \/>\n\t<meta name=\"twitter:data2\" content=\"1 minuto\" \/>\n<script type=\"application\/ld+json\" class=\"yoast-schema-graph\">{\"@context\":\"https:\/\/schema.org\",\"@graph\":[{\"@type\":\"NewsArticle\",\"@id\":\"https:\/\/www.celttv.com.ar\/index.php\/2026\/03\/09\/tornquist-conmemoro-el-dia-internacional-de-la-mujer-con-la-5-feria-mostrarte-mujer\/#article\",\"isPartOf\":{\"@id\":\"https:\/\/www.celttv.com.ar\/index.php\/2026\/03\/09\/tornquist-conmemoro-el-dia-internacional-de-la-mujer-con-la-5-feria-mostrarte-mujer\/\"},\"author\":{\"name\":\"Miguel Herrada\",\"@id\":\"https:\/\/www.celttv.com.ar\/#\/schema\/person\/9059dc91dc7204ef4182cdb65225f07d\"},\"headline\":\"Tornquist conmemor\u00f3 el D\u00eda Internacional de la Mujer con la 5\u00b0 Feria \u2018MostrArte Mujer\u2019\",\"datePublished\":\"2026-03-09T22:53:24+00:00\",\"dateModified\":\"2026-03-09T22:53:24+00:00\",\"mainEntityOfPage\":{\"@id\":\"https:\/\/www.celttv.com.ar\/index.php\/2026\/03\/09\/tornquist-conmemoro-el-dia-internacional-de-la-mujer-con-la-5-feria-mostrarte-mujer\/\"},\"wordCount\":189,\"publisher\":{\"@id\":\"https:\/\/www.celttv.com.ar\/#organization\"},\"articleSection\":[\"Espect\u00e1culos\"],\"inLanguage\":\"es\"},{\"@type\":\"WebPage\",\"@id\":\"https:\/\/www.celttv.com.ar\/index.php\/2026\/03\/09\/tornquist-conmemoro-el-dia-internacional-de-la-mujer-con-la-5-feria-mostrarte-mujer\/\",\"url\":\"https:\/\/www.celttv.com.ar\/index.php\/2026\/03\/09\/tornquist-conmemoro-el-dia-internacional-de-la-mujer-con-la-5-feria-mostrarte-mujer\/\",\"name\":\"Tornquist conmemor\u00f3 el D\u00eda Internacional de la Mujer con la 5\u00b0 Feria \u2018MostrArte Mujer\u2019 - CELTTV\",\"isPartOf\":{\"@id\":\"https:\/\/www.celttv.com.ar\/#website\"},\"datePublished\":\"2026-03-09T22:53:24+00:00\",\"dateModified\":\"2026-03-09T22:53:24+00:00\",\"description\":\"Sitio web de noticias de la localidad de Tornquist, provincia de Buenos Aires, Rep\u00fablica Argentina. Contenido propio originado por periodistas de CELTTV, el canal de TV local de la Cooperativa El\u00e9ctrica de Tornquist. Turismo, Pol\u00edtica, Sociedad, Deporte, Cultura y todo el contenido de inter\u00e9s general que la gente del pueblo y la regi\u00f3n debe conocer.\",\"breadcrumb\":{\"@id\":\"https:\/\/www.celttv.com.ar\/index.php\/2026\/03\/09\/tornquist-conmemoro-el-dia-internacional-de-la-mujer-con-la-5-feria-mostrarte-mujer\/#breadcrumb\"},\"inLanguage\":\"es\",\"potentialAction\":[{\"@type\":\"ReadAction\",\"target\":[\"https:\/\/www.celttv.com.ar\/index.php\/2026\/03\/09\/tornquist-conmemoro-el-dia-internacional-de-la-mujer-con-la-5-feria-mostrarte-mujer\/\"]}]},{\"@type\":\"BreadcrumbList\",\"@id\":\"https:\/\/www.celttv.com.ar\/index.php\/2026\/03\/09\/tornquist-conmemoro-el-dia-internacional-de-la-mujer-con-la-5-feria-mostrarte-mujer\/#breadcrumb\",\"itemListElement\":[{\"@type\":\"ListItem\",\"position\":1,\"name\":\"Inicio\",\"item\":\"https:\/\/www.celttv.com.ar\/\"},{\"@type\":\"ListItem\",\"position\":2,\"name\":\"Tornquist conmemor\u00f3 el D\u00eda Internacional de la Mujer con la 5\u00b0 Feria \u2018MostrArte Mujer\u2019\"}]},{\"@type\":\"WebSite\",\"@id\":\"https:\/\/www.celttv.com.ar\/#website\",\"url\":\"https:\/\/www.celttv.com.ar\/\",\"name\":\"CELTTV\",\"description\":\"Cooperativa El\u00e9ctrica de Tornquist\",\"publisher\":{\"@id\":\"https:\/\/www.celttv.com.ar\/#organization\"},\"potentialAction\":[{\"@type\":\"SearchAction\",\"target\":{\"@type\":\"EntryPoint\",\"urlTemplate\":\"https:\/\/www.celttv.com.ar\/?s={search_term_string}\"},\"query-input\":\"required name=search_term_string\"}],\"inLanguage\":\"es\"},{\"@type\":\"Organization\",\"@id\":\"https:\/\/www.celttv.com.ar\/#organization\",\"name\":\"CELTTV\",\"url\":\"https:\/\/www.celttv.com.ar\/\",\"sameAs\":[\"https:\/\/www.youtube.com\/channel\/UCz_oIt8Hig64Ub-EmcNPIhg\",\"https:\/\/www.facebook.com\/celtTV\/\"],\"logo\":{\"@type\":\"ImageObject\",\"inLanguage\":\"es\",\"@id\":\"https:\/\/www.celttv.com.ar\/#\/schema\/logo\/image\/\",\"url\":\"http:\/\/www.celttv.com.ar\/wp-content\/uploads\/2022\/08\/logo-1.png\",\"contentUrl\":\"http:\/\/www.celttv.com.ar\/wp-content\/uploads\/2022\/08\/logo-1.png\",\"width\":461,\"height\":159,\"caption\":\"CELTTV\"},\"image\":{\"@id\":\"https:\/\/www.celttv.com.ar\/#\/schema\/logo\/image\/\"}},{\"@type\":\"Person\",\"@id\":\"https:\/\/www.celttv.com.ar\/#\/schema\/person\/9059dc91dc7204ef4182cdb65225f07d\",\"name\":\"Miguel Herrada\",\"image\":{\"@type\":\"ImageObject\",\"inLanguage\":\"es\",\"@id\":\"https:\/\/www.celttv.com.ar\/#\/schema\/person\/image\/\",\"url\":\"https:\/\/secure.gravatar.com\/avatar\/67724d5b3c716623ffd76bec7e45841a442ac3b456e914dbba90b0fad2b8e0b1?s=96&d=mm&r=g\",\"contentUrl\":\"https:\/\/secure.gravatar.com\/avatar\/67724d5b3c716623ffd76bec7e45841a442ac3b456e914dbba90b0fad2b8e0b1?s=96&d=mm&r=g\",\"caption\":\"Miguel Herrada\"}}]}<\/script>\n<!-- \/ Yoast SEO plugin. -->","yoast_head_json":{"title":"Tornquist conmemor\u00f3 el D\u00eda Internacional de la Mujer con la 5\u00b0 Feria \u2018MostrArte Mujer\u2019 - CELTTV","description":"Sitio web de noticias de la localidad de Tornquist, provincia de Buenos Aires, Rep\u00fablica Argentina. Contenido propio originado por periodistas de CELTTV, el canal de TV local de la Cooperativa El\u00e9ctrica de Tornquist. Turismo, Pol\u00edtica, Sociedad, Deporte, Cultura y todo el contenido de inter\u00e9s general que la gente del pueblo y la regi\u00f3n debe conocer.","robots":{"index":"index","follow":"follow","max-snippet":"max-snippet:-1","max-image-preview":"max-image-preview:large","max-video-preview":"max-video-preview:-1"},"canonical":"https:\/\/www.celttv.com.ar\/index.php\/2026\/03\/09\/tornquist-conmemoro-el-dia-internacional-de-la-mujer-con-la-5-feria-mostrarte-mujer\/","og_locale":"es_ES","og_type":"article","og_title":"Tornquist conmemor\u00f3 el D\u00eda Internacional de la Mujer con la 5\u00b0 Feria \u2018MostrArte Mujer\u2019 - CELTTV","og_description":"Sitio web de noticias de la localidad de Tornquist, provincia de Buenos Aires, Rep\u00fablica Argentina. Contenido propio originado por periodistas de CELTTV, el canal de TV local de la Cooperativa El\u00e9ctrica de Tornquist. Turismo, Pol\u00edtica, Sociedad, Deporte, Cultura y todo el contenido de inter\u00e9s general que la gente del pueblo y la regi\u00f3n debe conocer.","og_url":"https:\/\/www.celttv.com.ar\/index.php\/2026\/03\/09\/tornquist-conmemoro-el-dia-internacional-de-la-mujer-con-la-5-feria-mostrarte-mujer\/","og_site_name":"CELTTV","article_publisher":"https:\/\/www.facebook.com\/celtTV\/","article_published_time":"2026-03-09T22:53:24+00:00","og_image":[{"width":1152,"height":768,"url":"https:\/\/www.celttv.com.ar\/wp-content\/uploads\/2026\/03\/Mostrarte-26-2-Medium.jpg","type":"image\/jpeg"}],"author":"Miguel Herrada","twitter_card":"summary_large_image","twitter_misc":{"Escrito por":"Miguel Herrada","Tiempo de lectura":"1 minuto"},"schema":{"@context":"https:\/\/schema.org","@graph":[{"@type":"NewsArticle","@id":"https:\/\/www.celttv.com.ar\/index.php\/2026\/03\/09\/tornquist-conmemoro-el-dia-internacional-de-la-mujer-con-la-5-feria-mostrarte-mujer\/#article","isPartOf":{"@id":"https:\/\/www.celttv.com.ar\/index.php\/2026\/03\/09\/tornquist-conmemoro-el-dia-internacional-de-la-mujer-con-la-5-feria-mostrarte-mujer\/"},"author":{"name":"Miguel Herrada","@id":"https:\/\/www.celttv.com.ar\/#\/schema\/person\/9059dc91dc7204ef4182cdb65225f07d"},"headline":"Tornquist conmemor\u00f3 el D\u00eda Internacional de la Mujer con la 5\u00b0 Feria \u2018MostrArte Mujer\u2019","datePublished":"2026-03-09T22:53:24+00:00","dateModified":"2026-03-09T22:53:24+00:00","mainEntityOfPage":{"@id":"https:\/\/www.celttv.com.ar\/index.php\/2026\/03\/09\/tornquist-conmemoro-el-dia-internacional-de-la-mujer-con-la-5-feria-mostrarte-mujer\/"},"wordCount":189,"publisher":{"@id":"https:\/\/www.celttv.com.ar\/#organization"},"articleSection":["Espect\u00e1culos"],"inLanguage":"es"},{"@type":"WebPage","@id":"https:\/\/www.celttv.com.ar\/index.php\/2026\/03\/09\/tornquist-conmemoro-el-dia-internacional-de-la-mujer-con-la-5-feria-mostrarte-mujer\/","url":"https:\/\/www.celttv.com.ar\/index.php\/2026\/03\/09\/tornquist-conmemoro-el-dia-internacional-de-la-mujer-con-la-5-feria-mostrarte-mujer\/","name":"Tornquist conmemor\u00f3 el D\u00eda Internacional de la Mujer con la 5\u00b0 Feria \u2018MostrArte Mujer\u2019 - CELTTV","isPartOf":{"@id":"https:\/\/www.celttv.com.ar\/#website"},"datePublished":"2026-03-09T22:53:24+00:00","dateModified":"2026-03-09T22:53:24+00:00","description":"Sitio web de noticias de la localidad de Tornquist, provincia de Buenos Aires, Rep\u00fablica Argentina. Contenido propio originado por periodistas de CELTTV, el canal de TV local de la Cooperativa El\u00e9ctrica de Tornquist. Turismo, Pol\u00edtica, Sociedad, Deporte, Cultura y todo el contenido de inter\u00e9s general que la gente del pueblo y la regi\u00f3n debe conocer.","breadcrumb":{"@id":"https:\/\/www.celttv.com.ar\/index.php\/2026\/03\/09\/tornquist-conmemoro-el-dia-internacional-de-la-mujer-con-la-5-feria-mostrarte-mujer\/#breadcrumb"},"inLanguage":"es","potentialAction":[{"@type":"ReadAction","target":["https:\/\/www.celttv.com.ar\/index.php\/2026\/03\/09\/tornquist-conmemoro-el-dia-internacional-de-la-mujer-con-la-5-feria-mostrarte-mujer\/"]}]},{"@type":"BreadcrumbList","@id":"https:\/\/www.celttv.com.ar\/index.php\/2026\/03\/09\/tornquist-conmemoro-el-dia-internacional-de-la-mujer-con-la-5-feria-mostrarte-mujer\/#breadcrumb","itemListElement":[{"@type":"ListItem","position":1,"name":"Inicio","item":"https:\/\/www.celttv.com.ar\/"},{"@type":"ListItem","position":2,"name":"Tornquist conmemor\u00f3 el D\u00eda Internacional de la Mujer con la 5\u00b0 Feria \u2018MostrArte Mujer\u2019"}]},{"@type":"WebSite","@id":"https:\/\/www.celttv.com.ar\/#website","url":"https:\/\/www.celttv.com.ar\/","name":"CELTTV","description":"Cooperativa El\u00e9ctrica de Tornquist","publisher":{"@id":"https:\/\/www.celttv.com.ar\/#organization"},"potentialAction":[{"@type":"SearchAction","target":{"@type":"EntryPoint","urlTemplate":"https:\/\/www.celttv.com.ar\/?s={search_term_string}"},"query-input":"required name=search_term_string"}],"inLanguage":"es"},{"@type":"Organization","@id":"https:\/\/www.celttv.com.ar\/#organization","name":"CELTTV","url":"https:\/\/www.celttv.com.ar\/","sameAs":["https:\/\/www.youtube.com\/channel\/UCz_oIt8Hig64Ub-EmcNPIhg","https:\/\/www.facebook.com\/celtTV\/"],"logo":{"@type":"ImageObject","inLanguage":"es","@id":"https:\/\/www.celttv.com.ar\/#\/schema\/logo\/image\/","url":"http:\/\/www.celttv.com.ar\/wp-content\/uploads\/2022\/08\/logo-1.png","contentUrl":"http:\/\/www.celttv.com.ar\/wp-content\/uploads\/2022\/08\/logo-1.png","width":461,"height":159,"caption":"CELTTV"},"image":{"@id":"https:\/\/www.celttv.com.ar\/#\/schema\/logo\/image\/"}},{"@type":"Person","@id":"https:\/\/www.celttv.com.ar\/#\/schema\/person\/9059dc91dc7204ef4182cdb65225f07d","name":"Miguel Herrada","image":{"@type":"ImageObject","inLanguage":"es","@id":"https:\/\/www.celttv.com.ar\/#\/schema\/person\/image\/","url":"https:\/\/secure.gravatar.com\/avatar\/67724d5b3c716623ffd76bec7e45841a442ac3b456e914dbba90b0fad2b8e0b1?s=96&d=mm&r=g","contentUrl":"https:\/\/secure.gravatar.com\/avatar\/67724d5b3c716623ffd76bec7e45841a442ac3b456e914dbba90b0fad2b8e0b1?s=96&d=mm&r=g","caption":"Miguel Herrada"}}]}},"_links":{"self":[{"href":"https:\/\/www.celttv.com.ar\/index.php\/wp-json\/wp\/v2\/posts\/91592","targetHints":{"allow":["GET"]}}],"collection":[{"href":"https:\/\/www.celttv.com.ar\/index.php\/wp-json\/wp\/v2\/posts"}],"about":[{"href":"https:\/\/www.celttv.com.ar\/index.php\/wp-json\/wp\/v2\/types\/post"}],"author":[{"embeddable":true,"href":"https:\/\/www.celttv.com.ar\/index.php\/wp-json\/wp\/v2\/users\/5"}],"replies":[{"embeddable":true,"href":"https:\/\/www.celttv.com.ar\/index.php\/wp-json\/wp\/v2\/comments?post=91592"}],"version-history":[{"count":1,"href":"https:\/\/www.celttv.com.ar\/index.php\/wp-json\/wp\/v2\/posts\/91592\/revisions"}],"predecessor-version":[{"id":91603,"href":"https:\/\/www.celttv.com.ar\/index.php\/wp-json\/wp\/v2\/posts\/91592\/revisions\/91603"}],"wp:featuredmedia":[{"embeddable":true,"href":"https:\/\/www.celttv.com.ar\/index.php\/wp-json\/wp\/v2\/media\/91594"}],"wp:attachment":[{"href":"https:\/\/www.celttv.com.ar\/index.php\/wp-json\/wp\/v2\/media?parent=91592"}],"wp:term":[{"taxonomy":"category","embeddable":true,"href":"https:\/\/www.celttv.com.ar\/index.php\/wp-json\/wp\/v2\/categories?post=91592"},{"taxonomy":"post_tag","embeddable":true,"href":"https:\/\/www.celttv.com.ar\/index.php\/wp-json\/wp\/v2\/tags?post=91592"}],"curies":[{"name":"wp","href":"https:\/\/api.w.org\/{rel}","templated":true}]}}