{"id":91605,"date":"2026-03-10T10:35:53","date_gmt":"2026-03-10T13:35:53","guid":{"rendered":"https:\/\/www.celttv.com.ar\/?p=91605"},"modified":"2026-03-10T10:35:53","modified_gmt":"2026-03-10T13:35:53","slug":"hay-que-eliminar-muchas-tasas-pero-darle-a-los-municipios-recursos-que-hoy-estan-concentrados-en-la-provincia","status":"publish","type":"post","link":"https:\/\/www.celttv.com.ar\/index.php\/2026\/03\/10\/hay-que-eliminar-muchas-tasas-pero-darle-a-los-municipios-recursos-que-hoy-estan-concentrados-en-la-provincia\/","title":{"rendered":"\u201cHay que eliminar muchas tasas, pero darle a los municipios recursos que hoy est\u00e1n concentrados en la Provincia\u201d"},"content":{"rendered":"<p style=\"font-weight: 400;\"><strong>\u201cHay que eliminar muchas tasas, pero darle a los municipios recursos que hoy est\u00e1n concentrados en la Provincia\u201d<\/strong><\/p>\n<p style=\"font-weight: 400;\">\n<p style=\"font-weight: 400;\">Lo dijo la senadora provincial de la UCR Nerina Neumann al opinar sobre la pol\u00e9mica que se suscit\u00f3 alrededor de las tasas municipales. La legisladora sostuvo adem\u00e1s que la discusi\u00f3n debe ampliarse hacia un tema m\u00e1s profundo, como es el financiamiento de los municipios. \u201cLas municipalidades son el mostrador del Estado, es el primer lugar donde van los vecinos por inconvenientes cotidianos y debe dar respuestas a sus comunidades todos los d\u00edas, por eso es importante que sin oportunismos debatamos seriamente c\u00f3mo se financian\u201d, dijo.<\/p>\n<p style=\"font-weight: 400;\">\n<p style=\"font-weight: 400;\">\n<p style=\"font-weight: 400;\">\u201cEst\u00e1 bien que la discusi\u00f3n sobre las tasas municipales haya salido de los Concejos Deliberantes y haya tomado una dimensi\u00f3n provincial, porque eso nos permite debatir algo mucho m\u00e1s importante: c\u00f3mo se financian los municipios\u201d, se\u00f1al\u00f3 la senadora provincial de la UCR; Nerina Neumann Losada, con relaci\u00f3n al debate acerca de las tasas municipales.<\/p>\n<p style=\"font-weight: 400;\">\n<p style=\"font-weight: 400;\">En ese sentido, Neumann explic\u00f3 que actualmente la presi\u00f3n tributaria en Argentina se distribuye aproximadamente en 80% para Naci\u00f3n, 16% para las provincias y apenas 4% para los municipios, lo que demuestra \u2014seg\u00fan afirm\u00f3\u2014 que muchas veces el debate se inicia \u201cpor el extremo equivocado\u201d.<\/p>\n<p style=\"font-weight: 400;\">\n<p style=\"font-weight: 400;\">\u201cSin dudas hay tasas que deber\u00edan eliminarse, como por ejemplo algunas vinculadas al combustible, y otras deber\u00edan cobrarse de manera m\u00e1s racional, como la tasa de alumbrado. Pero tambi\u00e9n es cierto que muchas de las tasas que hoy se discuten son derechos de oficina o contribuciones menores que casi nadie paga y que tienen muy poco impacto real en las finanzas municipales\u201d, explic\u00f3.<\/p>\n<p style=\"font-weight: 400;\">\n<p style=\"font-weight: 400;\">\n<p style=\"font-weight: 400;\"><u>Autonom\u00eda Municipal<\/u><\/p>\n<p style=\"font-weight: 400;\">\n<p style=\"font-weight: 400;\">Para la legisladora radical el problema de fondo es la fuerte centralizaci\u00f3n de recursos en el nivel provincial, lo que termina condicionando la autonom\u00eda de los gobiernos locales.<\/p>\n<p style=\"font-weight: 400;\">\n<p style=\"font-weight: 400;\">\u201cCuando la Provincia concentra los recursos, los municipios terminan buscando mecanismos para financiarse con tasas que muchas veces se desvirt\u00faan. Al mismo tiempo, esa situaci\u00f3n tambi\u00e9n genera que algunos intendentes se victimicen frente a problemas de gesti\u00f3n o falta de obras\u201d, sostuvo.<\/p>\n<p style=\"font-weight: 400;\">\n<p style=\"font-weight: 400;\">En ese marco, la legisladora record\u00f3 que desde el radicalismo se impulsa una reforma del sistema de coparticipaci\u00f3n provincial para fortalecer a los municipios. \u201cDesde la UCR proponemos que la Provincia aumente progresivamente la coparticipaci\u00f3n municipal, llev\u00e1ndola del 16,14% actual al 20% en un plazo de cuatro a\u00f1os. De esa manera los municipios podr\u00edan contar con m\u00e1s recursos propios y menos dependencia del gobierno provincial\u201d, explic\u00f3.<\/p>\n<p style=\"font-weight: 400;\">\n<p style=\"font-weight: 400;\">\u201cTambi\u00e9n proponemos \u2013agreg\u00f3-, que cada Concejo Deliberante junto con el Presupuesto deba aprobar un Plan de Obras Municipales que no podr\u00e1 ser inferior al 12% de lo recibido por coparticipaci\u00f3n. La idea no solo es darle m\u00e1s recursos a los municipios, tambi\u00e9n que asuman responsabilidades y utilicen los nuevos recursos para Obras que hasta ahora depend\u00edan de la provincia o de los Fondos de Obra extraordinarios que aprobamos en la Legislatura\u201d<\/p>\n<p style=\"font-weight: 400;\">\n<p style=\"font-weight: 400;\">Finalmente, Neumann se\u00f1al\u00f3 que el rol de la Provincia debe concentrarse en sus responsabilidades centrales. \u201cLa Provincia tiene que enfocarse en garantizar el funcionamiento de \u00e1reas clave como IOMA, las rutas provinciales, la educaci\u00f3n y la seguridad. Hoy, sin embargo, muchas veces termina financiando \u2014si quiere o si hay buena relaci\u00f3n pol\u00edtica\u2014 obras como iluminaci\u00f3n, cord\u00f3n cuneta, pavimento o redes de agua y cloacas que deber\u00edan poder realizar los municipios con recursos propios y sin tener que depender del gobernador de turno\u201d, afirm\u00f3.<\/p>\n<p style=\"font-weight: 400;\">\n<p style=\"font-weight: 400;\">\u201cEn el fondo, esta discusi\u00f3n nos lleva a algo m\u00e1s profundo: la autonom\u00eda municipal. Municipios con m\u00e1s recursos y m\u00e1s autonom\u00eda tambi\u00e9n son municipios con m\u00e1s responsabilidad y m\u00e1s capacidad para resolver los problemas concretos de sus vecinos\u201d, finaliz\u00f3 diciendo la senadora radical.<\/p>\n","protected":false},"excerpt":{"rendered":"<p>\u201cHay que eliminar muchas tasas, pero darle a los municipios recursos que hoy est\u00e1n concentrados en la Provincia\u201d Lo dijo la senadora provincial de la UCR Nerina Neumann al opinar sobre la pol\u00e9mica que se suscit\u00f3 alrededor de las tasas municipales. La legisladora sostuvo adem\u00e1s que la discusi\u00f3n debe ampliarse hacia un tema m\u00e1s profundo, [&hellip;]<\/p>\n","protected":false},"author":5,"featured_media":83704,"comment_status":"closed","ping_status":"closed","sticky":false,"template":"","format":"standard","meta":{"footnotes":""},"categories":[53],"tags":[],"class_list":["post-91605","post","type-post","status-publish","format-standard","has-post-thumbnail","hentry","category-politica"],"yoast_head":"<!-- This site is optimized with the Yoast SEO plugin v19.7.1 - https:\/\/yoast.com\/wordpress\/plugins\/seo\/ -->\n<title>\u201cHay que eliminar muchas tasas, pero darle a los municipios recursos que hoy est\u00e1n concentrados en la Provincia\u201d - CELTTV<\/title>\n<meta name=\"description\" content=\"Sitio web de noticias de la localidad de Tornquist, provincia de Buenos Aires, Rep\u00fablica Argentina. Contenido propio originado por periodistas de CELTTV, el canal de TV local de la Cooperativa El\u00e9ctrica de Tornquist. Turismo, Pol\u00edtica, Sociedad, Deporte, Cultura y todo el contenido de inter\u00e9s general que la gente del pueblo y la regi\u00f3n debe conocer.\" \/>\n<meta name=\"robots\" content=\"index, follow, max-snippet:-1, max-image-preview:large, max-video-preview:-1\" \/>\n<link rel=\"canonical\" href=\"https:\/\/www.celttv.com.ar\/index.php\/2026\/03\/10\/hay-que-eliminar-muchas-tasas-pero-darle-a-los-municipios-recursos-que-hoy-estan-concentrados-en-la-provincia\/\" \/>\n<meta property=\"og:locale\" content=\"es_ES\" \/>\n<meta property=\"og:type\" content=\"article\" \/>\n<meta property=\"og:title\" content=\"\u201cHay que eliminar muchas tasas, pero darle a los municipios recursos que hoy est\u00e1n concentrados en la Provincia\u201d - CELTTV\" \/>\n<meta property=\"og:description\" content=\"Sitio web de noticias de la localidad de Tornquist, provincia de Buenos Aires, Rep\u00fablica Argentina. Contenido propio originado por periodistas de CELTTV, el canal de TV local de la Cooperativa El\u00e9ctrica de Tornquist. Turismo, Pol\u00edtica, Sociedad, Deporte, Cultura y todo el contenido de inter\u00e9s general que la gente del pueblo y la regi\u00f3n debe conocer.\" \/>\n<meta property=\"og:url\" content=\"https:\/\/www.celttv.com.ar\/index.php\/2026\/03\/10\/hay-que-eliminar-muchas-tasas-pero-darle-a-los-municipios-recursos-que-hoy-estan-concentrados-en-la-provincia\/\" \/>\n<meta property=\"og:site_name\" content=\"CELTTV\" \/>\n<meta property=\"article:publisher\" content=\"https:\/\/www.facebook.com\/celtTV\/\" \/>\n<meta property=\"article:published_time\" content=\"2026-03-10T13:35:53+00:00\" \/>\n<meta property=\"og:image\" content=\"https:\/\/www.celttv.com.ar\/wp-content\/uploads\/2024\/05\/NERINA-NEUMANN.jpg\" \/>\n\t<meta property=\"og:image:width\" content=\"1274\" \/>\n\t<meta property=\"og:image:height\" content=\"883\" \/>\n\t<meta property=\"og:image:type\" content=\"image\/jpeg\" \/>\n<meta name=\"author\" content=\"Miguel Herrada\" \/>\n<meta name=\"twitter:card\" content=\"summary_large_image\" \/>\n<meta name=\"twitter:label1\" content=\"Escrito por\" \/>\n\t<meta name=\"twitter:data1\" content=\"Miguel Herrada\" \/>\n\t<meta name=\"twitter:label2\" content=\"Tiempo de lectura\" \/>\n\t<meta name=\"twitter:data2\" content=\"3 minutos\" \/>\n<script type=\"application\/ld+json\" class=\"yoast-schema-graph\">{\"@context\":\"https:\/\/schema.org\",\"@graph\":[{\"@type\":\"NewsArticle\",\"@id\":\"https:\/\/www.celttv.com.ar\/index.php\/2026\/03\/10\/hay-que-eliminar-muchas-tasas-pero-darle-a-los-municipios-recursos-que-hoy-estan-concentrados-en-la-provincia\/#article\",\"isPartOf\":{\"@id\":\"https:\/\/www.celttv.com.ar\/index.php\/2026\/03\/10\/hay-que-eliminar-muchas-tasas-pero-darle-a-los-municipios-recursos-que-hoy-estan-concentrados-en-la-provincia\/\"},\"author\":{\"name\":\"Miguel Herrada\",\"@id\":\"https:\/\/www.celttv.com.ar\/#\/schema\/person\/9059dc91dc7204ef4182cdb65225f07d\"},\"headline\":\"\u201cHay que eliminar muchas tasas, pero darle a los municipios recursos que hoy est\u00e1n concentrados en la Provincia\u201d\",\"datePublished\":\"2026-03-10T13:35:53+00:00\",\"dateModified\":\"2026-03-10T13:35:53+00:00\",\"mainEntityOfPage\":{\"@id\":\"https:\/\/www.celttv.com.ar\/index.php\/2026\/03\/10\/hay-que-eliminar-muchas-tasas-pero-darle-a-los-municipios-recursos-que-hoy-estan-concentrados-en-la-provincia\/\"},\"wordCount\":668,\"publisher\":{\"@id\":\"https:\/\/www.celttv.com.ar\/#organization\"},\"articleSection\":[\"Pol\u00edtica\"],\"inLanguage\":\"es\"},{\"@type\":\"WebPage\",\"@id\":\"https:\/\/www.celttv.com.ar\/index.php\/2026\/03\/10\/hay-que-eliminar-muchas-tasas-pero-darle-a-los-municipios-recursos-que-hoy-estan-concentrados-en-la-provincia\/\",\"url\":\"https:\/\/www.celttv.com.ar\/index.php\/2026\/03\/10\/hay-que-eliminar-muchas-tasas-pero-darle-a-los-municipios-recursos-que-hoy-estan-concentrados-en-la-provincia\/\",\"name\":\"\u201cHay que eliminar muchas tasas, pero darle a los municipios recursos que hoy est\u00e1n concentrados en la Provincia\u201d - CELTTV\",\"isPartOf\":{\"@id\":\"https:\/\/www.celttv.com.ar\/#website\"},\"datePublished\":\"2026-03-10T13:35:53+00:00\",\"dateModified\":\"2026-03-10T13:35:53+00:00\",\"description\":\"Sitio web de noticias de la localidad de Tornquist, provincia de Buenos Aires, Rep\u00fablica Argentina. Contenido propio originado por periodistas de CELTTV, el canal de TV local de la Cooperativa El\u00e9ctrica de Tornquist. Turismo, Pol\u00edtica, Sociedad, Deporte, Cultura y todo el contenido de inter\u00e9s general que la gente del pueblo y la regi\u00f3n debe conocer.\",\"breadcrumb\":{\"@id\":\"https:\/\/www.celttv.com.ar\/index.php\/2026\/03\/10\/hay-que-eliminar-muchas-tasas-pero-darle-a-los-municipios-recursos-que-hoy-estan-concentrados-en-la-provincia\/#breadcrumb\"},\"inLanguage\":\"es\",\"potentialAction\":[{\"@type\":\"ReadAction\",\"target\":[\"https:\/\/www.celttv.com.ar\/index.php\/2026\/03\/10\/hay-que-eliminar-muchas-tasas-pero-darle-a-los-municipios-recursos-que-hoy-estan-concentrados-en-la-provincia\/\"]}]},{\"@type\":\"BreadcrumbList\",\"@id\":\"https:\/\/www.celttv.com.ar\/index.php\/2026\/03\/10\/hay-que-eliminar-muchas-tasas-pero-darle-a-los-municipios-recursos-que-hoy-estan-concentrados-en-la-provincia\/#breadcrumb\",\"itemListElement\":[{\"@type\":\"ListItem\",\"position\":1,\"name\":\"Inicio\",\"item\":\"https:\/\/www.celttv.com.ar\/\"},{\"@type\":\"ListItem\",\"position\":2,\"name\":\"\u201cHay que eliminar muchas tasas, pero darle a los municipios recursos que hoy est\u00e1n concentrados en la Provincia\u201d\"}]},{\"@type\":\"WebSite\",\"@id\":\"https:\/\/www.celttv.com.ar\/#website\",\"url\":\"https:\/\/www.celttv.com.ar\/\",\"name\":\"CELTTV\",\"description\":\"Cooperativa El\u00e9ctrica de Tornquist\",\"publisher\":{\"@id\":\"https:\/\/www.celttv.com.ar\/#organization\"},\"potentialAction\":[{\"@type\":\"SearchAction\",\"target\":{\"@type\":\"EntryPoint\",\"urlTemplate\":\"https:\/\/www.celttv.com.ar\/?s={search_term_string}\"},\"query-input\":\"required name=search_term_string\"}],\"inLanguage\":\"es\"},{\"@type\":\"Organization\",\"@id\":\"https:\/\/www.celttv.com.ar\/#organization\",\"name\":\"CELTTV\",\"url\":\"https:\/\/www.celttv.com.ar\/\",\"sameAs\":[\"https:\/\/www.youtube.com\/channel\/UCz_oIt8Hig64Ub-EmcNPIhg\",\"https:\/\/www.facebook.com\/celtTV\/\"],\"logo\":{\"@type\":\"ImageObject\",\"inLanguage\":\"es\",\"@id\":\"https:\/\/www.celttv.com.ar\/#\/schema\/logo\/image\/\",\"url\":\"http:\/\/www.celttv.com.ar\/wp-content\/uploads\/2022\/08\/logo-1.png\",\"contentUrl\":\"http:\/\/www.celttv.com.ar\/wp-content\/uploads\/2022\/08\/logo-1.png\",\"width\":461,\"height\":159,\"caption\":\"CELTTV\"},\"image\":{\"@id\":\"https:\/\/www.celttv.com.ar\/#\/schema\/logo\/image\/\"}},{\"@type\":\"Person\",\"@id\":\"https:\/\/www.celttv.com.ar\/#\/schema\/person\/9059dc91dc7204ef4182cdb65225f07d\",\"name\":\"Miguel Herrada\",\"image\":{\"@type\":\"ImageObject\",\"inLanguage\":\"es\",\"@id\":\"https:\/\/www.celttv.com.ar\/#\/schema\/person\/image\/\",\"url\":\"https:\/\/secure.gravatar.com\/avatar\/67724d5b3c716623ffd76bec7e45841a442ac3b456e914dbba90b0fad2b8e0b1?s=96&d=mm&r=g\",\"contentUrl\":\"https:\/\/secure.gravatar.com\/avatar\/67724d5b3c716623ffd76bec7e45841a442ac3b456e914dbba90b0fad2b8e0b1?s=96&d=mm&r=g\",\"caption\":\"Miguel Herrada\"}}]}<\/script>\n<!-- \/ Yoast SEO plugin. -->","yoast_head_json":{"title":"\u201cHay que eliminar muchas tasas, pero darle a los municipios recursos que hoy est\u00e1n concentrados en la Provincia\u201d - CELTTV","description":"Sitio web de noticias de la localidad de Tornquist, provincia de Buenos Aires, Rep\u00fablica Argentina. Contenido propio originado por periodistas de CELTTV, el canal de TV local de la Cooperativa El\u00e9ctrica de Tornquist. Turismo, Pol\u00edtica, Sociedad, Deporte, Cultura y todo el contenido de inter\u00e9s general que la gente del pueblo y la regi\u00f3n debe conocer.","robots":{"index":"index","follow":"follow","max-snippet":"max-snippet:-1","max-image-preview":"max-image-preview:large","max-video-preview":"max-video-preview:-1"},"canonical":"https:\/\/www.celttv.com.ar\/index.php\/2026\/03\/10\/hay-que-eliminar-muchas-tasas-pero-darle-a-los-municipios-recursos-que-hoy-estan-concentrados-en-la-provincia\/","og_locale":"es_ES","og_type":"article","og_title":"\u201cHay que eliminar muchas tasas, pero darle a los municipios recursos que hoy est\u00e1n concentrados en la Provincia\u201d - CELTTV","og_description":"Sitio web de noticias de la localidad de Tornquist, provincia de Buenos Aires, Rep\u00fablica Argentina. Contenido propio originado por periodistas de CELTTV, el canal de TV local de la Cooperativa El\u00e9ctrica de Tornquist. Turismo, Pol\u00edtica, Sociedad, Deporte, Cultura y todo el contenido de inter\u00e9s general que la gente del pueblo y la regi\u00f3n debe conocer.","og_url":"https:\/\/www.celttv.com.ar\/index.php\/2026\/03\/10\/hay-que-eliminar-muchas-tasas-pero-darle-a-los-municipios-recursos-que-hoy-estan-concentrados-en-la-provincia\/","og_site_name":"CELTTV","article_publisher":"https:\/\/www.facebook.com\/celtTV\/","article_published_time":"2026-03-10T13:35:53+00:00","og_image":[{"width":1274,"height":883,"url":"https:\/\/www.celttv.com.ar\/wp-content\/uploads\/2024\/05\/NERINA-NEUMANN.jpg","type":"image\/jpeg"}],"author":"Miguel Herrada","twitter_card":"summary_large_image","twitter_misc":{"Escrito por":"Miguel Herrada","Tiempo de lectura":"3 minutos"},"schema":{"@context":"https:\/\/schema.org","@graph":[{"@type":"NewsArticle","@id":"https:\/\/www.celttv.com.ar\/index.php\/2026\/03\/10\/hay-que-eliminar-muchas-tasas-pero-darle-a-los-municipios-recursos-que-hoy-estan-concentrados-en-la-provincia\/#article","isPartOf":{"@id":"https:\/\/www.celttv.com.ar\/index.php\/2026\/03\/10\/hay-que-eliminar-muchas-tasas-pero-darle-a-los-municipios-recursos-que-hoy-estan-concentrados-en-la-provincia\/"},"author":{"name":"Miguel Herrada","@id":"https:\/\/www.celttv.com.ar\/#\/schema\/person\/9059dc91dc7204ef4182cdb65225f07d"},"headline":"\u201cHay que eliminar muchas tasas, pero darle a los municipios recursos que hoy est\u00e1n concentrados en la Provincia\u201d","datePublished":"2026-03-10T13:35:53+00:00","dateModified":"2026-03-10T13:35:53+00:00","mainEntityOfPage":{"@id":"https:\/\/www.celttv.com.ar\/index.php\/2026\/03\/10\/hay-que-eliminar-muchas-tasas-pero-darle-a-los-municipios-recursos-que-hoy-estan-concentrados-en-la-provincia\/"},"wordCount":668,"publisher":{"@id":"https:\/\/www.celttv.com.ar\/#organization"},"articleSection":["Pol\u00edtica"],"inLanguage":"es"},{"@type":"WebPage","@id":"https:\/\/www.celttv.com.ar\/index.php\/2026\/03\/10\/hay-que-eliminar-muchas-tasas-pero-darle-a-los-municipios-recursos-que-hoy-estan-concentrados-en-la-provincia\/","url":"https:\/\/www.celttv.com.ar\/index.php\/2026\/03\/10\/hay-que-eliminar-muchas-tasas-pero-darle-a-los-municipios-recursos-que-hoy-estan-concentrados-en-la-provincia\/","name":"\u201cHay que eliminar muchas tasas, pero darle a los municipios recursos que hoy est\u00e1n concentrados en la Provincia\u201d - CELTTV","isPartOf":{"@id":"https:\/\/www.celttv.com.ar\/#website"},"datePublished":"2026-03-10T13:35:53+00:00","dateModified":"2026-03-10T13:35:53+00:00","description":"Sitio web de noticias de la localidad de Tornquist, provincia de Buenos Aires, Rep\u00fablica Argentina. Contenido propio originado por periodistas de CELTTV, el canal de TV local de la Cooperativa El\u00e9ctrica de Tornquist. Turismo, Pol\u00edtica, Sociedad, Deporte, Cultura y todo el contenido de inter\u00e9s general que la gente del pueblo y la regi\u00f3n debe conocer.","breadcrumb":{"@id":"https:\/\/www.celttv.com.ar\/index.php\/2026\/03\/10\/hay-que-eliminar-muchas-tasas-pero-darle-a-los-municipios-recursos-que-hoy-estan-concentrados-en-la-provincia\/#breadcrumb"},"inLanguage":"es","potentialAction":[{"@type":"ReadAction","target":["https:\/\/www.celttv.com.ar\/index.php\/2026\/03\/10\/hay-que-eliminar-muchas-tasas-pero-darle-a-los-municipios-recursos-que-hoy-estan-concentrados-en-la-provincia\/"]}]},{"@type":"BreadcrumbList","@id":"https:\/\/www.celttv.com.ar\/index.php\/2026\/03\/10\/hay-que-eliminar-muchas-tasas-pero-darle-a-los-municipios-recursos-que-hoy-estan-concentrados-en-la-provincia\/#breadcrumb","itemListElement":[{"@type":"ListItem","position":1,"name":"Inicio","item":"https:\/\/www.celttv.com.ar\/"},{"@type":"ListItem","position":2,"name":"\u201cHay que eliminar muchas tasas, pero darle a los municipios recursos que hoy est\u00e1n concentrados en la Provincia\u201d"}]},{"@type":"WebSite","@id":"https:\/\/www.celttv.com.ar\/#website","url":"https:\/\/www.celttv.com.ar\/","name":"CELTTV","description":"Cooperativa El\u00e9ctrica de Tornquist","publisher":{"@id":"https:\/\/www.celttv.com.ar\/#organization"},"potentialAction":[{"@type":"SearchAction","target":{"@type":"EntryPoint","urlTemplate":"https:\/\/www.celttv.com.ar\/?s={search_term_string}"},"query-input":"required name=search_term_string"}],"inLanguage":"es"},{"@type":"Organization","@id":"https:\/\/www.celttv.com.ar\/#organization","name":"CELTTV","url":"https:\/\/www.celttv.com.ar\/","sameAs":["https:\/\/www.youtube.com\/channel\/UCz_oIt8Hig64Ub-EmcNPIhg","https:\/\/www.facebook.com\/celtTV\/"],"logo":{"@type":"ImageObject","inLanguage":"es","@id":"https:\/\/www.celttv.com.ar\/#\/schema\/logo\/image\/","url":"http:\/\/www.celttv.com.ar\/wp-content\/uploads\/2022\/08\/logo-1.png","contentUrl":"http:\/\/www.celttv.com.ar\/wp-content\/uploads\/2022\/08\/logo-1.png","width":461,"height":159,"caption":"CELTTV"},"image":{"@id":"https:\/\/www.celttv.com.ar\/#\/schema\/logo\/image\/"}},{"@type":"Person","@id":"https:\/\/www.celttv.com.ar\/#\/schema\/person\/9059dc91dc7204ef4182cdb65225f07d","name":"Miguel Herrada","image":{"@type":"ImageObject","inLanguage":"es","@id":"https:\/\/www.celttv.com.ar\/#\/schema\/person\/image\/","url":"https:\/\/secure.gravatar.com\/avatar\/67724d5b3c716623ffd76bec7e45841a442ac3b456e914dbba90b0fad2b8e0b1?s=96&d=mm&r=g","contentUrl":"https:\/\/secure.gravatar.com\/avatar\/67724d5b3c716623ffd76bec7e45841a442ac3b456e914dbba90b0fad2b8e0b1?s=96&d=mm&r=g","caption":"Miguel Herrada"}}]}},"_links":{"self":[{"href":"https:\/\/www.celttv.com.ar\/index.php\/wp-json\/wp\/v2\/posts\/91605","targetHints":{"allow":["GET"]}}],"collection":[{"href":"https:\/\/www.celttv.com.ar\/index.php\/wp-json\/wp\/v2\/posts"}],"about":[{"href":"https:\/\/www.celttv.com.ar\/index.php\/wp-json\/wp\/v2\/types\/post"}],"author":[{"embeddable":true,"href":"https:\/\/www.celttv.com.ar\/index.php\/wp-json\/wp\/v2\/users\/5"}],"replies":[{"embeddable":true,"href":"https:\/\/www.celttv.com.ar\/index.php\/wp-json\/wp\/v2\/comments?post=91605"}],"version-history":[{"count":1,"href":"https:\/\/www.celttv.com.ar\/index.php\/wp-json\/wp\/v2\/posts\/91605\/revisions"}],"predecessor-version":[{"id":91606,"href":"https:\/\/www.celttv.com.ar\/index.php\/wp-json\/wp\/v2\/posts\/91605\/revisions\/91606"}],"wp:featuredmedia":[{"embeddable":true,"href":"https:\/\/www.celttv.com.ar\/index.php\/wp-json\/wp\/v2\/media\/83704"}],"wp:attachment":[{"href":"https:\/\/www.celttv.com.ar\/index.php\/wp-json\/wp\/v2\/media?parent=91605"}],"wp:term":[{"taxonomy":"category","embeddable":true,"href":"https:\/\/www.celttv.com.ar\/index.php\/wp-json\/wp\/v2\/categories?post=91605"},{"taxonomy":"post_tag","embeddable":true,"href":"https:\/\/www.celttv.com.ar\/index.php\/wp-json\/wp\/v2\/tags?post=91605"}],"curies":[{"name":"wp","href":"https:\/\/api.w.org\/{rel}","templated":true}]}}