{"id":91633,"date":"2026-03-11T17:03:38","date_gmt":"2026-03-11T20:03:38","guid":{"rendered":"https:\/\/www.celttv.com.ar\/?p=91633"},"modified":"2026-03-11T17:03:38","modified_gmt":"2026-03-11T20:03:38","slug":"centro-universitario-tornquist-abierta-la-preinscripcion-a-la-diplomatura-en-turismo-y-hospitalidad","status":"publish","type":"post","link":"https:\/\/www.celttv.com.ar\/index.php\/2026\/03\/11\/centro-universitario-tornquist-abierta-la-preinscripcion-a-la-diplomatura-en-turismo-y-hospitalidad\/","title":{"rendered":"Centro Universitario Tornquist: Abierta la preinscripci\u00f3n a la Diplomatura en Turismo y Hospitalidad"},"content":{"rendered":"<p><strong>Centro Universitario Tornquist: Abierta la preinscripci\u00f3n a la Diplomatura en Turismo y Hospitalidad<\/strong><\/p>\n<p>Se encuentra abierta, hasta el 31 de marzo, la preinscripci\u00f3n a la Diplomatura Universitaria en Turismo y Hospitalidad, que se dictar\u00e1 a partir de abril en el Centro Universitario \u2018Elsa Kaltembach\u2019 de Tornquist.<\/p>\n<p>La diplomatura ser\u00e1 brindada por la Universidad Nacional de Avellaneda (UNDAV), a trav\u00e9s del Programa Puentes. Tendr\u00e1 una duraci\u00f3n de seis meses y la cursada ser\u00e1 bajo modalidad h\u00edbrida. El inicio de la propuesta estar\u00e1 sujeto a que se alcance el cupo m\u00ednimo de inscriptos.<\/p>\n<p>Los interesados deben completar el siguiente formulario:<br \/>\n<a href=\"https:\/\/docs.google.com\/forms\/d\/e\/1FAIpQLSfffq0M2DKhHp3g9rVUpoAwbTnWoBkCPbUmxwJa3l_3kkScLA\/viewform\">https:\/\/docs.google.com\/forms\/d\/e\/1FAIpQLSfffq0M2DKhHp3g9rVUpoAwbTnWoBkCPbUmxwJa3l_3kkScLA\/viewform<\/a>.<\/p>\n<p>Los egresados estar\u00e1n capacitados para concebir el turismo y la cultura en t\u00e9rminos de identidad y patrimonio, generando habilidades para vincular el conocimiento te\u00f3rico con el entorno real y actuando como nexos entre el destino tur\u00edstico y el visitante.<\/p>\n<p>Por consultas, dirigirse al Centro Universitario (Av. E. Tornquist 652), de lunes a viernes de 9 a 15 hs; comunicarse al 2915371701 o por mail a centrouniversitariotqt@gmail.com.<\/p>\n<p>&nbsp;<\/p>\n<p><img loading=\"lazy\" decoding=\"async\" class=\"alignnone wp-image-91634 size-large\" src=\"https:\/\/www.celttv.com.ar\/wp-content\/uploads\/2026\/03\/Inscripcio\u0301n_Tornquist_Feed--819x1024.jpg\" alt=\"\" width=\"819\" height=\"1024\" srcset=\"https:\/\/www.celttv.com.ar\/wp-content\/uploads\/2026\/03\/Inscripcio\u0301n_Tornquist_Feed--819x1024.jpg 819w, https:\/\/www.celttv.com.ar\/wp-content\/uploads\/2026\/03\/Inscripcio\u0301n_Tornquist_Feed--240x300.jpg 240w, https:\/\/www.celttv.com.ar\/wp-content\/uploads\/2026\/03\/Inscripcio\u0301n_Tornquist_Feed--768x960.jpg 768w, https:\/\/www.celttv.com.ar\/wp-content\/uploads\/2026\/03\/Inscripcio\u0301n_Tornquist_Feed--750x938.jpg 750w, https:\/\/www.celttv.com.ar\/wp-content\/uploads\/2026\/03\/Inscripcio\u0301n_Tornquist_Feed-.jpg 1080w\" sizes=\"auto, (max-width: 819px) 100vw, 819px\" \/><\/p>\n","protected":false},"excerpt":{"rendered":"<p>Centro Universitario Tornquist: Abierta la preinscripci\u00f3n a la Diplomatura en Turismo y Hospitalidad Se encuentra abierta, hasta el 31 de marzo, la preinscripci\u00f3n a la Diplomatura Universitaria en Turismo y Hospitalidad, que se dictar\u00e1 a partir de abril en el Centro Universitario \u2018Elsa Kaltembach\u2019 de Tornquist. La diplomatura ser\u00e1 brindada por la Universidad Nacional de [&hellip;]<\/p>\n","protected":false},"author":5,"featured_media":91634,"comment_status":"closed","ping_status":"closed","sticky":false,"template":"","format":"standard","meta":{"footnotes":""},"categories":[59],"tags":[],"class_list":["post-91633","post","type-post","status-publish","format-standard","has-post-thumbnail","hentry","category-municipales"],"yoast_head":"<!-- This site is optimized with the Yoast SEO plugin v19.7.1 - https:\/\/yoast.com\/wordpress\/plugins\/seo\/ -->\n<title>Centro Universitario Tornquist: Abierta la preinscripci\u00f3n a la Diplomatura en Turismo y Hospitalidad - CELTTV<\/title>\n<meta name=\"description\" content=\"Sitio web de noticias de la localidad de Tornquist, provincia de Buenos Aires, Rep\u00fablica Argentina. Contenido propio originado por periodistas de CELTTV, el canal de TV local de la Cooperativa El\u00e9ctrica de Tornquist. Turismo, Pol\u00edtica, Sociedad, Deporte, Cultura y todo el contenido de inter\u00e9s general que la gente del pueblo y la regi\u00f3n debe conocer.\" \/>\n<meta name=\"robots\" content=\"index, follow, max-snippet:-1, max-image-preview:large, max-video-preview:-1\" \/>\n<link rel=\"canonical\" href=\"https:\/\/www.celttv.com.ar\/index.php\/2026\/03\/11\/centro-universitario-tornquist-abierta-la-preinscripcion-a-la-diplomatura-en-turismo-y-hospitalidad\/\" \/>\n<meta property=\"og:locale\" content=\"es_ES\" \/>\n<meta property=\"og:type\" content=\"article\" \/>\n<meta property=\"og:title\" content=\"Centro Universitario Tornquist: Abierta la preinscripci\u00f3n a la Diplomatura en Turismo y Hospitalidad - CELTTV\" \/>\n<meta property=\"og:description\" content=\"Sitio web de noticias de la localidad de Tornquist, provincia de Buenos Aires, Rep\u00fablica Argentina. Contenido propio originado por periodistas de CELTTV, el canal de TV local de la Cooperativa El\u00e9ctrica de Tornquist. Turismo, Pol\u00edtica, Sociedad, Deporte, Cultura y todo el contenido de inter\u00e9s general que la gente del pueblo y la regi\u00f3n debe conocer.\" \/>\n<meta property=\"og:url\" content=\"https:\/\/www.celttv.com.ar\/index.php\/2026\/03\/11\/centro-universitario-tornquist-abierta-la-preinscripcion-a-la-diplomatura-en-turismo-y-hospitalidad\/\" \/>\n<meta property=\"og:site_name\" content=\"CELTTV\" \/>\n<meta property=\"article:publisher\" content=\"https:\/\/www.facebook.com\/celtTV\/\" \/>\n<meta property=\"article:published_time\" content=\"2026-03-11T20:03:38+00:00\" \/>\n<meta property=\"og:image\" content=\"https:\/\/www.celttv.com.ar\/wp-content\/uploads\/2026\/03\/Inscripcio\u0301n_Tornquist_Feed-.jpg\" \/>\n\t<meta property=\"og:image:width\" content=\"1080\" \/>\n\t<meta property=\"og:image:height\" content=\"1350\" \/>\n\t<meta property=\"og:image:type\" content=\"image\/jpeg\" \/>\n<meta name=\"author\" content=\"Miguel Herrada\" \/>\n<meta name=\"twitter:card\" content=\"summary_large_image\" \/>\n<meta name=\"twitter:label1\" content=\"Escrito por\" \/>\n\t<meta name=\"twitter:data1\" content=\"Miguel Herrada\" \/>\n\t<meta name=\"twitter:label2\" content=\"Tiempo de lectura\" \/>\n\t<meta name=\"twitter:data2\" content=\"1 minuto\" \/>\n<script type=\"application\/ld+json\" class=\"yoast-schema-graph\">{\"@context\":\"https:\/\/schema.org\",\"@graph\":[{\"@type\":\"NewsArticle\",\"@id\":\"https:\/\/www.celttv.com.ar\/index.php\/2026\/03\/11\/centro-universitario-tornquist-abierta-la-preinscripcion-a-la-diplomatura-en-turismo-y-hospitalidad\/#article\",\"isPartOf\":{\"@id\":\"https:\/\/www.celttv.com.ar\/index.php\/2026\/03\/11\/centro-universitario-tornquist-abierta-la-preinscripcion-a-la-diplomatura-en-turismo-y-hospitalidad\/\"},\"author\":{\"name\":\"Miguel Herrada\",\"@id\":\"https:\/\/www.celttv.com.ar\/#\/schema\/person\/9059dc91dc7204ef4182cdb65225f07d\"},\"headline\":\"Centro Universitario Tornquist: Abierta la preinscripci\u00f3n a la Diplomatura en Turismo y Hospitalidad\",\"datePublished\":\"2026-03-11T20:03:38+00:00\",\"dateModified\":\"2026-03-11T20:03:38+00:00\",\"mainEntityOfPage\":{\"@id\":\"https:\/\/www.celttv.com.ar\/index.php\/2026\/03\/11\/centro-universitario-tornquist-abierta-la-preinscripcion-a-la-diplomatura-en-turismo-y-hospitalidad\/\"},\"wordCount\":201,\"publisher\":{\"@id\":\"https:\/\/www.celttv.com.ar\/#organization\"},\"articleSection\":[\"Municipales\"],\"inLanguage\":\"es\"},{\"@type\":\"WebPage\",\"@id\":\"https:\/\/www.celttv.com.ar\/index.php\/2026\/03\/11\/centro-universitario-tornquist-abierta-la-preinscripcion-a-la-diplomatura-en-turismo-y-hospitalidad\/\",\"url\":\"https:\/\/www.celttv.com.ar\/index.php\/2026\/03\/11\/centro-universitario-tornquist-abierta-la-preinscripcion-a-la-diplomatura-en-turismo-y-hospitalidad\/\",\"name\":\"Centro Universitario Tornquist: Abierta la preinscripci\u00f3n a la Diplomatura en Turismo y Hospitalidad - CELTTV\",\"isPartOf\":{\"@id\":\"https:\/\/www.celttv.com.ar\/#website\"},\"datePublished\":\"2026-03-11T20:03:38+00:00\",\"dateModified\":\"2026-03-11T20:03:38+00:00\",\"description\":\"Sitio web de noticias de la localidad de Tornquist, provincia de Buenos Aires, Rep\u00fablica Argentina. Contenido propio originado por periodistas de CELTTV, el canal de TV local de la Cooperativa El\u00e9ctrica de Tornquist. Turismo, Pol\u00edtica, Sociedad, Deporte, Cultura y todo el contenido de inter\u00e9s general que la gente del pueblo y la regi\u00f3n debe conocer.\",\"breadcrumb\":{\"@id\":\"https:\/\/www.celttv.com.ar\/index.php\/2026\/03\/11\/centro-universitario-tornquist-abierta-la-preinscripcion-a-la-diplomatura-en-turismo-y-hospitalidad\/#breadcrumb\"},\"inLanguage\":\"es\",\"potentialAction\":[{\"@type\":\"ReadAction\",\"target\":[\"https:\/\/www.celttv.com.ar\/index.php\/2026\/03\/11\/centro-universitario-tornquist-abierta-la-preinscripcion-a-la-diplomatura-en-turismo-y-hospitalidad\/\"]}]},{\"@type\":\"BreadcrumbList\",\"@id\":\"https:\/\/www.celttv.com.ar\/index.php\/2026\/03\/11\/centro-universitario-tornquist-abierta-la-preinscripcion-a-la-diplomatura-en-turismo-y-hospitalidad\/#breadcrumb\",\"itemListElement\":[{\"@type\":\"ListItem\",\"position\":1,\"name\":\"Inicio\",\"item\":\"https:\/\/www.celttv.com.ar\/\"},{\"@type\":\"ListItem\",\"position\":2,\"name\":\"Centro Universitario Tornquist: Abierta la preinscripci\u00f3n a la Diplomatura en Turismo y Hospitalidad\"}]},{\"@type\":\"WebSite\",\"@id\":\"https:\/\/www.celttv.com.ar\/#website\",\"url\":\"https:\/\/www.celttv.com.ar\/\",\"name\":\"CELTTV\",\"description\":\"Cooperativa El\u00e9ctrica de Tornquist\",\"publisher\":{\"@id\":\"https:\/\/www.celttv.com.ar\/#organization\"},\"potentialAction\":[{\"@type\":\"SearchAction\",\"target\":{\"@type\":\"EntryPoint\",\"urlTemplate\":\"https:\/\/www.celttv.com.ar\/?s={search_term_string}\"},\"query-input\":\"required name=search_term_string\"}],\"inLanguage\":\"es\"},{\"@type\":\"Organization\",\"@id\":\"https:\/\/www.celttv.com.ar\/#organization\",\"name\":\"CELTTV\",\"url\":\"https:\/\/www.celttv.com.ar\/\",\"sameAs\":[\"https:\/\/www.youtube.com\/channel\/UCz_oIt8Hig64Ub-EmcNPIhg\",\"https:\/\/www.facebook.com\/celtTV\/\"],\"logo\":{\"@type\":\"ImageObject\",\"inLanguage\":\"es\",\"@id\":\"https:\/\/www.celttv.com.ar\/#\/schema\/logo\/image\/\",\"url\":\"http:\/\/www.celttv.com.ar\/wp-content\/uploads\/2022\/08\/logo-1.png\",\"contentUrl\":\"http:\/\/www.celttv.com.ar\/wp-content\/uploads\/2022\/08\/logo-1.png\",\"width\":461,\"height\":159,\"caption\":\"CELTTV\"},\"image\":{\"@id\":\"https:\/\/www.celttv.com.ar\/#\/schema\/logo\/image\/\"}},{\"@type\":\"Person\",\"@id\":\"https:\/\/www.celttv.com.ar\/#\/schema\/person\/9059dc91dc7204ef4182cdb65225f07d\",\"name\":\"Miguel Herrada\",\"image\":{\"@type\":\"ImageObject\",\"inLanguage\":\"es\",\"@id\":\"https:\/\/www.celttv.com.ar\/#\/schema\/person\/image\/\",\"url\":\"https:\/\/secure.gravatar.com\/avatar\/67724d5b3c716623ffd76bec7e45841a442ac3b456e914dbba90b0fad2b8e0b1?s=96&d=mm&r=g\",\"contentUrl\":\"https:\/\/secure.gravatar.com\/avatar\/67724d5b3c716623ffd76bec7e45841a442ac3b456e914dbba90b0fad2b8e0b1?s=96&d=mm&r=g\",\"caption\":\"Miguel Herrada\"}}]}<\/script>\n<!-- \/ Yoast SEO plugin. -->","yoast_head_json":{"title":"Centro Universitario Tornquist: Abierta la preinscripci\u00f3n a la Diplomatura en Turismo y Hospitalidad - CELTTV","description":"Sitio web de noticias de la localidad de Tornquist, provincia de Buenos Aires, Rep\u00fablica Argentina. Contenido propio originado por periodistas de CELTTV, el canal de TV local de la Cooperativa El\u00e9ctrica de Tornquist. Turismo, Pol\u00edtica, Sociedad, Deporte, Cultura y todo el contenido de inter\u00e9s general que la gente del pueblo y la regi\u00f3n debe conocer.","robots":{"index":"index","follow":"follow","max-snippet":"max-snippet:-1","max-image-preview":"max-image-preview:large","max-video-preview":"max-video-preview:-1"},"canonical":"https:\/\/www.celttv.com.ar\/index.php\/2026\/03\/11\/centro-universitario-tornquist-abierta-la-preinscripcion-a-la-diplomatura-en-turismo-y-hospitalidad\/","og_locale":"es_ES","og_type":"article","og_title":"Centro Universitario Tornquist: Abierta la preinscripci\u00f3n a la Diplomatura en Turismo y Hospitalidad - CELTTV","og_description":"Sitio web de noticias de la localidad de Tornquist, provincia de Buenos Aires, Rep\u00fablica Argentina. Contenido propio originado por periodistas de CELTTV, el canal de TV local de la Cooperativa El\u00e9ctrica de Tornquist. Turismo, Pol\u00edtica, Sociedad, Deporte, Cultura y todo el contenido de inter\u00e9s general que la gente del pueblo y la regi\u00f3n debe conocer.","og_url":"https:\/\/www.celttv.com.ar\/index.php\/2026\/03\/11\/centro-universitario-tornquist-abierta-la-preinscripcion-a-la-diplomatura-en-turismo-y-hospitalidad\/","og_site_name":"CELTTV","article_publisher":"https:\/\/www.facebook.com\/celtTV\/","article_published_time":"2026-03-11T20:03:38+00:00","og_image":[{"width":1080,"height":1350,"url":"https:\/\/www.celttv.com.ar\/wp-content\/uploads\/2026\/03\/Inscripcio\u0301n_Tornquist_Feed-.jpg","type":"image\/jpeg"}],"author":"Miguel Herrada","twitter_card":"summary_large_image","twitter_misc":{"Escrito por":"Miguel Herrada","Tiempo de lectura":"1 minuto"},"schema":{"@context":"https:\/\/schema.org","@graph":[{"@type":"NewsArticle","@id":"https:\/\/www.celttv.com.ar\/index.php\/2026\/03\/11\/centro-universitario-tornquist-abierta-la-preinscripcion-a-la-diplomatura-en-turismo-y-hospitalidad\/#article","isPartOf":{"@id":"https:\/\/www.celttv.com.ar\/index.php\/2026\/03\/11\/centro-universitario-tornquist-abierta-la-preinscripcion-a-la-diplomatura-en-turismo-y-hospitalidad\/"},"author":{"name":"Miguel Herrada","@id":"https:\/\/www.celttv.com.ar\/#\/schema\/person\/9059dc91dc7204ef4182cdb65225f07d"},"headline":"Centro Universitario Tornquist: Abierta la preinscripci\u00f3n a la Diplomatura en Turismo y Hospitalidad","datePublished":"2026-03-11T20:03:38+00:00","dateModified":"2026-03-11T20:03:38+00:00","mainEntityOfPage":{"@id":"https:\/\/www.celttv.com.ar\/index.php\/2026\/03\/11\/centro-universitario-tornquist-abierta-la-preinscripcion-a-la-diplomatura-en-turismo-y-hospitalidad\/"},"wordCount":201,"publisher":{"@id":"https:\/\/www.celttv.com.ar\/#organization"},"articleSection":["Municipales"],"inLanguage":"es"},{"@type":"WebPage","@id":"https:\/\/www.celttv.com.ar\/index.php\/2026\/03\/11\/centro-universitario-tornquist-abierta-la-preinscripcion-a-la-diplomatura-en-turismo-y-hospitalidad\/","url":"https:\/\/www.celttv.com.ar\/index.php\/2026\/03\/11\/centro-universitario-tornquist-abierta-la-preinscripcion-a-la-diplomatura-en-turismo-y-hospitalidad\/","name":"Centro Universitario Tornquist: Abierta la preinscripci\u00f3n a la Diplomatura en Turismo y Hospitalidad - CELTTV","isPartOf":{"@id":"https:\/\/www.celttv.com.ar\/#website"},"datePublished":"2026-03-11T20:03:38+00:00","dateModified":"2026-03-11T20:03:38+00:00","description":"Sitio web de noticias de la localidad de Tornquist, provincia de Buenos Aires, Rep\u00fablica Argentina. Contenido propio originado por periodistas de CELTTV, el canal de TV local de la Cooperativa El\u00e9ctrica de Tornquist. Turismo, Pol\u00edtica, Sociedad, Deporte, Cultura y todo el contenido de inter\u00e9s general que la gente del pueblo y la regi\u00f3n debe conocer.","breadcrumb":{"@id":"https:\/\/www.celttv.com.ar\/index.php\/2026\/03\/11\/centro-universitario-tornquist-abierta-la-preinscripcion-a-la-diplomatura-en-turismo-y-hospitalidad\/#breadcrumb"},"inLanguage":"es","potentialAction":[{"@type":"ReadAction","target":["https:\/\/www.celttv.com.ar\/index.php\/2026\/03\/11\/centro-universitario-tornquist-abierta-la-preinscripcion-a-la-diplomatura-en-turismo-y-hospitalidad\/"]}]},{"@type":"BreadcrumbList","@id":"https:\/\/www.celttv.com.ar\/index.php\/2026\/03\/11\/centro-universitario-tornquist-abierta-la-preinscripcion-a-la-diplomatura-en-turismo-y-hospitalidad\/#breadcrumb","itemListElement":[{"@type":"ListItem","position":1,"name":"Inicio","item":"https:\/\/www.celttv.com.ar\/"},{"@type":"ListItem","position":2,"name":"Centro Universitario Tornquist: Abierta la preinscripci\u00f3n a la Diplomatura en Turismo y Hospitalidad"}]},{"@type":"WebSite","@id":"https:\/\/www.celttv.com.ar\/#website","url":"https:\/\/www.celttv.com.ar\/","name":"CELTTV","description":"Cooperativa El\u00e9ctrica de Tornquist","publisher":{"@id":"https:\/\/www.celttv.com.ar\/#organization"},"potentialAction":[{"@type":"SearchAction","target":{"@type":"EntryPoint","urlTemplate":"https:\/\/www.celttv.com.ar\/?s={search_term_string}"},"query-input":"required name=search_term_string"}],"inLanguage":"es"},{"@type":"Organization","@id":"https:\/\/www.celttv.com.ar\/#organization","name":"CELTTV","url":"https:\/\/www.celttv.com.ar\/","sameAs":["https:\/\/www.youtube.com\/channel\/UCz_oIt8Hig64Ub-EmcNPIhg","https:\/\/www.facebook.com\/celtTV\/"],"logo":{"@type":"ImageObject","inLanguage":"es","@id":"https:\/\/www.celttv.com.ar\/#\/schema\/logo\/image\/","url":"http:\/\/www.celttv.com.ar\/wp-content\/uploads\/2022\/08\/logo-1.png","contentUrl":"http:\/\/www.celttv.com.ar\/wp-content\/uploads\/2022\/08\/logo-1.png","width":461,"height":159,"caption":"CELTTV"},"image":{"@id":"https:\/\/www.celttv.com.ar\/#\/schema\/logo\/image\/"}},{"@type":"Person","@id":"https:\/\/www.celttv.com.ar\/#\/schema\/person\/9059dc91dc7204ef4182cdb65225f07d","name":"Miguel Herrada","image":{"@type":"ImageObject","inLanguage":"es","@id":"https:\/\/www.celttv.com.ar\/#\/schema\/person\/image\/","url":"https:\/\/secure.gravatar.com\/avatar\/67724d5b3c716623ffd76bec7e45841a442ac3b456e914dbba90b0fad2b8e0b1?s=96&d=mm&r=g","contentUrl":"https:\/\/secure.gravatar.com\/avatar\/67724d5b3c716623ffd76bec7e45841a442ac3b456e914dbba90b0fad2b8e0b1?s=96&d=mm&r=g","caption":"Miguel Herrada"}}]}},"_links":{"self":[{"href":"https:\/\/www.celttv.com.ar\/index.php\/wp-json\/wp\/v2\/posts\/91633","targetHints":{"allow":["GET"]}}],"collection":[{"href":"https:\/\/www.celttv.com.ar\/index.php\/wp-json\/wp\/v2\/posts"}],"about":[{"href":"https:\/\/www.celttv.com.ar\/index.php\/wp-json\/wp\/v2\/types\/post"}],"author":[{"embeddable":true,"href":"https:\/\/www.celttv.com.ar\/index.php\/wp-json\/wp\/v2\/users\/5"}],"replies":[{"embeddable":true,"href":"https:\/\/www.celttv.com.ar\/index.php\/wp-json\/wp\/v2\/comments?post=91633"}],"version-history":[{"count":1,"href":"https:\/\/www.celttv.com.ar\/index.php\/wp-json\/wp\/v2\/posts\/91633\/revisions"}],"predecessor-version":[{"id":91635,"href":"https:\/\/www.celttv.com.ar\/index.php\/wp-json\/wp\/v2\/posts\/91633\/revisions\/91635"}],"wp:featuredmedia":[{"embeddable":true,"href":"https:\/\/www.celttv.com.ar\/index.php\/wp-json\/wp\/v2\/media\/91634"}],"wp:attachment":[{"href":"https:\/\/www.celttv.com.ar\/index.php\/wp-json\/wp\/v2\/media?parent=91633"}],"wp:term":[{"taxonomy":"category","embeddable":true,"href":"https:\/\/www.celttv.com.ar\/index.php\/wp-json\/wp\/v2\/categories?post=91633"},{"taxonomy":"post_tag","embeddable":true,"href":"https:\/\/www.celttv.com.ar\/index.php\/wp-json\/wp\/v2\/tags?post=91633"}],"curies":[{"name":"wp","href":"https:\/\/api.w.org\/{rel}","templated":true}]}}