{"id":91661,"date":"2026-03-15T12:26:00","date_gmt":"2026-03-15T15:26:00","guid":{"rendered":"https:\/\/www.celttv.com.ar\/?p=91661"},"modified":"2026-03-15T13:28:04","modified_gmt":"2026-03-15T16:28:04","slug":"se-vota-con-normalidad-en-la-interna-del-justicialismo-en-el-distrito-de-tornquist","status":"publish","type":"post","link":"https:\/\/www.celttv.com.ar\/index.php\/2026\/03\/15\/se-vota-con-normalidad-en-la-interna-del-justicialismo-en-el-distrito-de-tornquist\/","title":{"rendered":"Se vota con normalidad en la interna del justicialismo en el distrito de Tornquist"},"content":{"rendered":"<p>El dirigente justicialista Juan Carlos Gisler\u00a0 encabezar\u00e1 la Lista Celeste N\u00ba 2, mientras Alberto \u201cTiTo\u201d Musso encabeza la\u00a0 lista azul N\u00ba4 que compite este domingo en la interna del Partido Justicialista del distrito de Tornquist,<\/p>\n<p><strong>TORNQUIST Y CORONEL SUAREZ LOS DOS UNICOS DISTRITOS DE LA SEXTA<\/strong><\/p>\n<p>El kirchnerismo y el MDF se enfrentan en los distritos en donde no hubo acuerdo para consensuar una \u00fanica lista<\/p>\n<h4 class=\"p12Heading h1 p12Header \">En internas, se define la conducci\u00f3n del PJ para 16 municipios<\/h4>\n<p class=\"c-paragraph\">En\u00a0<b>Tornquist<\/b>, el actual presidente del PJ y exalcalde Gustavo Trankels impulsa la lista de\u00a0<b>Juan Carlos Gisler<\/b>, mientras que el ex intendente y recientemente nombrado director del BaPro alineado con Sergio Massa, Sergio Bordoni, postula a <b>Alberto Musso<\/b>.<\/p>\n<p class=\"c-paragraph\">En\u00a0<b>Coronel Su\u00e1re<\/b>z, distrito a cargo del intendente oficialista Ricardo Moccero, disputar\u00e1n por la conducci\u00f3n del PJ local las listas que encabezan\u00a0<b>Mar\u00eda Alesandra Santarossa<\/b>\u00a0y\u00a0<b>Damian Meier<\/b>.<\/p>\n<p><strong>SE VOTA CON NORMALIDAD EN EL DISTRITO<\/strong><\/p>\n<p>Hasta este mediodia aproximadamente el 20 por ciento de los afiliados hab\u00edan concurrido a emitir su voto en las mesas habilitadas en el distrito y se observ\u00f3 actividad en cada uno de los locales partidarios.<\/p>\n<p><strong>LAS DOS LISTAS QUE COMPITEN POR LA CONDUCCION DEL PJ. EN EL DISTRITO<\/strong><\/p>\n<p><strong>LISTA N\u00ba2 &#8211; CELESTE<\/strong><\/p>\n<p>Presidente<strong>: Juan Carlos Gisler<\/strong> \u2013 Tornquist<\/p>\n<p>Vicepresidente: M\u00f3nica Patricia V\u00e1zquez \u2013 Tornquist<\/p>\n<p>Secretario General: Guillermo Arnoldo Beck \u2013 Sierra de la Ventana<\/p>\n<p>Secretaria Administrativa y de Actas: Anabella Odolina Madue\u00f1a \u2013 Tornquist<\/p>\n<p>Secretario de Organizaci\u00f3n: Julio An\u00edbal Oviedo \u2013 Chasic\u00f3<\/p>\n<p>Secretaria de Formaci\u00f3n Pol\u00edtica: Dina M. Balma \u2013 Tornquist<\/p>\n<p>Secretario de Desarrollo Humano: Jos\u00e9 Luis Vallejos \u2013 Tornquist<\/p>\n<p>Secretario de Relaciones: Edgardo Germ\u00e1n Maciel \u2013 Tornquist<\/p>\n<p>Secretaria de Finanzas: Paula Andrea Mu\u00f1oz \u2013 Tornquist<\/p>\n<p>Secretaria de Cultura y Comunicaci\u00f3n:\u00a0Andrea Fabiana Camus \u2013 Tornquist<\/p>\n<p>Secretaria de la Mujer: Graciela Haydee Molina \u2013 Sierra de la Ventana<\/p>\n<p>Secretario de Asuntos Gremiales: Eduardo N\u00e9stor L\u00f3pez \u2013 Sierra de la Ventana<\/p>\n<p>Secretaria de la Juventud: Ludmila Ail\u00e9n Becker \u2013 Tornquist<\/p>\n<p>Secretario de Derechos Humanos: Pablo Mart\u00edn Monteagudo \u2013 Chasic\u00f3<\/p>\n<p>Secretario T\u00e9cnico Profesional: Walter Oscar Taylor \u2013 Tornquist<\/p>\n<p>Secretaria de Discapacidad: Elba Sonia Morresi \u2013 Tornquist<\/p>\n<p><strong>Vocales<\/strong><\/p>\n<p>Cristian Trankels \u2013 Tornquist<\/p>\n<p>Olga Gladys Schiebelbein \u2013 Tornquist<\/p>\n<p>Osvaldo Jorge Manieri \u2013 Villa Ventana<\/p>\n<p>Sebasti\u00e1n Horacio Palou \u2013 Sierra de la Ventana<\/p>\n<p>Graciela Mar\u00eda Berth \u2013 Tres Picos<\/p>\n<p>Selma Berta Alvarado \u2013 Sierra de la Ventana<\/p>\n<p>Diego Alejandro Gandini \u2013 Tornquist<\/p>\n<p>Carmen Mar\u00eda Pascale \u2013 Tornquist<\/p>\n<p><strong>Consejo Congresal Titular<\/strong><\/p>\n<p>Gustavo Guillermo Trankels \u2013 Tornquist<\/p>\n<p>Mar\u00eda Rosa Romero \u2013 Sierra de la Ventana<\/p>\n<p><strong>Consejo Congresal Suplente<\/strong><\/p>\n<p>Guillermo Mart\u00edn Loffler \u2013 Tornquist<\/p>\n<p>Vanina Lorena Riguero Meriggi \u2013 Tornquist<\/p>\n<hr \/>\n<div class=\"adelanto\"><strong>Lista N\u00ba 4 &#8211; AZUL<\/strong><\/div>\n<div class=\"text\">\n<p>Presidente: <strong>Alberto Musso<\/strong>&#8211; Tornquist<\/p>\n<p>Vice: Laura Rosatelli-Tornquist<\/p>\n<p>Sec Gral: Victor Leal- Villa Serrana La Gruta<\/p>\n<p>Sec Adm. Y Actas: Silvia Rossi-Tornquist<\/p>\n<p>Sec Organizaci\u00f3n: Carmen Soverchia-Tornquist<\/p>\n<p>Sec Formaci\u00f3n Pol\u00edtica: Claudio Iribarren-Sierra de la Ventana<\/p>\n<p>Sec Desarrollo Humano: Soledad Davis- Saldungaray<\/p>\n<p>Sec de Relaciones: Julio Gaggini-Tornquist<\/p>\n<p>Sec. Finzanzas: Oscar Corvatta-Tornquist<\/p>\n<p>Sec. Cultura y Comunicaci\u00f3n: Carolina Natali- Tornquist<\/p>\n<p>Sec de la Mujer: Perla Esmoli-Saldungaray<\/p>\n<p>Sec Asuntos Gremiales: Alberto Egler- Tornquist<\/p>\n<p>Sec. Juventud: Victor Anton-Tornquist<\/p>\n<p>Sec Derechos Humanos: Rub\u00e9n Panzitta-Tornquist<\/p>\n<p>Sec. Tecnico Profesional: Adrian Natali-Tornquist<\/p>\n<p>Sec Discapacidad: Delfina Tarabelli-Tornquist<\/p>\n<p><strong>Vocales:\u00a0<\/strong><\/p>\n<p>Leandro Pascale-Tornquist<\/p>\n<p>Maria Graciela Musso-Tornquist<\/p>\n<p>Juliana Sgammini \u2013Tornquist<\/p>\n<p>Ruben Testa_ Villa Ventana<\/p>\n<p>Eugenio Vilches- Tornquist<\/p>\n<p>Sonia Sartore-Tornquist<\/p>\n<p>Maria Lucrecia Goetz-Saldungaray<\/p>\n<p>Gabriela Antivero-Tornquist<\/p>\n<p><strong>Congresales<\/strong><\/p>\n<p>Domingo Bilbao- Tornquist<\/p>\n<p>Maria Graciela Musso-Tornqist<\/p>\n<p><strong>Suplentes<\/strong><\/p>\n<p>Carmen Soverchia-Tornquist<\/p>\n<p>Julio Nicolini-Tornquist<\/p>\n<\/div>\n<p><img loading=\"lazy\" decoding=\"async\" class=\"alignnone wp-image-91662 size-large\" src=\"https:\/\/www.celttv.com.ar\/wp-content\/uploads\/2026\/03\/1-4-1024x768.jpg\" alt=\"\" width=\"1024\" height=\"768\" srcset=\"https:\/\/www.celttv.com.ar\/wp-content\/uploads\/2026\/03\/1-4-1024x768.jpg 1024w, https:\/\/www.celttv.com.ar\/wp-content\/uploads\/2026\/03\/1-4-300x225.jpg 300w, https:\/\/www.celttv.com.ar\/wp-content\/uploads\/2026\/03\/1-4-768x576.jpg 768w, https:\/\/www.celttv.com.ar\/wp-content\/uploads\/2026\/03\/1-4-750x563.jpg 750w, https:\/\/www.celttv.com.ar\/wp-content\/uploads\/2026\/03\/1-4-1140x855.jpg 1140w, https:\/\/www.celttv.com.ar\/wp-content\/uploads\/2026\/03\/1-4.jpg 1280w\" sizes=\"auto, (max-width: 1024px) 100vw, 1024px\" \/> <img loading=\"lazy\" decoding=\"async\" class=\"alignnone wp-image-91663 size-large\" src=\"https:\/\/www.celttv.com.ar\/wp-content\/uploads\/2026\/03\/2-3-1024x768.jpg\" alt=\"\" width=\"1024\" height=\"768\" srcset=\"https:\/\/www.celttv.com.ar\/wp-content\/uploads\/2026\/03\/2-3-1024x768.jpg 1024w, https:\/\/www.celttv.com.ar\/wp-content\/uploads\/2026\/03\/2-3-300x225.jpg 300w, https:\/\/www.celttv.com.ar\/wp-content\/uploads\/2026\/03\/2-3-768x576.jpg 768w, https:\/\/www.celttv.com.ar\/wp-content\/uploads\/2026\/03\/2-3-750x563.jpg 750w, https:\/\/www.celttv.com.ar\/wp-content\/uploads\/2026\/03\/2-3-1140x855.jpg 1140w, https:\/\/www.celttv.com.ar\/wp-content\/uploads\/2026\/03\/2-3.jpg 1280w\" sizes=\"auto, (max-width: 1024px) 100vw, 1024px\" \/> <img loading=\"lazy\" decoding=\"async\" class=\"alignnone wp-image-91665 size-large\" src=\"https:\/\/www.celttv.com.ar\/wp-content\/uploads\/2026\/03\/4-1024x768.jpg\" alt=\"\" width=\"1024\" height=\"768\" srcset=\"https:\/\/www.celttv.com.ar\/wp-content\/uploads\/2026\/03\/4-1024x768.jpg 1024w, https:\/\/www.celttv.com.ar\/wp-content\/uploads\/2026\/03\/4-300x225.jpg 300w, https:\/\/www.celttv.com.ar\/wp-content\/uploads\/2026\/03\/4-768x576.jpg 768w, https:\/\/www.celttv.com.ar\/wp-content\/uploads\/2026\/03\/4-750x563.jpg 750w, https:\/\/www.celttv.com.ar\/wp-content\/uploads\/2026\/03\/4-1140x855.jpg 1140w, https:\/\/www.celttv.com.ar\/wp-content\/uploads\/2026\/03\/4.jpg 1280w\" sizes=\"auto, (max-width: 1024px) 100vw, 1024px\" \/> <img loading=\"lazy\" decoding=\"async\" class=\"alignnone wp-image-91667 size-large\" src=\"https:\/\/www.celttv.com.ar\/wp-content\/uploads\/2026\/03\/6-1-1024x768.jpg\" alt=\"\" width=\"1024\" height=\"768\" srcset=\"https:\/\/www.celttv.com.ar\/wp-content\/uploads\/2026\/03\/6-1-1024x768.jpg 1024w, https:\/\/www.celttv.com.ar\/wp-content\/uploads\/2026\/03\/6-1-300x225.jpg 300w, https:\/\/www.celttv.com.ar\/wp-content\/uploads\/2026\/03\/6-1-768x576.jpg 768w, https:\/\/www.celttv.com.ar\/wp-content\/uploads\/2026\/03\/6-1-750x563.jpg 750w, https:\/\/www.celttv.com.ar\/wp-content\/uploads\/2026\/03\/6-1-1140x855.jpg 1140w, https:\/\/www.celttv.com.ar\/wp-content\/uploads\/2026\/03\/6-1.jpg 1280w\" sizes=\"auto, (max-width: 1024px) 100vw, 1024px\" \/> <img loading=\"lazy\" decoding=\"async\" class=\"alignnone wp-image-91668 size-large\" src=\"https:\/\/www.celttv.com.ar\/wp-content\/uploads\/2026\/03\/7-1024x768.jpg\" alt=\"\" width=\"1024\" height=\"768\" srcset=\"https:\/\/www.celttv.com.ar\/wp-content\/uploads\/2026\/03\/7-1024x768.jpg 1024w, https:\/\/www.celttv.com.ar\/wp-content\/uploads\/2026\/03\/7-300x225.jpg 300w, https:\/\/www.celttv.com.ar\/wp-content\/uploads\/2026\/03\/7-768x576.jpg 768w, https:\/\/www.celttv.com.ar\/wp-content\/uploads\/2026\/03\/7-750x563.jpg 750w, https:\/\/www.celttv.com.ar\/wp-content\/uploads\/2026\/03\/7-1140x855.jpg 1140w, https:\/\/www.celttv.com.ar\/wp-content\/uploads\/2026\/03\/7.jpg 1280w\" sizes=\"auto, (max-width: 1024px) 100vw, 1024px\" \/><\/p>\n<p>&nbsp;<\/p>\n<p>&nbsp;<\/p>\n<p>&nbsp;<\/p>\n<p>&nbsp;<\/p>\n","protected":false},"excerpt":{"rendered":"<p>El dirigente justicialista Juan Carlos Gisler\u00a0 encabezar\u00e1 la Lista Celeste N\u00ba 2, mientras Alberto \u201cTiTo\u201d Musso encabeza la\u00a0 lista azul N\u00ba4 que compite este domingo en la interna del Partido Justicialista del distrito de Tornquist, TORNQUIST Y CORONEL SUAREZ LOS DOS UNICOS DISTRITOS DE LA SEXTA El kirchnerismo y el MDF se enfrentan en los [&hellip;]<\/p>\n","protected":false},"author":5,"featured_media":91668,"comment_status":"closed","ping_status":"closed","sticky":false,"template":"","format":"standard","meta":{"footnotes":""},"categories":[53],"tags":[],"class_list":["post-91661","post","type-post","status-publish","format-standard","has-post-thumbnail","hentry","category-politica"],"yoast_head":"<!-- This site is optimized with the Yoast SEO plugin v19.7.1 - https:\/\/yoast.com\/wordpress\/plugins\/seo\/ -->\n<title>Se vota con normalidad en la interna del justicialismo en el distrito de Tornquist - CELTTV<\/title>\n<meta name=\"description\" content=\"Sitio web de noticias de la localidad de Tornquist, provincia de Buenos Aires, Rep\u00fablica Argentina. Contenido propio originado por periodistas de CELTTV, el canal de TV local de la Cooperativa El\u00e9ctrica de Tornquist. Turismo, Pol\u00edtica, Sociedad, Deporte, Cultura y todo el contenido de inter\u00e9s general que la gente del pueblo y la regi\u00f3n debe conocer.\" \/>\n<meta name=\"robots\" content=\"index, follow, max-snippet:-1, max-image-preview:large, max-video-preview:-1\" \/>\n<link rel=\"canonical\" href=\"https:\/\/www.celttv.com.ar\/index.php\/2026\/03\/15\/se-vota-con-normalidad-en-la-interna-del-justicialismo-en-el-distrito-de-tornquist\/\" \/>\n<meta property=\"og:locale\" content=\"es_ES\" \/>\n<meta property=\"og:type\" content=\"article\" \/>\n<meta property=\"og:title\" content=\"Se vota con normalidad en la interna del justicialismo en el distrito de Tornquist - CELTTV\" \/>\n<meta property=\"og:description\" content=\"Sitio web de noticias de la localidad de Tornquist, provincia de Buenos Aires, Rep\u00fablica Argentina. Contenido propio originado por periodistas de CELTTV, el canal de TV local de la Cooperativa El\u00e9ctrica de Tornquist. Turismo, Pol\u00edtica, Sociedad, Deporte, Cultura y todo el contenido de inter\u00e9s general que la gente del pueblo y la regi\u00f3n debe conocer.\" \/>\n<meta property=\"og:url\" content=\"https:\/\/www.celttv.com.ar\/index.php\/2026\/03\/15\/se-vota-con-normalidad-en-la-interna-del-justicialismo-en-el-distrito-de-tornquist\/\" \/>\n<meta property=\"og:site_name\" content=\"CELTTV\" \/>\n<meta property=\"article:publisher\" content=\"https:\/\/www.facebook.com\/celtTV\/\" \/>\n<meta property=\"article:published_time\" content=\"2026-03-15T15:26:00+00:00\" \/>\n<meta property=\"article:modified_time\" content=\"2026-03-15T16:28:04+00:00\" \/>\n<meta property=\"og:image\" content=\"https:\/\/www.celttv.com.ar\/wp-content\/uploads\/2026\/03\/7.jpg\" \/>\n\t<meta property=\"og:image:width\" content=\"1280\" \/>\n\t<meta property=\"og:image:height\" content=\"960\" \/>\n\t<meta property=\"og:image:type\" content=\"image\/jpeg\" \/>\n<meta name=\"author\" content=\"Miguel Herrada\" \/>\n<meta name=\"twitter:card\" content=\"summary_large_image\" \/>\n<meta name=\"twitter:label1\" content=\"Escrito por\" \/>\n\t<meta name=\"twitter:data1\" content=\"Miguel Herrada\" \/>\n\t<meta name=\"twitter:label2\" content=\"Tiempo de lectura\" \/>\n\t<meta name=\"twitter:data2\" content=\"3 minutos\" \/>\n<script type=\"application\/ld+json\" class=\"yoast-schema-graph\">{\"@context\":\"https:\/\/schema.org\",\"@graph\":[{\"@type\":\"NewsArticle\",\"@id\":\"https:\/\/www.celttv.com.ar\/index.php\/2026\/03\/15\/se-vota-con-normalidad-en-la-interna-del-justicialismo-en-el-distrito-de-tornquist\/#article\",\"isPartOf\":{\"@id\":\"https:\/\/www.celttv.com.ar\/index.php\/2026\/03\/15\/se-vota-con-normalidad-en-la-interna-del-justicialismo-en-el-distrito-de-tornquist\/\"},\"author\":{\"name\":\"Miguel Herrada\",\"@id\":\"https:\/\/www.celttv.com.ar\/#\/schema\/person\/9059dc91dc7204ef4182cdb65225f07d\"},\"headline\":\"Se vota con normalidad en la interna del justicialismo en el distrito de Tornquist\",\"datePublished\":\"2026-03-15T15:26:00+00:00\",\"dateModified\":\"2026-03-15T16:28:04+00:00\",\"mainEntityOfPage\":{\"@id\":\"https:\/\/www.celttv.com.ar\/index.php\/2026\/03\/15\/se-vota-con-normalidad-en-la-interna-del-justicialismo-en-el-distrito-de-tornquist\/\"},\"wordCount\":565,\"publisher\":{\"@id\":\"https:\/\/www.celttv.com.ar\/#organization\"},\"articleSection\":[\"Pol\u00edtica\"],\"inLanguage\":\"es\"},{\"@type\":\"WebPage\",\"@id\":\"https:\/\/www.celttv.com.ar\/index.php\/2026\/03\/15\/se-vota-con-normalidad-en-la-interna-del-justicialismo-en-el-distrito-de-tornquist\/\",\"url\":\"https:\/\/www.celttv.com.ar\/index.php\/2026\/03\/15\/se-vota-con-normalidad-en-la-interna-del-justicialismo-en-el-distrito-de-tornquist\/\",\"name\":\"Se vota con normalidad en la interna del justicialismo en el distrito de Tornquist - CELTTV\",\"isPartOf\":{\"@id\":\"https:\/\/www.celttv.com.ar\/#website\"},\"datePublished\":\"2026-03-15T15:26:00+00:00\",\"dateModified\":\"2026-03-15T16:28:04+00:00\",\"description\":\"Sitio web de noticias de la localidad de Tornquist, provincia de Buenos Aires, Rep\u00fablica Argentina. Contenido propio originado por periodistas de CELTTV, el canal de TV local de la Cooperativa El\u00e9ctrica de Tornquist. Turismo, Pol\u00edtica, Sociedad, Deporte, Cultura y todo el contenido de inter\u00e9s general que la gente del pueblo y la regi\u00f3n debe conocer.\",\"breadcrumb\":{\"@id\":\"https:\/\/www.celttv.com.ar\/index.php\/2026\/03\/15\/se-vota-con-normalidad-en-la-interna-del-justicialismo-en-el-distrito-de-tornquist\/#breadcrumb\"},\"inLanguage\":\"es\",\"potentialAction\":[{\"@type\":\"ReadAction\",\"target\":[\"https:\/\/www.celttv.com.ar\/index.php\/2026\/03\/15\/se-vota-con-normalidad-en-la-interna-del-justicialismo-en-el-distrito-de-tornquist\/\"]}]},{\"@type\":\"BreadcrumbList\",\"@id\":\"https:\/\/www.celttv.com.ar\/index.php\/2026\/03\/15\/se-vota-con-normalidad-en-la-interna-del-justicialismo-en-el-distrito-de-tornquist\/#breadcrumb\",\"itemListElement\":[{\"@type\":\"ListItem\",\"position\":1,\"name\":\"Inicio\",\"item\":\"https:\/\/www.celttv.com.ar\/\"},{\"@type\":\"ListItem\",\"position\":2,\"name\":\"Se vota con normalidad en la interna del justicialismo en el distrito de Tornquist\"}]},{\"@type\":\"WebSite\",\"@id\":\"https:\/\/www.celttv.com.ar\/#website\",\"url\":\"https:\/\/www.celttv.com.ar\/\",\"name\":\"CELTTV\",\"description\":\"Cooperativa El\u00e9ctrica de Tornquist\",\"publisher\":{\"@id\":\"https:\/\/www.celttv.com.ar\/#organization\"},\"potentialAction\":[{\"@type\":\"SearchAction\",\"target\":{\"@type\":\"EntryPoint\",\"urlTemplate\":\"https:\/\/www.celttv.com.ar\/?s={search_term_string}\"},\"query-input\":\"required name=search_term_string\"}],\"inLanguage\":\"es\"},{\"@type\":\"Organization\",\"@id\":\"https:\/\/www.celttv.com.ar\/#organization\",\"name\":\"CELTTV\",\"url\":\"https:\/\/www.celttv.com.ar\/\",\"sameAs\":[\"https:\/\/www.youtube.com\/channel\/UCz_oIt8Hig64Ub-EmcNPIhg\",\"https:\/\/www.facebook.com\/celtTV\/\"],\"logo\":{\"@type\":\"ImageObject\",\"inLanguage\":\"es\",\"@id\":\"https:\/\/www.celttv.com.ar\/#\/schema\/logo\/image\/\",\"url\":\"http:\/\/www.celttv.com.ar\/wp-content\/uploads\/2022\/08\/logo-1.png\",\"contentUrl\":\"http:\/\/www.celttv.com.ar\/wp-content\/uploads\/2022\/08\/logo-1.png\",\"width\":461,\"height\":159,\"caption\":\"CELTTV\"},\"image\":{\"@id\":\"https:\/\/www.celttv.com.ar\/#\/schema\/logo\/image\/\"}},{\"@type\":\"Person\",\"@id\":\"https:\/\/www.celttv.com.ar\/#\/schema\/person\/9059dc91dc7204ef4182cdb65225f07d\",\"name\":\"Miguel Herrada\",\"image\":{\"@type\":\"ImageObject\",\"inLanguage\":\"es\",\"@id\":\"https:\/\/www.celttv.com.ar\/#\/schema\/person\/image\/\",\"url\":\"https:\/\/secure.gravatar.com\/avatar\/67724d5b3c716623ffd76bec7e45841a442ac3b456e914dbba90b0fad2b8e0b1?s=96&d=mm&r=g\",\"contentUrl\":\"https:\/\/secure.gravatar.com\/avatar\/67724d5b3c716623ffd76bec7e45841a442ac3b456e914dbba90b0fad2b8e0b1?s=96&d=mm&r=g\",\"caption\":\"Miguel Herrada\"}}]}<\/script>\n<!-- \/ Yoast SEO plugin. -->","yoast_head_json":{"title":"Se vota con normalidad en la interna del justicialismo en el distrito de Tornquist - CELTTV","description":"Sitio web de noticias de la localidad de Tornquist, provincia de Buenos Aires, Rep\u00fablica Argentina. Contenido propio originado por periodistas de CELTTV, el canal de TV local de la Cooperativa El\u00e9ctrica de Tornquist. Turismo, Pol\u00edtica, Sociedad, Deporte, Cultura y todo el contenido de inter\u00e9s general que la gente del pueblo y la regi\u00f3n debe conocer.","robots":{"index":"index","follow":"follow","max-snippet":"max-snippet:-1","max-image-preview":"max-image-preview:large","max-video-preview":"max-video-preview:-1"},"canonical":"https:\/\/www.celttv.com.ar\/index.php\/2026\/03\/15\/se-vota-con-normalidad-en-la-interna-del-justicialismo-en-el-distrito-de-tornquist\/","og_locale":"es_ES","og_type":"article","og_title":"Se vota con normalidad en la interna del justicialismo en el distrito de Tornquist - CELTTV","og_description":"Sitio web de noticias de la localidad de Tornquist, provincia de Buenos Aires, Rep\u00fablica Argentina. Contenido propio originado por periodistas de CELTTV, el canal de TV local de la Cooperativa El\u00e9ctrica de Tornquist. Turismo, Pol\u00edtica, Sociedad, Deporte, Cultura y todo el contenido de inter\u00e9s general que la gente del pueblo y la regi\u00f3n debe conocer.","og_url":"https:\/\/www.celttv.com.ar\/index.php\/2026\/03\/15\/se-vota-con-normalidad-en-la-interna-del-justicialismo-en-el-distrito-de-tornquist\/","og_site_name":"CELTTV","article_publisher":"https:\/\/www.facebook.com\/celtTV\/","article_published_time":"2026-03-15T15:26:00+00:00","article_modified_time":"2026-03-15T16:28:04+00:00","og_image":[{"width":1280,"height":960,"url":"https:\/\/www.celttv.com.ar\/wp-content\/uploads\/2026\/03\/7.jpg","type":"image\/jpeg"}],"author":"Miguel Herrada","twitter_card":"summary_large_image","twitter_misc":{"Escrito por":"Miguel Herrada","Tiempo de lectura":"3 minutos"},"schema":{"@context":"https:\/\/schema.org","@graph":[{"@type":"NewsArticle","@id":"https:\/\/www.celttv.com.ar\/index.php\/2026\/03\/15\/se-vota-con-normalidad-en-la-interna-del-justicialismo-en-el-distrito-de-tornquist\/#article","isPartOf":{"@id":"https:\/\/www.celttv.com.ar\/index.php\/2026\/03\/15\/se-vota-con-normalidad-en-la-interna-del-justicialismo-en-el-distrito-de-tornquist\/"},"author":{"name":"Miguel Herrada","@id":"https:\/\/www.celttv.com.ar\/#\/schema\/person\/9059dc91dc7204ef4182cdb65225f07d"},"headline":"Se vota con normalidad en la interna del justicialismo en el distrito de Tornquist","datePublished":"2026-03-15T15:26:00+00:00","dateModified":"2026-03-15T16:28:04+00:00","mainEntityOfPage":{"@id":"https:\/\/www.celttv.com.ar\/index.php\/2026\/03\/15\/se-vota-con-normalidad-en-la-interna-del-justicialismo-en-el-distrito-de-tornquist\/"},"wordCount":565,"publisher":{"@id":"https:\/\/www.celttv.com.ar\/#organization"},"articleSection":["Pol\u00edtica"],"inLanguage":"es"},{"@type":"WebPage","@id":"https:\/\/www.celttv.com.ar\/index.php\/2026\/03\/15\/se-vota-con-normalidad-en-la-interna-del-justicialismo-en-el-distrito-de-tornquist\/","url":"https:\/\/www.celttv.com.ar\/index.php\/2026\/03\/15\/se-vota-con-normalidad-en-la-interna-del-justicialismo-en-el-distrito-de-tornquist\/","name":"Se vota con normalidad en la interna del justicialismo en el distrito de Tornquist - CELTTV","isPartOf":{"@id":"https:\/\/www.celttv.com.ar\/#website"},"datePublished":"2026-03-15T15:26:00+00:00","dateModified":"2026-03-15T16:28:04+00:00","description":"Sitio web de noticias de la localidad de Tornquist, provincia de Buenos Aires, Rep\u00fablica Argentina. Contenido propio originado por periodistas de CELTTV, el canal de TV local de la Cooperativa El\u00e9ctrica de Tornquist. Turismo, Pol\u00edtica, Sociedad, Deporte, Cultura y todo el contenido de inter\u00e9s general que la gente del pueblo y la regi\u00f3n debe conocer.","breadcrumb":{"@id":"https:\/\/www.celttv.com.ar\/index.php\/2026\/03\/15\/se-vota-con-normalidad-en-la-interna-del-justicialismo-en-el-distrito-de-tornquist\/#breadcrumb"},"inLanguage":"es","potentialAction":[{"@type":"ReadAction","target":["https:\/\/www.celttv.com.ar\/index.php\/2026\/03\/15\/se-vota-con-normalidad-en-la-interna-del-justicialismo-en-el-distrito-de-tornquist\/"]}]},{"@type":"BreadcrumbList","@id":"https:\/\/www.celttv.com.ar\/index.php\/2026\/03\/15\/se-vota-con-normalidad-en-la-interna-del-justicialismo-en-el-distrito-de-tornquist\/#breadcrumb","itemListElement":[{"@type":"ListItem","position":1,"name":"Inicio","item":"https:\/\/www.celttv.com.ar\/"},{"@type":"ListItem","position":2,"name":"Se vota con normalidad en la interna del justicialismo en el distrito de Tornquist"}]},{"@type":"WebSite","@id":"https:\/\/www.celttv.com.ar\/#website","url":"https:\/\/www.celttv.com.ar\/","name":"CELTTV","description":"Cooperativa El\u00e9ctrica de Tornquist","publisher":{"@id":"https:\/\/www.celttv.com.ar\/#organization"},"potentialAction":[{"@type":"SearchAction","target":{"@type":"EntryPoint","urlTemplate":"https:\/\/www.celttv.com.ar\/?s={search_term_string}"},"query-input":"required name=search_term_string"}],"inLanguage":"es"},{"@type":"Organization","@id":"https:\/\/www.celttv.com.ar\/#organization","name":"CELTTV","url":"https:\/\/www.celttv.com.ar\/","sameAs":["https:\/\/www.youtube.com\/channel\/UCz_oIt8Hig64Ub-EmcNPIhg","https:\/\/www.facebook.com\/celtTV\/"],"logo":{"@type":"ImageObject","inLanguage":"es","@id":"https:\/\/www.celttv.com.ar\/#\/schema\/logo\/image\/","url":"http:\/\/www.celttv.com.ar\/wp-content\/uploads\/2022\/08\/logo-1.png","contentUrl":"http:\/\/www.celttv.com.ar\/wp-content\/uploads\/2022\/08\/logo-1.png","width":461,"height":159,"caption":"CELTTV"},"image":{"@id":"https:\/\/www.celttv.com.ar\/#\/schema\/logo\/image\/"}},{"@type":"Person","@id":"https:\/\/www.celttv.com.ar\/#\/schema\/person\/9059dc91dc7204ef4182cdb65225f07d","name":"Miguel Herrada","image":{"@type":"ImageObject","inLanguage":"es","@id":"https:\/\/www.celttv.com.ar\/#\/schema\/person\/image\/","url":"https:\/\/secure.gravatar.com\/avatar\/67724d5b3c716623ffd76bec7e45841a442ac3b456e914dbba90b0fad2b8e0b1?s=96&d=mm&r=g","contentUrl":"https:\/\/secure.gravatar.com\/avatar\/67724d5b3c716623ffd76bec7e45841a442ac3b456e914dbba90b0fad2b8e0b1?s=96&d=mm&r=g","caption":"Miguel Herrada"}}]}},"_links":{"self":[{"href":"https:\/\/www.celttv.com.ar\/index.php\/wp-json\/wp\/v2\/posts\/91661","targetHints":{"allow":["GET"]}}],"collection":[{"href":"https:\/\/www.celttv.com.ar\/index.php\/wp-json\/wp\/v2\/posts"}],"about":[{"href":"https:\/\/www.celttv.com.ar\/index.php\/wp-json\/wp\/v2\/types\/post"}],"author":[{"embeddable":true,"href":"https:\/\/www.celttv.com.ar\/index.php\/wp-json\/wp\/v2\/users\/5"}],"replies":[{"embeddable":true,"href":"https:\/\/www.celttv.com.ar\/index.php\/wp-json\/wp\/v2\/comments?post=91661"}],"version-history":[{"count":6,"href":"https:\/\/www.celttv.com.ar\/index.php\/wp-json\/wp\/v2\/posts\/91661\/revisions"}],"predecessor-version":[{"id":91675,"href":"https:\/\/www.celttv.com.ar\/index.php\/wp-json\/wp\/v2\/posts\/91661\/revisions\/91675"}],"wp:featuredmedia":[{"embeddable":true,"href":"https:\/\/www.celttv.com.ar\/index.php\/wp-json\/wp\/v2\/media\/91668"}],"wp:attachment":[{"href":"https:\/\/www.celttv.com.ar\/index.php\/wp-json\/wp\/v2\/media?parent=91661"}],"wp:term":[{"taxonomy":"category","embeddable":true,"href":"https:\/\/www.celttv.com.ar\/index.php\/wp-json\/wp\/v2\/categories?post=91661"},{"taxonomy":"post_tag","embeddable":true,"href":"https:\/\/www.celttv.com.ar\/index.php\/wp-json\/wp\/v2\/tags?post=91661"}],"curies":[{"name":"wp","href":"https:\/\/api.w.org\/{rel}","templated":true}]}}