{"id":91692,"date":"2026-03-16T17:59:15","date_gmt":"2026-03-16T20:59:15","guid":{"rendered":"https:\/\/www.celttv.com.ar\/?p=91692"},"modified":"2026-03-16T17:59:15","modified_gmt":"2026-03-16T20:59:15","slug":"el-servicio-meteorologico-emitio-otro-alerta-amarillo-por-tormentas-sobre-tornquist-y-la-region","status":"publish","type":"post","link":"https:\/\/www.celttv.com.ar\/index.php\/2026\/03\/16\/el-servicio-meteorologico-emitio-otro-alerta-amarillo-por-tormentas-sobre-tornquist-y-la-region\/","title":{"rendered":"El Servicio Meteorol\u00f3gico emiti\u00f3 otro alerta amarillo por tormentas sobre Tornquist y la regi\u00f3n"},"content":{"rendered":"<p>El Servicio Meteorol\u00f3gico Nacional (SMN) emiti\u00f3 un nuevo alerta amarillo por tormentas sobre Bah\u00eda Blanca y buena parte del sudoeste bonaerense, que regir\u00e1 desde esta tarde hasta la madrugada del martes.<\/p>\n<p>La advertencia clim\u00e1tica abarca, adem\u00e1s de nuestra ciudad, a los distritos de Coronel Rosales, Coronel Dorrego, Monte Hermoso,\u00a0Patagones, Villarino, Puan, Saavedra, Tornquist, Coronel Su\u00e1rez,\u00a0Coronel Pringles,\u00a0Adolfo Alsina, Guamin\u00ed,\u00a0San Cayetano y Tres Arroyos.<\/p>\n<div class=\"fixed-container undefined direction-center\">\n<p>&#8220;A partir de las 21 hs de hoy es probable que comiencen a ingresar tormentas desde La Pampa, afectando principalmente el oeste de la zona. No se descartan algunas tormentas intensas, con r\u00e1fagas, ocasional ca\u00edda de granizo y chaparrones intensos de lluvia&#8221;, indicaron desde el organismo.<\/p>\n<p>&#8220;Durante la madrugada y ma\u00f1ana del martes, habr\u00e1 vientos predominantes del sector norte, cambiando al oeste y en aumento, con intensidades entre 20 y 40 km\/h, y r\u00e1fagas de hasta 60 km\/h , luego de direcciones variables y en disminuci\u00f3n. Probables tormentas de variada intensidad durante la madrugada (00 a 06 hs). Algunas pueden ser localmente fuertes&#8221;, agreg\u00f3.<\/p>\n<p>&#8220;Las condiciones mejoran durante la ma\u00f1ana, de oeste a este. Los acumulados podr\u00edan alcanzar los 15 a 50 mm&#8221;, complet\u00f3 el SMN.<\/p>\n<p><strong>Recomendaciones<\/strong><\/p>\n<p>Como suele suceder ante estas situaciones, se piden a los vecinos de los municipios incluidos en el alerta que eviten\u00a0salir; no sacar\u00a0la basura y limpiar\u00a0desag\u00fces y sumideros, y desconectar\u00a0los electrodom\u00e9sticos y cortar\u00a0el suministro el\u00e9ctrico si ingresa agua<\/p>\n<p>Tambi\u00e9n se recomienda cerrar\u00a0y alejarse de puertas y ventanas; retirar\u00a0o asegurar\u00a0objetos que puedan ser arrastrados por el viento y, en caso de estar al aire libre, buscar\u00a0refugio inmediato en un edificio, casa o veh\u00edculo cerrado.<\/p>\n<p><img loading=\"lazy\" decoding=\"async\" class=\"alignnone wp-image-91693 size-large\" src=\"https:\/\/www.celttv.com.ar\/wp-content\/uploads\/2026\/03\/ALERTA-16-3-724x1024.jpeg\" alt=\"\" width=\"724\" height=\"1024\" srcset=\"https:\/\/www.celttv.com.ar\/wp-content\/uploads\/2026\/03\/ALERTA-16-3-724x1024.jpeg 724w, https:\/\/www.celttv.com.ar\/wp-content\/uploads\/2026\/03\/ALERTA-16-3-212x300.jpeg 212w, https:\/\/www.celttv.com.ar\/wp-content\/uploads\/2026\/03\/ALERTA-16-3-768x1087.jpeg 768w, https:\/\/www.celttv.com.ar\/wp-content\/uploads\/2026\/03\/ALERTA-16-3-750x1061.jpeg 750w, https:\/\/www.celttv.com.ar\/wp-content\/uploads\/2026\/03\/ALERTA-16-3.jpeg 807w\" sizes=\"auto, (max-width: 724px) 100vw, 724px\" \/><\/p>\n<\/div>\n","protected":false},"excerpt":{"rendered":"<p>El Servicio Meteorol\u00f3gico Nacional (SMN) emiti\u00f3 un nuevo alerta amarillo por tormentas sobre Bah\u00eda Blanca y buena parte del sudoeste bonaerense, que regir\u00e1 desde esta tarde hasta la madrugada del martes. La advertencia clim\u00e1tica abarca, adem\u00e1s de nuestra ciudad, a los distritos de Coronel Rosales, Coronel Dorrego, Monte Hermoso,\u00a0Patagones, Villarino, Puan, Saavedra, Tornquist, Coronel Su\u00e1rez,\u00a0Coronel [&hellip;]<\/p>\n","protected":false},"author":5,"featured_media":91693,"comment_status":"closed","ping_status":"closed","sticky":false,"template":"","format":"standard","meta":{"footnotes":""},"categories":[51],"tags":[],"class_list":["post-91692","post","type-post","status-publish","format-standard","has-post-thumbnail","hentry","category-comunidad"],"yoast_head":"<!-- This site is optimized with the Yoast SEO plugin v19.7.1 - https:\/\/yoast.com\/wordpress\/plugins\/seo\/ -->\n<title>El Servicio Meteorol\u00f3gico emiti\u00f3 otro alerta amarillo por tormentas sobre Tornquist y la regi\u00f3n - CELTTV<\/title>\n<meta name=\"description\" content=\"Sitio web de noticias de la localidad de Tornquist, provincia de Buenos Aires, Rep\u00fablica Argentina. Contenido propio originado por periodistas de CELTTV, el canal de TV local de la Cooperativa El\u00e9ctrica de Tornquist. Turismo, Pol\u00edtica, Sociedad, Deporte, Cultura y todo el contenido de inter\u00e9s general que la gente del pueblo y la regi\u00f3n debe conocer.\" \/>\n<meta name=\"robots\" content=\"index, follow, max-snippet:-1, max-image-preview:large, max-video-preview:-1\" \/>\n<link rel=\"canonical\" href=\"https:\/\/www.celttv.com.ar\/index.php\/2026\/03\/16\/el-servicio-meteorologico-emitio-otro-alerta-amarillo-por-tormentas-sobre-tornquist-y-la-region\/\" \/>\n<meta property=\"og:locale\" content=\"es_ES\" \/>\n<meta property=\"og:type\" content=\"article\" \/>\n<meta property=\"og:title\" content=\"El Servicio Meteorol\u00f3gico emiti\u00f3 otro alerta amarillo por tormentas sobre Tornquist y la regi\u00f3n - CELTTV\" \/>\n<meta property=\"og:description\" content=\"Sitio web de noticias de la localidad de Tornquist, provincia de Buenos Aires, Rep\u00fablica Argentina. Contenido propio originado por periodistas de CELTTV, el canal de TV local de la Cooperativa El\u00e9ctrica de Tornquist. Turismo, Pol\u00edtica, Sociedad, Deporte, Cultura y todo el contenido de inter\u00e9s general que la gente del pueblo y la regi\u00f3n debe conocer.\" \/>\n<meta property=\"og:url\" content=\"https:\/\/www.celttv.com.ar\/index.php\/2026\/03\/16\/el-servicio-meteorologico-emitio-otro-alerta-amarillo-por-tormentas-sobre-tornquist-y-la-region\/\" \/>\n<meta property=\"og:site_name\" content=\"CELTTV\" \/>\n<meta property=\"article:publisher\" content=\"https:\/\/www.facebook.com\/celtTV\/\" \/>\n<meta property=\"article:published_time\" content=\"2026-03-16T20:59:15+00:00\" \/>\n<meta property=\"og:image\" content=\"https:\/\/www.celttv.com.ar\/wp-content\/uploads\/2026\/03\/ALERTA-16-3.jpeg\" \/>\n\t<meta property=\"og:image:width\" content=\"807\" \/>\n\t<meta property=\"og:image:height\" content=\"1142\" \/>\n\t<meta property=\"og:image:type\" content=\"image\/jpeg\" \/>\n<meta name=\"author\" content=\"Miguel Herrada\" \/>\n<meta name=\"twitter:card\" content=\"summary_large_image\" \/>\n<meta name=\"twitter:label1\" content=\"Escrito por\" \/>\n\t<meta name=\"twitter:data1\" content=\"Miguel Herrada\" \/>\n\t<meta name=\"twitter:label2\" content=\"Tiempo de lectura\" \/>\n\t<meta name=\"twitter:data2\" content=\"1 minuto\" \/>\n<script type=\"application\/ld+json\" class=\"yoast-schema-graph\">{\"@context\":\"https:\/\/schema.org\",\"@graph\":[{\"@type\":\"NewsArticle\",\"@id\":\"https:\/\/www.celttv.com.ar\/index.php\/2026\/03\/16\/el-servicio-meteorologico-emitio-otro-alerta-amarillo-por-tormentas-sobre-tornquist-y-la-region\/#article\",\"isPartOf\":{\"@id\":\"https:\/\/www.celttv.com.ar\/index.php\/2026\/03\/16\/el-servicio-meteorologico-emitio-otro-alerta-amarillo-por-tormentas-sobre-tornquist-y-la-region\/\"},\"author\":{\"name\":\"Miguel Herrada\",\"@id\":\"https:\/\/www.celttv.com.ar\/#\/schema\/person\/9059dc91dc7204ef4182cdb65225f07d\"},\"headline\":\"El Servicio Meteorol\u00f3gico emiti\u00f3 otro alerta amarillo por tormentas sobre Tornquist y la regi\u00f3n\",\"datePublished\":\"2026-03-16T20:59:15+00:00\",\"dateModified\":\"2026-03-16T20:59:15+00:00\",\"mainEntityOfPage\":{\"@id\":\"https:\/\/www.celttv.com.ar\/index.php\/2026\/03\/16\/el-servicio-meteorologico-emitio-otro-alerta-amarillo-por-tormentas-sobre-tornquist-y-la-region\/\"},\"wordCount\":300,\"publisher\":{\"@id\":\"https:\/\/www.celttv.com.ar\/#organization\"},\"articleSection\":[\"Comunidad\"],\"inLanguage\":\"es\"},{\"@type\":\"WebPage\",\"@id\":\"https:\/\/www.celttv.com.ar\/index.php\/2026\/03\/16\/el-servicio-meteorologico-emitio-otro-alerta-amarillo-por-tormentas-sobre-tornquist-y-la-region\/\",\"url\":\"https:\/\/www.celttv.com.ar\/index.php\/2026\/03\/16\/el-servicio-meteorologico-emitio-otro-alerta-amarillo-por-tormentas-sobre-tornquist-y-la-region\/\",\"name\":\"El Servicio Meteorol\u00f3gico emiti\u00f3 otro alerta amarillo por tormentas sobre Tornquist y la regi\u00f3n - CELTTV\",\"isPartOf\":{\"@id\":\"https:\/\/www.celttv.com.ar\/#website\"},\"datePublished\":\"2026-03-16T20:59:15+00:00\",\"dateModified\":\"2026-03-16T20:59:15+00:00\",\"description\":\"Sitio web de noticias de la localidad de Tornquist, provincia de Buenos Aires, Rep\u00fablica Argentina. Contenido propio originado por periodistas de CELTTV, el canal de TV local de la Cooperativa El\u00e9ctrica de Tornquist. Turismo, Pol\u00edtica, Sociedad, Deporte, Cultura y todo el contenido de inter\u00e9s general que la gente del pueblo y la regi\u00f3n debe conocer.\",\"breadcrumb\":{\"@id\":\"https:\/\/www.celttv.com.ar\/index.php\/2026\/03\/16\/el-servicio-meteorologico-emitio-otro-alerta-amarillo-por-tormentas-sobre-tornquist-y-la-region\/#breadcrumb\"},\"inLanguage\":\"es\",\"potentialAction\":[{\"@type\":\"ReadAction\",\"target\":[\"https:\/\/www.celttv.com.ar\/index.php\/2026\/03\/16\/el-servicio-meteorologico-emitio-otro-alerta-amarillo-por-tormentas-sobre-tornquist-y-la-region\/\"]}]},{\"@type\":\"BreadcrumbList\",\"@id\":\"https:\/\/www.celttv.com.ar\/index.php\/2026\/03\/16\/el-servicio-meteorologico-emitio-otro-alerta-amarillo-por-tormentas-sobre-tornquist-y-la-region\/#breadcrumb\",\"itemListElement\":[{\"@type\":\"ListItem\",\"position\":1,\"name\":\"Inicio\",\"item\":\"https:\/\/www.celttv.com.ar\/\"},{\"@type\":\"ListItem\",\"position\":2,\"name\":\"El Servicio Meteorol\u00f3gico emiti\u00f3 otro alerta amarillo por tormentas sobre Tornquist y la regi\u00f3n\"}]},{\"@type\":\"WebSite\",\"@id\":\"https:\/\/www.celttv.com.ar\/#website\",\"url\":\"https:\/\/www.celttv.com.ar\/\",\"name\":\"CELTTV\",\"description\":\"Cooperativa El\u00e9ctrica de Tornquist\",\"publisher\":{\"@id\":\"https:\/\/www.celttv.com.ar\/#organization\"},\"potentialAction\":[{\"@type\":\"SearchAction\",\"target\":{\"@type\":\"EntryPoint\",\"urlTemplate\":\"https:\/\/www.celttv.com.ar\/?s={search_term_string}\"},\"query-input\":\"required name=search_term_string\"}],\"inLanguage\":\"es\"},{\"@type\":\"Organization\",\"@id\":\"https:\/\/www.celttv.com.ar\/#organization\",\"name\":\"CELTTV\",\"url\":\"https:\/\/www.celttv.com.ar\/\",\"sameAs\":[\"https:\/\/www.youtube.com\/channel\/UCz_oIt8Hig64Ub-EmcNPIhg\",\"https:\/\/www.facebook.com\/celtTV\/\"],\"logo\":{\"@type\":\"ImageObject\",\"inLanguage\":\"es\",\"@id\":\"https:\/\/www.celttv.com.ar\/#\/schema\/logo\/image\/\",\"url\":\"http:\/\/www.celttv.com.ar\/wp-content\/uploads\/2022\/08\/logo-1.png\",\"contentUrl\":\"http:\/\/www.celttv.com.ar\/wp-content\/uploads\/2022\/08\/logo-1.png\",\"width\":461,\"height\":159,\"caption\":\"CELTTV\"},\"image\":{\"@id\":\"https:\/\/www.celttv.com.ar\/#\/schema\/logo\/image\/\"}},{\"@type\":\"Person\",\"@id\":\"https:\/\/www.celttv.com.ar\/#\/schema\/person\/9059dc91dc7204ef4182cdb65225f07d\",\"name\":\"Miguel Herrada\",\"image\":{\"@type\":\"ImageObject\",\"inLanguage\":\"es\",\"@id\":\"https:\/\/www.celttv.com.ar\/#\/schema\/person\/image\/\",\"url\":\"https:\/\/secure.gravatar.com\/avatar\/67724d5b3c716623ffd76bec7e45841a442ac3b456e914dbba90b0fad2b8e0b1?s=96&d=mm&r=g\",\"contentUrl\":\"https:\/\/secure.gravatar.com\/avatar\/67724d5b3c716623ffd76bec7e45841a442ac3b456e914dbba90b0fad2b8e0b1?s=96&d=mm&r=g\",\"caption\":\"Miguel Herrada\"}}]}<\/script>\n<!-- \/ Yoast SEO plugin. -->","yoast_head_json":{"title":"El Servicio Meteorol\u00f3gico emiti\u00f3 otro alerta amarillo por tormentas sobre Tornquist y la regi\u00f3n - CELTTV","description":"Sitio web de noticias de la localidad de Tornquist, provincia de Buenos Aires, Rep\u00fablica Argentina. Contenido propio originado por periodistas de CELTTV, el canal de TV local de la Cooperativa El\u00e9ctrica de Tornquist. Turismo, Pol\u00edtica, Sociedad, Deporte, Cultura y todo el contenido de inter\u00e9s general que la gente del pueblo y la regi\u00f3n debe conocer.","robots":{"index":"index","follow":"follow","max-snippet":"max-snippet:-1","max-image-preview":"max-image-preview:large","max-video-preview":"max-video-preview:-1"},"canonical":"https:\/\/www.celttv.com.ar\/index.php\/2026\/03\/16\/el-servicio-meteorologico-emitio-otro-alerta-amarillo-por-tormentas-sobre-tornquist-y-la-region\/","og_locale":"es_ES","og_type":"article","og_title":"El Servicio Meteorol\u00f3gico emiti\u00f3 otro alerta amarillo por tormentas sobre Tornquist y la regi\u00f3n - CELTTV","og_description":"Sitio web de noticias de la localidad de Tornquist, provincia de Buenos Aires, Rep\u00fablica Argentina. Contenido propio originado por periodistas de CELTTV, el canal de TV local de la Cooperativa El\u00e9ctrica de Tornquist. Turismo, Pol\u00edtica, Sociedad, Deporte, Cultura y todo el contenido de inter\u00e9s general que la gente del pueblo y la regi\u00f3n debe conocer.","og_url":"https:\/\/www.celttv.com.ar\/index.php\/2026\/03\/16\/el-servicio-meteorologico-emitio-otro-alerta-amarillo-por-tormentas-sobre-tornquist-y-la-region\/","og_site_name":"CELTTV","article_publisher":"https:\/\/www.facebook.com\/celtTV\/","article_published_time":"2026-03-16T20:59:15+00:00","og_image":[{"width":807,"height":1142,"url":"https:\/\/www.celttv.com.ar\/wp-content\/uploads\/2026\/03\/ALERTA-16-3.jpeg","type":"image\/jpeg"}],"author":"Miguel Herrada","twitter_card":"summary_large_image","twitter_misc":{"Escrito por":"Miguel Herrada","Tiempo de lectura":"1 minuto"},"schema":{"@context":"https:\/\/schema.org","@graph":[{"@type":"NewsArticle","@id":"https:\/\/www.celttv.com.ar\/index.php\/2026\/03\/16\/el-servicio-meteorologico-emitio-otro-alerta-amarillo-por-tormentas-sobre-tornquist-y-la-region\/#article","isPartOf":{"@id":"https:\/\/www.celttv.com.ar\/index.php\/2026\/03\/16\/el-servicio-meteorologico-emitio-otro-alerta-amarillo-por-tormentas-sobre-tornquist-y-la-region\/"},"author":{"name":"Miguel Herrada","@id":"https:\/\/www.celttv.com.ar\/#\/schema\/person\/9059dc91dc7204ef4182cdb65225f07d"},"headline":"El Servicio Meteorol\u00f3gico emiti\u00f3 otro alerta amarillo por tormentas sobre Tornquist y la regi\u00f3n","datePublished":"2026-03-16T20:59:15+00:00","dateModified":"2026-03-16T20:59:15+00:00","mainEntityOfPage":{"@id":"https:\/\/www.celttv.com.ar\/index.php\/2026\/03\/16\/el-servicio-meteorologico-emitio-otro-alerta-amarillo-por-tormentas-sobre-tornquist-y-la-region\/"},"wordCount":300,"publisher":{"@id":"https:\/\/www.celttv.com.ar\/#organization"},"articleSection":["Comunidad"],"inLanguage":"es"},{"@type":"WebPage","@id":"https:\/\/www.celttv.com.ar\/index.php\/2026\/03\/16\/el-servicio-meteorologico-emitio-otro-alerta-amarillo-por-tormentas-sobre-tornquist-y-la-region\/","url":"https:\/\/www.celttv.com.ar\/index.php\/2026\/03\/16\/el-servicio-meteorologico-emitio-otro-alerta-amarillo-por-tormentas-sobre-tornquist-y-la-region\/","name":"El Servicio Meteorol\u00f3gico emiti\u00f3 otro alerta amarillo por tormentas sobre Tornquist y la regi\u00f3n - CELTTV","isPartOf":{"@id":"https:\/\/www.celttv.com.ar\/#website"},"datePublished":"2026-03-16T20:59:15+00:00","dateModified":"2026-03-16T20:59:15+00:00","description":"Sitio web de noticias de la localidad de Tornquist, provincia de Buenos Aires, Rep\u00fablica Argentina. Contenido propio originado por periodistas de CELTTV, el canal de TV local de la Cooperativa El\u00e9ctrica de Tornquist. Turismo, Pol\u00edtica, Sociedad, Deporte, Cultura y todo el contenido de inter\u00e9s general que la gente del pueblo y la regi\u00f3n debe conocer.","breadcrumb":{"@id":"https:\/\/www.celttv.com.ar\/index.php\/2026\/03\/16\/el-servicio-meteorologico-emitio-otro-alerta-amarillo-por-tormentas-sobre-tornquist-y-la-region\/#breadcrumb"},"inLanguage":"es","potentialAction":[{"@type":"ReadAction","target":["https:\/\/www.celttv.com.ar\/index.php\/2026\/03\/16\/el-servicio-meteorologico-emitio-otro-alerta-amarillo-por-tormentas-sobre-tornquist-y-la-region\/"]}]},{"@type":"BreadcrumbList","@id":"https:\/\/www.celttv.com.ar\/index.php\/2026\/03\/16\/el-servicio-meteorologico-emitio-otro-alerta-amarillo-por-tormentas-sobre-tornquist-y-la-region\/#breadcrumb","itemListElement":[{"@type":"ListItem","position":1,"name":"Inicio","item":"https:\/\/www.celttv.com.ar\/"},{"@type":"ListItem","position":2,"name":"El Servicio Meteorol\u00f3gico emiti\u00f3 otro alerta amarillo por tormentas sobre Tornquist y la regi\u00f3n"}]},{"@type":"WebSite","@id":"https:\/\/www.celttv.com.ar\/#website","url":"https:\/\/www.celttv.com.ar\/","name":"CELTTV","description":"Cooperativa El\u00e9ctrica de Tornquist","publisher":{"@id":"https:\/\/www.celttv.com.ar\/#organization"},"potentialAction":[{"@type":"SearchAction","target":{"@type":"EntryPoint","urlTemplate":"https:\/\/www.celttv.com.ar\/?s={search_term_string}"},"query-input":"required name=search_term_string"}],"inLanguage":"es"},{"@type":"Organization","@id":"https:\/\/www.celttv.com.ar\/#organization","name":"CELTTV","url":"https:\/\/www.celttv.com.ar\/","sameAs":["https:\/\/www.youtube.com\/channel\/UCz_oIt8Hig64Ub-EmcNPIhg","https:\/\/www.facebook.com\/celtTV\/"],"logo":{"@type":"ImageObject","inLanguage":"es","@id":"https:\/\/www.celttv.com.ar\/#\/schema\/logo\/image\/","url":"http:\/\/www.celttv.com.ar\/wp-content\/uploads\/2022\/08\/logo-1.png","contentUrl":"http:\/\/www.celttv.com.ar\/wp-content\/uploads\/2022\/08\/logo-1.png","width":461,"height":159,"caption":"CELTTV"},"image":{"@id":"https:\/\/www.celttv.com.ar\/#\/schema\/logo\/image\/"}},{"@type":"Person","@id":"https:\/\/www.celttv.com.ar\/#\/schema\/person\/9059dc91dc7204ef4182cdb65225f07d","name":"Miguel Herrada","image":{"@type":"ImageObject","inLanguage":"es","@id":"https:\/\/www.celttv.com.ar\/#\/schema\/person\/image\/","url":"https:\/\/secure.gravatar.com\/avatar\/67724d5b3c716623ffd76bec7e45841a442ac3b456e914dbba90b0fad2b8e0b1?s=96&d=mm&r=g","contentUrl":"https:\/\/secure.gravatar.com\/avatar\/67724d5b3c716623ffd76bec7e45841a442ac3b456e914dbba90b0fad2b8e0b1?s=96&d=mm&r=g","caption":"Miguel Herrada"}}]}},"_links":{"self":[{"href":"https:\/\/www.celttv.com.ar\/index.php\/wp-json\/wp\/v2\/posts\/91692","targetHints":{"allow":["GET"]}}],"collection":[{"href":"https:\/\/www.celttv.com.ar\/index.php\/wp-json\/wp\/v2\/posts"}],"about":[{"href":"https:\/\/www.celttv.com.ar\/index.php\/wp-json\/wp\/v2\/types\/post"}],"author":[{"embeddable":true,"href":"https:\/\/www.celttv.com.ar\/index.php\/wp-json\/wp\/v2\/users\/5"}],"replies":[{"embeddable":true,"href":"https:\/\/www.celttv.com.ar\/index.php\/wp-json\/wp\/v2\/comments?post=91692"}],"version-history":[{"count":1,"href":"https:\/\/www.celttv.com.ar\/index.php\/wp-json\/wp\/v2\/posts\/91692\/revisions"}],"predecessor-version":[{"id":91694,"href":"https:\/\/www.celttv.com.ar\/index.php\/wp-json\/wp\/v2\/posts\/91692\/revisions\/91694"}],"wp:featuredmedia":[{"embeddable":true,"href":"https:\/\/www.celttv.com.ar\/index.php\/wp-json\/wp\/v2\/media\/91693"}],"wp:attachment":[{"href":"https:\/\/www.celttv.com.ar\/index.php\/wp-json\/wp\/v2\/media?parent=91692"}],"wp:term":[{"taxonomy":"category","embeddable":true,"href":"https:\/\/www.celttv.com.ar\/index.php\/wp-json\/wp\/v2\/categories?post=91692"},{"taxonomy":"post_tag","embeddable":true,"href":"https:\/\/www.celttv.com.ar\/index.php\/wp-json\/wp\/v2\/tags?post=91692"}],"curies":[{"name":"wp","href":"https:\/\/api.w.org\/{rel}","templated":true}]}}