{"id":9172,"date":"2012-11-27T22:33:08","date_gmt":"2012-11-27T22:33:08","guid":{"rendered":"http:\/\/www.tvcnoticias.com.ar\/?p=9172"},"modified":"2012-11-27T22:33:08","modified_gmt":"2012-11-27T22:33:08","slug":"chocaron-de-frente-dos-camiones-en-la-ruta-33-y-un-comerciante-de-tornquist-resulto-herido-fotos-y-en-minutos-video","status":"publish","type":"post","link":"https:\/\/www.celttv.com.ar\/index.php\/2012\/11\/27\/chocaron-de-frente-dos-camiones-en-la-ruta-33-y-un-comerciante-de-tornquist-resulto-herido-fotos-y-en-minutos-video\/","title":{"rendered":"CHOCARON DE FRENTE DOS CAMIONES EN LA RUTA 33 Y UN COMERCIANTE DE TORNQUIST RESULTO HERIDO (fotos y videos)"},"content":{"rendered":"<p><a href=\"http:\/\/www.youtube.com\/watch?v=neq36_Ydmp0\">httpv:\/\/www.youtube.com\/watch?v=neq36_Ydmp0<\/a><br \/>\n<a>httpv:\/\/www.youtube.com\/watch?v=m9RhNr6jPpg<\/a><br \/>\nA la altura del kil\u00f3metro 39, cerca de La Vit\u00edcola en la Ruta 33: chocaron de frente 2 camiones, hubo un herido y se trata del comerciante de Tornquist Mario Rodriguez quien result\u00f3 con lesiones graves en su pierna izquierda y debio ser trasladado desde el lugar del accidente a un nosocomio de la ciudad de Bah\u00eda Blanca.<br \/>\n\u00a0El otro conductor, Sebasti\u00e1n Chuquet, result\u00f3 ileso.<br \/>\n\u00a0El accidente se registr\u00f3 en el kil\u00f3metro 39, en una zona sinuosa, cuando el Ford 350, que conducia Rodriguez, perdi\u00f3 el control (aparentemente por un problema en la direcci\u00f3n) y colision\u00f3 con un Volvo que manejaba Sebasti\u00e1n Chuquet, oriundo de Misiones, quien no sufri\u00f3 heridas.<br \/>\nFotos Gentileza: Rodrigo Sgammini La Nueva Provincia<br \/>\n<\/p>\n","protected":false},"excerpt":{"rendered":"<p>httpv:\/\/www.youtube.com\/watch?v=neq36_Ydmp0 httpv:\/\/www.youtube.com\/watch?v=m9RhNr6jPpg A la altura del kil\u00f3metro 39, cerca de La Vit\u00edcola en la Ruta 33: chocaron de frente 2 camiones, hubo un herido y se trata del comerciante de Tornquist Mario Rodriguez quien result\u00f3 con lesiones graves en su pierna izquierda y debio ser trasladado desde el lugar del accidente a un nosocomio de [&hellip;]<\/p>\n","protected":false},"author":1,"featured_media":0,"comment_status":"closed","ping_status":"open","sticky":false,"template":"","format":"standard","meta":{"footnotes":""},"categories":[52,61],"tags":[],"class_list":["post-9172","post","type-post","status-publish","format-standard","hentry","category-destacadas","category-policiales"],"yoast_head":"<!-- This site is optimized with the Yoast SEO plugin v19.7.1 - https:\/\/yoast.com\/wordpress\/plugins\/seo\/ -->\n<title>CHOCARON DE FRENTE DOS CAMIONES EN LA RUTA 33 Y UN COMERCIANTE DE TORNQUIST RESULTO HERIDO (fotos y videos) - CELTTV<\/title>\n<meta name=\"description\" content=\"Sitio web de noticias de la localidad de Tornquist, provincia de Buenos Aires, Rep\u00fablica Argentina. Contenido propio originado por periodistas de CELTTV, el canal de TV local de la Cooperativa El\u00e9ctrica de Tornquist. Turismo, Pol\u00edtica, Sociedad, Deporte, Cultura y todo el contenido de inter\u00e9s general que la gente del pueblo y la regi\u00f3n debe conocer.\" \/>\n<meta name=\"robots\" content=\"index, follow, max-snippet:-1, max-image-preview:large, max-video-preview:-1\" \/>\n<link rel=\"canonical\" href=\"https:\/\/www.celttv.com.ar\/index.php\/2012\/11\/27\/chocaron-de-frente-dos-camiones-en-la-ruta-33-y-un-comerciante-de-tornquist-resulto-herido-fotos-y-en-minutos-video\/\" \/>\n<meta property=\"og:locale\" content=\"es_ES\" \/>\n<meta property=\"og:type\" content=\"article\" \/>\n<meta property=\"og:title\" content=\"CHOCARON DE FRENTE DOS CAMIONES EN LA RUTA 33 Y UN COMERCIANTE DE TORNQUIST RESULTO HERIDO (fotos y videos) - CELTTV\" \/>\n<meta property=\"og:description\" content=\"Sitio web de noticias de la localidad de Tornquist, provincia de Buenos Aires, Rep\u00fablica Argentina. Contenido propio originado por periodistas de CELTTV, el canal de TV local de la Cooperativa El\u00e9ctrica de Tornquist. Turismo, Pol\u00edtica, Sociedad, Deporte, Cultura y todo el contenido de inter\u00e9s general que la gente del pueblo y la regi\u00f3n debe conocer.\" \/>\n<meta property=\"og:url\" content=\"https:\/\/www.celttv.com.ar\/index.php\/2012\/11\/27\/chocaron-de-frente-dos-camiones-en-la-ruta-33-y-un-comerciante-de-tornquist-resulto-herido-fotos-y-en-minutos-video\/\" \/>\n<meta property=\"og:site_name\" content=\"CELTTV\" \/>\n<meta property=\"article:publisher\" content=\"https:\/\/www.facebook.com\/celtTV\/\" \/>\n<meta property=\"article:published_time\" content=\"2012-11-27T22:33:08+00:00\" \/>\n<meta name=\"author\" content=\"ulises\" \/>\n<meta name=\"twitter:card\" content=\"summary_large_image\" \/>\n<meta name=\"twitter:label1\" content=\"Escrito por\" \/>\n\t<meta name=\"twitter:data1\" content=\"ulises\" \/>\n\t<meta name=\"twitter:label2\" content=\"Tiempo de lectura\" \/>\n\t<meta name=\"twitter:data2\" content=\"1 minuto\" \/>\n<script type=\"application\/ld+json\" class=\"yoast-schema-graph\">{\"@context\":\"https:\/\/schema.org\",\"@graph\":[{\"@type\":\"NewsArticle\",\"@id\":\"https:\/\/www.celttv.com.ar\/index.php\/2012\/11\/27\/chocaron-de-frente-dos-camiones-en-la-ruta-33-y-un-comerciante-de-tornquist-resulto-herido-fotos-y-en-minutos-video\/#article\",\"isPartOf\":{\"@id\":\"https:\/\/www.celttv.com.ar\/index.php\/2012\/11\/27\/chocaron-de-frente-dos-camiones-en-la-ruta-33-y-un-comerciante-de-tornquist-resulto-herido-fotos-y-en-minutos-video\/\"},\"author\":{\"name\":\"ulises\",\"@id\":\"https:\/\/www.celttv.com.ar\/#\/schema\/person\/6d99c072dba59953809c81446e9d0ace\"},\"headline\":\"CHOCARON DE FRENTE DOS CAMIONES EN LA RUTA 33 Y UN COMERCIANTE DE TORNQUIST RESULTO HERIDO (fotos y videos)\",\"datePublished\":\"2012-11-27T22:33:08+00:00\",\"dateModified\":\"2012-11-27T22:33:08+00:00\",\"mainEntityOfPage\":{\"@id\":\"https:\/\/www.celttv.com.ar\/index.php\/2012\/11\/27\/chocaron-de-frente-dos-camiones-en-la-ruta-33-y-un-comerciante-de-tornquist-resulto-herido-fotos-y-en-minutos-video\/\"},\"wordCount\":158,\"publisher\":{\"@id\":\"https:\/\/www.celttv.com.ar\/#organization\"},\"articleSection\":[\"Destacadas\",\"Policiales\"],\"inLanguage\":\"es\"},{\"@type\":\"WebPage\",\"@id\":\"https:\/\/www.celttv.com.ar\/index.php\/2012\/11\/27\/chocaron-de-frente-dos-camiones-en-la-ruta-33-y-un-comerciante-de-tornquist-resulto-herido-fotos-y-en-minutos-video\/\",\"url\":\"https:\/\/www.celttv.com.ar\/index.php\/2012\/11\/27\/chocaron-de-frente-dos-camiones-en-la-ruta-33-y-un-comerciante-de-tornquist-resulto-herido-fotos-y-en-minutos-video\/\",\"name\":\"CHOCARON DE FRENTE DOS CAMIONES EN LA RUTA 33 Y UN COMERCIANTE DE TORNQUIST RESULTO HERIDO (fotos y videos) - CELTTV\",\"isPartOf\":{\"@id\":\"https:\/\/www.celttv.com.ar\/#website\"},\"datePublished\":\"2012-11-27T22:33:08+00:00\",\"dateModified\":\"2012-11-27T22:33:08+00:00\",\"description\":\"Sitio web de noticias de la localidad de Tornquist, provincia de Buenos Aires, Rep\u00fablica Argentina. Contenido propio originado por periodistas de CELTTV, el canal de TV local de la Cooperativa El\u00e9ctrica de Tornquist. Turismo, Pol\u00edtica, Sociedad, Deporte, Cultura y todo el contenido de inter\u00e9s general que la gente del pueblo y la regi\u00f3n debe conocer.\",\"breadcrumb\":{\"@id\":\"https:\/\/www.celttv.com.ar\/index.php\/2012\/11\/27\/chocaron-de-frente-dos-camiones-en-la-ruta-33-y-un-comerciante-de-tornquist-resulto-herido-fotos-y-en-minutos-video\/#breadcrumb\"},\"inLanguage\":\"es\",\"potentialAction\":[{\"@type\":\"ReadAction\",\"target\":[\"https:\/\/www.celttv.com.ar\/index.php\/2012\/11\/27\/chocaron-de-frente-dos-camiones-en-la-ruta-33-y-un-comerciante-de-tornquist-resulto-herido-fotos-y-en-minutos-video\/\"]}]},{\"@type\":\"BreadcrumbList\",\"@id\":\"https:\/\/www.celttv.com.ar\/index.php\/2012\/11\/27\/chocaron-de-frente-dos-camiones-en-la-ruta-33-y-un-comerciante-de-tornquist-resulto-herido-fotos-y-en-minutos-video\/#breadcrumb\",\"itemListElement\":[{\"@type\":\"ListItem\",\"position\":1,\"name\":\"Inicio\",\"item\":\"https:\/\/www.celttv.com.ar\/\"},{\"@type\":\"ListItem\",\"position\":2,\"name\":\"CHOCARON DE FRENTE DOS CAMIONES EN LA RUTA 33 Y UN COMERCIANTE DE TORNQUIST RESULTO HERIDO (fotos y videos)\"}]},{\"@type\":\"WebSite\",\"@id\":\"https:\/\/www.celttv.com.ar\/#website\",\"url\":\"https:\/\/www.celttv.com.ar\/\",\"name\":\"CELTTV\",\"description\":\"Cooperativa El\u00e9ctrica de Tornquist\",\"publisher\":{\"@id\":\"https:\/\/www.celttv.com.ar\/#organization\"},\"potentialAction\":[{\"@type\":\"SearchAction\",\"target\":{\"@type\":\"EntryPoint\",\"urlTemplate\":\"https:\/\/www.celttv.com.ar\/?s={search_term_string}\"},\"query-input\":\"required name=search_term_string\"}],\"inLanguage\":\"es\"},{\"@type\":\"Organization\",\"@id\":\"https:\/\/www.celttv.com.ar\/#organization\",\"name\":\"CELTTV\",\"url\":\"https:\/\/www.celttv.com.ar\/\",\"sameAs\":[\"https:\/\/www.youtube.com\/channel\/UCz_oIt8Hig64Ub-EmcNPIhg\",\"https:\/\/www.facebook.com\/celtTV\/\"],\"logo\":{\"@type\":\"ImageObject\",\"inLanguage\":\"es\",\"@id\":\"https:\/\/www.celttv.com.ar\/#\/schema\/logo\/image\/\",\"url\":\"http:\/\/www.celttv.com.ar\/wp-content\/uploads\/2022\/08\/logo-1.png\",\"contentUrl\":\"http:\/\/www.celttv.com.ar\/wp-content\/uploads\/2022\/08\/logo-1.png\",\"width\":461,\"height\":159,\"caption\":\"CELTTV\"},\"image\":{\"@id\":\"https:\/\/www.celttv.com.ar\/#\/schema\/logo\/image\/\"}},{\"@type\":\"Person\",\"@id\":\"https:\/\/www.celttv.com.ar\/#\/schema\/person\/6d99c072dba59953809c81446e9d0ace\",\"name\":\"ulises\",\"image\":{\"@type\":\"ImageObject\",\"inLanguage\":\"es\",\"@id\":\"https:\/\/www.celttv.com.ar\/#\/schema\/person\/image\/\",\"url\":\"https:\/\/secure.gravatar.com\/avatar\/7f2c48bdc33b30088f941fb6082e555f2874c98e20cb159d7b92b50eadfce793?s=96&d=mm&r=g\",\"contentUrl\":\"https:\/\/secure.gravatar.com\/avatar\/7f2c48bdc33b30088f941fb6082e555f2874c98e20cb159d7b92b50eadfce793?s=96&d=mm&r=g\",\"caption\":\"ulises\"},\"sameAs\":[\"http:\/\/www.celttv.com.ar\"]}]}<\/script>\n<!-- \/ Yoast SEO plugin. -->","yoast_head_json":{"title":"CHOCARON DE FRENTE DOS CAMIONES EN LA RUTA 33 Y UN COMERCIANTE DE TORNQUIST RESULTO HERIDO (fotos y videos) - CELTTV","description":"Sitio web de noticias de la localidad de Tornquist, provincia de Buenos Aires, Rep\u00fablica Argentina. Contenido propio originado por periodistas de CELTTV, el canal de TV local de la Cooperativa El\u00e9ctrica de Tornquist. Turismo, Pol\u00edtica, Sociedad, Deporte, Cultura y todo el contenido de inter\u00e9s general que la gente del pueblo y la regi\u00f3n debe conocer.","robots":{"index":"index","follow":"follow","max-snippet":"max-snippet:-1","max-image-preview":"max-image-preview:large","max-video-preview":"max-video-preview:-1"},"canonical":"https:\/\/www.celttv.com.ar\/index.php\/2012\/11\/27\/chocaron-de-frente-dos-camiones-en-la-ruta-33-y-un-comerciante-de-tornquist-resulto-herido-fotos-y-en-minutos-video\/","og_locale":"es_ES","og_type":"article","og_title":"CHOCARON DE FRENTE DOS CAMIONES EN LA RUTA 33 Y UN COMERCIANTE DE TORNQUIST RESULTO HERIDO (fotos y videos) - CELTTV","og_description":"Sitio web de noticias de la localidad de Tornquist, provincia de Buenos Aires, Rep\u00fablica Argentina. Contenido propio originado por periodistas de CELTTV, el canal de TV local de la Cooperativa El\u00e9ctrica de Tornquist. Turismo, Pol\u00edtica, Sociedad, Deporte, Cultura y todo el contenido de inter\u00e9s general que la gente del pueblo y la regi\u00f3n debe conocer.","og_url":"https:\/\/www.celttv.com.ar\/index.php\/2012\/11\/27\/chocaron-de-frente-dos-camiones-en-la-ruta-33-y-un-comerciante-de-tornquist-resulto-herido-fotos-y-en-minutos-video\/","og_site_name":"CELTTV","article_publisher":"https:\/\/www.facebook.com\/celtTV\/","article_published_time":"2012-11-27T22:33:08+00:00","author":"ulises","twitter_card":"summary_large_image","twitter_misc":{"Escrito por":"ulises","Tiempo de lectura":"1 minuto"},"schema":{"@context":"https:\/\/schema.org","@graph":[{"@type":"NewsArticle","@id":"https:\/\/www.celttv.com.ar\/index.php\/2012\/11\/27\/chocaron-de-frente-dos-camiones-en-la-ruta-33-y-un-comerciante-de-tornquist-resulto-herido-fotos-y-en-minutos-video\/#article","isPartOf":{"@id":"https:\/\/www.celttv.com.ar\/index.php\/2012\/11\/27\/chocaron-de-frente-dos-camiones-en-la-ruta-33-y-un-comerciante-de-tornquist-resulto-herido-fotos-y-en-minutos-video\/"},"author":{"name":"ulises","@id":"https:\/\/www.celttv.com.ar\/#\/schema\/person\/6d99c072dba59953809c81446e9d0ace"},"headline":"CHOCARON DE FRENTE DOS CAMIONES EN LA RUTA 33 Y UN COMERCIANTE DE TORNQUIST RESULTO HERIDO (fotos y videos)","datePublished":"2012-11-27T22:33:08+00:00","dateModified":"2012-11-27T22:33:08+00:00","mainEntityOfPage":{"@id":"https:\/\/www.celttv.com.ar\/index.php\/2012\/11\/27\/chocaron-de-frente-dos-camiones-en-la-ruta-33-y-un-comerciante-de-tornquist-resulto-herido-fotos-y-en-minutos-video\/"},"wordCount":158,"publisher":{"@id":"https:\/\/www.celttv.com.ar\/#organization"},"articleSection":["Destacadas","Policiales"],"inLanguage":"es"},{"@type":"WebPage","@id":"https:\/\/www.celttv.com.ar\/index.php\/2012\/11\/27\/chocaron-de-frente-dos-camiones-en-la-ruta-33-y-un-comerciante-de-tornquist-resulto-herido-fotos-y-en-minutos-video\/","url":"https:\/\/www.celttv.com.ar\/index.php\/2012\/11\/27\/chocaron-de-frente-dos-camiones-en-la-ruta-33-y-un-comerciante-de-tornquist-resulto-herido-fotos-y-en-minutos-video\/","name":"CHOCARON DE FRENTE DOS CAMIONES EN LA RUTA 33 Y UN COMERCIANTE DE TORNQUIST RESULTO HERIDO (fotos y videos) - CELTTV","isPartOf":{"@id":"https:\/\/www.celttv.com.ar\/#website"},"datePublished":"2012-11-27T22:33:08+00:00","dateModified":"2012-11-27T22:33:08+00:00","description":"Sitio web de noticias de la localidad de Tornquist, provincia de Buenos Aires, Rep\u00fablica Argentina. Contenido propio originado por periodistas de CELTTV, el canal de TV local de la Cooperativa El\u00e9ctrica de Tornquist. Turismo, Pol\u00edtica, Sociedad, Deporte, Cultura y todo el contenido de inter\u00e9s general que la gente del pueblo y la regi\u00f3n debe conocer.","breadcrumb":{"@id":"https:\/\/www.celttv.com.ar\/index.php\/2012\/11\/27\/chocaron-de-frente-dos-camiones-en-la-ruta-33-y-un-comerciante-de-tornquist-resulto-herido-fotos-y-en-minutos-video\/#breadcrumb"},"inLanguage":"es","potentialAction":[{"@type":"ReadAction","target":["https:\/\/www.celttv.com.ar\/index.php\/2012\/11\/27\/chocaron-de-frente-dos-camiones-en-la-ruta-33-y-un-comerciante-de-tornquist-resulto-herido-fotos-y-en-minutos-video\/"]}]},{"@type":"BreadcrumbList","@id":"https:\/\/www.celttv.com.ar\/index.php\/2012\/11\/27\/chocaron-de-frente-dos-camiones-en-la-ruta-33-y-un-comerciante-de-tornquist-resulto-herido-fotos-y-en-minutos-video\/#breadcrumb","itemListElement":[{"@type":"ListItem","position":1,"name":"Inicio","item":"https:\/\/www.celttv.com.ar\/"},{"@type":"ListItem","position":2,"name":"CHOCARON DE FRENTE DOS CAMIONES EN LA RUTA 33 Y UN COMERCIANTE DE TORNQUIST RESULTO HERIDO (fotos y videos)"}]},{"@type":"WebSite","@id":"https:\/\/www.celttv.com.ar\/#website","url":"https:\/\/www.celttv.com.ar\/","name":"CELTTV","description":"Cooperativa El\u00e9ctrica de Tornquist","publisher":{"@id":"https:\/\/www.celttv.com.ar\/#organization"},"potentialAction":[{"@type":"SearchAction","target":{"@type":"EntryPoint","urlTemplate":"https:\/\/www.celttv.com.ar\/?s={search_term_string}"},"query-input":"required name=search_term_string"}],"inLanguage":"es"},{"@type":"Organization","@id":"https:\/\/www.celttv.com.ar\/#organization","name":"CELTTV","url":"https:\/\/www.celttv.com.ar\/","sameAs":["https:\/\/www.youtube.com\/channel\/UCz_oIt8Hig64Ub-EmcNPIhg","https:\/\/www.facebook.com\/celtTV\/"],"logo":{"@type":"ImageObject","inLanguage":"es","@id":"https:\/\/www.celttv.com.ar\/#\/schema\/logo\/image\/","url":"http:\/\/www.celttv.com.ar\/wp-content\/uploads\/2022\/08\/logo-1.png","contentUrl":"http:\/\/www.celttv.com.ar\/wp-content\/uploads\/2022\/08\/logo-1.png","width":461,"height":159,"caption":"CELTTV"},"image":{"@id":"https:\/\/www.celttv.com.ar\/#\/schema\/logo\/image\/"}},{"@type":"Person","@id":"https:\/\/www.celttv.com.ar\/#\/schema\/person\/6d99c072dba59953809c81446e9d0ace","name":"ulises","image":{"@type":"ImageObject","inLanguage":"es","@id":"https:\/\/www.celttv.com.ar\/#\/schema\/person\/image\/","url":"https:\/\/secure.gravatar.com\/avatar\/7f2c48bdc33b30088f941fb6082e555f2874c98e20cb159d7b92b50eadfce793?s=96&d=mm&r=g","contentUrl":"https:\/\/secure.gravatar.com\/avatar\/7f2c48bdc33b30088f941fb6082e555f2874c98e20cb159d7b92b50eadfce793?s=96&d=mm&r=g","caption":"ulises"},"sameAs":["http:\/\/www.celttv.com.ar"]}]}},"_links":{"self":[{"href":"https:\/\/www.celttv.com.ar\/index.php\/wp-json\/wp\/v2\/posts\/9172","targetHints":{"allow":["GET"]}}],"collection":[{"href":"https:\/\/www.celttv.com.ar\/index.php\/wp-json\/wp\/v2\/posts"}],"about":[{"href":"https:\/\/www.celttv.com.ar\/index.php\/wp-json\/wp\/v2\/types\/post"}],"author":[{"embeddable":true,"href":"https:\/\/www.celttv.com.ar\/index.php\/wp-json\/wp\/v2\/users\/1"}],"replies":[{"embeddable":true,"href":"https:\/\/www.celttv.com.ar\/index.php\/wp-json\/wp\/v2\/comments?post=9172"}],"version-history":[{"count":0,"href":"https:\/\/www.celttv.com.ar\/index.php\/wp-json\/wp\/v2\/posts\/9172\/revisions"}],"wp:attachment":[{"href":"https:\/\/www.celttv.com.ar\/index.php\/wp-json\/wp\/v2\/media?parent=9172"}],"wp:term":[{"taxonomy":"category","embeddable":true,"href":"https:\/\/www.celttv.com.ar\/index.php\/wp-json\/wp\/v2\/categories?post=9172"},{"taxonomy":"post_tag","embeddable":true,"href":"https:\/\/www.celttv.com.ar\/index.php\/wp-json\/wp\/v2\/tags?post=9172"}],"curies":[{"name":"wp","href":"https:\/\/api.w.org\/{rel}","templated":true}]}}