{"id":9179,"date":"2012-11-27T22:53:36","date_gmt":"2012-11-27T22:53:36","guid":{"rendered":"http:\/\/www.tvcnoticias.com.ar\/?p=9179"},"modified":"2012-11-27T22:53:36","modified_gmt":"2012-11-27T22:53:36","slug":"union-se-despidio-del-bosque-con-un-triunfo","status":"publish","type":"post","link":"https:\/\/www.celttv.com.ar\/index.php\/2012\/11\/27\/union-se-despidio-del-bosque-con-un-triunfo\/","title":{"rendered":"UNION SE DESPIDIO DEL BOSQUE CON UN TRIUNFO"},"content":{"rendered":"<div><span style=\"font-size: xx-small;\"><a href=\"http:\/\/www.youtube.com\/watch?v=gbF4Pcf9I74\">httpv:\/\/www.youtube.com\/watch?v=gbF4Pcf9I74<\/a><\/span><\/div>\n<p><span style=\"font-size: xx-small;\">\u00a0<br \/>\n<\/span><br \/>\n<span style=\"font-size: xx-small;\"><a>httpv:\/\/www.youtube.com\/watch?v=KIWAJk2Vam4<\/a><\/span><br \/>\nLa lluvia de la madrugada dej\u00f3 un d\u00eda a pleno sol para la pr\u00e1ctica del f\u00fatbol. Se enfrentaban dos equipos que no les quedaba otra que ganar y esperar resultados. En los primeros minutos el sol de frente complic\u00f3 al arquero local pero nada termin\u00f3 en riesgo. A los 5, Loffredo prob\u00f3 desviado y cuatro despu\u00e9s fue Pattahuer quien le dio d\u00e9bil y lleg\u00f3 mansa a las manos del uno local. A los 13, Klock lleg\u00f3 hasta el \u00e1rea luego de lucharla con Laumann, defini\u00f3 por debajo del arquero pero qued\u00f3 en la parte externa de la red. Luego Cabral intent\u00f3 desde lejos pero por arriba. A los 17, una clarita para la visita cuando Tapia cabece\u00f3 al gol y Espinosa, con Flores casi vencido, la sac\u00f3 en la l\u00ednea. En la siguiente, el mismo Tapia se lo perdi\u00f3 entrando por detr\u00e1s de todos al mandarla arriba. A los 19, Neudert desvi\u00f3 su remate y tres mas tarde Pattahuer elev\u00f3 el mismo. Uni\u00f3n empezaba a lastimar con los centros cruzados como a los 32, cuando Bauer se la cedi\u00f3 por esa v\u00eda a Loffredo que cabece\u00f3 de sobre pique y se fue muy cerca del ca\u00f1o izquierdo de Lamarque. A los 41, tiro libre de Oser que pas\u00f3 cerca y uno mas tarde otro bal\u00f3n cruz\u00f3 el \u00e1rea visitante. Banegas enganch\u00f3 en el fondo, se la dio a Bauer, este mand\u00f3 un centro corto que conect\u00f3 Loffredo y exigi\u00f3 al uno pig\u00fcense.<br \/>\nEn el complemento y con el encuentro sin goles, el due\u00f1o de casa tuvo que recurrir al arquero suplente Vittori ya que Flores sufri\u00f3 una indisposici\u00f3n y tuvo que ser llevado al hospital local para ser atendido. A esto hay que sumarle que el t\u00e9cnico Bordoni apost\u00f3 a una l\u00ednea de tres que no le dej\u00f3 los frutos esperados ya que fue Uni\u00f3n el que tuvo las acciones m\u00e1s claras. A los 4 y luego de un centro de Oser, Diel se lo perdi\u00f3 debajo del arco. A los 8, Pattahuer prob\u00f3 con un remate rasante que le dio trabajo a Vittori. Otro remate de Oser, a los 13 que fue a las manos del uno de Uni\u00f3n. El ingresado Diego Minor en la primera clara que tuvo marc\u00f3. El bahiense se elev\u00f3 en el \u00e1rea luego de un centro de Loffredo y coloc\u00f3 la pelota por debajo de Lamarque que nada pudo hacer, 1 a 0. En la siguiente Banegas casi pone el segundo con un disparo que el arquero visitante mand\u00f3 afuera. Otra vez Lamarque tuvo acci\u00f3n cuando le tap\u00f3 un mano a mano a Juan luego de una corrida de treinta metros del jugador serrano. A los 29, Minor sorprendi\u00f3 de lejos pero sin peligro. El ingresado Bel\u00e9n desvi\u00f3 su remate a los 31. Y llegar\u00eda el segundo a los 38 cuando Mat\u00edas Juan ensay\u00f3 una media vuelta en el \u00e1rea grande que venci\u00f3 la estirada del uno del &#8220;Depor&#8221;. Uno despu\u00e9s Klock remat\u00f3 pero a las manos de Vittori. En las dos \u00faltimas acciones del encuentro, Gim\u00e9nez se lo perdi\u00f3 solo al igual que Minor que se apur\u00f3 a los 47, un minuto antes que Ger\u00f3nimo Gallo decretara el final del partido.<br \/>\nClaudio Schaffner<br \/>\nUNION (T) 2<br \/>\nJos\u00e9 Flores, Hern\u00e1n Delgado, Alexis Espinosa, Leonel Moyano y Roberto Laumann (c); Paulo Bauer, Laureano Flores, Maximiliano Banegas y Fernando Neudert; Juan Loffredo y Mat\u00edas Juan. DD.TT.: Carlos Graff \u2013 Silvio Mosegui<br \/>\nCambios: PT: 45m. \u00c1lvaro Vittori por J. Flores. ST: 15m. Alejandro Gim\u00e9nez por L. Flores y 20m. Diego Minor por Neudert.<br \/>\nSuplente: Ezequiel Schmidt.<br \/>\nDEPORTIVO ARGENTINO 0<br \/>\nMarcelo Lamarque, Maximiliano Diel (C), Nicol\u00e1s Cabral, Nicol\u00e1s Sosaya y \u00c1ngel Tapia; Carlos S\u00e1nchez, Jonatan Klock, Alejandro Garc\u00eda y Ariel Pattahuer; Andr\u00e9s Garc\u00eda y Mat\u00edas Oser. D.T.: Carlos Bordoni<br \/>\nCambios: ST 17m. Juan Justo Zas por Sosaya, 30m. Emanuel Bel\u00e9n por Oser y 36m. Juan Ignacio Prost por Alejandro Garc\u00eda.<br \/>\nSuplentes: Federico Ponce y Mariano Matasi.<br \/>\nGOLES. ST: 23m. Minor (U) y 38m. Juan (U).<br \/>\nAMONESTADOS: PT: 14m. S\u00e1nchez (DA). ST: 8m. Oser (DA), 11m. Juan (U) y 44m. Diel (DA).<br \/>\nEXPULSADOS: No hubo.<br \/>\nARBITRO: Ger\u00f3nimo Rodr\u00edguez (5).<br \/>\nLINEAS: Juan Carlos R\u00edos y Cristian Ben\u00edtez.<br \/>\nRESERVA: Uni\u00f3n T 1 (Schmidt) vs. D. Argentino 2 (Ferrer y Fern\u00e1ndez).<br \/>\nCANCHA: Estadio &#8220;Juan Jos\u00e9 Bolletta&#8221; del Club Uni\u00f3n de Tornquist.<\/p>\n","protected":false},"excerpt":{"rendered":"<p>httpv:\/\/www.youtube.com\/watch?v=gbF4Pcf9I74 \u00a0 httpv:\/\/www.youtube.com\/watch?v=KIWAJk2Vam4 La lluvia de la madrugada dej\u00f3 un d\u00eda a pleno sol para la pr\u00e1ctica del f\u00fatbol. Se enfrentaban dos equipos que no les quedaba otra que ganar y esperar resultados. En los primeros minutos el sol de frente complic\u00f3 al arquero local pero nada termin\u00f3 en riesgo. A los 5, Loffredo prob\u00f3 [&hellip;]<\/p>\n","protected":false},"author":1,"featured_media":0,"comment_status":"closed","ping_status":"open","sticky":false,"template":"","format":"standard","meta":{"footnotes":""},"categories":[60,52,64],"tags":[],"class_list":["post-9179","post","type-post","status-publish","format-standard","hentry","category-deporte","category-destacadas","category-videos-destacados"],"yoast_head":"<!-- This site is optimized with the Yoast SEO plugin v19.7.1 - https:\/\/yoast.com\/wordpress\/plugins\/seo\/ -->\n<title>UNION SE DESPIDIO DEL BOSQUE CON UN TRIUNFO - CELTTV<\/title>\n<meta name=\"description\" content=\"Sitio web de noticias de la localidad de Tornquist, provincia de Buenos Aires, Rep\u00fablica Argentina. Contenido propio originado por periodistas de CELTTV, el canal de TV local de la Cooperativa El\u00e9ctrica de Tornquist. Turismo, Pol\u00edtica, Sociedad, Deporte, Cultura y todo el contenido de inter\u00e9s general que la gente del pueblo y la regi\u00f3n debe conocer.\" \/>\n<meta name=\"robots\" content=\"index, follow, max-snippet:-1, max-image-preview:large, max-video-preview:-1\" \/>\n<link rel=\"canonical\" href=\"https:\/\/www.celttv.com.ar\/index.php\/2012\/11\/27\/union-se-despidio-del-bosque-con-un-triunfo\/\" \/>\n<meta property=\"og:locale\" content=\"es_ES\" \/>\n<meta property=\"og:type\" content=\"article\" \/>\n<meta property=\"og:title\" content=\"UNION SE DESPIDIO DEL BOSQUE CON UN TRIUNFO - CELTTV\" \/>\n<meta property=\"og:description\" content=\"Sitio web de noticias de la localidad de Tornquist, provincia de Buenos Aires, Rep\u00fablica Argentina. Contenido propio originado por periodistas de CELTTV, el canal de TV local de la Cooperativa El\u00e9ctrica de Tornquist. Turismo, Pol\u00edtica, Sociedad, Deporte, Cultura y todo el contenido de inter\u00e9s general que la gente del pueblo y la regi\u00f3n debe conocer.\" \/>\n<meta property=\"og:url\" content=\"https:\/\/www.celttv.com.ar\/index.php\/2012\/11\/27\/union-se-despidio-del-bosque-con-un-triunfo\/\" \/>\n<meta property=\"og:site_name\" content=\"CELTTV\" \/>\n<meta property=\"article:publisher\" content=\"https:\/\/www.facebook.com\/celtTV\/\" \/>\n<meta property=\"article:published_time\" content=\"2012-11-27T22:53:36+00:00\" \/>\n<meta name=\"author\" content=\"ulises\" \/>\n<meta name=\"twitter:card\" content=\"summary_large_image\" \/>\n<meta name=\"twitter:label1\" content=\"Escrito por\" \/>\n\t<meta name=\"twitter:data1\" content=\"ulises\" \/>\n\t<meta name=\"twitter:label2\" content=\"Tiempo de lectura\" \/>\n\t<meta name=\"twitter:data2\" content=\"4 minutos\" \/>\n<script type=\"application\/ld+json\" class=\"yoast-schema-graph\">{\"@context\":\"https:\/\/schema.org\",\"@graph\":[{\"@type\":\"NewsArticle\",\"@id\":\"https:\/\/www.celttv.com.ar\/index.php\/2012\/11\/27\/union-se-despidio-del-bosque-con-un-triunfo\/#article\",\"isPartOf\":{\"@id\":\"https:\/\/www.celttv.com.ar\/index.php\/2012\/11\/27\/union-se-despidio-del-bosque-con-un-triunfo\/\"},\"author\":{\"name\":\"ulises\",\"@id\":\"https:\/\/www.celttv.com.ar\/#\/schema\/person\/6d99c072dba59953809c81446e9d0ace\"},\"headline\":\"UNION SE DESPIDIO DEL BOSQUE CON UN TRIUNFO\",\"datePublished\":\"2012-11-27T22:53:36+00:00\",\"dateModified\":\"2012-11-27T22:53:36+00:00\",\"mainEntityOfPage\":{\"@id\":\"https:\/\/www.celttv.com.ar\/index.php\/2012\/11\/27\/union-se-despidio-del-bosque-con-un-triunfo\/\"},\"wordCount\":761,\"publisher\":{\"@id\":\"https:\/\/www.celttv.com.ar\/#organization\"},\"articleSection\":[\"Deporte\",\"Destacadas\",\"Videos Destacados\"],\"inLanguage\":\"es\"},{\"@type\":\"WebPage\",\"@id\":\"https:\/\/www.celttv.com.ar\/index.php\/2012\/11\/27\/union-se-despidio-del-bosque-con-un-triunfo\/\",\"url\":\"https:\/\/www.celttv.com.ar\/index.php\/2012\/11\/27\/union-se-despidio-del-bosque-con-un-triunfo\/\",\"name\":\"UNION SE DESPIDIO DEL BOSQUE CON UN TRIUNFO - CELTTV\",\"isPartOf\":{\"@id\":\"https:\/\/www.celttv.com.ar\/#website\"},\"datePublished\":\"2012-11-27T22:53:36+00:00\",\"dateModified\":\"2012-11-27T22:53:36+00:00\",\"description\":\"Sitio web de noticias de la localidad de Tornquist, provincia de Buenos Aires, Rep\u00fablica Argentina. Contenido propio originado por periodistas de CELTTV, el canal de TV local de la Cooperativa El\u00e9ctrica de Tornquist. Turismo, Pol\u00edtica, Sociedad, Deporte, Cultura y todo el contenido de inter\u00e9s general que la gente del pueblo y la regi\u00f3n debe conocer.\",\"breadcrumb\":{\"@id\":\"https:\/\/www.celttv.com.ar\/index.php\/2012\/11\/27\/union-se-despidio-del-bosque-con-un-triunfo\/#breadcrumb\"},\"inLanguage\":\"es\",\"potentialAction\":[{\"@type\":\"ReadAction\",\"target\":[\"https:\/\/www.celttv.com.ar\/index.php\/2012\/11\/27\/union-se-despidio-del-bosque-con-un-triunfo\/\"]}]},{\"@type\":\"BreadcrumbList\",\"@id\":\"https:\/\/www.celttv.com.ar\/index.php\/2012\/11\/27\/union-se-despidio-del-bosque-con-un-triunfo\/#breadcrumb\",\"itemListElement\":[{\"@type\":\"ListItem\",\"position\":1,\"name\":\"Inicio\",\"item\":\"https:\/\/www.celttv.com.ar\/\"},{\"@type\":\"ListItem\",\"position\":2,\"name\":\"UNION SE DESPIDIO DEL BOSQUE CON UN TRIUNFO\"}]},{\"@type\":\"WebSite\",\"@id\":\"https:\/\/www.celttv.com.ar\/#website\",\"url\":\"https:\/\/www.celttv.com.ar\/\",\"name\":\"CELTTV\",\"description\":\"Cooperativa El\u00e9ctrica de Tornquist\",\"publisher\":{\"@id\":\"https:\/\/www.celttv.com.ar\/#organization\"},\"potentialAction\":[{\"@type\":\"SearchAction\",\"target\":{\"@type\":\"EntryPoint\",\"urlTemplate\":\"https:\/\/www.celttv.com.ar\/?s={search_term_string}\"},\"query-input\":\"required name=search_term_string\"}],\"inLanguage\":\"es\"},{\"@type\":\"Organization\",\"@id\":\"https:\/\/www.celttv.com.ar\/#organization\",\"name\":\"CELTTV\",\"url\":\"https:\/\/www.celttv.com.ar\/\",\"sameAs\":[\"https:\/\/www.youtube.com\/channel\/UCz_oIt8Hig64Ub-EmcNPIhg\",\"https:\/\/www.facebook.com\/celtTV\/\"],\"logo\":{\"@type\":\"ImageObject\",\"inLanguage\":\"es\",\"@id\":\"https:\/\/www.celttv.com.ar\/#\/schema\/logo\/image\/\",\"url\":\"http:\/\/www.celttv.com.ar\/wp-content\/uploads\/2022\/08\/logo-1.png\",\"contentUrl\":\"http:\/\/www.celttv.com.ar\/wp-content\/uploads\/2022\/08\/logo-1.png\",\"width\":461,\"height\":159,\"caption\":\"CELTTV\"},\"image\":{\"@id\":\"https:\/\/www.celttv.com.ar\/#\/schema\/logo\/image\/\"}},{\"@type\":\"Person\",\"@id\":\"https:\/\/www.celttv.com.ar\/#\/schema\/person\/6d99c072dba59953809c81446e9d0ace\",\"name\":\"ulises\",\"image\":{\"@type\":\"ImageObject\",\"inLanguage\":\"es\",\"@id\":\"https:\/\/www.celttv.com.ar\/#\/schema\/person\/image\/\",\"url\":\"https:\/\/secure.gravatar.com\/avatar\/7f2c48bdc33b30088f941fb6082e555f2874c98e20cb159d7b92b50eadfce793?s=96&d=mm&r=g\",\"contentUrl\":\"https:\/\/secure.gravatar.com\/avatar\/7f2c48bdc33b30088f941fb6082e555f2874c98e20cb159d7b92b50eadfce793?s=96&d=mm&r=g\",\"caption\":\"ulises\"},\"sameAs\":[\"http:\/\/www.celttv.com.ar\"]}]}<\/script>\n<!-- \/ Yoast SEO plugin. -->","yoast_head_json":{"title":"UNION SE DESPIDIO DEL BOSQUE CON UN TRIUNFO - CELTTV","description":"Sitio web de noticias de la localidad de Tornquist, provincia de Buenos Aires, Rep\u00fablica Argentina. Contenido propio originado por periodistas de CELTTV, el canal de TV local de la Cooperativa El\u00e9ctrica de Tornquist. Turismo, Pol\u00edtica, Sociedad, Deporte, Cultura y todo el contenido de inter\u00e9s general que la gente del pueblo y la regi\u00f3n debe conocer.","robots":{"index":"index","follow":"follow","max-snippet":"max-snippet:-1","max-image-preview":"max-image-preview:large","max-video-preview":"max-video-preview:-1"},"canonical":"https:\/\/www.celttv.com.ar\/index.php\/2012\/11\/27\/union-se-despidio-del-bosque-con-un-triunfo\/","og_locale":"es_ES","og_type":"article","og_title":"UNION SE DESPIDIO DEL BOSQUE CON UN TRIUNFO - CELTTV","og_description":"Sitio web de noticias de la localidad de Tornquist, provincia de Buenos Aires, Rep\u00fablica Argentina. Contenido propio originado por periodistas de CELTTV, el canal de TV local de la Cooperativa El\u00e9ctrica de Tornquist. Turismo, Pol\u00edtica, Sociedad, Deporte, Cultura y todo el contenido de inter\u00e9s general que la gente del pueblo y la regi\u00f3n debe conocer.","og_url":"https:\/\/www.celttv.com.ar\/index.php\/2012\/11\/27\/union-se-despidio-del-bosque-con-un-triunfo\/","og_site_name":"CELTTV","article_publisher":"https:\/\/www.facebook.com\/celtTV\/","article_published_time":"2012-11-27T22:53:36+00:00","author":"ulises","twitter_card":"summary_large_image","twitter_misc":{"Escrito por":"ulises","Tiempo de lectura":"4 minutos"},"schema":{"@context":"https:\/\/schema.org","@graph":[{"@type":"NewsArticle","@id":"https:\/\/www.celttv.com.ar\/index.php\/2012\/11\/27\/union-se-despidio-del-bosque-con-un-triunfo\/#article","isPartOf":{"@id":"https:\/\/www.celttv.com.ar\/index.php\/2012\/11\/27\/union-se-despidio-del-bosque-con-un-triunfo\/"},"author":{"name":"ulises","@id":"https:\/\/www.celttv.com.ar\/#\/schema\/person\/6d99c072dba59953809c81446e9d0ace"},"headline":"UNION SE DESPIDIO DEL BOSQUE CON UN TRIUNFO","datePublished":"2012-11-27T22:53:36+00:00","dateModified":"2012-11-27T22:53:36+00:00","mainEntityOfPage":{"@id":"https:\/\/www.celttv.com.ar\/index.php\/2012\/11\/27\/union-se-despidio-del-bosque-con-un-triunfo\/"},"wordCount":761,"publisher":{"@id":"https:\/\/www.celttv.com.ar\/#organization"},"articleSection":["Deporte","Destacadas","Videos Destacados"],"inLanguage":"es"},{"@type":"WebPage","@id":"https:\/\/www.celttv.com.ar\/index.php\/2012\/11\/27\/union-se-despidio-del-bosque-con-un-triunfo\/","url":"https:\/\/www.celttv.com.ar\/index.php\/2012\/11\/27\/union-se-despidio-del-bosque-con-un-triunfo\/","name":"UNION SE DESPIDIO DEL BOSQUE CON UN TRIUNFO - CELTTV","isPartOf":{"@id":"https:\/\/www.celttv.com.ar\/#website"},"datePublished":"2012-11-27T22:53:36+00:00","dateModified":"2012-11-27T22:53:36+00:00","description":"Sitio web de noticias de la localidad de Tornquist, provincia de Buenos Aires, Rep\u00fablica Argentina. Contenido propio originado por periodistas de CELTTV, el canal de TV local de la Cooperativa El\u00e9ctrica de Tornquist. Turismo, Pol\u00edtica, Sociedad, Deporte, Cultura y todo el contenido de inter\u00e9s general que la gente del pueblo y la regi\u00f3n debe conocer.","breadcrumb":{"@id":"https:\/\/www.celttv.com.ar\/index.php\/2012\/11\/27\/union-se-despidio-del-bosque-con-un-triunfo\/#breadcrumb"},"inLanguage":"es","potentialAction":[{"@type":"ReadAction","target":["https:\/\/www.celttv.com.ar\/index.php\/2012\/11\/27\/union-se-despidio-del-bosque-con-un-triunfo\/"]}]},{"@type":"BreadcrumbList","@id":"https:\/\/www.celttv.com.ar\/index.php\/2012\/11\/27\/union-se-despidio-del-bosque-con-un-triunfo\/#breadcrumb","itemListElement":[{"@type":"ListItem","position":1,"name":"Inicio","item":"https:\/\/www.celttv.com.ar\/"},{"@type":"ListItem","position":2,"name":"UNION SE DESPIDIO DEL BOSQUE CON UN TRIUNFO"}]},{"@type":"WebSite","@id":"https:\/\/www.celttv.com.ar\/#website","url":"https:\/\/www.celttv.com.ar\/","name":"CELTTV","description":"Cooperativa El\u00e9ctrica de Tornquist","publisher":{"@id":"https:\/\/www.celttv.com.ar\/#organization"},"potentialAction":[{"@type":"SearchAction","target":{"@type":"EntryPoint","urlTemplate":"https:\/\/www.celttv.com.ar\/?s={search_term_string}"},"query-input":"required name=search_term_string"}],"inLanguage":"es"},{"@type":"Organization","@id":"https:\/\/www.celttv.com.ar\/#organization","name":"CELTTV","url":"https:\/\/www.celttv.com.ar\/","sameAs":["https:\/\/www.youtube.com\/channel\/UCz_oIt8Hig64Ub-EmcNPIhg","https:\/\/www.facebook.com\/celtTV\/"],"logo":{"@type":"ImageObject","inLanguage":"es","@id":"https:\/\/www.celttv.com.ar\/#\/schema\/logo\/image\/","url":"http:\/\/www.celttv.com.ar\/wp-content\/uploads\/2022\/08\/logo-1.png","contentUrl":"http:\/\/www.celttv.com.ar\/wp-content\/uploads\/2022\/08\/logo-1.png","width":461,"height":159,"caption":"CELTTV"},"image":{"@id":"https:\/\/www.celttv.com.ar\/#\/schema\/logo\/image\/"}},{"@type":"Person","@id":"https:\/\/www.celttv.com.ar\/#\/schema\/person\/6d99c072dba59953809c81446e9d0ace","name":"ulises","image":{"@type":"ImageObject","inLanguage":"es","@id":"https:\/\/www.celttv.com.ar\/#\/schema\/person\/image\/","url":"https:\/\/secure.gravatar.com\/avatar\/7f2c48bdc33b30088f941fb6082e555f2874c98e20cb159d7b92b50eadfce793?s=96&d=mm&r=g","contentUrl":"https:\/\/secure.gravatar.com\/avatar\/7f2c48bdc33b30088f941fb6082e555f2874c98e20cb159d7b92b50eadfce793?s=96&d=mm&r=g","caption":"ulises"},"sameAs":["http:\/\/www.celttv.com.ar"]}]}},"_links":{"self":[{"href":"https:\/\/www.celttv.com.ar\/index.php\/wp-json\/wp\/v2\/posts\/9179","targetHints":{"allow":["GET"]}}],"collection":[{"href":"https:\/\/www.celttv.com.ar\/index.php\/wp-json\/wp\/v2\/posts"}],"about":[{"href":"https:\/\/www.celttv.com.ar\/index.php\/wp-json\/wp\/v2\/types\/post"}],"author":[{"embeddable":true,"href":"https:\/\/www.celttv.com.ar\/index.php\/wp-json\/wp\/v2\/users\/1"}],"replies":[{"embeddable":true,"href":"https:\/\/www.celttv.com.ar\/index.php\/wp-json\/wp\/v2\/comments?post=9179"}],"version-history":[{"count":0,"href":"https:\/\/www.celttv.com.ar\/index.php\/wp-json\/wp\/v2\/posts\/9179\/revisions"}],"wp:attachment":[{"href":"https:\/\/www.celttv.com.ar\/index.php\/wp-json\/wp\/v2\/media?parent=9179"}],"wp:term":[{"taxonomy":"category","embeddable":true,"href":"https:\/\/www.celttv.com.ar\/index.php\/wp-json\/wp\/v2\/categories?post=9179"},{"taxonomy":"post_tag","embeddable":true,"href":"https:\/\/www.celttv.com.ar\/index.php\/wp-json\/wp\/v2\/tags?post=9179"}],"curies":[{"name":"wp","href":"https:\/\/api.w.org\/{rel}","templated":true}]}}