{"id":92160,"date":"2026-04-21T22:19:11","date_gmt":"2026-04-22T01:19:11","guid":{"rendered":"https:\/\/www.celttv.com.ar\/?p=92160"},"modified":"2026-04-21T22:19:11","modified_gmt":"2026-04-22T01:19:11","slug":"se-conocio-el-programa-de-actividades-para-la-50o-exposicion-rural-industrial-comercial-y-de-turismo-de-tornquist","status":"publish","type":"post","link":"https:\/\/www.celttv.com.ar\/index.php\/2026\/04\/21\/se-conocio-el-programa-de-actividades-para-la-50o-exposicion-rural-industrial-comercial-y-de-turismo-de-tornquist\/","title":{"rendered":"Se conoci\u00f3 el programa de actividades para la 50\u00ba Exposici\u00f3n Rural, Industrial, Comercial y de Turismo de Tornquist"},"content":{"rendered":"<p><img loading=\"lazy\" decoding=\"async\" class=\"alignnone wp-image-92161 size-full\" src=\"https:\/\/www.celttv.com.ar\/wp-content\/uploads\/2026\/04\/placa-1.jpg\" alt=\"\" width=\"419\" height=\"595\" srcset=\"https:\/\/www.celttv.com.ar\/wp-content\/uploads\/2026\/04\/placa-1.jpg 419w, https:\/\/www.celttv.com.ar\/wp-content\/uploads\/2026\/04\/placa-1-211x300.jpg 211w\" sizes=\"auto, (max-width: 419px) 100vw, 419px\" \/><\/p>\n<p><img loading=\"lazy\" decoding=\"async\" class=\"alignnone wp-image-92162 size-full\" src=\"https:\/\/www.celttv.com.ar\/wp-content\/uploads\/2026\/04\/CUADRO-4.jpg\" alt=\"\" width=\"530\" height=\"753\" srcset=\"https:\/\/www.celttv.com.ar\/wp-content\/uploads\/2026\/04\/CUADRO-4.jpg 530w, https:\/\/www.celttv.com.ar\/wp-content\/uploads\/2026\/04\/CUADRO-4-211x300.jpg 211w\" sizes=\"auto, (max-width: 530px) 100vw, 530px\" \/> <img loading=\"lazy\" decoding=\"async\" class=\"alignnone wp-image-92163 size-full\" src=\"https:\/\/www.celttv.com.ar\/wp-content\/uploads\/2026\/04\/PLACA-2.jpg\" alt=\"\" width=\"532\" height=\"766\" srcset=\"https:\/\/www.celttv.com.ar\/wp-content\/uploads\/2026\/04\/PLACA-2.jpg 532w, https:\/\/www.celttv.com.ar\/wp-content\/uploads\/2026\/04\/PLACA-2-208x300.jpg 208w\" sizes=\"auto, (max-width: 532px) 100vw, 532px\" \/> <img loading=\"lazy\" decoding=\"async\" class=\"alignnone wp-image-92164 size-full\" src=\"https:\/\/www.celttv.com.ar\/wp-content\/uploads\/2026\/04\/PLACA-3.jpg\" alt=\"\" width=\"535\" height=\"758\" srcset=\"https:\/\/www.celttv.com.ar\/wp-content\/uploads\/2026\/04\/PLACA-3.jpg 535w, https:\/\/www.celttv.com.ar\/wp-content\/uploads\/2026\/04\/PLACA-3-212x300.jpg 212w\" sizes=\"auto, (max-width: 535px) 100vw, 535px\" \/> <img loading=\"lazy\" decoding=\"async\" class=\"alignnone wp-image-92165 size-large\" src=\"https:\/\/www.celttv.com.ar\/wp-content\/uploads\/2026\/04\/PLACA-5-724x1024.jpg\" alt=\"\" width=\"724\" height=\"1024\" srcset=\"https:\/\/www.celttv.com.ar\/wp-content\/uploads\/2026\/04\/PLACA-5-724x1024.jpg 724w, https:\/\/www.celttv.com.ar\/wp-content\/uploads\/2026\/04\/PLACA-5-212x300.jpg 212w, https:\/\/www.celttv.com.ar\/wp-content\/uploads\/2026\/04\/PLACA-5-768x1086.jpg 768w, https:\/\/www.celttv.com.ar\/wp-content\/uploads\/2026\/04\/PLACA-5-1086x1536.jpg 1086w, https:\/\/www.celttv.com.ar\/wp-content\/uploads\/2026\/04\/PLACA-5-750x1061.jpg 750w, https:\/\/www.celttv.com.ar\/wp-content\/uploads\/2026\/04\/PLACA-5.jpg 1131w\" sizes=\"auto, (max-width: 724px) 100vw, 724px\" \/><\/p>\n","protected":false},"excerpt":{"rendered":"","protected":false},"author":5,"featured_media":92161,"comment_status":"closed","ping_status":"closed","sticky":false,"template":"","format":"standard","meta":{"footnotes":""},"categories":[51],"tags":[],"class_list":["post-92160","post","type-post","status-publish","format-standard","has-post-thumbnail","hentry","category-comunidad"],"yoast_head":"<!-- This site is optimized with the Yoast SEO plugin v19.7.1 - https:\/\/yoast.com\/wordpress\/plugins\/seo\/ -->\n<title>Se conoci\u00f3 el programa de actividades para la 50\u00ba Exposici\u00f3n Rural, Industrial, Comercial y de Turismo de Tornquist - CELTTV<\/title>\n<meta name=\"description\" content=\"Sitio web de noticias de la localidad de Tornquist, provincia de Buenos Aires, Rep\u00fablica Argentina. Contenido propio originado por periodistas de CELTTV, el canal de TV local de la Cooperativa El\u00e9ctrica de Tornquist. Turismo, Pol\u00edtica, Sociedad, Deporte, Cultura y todo el contenido de inter\u00e9s general que la gente del pueblo y la regi\u00f3n debe conocer.\" \/>\n<meta name=\"robots\" content=\"index, follow, max-snippet:-1, max-image-preview:large, max-video-preview:-1\" \/>\n<link rel=\"canonical\" href=\"https:\/\/www.celttv.com.ar\/index.php\/2026\/04\/21\/se-conocio-el-programa-de-actividades-para-la-50o-exposicion-rural-industrial-comercial-y-de-turismo-de-tornquist\/\" \/>\n<meta property=\"og:locale\" content=\"es_ES\" \/>\n<meta property=\"og:type\" content=\"article\" \/>\n<meta property=\"og:title\" content=\"Se conoci\u00f3 el programa de actividades para la 50\u00ba Exposici\u00f3n Rural, Industrial, Comercial y de Turismo de Tornquist - CELTTV\" \/>\n<meta property=\"og:description\" content=\"Sitio web de noticias de la localidad de Tornquist, provincia de Buenos Aires, Rep\u00fablica Argentina. Contenido propio originado por periodistas de CELTTV, el canal de TV local de la Cooperativa El\u00e9ctrica de Tornquist. Turismo, Pol\u00edtica, Sociedad, Deporte, Cultura y todo el contenido de inter\u00e9s general que la gente del pueblo y la regi\u00f3n debe conocer.\" \/>\n<meta property=\"og:url\" content=\"https:\/\/www.celttv.com.ar\/index.php\/2026\/04\/21\/se-conocio-el-programa-de-actividades-para-la-50o-exposicion-rural-industrial-comercial-y-de-turismo-de-tornquist\/\" \/>\n<meta property=\"og:site_name\" content=\"CELTTV\" \/>\n<meta property=\"article:publisher\" content=\"https:\/\/www.facebook.com\/celtTV\/\" \/>\n<meta property=\"article:published_time\" content=\"2026-04-22T01:19:11+00:00\" \/>\n<meta property=\"og:image\" content=\"https:\/\/www.celttv.com.ar\/wp-content\/uploads\/2026\/04\/placa-1.jpg\" \/>\n\t<meta property=\"og:image:width\" content=\"419\" \/>\n\t<meta property=\"og:image:height\" content=\"595\" \/>\n\t<meta property=\"og:image:type\" content=\"image\/jpeg\" \/>\n<meta name=\"author\" content=\"Miguel Herrada\" \/>\n<meta name=\"twitter:card\" content=\"summary_large_image\" \/>\n<meta name=\"twitter:label1\" content=\"Escrito por\" \/>\n\t<meta name=\"twitter:data1\" content=\"Miguel Herrada\" \/>\n<script type=\"application\/ld+json\" class=\"yoast-schema-graph\">{\"@context\":\"https:\/\/schema.org\",\"@graph\":[{\"@type\":\"NewsArticle\",\"@id\":\"https:\/\/www.celttv.com.ar\/index.php\/2026\/04\/21\/se-conocio-el-programa-de-actividades-para-la-50o-exposicion-rural-industrial-comercial-y-de-turismo-de-tornquist\/#article\",\"isPartOf\":{\"@id\":\"https:\/\/www.celttv.com.ar\/index.php\/2026\/04\/21\/se-conocio-el-programa-de-actividades-para-la-50o-exposicion-rural-industrial-comercial-y-de-turismo-de-tornquist\/\"},\"author\":{\"name\":\"Miguel Herrada\",\"@id\":\"https:\/\/www.celttv.com.ar\/#\/schema\/person\/9059dc91dc7204ef4182cdb65225f07d\"},\"headline\":\"Se conoci\u00f3 el programa de actividades para la 50\u00ba Exposici\u00f3n Rural, Industrial, Comercial y de Turismo de Tornquist\",\"datePublished\":\"2026-04-22T01:19:11+00:00\",\"dateModified\":\"2026-04-22T01:19:11+00:00\",\"mainEntityOfPage\":{\"@id\":\"https:\/\/www.celttv.com.ar\/index.php\/2026\/04\/21\/se-conocio-el-programa-de-actividades-para-la-50o-exposicion-rural-industrial-comercial-y-de-turismo-de-tornquist\/\"},\"wordCount\":18,\"publisher\":{\"@id\":\"https:\/\/www.celttv.com.ar\/#organization\"},\"articleSection\":[\"Comunidad\"],\"inLanguage\":\"es\"},{\"@type\":\"WebPage\",\"@id\":\"https:\/\/www.celttv.com.ar\/index.php\/2026\/04\/21\/se-conocio-el-programa-de-actividades-para-la-50o-exposicion-rural-industrial-comercial-y-de-turismo-de-tornquist\/\",\"url\":\"https:\/\/www.celttv.com.ar\/index.php\/2026\/04\/21\/se-conocio-el-programa-de-actividades-para-la-50o-exposicion-rural-industrial-comercial-y-de-turismo-de-tornquist\/\",\"name\":\"Se conoci\u00f3 el programa de actividades para la 50\u00ba Exposici\u00f3n Rural, Industrial, Comercial y de Turismo de Tornquist - CELTTV\",\"isPartOf\":{\"@id\":\"https:\/\/www.celttv.com.ar\/#website\"},\"datePublished\":\"2026-04-22T01:19:11+00:00\",\"dateModified\":\"2026-04-22T01:19:11+00:00\",\"description\":\"Sitio web de noticias de la localidad de Tornquist, provincia de Buenos Aires, Rep\u00fablica Argentina. Contenido propio originado por periodistas de CELTTV, el canal de TV local de la Cooperativa El\u00e9ctrica de Tornquist. Turismo, Pol\u00edtica, Sociedad, Deporte, Cultura y todo el contenido de inter\u00e9s general que la gente del pueblo y la regi\u00f3n debe conocer.\",\"breadcrumb\":{\"@id\":\"https:\/\/www.celttv.com.ar\/index.php\/2026\/04\/21\/se-conocio-el-programa-de-actividades-para-la-50o-exposicion-rural-industrial-comercial-y-de-turismo-de-tornquist\/#breadcrumb\"},\"inLanguage\":\"es\",\"potentialAction\":[{\"@type\":\"ReadAction\",\"target\":[\"https:\/\/www.celttv.com.ar\/index.php\/2026\/04\/21\/se-conocio-el-programa-de-actividades-para-la-50o-exposicion-rural-industrial-comercial-y-de-turismo-de-tornquist\/\"]}]},{\"@type\":\"BreadcrumbList\",\"@id\":\"https:\/\/www.celttv.com.ar\/index.php\/2026\/04\/21\/se-conocio-el-programa-de-actividades-para-la-50o-exposicion-rural-industrial-comercial-y-de-turismo-de-tornquist\/#breadcrumb\",\"itemListElement\":[{\"@type\":\"ListItem\",\"position\":1,\"name\":\"Inicio\",\"item\":\"https:\/\/www.celttv.com.ar\/\"},{\"@type\":\"ListItem\",\"position\":2,\"name\":\"Se conoci\u00f3 el programa de actividades para la 50\u00ba Exposici\u00f3n Rural, Industrial, Comercial y de Turismo de Tornquist\"}]},{\"@type\":\"WebSite\",\"@id\":\"https:\/\/www.celttv.com.ar\/#website\",\"url\":\"https:\/\/www.celttv.com.ar\/\",\"name\":\"CELTTV\",\"description\":\"Cooperativa El\u00e9ctrica de Tornquist\",\"publisher\":{\"@id\":\"https:\/\/www.celttv.com.ar\/#organization\"},\"potentialAction\":[{\"@type\":\"SearchAction\",\"target\":{\"@type\":\"EntryPoint\",\"urlTemplate\":\"https:\/\/www.celttv.com.ar\/?s={search_term_string}\"},\"query-input\":\"required name=search_term_string\"}],\"inLanguage\":\"es\"},{\"@type\":\"Organization\",\"@id\":\"https:\/\/www.celttv.com.ar\/#organization\",\"name\":\"CELTTV\",\"url\":\"https:\/\/www.celttv.com.ar\/\",\"sameAs\":[\"https:\/\/www.youtube.com\/channel\/UCz_oIt8Hig64Ub-EmcNPIhg\",\"https:\/\/www.facebook.com\/celtTV\/\"],\"logo\":{\"@type\":\"ImageObject\",\"inLanguage\":\"es\",\"@id\":\"https:\/\/www.celttv.com.ar\/#\/schema\/logo\/image\/\",\"url\":\"http:\/\/www.celttv.com.ar\/wp-content\/uploads\/2022\/08\/logo-1.png\",\"contentUrl\":\"http:\/\/www.celttv.com.ar\/wp-content\/uploads\/2022\/08\/logo-1.png\",\"width\":461,\"height\":159,\"caption\":\"CELTTV\"},\"image\":{\"@id\":\"https:\/\/www.celttv.com.ar\/#\/schema\/logo\/image\/\"}},{\"@type\":\"Person\",\"@id\":\"https:\/\/www.celttv.com.ar\/#\/schema\/person\/9059dc91dc7204ef4182cdb65225f07d\",\"name\":\"Miguel Herrada\",\"image\":{\"@type\":\"ImageObject\",\"inLanguage\":\"es\",\"@id\":\"https:\/\/www.celttv.com.ar\/#\/schema\/person\/image\/\",\"url\":\"https:\/\/secure.gravatar.com\/avatar\/67724d5b3c716623ffd76bec7e45841a442ac3b456e914dbba90b0fad2b8e0b1?s=96&d=mm&r=g\",\"contentUrl\":\"https:\/\/secure.gravatar.com\/avatar\/67724d5b3c716623ffd76bec7e45841a442ac3b456e914dbba90b0fad2b8e0b1?s=96&d=mm&r=g\",\"caption\":\"Miguel Herrada\"}}]}<\/script>\n<!-- \/ Yoast SEO plugin. -->","yoast_head_json":{"title":"Se conoci\u00f3 el programa de actividades para la 50\u00ba Exposici\u00f3n Rural, Industrial, Comercial y de Turismo de Tornquist - CELTTV","description":"Sitio web de noticias de la localidad de Tornquist, provincia de Buenos Aires, Rep\u00fablica Argentina. Contenido propio originado por periodistas de CELTTV, el canal de TV local de la Cooperativa El\u00e9ctrica de Tornquist. Turismo, Pol\u00edtica, Sociedad, Deporte, Cultura y todo el contenido de inter\u00e9s general que la gente del pueblo y la regi\u00f3n debe conocer.","robots":{"index":"index","follow":"follow","max-snippet":"max-snippet:-1","max-image-preview":"max-image-preview:large","max-video-preview":"max-video-preview:-1"},"canonical":"https:\/\/www.celttv.com.ar\/index.php\/2026\/04\/21\/se-conocio-el-programa-de-actividades-para-la-50o-exposicion-rural-industrial-comercial-y-de-turismo-de-tornquist\/","og_locale":"es_ES","og_type":"article","og_title":"Se conoci\u00f3 el programa de actividades para la 50\u00ba Exposici\u00f3n Rural, Industrial, Comercial y de Turismo de Tornquist - CELTTV","og_description":"Sitio web de noticias de la localidad de Tornquist, provincia de Buenos Aires, Rep\u00fablica Argentina. Contenido propio originado por periodistas de CELTTV, el canal de TV local de la Cooperativa El\u00e9ctrica de Tornquist. Turismo, Pol\u00edtica, Sociedad, Deporte, Cultura y todo el contenido de inter\u00e9s general que la gente del pueblo y la regi\u00f3n debe conocer.","og_url":"https:\/\/www.celttv.com.ar\/index.php\/2026\/04\/21\/se-conocio-el-programa-de-actividades-para-la-50o-exposicion-rural-industrial-comercial-y-de-turismo-de-tornquist\/","og_site_name":"CELTTV","article_publisher":"https:\/\/www.facebook.com\/celtTV\/","article_published_time":"2026-04-22T01:19:11+00:00","og_image":[{"width":419,"height":595,"url":"https:\/\/www.celttv.com.ar\/wp-content\/uploads\/2026\/04\/placa-1.jpg","type":"image\/jpeg"}],"author":"Miguel Herrada","twitter_card":"summary_large_image","twitter_misc":{"Escrito por":"Miguel Herrada"},"schema":{"@context":"https:\/\/schema.org","@graph":[{"@type":"NewsArticle","@id":"https:\/\/www.celttv.com.ar\/index.php\/2026\/04\/21\/se-conocio-el-programa-de-actividades-para-la-50o-exposicion-rural-industrial-comercial-y-de-turismo-de-tornquist\/#article","isPartOf":{"@id":"https:\/\/www.celttv.com.ar\/index.php\/2026\/04\/21\/se-conocio-el-programa-de-actividades-para-la-50o-exposicion-rural-industrial-comercial-y-de-turismo-de-tornquist\/"},"author":{"name":"Miguel Herrada","@id":"https:\/\/www.celttv.com.ar\/#\/schema\/person\/9059dc91dc7204ef4182cdb65225f07d"},"headline":"Se conoci\u00f3 el programa de actividades para la 50\u00ba Exposici\u00f3n Rural, Industrial, Comercial y de Turismo de Tornquist","datePublished":"2026-04-22T01:19:11+00:00","dateModified":"2026-04-22T01:19:11+00:00","mainEntityOfPage":{"@id":"https:\/\/www.celttv.com.ar\/index.php\/2026\/04\/21\/se-conocio-el-programa-de-actividades-para-la-50o-exposicion-rural-industrial-comercial-y-de-turismo-de-tornquist\/"},"wordCount":18,"publisher":{"@id":"https:\/\/www.celttv.com.ar\/#organization"},"articleSection":["Comunidad"],"inLanguage":"es"},{"@type":"WebPage","@id":"https:\/\/www.celttv.com.ar\/index.php\/2026\/04\/21\/se-conocio-el-programa-de-actividades-para-la-50o-exposicion-rural-industrial-comercial-y-de-turismo-de-tornquist\/","url":"https:\/\/www.celttv.com.ar\/index.php\/2026\/04\/21\/se-conocio-el-programa-de-actividades-para-la-50o-exposicion-rural-industrial-comercial-y-de-turismo-de-tornquist\/","name":"Se conoci\u00f3 el programa de actividades para la 50\u00ba Exposici\u00f3n Rural, Industrial, Comercial y de Turismo de Tornquist - CELTTV","isPartOf":{"@id":"https:\/\/www.celttv.com.ar\/#website"},"datePublished":"2026-04-22T01:19:11+00:00","dateModified":"2026-04-22T01:19:11+00:00","description":"Sitio web de noticias de la localidad de Tornquist, provincia de Buenos Aires, Rep\u00fablica Argentina. Contenido propio originado por periodistas de CELTTV, el canal de TV local de la Cooperativa El\u00e9ctrica de Tornquist. Turismo, Pol\u00edtica, Sociedad, Deporte, Cultura y todo el contenido de inter\u00e9s general que la gente del pueblo y la regi\u00f3n debe conocer.","breadcrumb":{"@id":"https:\/\/www.celttv.com.ar\/index.php\/2026\/04\/21\/se-conocio-el-programa-de-actividades-para-la-50o-exposicion-rural-industrial-comercial-y-de-turismo-de-tornquist\/#breadcrumb"},"inLanguage":"es","potentialAction":[{"@type":"ReadAction","target":["https:\/\/www.celttv.com.ar\/index.php\/2026\/04\/21\/se-conocio-el-programa-de-actividades-para-la-50o-exposicion-rural-industrial-comercial-y-de-turismo-de-tornquist\/"]}]},{"@type":"BreadcrumbList","@id":"https:\/\/www.celttv.com.ar\/index.php\/2026\/04\/21\/se-conocio-el-programa-de-actividades-para-la-50o-exposicion-rural-industrial-comercial-y-de-turismo-de-tornquist\/#breadcrumb","itemListElement":[{"@type":"ListItem","position":1,"name":"Inicio","item":"https:\/\/www.celttv.com.ar\/"},{"@type":"ListItem","position":2,"name":"Se conoci\u00f3 el programa de actividades para la 50\u00ba Exposici\u00f3n Rural, Industrial, Comercial y de Turismo de Tornquist"}]},{"@type":"WebSite","@id":"https:\/\/www.celttv.com.ar\/#website","url":"https:\/\/www.celttv.com.ar\/","name":"CELTTV","description":"Cooperativa El\u00e9ctrica de Tornquist","publisher":{"@id":"https:\/\/www.celttv.com.ar\/#organization"},"potentialAction":[{"@type":"SearchAction","target":{"@type":"EntryPoint","urlTemplate":"https:\/\/www.celttv.com.ar\/?s={search_term_string}"},"query-input":"required name=search_term_string"}],"inLanguage":"es"},{"@type":"Organization","@id":"https:\/\/www.celttv.com.ar\/#organization","name":"CELTTV","url":"https:\/\/www.celttv.com.ar\/","sameAs":["https:\/\/www.youtube.com\/channel\/UCz_oIt8Hig64Ub-EmcNPIhg","https:\/\/www.facebook.com\/celtTV\/"],"logo":{"@type":"ImageObject","inLanguage":"es","@id":"https:\/\/www.celttv.com.ar\/#\/schema\/logo\/image\/","url":"http:\/\/www.celttv.com.ar\/wp-content\/uploads\/2022\/08\/logo-1.png","contentUrl":"http:\/\/www.celttv.com.ar\/wp-content\/uploads\/2022\/08\/logo-1.png","width":461,"height":159,"caption":"CELTTV"},"image":{"@id":"https:\/\/www.celttv.com.ar\/#\/schema\/logo\/image\/"}},{"@type":"Person","@id":"https:\/\/www.celttv.com.ar\/#\/schema\/person\/9059dc91dc7204ef4182cdb65225f07d","name":"Miguel Herrada","image":{"@type":"ImageObject","inLanguage":"es","@id":"https:\/\/www.celttv.com.ar\/#\/schema\/person\/image\/","url":"https:\/\/secure.gravatar.com\/avatar\/67724d5b3c716623ffd76bec7e45841a442ac3b456e914dbba90b0fad2b8e0b1?s=96&d=mm&r=g","contentUrl":"https:\/\/secure.gravatar.com\/avatar\/67724d5b3c716623ffd76bec7e45841a442ac3b456e914dbba90b0fad2b8e0b1?s=96&d=mm&r=g","caption":"Miguel Herrada"}}]}},"_links":{"self":[{"href":"https:\/\/www.celttv.com.ar\/index.php\/wp-json\/wp\/v2\/posts\/92160","targetHints":{"allow":["GET"]}}],"collection":[{"href":"https:\/\/www.celttv.com.ar\/index.php\/wp-json\/wp\/v2\/posts"}],"about":[{"href":"https:\/\/www.celttv.com.ar\/index.php\/wp-json\/wp\/v2\/types\/post"}],"author":[{"embeddable":true,"href":"https:\/\/www.celttv.com.ar\/index.php\/wp-json\/wp\/v2\/users\/5"}],"replies":[{"embeddable":true,"href":"https:\/\/www.celttv.com.ar\/index.php\/wp-json\/wp\/v2\/comments?post=92160"}],"version-history":[{"count":1,"href":"https:\/\/www.celttv.com.ar\/index.php\/wp-json\/wp\/v2\/posts\/92160\/revisions"}],"predecessor-version":[{"id":92166,"href":"https:\/\/www.celttv.com.ar\/index.php\/wp-json\/wp\/v2\/posts\/92160\/revisions\/92166"}],"wp:featuredmedia":[{"embeddable":true,"href":"https:\/\/www.celttv.com.ar\/index.php\/wp-json\/wp\/v2\/media\/92161"}],"wp:attachment":[{"href":"https:\/\/www.celttv.com.ar\/index.php\/wp-json\/wp\/v2\/media?parent=92160"}],"wp:term":[{"taxonomy":"category","embeddable":true,"href":"https:\/\/www.celttv.com.ar\/index.php\/wp-json\/wp\/v2\/categories?post=92160"},{"taxonomy":"post_tag","embeddable":true,"href":"https:\/\/www.celttv.com.ar\/index.php\/wp-json\/wp\/v2\/tags?post=92160"}],"curies":[{"name":"wp","href":"https:\/\/api.w.org\/{rel}","templated":true}]}}