{"id":92226,"date":"2026-04-28T20:07:58","date_gmt":"2026-04-28T23:07:58","guid":{"rendered":"https:\/\/www.celttv.com.ar\/?p=92226"},"modified":"2026-04-28T20:07:58","modified_gmt":"2026-04-28T23:07:58","slug":"el-viento-no-para-alerta-amarilla-hasta-el-mediodia-del-miercoles","status":"publish","type":"post","link":"https:\/\/www.celttv.com.ar\/index.php\/2026\/04\/28\/el-viento-no-para-alerta-amarilla-hasta-el-mediodia-del-miercoles\/","title":{"rendered":"El viento no para: alerta amarilla hasta el mediod\u00eda del mi\u00e9rcoles"},"content":{"rendered":"<p>El Servicio Meteorol\u00f3gico Nacional ratific\u00f3 el alerta amarillo por fuertes vientos para Bah\u00eda Blanca y todo el Sudoeste Bonaerense para las primeras horas del mi\u00e9rcoles, y a\u00f1adi\u00f3 una nueva advertencia para lo que queda del martes en parte de la regi\u00f3n.<\/p>\n<p>Hasta la medianoche de hoy, algunos distritos de la zona se ver\u00e1n afectados por vientos del oeste y sudoeste con velocidades entre 35 y 50 kil\u00f3metros por hora y r\u00e1fagas que pueden alcanzar los 85 km\/h.<\/p>\n<p>Esta advertencia no incluye el sector serrano ni la costa bonaerense ni las localidades establecidas en ella.<\/p>\n<p>Sin embargo, a partir de las cero del mi\u00e9rcoles, el \u00e1rea bajo alerta amarilla se ver\u00e1 incrementada a la mitad de la provincia de Buenos Aires, adem\u00e1s de parte de La Pampa y R\u00edo Negro.<\/p>\n<p>Desde ese momento y hasta el mediod\u00eda, toda la regi\u00f3n estar\u00e1 bajo la influencia de vientos del oeste y sudoeste con velocidades entre 35 y 50 km\/h y r\u00e1fagas que pueden alcanzar los 85 km\/h.<\/p>\n<p>Ante esta situaci\u00f3n, desde el SMN se emitieron una serie de recomendaciones, entre las que se encuentran evitar salir; retirar o asegurar objetos que puedan ser arrastrados por el viento, como macetas, sillas o toldos; cerrar y alejarse de puertas y ventanas; no refugiarse debajo de marquesinas, carteles publicitarios, \u00e1rboles o postes, y tener precauci\u00f3n al conducir.<\/p>\n<p><img loading=\"lazy\" decoding=\"async\" class=\"alignnone wp-image-92227 size-full\" src=\"https:\/\/www.celttv.com.ar\/wp-content\/uploads\/2026\/04\/ALERTA-MIERCOLES-28-4.png\" alt=\"\" width=\"525\" height=\"721\" srcset=\"https:\/\/www.celttv.com.ar\/wp-content\/uploads\/2026\/04\/ALERTA-MIERCOLES-28-4.png 525w, https:\/\/www.celttv.com.ar\/wp-content\/uploads\/2026\/04\/ALERTA-MIERCOLES-28-4-218x300.png 218w\" sizes=\"auto, (max-width: 525px) 100vw, 525px\" \/><\/p>\n","protected":false},"excerpt":{"rendered":"<p>El Servicio Meteorol\u00f3gico Nacional ratific\u00f3 el alerta amarillo por fuertes vientos para Bah\u00eda Blanca y todo el Sudoeste Bonaerense para las primeras horas del mi\u00e9rcoles, y a\u00f1adi\u00f3 una nueva advertencia para lo que queda del martes en parte de la regi\u00f3n. Hasta la medianoche de hoy, algunos distritos de la zona se ver\u00e1n afectados por [&hellip;]<\/p>\n","protected":false},"author":5,"featured_media":92227,"comment_status":"closed","ping_status":"closed","sticky":false,"template":"","format":"standard","meta":{"footnotes":""},"categories":[51],"tags":[],"class_list":["post-92226","post","type-post","status-publish","format-standard","has-post-thumbnail","hentry","category-comunidad"],"yoast_head":"<!-- This site is optimized with the Yoast SEO plugin v19.7.1 - https:\/\/yoast.com\/wordpress\/plugins\/seo\/ -->\n<title>El viento no para: alerta amarilla hasta el mediod\u00eda del mi\u00e9rcoles - CELTTV<\/title>\n<meta name=\"description\" content=\"Sitio web de noticias de la localidad de Tornquist, provincia de Buenos Aires, Rep\u00fablica Argentina. Contenido propio originado por periodistas de CELTTV, el canal de TV local de la Cooperativa El\u00e9ctrica de Tornquist. Turismo, Pol\u00edtica, Sociedad, Deporte, Cultura y todo el contenido de inter\u00e9s general que la gente del pueblo y la regi\u00f3n debe conocer.\" \/>\n<meta name=\"robots\" content=\"index, follow, max-snippet:-1, max-image-preview:large, max-video-preview:-1\" \/>\n<link rel=\"canonical\" href=\"https:\/\/www.celttv.com.ar\/index.php\/2026\/04\/28\/el-viento-no-para-alerta-amarilla-hasta-el-mediodia-del-miercoles\/\" \/>\n<meta property=\"og:locale\" content=\"es_ES\" \/>\n<meta property=\"og:type\" content=\"article\" \/>\n<meta property=\"og:title\" content=\"El viento no para: alerta amarilla hasta el mediod\u00eda del mi\u00e9rcoles - CELTTV\" \/>\n<meta property=\"og:description\" content=\"Sitio web de noticias de la localidad de Tornquist, provincia de Buenos Aires, Rep\u00fablica Argentina. Contenido propio originado por periodistas de CELTTV, el canal de TV local de la Cooperativa El\u00e9ctrica de Tornquist. Turismo, Pol\u00edtica, Sociedad, Deporte, Cultura y todo el contenido de inter\u00e9s general que la gente del pueblo y la regi\u00f3n debe conocer.\" \/>\n<meta property=\"og:url\" content=\"https:\/\/www.celttv.com.ar\/index.php\/2026\/04\/28\/el-viento-no-para-alerta-amarilla-hasta-el-mediodia-del-miercoles\/\" \/>\n<meta property=\"og:site_name\" content=\"CELTTV\" \/>\n<meta property=\"article:publisher\" content=\"https:\/\/www.facebook.com\/celtTV\/\" \/>\n<meta property=\"article:published_time\" content=\"2026-04-28T23:07:58+00:00\" \/>\n<meta property=\"og:image\" content=\"https:\/\/www.celttv.com.ar\/wp-content\/uploads\/2026\/04\/ALERTA-MIERCOLES-28-4.png\" \/>\n\t<meta property=\"og:image:width\" content=\"525\" \/>\n\t<meta property=\"og:image:height\" content=\"721\" \/>\n\t<meta property=\"og:image:type\" content=\"image\/png\" \/>\n<meta name=\"author\" content=\"Miguel Herrada\" \/>\n<meta name=\"twitter:card\" content=\"summary_large_image\" \/>\n<meta name=\"twitter:label1\" content=\"Escrito por\" \/>\n\t<meta name=\"twitter:data1\" content=\"Miguel Herrada\" \/>\n\t<meta name=\"twitter:label2\" content=\"Tiempo de lectura\" \/>\n\t<meta name=\"twitter:data2\" content=\"1 minuto\" \/>\n<script type=\"application\/ld+json\" class=\"yoast-schema-graph\">{\"@context\":\"https:\/\/schema.org\",\"@graph\":[{\"@type\":\"NewsArticle\",\"@id\":\"https:\/\/www.celttv.com.ar\/index.php\/2026\/04\/28\/el-viento-no-para-alerta-amarilla-hasta-el-mediodia-del-miercoles\/#article\",\"isPartOf\":{\"@id\":\"https:\/\/www.celttv.com.ar\/index.php\/2026\/04\/28\/el-viento-no-para-alerta-amarilla-hasta-el-mediodia-del-miercoles\/\"},\"author\":{\"name\":\"Miguel Herrada\",\"@id\":\"https:\/\/www.celttv.com.ar\/#\/schema\/person\/9059dc91dc7204ef4182cdb65225f07d\"},\"headline\":\"El viento no para: alerta amarilla hasta el mediod\u00eda del mi\u00e9rcoles\",\"datePublished\":\"2026-04-28T23:07:58+00:00\",\"dateModified\":\"2026-04-28T23:07:58+00:00\",\"mainEntityOfPage\":{\"@id\":\"https:\/\/www.celttv.com.ar\/index.php\/2026\/04\/28\/el-viento-no-para-alerta-amarilla-hasta-el-mediodia-del-miercoles\/\"},\"wordCount\":247,\"publisher\":{\"@id\":\"https:\/\/www.celttv.com.ar\/#organization\"},\"articleSection\":[\"Comunidad\"],\"inLanguage\":\"es\"},{\"@type\":\"WebPage\",\"@id\":\"https:\/\/www.celttv.com.ar\/index.php\/2026\/04\/28\/el-viento-no-para-alerta-amarilla-hasta-el-mediodia-del-miercoles\/\",\"url\":\"https:\/\/www.celttv.com.ar\/index.php\/2026\/04\/28\/el-viento-no-para-alerta-amarilla-hasta-el-mediodia-del-miercoles\/\",\"name\":\"El viento no para: alerta amarilla hasta el mediod\u00eda del mi\u00e9rcoles - CELTTV\",\"isPartOf\":{\"@id\":\"https:\/\/www.celttv.com.ar\/#website\"},\"datePublished\":\"2026-04-28T23:07:58+00:00\",\"dateModified\":\"2026-04-28T23:07:58+00:00\",\"description\":\"Sitio web de noticias de la localidad de Tornquist, provincia de Buenos Aires, Rep\u00fablica Argentina. Contenido propio originado por periodistas de CELTTV, el canal de TV local de la Cooperativa El\u00e9ctrica de Tornquist. Turismo, Pol\u00edtica, Sociedad, Deporte, Cultura y todo el contenido de inter\u00e9s general que la gente del pueblo y la regi\u00f3n debe conocer.\",\"breadcrumb\":{\"@id\":\"https:\/\/www.celttv.com.ar\/index.php\/2026\/04\/28\/el-viento-no-para-alerta-amarilla-hasta-el-mediodia-del-miercoles\/#breadcrumb\"},\"inLanguage\":\"es\",\"potentialAction\":[{\"@type\":\"ReadAction\",\"target\":[\"https:\/\/www.celttv.com.ar\/index.php\/2026\/04\/28\/el-viento-no-para-alerta-amarilla-hasta-el-mediodia-del-miercoles\/\"]}]},{\"@type\":\"BreadcrumbList\",\"@id\":\"https:\/\/www.celttv.com.ar\/index.php\/2026\/04\/28\/el-viento-no-para-alerta-amarilla-hasta-el-mediodia-del-miercoles\/#breadcrumb\",\"itemListElement\":[{\"@type\":\"ListItem\",\"position\":1,\"name\":\"Inicio\",\"item\":\"https:\/\/www.celttv.com.ar\/\"},{\"@type\":\"ListItem\",\"position\":2,\"name\":\"El viento no para: alerta amarilla hasta el mediod\u00eda del mi\u00e9rcoles\"}]},{\"@type\":\"WebSite\",\"@id\":\"https:\/\/www.celttv.com.ar\/#website\",\"url\":\"https:\/\/www.celttv.com.ar\/\",\"name\":\"CELTTV\",\"description\":\"Cooperativa El\u00e9ctrica de Tornquist\",\"publisher\":{\"@id\":\"https:\/\/www.celttv.com.ar\/#organization\"},\"potentialAction\":[{\"@type\":\"SearchAction\",\"target\":{\"@type\":\"EntryPoint\",\"urlTemplate\":\"https:\/\/www.celttv.com.ar\/?s={search_term_string}\"},\"query-input\":\"required name=search_term_string\"}],\"inLanguage\":\"es\"},{\"@type\":\"Organization\",\"@id\":\"https:\/\/www.celttv.com.ar\/#organization\",\"name\":\"CELTTV\",\"url\":\"https:\/\/www.celttv.com.ar\/\",\"sameAs\":[\"https:\/\/www.youtube.com\/channel\/UCz_oIt8Hig64Ub-EmcNPIhg\",\"https:\/\/www.facebook.com\/celtTV\/\"],\"logo\":{\"@type\":\"ImageObject\",\"inLanguage\":\"es\",\"@id\":\"https:\/\/www.celttv.com.ar\/#\/schema\/logo\/image\/\",\"url\":\"http:\/\/www.celttv.com.ar\/wp-content\/uploads\/2022\/08\/logo-1.png\",\"contentUrl\":\"http:\/\/www.celttv.com.ar\/wp-content\/uploads\/2022\/08\/logo-1.png\",\"width\":461,\"height\":159,\"caption\":\"CELTTV\"},\"image\":{\"@id\":\"https:\/\/www.celttv.com.ar\/#\/schema\/logo\/image\/\"}},{\"@type\":\"Person\",\"@id\":\"https:\/\/www.celttv.com.ar\/#\/schema\/person\/9059dc91dc7204ef4182cdb65225f07d\",\"name\":\"Miguel Herrada\",\"image\":{\"@type\":\"ImageObject\",\"inLanguage\":\"es\",\"@id\":\"https:\/\/www.celttv.com.ar\/#\/schema\/person\/image\/\",\"url\":\"https:\/\/secure.gravatar.com\/avatar\/67724d5b3c716623ffd76bec7e45841a442ac3b456e914dbba90b0fad2b8e0b1?s=96&d=mm&r=g\",\"contentUrl\":\"https:\/\/secure.gravatar.com\/avatar\/67724d5b3c716623ffd76bec7e45841a442ac3b456e914dbba90b0fad2b8e0b1?s=96&d=mm&r=g\",\"caption\":\"Miguel Herrada\"}}]}<\/script>\n<!-- \/ Yoast SEO plugin. -->","yoast_head_json":{"title":"El viento no para: alerta amarilla hasta el mediod\u00eda del mi\u00e9rcoles - CELTTV","description":"Sitio web de noticias de la localidad de Tornquist, provincia de Buenos Aires, Rep\u00fablica Argentina. Contenido propio originado por periodistas de CELTTV, el canal de TV local de la Cooperativa El\u00e9ctrica de Tornquist. Turismo, Pol\u00edtica, Sociedad, Deporte, Cultura y todo el contenido de inter\u00e9s general que la gente del pueblo y la regi\u00f3n debe conocer.","robots":{"index":"index","follow":"follow","max-snippet":"max-snippet:-1","max-image-preview":"max-image-preview:large","max-video-preview":"max-video-preview:-1"},"canonical":"https:\/\/www.celttv.com.ar\/index.php\/2026\/04\/28\/el-viento-no-para-alerta-amarilla-hasta-el-mediodia-del-miercoles\/","og_locale":"es_ES","og_type":"article","og_title":"El viento no para: alerta amarilla hasta el mediod\u00eda del mi\u00e9rcoles - CELTTV","og_description":"Sitio web de noticias de la localidad de Tornquist, provincia de Buenos Aires, Rep\u00fablica Argentina. Contenido propio originado por periodistas de CELTTV, el canal de TV local de la Cooperativa El\u00e9ctrica de Tornquist. Turismo, Pol\u00edtica, Sociedad, Deporte, Cultura y todo el contenido de inter\u00e9s general que la gente del pueblo y la regi\u00f3n debe conocer.","og_url":"https:\/\/www.celttv.com.ar\/index.php\/2026\/04\/28\/el-viento-no-para-alerta-amarilla-hasta-el-mediodia-del-miercoles\/","og_site_name":"CELTTV","article_publisher":"https:\/\/www.facebook.com\/celtTV\/","article_published_time":"2026-04-28T23:07:58+00:00","og_image":[{"width":525,"height":721,"url":"https:\/\/www.celttv.com.ar\/wp-content\/uploads\/2026\/04\/ALERTA-MIERCOLES-28-4.png","type":"image\/png"}],"author":"Miguel Herrada","twitter_card":"summary_large_image","twitter_misc":{"Escrito por":"Miguel Herrada","Tiempo de lectura":"1 minuto"},"schema":{"@context":"https:\/\/schema.org","@graph":[{"@type":"NewsArticle","@id":"https:\/\/www.celttv.com.ar\/index.php\/2026\/04\/28\/el-viento-no-para-alerta-amarilla-hasta-el-mediodia-del-miercoles\/#article","isPartOf":{"@id":"https:\/\/www.celttv.com.ar\/index.php\/2026\/04\/28\/el-viento-no-para-alerta-amarilla-hasta-el-mediodia-del-miercoles\/"},"author":{"name":"Miguel Herrada","@id":"https:\/\/www.celttv.com.ar\/#\/schema\/person\/9059dc91dc7204ef4182cdb65225f07d"},"headline":"El viento no para: alerta amarilla hasta el mediod\u00eda del mi\u00e9rcoles","datePublished":"2026-04-28T23:07:58+00:00","dateModified":"2026-04-28T23:07:58+00:00","mainEntityOfPage":{"@id":"https:\/\/www.celttv.com.ar\/index.php\/2026\/04\/28\/el-viento-no-para-alerta-amarilla-hasta-el-mediodia-del-miercoles\/"},"wordCount":247,"publisher":{"@id":"https:\/\/www.celttv.com.ar\/#organization"},"articleSection":["Comunidad"],"inLanguage":"es"},{"@type":"WebPage","@id":"https:\/\/www.celttv.com.ar\/index.php\/2026\/04\/28\/el-viento-no-para-alerta-amarilla-hasta-el-mediodia-del-miercoles\/","url":"https:\/\/www.celttv.com.ar\/index.php\/2026\/04\/28\/el-viento-no-para-alerta-amarilla-hasta-el-mediodia-del-miercoles\/","name":"El viento no para: alerta amarilla hasta el mediod\u00eda del mi\u00e9rcoles - CELTTV","isPartOf":{"@id":"https:\/\/www.celttv.com.ar\/#website"},"datePublished":"2026-04-28T23:07:58+00:00","dateModified":"2026-04-28T23:07:58+00:00","description":"Sitio web de noticias de la localidad de Tornquist, provincia de Buenos Aires, Rep\u00fablica Argentina. Contenido propio originado por periodistas de CELTTV, el canal de TV local de la Cooperativa El\u00e9ctrica de Tornquist. Turismo, Pol\u00edtica, Sociedad, Deporte, Cultura y todo el contenido de inter\u00e9s general que la gente del pueblo y la regi\u00f3n debe conocer.","breadcrumb":{"@id":"https:\/\/www.celttv.com.ar\/index.php\/2026\/04\/28\/el-viento-no-para-alerta-amarilla-hasta-el-mediodia-del-miercoles\/#breadcrumb"},"inLanguage":"es","potentialAction":[{"@type":"ReadAction","target":["https:\/\/www.celttv.com.ar\/index.php\/2026\/04\/28\/el-viento-no-para-alerta-amarilla-hasta-el-mediodia-del-miercoles\/"]}]},{"@type":"BreadcrumbList","@id":"https:\/\/www.celttv.com.ar\/index.php\/2026\/04\/28\/el-viento-no-para-alerta-amarilla-hasta-el-mediodia-del-miercoles\/#breadcrumb","itemListElement":[{"@type":"ListItem","position":1,"name":"Inicio","item":"https:\/\/www.celttv.com.ar\/"},{"@type":"ListItem","position":2,"name":"El viento no para: alerta amarilla hasta el mediod\u00eda del mi\u00e9rcoles"}]},{"@type":"WebSite","@id":"https:\/\/www.celttv.com.ar\/#website","url":"https:\/\/www.celttv.com.ar\/","name":"CELTTV","description":"Cooperativa El\u00e9ctrica de Tornquist","publisher":{"@id":"https:\/\/www.celttv.com.ar\/#organization"},"potentialAction":[{"@type":"SearchAction","target":{"@type":"EntryPoint","urlTemplate":"https:\/\/www.celttv.com.ar\/?s={search_term_string}"},"query-input":"required name=search_term_string"}],"inLanguage":"es"},{"@type":"Organization","@id":"https:\/\/www.celttv.com.ar\/#organization","name":"CELTTV","url":"https:\/\/www.celttv.com.ar\/","sameAs":["https:\/\/www.youtube.com\/channel\/UCz_oIt8Hig64Ub-EmcNPIhg","https:\/\/www.facebook.com\/celtTV\/"],"logo":{"@type":"ImageObject","inLanguage":"es","@id":"https:\/\/www.celttv.com.ar\/#\/schema\/logo\/image\/","url":"http:\/\/www.celttv.com.ar\/wp-content\/uploads\/2022\/08\/logo-1.png","contentUrl":"http:\/\/www.celttv.com.ar\/wp-content\/uploads\/2022\/08\/logo-1.png","width":461,"height":159,"caption":"CELTTV"},"image":{"@id":"https:\/\/www.celttv.com.ar\/#\/schema\/logo\/image\/"}},{"@type":"Person","@id":"https:\/\/www.celttv.com.ar\/#\/schema\/person\/9059dc91dc7204ef4182cdb65225f07d","name":"Miguel Herrada","image":{"@type":"ImageObject","inLanguage":"es","@id":"https:\/\/www.celttv.com.ar\/#\/schema\/person\/image\/","url":"https:\/\/secure.gravatar.com\/avatar\/67724d5b3c716623ffd76bec7e45841a442ac3b456e914dbba90b0fad2b8e0b1?s=96&d=mm&r=g","contentUrl":"https:\/\/secure.gravatar.com\/avatar\/67724d5b3c716623ffd76bec7e45841a442ac3b456e914dbba90b0fad2b8e0b1?s=96&d=mm&r=g","caption":"Miguel Herrada"}}]}},"_links":{"self":[{"href":"https:\/\/www.celttv.com.ar\/index.php\/wp-json\/wp\/v2\/posts\/92226","targetHints":{"allow":["GET"]}}],"collection":[{"href":"https:\/\/www.celttv.com.ar\/index.php\/wp-json\/wp\/v2\/posts"}],"about":[{"href":"https:\/\/www.celttv.com.ar\/index.php\/wp-json\/wp\/v2\/types\/post"}],"author":[{"embeddable":true,"href":"https:\/\/www.celttv.com.ar\/index.php\/wp-json\/wp\/v2\/users\/5"}],"replies":[{"embeddable":true,"href":"https:\/\/www.celttv.com.ar\/index.php\/wp-json\/wp\/v2\/comments?post=92226"}],"version-history":[{"count":1,"href":"https:\/\/www.celttv.com.ar\/index.php\/wp-json\/wp\/v2\/posts\/92226\/revisions"}],"predecessor-version":[{"id":92228,"href":"https:\/\/www.celttv.com.ar\/index.php\/wp-json\/wp\/v2\/posts\/92226\/revisions\/92228"}],"wp:featuredmedia":[{"embeddable":true,"href":"https:\/\/www.celttv.com.ar\/index.php\/wp-json\/wp\/v2\/media\/92227"}],"wp:attachment":[{"href":"https:\/\/www.celttv.com.ar\/index.php\/wp-json\/wp\/v2\/media?parent=92226"}],"wp:term":[{"taxonomy":"category","embeddable":true,"href":"https:\/\/www.celttv.com.ar\/index.php\/wp-json\/wp\/v2\/categories?post=92226"},{"taxonomy":"post_tag","embeddable":true,"href":"https:\/\/www.celttv.com.ar\/index.php\/wp-json\/wp\/v2\/tags?post=92226"}],"curies":[{"name":"wp","href":"https:\/\/api.w.org\/{rel}","templated":true}]}}