{"id":92232,"date":"2026-04-29T20:55:27","date_gmt":"2026-04-29T23:55:27","guid":{"rendered":"https:\/\/www.celttv.com.ar\/?p=92232"},"modified":"2026-04-29T20:55:27","modified_gmt":"2026-04-29T23:55:27","slug":"tareas-de-mantenimiento-en-la-ruta-76-circular-con-precaucion-por-el-abra-de-la-ventana","status":"publish","type":"post","link":"https:\/\/www.celttv.com.ar\/index.php\/2026\/04\/29\/tareas-de-mantenimiento-en-la-ruta-76-circular-con-precaucion-por-el-abra-de-la-ventana\/","title":{"rendered":"Tareas de mantenimiento en la Ruta 76: Circular con precauci\u00f3n por el Abra de la Ventana"},"content":{"rendered":"<p><strong>Tareas de mantenimiento en la Ruta 76: Circular con precauci\u00f3n por el Abra de la Ventana<\/strong><\/p>\n<p>La Direcci\u00f3n de Vialidad Provincial se encuentra realizando trabajos de reparaci\u00f3n y mantenimiento de las banquinas en la Ruta 76 km 126,5, a la altura del Abra de la Ventana.<\/p>\n<p>En ese marco, Tornquist Municipio solicita circular con precauci\u00f3n por el lugar, respetando las se\u00f1ales existentes y reduciendo la velocidad, a fin de prevenir accidentes y garantizar la seguridad de todos los usuarios de la v\u00eda.<\/p>\n<p><img loading=\"lazy\" decoding=\"async\" class=\"alignnone wp-image-92233 size-large\" src=\"https:\/\/www.celttv.com.ar\/wp-content\/uploads\/2026\/04\/Arreglos-Ruta-76-2-1024x768.jpeg\" alt=\"\" width=\"1024\" height=\"768\" srcset=\"https:\/\/www.celttv.com.ar\/wp-content\/uploads\/2026\/04\/Arreglos-Ruta-76-2-1024x768.jpeg 1024w, https:\/\/www.celttv.com.ar\/wp-content\/uploads\/2026\/04\/Arreglos-Ruta-76-2-300x225.jpeg 300w, https:\/\/www.celttv.com.ar\/wp-content\/uploads\/2026\/04\/Arreglos-Ruta-76-2-768x576.jpeg 768w, https:\/\/www.celttv.com.ar\/wp-content\/uploads\/2026\/04\/Arreglos-Ruta-76-2-750x563.jpeg 750w, https:\/\/www.celttv.com.ar\/wp-content\/uploads\/2026\/04\/Arreglos-Ruta-76-2-1140x855.jpeg 1140w, https:\/\/www.celttv.com.ar\/wp-content\/uploads\/2026\/04\/Arreglos-Ruta-76-2.jpeg 1280w\" sizes=\"auto, (max-width: 1024px) 100vw, 1024px\" \/> <img loading=\"lazy\" decoding=\"async\" class=\"alignnone wp-image-92234 size-large\" src=\"https:\/\/www.celttv.com.ar\/wp-content\/uploads\/2026\/04\/Arreglos-Ruta-76-3-1024x768.jpeg\" alt=\"\" width=\"1024\" height=\"768\" srcset=\"https:\/\/www.celttv.com.ar\/wp-content\/uploads\/2026\/04\/Arreglos-Ruta-76-3-1024x768.jpeg 1024w, https:\/\/www.celttv.com.ar\/wp-content\/uploads\/2026\/04\/Arreglos-Ruta-76-3-300x225.jpeg 300w, https:\/\/www.celttv.com.ar\/wp-content\/uploads\/2026\/04\/Arreglos-Ruta-76-3-768x576.jpeg 768w, https:\/\/www.celttv.com.ar\/wp-content\/uploads\/2026\/04\/Arreglos-Ruta-76-3-750x563.jpeg 750w, https:\/\/www.celttv.com.ar\/wp-content\/uploads\/2026\/04\/Arreglos-Ruta-76-3-1140x855.jpeg 1140w, https:\/\/www.celttv.com.ar\/wp-content\/uploads\/2026\/04\/Arreglos-Ruta-76-3.jpeg 1280w\" sizes=\"auto, (max-width: 1024px) 100vw, 1024px\" \/> <img loading=\"lazy\" decoding=\"async\" class=\"alignnone wp-image-92235 size-large\" src=\"https:\/\/www.celttv.com.ar\/wp-content\/uploads\/2026\/04\/Arreglos-Ruta-76-4-1024x576.jpeg\" alt=\"\" width=\"1024\" height=\"576\" srcset=\"https:\/\/www.celttv.com.ar\/wp-content\/uploads\/2026\/04\/Arreglos-Ruta-76-4-1024x576.jpeg 1024w, https:\/\/www.celttv.com.ar\/wp-content\/uploads\/2026\/04\/Arreglos-Ruta-76-4-300x169.jpeg 300w, https:\/\/www.celttv.com.ar\/wp-content\/uploads\/2026\/04\/Arreglos-Ruta-76-4-768x432.jpeg 768w, https:\/\/www.celttv.com.ar\/wp-content\/uploads\/2026\/04\/Arreglos-Ruta-76-4-1536x864.jpeg 1536w, https:\/\/www.celttv.com.ar\/wp-content\/uploads\/2026\/04\/Arreglos-Ruta-76-4-750x422.jpeg 750w, https:\/\/www.celttv.com.ar\/wp-content\/uploads\/2026\/04\/Arreglos-Ruta-76-4-1140x641.jpeg 1140w, https:\/\/www.celttv.com.ar\/wp-content\/uploads\/2026\/04\/Arreglos-Ruta-76-4.jpeg 1600w\" sizes=\"auto, (max-width: 1024px) 100vw, 1024px\" \/> <img loading=\"lazy\" decoding=\"async\" class=\"alignnone wp-image-92236 size-large\" src=\"https:\/\/www.celttv.com.ar\/wp-content\/uploads\/2026\/04\/Arreglos-Ruta-76-5-1024x576.jpeg\" alt=\"\" width=\"1024\" height=\"576\" srcset=\"https:\/\/www.celttv.com.ar\/wp-content\/uploads\/2026\/04\/Arreglos-Ruta-76-5-1024x576.jpeg 1024w, https:\/\/www.celttv.com.ar\/wp-content\/uploads\/2026\/04\/Arreglos-Ruta-76-5-300x169.jpeg 300w, https:\/\/www.celttv.com.ar\/wp-content\/uploads\/2026\/04\/Arreglos-Ruta-76-5-768x432.jpeg 768w, https:\/\/www.celttv.com.ar\/wp-content\/uploads\/2026\/04\/Arreglos-Ruta-76-5-1536x864.jpeg 1536w, https:\/\/www.celttv.com.ar\/wp-content\/uploads\/2026\/04\/Arreglos-Ruta-76-5-750x422.jpeg 750w, https:\/\/www.celttv.com.ar\/wp-content\/uploads\/2026\/04\/Arreglos-Ruta-76-5-1140x641.jpeg 1140w, https:\/\/www.celttv.com.ar\/wp-content\/uploads\/2026\/04\/Arreglos-Ruta-76-5.jpeg 1600w\" sizes=\"auto, (max-width: 1024px) 100vw, 1024px\" \/><\/p>\n","protected":false},"excerpt":{"rendered":"<p>Tareas de mantenimiento en la Ruta 76: Circular con precauci\u00f3n por el Abra de la Ventana La Direcci\u00f3n de Vialidad Provincial se encuentra realizando trabajos de reparaci\u00f3n y mantenimiento de las banquinas en la Ruta 76 km 126,5, a la altura del Abra de la Ventana. En ese marco, Tornquist Municipio solicita circular con precauci\u00f3n [&hellip;]<\/p>\n","protected":false},"author":5,"featured_media":92236,"comment_status":"closed","ping_status":"closed","sticky":false,"template":"","format":"standard","meta":{"footnotes":""},"categories":[59],"tags":[],"class_list":["post-92232","post","type-post","status-publish","format-standard","has-post-thumbnail","hentry","category-municipales"],"yoast_head":"<!-- This site is optimized with the Yoast SEO plugin v19.7.1 - https:\/\/yoast.com\/wordpress\/plugins\/seo\/ -->\n<title>Tareas de mantenimiento en la Ruta 76: Circular con precauci\u00f3n por el Abra de la Ventana - CELTTV<\/title>\n<meta name=\"description\" content=\"Sitio web de noticias de la localidad de Tornquist, provincia de Buenos Aires, Rep\u00fablica Argentina. Contenido propio originado por periodistas de CELTTV, el canal de TV local de la Cooperativa El\u00e9ctrica de Tornquist. Turismo, Pol\u00edtica, Sociedad, Deporte, Cultura y todo el contenido de inter\u00e9s general que la gente del pueblo y la regi\u00f3n debe conocer.\" \/>\n<meta name=\"robots\" content=\"index, follow, max-snippet:-1, max-image-preview:large, max-video-preview:-1\" \/>\n<link rel=\"canonical\" href=\"https:\/\/www.celttv.com.ar\/index.php\/2026\/04\/29\/tareas-de-mantenimiento-en-la-ruta-76-circular-con-precaucion-por-el-abra-de-la-ventana\/\" \/>\n<meta property=\"og:locale\" content=\"es_ES\" \/>\n<meta property=\"og:type\" content=\"article\" \/>\n<meta property=\"og:title\" content=\"Tareas de mantenimiento en la Ruta 76: Circular con precauci\u00f3n por el Abra de la Ventana - CELTTV\" \/>\n<meta property=\"og:description\" content=\"Sitio web de noticias de la localidad de Tornquist, provincia de Buenos Aires, Rep\u00fablica Argentina. Contenido propio originado por periodistas de CELTTV, el canal de TV local de la Cooperativa El\u00e9ctrica de Tornquist. Turismo, Pol\u00edtica, Sociedad, Deporte, Cultura y todo el contenido de inter\u00e9s general que la gente del pueblo y la regi\u00f3n debe conocer.\" \/>\n<meta property=\"og:url\" content=\"https:\/\/www.celttv.com.ar\/index.php\/2026\/04\/29\/tareas-de-mantenimiento-en-la-ruta-76-circular-con-precaucion-por-el-abra-de-la-ventana\/\" \/>\n<meta property=\"og:site_name\" content=\"CELTTV\" \/>\n<meta property=\"article:publisher\" content=\"https:\/\/www.facebook.com\/celtTV\/\" \/>\n<meta property=\"article:published_time\" content=\"2026-04-29T23:55:27+00:00\" \/>\n<meta property=\"og:image\" content=\"https:\/\/www.celttv.com.ar\/wp-content\/uploads\/2026\/04\/Arreglos-Ruta-76-5.jpeg\" \/>\n\t<meta property=\"og:image:width\" content=\"1600\" \/>\n\t<meta property=\"og:image:height\" content=\"900\" \/>\n\t<meta property=\"og:image:type\" content=\"image\/jpeg\" \/>\n<meta name=\"author\" content=\"Miguel Herrada\" \/>\n<meta name=\"twitter:card\" content=\"summary_large_image\" \/>\n<meta name=\"twitter:label1\" content=\"Escrito por\" \/>\n\t<meta name=\"twitter:data1\" content=\"Miguel Herrada\" \/>\n<script type=\"application\/ld+json\" class=\"yoast-schema-graph\">{\"@context\":\"https:\/\/schema.org\",\"@graph\":[{\"@type\":\"NewsArticle\",\"@id\":\"https:\/\/www.celttv.com.ar\/index.php\/2026\/04\/29\/tareas-de-mantenimiento-en-la-ruta-76-circular-con-precaucion-por-el-abra-de-la-ventana\/#article\",\"isPartOf\":{\"@id\":\"https:\/\/www.celttv.com.ar\/index.php\/2026\/04\/29\/tareas-de-mantenimiento-en-la-ruta-76-circular-con-precaucion-por-el-abra-de-la-ventana\/\"},\"author\":{\"name\":\"Miguel Herrada\",\"@id\":\"https:\/\/www.celttv.com.ar\/#\/schema\/person\/9059dc91dc7204ef4182cdb65225f07d\"},\"headline\":\"Tareas de mantenimiento en la Ruta 76: Circular con precauci\u00f3n por el Abra de la Ventana\",\"datePublished\":\"2026-04-29T23:55:27+00:00\",\"dateModified\":\"2026-04-29T23:55:27+00:00\",\"mainEntityOfPage\":{\"@id\":\"https:\/\/www.celttv.com.ar\/index.php\/2026\/04\/29\/tareas-de-mantenimiento-en-la-ruta-76-circular-con-precaucion-por-el-abra-de-la-ventana\/\"},\"wordCount\":101,\"publisher\":{\"@id\":\"https:\/\/www.celttv.com.ar\/#organization\"},\"articleSection\":[\"Municipales\"],\"inLanguage\":\"es\"},{\"@type\":\"WebPage\",\"@id\":\"https:\/\/www.celttv.com.ar\/index.php\/2026\/04\/29\/tareas-de-mantenimiento-en-la-ruta-76-circular-con-precaucion-por-el-abra-de-la-ventana\/\",\"url\":\"https:\/\/www.celttv.com.ar\/index.php\/2026\/04\/29\/tareas-de-mantenimiento-en-la-ruta-76-circular-con-precaucion-por-el-abra-de-la-ventana\/\",\"name\":\"Tareas de mantenimiento en la Ruta 76: Circular con precauci\u00f3n por el Abra de la Ventana - CELTTV\",\"isPartOf\":{\"@id\":\"https:\/\/www.celttv.com.ar\/#website\"},\"datePublished\":\"2026-04-29T23:55:27+00:00\",\"dateModified\":\"2026-04-29T23:55:27+00:00\",\"description\":\"Sitio web de noticias de la localidad de Tornquist, provincia de Buenos Aires, Rep\u00fablica Argentina. Contenido propio originado por periodistas de CELTTV, el canal de TV local de la Cooperativa El\u00e9ctrica de Tornquist. Turismo, Pol\u00edtica, Sociedad, Deporte, Cultura y todo el contenido de inter\u00e9s general que la gente del pueblo y la regi\u00f3n debe conocer.\",\"breadcrumb\":{\"@id\":\"https:\/\/www.celttv.com.ar\/index.php\/2026\/04\/29\/tareas-de-mantenimiento-en-la-ruta-76-circular-con-precaucion-por-el-abra-de-la-ventana\/#breadcrumb\"},\"inLanguage\":\"es\",\"potentialAction\":[{\"@type\":\"ReadAction\",\"target\":[\"https:\/\/www.celttv.com.ar\/index.php\/2026\/04\/29\/tareas-de-mantenimiento-en-la-ruta-76-circular-con-precaucion-por-el-abra-de-la-ventana\/\"]}]},{\"@type\":\"BreadcrumbList\",\"@id\":\"https:\/\/www.celttv.com.ar\/index.php\/2026\/04\/29\/tareas-de-mantenimiento-en-la-ruta-76-circular-con-precaucion-por-el-abra-de-la-ventana\/#breadcrumb\",\"itemListElement\":[{\"@type\":\"ListItem\",\"position\":1,\"name\":\"Inicio\",\"item\":\"https:\/\/www.celttv.com.ar\/\"},{\"@type\":\"ListItem\",\"position\":2,\"name\":\"Tareas de mantenimiento en la Ruta 76: Circular con precauci\u00f3n por el Abra de la Ventana\"}]},{\"@type\":\"WebSite\",\"@id\":\"https:\/\/www.celttv.com.ar\/#website\",\"url\":\"https:\/\/www.celttv.com.ar\/\",\"name\":\"CELTTV\",\"description\":\"Cooperativa El\u00e9ctrica de Tornquist\",\"publisher\":{\"@id\":\"https:\/\/www.celttv.com.ar\/#organization\"},\"potentialAction\":[{\"@type\":\"SearchAction\",\"target\":{\"@type\":\"EntryPoint\",\"urlTemplate\":\"https:\/\/www.celttv.com.ar\/?s={search_term_string}\"},\"query-input\":\"required name=search_term_string\"}],\"inLanguage\":\"es\"},{\"@type\":\"Organization\",\"@id\":\"https:\/\/www.celttv.com.ar\/#organization\",\"name\":\"CELTTV\",\"url\":\"https:\/\/www.celttv.com.ar\/\",\"sameAs\":[\"https:\/\/www.youtube.com\/channel\/UCz_oIt8Hig64Ub-EmcNPIhg\",\"https:\/\/www.facebook.com\/celtTV\/\"],\"logo\":{\"@type\":\"ImageObject\",\"inLanguage\":\"es\",\"@id\":\"https:\/\/www.celttv.com.ar\/#\/schema\/logo\/image\/\",\"url\":\"http:\/\/www.celttv.com.ar\/wp-content\/uploads\/2022\/08\/logo-1.png\",\"contentUrl\":\"http:\/\/www.celttv.com.ar\/wp-content\/uploads\/2022\/08\/logo-1.png\",\"width\":461,\"height\":159,\"caption\":\"CELTTV\"},\"image\":{\"@id\":\"https:\/\/www.celttv.com.ar\/#\/schema\/logo\/image\/\"}},{\"@type\":\"Person\",\"@id\":\"https:\/\/www.celttv.com.ar\/#\/schema\/person\/9059dc91dc7204ef4182cdb65225f07d\",\"name\":\"Miguel Herrada\",\"image\":{\"@type\":\"ImageObject\",\"inLanguage\":\"es\",\"@id\":\"https:\/\/www.celttv.com.ar\/#\/schema\/person\/image\/\",\"url\":\"https:\/\/secure.gravatar.com\/avatar\/67724d5b3c716623ffd76bec7e45841a442ac3b456e914dbba90b0fad2b8e0b1?s=96&d=mm&r=g\",\"contentUrl\":\"https:\/\/secure.gravatar.com\/avatar\/67724d5b3c716623ffd76bec7e45841a442ac3b456e914dbba90b0fad2b8e0b1?s=96&d=mm&r=g\",\"caption\":\"Miguel Herrada\"}}]}<\/script>\n<!-- \/ Yoast SEO plugin. -->","yoast_head_json":{"title":"Tareas de mantenimiento en la Ruta 76: Circular con precauci\u00f3n por el Abra de la Ventana - CELTTV","description":"Sitio web de noticias de la localidad de Tornquist, provincia de Buenos Aires, Rep\u00fablica Argentina. Contenido propio originado por periodistas de CELTTV, el canal de TV local de la Cooperativa El\u00e9ctrica de Tornquist. Turismo, Pol\u00edtica, Sociedad, Deporte, Cultura y todo el contenido de inter\u00e9s general que la gente del pueblo y la regi\u00f3n debe conocer.","robots":{"index":"index","follow":"follow","max-snippet":"max-snippet:-1","max-image-preview":"max-image-preview:large","max-video-preview":"max-video-preview:-1"},"canonical":"https:\/\/www.celttv.com.ar\/index.php\/2026\/04\/29\/tareas-de-mantenimiento-en-la-ruta-76-circular-con-precaucion-por-el-abra-de-la-ventana\/","og_locale":"es_ES","og_type":"article","og_title":"Tareas de mantenimiento en la Ruta 76: Circular con precauci\u00f3n por el Abra de la Ventana - CELTTV","og_description":"Sitio web de noticias de la localidad de Tornquist, provincia de Buenos Aires, Rep\u00fablica Argentina. Contenido propio originado por periodistas de CELTTV, el canal de TV local de la Cooperativa El\u00e9ctrica de Tornquist. Turismo, Pol\u00edtica, Sociedad, Deporte, Cultura y todo el contenido de inter\u00e9s general que la gente del pueblo y la regi\u00f3n debe conocer.","og_url":"https:\/\/www.celttv.com.ar\/index.php\/2026\/04\/29\/tareas-de-mantenimiento-en-la-ruta-76-circular-con-precaucion-por-el-abra-de-la-ventana\/","og_site_name":"CELTTV","article_publisher":"https:\/\/www.facebook.com\/celtTV\/","article_published_time":"2026-04-29T23:55:27+00:00","og_image":[{"width":1600,"height":900,"url":"https:\/\/www.celttv.com.ar\/wp-content\/uploads\/2026\/04\/Arreglos-Ruta-76-5.jpeg","type":"image\/jpeg"}],"author":"Miguel Herrada","twitter_card":"summary_large_image","twitter_misc":{"Escrito por":"Miguel Herrada"},"schema":{"@context":"https:\/\/schema.org","@graph":[{"@type":"NewsArticle","@id":"https:\/\/www.celttv.com.ar\/index.php\/2026\/04\/29\/tareas-de-mantenimiento-en-la-ruta-76-circular-con-precaucion-por-el-abra-de-la-ventana\/#article","isPartOf":{"@id":"https:\/\/www.celttv.com.ar\/index.php\/2026\/04\/29\/tareas-de-mantenimiento-en-la-ruta-76-circular-con-precaucion-por-el-abra-de-la-ventana\/"},"author":{"name":"Miguel Herrada","@id":"https:\/\/www.celttv.com.ar\/#\/schema\/person\/9059dc91dc7204ef4182cdb65225f07d"},"headline":"Tareas de mantenimiento en la Ruta 76: Circular con precauci\u00f3n por el Abra de la Ventana","datePublished":"2026-04-29T23:55:27+00:00","dateModified":"2026-04-29T23:55:27+00:00","mainEntityOfPage":{"@id":"https:\/\/www.celttv.com.ar\/index.php\/2026\/04\/29\/tareas-de-mantenimiento-en-la-ruta-76-circular-con-precaucion-por-el-abra-de-la-ventana\/"},"wordCount":101,"publisher":{"@id":"https:\/\/www.celttv.com.ar\/#organization"},"articleSection":["Municipales"],"inLanguage":"es"},{"@type":"WebPage","@id":"https:\/\/www.celttv.com.ar\/index.php\/2026\/04\/29\/tareas-de-mantenimiento-en-la-ruta-76-circular-con-precaucion-por-el-abra-de-la-ventana\/","url":"https:\/\/www.celttv.com.ar\/index.php\/2026\/04\/29\/tareas-de-mantenimiento-en-la-ruta-76-circular-con-precaucion-por-el-abra-de-la-ventana\/","name":"Tareas de mantenimiento en la Ruta 76: Circular con precauci\u00f3n por el Abra de la Ventana - CELTTV","isPartOf":{"@id":"https:\/\/www.celttv.com.ar\/#website"},"datePublished":"2026-04-29T23:55:27+00:00","dateModified":"2026-04-29T23:55:27+00:00","description":"Sitio web de noticias de la localidad de Tornquist, provincia de Buenos Aires, Rep\u00fablica Argentina. Contenido propio originado por periodistas de CELTTV, el canal de TV local de la Cooperativa El\u00e9ctrica de Tornquist. Turismo, Pol\u00edtica, Sociedad, Deporte, Cultura y todo el contenido de inter\u00e9s general que la gente del pueblo y la regi\u00f3n debe conocer.","breadcrumb":{"@id":"https:\/\/www.celttv.com.ar\/index.php\/2026\/04\/29\/tareas-de-mantenimiento-en-la-ruta-76-circular-con-precaucion-por-el-abra-de-la-ventana\/#breadcrumb"},"inLanguage":"es","potentialAction":[{"@type":"ReadAction","target":["https:\/\/www.celttv.com.ar\/index.php\/2026\/04\/29\/tareas-de-mantenimiento-en-la-ruta-76-circular-con-precaucion-por-el-abra-de-la-ventana\/"]}]},{"@type":"BreadcrumbList","@id":"https:\/\/www.celttv.com.ar\/index.php\/2026\/04\/29\/tareas-de-mantenimiento-en-la-ruta-76-circular-con-precaucion-por-el-abra-de-la-ventana\/#breadcrumb","itemListElement":[{"@type":"ListItem","position":1,"name":"Inicio","item":"https:\/\/www.celttv.com.ar\/"},{"@type":"ListItem","position":2,"name":"Tareas de mantenimiento en la Ruta 76: Circular con precauci\u00f3n por el Abra de la Ventana"}]},{"@type":"WebSite","@id":"https:\/\/www.celttv.com.ar\/#website","url":"https:\/\/www.celttv.com.ar\/","name":"CELTTV","description":"Cooperativa El\u00e9ctrica de Tornquist","publisher":{"@id":"https:\/\/www.celttv.com.ar\/#organization"},"potentialAction":[{"@type":"SearchAction","target":{"@type":"EntryPoint","urlTemplate":"https:\/\/www.celttv.com.ar\/?s={search_term_string}"},"query-input":"required name=search_term_string"}],"inLanguage":"es"},{"@type":"Organization","@id":"https:\/\/www.celttv.com.ar\/#organization","name":"CELTTV","url":"https:\/\/www.celttv.com.ar\/","sameAs":["https:\/\/www.youtube.com\/channel\/UCz_oIt8Hig64Ub-EmcNPIhg","https:\/\/www.facebook.com\/celtTV\/"],"logo":{"@type":"ImageObject","inLanguage":"es","@id":"https:\/\/www.celttv.com.ar\/#\/schema\/logo\/image\/","url":"http:\/\/www.celttv.com.ar\/wp-content\/uploads\/2022\/08\/logo-1.png","contentUrl":"http:\/\/www.celttv.com.ar\/wp-content\/uploads\/2022\/08\/logo-1.png","width":461,"height":159,"caption":"CELTTV"},"image":{"@id":"https:\/\/www.celttv.com.ar\/#\/schema\/logo\/image\/"}},{"@type":"Person","@id":"https:\/\/www.celttv.com.ar\/#\/schema\/person\/9059dc91dc7204ef4182cdb65225f07d","name":"Miguel Herrada","image":{"@type":"ImageObject","inLanguage":"es","@id":"https:\/\/www.celttv.com.ar\/#\/schema\/person\/image\/","url":"https:\/\/secure.gravatar.com\/avatar\/67724d5b3c716623ffd76bec7e45841a442ac3b456e914dbba90b0fad2b8e0b1?s=96&d=mm&r=g","contentUrl":"https:\/\/secure.gravatar.com\/avatar\/67724d5b3c716623ffd76bec7e45841a442ac3b456e914dbba90b0fad2b8e0b1?s=96&d=mm&r=g","caption":"Miguel Herrada"}}]}},"_links":{"self":[{"href":"https:\/\/www.celttv.com.ar\/index.php\/wp-json\/wp\/v2\/posts\/92232","targetHints":{"allow":["GET"]}}],"collection":[{"href":"https:\/\/www.celttv.com.ar\/index.php\/wp-json\/wp\/v2\/posts"}],"about":[{"href":"https:\/\/www.celttv.com.ar\/index.php\/wp-json\/wp\/v2\/types\/post"}],"author":[{"embeddable":true,"href":"https:\/\/www.celttv.com.ar\/index.php\/wp-json\/wp\/v2\/users\/5"}],"replies":[{"embeddable":true,"href":"https:\/\/www.celttv.com.ar\/index.php\/wp-json\/wp\/v2\/comments?post=92232"}],"version-history":[{"count":1,"href":"https:\/\/www.celttv.com.ar\/index.php\/wp-json\/wp\/v2\/posts\/92232\/revisions"}],"predecessor-version":[{"id":92237,"href":"https:\/\/www.celttv.com.ar\/index.php\/wp-json\/wp\/v2\/posts\/92232\/revisions\/92237"}],"wp:featuredmedia":[{"embeddable":true,"href":"https:\/\/www.celttv.com.ar\/index.php\/wp-json\/wp\/v2\/media\/92236"}],"wp:attachment":[{"href":"https:\/\/www.celttv.com.ar\/index.php\/wp-json\/wp\/v2\/media?parent=92232"}],"wp:term":[{"taxonomy":"category","embeddable":true,"href":"https:\/\/www.celttv.com.ar\/index.php\/wp-json\/wp\/v2\/categories?post=92232"},{"taxonomy":"post_tag","embeddable":true,"href":"https:\/\/www.celttv.com.ar\/index.php\/wp-json\/wp\/v2\/tags?post=92232"}],"curies":[{"name":"wp","href":"https:\/\/api.w.org\/{rel}","templated":true}]}}