{"id":92241,"date":"2026-04-29T22:46:13","date_gmt":"2026-04-30T01:46:13","guid":{"rendered":"https:\/\/www.celttv.com.ar\/?p=92241"},"modified":"2026-04-29T22:46:13","modified_gmt":"2026-04-30T01:46:13","slug":"la-celt-inauguro-su-edificio-renovado-y-refuerza-su-atencion-a-los-usuarios","status":"publish","type":"post","link":"https:\/\/www.celttv.com.ar\/index.php\/2026\/04\/29\/la-celt-inauguro-su-edificio-renovado-y-refuerza-su-atencion-a-los-usuarios\/","title":{"rendered":"La CELT inaugur\u00f3 su edificio renovado y refuerza su atenci\u00f3n a los usuarios"},"content":{"rendered":"<p><strong>La CELT inaugur\u00f3 su edificio renovado y refuerza su atenci\u00f3n a los usuarios<\/strong><\/p>\n<p>La Cooperativa El\u00e9ctrica Limitada de Tornquist inaugur\u00f3 este martes sus nuevas instalaciones, en el marco de un proceso de renovaci\u00f3n y puesta en valor de sus espacios, en un acto que cont\u00f3 con la destacada presencia de Ariel Guarco, referente del cooperativismo a nivel nacional e internacional.<\/p>\n<p>Las obras incluyeron la modernizaci\u00f3n de las oficinas de atenci\u00f3n al p\u00fablico, que ahora cuentan con mayor amplitud y sectores reservados, brindando a los usuarios un entorno m\u00e1s c\u00f3modo y la privacidad necesaria para cada gesti\u00f3n. Asimismo, se llevaron adelante mejoras en las \u00e1reas administrativas, abarcando oficinas para el personal, el sector de archivo y la sala de reuniones del Consejo de Administraci\u00f3n.<\/p>\n<p>El acto de reinauguraci\u00f3n se desarroll\u00f3 con una nutrida participaci\u00f3n de autoridades, asociados y vecinos de la comunidad, en una jornada significativa para la vida institucional de la Cooperativa.<\/p>\n<p>Durante la ceremonia, la presidenta del Consejo de Administraci\u00f3n, Mirta Rold\u00e1n, brind\u00f3 palabras de bienvenida en las que destac\u00f3 el trabajo sostenido de la instituci\u00f3n, el compromiso del equipo y la importancia de seguir fortaleciendo los servicios y la atenci\u00f3n a los usuarios.<\/p>\n<p>Posteriormente, hizo uso de la palabra Ariel Guarco, presidente de FEDECOBA y de la Alianza Cooperativa Internacional, cuya presencia en Tornquist jerarquiz\u00f3 el acto institucional. En su intervenci\u00f3n, valor\u00f3 el rol del cooperativismo como motor de desarrollo local y puso en relieve el crecimiento de la CELT como ejemplo dentro del sector.<\/p>\n<p>A su turno, la intendente municipal, Estefan\u00eda Bordoni, subray\u00f3 el crecimiento sostenido de la instituci\u00f3n en los \u00faltimos a\u00f1os, con m\u00e1s infraestructura, incorporaci\u00f3n de tecnolog\u00eda y ampliaci\u00f3n del servicio. Asimismo, remarc\u00f3 la importancia del trabajo conjunto entre la Cooperativa y el Municipio para generar beneficios directos para los vecinos del distrito.<\/p>\n<p>Como parte del acto, se realiz\u00f3 el corte de cintas compartido entre la intendente y la presidenta del Consejo de Administraci\u00f3n, seguido del descubrimiento de una placa conmemorativa otorgada por el Municipio.<\/p>\n<p>En ese marco, tambi\u00e9n se hizo referencia a la historia institucional de la Cooperativa, destacando la labor de los pioneros que, con su esfuerzo, sentaron las bases de la principal prestadora de servicios de Tornquist y la regi\u00f3n.<\/p>\n<p>Asimismo, antes del recorrido por las instalaciones, se anunci\u00f3 la incorporaci\u00f3n de una estaci\u00f3n de carga para veh\u00edculos h\u00edbridos, una iniciativa que marca un nuevo avance en materia de innovaci\u00f3n y sustentabilidad. La presentaci\u00f3n cont\u00f3 con el acompa\u00f1amiento de la empresa Minuj\u00edn Automotores, que realiz\u00f3 una demostraci\u00f3n de carga de uno de estos veh\u00edculos.<\/p>\n<p>El acto finaliz\u00f3 con un recorrido por las nuevas instalaciones, donde los presentes pudieron interiorizarse no solo de las mejoras edilicias, sino tambi\u00e9n de los avances tecnol\u00f3gicos incorporados, en l\u00ednea con los desaf\u00edos actuales y futuros del sector.<\/p>\n<p>Por \u00faltimo, se recuerda que a partir de ma\u00f1ana la atenci\u00f3n al p\u00fablico volver\u00e1 a desarrollarse en el edificio habitual de la CELT, en el horario de 8 a 13 horas.<\/p>\n<p><img loading=\"lazy\" decoding=\"async\" class=\"alignnone wp-image-92242 size-large\" src=\"https:\/\/www.celttv.com.ar\/wp-content\/uploads\/2026\/04\/InauguracionCelt-1-1024x683.jpeg\" alt=\"\" width=\"1024\" height=\"683\" srcset=\"https:\/\/www.celttv.com.ar\/wp-content\/uploads\/2026\/04\/InauguracionCelt-1-1024x683.jpeg 1024w, https:\/\/www.celttv.com.ar\/wp-content\/uploads\/2026\/04\/InauguracionCelt-1-300x200.jpeg 300w, https:\/\/www.celttv.com.ar\/wp-content\/uploads\/2026\/04\/InauguracionCelt-1-768x512.jpeg 768w, https:\/\/www.celttv.com.ar\/wp-content\/uploads\/2026\/04\/InauguracionCelt-1-1536x1024.jpeg 1536w, https:\/\/www.celttv.com.ar\/wp-content\/uploads\/2026\/04\/InauguracionCelt-1-750x500.jpeg 750w, https:\/\/www.celttv.com.ar\/wp-content\/uploads\/2026\/04\/InauguracionCelt-1-1140x760.jpeg 1140w, https:\/\/www.celttv.com.ar\/wp-content\/uploads\/2026\/04\/InauguracionCelt-1.jpeg 2048w\" sizes=\"auto, (max-width: 1024px) 100vw, 1024px\" \/> <img loading=\"lazy\" decoding=\"async\" class=\"alignnone wp-image-92243 size-large\" src=\"https:\/\/www.celttv.com.ar\/wp-content\/uploads\/2026\/04\/InauguracionCelt-2-1024x683.jpeg\" alt=\"\" width=\"1024\" height=\"683\" srcset=\"https:\/\/www.celttv.com.ar\/wp-content\/uploads\/2026\/04\/InauguracionCelt-2-1024x683.jpeg 1024w, https:\/\/www.celttv.com.ar\/wp-content\/uploads\/2026\/04\/InauguracionCelt-2-300x200.jpeg 300w, https:\/\/www.celttv.com.ar\/wp-content\/uploads\/2026\/04\/InauguracionCelt-2-768x512.jpeg 768w, https:\/\/www.celttv.com.ar\/wp-content\/uploads\/2026\/04\/InauguracionCelt-2-1536x1024.jpeg 1536w, https:\/\/www.celttv.com.ar\/wp-content\/uploads\/2026\/04\/InauguracionCelt-2-750x500.jpeg 750w, https:\/\/www.celttv.com.ar\/wp-content\/uploads\/2026\/04\/InauguracionCelt-2-1140x760.jpeg 1140w, https:\/\/www.celttv.com.ar\/wp-content\/uploads\/2026\/04\/InauguracionCelt-2.jpeg 2048w\" sizes=\"auto, (max-width: 1024px) 100vw, 1024px\" \/> <img loading=\"lazy\" decoding=\"async\" class=\"alignnone wp-image-92244 size-large\" src=\"https:\/\/www.celttv.com.ar\/wp-content\/uploads\/2026\/04\/InauguracionCelt-3-1024x683.jpeg\" alt=\"\" width=\"1024\" height=\"683\" srcset=\"https:\/\/www.celttv.com.ar\/wp-content\/uploads\/2026\/04\/InauguracionCelt-3-1024x683.jpeg 1024w, https:\/\/www.celttv.com.ar\/wp-content\/uploads\/2026\/04\/InauguracionCelt-3-300x200.jpeg 300w, https:\/\/www.celttv.com.ar\/wp-content\/uploads\/2026\/04\/InauguracionCelt-3-768x512.jpeg 768w, https:\/\/www.celttv.com.ar\/wp-content\/uploads\/2026\/04\/InauguracionCelt-3-1536x1024.jpeg 1536w, https:\/\/www.celttv.com.ar\/wp-content\/uploads\/2026\/04\/InauguracionCelt-3-750x500.jpeg 750w, https:\/\/www.celttv.com.ar\/wp-content\/uploads\/2026\/04\/InauguracionCelt-3-1140x760.jpeg 1140w, https:\/\/www.celttv.com.ar\/wp-content\/uploads\/2026\/04\/InauguracionCelt-3.jpeg 2048w\" sizes=\"auto, (max-width: 1024px) 100vw, 1024px\" \/> <img loading=\"lazy\" decoding=\"async\" class=\"alignnone wp-image-92245 size-large\" src=\"https:\/\/www.celttv.com.ar\/wp-content\/uploads\/2026\/04\/InauguracionCelt-4-1024x683.jpeg\" alt=\"\" width=\"1024\" height=\"683\" srcset=\"https:\/\/www.celttv.com.ar\/wp-content\/uploads\/2026\/04\/InauguracionCelt-4-1024x683.jpeg 1024w, https:\/\/www.celttv.com.ar\/wp-content\/uploads\/2026\/04\/InauguracionCelt-4-300x200.jpeg 300w, https:\/\/www.celttv.com.ar\/wp-content\/uploads\/2026\/04\/InauguracionCelt-4-768x512.jpeg 768w, https:\/\/www.celttv.com.ar\/wp-content\/uploads\/2026\/04\/InauguracionCelt-4-1536x1024.jpeg 1536w, https:\/\/www.celttv.com.ar\/wp-content\/uploads\/2026\/04\/InauguracionCelt-4-750x500.jpeg 750w, https:\/\/www.celttv.com.ar\/wp-content\/uploads\/2026\/04\/InauguracionCelt-4-1140x760.jpeg 1140w, https:\/\/www.celttv.com.ar\/wp-content\/uploads\/2026\/04\/InauguracionCelt-4.jpeg 2048w\" sizes=\"auto, (max-width: 1024px) 100vw, 1024px\" \/> <img loading=\"lazy\" decoding=\"async\" class=\"alignnone wp-image-92246 size-large\" src=\"https:\/\/www.celttv.com.ar\/wp-content\/uploads\/2026\/04\/InauguracionCelt-5-1024x683.jpeg\" alt=\"\" width=\"1024\" height=\"683\" srcset=\"https:\/\/www.celttv.com.ar\/wp-content\/uploads\/2026\/04\/InauguracionCelt-5-1024x683.jpeg 1024w, https:\/\/www.celttv.com.ar\/wp-content\/uploads\/2026\/04\/InauguracionCelt-5-300x200.jpeg 300w, https:\/\/www.celttv.com.ar\/wp-content\/uploads\/2026\/04\/InauguracionCelt-5-768x512.jpeg 768w, https:\/\/www.celttv.com.ar\/wp-content\/uploads\/2026\/04\/InauguracionCelt-5-1536x1024.jpeg 1536w, https:\/\/www.celttv.com.ar\/wp-content\/uploads\/2026\/04\/InauguracionCelt-5-750x500.jpeg 750w, https:\/\/www.celttv.com.ar\/wp-content\/uploads\/2026\/04\/InauguracionCelt-5-1140x760.jpeg 1140w, https:\/\/www.celttv.com.ar\/wp-content\/uploads\/2026\/04\/InauguracionCelt-5.jpeg 2048w\" sizes=\"auto, (max-width: 1024px) 100vw, 1024px\" \/> <img loading=\"lazy\" decoding=\"async\" class=\"alignnone wp-image-92247 size-large\" src=\"https:\/\/www.celttv.com.ar\/wp-content\/uploads\/2026\/04\/InauguracionCelt-6-1024x683.jpeg\" alt=\"\" width=\"1024\" height=\"683\" srcset=\"https:\/\/www.celttv.com.ar\/wp-content\/uploads\/2026\/04\/InauguracionCelt-6-1024x683.jpeg 1024w, https:\/\/www.celttv.com.ar\/wp-content\/uploads\/2026\/04\/InauguracionCelt-6-300x200.jpeg 300w, https:\/\/www.celttv.com.ar\/wp-content\/uploads\/2026\/04\/InauguracionCelt-6-768x512.jpeg 768w, https:\/\/www.celttv.com.ar\/wp-content\/uploads\/2026\/04\/InauguracionCelt-6-1536x1024.jpeg 1536w, https:\/\/www.celttv.com.ar\/wp-content\/uploads\/2026\/04\/InauguracionCelt-6-750x500.jpeg 750w, https:\/\/www.celttv.com.ar\/wp-content\/uploads\/2026\/04\/InauguracionCelt-6-1140x760.jpeg 1140w, https:\/\/www.celttv.com.ar\/wp-content\/uploads\/2026\/04\/InauguracionCelt-6.jpeg 2048w\" sizes=\"auto, (max-width: 1024px) 100vw, 1024px\" \/> <img loading=\"lazy\" decoding=\"async\" class=\"alignnone wp-image-92248 size-large\" src=\"https:\/\/www.celttv.com.ar\/wp-content\/uploads\/2026\/04\/InauguracionCelt-7-1024x683.jpeg\" alt=\"\" width=\"1024\" height=\"683\" srcset=\"https:\/\/www.celttv.com.ar\/wp-content\/uploads\/2026\/04\/InauguracionCelt-7-1024x683.jpeg 1024w, https:\/\/www.celttv.com.ar\/wp-content\/uploads\/2026\/04\/InauguracionCelt-7-300x200.jpeg 300w, https:\/\/www.celttv.com.ar\/wp-content\/uploads\/2026\/04\/InauguracionCelt-7-768x512.jpeg 768w, https:\/\/www.celttv.com.ar\/wp-content\/uploads\/2026\/04\/InauguracionCelt-7-1536x1024.jpeg 1536w, https:\/\/www.celttv.com.ar\/wp-content\/uploads\/2026\/04\/InauguracionCelt-7-750x500.jpeg 750w, https:\/\/www.celttv.com.ar\/wp-content\/uploads\/2026\/04\/InauguracionCelt-7-1140x760.jpeg 1140w, https:\/\/www.celttv.com.ar\/wp-content\/uploads\/2026\/04\/InauguracionCelt-7.jpeg 2048w\" sizes=\"auto, (max-width: 1024px) 100vw, 1024px\" \/> <img loading=\"lazy\" decoding=\"async\" class=\"alignnone wp-image-92249 size-large\" src=\"https:\/\/www.celttv.com.ar\/wp-content\/uploads\/2026\/04\/InauguracionCelt-8-1024x683.jpeg\" alt=\"\" width=\"1024\" height=\"683\" srcset=\"https:\/\/www.celttv.com.ar\/wp-content\/uploads\/2026\/04\/InauguracionCelt-8-1024x683.jpeg 1024w, https:\/\/www.celttv.com.ar\/wp-content\/uploads\/2026\/04\/InauguracionCelt-8-300x200.jpeg 300w, https:\/\/www.celttv.com.ar\/wp-content\/uploads\/2026\/04\/InauguracionCelt-8-768x512.jpeg 768w, https:\/\/www.celttv.com.ar\/wp-content\/uploads\/2026\/04\/InauguracionCelt-8-1536x1024.jpeg 1536w, https:\/\/www.celttv.com.ar\/wp-content\/uploads\/2026\/04\/InauguracionCelt-8-750x500.jpeg 750w, https:\/\/www.celttv.com.ar\/wp-content\/uploads\/2026\/04\/InauguracionCelt-8-1140x760.jpeg 1140w, https:\/\/www.celttv.com.ar\/wp-content\/uploads\/2026\/04\/InauguracionCelt-8.jpeg 2048w\" sizes=\"auto, (max-width: 1024px) 100vw, 1024px\" \/> <img loading=\"lazy\" decoding=\"async\" class=\"alignnone wp-image-92250 size-large\" src=\"https:\/\/www.celttv.com.ar\/wp-content\/uploads\/2026\/04\/InauguracionCelt-9-1024x683.jpeg\" alt=\"\" width=\"1024\" height=\"683\" srcset=\"https:\/\/www.celttv.com.ar\/wp-content\/uploads\/2026\/04\/InauguracionCelt-9-1024x683.jpeg 1024w, https:\/\/www.celttv.com.ar\/wp-content\/uploads\/2026\/04\/InauguracionCelt-9-300x200.jpeg 300w, https:\/\/www.celttv.com.ar\/wp-content\/uploads\/2026\/04\/InauguracionCelt-9-768x512.jpeg 768w, https:\/\/www.celttv.com.ar\/wp-content\/uploads\/2026\/04\/InauguracionCelt-9-1536x1024.jpeg 1536w, https:\/\/www.celttv.com.ar\/wp-content\/uploads\/2026\/04\/InauguracionCelt-9-750x500.jpeg 750w, https:\/\/www.celttv.com.ar\/wp-content\/uploads\/2026\/04\/InauguracionCelt-9-1140x760.jpeg 1140w, https:\/\/www.celttv.com.ar\/wp-content\/uploads\/2026\/04\/InauguracionCelt-9.jpeg 2048w\" sizes=\"auto, (max-width: 1024px) 100vw, 1024px\" \/> <img loading=\"lazy\" decoding=\"async\" class=\"alignnone wp-image-92251 size-large\" src=\"https:\/\/www.celttv.com.ar\/wp-content\/uploads\/2026\/04\/InauguracionCelt-10-1024x683.jpeg\" alt=\"\" width=\"1024\" height=\"683\" srcset=\"https:\/\/www.celttv.com.ar\/wp-content\/uploads\/2026\/04\/InauguracionCelt-10-1024x683.jpeg 1024w, https:\/\/www.celttv.com.ar\/wp-content\/uploads\/2026\/04\/InauguracionCelt-10-300x200.jpeg 300w, https:\/\/www.celttv.com.ar\/wp-content\/uploads\/2026\/04\/InauguracionCelt-10-768x512.jpeg 768w, https:\/\/www.celttv.com.ar\/wp-content\/uploads\/2026\/04\/InauguracionCelt-10-1536x1024.jpeg 1536w, https:\/\/www.celttv.com.ar\/wp-content\/uploads\/2026\/04\/InauguracionCelt-10-750x500.jpeg 750w, https:\/\/www.celttv.com.ar\/wp-content\/uploads\/2026\/04\/InauguracionCelt-10-1140x760.jpeg 1140w, https:\/\/www.celttv.com.ar\/wp-content\/uploads\/2026\/04\/InauguracionCelt-10.jpeg 2048w\" sizes=\"auto, (max-width: 1024px) 100vw, 1024px\" \/> <img loading=\"lazy\" decoding=\"async\" class=\"alignnone wp-image-92252 size-large\" src=\"https:\/\/www.celttv.com.ar\/wp-content\/uploads\/2026\/04\/InauguracionCelt-11-1024x683.jpeg\" alt=\"\" width=\"1024\" height=\"683\" srcset=\"https:\/\/www.celttv.com.ar\/wp-content\/uploads\/2026\/04\/InauguracionCelt-11-1024x683.jpeg 1024w, https:\/\/www.celttv.com.ar\/wp-content\/uploads\/2026\/04\/InauguracionCelt-11-300x200.jpeg 300w, https:\/\/www.celttv.com.ar\/wp-content\/uploads\/2026\/04\/InauguracionCelt-11-768x512.jpeg 768w, https:\/\/www.celttv.com.ar\/wp-content\/uploads\/2026\/04\/InauguracionCelt-11-1536x1024.jpeg 1536w, https:\/\/www.celttv.com.ar\/wp-content\/uploads\/2026\/04\/InauguracionCelt-11-750x500.jpeg 750w, https:\/\/www.celttv.com.ar\/wp-content\/uploads\/2026\/04\/InauguracionCelt-11-1140x760.jpeg 1140w, https:\/\/www.celttv.com.ar\/wp-content\/uploads\/2026\/04\/InauguracionCelt-11.jpeg 2048w\" sizes=\"auto, (max-width: 1024px) 100vw, 1024px\" \/> <img loading=\"lazy\" decoding=\"async\" class=\"alignnone wp-image-92253 size-large\" src=\"https:\/\/www.celttv.com.ar\/wp-content\/uploads\/2026\/04\/InauguracionCelt-12-1024x683.jpeg\" alt=\"\" width=\"1024\" height=\"683\" srcset=\"https:\/\/www.celttv.com.ar\/wp-content\/uploads\/2026\/04\/InauguracionCelt-12-1024x683.jpeg 1024w, https:\/\/www.celttv.com.ar\/wp-content\/uploads\/2026\/04\/InauguracionCelt-12-300x200.jpeg 300w, https:\/\/www.celttv.com.ar\/wp-content\/uploads\/2026\/04\/InauguracionCelt-12-768x512.jpeg 768w, https:\/\/www.celttv.com.ar\/wp-content\/uploads\/2026\/04\/InauguracionCelt-12-1536x1024.jpeg 1536w, https:\/\/www.celttv.com.ar\/wp-content\/uploads\/2026\/04\/InauguracionCelt-12-750x500.jpeg 750w, https:\/\/www.celttv.com.ar\/wp-content\/uploads\/2026\/04\/InauguracionCelt-12-1140x760.jpeg 1140w, https:\/\/www.celttv.com.ar\/wp-content\/uploads\/2026\/04\/InauguracionCelt-12.jpeg 2048w\" sizes=\"auto, (max-width: 1024px) 100vw, 1024px\" \/> <img loading=\"lazy\" decoding=\"async\" class=\"alignnone wp-image-92254 size-large\" src=\"https:\/\/www.celttv.com.ar\/wp-content\/uploads\/2026\/04\/InauguracionCelt-13-1024x683.jpeg\" alt=\"\" width=\"1024\" height=\"683\" srcset=\"https:\/\/www.celttv.com.ar\/wp-content\/uploads\/2026\/04\/InauguracionCelt-13-1024x683.jpeg 1024w, https:\/\/www.celttv.com.ar\/wp-content\/uploads\/2026\/04\/InauguracionCelt-13-300x200.jpeg 300w, https:\/\/www.celttv.com.ar\/wp-content\/uploads\/2026\/04\/InauguracionCelt-13-768x512.jpeg 768w, https:\/\/www.celttv.com.ar\/wp-content\/uploads\/2026\/04\/InauguracionCelt-13-1536x1024.jpeg 1536w, https:\/\/www.celttv.com.ar\/wp-content\/uploads\/2026\/04\/InauguracionCelt-13-750x500.jpeg 750w, https:\/\/www.celttv.com.ar\/wp-content\/uploads\/2026\/04\/InauguracionCelt-13-1140x760.jpeg 1140w, https:\/\/www.celttv.com.ar\/wp-content\/uploads\/2026\/04\/InauguracionCelt-13.jpeg 2048w\" sizes=\"auto, (max-width: 1024px) 100vw, 1024px\" \/> <img loading=\"lazy\" decoding=\"async\" class=\"alignnone wp-image-92255 size-large\" src=\"https:\/\/www.celttv.com.ar\/wp-content\/uploads\/2026\/04\/InauguracionCelt-14-1024x683.jpeg\" alt=\"\" width=\"1024\" height=\"683\" srcset=\"https:\/\/www.celttv.com.ar\/wp-content\/uploads\/2026\/04\/InauguracionCelt-14-1024x683.jpeg 1024w, https:\/\/www.celttv.com.ar\/wp-content\/uploads\/2026\/04\/InauguracionCelt-14-300x200.jpeg 300w, https:\/\/www.celttv.com.ar\/wp-content\/uploads\/2026\/04\/InauguracionCelt-14-768x512.jpeg 768w, https:\/\/www.celttv.com.ar\/wp-content\/uploads\/2026\/04\/InauguracionCelt-14-1536x1024.jpeg 1536w, https:\/\/www.celttv.com.ar\/wp-content\/uploads\/2026\/04\/InauguracionCelt-14-750x500.jpeg 750w, https:\/\/www.celttv.com.ar\/wp-content\/uploads\/2026\/04\/InauguracionCelt-14-1140x760.jpeg 1140w, https:\/\/www.celttv.com.ar\/wp-content\/uploads\/2026\/04\/InauguracionCelt-14.jpeg 2048w\" sizes=\"auto, (max-width: 1024px) 100vw, 1024px\" \/> <img loading=\"lazy\" decoding=\"async\" class=\"alignnone wp-image-92256 size-large\" src=\"https:\/\/www.celttv.com.ar\/wp-content\/uploads\/2026\/04\/InauguracionCelt-15-1024x683.jpeg\" alt=\"\" width=\"1024\" height=\"683\" srcset=\"https:\/\/www.celttv.com.ar\/wp-content\/uploads\/2026\/04\/InauguracionCelt-15-1024x683.jpeg 1024w, https:\/\/www.celttv.com.ar\/wp-content\/uploads\/2026\/04\/InauguracionCelt-15-300x200.jpeg 300w, https:\/\/www.celttv.com.ar\/wp-content\/uploads\/2026\/04\/InauguracionCelt-15-768x512.jpeg 768w, https:\/\/www.celttv.com.ar\/wp-content\/uploads\/2026\/04\/InauguracionCelt-15-1536x1024.jpeg 1536w, https:\/\/www.celttv.com.ar\/wp-content\/uploads\/2026\/04\/InauguracionCelt-15-750x500.jpeg 750w, https:\/\/www.celttv.com.ar\/wp-content\/uploads\/2026\/04\/InauguracionCelt-15-1140x760.jpeg 1140w, https:\/\/www.celttv.com.ar\/wp-content\/uploads\/2026\/04\/InauguracionCelt-15.jpeg 2048w\" sizes=\"auto, (max-width: 1024px) 100vw, 1024px\" \/> <img loading=\"lazy\" decoding=\"async\" class=\"alignnone wp-image-92257 size-large\" src=\"https:\/\/www.celttv.com.ar\/wp-content\/uploads\/2026\/04\/InauguracionCelt-16-1024x683.jpeg\" alt=\"\" width=\"1024\" height=\"683\" srcset=\"https:\/\/www.celttv.com.ar\/wp-content\/uploads\/2026\/04\/InauguracionCelt-16-1024x683.jpeg 1024w, https:\/\/www.celttv.com.ar\/wp-content\/uploads\/2026\/04\/InauguracionCelt-16-300x200.jpeg 300w, https:\/\/www.celttv.com.ar\/wp-content\/uploads\/2026\/04\/InauguracionCelt-16-768x512.jpeg 768w, https:\/\/www.celttv.com.ar\/wp-content\/uploads\/2026\/04\/InauguracionCelt-16-1536x1024.jpeg 1536w, https:\/\/www.celttv.com.ar\/wp-content\/uploads\/2026\/04\/InauguracionCelt-16-750x500.jpeg 750w, https:\/\/www.celttv.com.ar\/wp-content\/uploads\/2026\/04\/InauguracionCelt-16-1140x760.jpeg 1140w, https:\/\/www.celttv.com.ar\/wp-content\/uploads\/2026\/04\/InauguracionCelt-16.jpeg 2048w\" sizes=\"auto, (max-width: 1024px) 100vw, 1024px\" \/> <img loading=\"lazy\" decoding=\"async\" class=\"alignnone wp-image-92258 size-large\" src=\"https:\/\/www.celttv.com.ar\/wp-content\/uploads\/2026\/04\/InauguracionCelt-17-1024x683.jpeg\" alt=\"\" width=\"1024\" height=\"683\" srcset=\"https:\/\/www.celttv.com.ar\/wp-content\/uploads\/2026\/04\/InauguracionCelt-17-1024x683.jpeg 1024w, https:\/\/www.celttv.com.ar\/wp-content\/uploads\/2026\/04\/InauguracionCelt-17-300x200.jpeg 300w, https:\/\/www.celttv.com.ar\/wp-content\/uploads\/2026\/04\/InauguracionCelt-17-768x512.jpeg 768w, https:\/\/www.celttv.com.ar\/wp-content\/uploads\/2026\/04\/InauguracionCelt-17-1536x1024.jpeg 1536w, https:\/\/www.celttv.com.ar\/wp-content\/uploads\/2026\/04\/InauguracionCelt-17-750x500.jpeg 750w, https:\/\/www.celttv.com.ar\/wp-content\/uploads\/2026\/04\/InauguracionCelt-17-1140x760.jpeg 1140w, https:\/\/www.celttv.com.ar\/wp-content\/uploads\/2026\/04\/InauguracionCelt-17.jpeg 2048w\" sizes=\"auto, (max-width: 1024px) 100vw, 1024px\" \/> <img loading=\"lazy\" decoding=\"async\" class=\"alignnone wp-image-92259 size-large\" src=\"https:\/\/www.celttv.com.ar\/wp-content\/uploads\/2026\/04\/InauguracionCelt-18-1024x683.jpeg\" alt=\"\" width=\"1024\" height=\"683\" srcset=\"https:\/\/www.celttv.com.ar\/wp-content\/uploads\/2026\/04\/InauguracionCelt-18-1024x683.jpeg 1024w, https:\/\/www.celttv.com.ar\/wp-content\/uploads\/2026\/04\/InauguracionCelt-18-300x200.jpeg 300w, https:\/\/www.celttv.com.ar\/wp-content\/uploads\/2026\/04\/InauguracionCelt-18-768x512.jpeg 768w, https:\/\/www.celttv.com.ar\/wp-content\/uploads\/2026\/04\/InauguracionCelt-18-1536x1024.jpeg 1536w, https:\/\/www.celttv.com.ar\/wp-content\/uploads\/2026\/04\/InauguracionCelt-18-750x500.jpeg 750w, https:\/\/www.celttv.com.ar\/wp-content\/uploads\/2026\/04\/InauguracionCelt-18-1140x760.jpeg 1140w, https:\/\/www.celttv.com.ar\/wp-content\/uploads\/2026\/04\/InauguracionCelt-18.jpeg 2048w\" sizes=\"auto, (max-width: 1024px) 100vw, 1024px\" \/><\/p>\n","protected":false},"excerpt":{"rendered":"<p>La CELT inaugur\u00f3 su edificio renovado y refuerza su atenci\u00f3n a los usuarios La Cooperativa El\u00e9ctrica Limitada de Tornquist inaugur\u00f3 este martes sus nuevas instalaciones, en el marco de un proceso de renovaci\u00f3n y puesta en valor de sus espacios, en un acto que cont\u00f3 con la destacada presencia de Ariel Guarco, referente del cooperativismo [&hellip;]<\/p>\n","protected":false},"author":5,"featured_media":92252,"comment_status":"closed","ping_status":"closed","sticky":false,"template":"","format":"standard","meta":{"footnotes":""},"categories":[55],"tags":[],"class_list":["post-92241","post","type-post","status-publish","format-standard","has-post-thumbnail","hentry","category-celt-tv-noticias"],"yoast_head":"<!-- This site is optimized with the Yoast SEO plugin v19.7.1 - https:\/\/yoast.com\/wordpress\/plugins\/seo\/ -->\n<title>La CELT inaugur\u00f3 su edificio renovado y refuerza su atenci\u00f3n a los usuarios - CELTTV<\/title>\n<meta name=\"description\" content=\"Sitio web de noticias de la localidad de Tornquist, provincia de Buenos Aires, Rep\u00fablica Argentina. Contenido propio originado por periodistas de CELTTV, el canal de TV local de la Cooperativa El\u00e9ctrica de Tornquist. Turismo, Pol\u00edtica, Sociedad, Deporte, Cultura y todo el contenido de inter\u00e9s general que la gente del pueblo y la regi\u00f3n debe conocer.\" \/>\n<meta name=\"robots\" content=\"index, follow, max-snippet:-1, max-image-preview:large, max-video-preview:-1\" \/>\n<link rel=\"canonical\" href=\"https:\/\/www.celttv.com.ar\/index.php\/2026\/04\/29\/la-celt-inauguro-su-edificio-renovado-y-refuerza-su-atencion-a-los-usuarios\/\" \/>\n<meta property=\"og:locale\" content=\"es_ES\" \/>\n<meta property=\"og:type\" content=\"article\" \/>\n<meta property=\"og:title\" content=\"La CELT inaugur\u00f3 su edificio renovado y refuerza su atenci\u00f3n a los usuarios - CELTTV\" \/>\n<meta property=\"og:description\" content=\"Sitio web de noticias de la localidad de Tornquist, provincia de Buenos Aires, Rep\u00fablica Argentina. Contenido propio originado por periodistas de CELTTV, el canal de TV local de la Cooperativa El\u00e9ctrica de Tornquist. Turismo, Pol\u00edtica, Sociedad, Deporte, Cultura y todo el contenido de inter\u00e9s general que la gente del pueblo y la regi\u00f3n debe conocer.\" \/>\n<meta property=\"og:url\" content=\"https:\/\/www.celttv.com.ar\/index.php\/2026\/04\/29\/la-celt-inauguro-su-edificio-renovado-y-refuerza-su-atencion-a-los-usuarios\/\" \/>\n<meta property=\"og:site_name\" content=\"CELTTV\" \/>\n<meta property=\"article:publisher\" content=\"https:\/\/www.facebook.com\/celtTV\/\" \/>\n<meta property=\"article:published_time\" content=\"2026-04-30T01:46:13+00:00\" \/>\n<meta property=\"og:image\" content=\"https:\/\/www.celttv.com.ar\/wp-content\/uploads\/2026\/04\/InauguracionCelt-11.jpeg\" \/>\n\t<meta property=\"og:image:width\" content=\"2048\" \/>\n\t<meta property=\"og:image:height\" content=\"1365\" \/>\n\t<meta property=\"og:image:type\" content=\"image\/jpeg\" \/>\n<meta name=\"author\" content=\"Miguel Herrada\" \/>\n<meta name=\"twitter:card\" content=\"summary_large_image\" \/>\n<meta name=\"twitter:label1\" content=\"Escrito por\" \/>\n\t<meta name=\"twitter:data1\" content=\"Miguel Herrada\" \/>\n\t<meta name=\"twitter:label2\" content=\"Tiempo de lectura\" \/>\n\t<meta name=\"twitter:data2\" content=\"3 minutos\" \/>\n<script type=\"application\/ld+json\" class=\"yoast-schema-graph\">{\"@context\":\"https:\/\/schema.org\",\"@graph\":[{\"@type\":\"NewsArticle\",\"@id\":\"https:\/\/www.celttv.com.ar\/index.php\/2026\/04\/29\/la-celt-inauguro-su-edificio-renovado-y-refuerza-su-atencion-a-los-usuarios\/#article\",\"isPartOf\":{\"@id\":\"https:\/\/www.celttv.com.ar\/index.php\/2026\/04\/29\/la-celt-inauguro-su-edificio-renovado-y-refuerza-su-atencion-a-los-usuarios\/\"},\"author\":{\"name\":\"Miguel Herrada\",\"@id\":\"https:\/\/www.celttv.com.ar\/#\/schema\/person\/9059dc91dc7204ef4182cdb65225f07d\"},\"headline\":\"La CELT inaugur\u00f3 su edificio renovado y refuerza su atenci\u00f3n a los usuarios\",\"datePublished\":\"2026-04-30T01:46:13+00:00\",\"dateModified\":\"2026-04-30T01:46:13+00:00\",\"mainEntityOfPage\":{\"@id\":\"https:\/\/www.celttv.com.ar\/index.php\/2026\/04\/29\/la-celt-inauguro-su-edificio-renovado-y-refuerza-su-atencion-a-los-usuarios\/\"},\"wordCount\":547,\"publisher\":{\"@id\":\"https:\/\/www.celttv.com.ar\/#organization\"},\"articleSection\":[\"Celt TV Noticias\"],\"inLanguage\":\"es\"},{\"@type\":\"WebPage\",\"@id\":\"https:\/\/www.celttv.com.ar\/index.php\/2026\/04\/29\/la-celt-inauguro-su-edificio-renovado-y-refuerza-su-atencion-a-los-usuarios\/\",\"url\":\"https:\/\/www.celttv.com.ar\/index.php\/2026\/04\/29\/la-celt-inauguro-su-edificio-renovado-y-refuerza-su-atencion-a-los-usuarios\/\",\"name\":\"La CELT inaugur\u00f3 su edificio renovado y refuerza su atenci\u00f3n a los usuarios - CELTTV\",\"isPartOf\":{\"@id\":\"https:\/\/www.celttv.com.ar\/#website\"},\"datePublished\":\"2026-04-30T01:46:13+00:00\",\"dateModified\":\"2026-04-30T01:46:13+00:00\",\"description\":\"Sitio web de noticias de la localidad de Tornquist, provincia de Buenos Aires, Rep\u00fablica Argentina. Contenido propio originado por periodistas de CELTTV, el canal de TV local de la Cooperativa El\u00e9ctrica de Tornquist. Turismo, Pol\u00edtica, Sociedad, Deporte, Cultura y todo el contenido de inter\u00e9s general que la gente del pueblo y la regi\u00f3n debe conocer.\",\"breadcrumb\":{\"@id\":\"https:\/\/www.celttv.com.ar\/index.php\/2026\/04\/29\/la-celt-inauguro-su-edificio-renovado-y-refuerza-su-atencion-a-los-usuarios\/#breadcrumb\"},\"inLanguage\":\"es\",\"potentialAction\":[{\"@type\":\"ReadAction\",\"target\":[\"https:\/\/www.celttv.com.ar\/index.php\/2026\/04\/29\/la-celt-inauguro-su-edificio-renovado-y-refuerza-su-atencion-a-los-usuarios\/\"]}]},{\"@type\":\"BreadcrumbList\",\"@id\":\"https:\/\/www.celttv.com.ar\/index.php\/2026\/04\/29\/la-celt-inauguro-su-edificio-renovado-y-refuerza-su-atencion-a-los-usuarios\/#breadcrumb\",\"itemListElement\":[{\"@type\":\"ListItem\",\"position\":1,\"name\":\"Inicio\",\"item\":\"https:\/\/www.celttv.com.ar\/\"},{\"@type\":\"ListItem\",\"position\":2,\"name\":\"La CELT inaugur\u00f3 su edificio renovado y refuerza su atenci\u00f3n a los usuarios\"}]},{\"@type\":\"WebSite\",\"@id\":\"https:\/\/www.celttv.com.ar\/#website\",\"url\":\"https:\/\/www.celttv.com.ar\/\",\"name\":\"CELTTV\",\"description\":\"Cooperativa El\u00e9ctrica de Tornquist\",\"publisher\":{\"@id\":\"https:\/\/www.celttv.com.ar\/#organization\"},\"potentialAction\":[{\"@type\":\"SearchAction\",\"target\":{\"@type\":\"EntryPoint\",\"urlTemplate\":\"https:\/\/www.celttv.com.ar\/?s={search_term_string}\"},\"query-input\":\"required name=search_term_string\"}],\"inLanguage\":\"es\"},{\"@type\":\"Organization\",\"@id\":\"https:\/\/www.celttv.com.ar\/#organization\",\"name\":\"CELTTV\",\"url\":\"https:\/\/www.celttv.com.ar\/\",\"sameAs\":[\"https:\/\/www.youtube.com\/channel\/UCz_oIt8Hig64Ub-EmcNPIhg\",\"https:\/\/www.facebook.com\/celtTV\/\"],\"logo\":{\"@type\":\"ImageObject\",\"inLanguage\":\"es\",\"@id\":\"https:\/\/www.celttv.com.ar\/#\/schema\/logo\/image\/\",\"url\":\"http:\/\/www.celttv.com.ar\/wp-content\/uploads\/2022\/08\/logo-1.png\",\"contentUrl\":\"http:\/\/www.celttv.com.ar\/wp-content\/uploads\/2022\/08\/logo-1.png\",\"width\":461,\"height\":159,\"caption\":\"CELTTV\"},\"image\":{\"@id\":\"https:\/\/www.celttv.com.ar\/#\/schema\/logo\/image\/\"}},{\"@type\":\"Person\",\"@id\":\"https:\/\/www.celttv.com.ar\/#\/schema\/person\/9059dc91dc7204ef4182cdb65225f07d\",\"name\":\"Miguel Herrada\",\"image\":{\"@type\":\"ImageObject\",\"inLanguage\":\"es\",\"@id\":\"https:\/\/www.celttv.com.ar\/#\/schema\/person\/image\/\",\"url\":\"https:\/\/secure.gravatar.com\/avatar\/67724d5b3c716623ffd76bec7e45841a442ac3b456e914dbba90b0fad2b8e0b1?s=96&d=mm&r=g\",\"contentUrl\":\"https:\/\/secure.gravatar.com\/avatar\/67724d5b3c716623ffd76bec7e45841a442ac3b456e914dbba90b0fad2b8e0b1?s=96&d=mm&r=g\",\"caption\":\"Miguel Herrada\"}}]}<\/script>\n<!-- \/ Yoast SEO plugin. -->","yoast_head_json":{"title":"La CELT inaugur\u00f3 su edificio renovado y refuerza su atenci\u00f3n a los usuarios - CELTTV","description":"Sitio web de noticias de la localidad de Tornquist, provincia de Buenos Aires, Rep\u00fablica Argentina. Contenido propio originado por periodistas de CELTTV, el canal de TV local de la Cooperativa El\u00e9ctrica de Tornquist. Turismo, Pol\u00edtica, Sociedad, Deporte, Cultura y todo el contenido de inter\u00e9s general que la gente del pueblo y la regi\u00f3n debe conocer.","robots":{"index":"index","follow":"follow","max-snippet":"max-snippet:-1","max-image-preview":"max-image-preview:large","max-video-preview":"max-video-preview:-1"},"canonical":"https:\/\/www.celttv.com.ar\/index.php\/2026\/04\/29\/la-celt-inauguro-su-edificio-renovado-y-refuerza-su-atencion-a-los-usuarios\/","og_locale":"es_ES","og_type":"article","og_title":"La CELT inaugur\u00f3 su edificio renovado y refuerza su atenci\u00f3n a los usuarios - CELTTV","og_description":"Sitio web de noticias de la localidad de Tornquist, provincia de Buenos Aires, Rep\u00fablica Argentina. Contenido propio originado por periodistas de CELTTV, el canal de TV local de la Cooperativa El\u00e9ctrica de Tornquist. Turismo, Pol\u00edtica, Sociedad, Deporte, Cultura y todo el contenido de inter\u00e9s general que la gente del pueblo y la regi\u00f3n debe conocer.","og_url":"https:\/\/www.celttv.com.ar\/index.php\/2026\/04\/29\/la-celt-inauguro-su-edificio-renovado-y-refuerza-su-atencion-a-los-usuarios\/","og_site_name":"CELTTV","article_publisher":"https:\/\/www.facebook.com\/celtTV\/","article_published_time":"2026-04-30T01:46:13+00:00","og_image":[{"width":2048,"height":1365,"url":"https:\/\/www.celttv.com.ar\/wp-content\/uploads\/2026\/04\/InauguracionCelt-11.jpeg","type":"image\/jpeg"}],"author":"Miguel Herrada","twitter_card":"summary_large_image","twitter_misc":{"Escrito por":"Miguel Herrada","Tiempo de lectura":"3 minutos"},"schema":{"@context":"https:\/\/schema.org","@graph":[{"@type":"NewsArticle","@id":"https:\/\/www.celttv.com.ar\/index.php\/2026\/04\/29\/la-celt-inauguro-su-edificio-renovado-y-refuerza-su-atencion-a-los-usuarios\/#article","isPartOf":{"@id":"https:\/\/www.celttv.com.ar\/index.php\/2026\/04\/29\/la-celt-inauguro-su-edificio-renovado-y-refuerza-su-atencion-a-los-usuarios\/"},"author":{"name":"Miguel Herrada","@id":"https:\/\/www.celttv.com.ar\/#\/schema\/person\/9059dc91dc7204ef4182cdb65225f07d"},"headline":"La CELT inaugur\u00f3 su edificio renovado y refuerza su atenci\u00f3n a los usuarios","datePublished":"2026-04-30T01:46:13+00:00","dateModified":"2026-04-30T01:46:13+00:00","mainEntityOfPage":{"@id":"https:\/\/www.celttv.com.ar\/index.php\/2026\/04\/29\/la-celt-inauguro-su-edificio-renovado-y-refuerza-su-atencion-a-los-usuarios\/"},"wordCount":547,"publisher":{"@id":"https:\/\/www.celttv.com.ar\/#organization"},"articleSection":["Celt TV Noticias"],"inLanguage":"es"},{"@type":"WebPage","@id":"https:\/\/www.celttv.com.ar\/index.php\/2026\/04\/29\/la-celt-inauguro-su-edificio-renovado-y-refuerza-su-atencion-a-los-usuarios\/","url":"https:\/\/www.celttv.com.ar\/index.php\/2026\/04\/29\/la-celt-inauguro-su-edificio-renovado-y-refuerza-su-atencion-a-los-usuarios\/","name":"La CELT inaugur\u00f3 su edificio renovado y refuerza su atenci\u00f3n a los usuarios - CELTTV","isPartOf":{"@id":"https:\/\/www.celttv.com.ar\/#website"},"datePublished":"2026-04-30T01:46:13+00:00","dateModified":"2026-04-30T01:46:13+00:00","description":"Sitio web de noticias de la localidad de Tornquist, provincia de Buenos Aires, Rep\u00fablica Argentina. Contenido propio originado por periodistas de CELTTV, el canal de TV local de la Cooperativa El\u00e9ctrica de Tornquist. Turismo, Pol\u00edtica, Sociedad, Deporte, Cultura y todo el contenido de inter\u00e9s general que la gente del pueblo y la regi\u00f3n debe conocer.","breadcrumb":{"@id":"https:\/\/www.celttv.com.ar\/index.php\/2026\/04\/29\/la-celt-inauguro-su-edificio-renovado-y-refuerza-su-atencion-a-los-usuarios\/#breadcrumb"},"inLanguage":"es","potentialAction":[{"@type":"ReadAction","target":["https:\/\/www.celttv.com.ar\/index.php\/2026\/04\/29\/la-celt-inauguro-su-edificio-renovado-y-refuerza-su-atencion-a-los-usuarios\/"]}]},{"@type":"BreadcrumbList","@id":"https:\/\/www.celttv.com.ar\/index.php\/2026\/04\/29\/la-celt-inauguro-su-edificio-renovado-y-refuerza-su-atencion-a-los-usuarios\/#breadcrumb","itemListElement":[{"@type":"ListItem","position":1,"name":"Inicio","item":"https:\/\/www.celttv.com.ar\/"},{"@type":"ListItem","position":2,"name":"La CELT inaugur\u00f3 su edificio renovado y refuerza su atenci\u00f3n a los usuarios"}]},{"@type":"WebSite","@id":"https:\/\/www.celttv.com.ar\/#website","url":"https:\/\/www.celttv.com.ar\/","name":"CELTTV","description":"Cooperativa El\u00e9ctrica de Tornquist","publisher":{"@id":"https:\/\/www.celttv.com.ar\/#organization"},"potentialAction":[{"@type":"SearchAction","target":{"@type":"EntryPoint","urlTemplate":"https:\/\/www.celttv.com.ar\/?s={search_term_string}"},"query-input":"required name=search_term_string"}],"inLanguage":"es"},{"@type":"Organization","@id":"https:\/\/www.celttv.com.ar\/#organization","name":"CELTTV","url":"https:\/\/www.celttv.com.ar\/","sameAs":["https:\/\/www.youtube.com\/channel\/UCz_oIt8Hig64Ub-EmcNPIhg","https:\/\/www.facebook.com\/celtTV\/"],"logo":{"@type":"ImageObject","inLanguage":"es","@id":"https:\/\/www.celttv.com.ar\/#\/schema\/logo\/image\/","url":"http:\/\/www.celttv.com.ar\/wp-content\/uploads\/2022\/08\/logo-1.png","contentUrl":"http:\/\/www.celttv.com.ar\/wp-content\/uploads\/2022\/08\/logo-1.png","width":461,"height":159,"caption":"CELTTV"},"image":{"@id":"https:\/\/www.celttv.com.ar\/#\/schema\/logo\/image\/"}},{"@type":"Person","@id":"https:\/\/www.celttv.com.ar\/#\/schema\/person\/9059dc91dc7204ef4182cdb65225f07d","name":"Miguel Herrada","image":{"@type":"ImageObject","inLanguage":"es","@id":"https:\/\/www.celttv.com.ar\/#\/schema\/person\/image\/","url":"https:\/\/secure.gravatar.com\/avatar\/67724d5b3c716623ffd76bec7e45841a442ac3b456e914dbba90b0fad2b8e0b1?s=96&d=mm&r=g","contentUrl":"https:\/\/secure.gravatar.com\/avatar\/67724d5b3c716623ffd76bec7e45841a442ac3b456e914dbba90b0fad2b8e0b1?s=96&d=mm&r=g","caption":"Miguel Herrada"}}]}},"_links":{"self":[{"href":"https:\/\/www.celttv.com.ar\/index.php\/wp-json\/wp\/v2\/posts\/92241","targetHints":{"allow":["GET"]}}],"collection":[{"href":"https:\/\/www.celttv.com.ar\/index.php\/wp-json\/wp\/v2\/posts"}],"about":[{"href":"https:\/\/www.celttv.com.ar\/index.php\/wp-json\/wp\/v2\/types\/post"}],"author":[{"embeddable":true,"href":"https:\/\/www.celttv.com.ar\/index.php\/wp-json\/wp\/v2\/users\/5"}],"replies":[{"embeddable":true,"href":"https:\/\/www.celttv.com.ar\/index.php\/wp-json\/wp\/v2\/comments?post=92241"}],"version-history":[{"count":1,"href":"https:\/\/www.celttv.com.ar\/index.php\/wp-json\/wp\/v2\/posts\/92241\/revisions"}],"predecessor-version":[{"id":92260,"href":"https:\/\/www.celttv.com.ar\/index.php\/wp-json\/wp\/v2\/posts\/92241\/revisions\/92260"}],"wp:featuredmedia":[{"embeddable":true,"href":"https:\/\/www.celttv.com.ar\/index.php\/wp-json\/wp\/v2\/media\/92252"}],"wp:attachment":[{"href":"https:\/\/www.celttv.com.ar\/index.php\/wp-json\/wp\/v2\/media?parent=92241"}],"wp:term":[{"taxonomy":"category","embeddable":true,"href":"https:\/\/www.celttv.com.ar\/index.php\/wp-json\/wp\/v2\/categories?post=92241"},{"taxonomy":"post_tag","embeddable":true,"href":"https:\/\/www.celttv.com.ar\/index.php\/wp-json\/wp\/v2\/tags?post=92241"}],"curies":[{"name":"wp","href":"https:\/\/api.w.org\/{rel}","templated":true}]}}