{"id":9251,"date":"2012-12-05T20:25:46","date_gmt":"2012-12-05T20:25:46","guid":{"rendered":"http:\/\/www.tvcnoticias.com.ar\/?p=9251"},"modified":"2012-12-05T20:25:46","modified_gmt":"2012-12-05T20:25:46","slug":"7d-encuentro-en-azul-la-ley-nos-permite-romper-con-la-encrucijada-de-los-multimedios-conceptos-del-coordinador-de-usina-de-medios-nahum-mirad","status":"publish","type":"post","link":"https:\/\/www.celttv.com.ar\/index.php\/2012\/12\/05\/7d-encuentro-en-azul-la-ley-nos-permite-romper-con-la-encrucijada-de-los-multimedios-conceptos-del-coordinador-de-usina-de-medios-nahum-mirad\/","title":{"rendered":"7D &#8211; ENCUENTRO EN AZUL &#8220;LA LEY NOS PERMITE ROMPER CON LA ENCRUCIJADA DE LOS MULTIMEDIOS&#8221; Conceptos del coordinador de Usina de Medios Nahum Mirad"},"content":{"rendered":"<p><br \/>\nAs\u00ed lo expres\u00f3 Nahum Mirad, coordinador de Usina de Medios, programa conjunto entre la \u00a0Confederaci\u00f3n Cooperativa de la Rep\u00fablica Argentina (Cooperar) y el Instituto Nacional de Asociativismo y Econom\u00eda Social (Inaes), en el encuentro de comunicadores cooperativistas en ciudad bonaerense de Azul.<br \/>\n\u00a0(Ansol). &#8220;La Ley de Servicios de Comunicaci\u00f3n Audiovisual (N\u00b026.522) nos abre la cancha para que sigamos jugando, pero\u00a0 ahora integrados. Nos transforma en una herramienta para romper con la encrucijada de los multimedios&#8221;\u00a0 asegur\u00f3 Nahum Mirad, coordinador de Usina de Medios, en el panel\u00a0 de apertura del encuentro <em>Comunicar otra econom\u00eda, <\/em>compuesto por Guillermo Ostornol, secretario de la Federaci\u00f3n de Cooperativas de Electricidad y Servicios P\u00fablicos de la provincia de Buenos Aires (Fedecoba); Fabi\u00e1n Silveira, tambi\u00e9n de Usina de Medios; y Patricio Suarez \u00e1rea, del \u00e1rea de prensa de Cooperar.<br \/>\nSe inform\u00f3 que cincuenta cooperativas ya tienen licencia de cables, mientras otras 100 est\u00e1n tramit\u00e1ndolas; hasta la suspensi\u00f3n de las licencias para Televisi\u00f3n Digital Abierta (TDA), el sector present\u00f3 m\u00e1s de 20, en tanto que actualmente hay 400 cooperativas para competir como cableoperadores.<br \/>\nAs\u00ed, se desarroll\u00f3 entre los panelistas un pormenorizado an\u00e1lisis de la situaci\u00f3n de los medios cooperativos el escenario que plantea la Ley de Servicios de Comunicaci\u00f3n Audiovisual (N\u00b026.522) y las herramientas que desarrolla en sector para ocupar el 33 por ciento del espectro medi\u00e1tico.<br \/>\n\u201cTras la sanci\u00f3n de la LSCA, unas 30 escuelas de Feceaba (Federaci\u00f3n de Cooperativas de Educaci\u00f3n y Entidades Afines de la provincia de Buenos Aires) abrieron radios cooperativas\u201d, repas\u00f3 el coordinador de Usina de Medios.<br \/>\nLuego del mediod\u00eda, comenz\u00f3\u00a0 la presentaci\u00f3n de las experiencias de Cooperar, de Fedecoba, de la Federaci\u00f3n Argentina de Entidades Solidarias de Salud (Faess); de Diarios y Peri\u00f3dicos Regionales Argentinos (Dypra); y la Usina de Medios.\u00a0 Estas entidades son, adem\u00e1s, las organizadoras del evento que se extendi\u00f3 hasta pasadas las 18 horas.<\/p>\n","protected":false},"excerpt":{"rendered":"<p>As\u00ed lo expres\u00f3 Nahum Mirad, coordinador de Usina de Medios, programa conjunto entre la \u00a0Confederaci\u00f3n Cooperativa de la Rep\u00fablica Argentina (Cooperar) y el Instituto Nacional de Asociativismo y Econom\u00eda Social (Inaes), en el encuentro de comunicadores cooperativistas en ciudad bonaerense de Azul. \u00a0(Ansol). &#8220;La Ley de Servicios de Comunicaci\u00f3n Audiovisual (N\u00b026.522) nos abre la cancha [&hellip;]<\/p>\n","protected":false},"author":1,"featured_media":0,"comment_status":"closed","ping_status":"open","sticky":false,"template":"","format":"standard","meta":{"footnotes":""},"categories":[51,52],"tags":[],"class_list":["post-9251","post","type-post","status-publish","format-standard","hentry","category-comunidad","category-destacadas"],"yoast_head":"<!-- This site is optimized with the Yoast SEO plugin v19.7.1 - https:\/\/yoast.com\/wordpress\/plugins\/seo\/ -->\n<title>7D - ENCUENTRO EN AZUL &quot;LA LEY NOS PERMITE ROMPER CON LA ENCRUCIJADA DE LOS MULTIMEDIOS&quot; Conceptos del coordinador de Usina de Medios Nahum Mirad - CELTTV<\/title>\n<meta name=\"description\" content=\"Sitio web de noticias de la localidad de Tornquist, provincia de Buenos Aires, Rep\u00fablica Argentina. Contenido propio originado por periodistas de CELTTV, el canal de TV local de la Cooperativa El\u00e9ctrica de Tornquist. Turismo, Pol\u00edtica, Sociedad, Deporte, Cultura y todo el contenido de inter\u00e9s general que la gente del pueblo y la regi\u00f3n debe conocer.\" \/>\n<meta name=\"robots\" content=\"index, follow, max-snippet:-1, max-image-preview:large, max-video-preview:-1\" \/>\n<link rel=\"canonical\" href=\"https:\/\/www.celttv.com.ar\/index.php\/2012\/12\/05\/7d-encuentro-en-azul-la-ley-nos-permite-romper-con-la-encrucijada-de-los-multimedios-conceptos-del-coordinador-de-usina-de-medios-nahum-mirad\/\" \/>\n<meta property=\"og:locale\" content=\"es_ES\" \/>\n<meta property=\"og:type\" content=\"article\" \/>\n<meta property=\"og:title\" content=\"7D - ENCUENTRO EN AZUL &quot;LA LEY NOS PERMITE ROMPER CON LA ENCRUCIJADA DE LOS MULTIMEDIOS&quot; Conceptos del coordinador de Usina de Medios Nahum Mirad - CELTTV\" \/>\n<meta property=\"og:description\" content=\"Sitio web de noticias de la localidad de Tornquist, provincia de Buenos Aires, Rep\u00fablica Argentina. Contenido propio originado por periodistas de CELTTV, el canal de TV local de la Cooperativa El\u00e9ctrica de Tornquist. Turismo, Pol\u00edtica, Sociedad, Deporte, Cultura y todo el contenido de inter\u00e9s general que la gente del pueblo y la regi\u00f3n debe conocer.\" \/>\n<meta property=\"og:url\" content=\"https:\/\/www.celttv.com.ar\/index.php\/2012\/12\/05\/7d-encuentro-en-azul-la-ley-nos-permite-romper-con-la-encrucijada-de-los-multimedios-conceptos-del-coordinador-de-usina-de-medios-nahum-mirad\/\" \/>\n<meta property=\"og:site_name\" content=\"CELTTV\" \/>\n<meta property=\"article:publisher\" content=\"https:\/\/www.facebook.com\/celtTV\/\" \/>\n<meta property=\"article:published_time\" content=\"2012-12-05T20:25:46+00:00\" \/>\n<meta name=\"author\" content=\"ulises\" \/>\n<meta name=\"twitter:card\" content=\"summary_large_image\" \/>\n<meta name=\"twitter:label1\" content=\"Escrito por\" \/>\n\t<meta name=\"twitter:data1\" content=\"ulises\" \/>\n\t<meta name=\"twitter:label2\" content=\"Tiempo de lectura\" \/>\n\t<meta name=\"twitter:data2\" content=\"2 minutos\" \/>\n<script type=\"application\/ld+json\" class=\"yoast-schema-graph\">{\"@context\":\"https:\/\/schema.org\",\"@graph\":[{\"@type\":\"NewsArticle\",\"@id\":\"https:\/\/www.celttv.com.ar\/index.php\/2012\/12\/05\/7d-encuentro-en-azul-la-ley-nos-permite-romper-con-la-encrucijada-de-los-multimedios-conceptos-del-coordinador-de-usina-de-medios-nahum-mirad\/#article\",\"isPartOf\":{\"@id\":\"https:\/\/www.celttv.com.ar\/index.php\/2012\/12\/05\/7d-encuentro-en-azul-la-ley-nos-permite-romper-con-la-encrucijada-de-los-multimedios-conceptos-del-coordinador-de-usina-de-medios-nahum-mirad\/\"},\"author\":{\"name\":\"ulises\",\"@id\":\"https:\/\/www.celttv.com.ar\/#\/schema\/person\/6d99c072dba59953809c81446e9d0ace\"},\"headline\":\"7D &#8211; ENCUENTRO EN AZUL &#8220;LA LEY NOS PERMITE ROMPER CON LA ENCRUCIJADA DE LOS MULTIMEDIOS&#8221; Conceptos del coordinador de Usina de Medios Nahum Mirad\",\"datePublished\":\"2012-12-05T20:25:46+00:00\",\"dateModified\":\"2012-12-05T20:25:46+00:00\",\"mainEntityOfPage\":{\"@id\":\"https:\/\/www.celttv.com.ar\/index.php\/2012\/12\/05\/7d-encuentro-en-azul-la-ley-nos-permite-romper-con-la-encrucijada-de-los-multimedios-conceptos-del-coordinador-de-usina-de-medios-nahum-mirad\/\"},\"wordCount\":354,\"publisher\":{\"@id\":\"https:\/\/www.celttv.com.ar\/#organization\"},\"articleSection\":[\"Comunidad\",\"Destacadas\"],\"inLanguage\":\"es\"},{\"@type\":\"WebPage\",\"@id\":\"https:\/\/www.celttv.com.ar\/index.php\/2012\/12\/05\/7d-encuentro-en-azul-la-ley-nos-permite-romper-con-la-encrucijada-de-los-multimedios-conceptos-del-coordinador-de-usina-de-medios-nahum-mirad\/\",\"url\":\"https:\/\/www.celttv.com.ar\/index.php\/2012\/12\/05\/7d-encuentro-en-azul-la-ley-nos-permite-romper-con-la-encrucijada-de-los-multimedios-conceptos-del-coordinador-de-usina-de-medios-nahum-mirad\/\",\"name\":\"7D - ENCUENTRO EN AZUL \\\"LA LEY NOS PERMITE ROMPER CON LA ENCRUCIJADA DE LOS MULTIMEDIOS\\\" Conceptos del coordinador de Usina de Medios Nahum Mirad - CELTTV\",\"isPartOf\":{\"@id\":\"https:\/\/www.celttv.com.ar\/#website\"},\"datePublished\":\"2012-12-05T20:25:46+00:00\",\"dateModified\":\"2012-12-05T20:25:46+00:00\",\"description\":\"Sitio web de noticias de la localidad de Tornquist, provincia de Buenos Aires, Rep\u00fablica Argentina. Contenido propio originado por periodistas de CELTTV, el canal de TV local de la Cooperativa El\u00e9ctrica de Tornquist. Turismo, Pol\u00edtica, Sociedad, Deporte, Cultura y todo el contenido de inter\u00e9s general que la gente del pueblo y la regi\u00f3n debe conocer.\",\"breadcrumb\":{\"@id\":\"https:\/\/www.celttv.com.ar\/index.php\/2012\/12\/05\/7d-encuentro-en-azul-la-ley-nos-permite-romper-con-la-encrucijada-de-los-multimedios-conceptos-del-coordinador-de-usina-de-medios-nahum-mirad\/#breadcrumb\"},\"inLanguage\":\"es\",\"potentialAction\":[{\"@type\":\"ReadAction\",\"target\":[\"https:\/\/www.celttv.com.ar\/index.php\/2012\/12\/05\/7d-encuentro-en-azul-la-ley-nos-permite-romper-con-la-encrucijada-de-los-multimedios-conceptos-del-coordinador-de-usina-de-medios-nahum-mirad\/\"]}]},{\"@type\":\"BreadcrumbList\",\"@id\":\"https:\/\/www.celttv.com.ar\/index.php\/2012\/12\/05\/7d-encuentro-en-azul-la-ley-nos-permite-romper-con-la-encrucijada-de-los-multimedios-conceptos-del-coordinador-de-usina-de-medios-nahum-mirad\/#breadcrumb\",\"itemListElement\":[{\"@type\":\"ListItem\",\"position\":1,\"name\":\"Inicio\",\"item\":\"https:\/\/www.celttv.com.ar\/\"},{\"@type\":\"ListItem\",\"position\":2,\"name\":\"7D &#8211; ENCUENTRO EN AZUL &#8220;LA LEY NOS PERMITE ROMPER CON LA ENCRUCIJADA DE LOS MULTIMEDIOS&#8221; Conceptos del coordinador de Usina de Medios Nahum Mirad\"}]},{\"@type\":\"WebSite\",\"@id\":\"https:\/\/www.celttv.com.ar\/#website\",\"url\":\"https:\/\/www.celttv.com.ar\/\",\"name\":\"CELTTV\",\"description\":\"Cooperativa El\u00e9ctrica de Tornquist\",\"publisher\":{\"@id\":\"https:\/\/www.celttv.com.ar\/#organization\"},\"potentialAction\":[{\"@type\":\"SearchAction\",\"target\":{\"@type\":\"EntryPoint\",\"urlTemplate\":\"https:\/\/www.celttv.com.ar\/?s={search_term_string}\"},\"query-input\":\"required name=search_term_string\"}],\"inLanguage\":\"es\"},{\"@type\":\"Organization\",\"@id\":\"https:\/\/www.celttv.com.ar\/#organization\",\"name\":\"CELTTV\",\"url\":\"https:\/\/www.celttv.com.ar\/\",\"sameAs\":[\"https:\/\/www.youtube.com\/channel\/UCz_oIt8Hig64Ub-EmcNPIhg\",\"https:\/\/www.facebook.com\/celtTV\/\"],\"logo\":{\"@type\":\"ImageObject\",\"inLanguage\":\"es\",\"@id\":\"https:\/\/www.celttv.com.ar\/#\/schema\/logo\/image\/\",\"url\":\"http:\/\/www.celttv.com.ar\/wp-content\/uploads\/2022\/08\/logo-1.png\",\"contentUrl\":\"http:\/\/www.celttv.com.ar\/wp-content\/uploads\/2022\/08\/logo-1.png\",\"width\":461,\"height\":159,\"caption\":\"CELTTV\"},\"image\":{\"@id\":\"https:\/\/www.celttv.com.ar\/#\/schema\/logo\/image\/\"}},{\"@type\":\"Person\",\"@id\":\"https:\/\/www.celttv.com.ar\/#\/schema\/person\/6d99c072dba59953809c81446e9d0ace\",\"name\":\"ulises\",\"image\":{\"@type\":\"ImageObject\",\"inLanguage\":\"es\",\"@id\":\"https:\/\/www.celttv.com.ar\/#\/schema\/person\/image\/\",\"url\":\"https:\/\/secure.gravatar.com\/avatar\/7f2c48bdc33b30088f941fb6082e555f2874c98e20cb159d7b92b50eadfce793?s=96&d=mm&r=g\",\"contentUrl\":\"https:\/\/secure.gravatar.com\/avatar\/7f2c48bdc33b30088f941fb6082e555f2874c98e20cb159d7b92b50eadfce793?s=96&d=mm&r=g\",\"caption\":\"ulises\"},\"sameAs\":[\"http:\/\/www.celttv.com.ar\"]}]}<\/script>\n<!-- \/ Yoast SEO plugin. -->","yoast_head_json":{"title":"7D - ENCUENTRO EN AZUL \"LA LEY NOS PERMITE ROMPER CON LA ENCRUCIJADA DE LOS MULTIMEDIOS\" Conceptos del coordinador de Usina de Medios Nahum Mirad - CELTTV","description":"Sitio web de noticias de la localidad de Tornquist, provincia de Buenos Aires, Rep\u00fablica Argentina. Contenido propio originado por periodistas de CELTTV, el canal de TV local de la Cooperativa El\u00e9ctrica de Tornquist. Turismo, Pol\u00edtica, Sociedad, Deporte, Cultura y todo el contenido de inter\u00e9s general que la gente del pueblo y la regi\u00f3n debe conocer.","robots":{"index":"index","follow":"follow","max-snippet":"max-snippet:-1","max-image-preview":"max-image-preview:large","max-video-preview":"max-video-preview:-1"},"canonical":"https:\/\/www.celttv.com.ar\/index.php\/2012\/12\/05\/7d-encuentro-en-azul-la-ley-nos-permite-romper-con-la-encrucijada-de-los-multimedios-conceptos-del-coordinador-de-usina-de-medios-nahum-mirad\/","og_locale":"es_ES","og_type":"article","og_title":"7D - ENCUENTRO EN AZUL \"LA LEY NOS PERMITE ROMPER CON LA ENCRUCIJADA DE LOS MULTIMEDIOS\" Conceptos del coordinador de Usina de Medios Nahum Mirad - CELTTV","og_description":"Sitio web de noticias de la localidad de Tornquist, provincia de Buenos Aires, Rep\u00fablica Argentina. Contenido propio originado por periodistas de CELTTV, el canal de TV local de la Cooperativa El\u00e9ctrica de Tornquist. Turismo, Pol\u00edtica, Sociedad, Deporte, Cultura y todo el contenido de inter\u00e9s general que la gente del pueblo y la regi\u00f3n debe conocer.","og_url":"https:\/\/www.celttv.com.ar\/index.php\/2012\/12\/05\/7d-encuentro-en-azul-la-ley-nos-permite-romper-con-la-encrucijada-de-los-multimedios-conceptos-del-coordinador-de-usina-de-medios-nahum-mirad\/","og_site_name":"CELTTV","article_publisher":"https:\/\/www.facebook.com\/celtTV\/","article_published_time":"2012-12-05T20:25:46+00:00","author":"ulises","twitter_card":"summary_large_image","twitter_misc":{"Escrito por":"ulises","Tiempo de lectura":"2 minutos"},"schema":{"@context":"https:\/\/schema.org","@graph":[{"@type":"NewsArticle","@id":"https:\/\/www.celttv.com.ar\/index.php\/2012\/12\/05\/7d-encuentro-en-azul-la-ley-nos-permite-romper-con-la-encrucijada-de-los-multimedios-conceptos-del-coordinador-de-usina-de-medios-nahum-mirad\/#article","isPartOf":{"@id":"https:\/\/www.celttv.com.ar\/index.php\/2012\/12\/05\/7d-encuentro-en-azul-la-ley-nos-permite-romper-con-la-encrucijada-de-los-multimedios-conceptos-del-coordinador-de-usina-de-medios-nahum-mirad\/"},"author":{"name":"ulises","@id":"https:\/\/www.celttv.com.ar\/#\/schema\/person\/6d99c072dba59953809c81446e9d0ace"},"headline":"7D &#8211; ENCUENTRO EN AZUL &#8220;LA LEY NOS PERMITE ROMPER CON LA ENCRUCIJADA DE LOS MULTIMEDIOS&#8221; Conceptos del coordinador de Usina de Medios Nahum Mirad","datePublished":"2012-12-05T20:25:46+00:00","dateModified":"2012-12-05T20:25:46+00:00","mainEntityOfPage":{"@id":"https:\/\/www.celttv.com.ar\/index.php\/2012\/12\/05\/7d-encuentro-en-azul-la-ley-nos-permite-romper-con-la-encrucijada-de-los-multimedios-conceptos-del-coordinador-de-usina-de-medios-nahum-mirad\/"},"wordCount":354,"publisher":{"@id":"https:\/\/www.celttv.com.ar\/#organization"},"articleSection":["Comunidad","Destacadas"],"inLanguage":"es"},{"@type":"WebPage","@id":"https:\/\/www.celttv.com.ar\/index.php\/2012\/12\/05\/7d-encuentro-en-azul-la-ley-nos-permite-romper-con-la-encrucijada-de-los-multimedios-conceptos-del-coordinador-de-usina-de-medios-nahum-mirad\/","url":"https:\/\/www.celttv.com.ar\/index.php\/2012\/12\/05\/7d-encuentro-en-azul-la-ley-nos-permite-romper-con-la-encrucijada-de-los-multimedios-conceptos-del-coordinador-de-usina-de-medios-nahum-mirad\/","name":"7D - ENCUENTRO EN AZUL \"LA LEY NOS PERMITE ROMPER CON LA ENCRUCIJADA DE LOS MULTIMEDIOS\" Conceptos del coordinador de Usina de Medios Nahum Mirad - CELTTV","isPartOf":{"@id":"https:\/\/www.celttv.com.ar\/#website"},"datePublished":"2012-12-05T20:25:46+00:00","dateModified":"2012-12-05T20:25:46+00:00","description":"Sitio web de noticias de la localidad de Tornquist, provincia de Buenos Aires, Rep\u00fablica Argentina. Contenido propio originado por periodistas de CELTTV, el canal de TV local de la Cooperativa El\u00e9ctrica de Tornquist. Turismo, Pol\u00edtica, Sociedad, Deporte, Cultura y todo el contenido de inter\u00e9s general que la gente del pueblo y la regi\u00f3n debe conocer.","breadcrumb":{"@id":"https:\/\/www.celttv.com.ar\/index.php\/2012\/12\/05\/7d-encuentro-en-azul-la-ley-nos-permite-romper-con-la-encrucijada-de-los-multimedios-conceptos-del-coordinador-de-usina-de-medios-nahum-mirad\/#breadcrumb"},"inLanguage":"es","potentialAction":[{"@type":"ReadAction","target":["https:\/\/www.celttv.com.ar\/index.php\/2012\/12\/05\/7d-encuentro-en-azul-la-ley-nos-permite-romper-con-la-encrucijada-de-los-multimedios-conceptos-del-coordinador-de-usina-de-medios-nahum-mirad\/"]}]},{"@type":"BreadcrumbList","@id":"https:\/\/www.celttv.com.ar\/index.php\/2012\/12\/05\/7d-encuentro-en-azul-la-ley-nos-permite-romper-con-la-encrucijada-de-los-multimedios-conceptos-del-coordinador-de-usina-de-medios-nahum-mirad\/#breadcrumb","itemListElement":[{"@type":"ListItem","position":1,"name":"Inicio","item":"https:\/\/www.celttv.com.ar\/"},{"@type":"ListItem","position":2,"name":"7D &#8211; ENCUENTRO EN AZUL &#8220;LA LEY NOS PERMITE ROMPER CON LA ENCRUCIJADA DE LOS MULTIMEDIOS&#8221; Conceptos del coordinador de Usina de Medios Nahum Mirad"}]},{"@type":"WebSite","@id":"https:\/\/www.celttv.com.ar\/#website","url":"https:\/\/www.celttv.com.ar\/","name":"CELTTV","description":"Cooperativa El\u00e9ctrica de Tornquist","publisher":{"@id":"https:\/\/www.celttv.com.ar\/#organization"},"potentialAction":[{"@type":"SearchAction","target":{"@type":"EntryPoint","urlTemplate":"https:\/\/www.celttv.com.ar\/?s={search_term_string}"},"query-input":"required name=search_term_string"}],"inLanguage":"es"},{"@type":"Organization","@id":"https:\/\/www.celttv.com.ar\/#organization","name":"CELTTV","url":"https:\/\/www.celttv.com.ar\/","sameAs":["https:\/\/www.youtube.com\/channel\/UCz_oIt8Hig64Ub-EmcNPIhg","https:\/\/www.facebook.com\/celtTV\/"],"logo":{"@type":"ImageObject","inLanguage":"es","@id":"https:\/\/www.celttv.com.ar\/#\/schema\/logo\/image\/","url":"http:\/\/www.celttv.com.ar\/wp-content\/uploads\/2022\/08\/logo-1.png","contentUrl":"http:\/\/www.celttv.com.ar\/wp-content\/uploads\/2022\/08\/logo-1.png","width":461,"height":159,"caption":"CELTTV"},"image":{"@id":"https:\/\/www.celttv.com.ar\/#\/schema\/logo\/image\/"}},{"@type":"Person","@id":"https:\/\/www.celttv.com.ar\/#\/schema\/person\/6d99c072dba59953809c81446e9d0ace","name":"ulises","image":{"@type":"ImageObject","inLanguage":"es","@id":"https:\/\/www.celttv.com.ar\/#\/schema\/person\/image\/","url":"https:\/\/secure.gravatar.com\/avatar\/7f2c48bdc33b30088f941fb6082e555f2874c98e20cb159d7b92b50eadfce793?s=96&d=mm&r=g","contentUrl":"https:\/\/secure.gravatar.com\/avatar\/7f2c48bdc33b30088f941fb6082e555f2874c98e20cb159d7b92b50eadfce793?s=96&d=mm&r=g","caption":"ulises"},"sameAs":["http:\/\/www.celttv.com.ar"]}]}},"_links":{"self":[{"href":"https:\/\/www.celttv.com.ar\/index.php\/wp-json\/wp\/v2\/posts\/9251","targetHints":{"allow":["GET"]}}],"collection":[{"href":"https:\/\/www.celttv.com.ar\/index.php\/wp-json\/wp\/v2\/posts"}],"about":[{"href":"https:\/\/www.celttv.com.ar\/index.php\/wp-json\/wp\/v2\/types\/post"}],"author":[{"embeddable":true,"href":"https:\/\/www.celttv.com.ar\/index.php\/wp-json\/wp\/v2\/users\/1"}],"replies":[{"embeddable":true,"href":"https:\/\/www.celttv.com.ar\/index.php\/wp-json\/wp\/v2\/comments?post=9251"}],"version-history":[{"count":0,"href":"https:\/\/www.celttv.com.ar\/index.php\/wp-json\/wp\/v2\/posts\/9251\/revisions"}],"wp:attachment":[{"href":"https:\/\/www.celttv.com.ar\/index.php\/wp-json\/wp\/v2\/media?parent=9251"}],"wp:term":[{"taxonomy":"category","embeddable":true,"href":"https:\/\/www.celttv.com.ar\/index.php\/wp-json\/wp\/v2\/categories?post=9251"},{"taxonomy":"post_tag","embeddable":true,"href":"https:\/\/www.celttv.com.ar\/index.php\/wp-json\/wp\/v2\/tags?post=9251"}],"curies":[{"name":"wp","href":"https:\/\/api.w.org\/{rel}","templated":true}]}}