{"id":9264,"date":"2012-12-05T18:42:25","date_gmt":"2012-12-05T18:42:25","guid":{"rendered":"http:\/\/www.tvcnoticias.com.ar\/?p=9264"},"modified":"2012-12-05T18:42:25","modified_gmt":"2012-12-05T18:42:25","slug":"hcd-primeros-pasos-para-la-conformacion-del-consejo-de-promocion-y-proteccion-de-los-derechos-humanos","status":"publish","type":"post","link":"https:\/\/www.celttv.com.ar\/index.php\/2012\/12\/05\/hcd-primeros-pasos-para-la-conformacion-del-consejo-de-promocion-y-proteccion-de-los-derechos-humanos\/","title":{"rendered":"HCD.: PRIMEROS PASOS PARA LA CONFORMACION DEL CONSEJO DE PROMOCION Y PROTECCION DE LOS DERECHOS HUMANOS"},"content":{"rendered":"<p><br \/>\nAlrededor de las 20 hs.\u00a0del pasado 4 de diciembre\u00a0y con la concurrencia de un gran n\u00famero de personas, dio inicio la reuni\u00f3n en la que se establecer\u00e1n los lineamientos para la conformaci\u00f3n y puesta en marcha del Consejo de Promoci\u00f3n y Protecci\u00f3n de los Derechos y Deberes Humanos, en respuesta a la Resoluci\u00f3n N\u00ba 14\/11 de este Honorable Cuerpo, en la que se declara al Distrito de Tornquist como Distrito PRO VIDA.<br \/>\nEl Concejal Horacio Buitrago al hacer la presentaci\u00f3n del objetivo de esta convocatoria ante los concurrentes, hace menci\u00f3n a la importancia de conformar un Consejo en donde se puedan abordar los temas relacionados a la vida desde su concepci\u00f3n, y en donde se puedan trabajar y dar respuestas \u00a0entre otras cosas a cuestiones como los flagelos que hoy padece la sociedad, alcohol, droga, abandono de personas, etc.<br \/>\nLos presentes coincidieron en la gran cantidad de temas que abarca esta resoluci\u00f3n, y la importancia de aportar su parecer desde el lugar que cada uno ocupa en la sociedad. Este Consejo funcionar\u00eda como soporte de las instituciones que ya est\u00e1n trabajando con pol\u00edticas en pro de la vida, as\u00ed como tambi\u00e9n de nexo entre los consejos que se deber\u00e1n formar en cada localidad seg\u00fan establece la resoluci\u00f3n en uno de sus articulados.<br \/>\nSe propuso como inicio de la actividad del mismo, que cada instituci\u00f3n de las presentes, y las que se quieran sumar, as\u00ed como tambi\u00e9n alg\u00fan particular interesado en el tema realice un diagn\u00f3stico de la situaci\u00f3n particular desde las edades en las que trabaja, a trav\u00e9s del llenado de una planilla muy simple, donde se pueda expresar el nombre de la instituci\u00f3n, la actividad que realiza, las edades que abarca dicha actividad, y el diagn\u00f3stico que presenta, es decir, la situaci\u00f3n real que vive y cuales son las problem\u00e1ticas que debe enfrentar.<br \/>\nOtra propuesta planteada para una mejor organizaci\u00f3n, es que en cada instituci\u00f3n con inter\u00e9s de participar de este Consejo se designe un titular y un suplente para asistir a las reuniones, con la salvedad de saber que es un espacio abierto a cualquier persona con inter\u00e9s de participar.<br \/>\nEl pr\u00f3ximo paso a seguir es el de enviar desde el Concejo Deliberante a\u00a0 las instituciones la planilla para que comiencen a trabajar en el diagn\u00f3stico que hacen de las mismas, y una vez recepcionadas desde el Concejo realizar una nueva convocatoria.<br \/>\nPor cualquier consulta o si alguna instituci\u00f3n o persona particular quiere que se le haga llegar la planilla para completar, puede dirigirse al tel\u00e9fono 4941075 Interno 122 o 133 del Honorable Concejo Deliberante de Tornquist. Tambi\u00e9n podr\u00e1 ponerse en contacto con la casilla de correo concejotornquist@hotmail.com.<br \/>\nPrensa\u00a0 HCD<\/p>\n","protected":false},"excerpt":{"rendered":"<p>Alrededor de las 20 hs.\u00a0del pasado 4 de diciembre\u00a0y con la concurrencia de un gran n\u00famero de personas, dio inicio la reuni\u00f3n en la que se establecer\u00e1n los lineamientos para la conformaci\u00f3n y puesta en marcha del Consejo de Promoci\u00f3n y Protecci\u00f3n de los Derechos y Deberes Humanos, en respuesta a la Resoluci\u00f3n N\u00ba 14\/11 [&hellip;]<\/p>\n","protected":false},"author":1,"featured_media":0,"comment_status":"closed","ping_status":"open","sticky":false,"template":"","format":"standard","meta":{"footnotes":""},"categories":[51,52,53],"tags":[],"class_list":["post-9264","post","type-post","status-publish","format-standard","hentry","category-comunidad","category-destacadas","category-politica"],"yoast_head":"<!-- This site is optimized with the Yoast SEO plugin v19.7.1 - https:\/\/yoast.com\/wordpress\/plugins\/seo\/ -->\n<title>HCD.: PRIMEROS PASOS PARA LA CONFORMACION DEL CONSEJO DE PROMOCION Y PROTECCION DE LOS DERECHOS HUMANOS - CELTTV<\/title>\n<meta name=\"description\" content=\"Sitio web de noticias de la localidad de Tornquist, provincia de Buenos Aires, Rep\u00fablica Argentina. Contenido propio originado por periodistas de CELTTV, el canal de TV local de la Cooperativa El\u00e9ctrica de Tornquist. Turismo, Pol\u00edtica, Sociedad, Deporte, Cultura y todo el contenido de inter\u00e9s general que la gente del pueblo y la regi\u00f3n debe conocer.\" \/>\n<meta name=\"robots\" content=\"index, follow, max-snippet:-1, max-image-preview:large, max-video-preview:-1\" \/>\n<link rel=\"canonical\" href=\"https:\/\/www.celttv.com.ar\/index.php\/2012\/12\/05\/hcd-primeros-pasos-para-la-conformacion-del-consejo-de-promocion-y-proteccion-de-los-derechos-humanos\/\" \/>\n<meta property=\"og:locale\" content=\"es_ES\" \/>\n<meta property=\"og:type\" content=\"article\" \/>\n<meta property=\"og:title\" content=\"HCD.: PRIMEROS PASOS PARA LA CONFORMACION DEL CONSEJO DE PROMOCION Y PROTECCION DE LOS DERECHOS HUMANOS - CELTTV\" \/>\n<meta property=\"og:description\" content=\"Sitio web de noticias de la localidad de Tornquist, provincia de Buenos Aires, Rep\u00fablica Argentina. Contenido propio originado por periodistas de CELTTV, el canal de TV local de la Cooperativa El\u00e9ctrica de Tornquist. Turismo, Pol\u00edtica, Sociedad, Deporte, Cultura y todo el contenido de inter\u00e9s general que la gente del pueblo y la regi\u00f3n debe conocer.\" \/>\n<meta property=\"og:url\" content=\"https:\/\/www.celttv.com.ar\/index.php\/2012\/12\/05\/hcd-primeros-pasos-para-la-conformacion-del-consejo-de-promocion-y-proteccion-de-los-derechos-humanos\/\" \/>\n<meta property=\"og:site_name\" content=\"CELTTV\" \/>\n<meta property=\"article:publisher\" content=\"https:\/\/www.facebook.com\/celtTV\/\" \/>\n<meta property=\"article:published_time\" content=\"2012-12-05T18:42:25+00:00\" \/>\n<meta name=\"author\" content=\"ulises\" \/>\n<meta name=\"twitter:card\" content=\"summary_large_image\" \/>\n<meta name=\"twitter:label1\" content=\"Escrito por\" \/>\n\t<meta name=\"twitter:data1\" content=\"ulises\" \/>\n\t<meta name=\"twitter:label2\" content=\"Tiempo de lectura\" \/>\n\t<meta name=\"twitter:data2\" content=\"2 minutos\" \/>\n<script type=\"application\/ld+json\" class=\"yoast-schema-graph\">{\"@context\":\"https:\/\/schema.org\",\"@graph\":[{\"@type\":\"NewsArticle\",\"@id\":\"https:\/\/www.celttv.com.ar\/index.php\/2012\/12\/05\/hcd-primeros-pasos-para-la-conformacion-del-consejo-de-promocion-y-proteccion-de-los-derechos-humanos\/#article\",\"isPartOf\":{\"@id\":\"https:\/\/www.celttv.com.ar\/index.php\/2012\/12\/05\/hcd-primeros-pasos-para-la-conformacion-del-consejo-de-promocion-y-proteccion-de-los-derechos-humanos\/\"},\"author\":{\"name\":\"ulises\",\"@id\":\"https:\/\/www.celttv.com.ar\/#\/schema\/person\/6d99c072dba59953809c81446e9d0ace\"},\"headline\":\"HCD.: PRIMEROS PASOS PARA LA CONFORMACION DEL CONSEJO DE PROMOCION Y PROTECCION DE LOS DERECHOS HUMANOS\",\"datePublished\":\"2012-12-05T18:42:25+00:00\",\"dateModified\":\"2012-12-05T18:42:25+00:00\",\"mainEntityOfPage\":{\"@id\":\"https:\/\/www.celttv.com.ar\/index.php\/2012\/12\/05\/hcd-primeros-pasos-para-la-conformacion-del-consejo-de-promocion-y-proteccion-de-los-derechos-humanos\/\"},\"wordCount\":497,\"publisher\":{\"@id\":\"https:\/\/www.celttv.com.ar\/#organization\"},\"articleSection\":[\"Comunidad\",\"Destacadas\",\"Pol\u00edtica\"],\"inLanguage\":\"es\"},{\"@type\":\"WebPage\",\"@id\":\"https:\/\/www.celttv.com.ar\/index.php\/2012\/12\/05\/hcd-primeros-pasos-para-la-conformacion-del-consejo-de-promocion-y-proteccion-de-los-derechos-humanos\/\",\"url\":\"https:\/\/www.celttv.com.ar\/index.php\/2012\/12\/05\/hcd-primeros-pasos-para-la-conformacion-del-consejo-de-promocion-y-proteccion-de-los-derechos-humanos\/\",\"name\":\"HCD.: PRIMEROS PASOS PARA LA CONFORMACION DEL CONSEJO DE PROMOCION Y PROTECCION DE LOS DERECHOS HUMANOS - CELTTV\",\"isPartOf\":{\"@id\":\"https:\/\/www.celttv.com.ar\/#website\"},\"datePublished\":\"2012-12-05T18:42:25+00:00\",\"dateModified\":\"2012-12-05T18:42:25+00:00\",\"description\":\"Sitio web de noticias de la localidad de Tornquist, provincia de Buenos Aires, Rep\u00fablica Argentina. Contenido propio originado por periodistas de CELTTV, el canal de TV local de la Cooperativa El\u00e9ctrica de Tornquist. Turismo, Pol\u00edtica, Sociedad, Deporte, Cultura y todo el contenido de inter\u00e9s general que la gente del pueblo y la regi\u00f3n debe conocer.\",\"breadcrumb\":{\"@id\":\"https:\/\/www.celttv.com.ar\/index.php\/2012\/12\/05\/hcd-primeros-pasos-para-la-conformacion-del-consejo-de-promocion-y-proteccion-de-los-derechos-humanos\/#breadcrumb\"},\"inLanguage\":\"es\",\"potentialAction\":[{\"@type\":\"ReadAction\",\"target\":[\"https:\/\/www.celttv.com.ar\/index.php\/2012\/12\/05\/hcd-primeros-pasos-para-la-conformacion-del-consejo-de-promocion-y-proteccion-de-los-derechos-humanos\/\"]}]},{\"@type\":\"BreadcrumbList\",\"@id\":\"https:\/\/www.celttv.com.ar\/index.php\/2012\/12\/05\/hcd-primeros-pasos-para-la-conformacion-del-consejo-de-promocion-y-proteccion-de-los-derechos-humanos\/#breadcrumb\",\"itemListElement\":[{\"@type\":\"ListItem\",\"position\":1,\"name\":\"Inicio\",\"item\":\"https:\/\/www.celttv.com.ar\/\"},{\"@type\":\"ListItem\",\"position\":2,\"name\":\"HCD.: PRIMEROS PASOS PARA LA CONFORMACION DEL CONSEJO DE PROMOCION Y PROTECCION DE LOS DERECHOS HUMANOS\"}]},{\"@type\":\"WebSite\",\"@id\":\"https:\/\/www.celttv.com.ar\/#website\",\"url\":\"https:\/\/www.celttv.com.ar\/\",\"name\":\"CELTTV\",\"description\":\"Cooperativa El\u00e9ctrica de Tornquist\",\"publisher\":{\"@id\":\"https:\/\/www.celttv.com.ar\/#organization\"},\"potentialAction\":[{\"@type\":\"SearchAction\",\"target\":{\"@type\":\"EntryPoint\",\"urlTemplate\":\"https:\/\/www.celttv.com.ar\/?s={search_term_string}\"},\"query-input\":\"required name=search_term_string\"}],\"inLanguage\":\"es\"},{\"@type\":\"Organization\",\"@id\":\"https:\/\/www.celttv.com.ar\/#organization\",\"name\":\"CELTTV\",\"url\":\"https:\/\/www.celttv.com.ar\/\",\"sameAs\":[\"https:\/\/www.youtube.com\/channel\/UCz_oIt8Hig64Ub-EmcNPIhg\",\"https:\/\/www.facebook.com\/celtTV\/\"],\"logo\":{\"@type\":\"ImageObject\",\"inLanguage\":\"es\",\"@id\":\"https:\/\/www.celttv.com.ar\/#\/schema\/logo\/image\/\",\"url\":\"http:\/\/www.celttv.com.ar\/wp-content\/uploads\/2022\/08\/logo-1.png\",\"contentUrl\":\"http:\/\/www.celttv.com.ar\/wp-content\/uploads\/2022\/08\/logo-1.png\",\"width\":461,\"height\":159,\"caption\":\"CELTTV\"},\"image\":{\"@id\":\"https:\/\/www.celttv.com.ar\/#\/schema\/logo\/image\/\"}},{\"@type\":\"Person\",\"@id\":\"https:\/\/www.celttv.com.ar\/#\/schema\/person\/6d99c072dba59953809c81446e9d0ace\",\"name\":\"ulises\",\"image\":{\"@type\":\"ImageObject\",\"inLanguage\":\"es\",\"@id\":\"https:\/\/www.celttv.com.ar\/#\/schema\/person\/image\/\",\"url\":\"https:\/\/secure.gravatar.com\/avatar\/7f2c48bdc33b30088f941fb6082e555f2874c98e20cb159d7b92b50eadfce793?s=96&d=mm&r=g\",\"contentUrl\":\"https:\/\/secure.gravatar.com\/avatar\/7f2c48bdc33b30088f941fb6082e555f2874c98e20cb159d7b92b50eadfce793?s=96&d=mm&r=g\",\"caption\":\"ulises\"},\"sameAs\":[\"http:\/\/www.celttv.com.ar\"]}]}<\/script>\n<!-- \/ Yoast SEO plugin. -->","yoast_head_json":{"title":"HCD.: PRIMEROS PASOS PARA LA CONFORMACION DEL CONSEJO DE PROMOCION Y PROTECCION DE LOS DERECHOS HUMANOS - CELTTV","description":"Sitio web de noticias de la localidad de Tornquist, provincia de Buenos Aires, Rep\u00fablica Argentina. Contenido propio originado por periodistas de CELTTV, el canal de TV local de la Cooperativa El\u00e9ctrica de Tornquist. Turismo, Pol\u00edtica, Sociedad, Deporte, Cultura y todo el contenido de inter\u00e9s general que la gente del pueblo y la regi\u00f3n debe conocer.","robots":{"index":"index","follow":"follow","max-snippet":"max-snippet:-1","max-image-preview":"max-image-preview:large","max-video-preview":"max-video-preview:-1"},"canonical":"https:\/\/www.celttv.com.ar\/index.php\/2012\/12\/05\/hcd-primeros-pasos-para-la-conformacion-del-consejo-de-promocion-y-proteccion-de-los-derechos-humanos\/","og_locale":"es_ES","og_type":"article","og_title":"HCD.: PRIMEROS PASOS PARA LA CONFORMACION DEL CONSEJO DE PROMOCION Y PROTECCION DE LOS DERECHOS HUMANOS - CELTTV","og_description":"Sitio web de noticias de la localidad de Tornquist, provincia de Buenos Aires, Rep\u00fablica Argentina. Contenido propio originado por periodistas de CELTTV, el canal de TV local de la Cooperativa El\u00e9ctrica de Tornquist. Turismo, Pol\u00edtica, Sociedad, Deporte, Cultura y todo el contenido de inter\u00e9s general que la gente del pueblo y la regi\u00f3n debe conocer.","og_url":"https:\/\/www.celttv.com.ar\/index.php\/2012\/12\/05\/hcd-primeros-pasos-para-la-conformacion-del-consejo-de-promocion-y-proteccion-de-los-derechos-humanos\/","og_site_name":"CELTTV","article_publisher":"https:\/\/www.facebook.com\/celtTV\/","article_published_time":"2012-12-05T18:42:25+00:00","author":"ulises","twitter_card":"summary_large_image","twitter_misc":{"Escrito por":"ulises","Tiempo de lectura":"2 minutos"},"schema":{"@context":"https:\/\/schema.org","@graph":[{"@type":"NewsArticle","@id":"https:\/\/www.celttv.com.ar\/index.php\/2012\/12\/05\/hcd-primeros-pasos-para-la-conformacion-del-consejo-de-promocion-y-proteccion-de-los-derechos-humanos\/#article","isPartOf":{"@id":"https:\/\/www.celttv.com.ar\/index.php\/2012\/12\/05\/hcd-primeros-pasos-para-la-conformacion-del-consejo-de-promocion-y-proteccion-de-los-derechos-humanos\/"},"author":{"name":"ulises","@id":"https:\/\/www.celttv.com.ar\/#\/schema\/person\/6d99c072dba59953809c81446e9d0ace"},"headline":"HCD.: PRIMEROS PASOS PARA LA CONFORMACION DEL CONSEJO DE PROMOCION Y PROTECCION DE LOS DERECHOS HUMANOS","datePublished":"2012-12-05T18:42:25+00:00","dateModified":"2012-12-05T18:42:25+00:00","mainEntityOfPage":{"@id":"https:\/\/www.celttv.com.ar\/index.php\/2012\/12\/05\/hcd-primeros-pasos-para-la-conformacion-del-consejo-de-promocion-y-proteccion-de-los-derechos-humanos\/"},"wordCount":497,"publisher":{"@id":"https:\/\/www.celttv.com.ar\/#organization"},"articleSection":["Comunidad","Destacadas","Pol\u00edtica"],"inLanguage":"es"},{"@type":"WebPage","@id":"https:\/\/www.celttv.com.ar\/index.php\/2012\/12\/05\/hcd-primeros-pasos-para-la-conformacion-del-consejo-de-promocion-y-proteccion-de-los-derechos-humanos\/","url":"https:\/\/www.celttv.com.ar\/index.php\/2012\/12\/05\/hcd-primeros-pasos-para-la-conformacion-del-consejo-de-promocion-y-proteccion-de-los-derechos-humanos\/","name":"HCD.: PRIMEROS PASOS PARA LA CONFORMACION DEL CONSEJO DE PROMOCION Y PROTECCION DE LOS DERECHOS HUMANOS - CELTTV","isPartOf":{"@id":"https:\/\/www.celttv.com.ar\/#website"},"datePublished":"2012-12-05T18:42:25+00:00","dateModified":"2012-12-05T18:42:25+00:00","description":"Sitio web de noticias de la localidad de Tornquist, provincia de Buenos Aires, Rep\u00fablica Argentina. Contenido propio originado por periodistas de CELTTV, el canal de TV local de la Cooperativa El\u00e9ctrica de Tornquist. Turismo, Pol\u00edtica, Sociedad, Deporte, Cultura y todo el contenido de inter\u00e9s general que la gente del pueblo y la regi\u00f3n debe conocer.","breadcrumb":{"@id":"https:\/\/www.celttv.com.ar\/index.php\/2012\/12\/05\/hcd-primeros-pasos-para-la-conformacion-del-consejo-de-promocion-y-proteccion-de-los-derechos-humanos\/#breadcrumb"},"inLanguage":"es","potentialAction":[{"@type":"ReadAction","target":["https:\/\/www.celttv.com.ar\/index.php\/2012\/12\/05\/hcd-primeros-pasos-para-la-conformacion-del-consejo-de-promocion-y-proteccion-de-los-derechos-humanos\/"]}]},{"@type":"BreadcrumbList","@id":"https:\/\/www.celttv.com.ar\/index.php\/2012\/12\/05\/hcd-primeros-pasos-para-la-conformacion-del-consejo-de-promocion-y-proteccion-de-los-derechos-humanos\/#breadcrumb","itemListElement":[{"@type":"ListItem","position":1,"name":"Inicio","item":"https:\/\/www.celttv.com.ar\/"},{"@type":"ListItem","position":2,"name":"HCD.: PRIMEROS PASOS PARA LA CONFORMACION DEL CONSEJO DE PROMOCION Y PROTECCION DE LOS DERECHOS HUMANOS"}]},{"@type":"WebSite","@id":"https:\/\/www.celttv.com.ar\/#website","url":"https:\/\/www.celttv.com.ar\/","name":"CELTTV","description":"Cooperativa El\u00e9ctrica de Tornquist","publisher":{"@id":"https:\/\/www.celttv.com.ar\/#organization"},"potentialAction":[{"@type":"SearchAction","target":{"@type":"EntryPoint","urlTemplate":"https:\/\/www.celttv.com.ar\/?s={search_term_string}"},"query-input":"required name=search_term_string"}],"inLanguage":"es"},{"@type":"Organization","@id":"https:\/\/www.celttv.com.ar\/#organization","name":"CELTTV","url":"https:\/\/www.celttv.com.ar\/","sameAs":["https:\/\/www.youtube.com\/channel\/UCz_oIt8Hig64Ub-EmcNPIhg","https:\/\/www.facebook.com\/celtTV\/"],"logo":{"@type":"ImageObject","inLanguage":"es","@id":"https:\/\/www.celttv.com.ar\/#\/schema\/logo\/image\/","url":"http:\/\/www.celttv.com.ar\/wp-content\/uploads\/2022\/08\/logo-1.png","contentUrl":"http:\/\/www.celttv.com.ar\/wp-content\/uploads\/2022\/08\/logo-1.png","width":461,"height":159,"caption":"CELTTV"},"image":{"@id":"https:\/\/www.celttv.com.ar\/#\/schema\/logo\/image\/"}},{"@type":"Person","@id":"https:\/\/www.celttv.com.ar\/#\/schema\/person\/6d99c072dba59953809c81446e9d0ace","name":"ulises","image":{"@type":"ImageObject","inLanguage":"es","@id":"https:\/\/www.celttv.com.ar\/#\/schema\/person\/image\/","url":"https:\/\/secure.gravatar.com\/avatar\/7f2c48bdc33b30088f941fb6082e555f2874c98e20cb159d7b92b50eadfce793?s=96&d=mm&r=g","contentUrl":"https:\/\/secure.gravatar.com\/avatar\/7f2c48bdc33b30088f941fb6082e555f2874c98e20cb159d7b92b50eadfce793?s=96&d=mm&r=g","caption":"ulises"},"sameAs":["http:\/\/www.celttv.com.ar"]}]}},"_links":{"self":[{"href":"https:\/\/www.celttv.com.ar\/index.php\/wp-json\/wp\/v2\/posts\/9264","targetHints":{"allow":["GET"]}}],"collection":[{"href":"https:\/\/www.celttv.com.ar\/index.php\/wp-json\/wp\/v2\/posts"}],"about":[{"href":"https:\/\/www.celttv.com.ar\/index.php\/wp-json\/wp\/v2\/types\/post"}],"author":[{"embeddable":true,"href":"https:\/\/www.celttv.com.ar\/index.php\/wp-json\/wp\/v2\/users\/1"}],"replies":[{"embeddable":true,"href":"https:\/\/www.celttv.com.ar\/index.php\/wp-json\/wp\/v2\/comments?post=9264"}],"version-history":[{"count":0,"href":"https:\/\/www.celttv.com.ar\/index.php\/wp-json\/wp\/v2\/posts\/9264\/revisions"}],"wp:attachment":[{"href":"https:\/\/www.celttv.com.ar\/index.php\/wp-json\/wp\/v2\/media?parent=9264"}],"wp:term":[{"taxonomy":"category","embeddable":true,"href":"https:\/\/www.celttv.com.ar\/index.php\/wp-json\/wp\/v2\/categories?post=9264"},{"taxonomy":"post_tag","embeddable":true,"href":"https:\/\/www.celttv.com.ar\/index.php\/wp-json\/wp\/v2\/tags?post=9264"}],"curies":[{"name":"wp","href":"https:\/\/api.w.org\/{rel}","templated":true}]}}