{"id":93460,"date":"2026-09-04T18:06:40","date_gmt":"2026-09-04T21:06:40","guid":{"rendered":"https:\/\/www.celttv.com.ar\/?p=93460"},"modified":"2026-09-04T18:06:40","modified_gmt":"2026-09-04T21:06:40","slug":"hombres-en-transicion-un-nuevo-espacio-de-acompanamiento-para-hombres-mayores-de-40-anos","status":"publish","type":"post","link":"https:\/\/www.celttv.com.ar\/index.php\/2026\/09\/04\/hombres-en-transicion-un-nuevo-espacio-de-acompanamiento-para-hombres-mayores-de-40-anos\/","title":{"rendered":"Hombres en Transici\u00f3n: un nuevo espacio de acompa\u00f1amiento para hombres mayores de 40 a\u00f1os"},"content":{"rendered":"<p><strong>Hombres en Transici\u00f3n: un nuevo espacio de acompa\u00f1amiento para hombres mayores de 40 a\u00f1os<\/strong><\/p>\n<p>La Secretar\u00eda de Salud pone en marcha \u201cHombres en Transici\u00f3n\u201d, un espacio de encuentro, escucha y reflexi\u00f3n destinado a hombres de 40 a\u00f1os en adelante que est\u00e9n atravesando diferentes momentos de cambio en sus vidas.<\/p>\n<p>La propuesta busca generar un \u00e1mbito seguro, respetuoso y confidencial, donde sea posible compartir experiencias, hablar sobre la masculinidad, transitar duelos y crisis y fortalecer v\u00ednculos y recursos personales a trav\u00e9s del acompa\u00f1amiento entre pares.<\/p>\n<p>Los encuentros ser\u00e1n semanales, con una duraci\u00f3n de 120 minutos, y se desarrollar\u00e1n en un centro comunitario local, bajo una modalidad de grupo de reflexi\u00f3n donde la palabra y la escucha ser\u00e1n las principales herramientas.<\/p>\n<p>La iniciativa est\u00e1 pensada para quienes atraviesan situaciones como separaciones, soledad, jubilaci\u00f3n o cambios familiares y personales, ofreciendo un espacio para transitar estos procesos acompa\u00f1ado.<\/p>\n<p>Para ser parte de este espacio, los interesados deber\u00e1n comunicarse al 291.4701553, o acercarse al Centro Comunitario.<\/p>\n<p><img loading=\"lazy\" decoding=\"async\" class=\"alignnone wp-image-93461 size-large\" src=\"https:\/\/www.celttv.com.ar\/wp-content\/uploads\/2026\/09\/1-HOMBRES-EN-TRANSICION.jpg-819x1024.jpeg\" alt=\"\" width=\"819\" height=\"1024\" srcset=\"https:\/\/www.celttv.com.ar\/wp-content\/uploads\/2026\/09\/1-HOMBRES-EN-TRANSICION.jpg-819x1024.jpeg 819w, https:\/\/www.celttv.com.ar\/wp-content\/uploads\/2026\/09\/1-HOMBRES-EN-TRANSICION.jpg-240x300.jpeg 240w, https:\/\/www.celttv.com.ar\/wp-content\/uploads\/2026\/09\/1-HOMBRES-EN-TRANSICION.jpg-768x960.jpeg 768w, https:\/\/www.celttv.com.ar\/wp-content\/uploads\/2026\/09\/1-HOMBRES-EN-TRANSICION.jpg-750x938.jpeg 750w, https:\/\/www.celttv.com.ar\/wp-content\/uploads\/2026\/09\/1-HOMBRES-EN-TRANSICION.jpg.jpeg 1080w\" sizes=\"auto, (max-width: 819px) 100vw, 819px\" \/> <img loading=\"lazy\" decoding=\"async\" class=\"alignnone wp-image-93462 size-large\" src=\"https:\/\/www.celttv.com.ar\/wp-content\/uploads\/2026\/09\/2-HOMBRES-EN-TRANSICION.jpg-819x1024.jpeg\" alt=\"\" width=\"819\" height=\"1024\" srcset=\"https:\/\/www.celttv.com.ar\/wp-content\/uploads\/2026\/09\/2-HOMBRES-EN-TRANSICION.jpg-819x1024.jpeg 819w, https:\/\/www.celttv.com.ar\/wp-content\/uploads\/2026\/09\/2-HOMBRES-EN-TRANSICION.jpg-240x300.jpeg 240w, https:\/\/www.celttv.com.ar\/wp-content\/uploads\/2026\/09\/2-HOMBRES-EN-TRANSICION.jpg-768x960.jpeg 768w, https:\/\/www.celttv.com.ar\/wp-content\/uploads\/2026\/09\/2-HOMBRES-EN-TRANSICION.jpg-750x938.jpeg 750w, https:\/\/www.celttv.com.ar\/wp-content\/uploads\/2026\/09\/2-HOMBRES-EN-TRANSICION.jpg.jpeg 1080w\" sizes=\"auto, (max-width: 819px) 100vw, 819px\" \/><\/p>\n","protected":false},"excerpt":{"rendered":"<p>Hombres en Transici\u00f3n: un nuevo espacio de acompa\u00f1amiento para hombres mayores de 40 a\u00f1os La Secretar\u00eda de Salud pone en marcha \u201cHombres en Transici\u00f3n\u201d, un espacio de encuentro, escucha y reflexi\u00f3n destinado a hombres de 40 a\u00f1os en adelante que est\u00e9n atravesando diferentes momentos de cambio en sus vidas. La propuesta busca generar un \u00e1mbito [&hellip;]<\/p>\n","protected":false},"author":5,"featured_media":93461,"comment_status":"closed","ping_status":"closed","sticky":false,"template":"","format":"standard","meta":{"footnotes":""},"categories":[59],"tags":[],"class_list":["post-93460","post","type-post","status-publish","format-standard","has-post-thumbnail","hentry","category-municipales"],"yoast_head":"<!-- This site is optimized with the Yoast SEO plugin v19.7.1 - https:\/\/yoast.com\/wordpress\/plugins\/seo\/ -->\n<title>Hombres en Transici\u00f3n: un nuevo espacio de acompa\u00f1amiento para hombres mayores de 40 a\u00f1os - CELTTV<\/title>\n<meta name=\"description\" content=\"Sitio web de noticias de la localidad de Tornquist, provincia de Buenos Aires, Rep\u00fablica Argentina. Contenido propio originado por periodistas de CELTTV, el canal de TV local de la Cooperativa El\u00e9ctrica de Tornquist. Turismo, Pol\u00edtica, Sociedad, Deporte, Cultura y todo el contenido de inter\u00e9s general que la gente del pueblo y la regi\u00f3n debe conocer.\" \/>\n<meta name=\"robots\" content=\"index, follow, max-snippet:-1, max-image-preview:large, max-video-preview:-1\" \/>\n<link rel=\"canonical\" href=\"https:\/\/www.celttv.com.ar\/index.php\/2026\/09\/04\/hombres-en-transicion-un-nuevo-espacio-de-acompanamiento-para-hombres-mayores-de-40-anos\/\" \/>\n<meta property=\"og:locale\" content=\"es_ES\" \/>\n<meta property=\"og:type\" content=\"article\" \/>\n<meta property=\"og:title\" content=\"Hombres en Transici\u00f3n: un nuevo espacio de acompa\u00f1amiento para hombres mayores de 40 a\u00f1os - CELTTV\" \/>\n<meta property=\"og:description\" content=\"Sitio web de noticias de la localidad de Tornquist, provincia de Buenos Aires, Rep\u00fablica Argentina. Contenido propio originado por periodistas de CELTTV, el canal de TV local de la Cooperativa El\u00e9ctrica de Tornquist. Turismo, Pol\u00edtica, Sociedad, Deporte, Cultura y todo el contenido de inter\u00e9s general que la gente del pueblo y la regi\u00f3n debe conocer.\" \/>\n<meta property=\"og:url\" content=\"https:\/\/www.celttv.com.ar\/index.php\/2026\/09\/04\/hombres-en-transicion-un-nuevo-espacio-de-acompanamiento-para-hombres-mayores-de-40-anos\/\" \/>\n<meta property=\"og:site_name\" content=\"CELTTV\" \/>\n<meta property=\"article:publisher\" content=\"https:\/\/www.facebook.com\/celtTV\/\" \/>\n<meta property=\"article:published_time\" content=\"2026-09-04T21:06:40+00:00\" \/>\n<meta property=\"og:image\" content=\"https:\/\/www.celttv.com.ar\/wp-content\/uploads\/2026\/09\/1-HOMBRES-EN-TRANSICION.jpg.jpeg\" \/>\n\t<meta property=\"og:image:width\" content=\"1080\" \/>\n\t<meta property=\"og:image:height\" content=\"1350\" \/>\n\t<meta property=\"og:image:type\" content=\"image\/jpeg\" \/>\n<meta name=\"author\" content=\"Miguel Herrada\" \/>\n<meta name=\"twitter:card\" content=\"summary_large_image\" \/>\n<meta name=\"twitter:label1\" content=\"Escrito por\" \/>\n\t<meta name=\"twitter:data1\" content=\"Miguel Herrada\" \/>\n\t<meta name=\"twitter:label2\" content=\"Tiempo de lectura\" \/>\n\t<meta name=\"twitter:data2\" content=\"1 minuto\" \/>\n<script type=\"application\/ld+json\" class=\"yoast-schema-graph\">{\"@context\":\"https:\/\/schema.org\",\"@graph\":[{\"@type\":\"NewsArticle\",\"@id\":\"https:\/\/www.celttv.com.ar\/index.php\/2026\/09\/04\/hombres-en-transicion-un-nuevo-espacio-de-acompanamiento-para-hombres-mayores-de-40-anos\/#article\",\"isPartOf\":{\"@id\":\"https:\/\/www.celttv.com.ar\/index.php\/2026\/09\/04\/hombres-en-transicion-un-nuevo-espacio-de-acompanamiento-para-hombres-mayores-de-40-anos\/\"},\"author\":{\"name\":\"Miguel Herrada\",\"@id\":\"https:\/\/www.celttv.com.ar\/#\/schema\/person\/9059dc91dc7204ef4182cdb65225f07d\"},\"headline\":\"Hombres en Transici\u00f3n: un nuevo espacio de acompa\u00f1amiento para hombres mayores de 40 a\u00f1os\",\"datePublished\":\"2026-09-04T21:06:40+00:00\",\"dateModified\":\"2026-09-04T21:06:40+00:00\",\"mainEntityOfPage\":{\"@id\":\"https:\/\/www.celttv.com.ar\/index.php\/2026\/09\/04\/hombres-en-transicion-un-nuevo-espacio-de-acompanamiento-para-hombres-mayores-de-40-anos\/\"},\"wordCount\":192,\"publisher\":{\"@id\":\"https:\/\/www.celttv.com.ar\/#organization\"},\"articleSection\":[\"Municipales\"],\"inLanguage\":\"es\"},{\"@type\":\"WebPage\",\"@id\":\"https:\/\/www.celttv.com.ar\/index.php\/2026\/09\/04\/hombres-en-transicion-un-nuevo-espacio-de-acompanamiento-para-hombres-mayores-de-40-anos\/\",\"url\":\"https:\/\/www.celttv.com.ar\/index.php\/2026\/09\/04\/hombres-en-transicion-un-nuevo-espacio-de-acompanamiento-para-hombres-mayores-de-40-anos\/\",\"name\":\"Hombres en Transici\u00f3n: un nuevo espacio de acompa\u00f1amiento para hombres mayores de 40 a\u00f1os - CELTTV\",\"isPartOf\":{\"@id\":\"https:\/\/www.celttv.com.ar\/#website\"},\"datePublished\":\"2026-09-04T21:06:40+00:00\",\"dateModified\":\"2026-09-04T21:06:40+00:00\",\"description\":\"Sitio web de noticias de la localidad de Tornquist, provincia de Buenos Aires, Rep\u00fablica Argentina. Contenido propio originado por periodistas de CELTTV, el canal de TV local de la Cooperativa El\u00e9ctrica de Tornquist. Turismo, Pol\u00edtica, Sociedad, Deporte, Cultura y todo el contenido de inter\u00e9s general que la gente del pueblo y la regi\u00f3n debe conocer.\",\"breadcrumb\":{\"@id\":\"https:\/\/www.celttv.com.ar\/index.php\/2026\/09\/04\/hombres-en-transicion-un-nuevo-espacio-de-acompanamiento-para-hombres-mayores-de-40-anos\/#breadcrumb\"},\"inLanguage\":\"es\",\"potentialAction\":[{\"@type\":\"ReadAction\",\"target\":[\"https:\/\/www.celttv.com.ar\/index.php\/2026\/09\/04\/hombres-en-transicion-un-nuevo-espacio-de-acompanamiento-para-hombres-mayores-de-40-anos\/\"]}]},{\"@type\":\"BreadcrumbList\",\"@id\":\"https:\/\/www.celttv.com.ar\/index.php\/2026\/09\/04\/hombres-en-transicion-un-nuevo-espacio-de-acompanamiento-para-hombres-mayores-de-40-anos\/#breadcrumb\",\"itemListElement\":[{\"@type\":\"ListItem\",\"position\":1,\"name\":\"Inicio\",\"item\":\"https:\/\/www.celttv.com.ar\/\"},{\"@type\":\"ListItem\",\"position\":2,\"name\":\"Hombres en Transici\u00f3n: un nuevo espacio de acompa\u00f1amiento para hombres mayores de 40 a\u00f1os\"}]},{\"@type\":\"WebSite\",\"@id\":\"https:\/\/www.celttv.com.ar\/#website\",\"url\":\"https:\/\/www.celttv.com.ar\/\",\"name\":\"CELTTV\",\"description\":\"Cooperativa El\u00e9ctrica de Tornquist\",\"publisher\":{\"@id\":\"https:\/\/www.celttv.com.ar\/#organization\"},\"potentialAction\":[{\"@type\":\"SearchAction\",\"target\":{\"@type\":\"EntryPoint\",\"urlTemplate\":\"https:\/\/www.celttv.com.ar\/?s={search_term_string}\"},\"query-input\":\"required name=search_term_string\"}],\"inLanguage\":\"es\"},{\"@type\":\"Organization\",\"@id\":\"https:\/\/www.celttv.com.ar\/#organization\",\"name\":\"CELTTV\",\"url\":\"https:\/\/www.celttv.com.ar\/\",\"sameAs\":[\"https:\/\/www.youtube.com\/channel\/UCz_oIt8Hig64Ub-EmcNPIhg\",\"https:\/\/www.facebook.com\/celtTV\/\"],\"logo\":{\"@type\":\"ImageObject\",\"inLanguage\":\"es\",\"@id\":\"https:\/\/www.celttv.com.ar\/#\/schema\/logo\/image\/\",\"url\":\"http:\/\/www.celttv.com.ar\/wp-content\/uploads\/2022\/08\/logo-1.png\",\"contentUrl\":\"http:\/\/www.celttv.com.ar\/wp-content\/uploads\/2022\/08\/logo-1.png\",\"width\":461,\"height\":159,\"caption\":\"CELTTV\"},\"image\":{\"@id\":\"https:\/\/www.celttv.com.ar\/#\/schema\/logo\/image\/\"}},{\"@type\":\"Person\",\"@id\":\"https:\/\/www.celttv.com.ar\/#\/schema\/person\/9059dc91dc7204ef4182cdb65225f07d\",\"name\":\"Miguel Herrada\",\"image\":{\"@type\":\"ImageObject\",\"inLanguage\":\"es\",\"@id\":\"https:\/\/www.celttv.com.ar\/#\/schema\/person\/image\/\",\"url\":\"https:\/\/secure.gravatar.com\/avatar\/67724d5b3c716623ffd76bec7e45841a442ac3b456e914dbba90b0fad2b8e0b1?s=96&d=mm&r=g\",\"contentUrl\":\"https:\/\/secure.gravatar.com\/avatar\/67724d5b3c716623ffd76bec7e45841a442ac3b456e914dbba90b0fad2b8e0b1?s=96&d=mm&r=g\",\"caption\":\"Miguel Herrada\"}}]}<\/script>\n<!-- \/ Yoast SEO plugin. -->","yoast_head_json":{"title":"Hombres en Transici\u00f3n: un nuevo espacio de acompa\u00f1amiento para hombres mayores de 40 a\u00f1os - CELTTV","description":"Sitio web de noticias de la localidad de Tornquist, provincia de Buenos Aires, Rep\u00fablica Argentina. Contenido propio originado por periodistas de CELTTV, el canal de TV local de la Cooperativa El\u00e9ctrica de Tornquist. Turismo, Pol\u00edtica, Sociedad, Deporte, Cultura y todo el contenido de inter\u00e9s general que la gente del pueblo y la regi\u00f3n debe conocer.","robots":{"index":"index","follow":"follow","max-snippet":"max-snippet:-1","max-image-preview":"max-image-preview:large","max-video-preview":"max-video-preview:-1"},"canonical":"https:\/\/www.celttv.com.ar\/index.php\/2026\/09\/04\/hombres-en-transicion-un-nuevo-espacio-de-acompanamiento-para-hombres-mayores-de-40-anos\/","og_locale":"es_ES","og_type":"article","og_title":"Hombres en Transici\u00f3n: un nuevo espacio de acompa\u00f1amiento para hombres mayores de 40 a\u00f1os - CELTTV","og_description":"Sitio web de noticias de la localidad de Tornquist, provincia de Buenos Aires, Rep\u00fablica Argentina. Contenido propio originado por periodistas de CELTTV, el canal de TV local de la Cooperativa El\u00e9ctrica de Tornquist. Turismo, Pol\u00edtica, Sociedad, Deporte, Cultura y todo el contenido de inter\u00e9s general que la gente del pueblo y la regi\u00f3n debe conocer.","og_url":"https:\/\/www.celttv.com.ar\/index.php\/2026\/09\/04\/hombres-en-transicion-un-nuevo-espacio-de-acompanamiento-para-hombres-mayores-de-40-anos\/","og_site_name":"CELTTV","article_publisher":"https:\/\/www.facebook.com\/celtTV\/","article_published_time":"2026-09-04T21:06:40+00:00","og_image":[{"width":1080,"height":1350,"url":"https:\/\/www.celttv.com.ar\/wp-content\/uploads\/2026\/09\/1-HOMBRES-EN-TRANSICION.jpg.jpeg","type":"image\/jpeg"}],"author":"Miguel Herrada","twitter_card":"summary_large_image","twitter_misc":{"Escrito por":"Miguel Herrada","Tiempo de lectura":"1 minuto"},"schema":{"@context":"https:\/\/schema.org","@graph":[{"@type":"NewsArticle","@id":"https:\/\/www.celttv.com.ar\/index.php\/2026\/09\/04\/hombres-en-transicion-un-nuevo-espacio-de-acompanamiento-para-hombres-mayores-de-40-anos\/#article","isPartOf":{"@id":"https:\/\/www.celttv.com.ar\/index.php\/2026\/09\/04\/hombres-en-transicion-un-nuevo-espacio-de-acompanamiento-para-hombres-mayores-de-40-anos\/"},"author":{"name":"Miguel Herrada","@id":"https:\/\/www.celttv.com.ar\/#\/schema\/person\/9059dc91dc7204ef4182cdb65225f07d"},"headline":"Hombres en Transici\u00f3n: un nuevo espacio de acompa\u00f1amiento para hombres mayores de 40 a\u00f1os","datePublished":"2026-09-04T21:06:40+00:00","dateModified":"2026-09-04T21:06:40+00:00","mainEntityOfPage":{"@id":"https:\/\/www.celttv.com.ar\/index.php\/2026\/09\/04\/hombres-en-transicion-un-nuevo-espacio-de-acompanamiento-para-hombres-mayores-de-40-anos\/"},"wordCount":192,"publisher":{"@id":"https:\/\/www.celttv.com.ar\/#organization"},"articleSection":["Municipales"],"inLanguage":"es"},{"@type":"WebPage","@id":"https:\/\/www.celttv.com.ar\/index.php\/2026\/09\/04\/hombres-en-transicion-un-nuevo-espacio-de-acompanamiento-para-hombres-mayores-de-40-anos\/","url":"https:\/\/www.celttv.com.ar\/index.php\/2026\/09\/04\/hombres-en-transicion-un-nuevo-espacio-de-acompanamiento-para-hombres-mayores-de-40-anos\/","name":"Hombres en Transici\u00f3n: un nuevo espacio de acompa\u00f1amiento para hombres mayores de 40 a\u00f1os - CELTTV","isPartOf":{"@id":"https:\/\/www.celttv.com.ar\/#website"},"datePublished":"2026-09-04T21:06:40+00:00","dateModified":"2026-09-04T21:06:40+00:00","description":"Sitio web de noticias de la localidad de Tornquist, provincia de Buenos Aires, Rep\u00fablica Argentina. Contenido propio originado por periodistas de CELTTV, el canal de TV local de la Cooperativa El\u00e9ctrica de Tornquist. Turismo, Pol\u00edtica, Sociedad, Deporte, Cultura y todo el contenido de inter\u00e9s general que la gente del pueblo y la regi\u00f3n debe conocer.","breadcrumb":{"@id":"https:\/\/www.celttv.com.ar\/index.php\/2026\/09\/04\/hombres-en-transicion-un-nuevo-espacio-de-acompanamiento-para-hombres-mayores-de-40-anos\/#breadcrumb"},"inLanguage":"es","potentialAction":[{"@type":"ReadAction","target":["https:\/\/www.celttv.com.ar\/index.php\/2026\/09\/04\/hombres-en-transicion-un-nuevo-espacio-de-acompanamiento-para-hombres-mayores-de-40-anos\/"]}]},{"@type":"BreadcrumbList","@id":"https:\/\/www.celttv.com.ar\/index.php\/2026\/09\/04\/hombres-en-transicion-un-nuevo-espacio-de-acompanamiento-para-hombres-mayores-de-40-anos\/#breadcrumb","itemListElement":[{"@type":"ListItem","position":1,"name":"Inicio","item":"https:\/\/www.celttv.com.ar\/"},{"@type":"ListItem","position":2,"name":"Hombres en Transici\u00f3n: un nuevo espacio de acompa\u00f1amiento para hombres mayores de 40 a\u00f1os"}]},{"@type":"WebSite","@id":"https:\/\/www.celttv.com.ar\/#website","url":"https:\/\/www.celttv.com.ar\/","name":"CELTTV","description":"Cooperativa El\u00e9ctrica de Tornquist","publisher":{"@id":"https:\/\/www.celttv.com.ar\/#organization"},"potentialAction":[{"@type":"SearchAction","target":{"@type":"EntryPoint","urlTemplate":"https:\/\/www.celttv.com.ar\/?s={search_term_string}"},"query-input":"required name=search_term_string"}],"inLanguage":"es"},{"@type":"Organization","@id":"https:\/\/www.celttv.com.ar\/#organization","name":"CELTTV","url":"https:\/\/www.celttv.com.ar\/","sameAs":["https:\/\/www.youtube.com\/channel\/UCz_oIt8Hig64Ub-EmcNPIhg","https:\/\/www.facebook.com\/celtTV\/"],"logo":{"@type":"ImageObject","inLanguage":"es","@id":"https:\/\/www.celttv.com.ar\/#\/schema\/logo\/image\/","url":"http:\/\/www.celttv.com.ar\/wp-content\/uploads\/2022\/08\/logo-1.png","contentUrl":"http:\/\/www.celttv.com.ar\/wp-content\/uploads\/2022\/08\/logo-1.png","width":461,"height":159,"caption":"CELTTV"},"image":{"@id":"https:\/\/www.celttv.com.ar\/#\/schema\/logo\/image\/"}},{"@type":"Person","@id":"https:\/\/www.celttv.com.ar\/#\/schema\/person\/9059dc91dc7204ef4182cdb65225f07d","name":"Miguel Herrada","image":{"@type":"ImageObject","inLanguage":"es","@id":"https:\/\/www.celttv.com.ar\/#\/schema\/person\/image\/","url":"https:\/\/secure.gravatar.com\/avatar\/67724d5b3c716623ffd76bec7e45841a442ac3b456e914dbba90b0fad2b8e0b1?s=96&d=mm&r=g","contentUrl":"https:\/\/secure.gravatar.com\/avatar\/67724d5b3c716623ffd76bec7e45841a442ac3b456e914dbba90b0fad2b8e0b1?s=96&d=mm&r=g","caption":"Miguel Herrada"}}]}},"_links":{"self":[{"href":"https:\/\/www.celttv.com.ar\/index.php\/wp-json\/wp\/v2\/posts\/93460","targetHints":{"allow":["GET"]}}],"collection":[{"href":"https:\/\/www.celttv.com.ar\/index.php\/wp-json\/wp\/v2\/posts"}],"about":[{"href":"https:\/\/www.celttv.com.ar\/index.php\/wp-json\/wp\/v2\/types\/post"}],"author":[{"embeddable":true,"href":"https:\/\/www.celttv.com.ar\/index.php\/wp-json\/wp\/v2\/users\/5"}],"replies":[{"embeddable":true,"href":"https:\/\/www.celttv.com.ar\/index.php\/wp-json\/wp\/v2\/comments?post=93460"}],"version-history":[{"count":1,"href":"https:\/\/www.celttv.com.ar\/index.php\/wp-json\/wp\/v2\/posts\/93460\/revisions"}],"predecessor-version":[{"id":93463,"href":"https:\/\/www.celttv.com.ar\/index.php\/wp-json\/wp\/v2\/posts\/93460\/revisions\/93463"}],"wp:featuredmedia":[{"embeddable":true,"href":"https:\/\/www.celttv.com.ar\/index.php\/wp-json\/wp\/v2\/media\/93461"}],"wp:attachment":[{"href":"https:\/\/www.celttv.com.ar\/index.php\/wp-json\/wp\/v2\/media?parent=93460"}],"wp:term":[{"taxonomy":"category","embeddable":true,"href":"https:\/\/www.celttv.com.ar\/index.php\/wp-json\/wp\/v2\/categories?post=93460"},{"taxonomy":"post_tag","embeddable":true,"href":"https:\/\/www.celttv.com.ar\/index.php\/wp-json\/wp\/v2\/tags?post=93460"}],"curies":[{"name":"wp","href":"https:\/\/api.w.org\/{rel}","templated":true}]}}