{"id":93464,"date":"2026-09-04T20:56:34","date_gmt":"2026-09-04T23:56:34","guid":{"rendered":"https:\/\/www.celttv.com.ar\/?p=93464"},"modified":"2026-09-04T20:56:34","modified_gmt":"2026-09-04T23:56:34","slug":"con-una-gran-convocatoria-se-realizaron-las-30-jornadas-de-lectura-serrana","status":"publish","type":"post","link":"https:\/\/www.celttv.com.ar\/index.php\/2026\/09\/04\/con-una-gran-convocatoria-se-realizaron-las-30-jornadas-de-lectura-serrana\/","title":{"rendered":"Con una gran convocatoria, se realizaron las 30\u00b0 Jornadas de Lectura Serrana"},"content":{"rendered":"<p class=\"isSelectedEnd\">Con una nutrida participaci\u00f3n y un aplaudido espect\u00e1culo que puso de manifiesto el esmerado trabajo de docentes y alumnos, se realiz\u00f3 el pasado jueves el acto inaugural de la <strong>30\u00b0 edici\u00f3n de las Jornadas de Lectura Serrana<\/strong>, organizadas por el <strong>Colegio Nuestra Se\u00f1ora de Luj\u00e1n<\/strong>.<\/p>\n<p class=\"isSelectedEnd\">La apertura tuvo lugar en el SUM <strong>\u201cHna. Marta Allaltuni\u201d<\/strong>, donde autoridades, integrantes de la comunidad educativa, alumnos y familias acompa\u00f1aron el comienzo de una edici\u00f3n especial de este tradicional encuentro que, desde 1996, promueve la lectura, la producci\u00f3n, la resoluci\u00f3n de problemas y el intercambio entre ni\u00f1os, j\u00f3venes, docentes y pares.<\/p>\n<p class=\"isSelectedEnd\">Participaron del acto la intendente municipal <strong>Estefan\u00eda Bordoni<\/strong>, acompa\u00f1ada por integrantes de su gabinete; la presidenta del Honorable Concejo Deliberante, <strong>Carmen Soverchia<\/strong>; la inspectora jefe regional de DIEGEP, profesora <strong>Marcela Gim\u00e9nez<\/strong>; la directora general de los Colegios del Solar, <strong>Isabel Oms<\/strong>; la coordinadora pedag\u00f3gica, <strong>Claudia Aulozzi<\/strong>; y el referente institucional, <strong>Carlos Rieti<\/strong>, entre otras autoridades y miembros de la comunidad educativa.<\/p>\n<p class=\"isSelectedEnd\">Durante la ceremonia hubo palabras de agradecimiento destinadas a la <strong>Municipalidad de Tornquist<\/strong>, la <strong>Subsecretar\u00eda de Cultura<\/strong>, la <strong>Fundaci\u00f3n Banco Provincia<\/strong> y a toda la comunidad educativa por el acompa\u00f1amiento y el generoso aporte realizado para hacer posible una nueva edici\u00f3n de las Jornadas.<\/p>\n<p class=\"isSelectedEnd\">Uno de los anuncios destacados de la jornada estuvo a cargo de la directora general de los Colegios del Solar, <strong>Isabel Oms<\/strong>, quien inform\u00f3 sobre la independizaci\u00f3n del Jard\u00edn de Infantes del establecimiento, que llevar\u00e1 el nombre de <strong>\u201cSan Francisco de As\u00eds\u201d<\/strong>, un paso significativo dentro del crecimiento institucional y educativo de la comunidad.<\/p>\n<h2>\u201cUn territorio donde las palabras cobran vida\u201d<\/h2>\n<p class=\"isSelectedEnd\">Uno de los momentos centrales del acto lleg\u00f3 con la intervenci\u00f3n de la bibliotecaria de la instituci\u00f3n, <strong>Mar\u00eda Jimena Seitz<\/strong>, quien, con palabras cargadas de imaginaci\u00f3n y entusiasmo, invit\u00f3 a los presentes a sumergirse en el universo propuesto por esta nueva edici\u00f3n.<\/p>\n<p class=\"isSelectedEnd\">\u201cHay historias que se buscan en el fondo de un tintero y otras que se despiertan cuando la imaginaci\u00f3n rompe el papel. Hoy las Jornadas de Lectura Serrana vuelven a abrir la puerta a lo inesperado: un territorio donde las palabras cobran vida, los hechizos se salen de control y los personajes caminan entre nosotros\u201d, expres\u00f3.<\/p>\n<p class=\"isSelectedEnd\">\u201cPrep\u00e1rense para ser parte de la creaci\u00f3n, porque hoy la mejor idea no se escribe en una hoja&#8230; se vive\u201d, se\u00f1al\u00f3 la docente, para luego invitar a los presentes a recorrer la muestra y descubrir las m\u00faltiples propuestas preparadas por alumnos y docentes.<\/p>\n<p class=\"isSelectedEnd\">Con esta apertura, el Colegio Nuestra Se\u00f1ora de Luj\u00e1n puso nuevamente en marcha una iniciativa que, a lo largo de <strong>tres d\u00e9cadas<\/strong>, se ha consolidado como uno de los acontecimientos educativos y culturales m\u00e1s significativos de la instituci\u00f3n.<\/p>\n<p>La <strong>30\u00b0 edici\u00f3n de las Jornadas de Lectura Serrana<\/strong> volvi\u00f3 as\u00ed a demostrar que la lectura puede ser mucho m\u00e1s que el encuentro con las p\u00e1ginas de un libro: puede transformarse en un espacio para crear, imaginar, compartir y, como qued\u00f3 expresado en la apertura de esta edici\u00f3n, vivir las historias.<\/p>\n<p><img loading=\"lazy\" decoding=\"async\" class=\"alignnone wp-image-93465 size-large\" src=\"https:\/\/www.celttv.com.ar\/wp-content\/uploads\/2026\/09\/1-1024x683.jpg\" alt=\"\" width=\"1024\" height=\"683\" srcset=\"https:\/\/www.celttv.com.ar\/wp-content\/uploads\/2026\/09\/1-1024x683.jpg 1024w, https:\/\/www.celttv.com.ar\/wp-content\/uploads\/2026\/09\/1-300x200.jpg 300w, https:\/\/www.celttv.com.ar\/wp-content\/uploads\/2026\/09\/1-768x512.jpg 768w, https:\/\/www.celttv.com.ar\/wp-content\/uploads\/2026\/09\/1-750x500.jpg 750w, https:\/\/www.celttv.com.ar\/wp-content\/uploads\/2026\/09\/1-1140x760.jpg 1140w, https:\/\/www.celttv.com.ar\/wp-content\/uploads\/2026\/09\/1.jpg 1152w\" sizes=\"auto, (max-width: 1024px) 100vw, 1024px\" \/> <img loading=\"lazy\" decoding=\"async\" class=\"alignnone wp-image-93467 size-large\" src=\"https:\/\/www.celttv.com.ar\/wp-content\/uploads\/2026\/09\/3-1024x683.jpg\" alt=\"\" width=\"1024\" height=\"683\" srcset=\"https:\/\/www.celttv.com.ar\/wp-content\/uploads\/2026\/09\/3-1024x683.jpg 1024w, https:\/\/www.celttv.com.ar\/wp-content\/uploads\/2026\/09\/3-300x200.jpg 300w, https:\/\/www.celttv.com.ar\/wp-content\/uploads\/2026\/09\/3-768x512.jpg 768w, https:\/\/www.celttv.com.ar\/wp-content\/uploads\/2026\/09\/3-750x500.jpg 750w, https:\/\/www.celttv.com.ar\/wp-content\/uploads\/2026\/09\/3-1140x760.jpg 1140w, https:\/\/www.celttv.com.ar\/wp-content\/uploads\/2026\/09\/3.jpg 1152w\" sizes=\"auto, (max-width: 1024px) 100vw, 1024px\" \/> <img loading=\"lazy\" decoding=\"async\" class=\"alignnone wp-image-93468 size-large\" src=\"https:\/\/www.celttv.com.ar\/wp-content\/uploads\/2026\/09\/4-1024x683.jpg\" alt=\"\" width=\"1024\" height=\"683\" srcset=\"https:\/\/www.celttv.com.ar\/wp-content\/uploads\/2026\/09\/4-1024x683.jpg 1024w, https:\/\/www.celttv.com.ar\/wp-content\/uploads\/2026\/09\/4-300x200.jpg 300w, https:\/\/www.celttv.com.ar\/wp-content\/uploads\/2026\/09\/4-768x512.jpg 768w, https:\/\/www.celttv.com.ar\/wp-content\/uploads\/2026\/09\/4-750x500.jpg 750w, https:\/\/www.celttv.com.ar\/wp-content\/uploads\/2026\/09\/4-1140x760.jpg 1140w, https:\/\/www.celttv.com.ar\/wp-content\/uploads\/2026\/09\/4.jpg 1152w\" sizes=\"auto, (max-width: 1024px) 100vw, 1024px\" \/> <img loading=\"lazy\" decoding=\"async\" class=\"alignnone wp-image-93469 size-large\" src=\"https:\/\/www.celttv.com.ar\/wp-content\/uploads\/2026\/09\/5-1024x683.jpg\" alt=\"\" width=\"1024\" height=\"683\" srcset=\"https:\/\/www.celttv.com.ar\/wp-content\/uploads\/2026\/09\/5-1024x683.jpg 1024w, https:\/\/www.celttv.com.ar\/wp-content\/uploads\/2026\/09\/5-300x200.jpg 300w, https:\/\/www.celttv.com.ar\/wp-content\/uploads\/2026\/09\/5-768x512.jpg 768w, https:\/\/www.celttv.com.ar\/wp-content\/uploads\/2026\/09\/5-750x500.jpg 750w, https:\/\/www.celttv.com.ar\/wp-content\/uploads\/2026\/09\/5-1140x760.jpg 1140w, https:\/\/www.celttv.com.ar\/wp-content\/uploads\/2026\/09\/5.jpg 1152w\" sizes=\"auto, (max-width: 1024px) 100vw, 1024px\" \/> <img loading=\"lazy\" decoding=\"async\" class=\"alignnone wp-image-93470 size-large\" src=\"https:\/\/www.celttv.com.ar\/wp-content\/uploads\/2026\/09\/6-1024x683.jpg\" alt=\"\" width=\"1024\" height=\"683\" srcset=\"https:\/\/www.celttv.com.ar\/wp-content\/uploads\/2026\/09\/6-1024x683.jpg 1024w, https:\/\/www.celttv.com.ar\/wp-content\/uploads\/2026\/09\/6-300x200.jpg 300w, https:\/\/www.celttv.com.ar\/wp-content\/uploads\/2026\/09\/6-768x512.jpg 768w, https:\/\/www.celttv.com.ar\/wp-content\/uploads\/2026\/09\/6-750x500.jpg 750w, https:\/\/www.celttv.com.ar\/wp-content\/uploads\/2026\/09\/6-1140x760.jpg 1140w, https:\/\/www.celttv.com.ar\/wp-content\/uploads\/2026\/09\/6.jpg 1152w\" sizes=\"auto, (max-width: 1024px) 100vw, 1024px\" \/> <img loading=\"lazy\" decoding=\"async\" class=\"alignnone wp-image-93472 size-large\" src=\"https:\/\/www.celttv.com.ar\/wp-content\/uploads\/2026\/09\/8-1024x683.jpg\" alt=\"\" width=\"1024\" height=\"683\" srcset=\"https:\/\/www.celttv.com.ar\/wp-content\/uploads\/2026\/09\/8-1024x683.jpg 1024w, https:\/\/www.celttv.com.ar\/wp-content\/uploads\/2026\/09\/8-300x200.jpg 300w, https:\/\/www.celttv.com.ar\/wp-content\/uploads\/2026\/09\/8-768x512.jpg 768w, https:\/\/www.celttv.com.ar\/wp-content\/uploads\/2026\/09\/8-750x500.jpg 750w, https:\/\/www.celttv.com.ar\/wp-content\/uploads\/2026\/09\/8-1140x760.jpg 1140w, https:\/\/www.celttv.com.ar\/wp-content\/uploads\/2026\/09\/8.jpg 1152w\" sizes=\"auto, (max-width: 1024px) 100vw, 1024px\" \/> <img loading=\"lazy\" decoding=\"async\" class=\"alignnone wp-image-93473 size-large\" src=\"https:\/\/www.celttv.com.ar\/wp-content\/uploads\/2026\/09\/9-1024x683.jpg\" alt=\"\" width=\"1024\" height=\"683\" srcset=\"https:\/\/www.celttv.com.ar\/wp-content\/uploads\/2026\/09\/9-1024x683.jpg 1024w, https:\/\/www.celttv.com.ar\/wp-content\/uploads\/2026\/09\/9-300x200.jpg 300w, https:\/\/www.celttv.com.ar\/wp-content\/uploads\/2026\/09\/9-768x512.jpg 768w, https:\/\/www.celttv.com.ar\/wp-content\/uploads\/2026\/09\/9-750x500.jpg 750w, https:\/\/www.celttv.com.ar\/wp-content\/uploads\/2026\/09\/9-1140x760.jpg 1140w, https:\/\/www.celttv.com.ar\/wp-content\/uploads\/2026\/09\/9.jpg 1152w\" sizes=\"auto, (max-width: 1024px) 100vw, 1024px\" \/> <img loading=\"lazy\" decoding=\"async\" class=\"alignnone wp-image-93475 size-large\" src=\"https:\/\/www.celttv.com.ar\/wp-content\/uploads\/2026\/09\/11-1024x683.jpg\" alt=\"\" width=\"1024\" height=\"683\" srcset=\"https:\/\/www.celttv.com.ar\/wp-content\/uploads\/2026\/09\/11-1024x683.jpg 1024w, https:\/\/www.celttv.com.ar\/wp-content\/uploads\/2026\/09\/11-300x200.jpg 300w, https:\/\/www.celttv.com.ar\/wp-content\/uploads\/2026\/09\/11-768x512.jpg 768w, https:\/\/www.celttv.com.ar\/wp-content\/uploads\/2026\/09\/11-750x500.jpg 750w, https:\/\/www.celttv.com.ar\/wp-content\/uploads\/2026\/09\/11-1140x760.jpg 1140w, https:\/\/www.celttv.com.ar\/wp-content\/uploads\/2026\/09\/11.jpg 1152w\" sizes=\"auto, (max-width: 1024px) 100vw, 1024px\" \/> <img loading=\"lazy\" decoding=\"async\" class=\"alignnone wp-image-93476 size-large\" src=\"https:\/\/www.celttv.com.ar\/wp-content\/uploads\/2026\/09\/12-1024x683.jpg\" alt=\"\" width=\"1024\" height=\"683\" srcset=\"https:\/\/www.celttv.com.ar\/wp-content\/uploads\/2026\/09\/12-1024x683.jpg 1024w, https:\/\/www.celttv.com.ar\/wp-content\/uploads\/2026\/09\/12-300x200.jpg 300w, https:\/\/www.celttv.com.ar\/wp-content\/uploads\/2026\/09\/12-768x512.jpg 768w, https:\/\/www.celttv.com.ar\/wp-content\/uploads\/2026\/09\/12-750x500.jpg 750w, https:\/\/www.celttv.com.ar\/wp-content\/uploads\/2026\/09\/12-1140x760.jpg 1140w, https:\/\/www.celttv.com.ar\/wp-content\/uploads\/2026\/09\/12.jpg 1152w\" sizes=\"auto, (max-width: 1024px) 100vw, 1024px\" \/> <img loading=\"lazy\" decoding=\"async\" class=\"alignnone wp-image-93477 size-large\" src=\"https:\/\/www.celttv.com.ar\/wp-content\/uploads\/2026\/09\/13-1024x683.jpg\" alt=\"\" width=\"1024\" height=\"683\" srcset=\"https:\/\/www.celttv.com.ar\/wp-content\/uploads\/2026\/09\/13-1024x683.jpg 1024w, https:\/\/www.celttv.com.ar\/wp-content\/uploads\/2026\/09\/13-300x200.jpg 300w, https:\/\/www.celttv.com.ar\/wp-content\/uploads\/2026\/09\/13-768x512.jpg 768w, https:\/\/www.celttv.com.ar\/wp-content\/uploads\/2026\/09\/13-750x500.jpg 750w, https:\/\/www.celttv.com.ar\/wp-content\/uploads\/2026\/09\/13-1140x760.jpg 1140w, https:\/\/www.celttv.com.ar\/wp-content\/uploads\/2026\/09\/13.jpg 1152w\" sizes=\"auto, (max-width: 1024px) 100vw, 1024px\" \/> <img loading=\"lazy\" decoding=\"async\" class=\"alignnone wp-image-93478 size-large\" src=\"https:\/\/www.celttv.com.ar\/wp-content\/uploads\/2026\/09\/14-1024x683.jpg\" alt=\"\" width=\"1024\" height=\"683\" srcset=\"https:\/\/www.celttv.com.ar\/wp-content\/uploads\/2026\/09\/14-1024x683.jpg 1024w, https:\/\/www.celttv.com.ar\/wp-content\/uploads\/2026\/09\/14-300x200.jpg 300w, https:\/\/www.celttv.com.ar\/wp-content\/uploads\/2026\/09\/14-768x512.jpg 768w, https:\/\/www.celttv.com.ar\/wp-content\/uploads\/2026\/09\/14-750x500.jpg 750w, https:\/\/www.celttv.com.ar\/wp-content\/uploads\/2026\/09\/14-1140x760.jpg 1140w, https:\/\/www.celttv.com.ar\/wp-content\/uploads\/2026\/09\/14.jpg 1152w\" sizes=\"auto, (max-width: 1024px) 100vw, 1024px\" \/> <img loading=\"lazy\" decoding=\"async\" class=\"alignnone wp-image-93479 size-large\" src=\"https:\/\/www.celttv.com.ar\/wp-content\/uploads\/2026\/09\/15-1024x683.jpg\" alt=\"\" width=\"1024\" height=\"683\" srcset=\"https:\/\/www.celttv.com.ar\/wp-content\/uploads\/2026\/09\/15-1024x683.jpg 1024w, https:\/\/www.celttv.com.ar\/wp-content\/uploads\/2026\/09\/15-300x200.jpg 300w, https:\/\/www.celttv.com.ar\/wp-content\/uploads\/2026\/09\/15-768x512.jpg 768w, https:\/\/www.celttv.com.ar\/wp-content\/uploads\/2026\/09\/15-750x500.jpg 750w, https:\/\/www.celttv.com.ar\/wp-content\/uploads\/2026\/09\/15-1140x760.jpg 1140w, https:\/\/www.celttv.com.ar\/wp-content\/uploads\/2026\/09\/15.jpg 1152w\" sizes=\"auto, (max-width: 1024px) 100vw, 1024px\" \/> <img loading=\"lazy\" decoding=\"async\" class=\"alignnone wp-image-93480 size-full\" src=\"https:\/\/www.celttv.com.ar\/wp-content\/uploads\/2026\/09\/16.jpg\" alt=\"\" width=\"868\" height=\"634\" srcset=\"https:\/\/www.celttv.com.ar\/wp-content\/uploads\/2026\/09\/16.jpg 868w, https:\/\/www.celttv.com.ar\/wp-content\/uploads\/2026\/09\/16-300x219.jpg 300w, https:\/\/www.celttv.com.ar\/wp-content\/uploads\/2026\/09\/16-768x561.jpg 768w, https:\/\/www.celttv.com.ar\/wp-content\/uploads\/2026\/09\/16-750x548.jpg 750w\" sizes=\"auto, (max-width: 868px) 100vw, 868px\" \/><\/p>\n","protected":false},"excerpt":{"rendered":"<p>Con una nutrida participaci\u00f3n y un aplaudido espect\u00e1culo que puso de manifiesto el esmerado trabajo de docentes y alumnos, se realiz\u00f3 el pasado jueves el acto inaugural de la 30\u00b0 edici\u00f3n de las Jornadas de Lectura Serrana, organizadas por el Colegio Nuestra Se\u00f1ora de Luj\u00e1n. La apertura tuvo lugar en el SUM \u201cHna. Marta Allaltuni\u201d, [&hellip;]<\/p>\n","protected":false},"author":5,"featured_media":93476,"comment_status":"closed","ping_status":"closed","sticky":false,"template":"","format":"standard","meta":{"footnotes":""},"categories":[51],"tags":[],"class_list":["post-93464","post","type-post","status-publish","format-standard","has-post-thumbnail","hentry","category-comunidad"],"yoast_head":"<!-- This site is optimized with the Yoast SEO plugin v19.7.1 - https:\/\/yoast.com\/wordpress\/plugins\/seo\/ -->\n<title>Con una gran convocatoria, se realizaron las 30\u00b0 Jornadas de Lectura Serrana - CELTTV<\/title>\n<meta name=\"description\" content=\"Sitio web de noticias de la localidad de Tornquist, provincia de Buenos Aires, Rep\u00fablica Argentina. Contenido propio originado por periodistas de CELTTV, el canal de TV local de la Cooperativa El\u00e9ctrica de Tornquist. Turismo, Pol\u00edtica, Sociedad, Deporte, Cultura y todo el contenido de inter\u00e9s general que la gente del pueblo y la regi\u00f3n debe conocer.\" \/>\n<meta name=\"robots\" content=\"index, follow, max-snippet:-1, max-image-preview:large, max-video-preview:-1\" \/>\n<link rel=\"canonical\" href=\"https:\/\/www.celttv.com.ar\/index.php\/2026\/09\/04\/con-una-gran-convocatoria-se-realizaron-las-30-jornadas-de-lectura-serrana\/\" \/>\n<meta property=\"og:locale\" content=\"es_ES\" \/>\n<meta property=\"og:type\" content=\"article\" \/>\n<meta property=\"og:title\" content=\"Con una gran convocatoria, se realizaron las 30\u00b0 Jornadas de Lectura Serrana - CELTTV\" \/>\n<meta property=\"og:description\" content=\"Sitio web de noticias de la localidad de Tornquist, provincia de Buenos Aires, Rep\u00fablica Argentina. Contenido propio originado por periodistas de CELTTV, el canal de TV local de la Cooperativa El\u00e9ctrica de Tornquist. Turismo, Pol\u00edtica, Sociedad, Deporte, Cultura y todo el contenido de inter\u00e9s general que la gente del pueblo y la regi\u00f3n debe conocer.\" \/>\n<meta property=\"og:url\" content=\"https:\/\/www.celttv.com.ar\/index.php\/2026\/09\/04\/con-una-gran-convocatoria-se-realizaron-las-30-jornadas-de-lectura-serrana\/\" \/>\n<meta property=\"og:site_name\" content=\"CELTTV\" \/>\n<meta property=\"article:publisher\" content=\"https:\/\/www.facebook.com\/celtTV\/\" \/>\n<meta property=\"article:published_time\" content=\"2026-09-04T23:56:34+00:00\" \/>\n<meta property=\"og:image\" content=\"https:\/\/www.celttv.com.ar\/wp-content\/uploads\/2026\/09\/12.jpg\" \/>\n\t<meta property=\"og:image:width\" content=\"1152\" \/>\n\t<meta property=\"og:image:height\" content=\"768\" \/>\n\t<meta property=\"og:image:type\" content=\"image\/jpeg\" \/>\n<meta name=\"author\" content=\"Miguel Herrada\" \/>\n<meta name=\"twitter:card\" content=\"summary_large_image\" \/>\n<meta name=\"twitter:label1\" content=\"Escrito por\" \/>\n\t<meta name=\"twitter:data1\" content=\"Miguel Herrada\" \/>\n\t<meta name=\"twitter:label2\" content=\"Tiempo de lectura\" \/>\n\t<meta name=\"twitter:data2\" content=\"3 minutos\" \/>\n<script type=\"application\/ld+json\" class=\"yoast-schema-graph\">{\"@context\":\"https:\/\/schema.org\",\"@graph\":[{\"@type\":\"NewsArticle\",\"@id\":\"https:\/\/www.celttv.com.ar\/index.php\/2026\/09\/04\/con-una-gran-convocatoria-se-realizaron-las-30-jornadas-de-lectura-serrana\/#article\",\"isPartOf\":{\"@id\":\"https:\/\/www.celttv.com.ar\/index.php\/2026\/09\/04\/con-una-gran-convocatoria-se-realizaron-las-30-jornadas-de-lectura-serrana\/\"},\"author\":{\"name\":\"Miguel Herrada\",\"@id\":\"https:\/\/www.celttv.com.ar\/#\/schema\/person\/9059dc91dc7204ef4182cdb65225f07d\"},\"headline\":\"Con una gran convocatoria, se realizaron las 30\u00b0 Jornadas de Lectura Serrana\",\"datePublished\":\"2026-09-04T23:56:34+00:00\",\"dateModified\":\"2026-09-04T23:56:34+00:00\",\"mainEntityOfPage\":{\"@id\":\"https:\/\/www.celttv.com.ar\/index.php\/2026\/09\/04\/con-una-gran-convocatoria-se-realizaron-las-30-jornadas-de-lectura-serrana\/\"},\"wordCount\":542,\"publisher\":{\"@id\":\"https:\/\/www.celttv.com.ar\/#organization\"},\"articleSection\":[\"Comunidad\"],\"inLanguage\":\"es\"},{\"@type\":\"WebPage\",\"@id\":\"https:\/\/www.celttv.com.ar\/index.php\/2026\/09\/04\/con-una-gran-convocatoria-se-realizaron-las-30-jornadas-de-lectura-serrana\/\",\"url\":\"https:\/\/www.celttv.com.ar\/index.php\/2026\/09\/04\/con-una-gran-convocatoria-se-realizaron-las-30-jornadas-de-lectura-serrana\/\",\"name\":\"Con una gran convocatoria, se realizaron las 30\u00b0 Jornadas de Lectura Serrana - CELTTV\",\"isPartOf\":{\"@id\":\"https:\/\/www.celttv.com.ar\/#website\"},\"datePublished\":\"2026-09-04T23:56:34+00:00\",\"dateModified\":\"2026-09-04T23:56:34+00:00\",\"description\":\"Sitio web de noticias de la localidad de Tornquist, provincia de Buenos Aires, Rep\u00fablica Argentina. Contenido propio originado por periodistas de CELTTV, el canal de TV local de la Cooperativa El\u00e9ctrica de Tornquist. Turismo, Pol\u00edtica, Sociedad, Deporte, Cultura y todo el contenido de inter\u00e9s general que la gente del pueblo y la regi\u00f3n debe conocer.\",\"breadcrumb\":{\"@id\":\"https:\/\/www.celttv.com.ar\/index.php\/2026\/09\/04\/con-una-gran-convocatoria-se-realizaron-las-30-jornadas-de-lectura-serrana\/#breadcrumb\"},\"inLanguage\":\"es\",\"potentialAction\":[{\"@type\":\"ReadAction\",\"target\":[\"https:\/\/www.celttv.com.ar\/index.php\/2026\/09\/04\/con-una-gran-convocatoria-se-realizaron-las-30-jornadas-de-lectura-serrana\/\"]}]},{\"@type\":\"BreadcrumbList\",\"@id\":\"https:\/\/www.celttv.com.ar\/index.php\/2026\/09\/04\/con-una-gran-convocatoria-se-realizaron-las-30-jornadas-de-lectura-serrana\/#breadcrumb\",\"itemListElement\":[{\"@type\":\"ListItem\",\"position\":1,\"name\":\"Inicio\",\"item\":\"https:\/\/www.celttv.com.ar\/\"},{\"@type\":\"ListItem\",\"position\":2,\"name\":\"Con una gran convocatoria, se realizaron las 30\u00b0 Jornadas de Lectura Serrana\"}]},{\"@type\":\"WebSite\",\"@id\":\"https:\/\/www.celttv.com.ar\/#website\",\"url\":\"https:\/\/www.celttv.com.ar\/\",\"name\":\"CELTTV\",\"description\":\"Cooperativa El\u00e9ctrica de Tornquist\",\"publisher\":{\"@id\":\"https:\/\/www.celttv.com.ar\/#organization\"},\"potentialAction\":[{\"@type\":\"SearchAction\",\"target\":{\"@type\":\"EntryPoint\",\"urlTemplate\":\"https:\/\/www.celttv.com.ar\/?s={search_term_string}\"},\"query-input\":\"required name=search_term_string\"}],\"inLanguage\":\"es\"},{\"@type\":\"Organization\",\"@id\":\"https:\/\/www.celttv.com.ar\/#organization\",\"name\":\"CELTTV\",\"url\":\"https:\/\/www.celttv.com.ar\/\",\"sameAs\":[\"https:\/\/www.youtube.com\/channel\/UCz_oIt8Hig64Ub-EmcNPIhg\",\"https:\/\/www.facebook.com\/celtTV\/\"],\"logo\":{\"@type\":\"ImageObject\",\"inLanguage\":\"es\",\"@id\":\"https:\/\/www.celttv.com.ar\/#\/schema\/logo\/image\/\",\"url\":\"http:\/\/www.celttv.com.ar\/wp-content\/uploads\/2022\/08\/logo-1.png\",\"contentUrl\":\"http:\/\/www.celttv.com.ar\/wp-content\/uploads\/2022\/08\/logo-1.png\",\"width\":461,\"height\":159,\"caption\":\"CELTTV\"},\"image\":{\"@id\":\"https:\/\/www.celttv.com.ar\/#\/schema\/logo\/image\/\"}},{\"@type\":\"Person\",\"@id\":\"https:\/\/www.celttv.com.ar\/#\/schema\/person\/9059dc91dc7204ef4182cdb65225f07d\",\"name\":\"Miguel Herrada\",\"image\":{\"@type\":\"ImageObject\",\"inLanguage\":\"es\",\"@id\":\"https:\/\/www.celttv.com.ar\/#\/schema\/person\/image\/\",\"url\":\"https:\/\/secure.gravatar.com\/avatar\/67724d5b3c716623ffd76bec7e45841a442ac3b456e914dbba90b0fad2b8e0b1?s=96&d=mm&r=g\",\"contentUrl\":\"https:\/\/secure.gravatar.com\/avatar\/67724d5b3c716623ffd76bec7e45841a442ac3b456e914dbba90b0fad2b8e0b1?s=96&d=mm&r=g\",\"caption\":\"Miguel Herrada\"}}]}<\/script>\n<!-- \/ Yoast SEO plugin. -->","yoast_head_json":{"title":"Con una gran convocatoria, se realizaron las 30\u00b0 Jornadas de Lectura Serrana - CELTTV","description":"Sitio web de noticias de la localidad de Tornquist, provincia de Buenos Aires, Rep\u00fablica Argentina. Contenido propio originado por periodistas de CELTTV, el canal de TV local de la Cooperativa El\u00e9ctrica de Tornquist. Turismo, Pol\u00edtica, Sociedad, Deporte, Cultura y todo el contenido de inter\u00e9s general que la gente del pueblo y la regi\u00f3n debe conocer.","robots":{"index":"index","follow":"follow","max-snippet":"max-snippet:-1","max-image-preview":"max-image-preview:large","max-video-preview":"max-video-preview:-1"},"canonical":"https:\/\/www.celttv.com.ar\/index.php\/2026\/09\/04\/con-una-gran-convocatoria-se-realizaron-las-30-jornadas-de-lectura-serrana\/","og_locale":"es_ES","og_type":"article","og_title":"Con una gran convocatoria, se realizaron las 30\u00b0 Jornadas de Lectura Serrana - CELTTV","og_description":"Sitio web de noticias de la localidad de Tornquist, provincia de Buenos Aires, Rep\u00fablica Argentina. Contenido propio originado por periodistas de CELTTV, el canal de TV local de la Cooperativa El\u00e9ctrica de Tornquist. Turismo, Pol\u00edtica, Sociedad, Deporte, Cultura y todo el contenido de inter\u00e9s general que la gente del pueblo y la regi\u00f3n debe conocer.","og_url":"https:\/\/www.celttv.com.ar\/index.php\/2026\/09\/04\/con-una-gran-convocatoria-se-realizaron-las-30-jornadas-de-lectura-serrana\/","og_site_name":"CELTTV","article_publisher":"https:\/\/www.facebook.com\/celtTV\/","article_published_time":"2026-09-04T23:56:34+00:00","og_image":[{"width":1152,"height":768,"url":"https:\/\/www.celttv.com.ar\/wp-content\/uploads\/2026\/09\/12.jpg","type":"image\/jpeg"}],"author":"Miguel Herrada","twitter_card":"summary_large_image","twitter_misc":{"Escrito por":"Miguel Herrada","Tiempo de lectura":"3 minutos"},"schema":{"@context":"https:\/\/schema.org","@graph":[{"@type":"NewsArticle","@id":"https:\/\/www.celttv.com.ar\/index.php\/2026\/09\/04\/con-una-gran-convocatoria-se-realizaron-las-30-jornadas-de-lectura-serrana\/#article","isPartOf":{"@id":"https:\/\/www.celttv.com.ar\/index.php\/2026\/09\/04\/con-una-gran-convocatoria-se-realizaron-las-30-jornadas-de-lectura-serrana\/"},"author":{"name":"Miguel Herrada","@id":"https:\/\/www.celttv.com.ar\/#\/schema\/person\/9059dc91dc7204ef4182cdb65225f07d"},"headline":"Con una gran convocatoria, se realizaron las 30\u00b0 Jornadas de Lectura Serrana","datePublished":"2026-09-04T23:56:34+00:00","dateModified":"2026-09-04T23:56:34+00:00","mainEntityOfPage":{"@id":"https:\/\/www.celttv.com.ar\/index.php\/2026\/09\/04\/con-una-gran-convocatoria-se-realizaron-las-30-jornadas-de-lectura-serrana\/"},"wordCount":542,"publisher":{"@id":"https:\/\/www.celttv.com.ar\/#organization"},"articleSection":["Comunidad"],"inLanguage":"es"},{"@type":"WebPage","@id":"https:\/\/www.celttv.com.ar\/index.php\/2026\/09\/04\/con-una-gran-convocatoria-se-realizaron-las-30-jornadas-de-lectura-serrana\/","url":"https:\/\/www.celttv.com.ar\/index.php\/2026\/09\/04\/con-una-gran-convocatoria-se-realizaron-las-30-jornadas-de-lectura-serrana\/","name":"Con una gran convocatoria, se realizaron las 30\u00b0 Jornadas de Lectura Serrana - CELTTV","isPartOf":{"@id":"https:\/\/www.celttv.com.ar\/#website"},"datePublished":"2026-09-04T23:56:34+00:00","dateModified":"2026-09-04T23:56:34+00:00","description":"Sitio web de noticias de la localidad de Tornquist, provincia de Buenos Aires, Rep\u00fablica Argentina. Contenido propio originado por periodistas de CELTTV, el canal de TV local de la Cooperativa El\u00e9ctrica de Tornquist. Turismo, Pol\u00edtica, Sociedad, Deporte, Cultura y todo el contenido de inter\u00e9s general que la gente del pueblo y la regi\u00f3n debe conocer.","breadcrumb":{"@id":"https:\/\/www.celttv.com.ar\/index.php\/2026\/09\/04\/con-una-gran-convocatoria-se-realizaron-las-30-jornadas-de-lectura-serrana\/#breadcrumb"},"inLanguage":"es","potentialAction":[{"@type":"ReadAction","target":["https:\/\/www.celttv.com.ar\/index.php\/2026\/09\/04\/con-una-gran-convocatoria-se-realizaron-las-30-jornadas-de-lectura-serrana\/"]}]},{"@type":"BreadcrumbList","@id":"https:\/\/www.celttv.com.ar\/index.php\/2026\/09\/04\/con-una-gran-convocatoria-se-realizaron-las-30-jornadas-de-lectura-serrana\/#breadcrumb","itemListElement":[{"@type":"ListItem","position":1,"name":"Inicio","item":"https:\/\/www.celttv.com.ar\/"},{"@type":"ListItem","position":2,"name":"Con una gran convocatoria, se realizaron las 30\u00b0 Jornadas de Lectura Serrana"}]},{"@type":"WebSite","@id":"https:\/\/www.celttv.com.ar\/#website","url":"https:\/\/www.celttv.com.ar\/","name":"CELTTV","description":"Cooperativa El\u00e9ctrica de Tornquist","publisher":{"@id":"https:\/\/www.celttv.com.ar\/#organization"},"potentialAction":[{"@type":"SearchAction","target":{"@type":"EntryPoint","urlTemplate":"https:\/\/www.celttv.com.ar\/?s={search_term_string}"},"query-input":"required name=search_term_string"}],"inLanguage":"es"},{"@type":"Organization","@id":"https:\/\/www.celttv.com.ar\/#organization","name":"CELTTV","url":"https:\/\/www.celttv.com.ar\/","sameAs":["https:\/\/www.youtube.com\/channel\/UCz_oIt8Hig64Ub-EmcNPIhg","https:\/\/www.facebook.com\/celtTV\/"],"logo":{"@type":"ImageObject","inLanguage":"es","@id":"https:\/\/www.celttv.com.ar\/#\/schema\/logo\/image\/","url":"http:\/\/www.celttv.com.ar\/wp-content\/uploads\/2022\/08\/logo-1.png","contentUrl":"http:\/\/www.celttv.com.ar\/wp-content\/uploads\/2022\/08\/logo-1.png","width":461,"height":159,"caption":"CELTTV"},"image":{"@id":"https:\/\/www.celttv.com.ar\/#\/schema\/logo\/image\/"}},{"@type":"Person","@id":"https:\/\/www.celttv.com.ar\/#\/schema\/person\/9059dc91dc7204ef4182cdb65225f07d","name":"Miguel Herrada","image":{"@type":"ImageObject","inLanguage":"es","@id":"https:\/\/www.celttv.com.ar\/#\/schema\/person\/image\/","url":"https:\/\/secure.gravatar.com\/avatar\/67724d5b3c716623ffd76bec7e45841a442ac3b456e914dbba90b0fad2b8e0b1?s=96&d=mm&r=g","contentUrl":"https:\/\/secure.gravatar.com\/avatar\/67724d5b3c716623ffd76bec7e45841a442ac3b456e914dbba90b0fad2b8e0b1?s=96&d=mm&r=g","caption":"Miguel Herrada"}}]}},"_links":{"self":[{"href":"https:\/\/www.celttv.com.ar\/index.php\/wp-json\/wp\/v2\/posts\/93464","targetHints":{"allow":["GET"]}}],"collection":[{"href":"https:\/\/www.celttv.com.ar\/index.php\/wp-json\/wp\/v2\/posts"}],"about":[{"href":"https:\/\/www.celttv.com.ar\/index.php\/wp-json\/wp\/v2\/types\/post"}],"author":[{"embeddable":true,"href":"https:\/\/www.celttv.com.ar\/index.php\/wp-json\/wp\/v2\/users\/5"}],"replies":[{"embeddable":true,"href":"https:\/\/www.celttv.com.ar\/index.php\/wp-json\/wp\/v2\/comments?post=93464"}],"version-history":[{"count":1,"href":"https:\/\/www.celttv.com.ar\/index.php\/wp-json\/wp\/v2\/posts\/93464\/revisions"}],"predecessor-version":[{"id":93481,"href":"https:\/\/www.celttv.com.ar\/index.php\/wp-json\/wp\/v2\/posts\/93464\/revisions\/93481"}],"wp:featuredmedia":[{"embeddable":true,"href":"https:\/\/www.celttv.com.ar\/index.php\/wp-json\/wp\/v2\/media\/93476"}],"wp:attachment":[{"href":"https:\/\/www.celttv.com.ar\/index.php\/wp-json\/wp\/v2\/media?parent=93464"}],"wp:term":[{"taxonomy":"category","embeddable":true,"href":"https:\/\/www.celttv.com.ar\/index.php\/wp-json\/wp\/v2\/categories?post=93464"},{"taxonomy":"post_tag","embeddable":true,"href":"https:\/\/www.celttv.com.ar\/index.php\/wp-json\/wp\/v2\/tags?post=93464"}],"curies":[{"name":"wp","href":"https:\/\/api.w.org\/{rel}","templated":true}]}}