{"id":9405,"date":"2012-12-13T20:43:41","date_gmt":"2012-12-13T20:43:41","guid":{"rendered":"http:\/\/www.tvcnoticias.com.ar\/?p=9405"},"modified":"2012-12-13T20:43:41","modified_gmt":"2012-12-13T20:43:41","slug":"los-jovenes-del-distrito-se-siguen-destacando-a-nivel-provincial","status":"publish","type":"post","link":"https:\/\/www.celttv.com.ar\/index.php\/2012\/12\/13\/los-jovenes-del-distrito-se-siguen-destacando-a-nivel-provincial\/","title":{"rendered":"LOS JOVENES DEL DISTRITO SE SIGUEN DESTACANDO A NIVEL PROVINCIAL"},"content":{"rendered":"<p><a rel=\"attachment wp-att-9417\" href=\"http:\/\/www.tvcnoticias.com.ar\/?attachment_id=9417\"><img loading=\"lazy\" decoding=\"async\" class=\"aligncenter size-full wp-image-9417\" title=\"P1170951 (1280x960) (Small)\" src=\"http:\/\/www.tvcnoticias.com.ar\/wp-content\/uploads\/2012\/12\/P1170951-1280x960-Small.jpg\" alt=\"\" width=\"640\" height=\"480\" \/><\/a><br \/>\n<br \/>\n\u00a0El joven emprendedor local Franco Bolletta vivi\u00f3 ayer un momento inolvidable: result\u00f3 uno de los 12 ganadores del Programa IncentiBA, impulsado por el Grupo Banco Provincia, merced a su proyecto que propone fabricar chapas con el residuo de aluminio del tetra pack recuperado por la empresa Interpack.<br \/>\n\u00a0\u00a0 La noticia, de suma importancia para nuestro distrito, se conoci\u00f3 durante un acto desarrollado en la sede que el Grupo Bapro posee en la Ciudad Aut\u00f3noma de Buenos Aires, con la presencia del intendente municipal, licenciado Gustavo Trankels, y el presidente y vicepresidente Ejecutivo de la mencionada entidad, Santiago Montoya y Nicol\u00e1s Scioli, respectivamente.<br \/>\n\u00a0\u00a0 El proyecto de Bolletta fue seleccionado entre los 433 que fueron presentados por j\u00f3venes emprendedores de diferentes puntos del territorio bonaerense y recibi\u00f3 uno de los cinco premios m\u00e1s importantes de la iniciativa: un cr\u00e9dito de 100 mil pesos, sin inter\u00e9s ni gastos administrativos, a 4 a\u00f1os y con uno de gracia.<br \/>\n\u00a0\u00a0 \u201cEn lo personal result\u00f3 una sorpresa, porque sinceramente la etapa de gesti\u00f3n la realic\u00e9 en forma personal y cuando ten\u00eda el proyecto encaminado me acerqu\u00e9 al Municipio para ver si me pod\u00edan dar una mano y Gustavo me abri\u00f3 todas las puertas. No conoc\u00eda el concurso y me anot\u00e9 faltando 5 d\u00edas, porque cuando uno busca recursos apunta a todo. Haber ganado luego de dos meses me sorprendi\u00f3\u201d, destac\u00f3 Bolletta.<br \/>\n\u00a0\u00a0 \u201cEstoy s\u00faper contento y agradecido a Gustavo, a su equipo de trabajo y a la Provincia. El concurso es muy interesante y positivo, ya que emprender no es f\u00e1cil. Desde el \u00e1mbito estatal tambi\u00e9n me ayudaron con otros programas. Me comprometo a continuar trabajando porque este es el inicio. Siempre me sent\u00ed respaldado y acompa\u00f1ado\u201d, a\u00f1adi\u00f3.<br \/>\n\u00a0\u00a0 El intendente Trankels tampoco ocult\u00f3 su satisfacci\u00f3n por la distinci\u00f3n que alcanz\u00f3 Bolletta y el emprendimiento que pr\u00f3ximamente se pondr\u00e1 en marcha en la ciudad cabecera del distrito.<br \/>\n\u00a0\u00a0 \u201cFranco se capacit\u00f3, volc\u00f3 sus ilusiones en un proyecto y luego necesitaba un acompa\u00f1amiento desde el punto de vista econ\u00f3mico y un asesoramiento al cual no pod\u00eda acceder desde su condici\u00f3n de microemprendedor. Para nosotros es una gran alegr\u00eda que haya podido participar de este concurso y sea uno de los ganadores\u201d, asegur\u00f3 el jefe comunal.<br \/>\n\u00a0\u00a0 \u201cQuiero destacar la decisi\u00f3n pol\u00edtica del gobernador Daniel Scioli y el gran trabajo que est\u00e1 realizando todo el equipo del Bapro, con Santiago Montoya y Nicol\u00e1s Scioli a la cabeza, porque fueron muy meticulosos en la evaluaci\u00f3n de cada proyecto y estuvieron muy interiorizados sobre los mismos. Eso tambi\u00e9n habla del respeto a todos los chicos que se presentaron con todas sus ilusiones y que hoy se est\u00e1n llevando un premio muy importante y un acompa\u00f1amiento de aqu\u00ed al futuro, que nos hace so\u00f1ar con una provincia m\u00e1s grande y llena de emprendedores genuinos, que crecen bien desde abajo y son las empresas del futuro\u201d, manifest\u00f3.<br \/>\n\u00a0\u00a0 \u201cQuiero felicitar muy especialmente a Franco Bolletta, porque con su esfuerzo y dedicaci\u00f3n nos demostr\u00f3 a todos los tornquistenses que es posible avanzar en el camino del emprendedorismo local. Adem\u00e1s, le agradezco la confianza que deposit\u00f3 en nuestra gesti\u00f3n de gobierno local para que lo podamos acompa\u00f1ar\u201d, a\u00f1adi\u00f3 Trankels.<\/p>\n","protected":false},"excerpt":{"rendered":"<p>\u00a0El joven emprendedor local Franco Bolletta vivi\u00f3 ayer un momento inolvidable: result\u00f3 uno de los 12 ganadores del Programa IncentiBA, impulsado por el Grupo Banco Provincia, merced a su proyecto que propone fabricar chapas con el residuo de aluminio del tetra pack recuperado por la empresa Interpack. \u00a0\u00a0 La noticia, de suma importancia para nuestro [&hellip;]<\/p>\n","protected":false},"author":1,"featured_media":0,"comment_status":"closed","ping_status":"open","sticky":false,"template":"","format":"standard","meta":{"footnotes":""},"categories":[51,52,53],"tags":[],"class_list":["post-9405","post","type-post","status-publish","format-standard","hentry","category-comunidad","category-destacadas","category-politica"],"yoast_head":"<!-- This site is optimized with the Yoast SEO plugin v19.7.1 - https:\/\/yoast.com\/wordpress\/plugins\/seo\/ -->\n<title>LOS JOVENES DEL DISTRITO SE SIGUEN DESTACANDO A NIVEL PROVINCIAL - CELTTV<\/title>\n<meta name=\"description\" content=\"Sitio web de noticias de la localidad de Tornquist, provincia de Buenos Aires, Rep\u00fablica Argentina. Contenido propio originado por periodistas de CELTTV, el canal de TV local de la Cooperativa El\u00e9ctrica de Tornquist. Turismo, Pol\u00edtica, Sociedad, Deporte, Cultura y todo el contenido de inter\u00e9s general que la gente del pueblo y la regi\u00f3n debe conocer.\" \/>\n<meta name=\"robots\" content=\"index, follow, max-snippet:-1, max-image-preview:large, max-video-preview:-1\" \/>\n<link rel=\"canonical\" href=\"https:\/\/www.celttv.com.ar\/index.php\/2012\/12\/13\/los-jovenes-del-distrito-se-siguen-destacando-a-nivel-provincial\/\" \/>\n<meta property=\"og:locale\" content=\"es_ES\" \/>\n<meta property=\"og:type\" content=\"article\" \/>\n<meta property=\"og:title\" content=\"LOS JOVENES DEL DISTRITO SE SIGUEN DESTACANDO A NIVEL PROVINCIAL - CELTTV\" \/>\n<meta property=\"og:description\" content=\"Sitio web de noticias de la localidad de Tornquist, provincia de Buenos Aires, Rep\u00fablica Argentina. Contenido propio originado por periodistas de CELTTV, el canal de TV local de la Cooperativa El\u00e9ctrica de Tornquist. Turismo, Pol\u00edtica, Sociedad, Deporte, Cultura y todo el contenido de inter\u00e9s general que la gente del pueblo y la regi\u00f3n debe conocer.\" \/>\n<meta property=\"og:url\" content=\"https:\/\/www.celttv.com.ar\/index.php\/2012\/12\/13\/los-jovenes-del-distrito-se-siguen-destacando-a-nivel-provincial\/\" \/>\n<meta property=\"og:site_name\" content=\"CELTTV\" \/>\n<meta property=\"article:publisher\" content=\"https:\/\/www.facebook.com\/celtTV\/\" \/>\n<meta property=\"article:published_time\" content=\"2012-12-13T20:43:41+00:00\" \/>\n<meta property=\"og:image\" content=\"http:\/\/www.tvcnoticias.com.ar\/wp-content\/uploads\/2012\/12\/P1170951-1280x960-Small.jpg\" \/>\n<meta name=\"author\" content=\"ulises\" \/>\n<meta name=\"twitter:card\" content=\"summary_large_image\" \/>\n<meta name=\"twitter:label1\" content=\"Escrito por\" \/>\n\t<meta name=\"twitter:data1\" content=\"ulises\" \/>\n\t<meta name=\"twitter:label2\" content=\"Tiempo de lectura\" \/>\n\t<meta name=\"twitter:data2\" content=\"3 minutos\" \/>\n<script type=\"application\/ld+json\" class=\"yoast-schema-graph\">{\"@context\":\"https:\/\/schema.org\",\"@graph\":[{\"@type\":\"NewsArticle\",\"@id\":\"https:\/\/www.celttv.com.ar\/index.php\/2012\/12\/13\/los-jovenes-del-distrito-se-siguen-destacando-a-nivel-provincial\/#article\",\"isPartOf\":{\"@id\":\"https:\/\/www.celttv.com.ar\/index.php\/2012\/12\/13\/los-jovenes-del-distrito-se-siguen-destacando-a-nivel-provincial\/\"},\"author\":{\"name\":\"ulises\",\"@id\":\"https:\/\/www.celttv.com.ar\/#\/schema\/person\/6d99c072dba59953809c81446e9d0ace\"},\"headline\":\"LOS JOVENES DEL DISTRITO SE SIGUEN DESTACANDO A NIVEL PROVINCIAL\",\"datePublished\":\"2012-12-13T20:43:41+00:00\",\"dateModified\":\"2012-12-13T20:43:41+00:00\",\"mainEntityOfPage\":{\"@id\":\"https:\/\/www.celttv.com.ar\/index.php\/2012\/12\/13\/los-jovenes-del-distrito-se-siguen-destacando-a-nivel-provincial\/\"},\"wordCount\":566,\"publisher\":{\"@id\":\"https:\/\/www.celttv.com.ar\/#organization\"},\"articleSection\":[\"Comunidad\",\"Destacadas\",\"Pol\u00edtica\"],\"inLanguage\":\"es\"},{\"@type\":\"WebPage\",\"@id\":\"https:\/\/www.celttv.com.ar\/index.php\/2012\/12\/13\/los-jovenes-del-distrito-se-siguen-destacando-a-nivel-provincial\/\",\"url\":\"https:\/\/www.celttv.com.ar\/index.php\/2012\/12\/13\/los-jovenes-del-distrito-se-siguen-destacando-a-nivel-provincial\/\",\"name\":\"LOS JOVENES DEL DISTRITO SE SIGUEN DESTACANDO A NIVEL PROVINCIAL - CELTTV\",\"isPartOf\":{\"@id\":\"https:\/\/www.celttv.com.ar\/#website\"},\"datePublished\":\"2012-12-13T20:43:41+00:00\",\"dateModified\":\"2012-12-13T20:43:41+00:00\",\"description\":\"Sitio web de noticias de la localidad de Tornquist, provincia de Buenos Aires, Rep\u00fablica Argentina. Contenido propio originado por periodistas de CELTTV, el canal de TV local de la Cooperativa El\u00e9ctrica de Tornquist. Turismo, Pol\u00edtica, Sociedad, Deporte, Cultura y todo el contenido de inter\u00e9s general que la gente del pueblo y la regi\u00f3n debe conocer.\",\"breadcrumb\":{\"@id\":\"https:\/\/www.celttv.com.ar\/index.php\/2012\/12\/13\/los-jovenes-del-distrito-se-siguen-destacando-a-nivel-provincial\/#breadcrumb\"},\"inLanguage\":\"es\",\"potentialAction\":[{\"@type\":\"ReadAction\",\"target\":[\"https:\/\/www.celttv.com.ar\/index.php\/2012\/12\/13\/los-jovenes-del-distrito-se-siguen-destacando-a-nivel-provincial\/\"]}]},{\"@type\":\"BreadcrumbList\",\"@id\":\"https:\/\/www.celttv.com.ar\/index.php\/2012\/12\/13\/los-jovenes-del-distrito-se-siguen-destacando-a-nivel-provincial\/#breadcrumb\",\"itemListElement\":[{\"@type\":\"ListItem\",\"position\":1,\"name\":\"Inicio\",\"item\":\"https:\/\/www.celttv.com.ar\/\"},{\"@type\":\"ListItem\",\"position\":2,\"name\":\"LOS JOVENES DEL DISTRITO SE SIGUEN DESTACANDO A NIVEL PROVINCIAL\"}]},{\"@type\":\"WebSite\",\"@id\":\"https:\/\/www.celttv.com.ar\/#website\",\"url\":\"https:\/\/www.celttv.com.ar\/\",\"name\":\"CELTTV\",\"description\":\"Cooperativa El\u00e9ctrica de Tornquist\",\"publisher\":{\"@id\":\"https:\/\/www.celttv.com.ar\/#organization\"},\"potentialAction\":[{\"@type\":\"SearchAction\",\"target\":{\"@type\":\"EntryPoint\",\"urlTemplate\":\"https:\/\/www.celttv.com.ar\/?s={search_term_string}\"},\"query-input\":\"required name=search_term_string\"}],\"inLanguage\":\"es\"},{\"@type\":\"Organization\",\"@id\":\"https:\/\/www.celttv.com.ar\/#organization\",\"name\":\"CELTTV\",\"url\":\"https:\/\/www.celttv.com.ar\/\",\"sameAs\":[\"https:\/\/www.youtube.com\/channel\/UCz_oIt8Hig64Ub-EmcNPIhg\",\"https:\/\/www.facebook.com\/celtTV\/\"],\"logo\":{\"@type\":\"ImageObject\",\"inLanguage\":\"es\",\"@id\":\"https:\/\/www.celttv.com.ar\/#\/schema\/logo\/image\/\",\"url\":\"http:\/\/www.celttv.com.ar\/wp-content\/uploads\/2022\/08\/logo-1.png\",\"contentUrl\":\"http:\/\/www.celttv.com.ar\/wp-content\/uploads\/2022\/08\/logo-1.png\",\"width\":461,\"height\":159,\"caption\":\"CELTTV\"},\"image\":{\"@id\":\"https:\/\/www.celttv.com.ar\/#\/schema\/logo\/image\/\"}},{\"@type\":\"Person\",\"@id\":\"https:\/\/www.celttv.com.ar\/#\/schema\/person\/6d99c072dba59953809c81446e9d0ace\",\"name\":\"ulises\",\"image\":{\"@type\":\"ImageObject\",\"inLanguage\":\"es\",\"@id\":\"https:\/\/www.celttv.com.ar\/#\/schema\/person\/image\/\",\"url\":\"https:\/\/secure.gravatar.com\/avatar\/7f2c48bdc33b30088f941fb6082e555f2874c98e20cb159d7b92b50eadfce793?s=96&d=mm&r=g\",\"contentUrl\":\"https:\/\/secure.gravatar.com\/avatar\/7f2c48bdc33b30088f941fb6082e555f2874c98e20cb159d7b92b50eadfce793?s=96&d=mm&r=g\",\"caption\":\"ulises\"},\"sameAs\":[\"http:\/\/www.celttv.com.ar\"]}]}<\/script>\n<!-- \/ Yoast SEO plugin. -->","yoast_head_json":{"title":"LOS JOVENES DEL DISTRITO SE SIGUEN DESTACANDO A NIVEL PROVINCIAL - CELTTV","description":"Sitio web de noticias de la localidad de Tornquist, provincia de Buenos Aires, Rep\u00fablica Argentina. Contenido propio originado por periodistas de CELTTV, el canal de TV local de la Cooperativa El\u00e9ctrica de Tornquist. Turismo, Pol\u00edtica, Sociedad, Deporte, Cultura y todo el contenido de inter\u00e9s general que la gente del pueblo y la regi\u00f3n debe conocer.","robots":{"index":"index","follow":"follow","max-snippet":"max-snippet:-1","max-image-preview":"max-image-preview:large","max-video-preview":"max-video-preview:-1"},"canonical":"https:\/\/www.celttv.com.ar\/index.php\/2012\/12\/13\/los-jovenes-del-distrito-se-siguen-destacando-a-nivel-provincial\/","og_locale":"es_ES","og_type":"article","og_title":"LOS JOVENES DEL DISTRITO SE SIGUEN DESTACANDO A NIVEL PROVINCIAL - CELTTV","og_description":"Sitio web de noticias de la localidad de Tornquist, provincia de Buenos Aires, Rep\u00fablica Argentina. Contenido propio originado por periodistas de CELTTV, el canal de TV local de la Cooperativa El\u00e9ctrica de Tornquist. Turismo, Pol\u00edtica, Sociedad, Deporte, Cultura y todo el contenido de inter\u00e9s general que la gente del pueblo y la regi\u00f3n debe conocer.","og_url":"https:\/\/www.celttv.com.ar\/index.php\/2012\/12\/13\/los-jovenes-del-distrito-se-siguen-destacando-a-nivel-provincial\/","og_site_name":"CELTTV","article_publisher":"https:\/\/www.facebook.com\/celtTV\/","article_published_time":"2012-12-13T20:43:41+00:00","og_image":[{"url":"http:\/\/www.tvcnoticias.com.ar\/wp-content\/uploads\/2012\/12\/P1170951-1280x960-Small.jpg"}],"author":"ulises","twitter_card":"summary_large_image","twitter_misc":{"Escrito por":"ulises","Tiempo de lectura":"3 minutos"},"schema":{"@context":"https:\/\/schema.org","@graph":[{"@type":"NewsArticle","@id":"https:\/\/www.celttv.com.ar\/index.php\/2012\/12\/13\/los-jovenes-del-distrito-se-siguen-destacando-a-nivel-provincial\/#article","isPartOf":{"@id":"https:\/\/www.celttv.com.ar\/index.php\/2012\/12\/13\/los-jovenes-del-distrito-se-siguen-destacando-a-nivel-provincial\/"},"author":{"name":"ulises","@id":"https:\/\/www.celttv.com.ar\/#\/schema\/person\/6d99c072dba59953809c81446e9d0ace"},"headline":"LOS JOVENES DEL DISTRITO SE SIGUEN DESTACANDO A NIVEL PROVINCIAL","datePublished":"2012-12-13T20:43:41+00:00","dateModified":"2012-12-13T20:43:41+00:00","mainEntityOfPage":{"@id":"https:\/\/www.celttv.com.ar\/index.php\/2012\/12\/13\/los-jovenes-del-distrito-se-siguen-destacando-a-nivel-provincial\/"},"wordCount":566,"publisher":{"@id":"https:\/\/www.celttv.com.ar\/#organization"},"articleSection":["Comunidad","Destacadas","Pol\u00edtica"],"inLanguage":"es"},{"@type":"WebPage","@id":"https:\/\/www.celttv.com.ar\/index.php\/2012\/12\/13\/los-jovenes-del-distrito-se-siguen-destacando-a-nivel-provincial\/","url":"https:\/\/www.celttv.com.ar\/index.php\/2012\/12\/13\/los-jovenes-del-distrito-se-siguen-destacando-a-nivel-provincial\/","name":"LOS JOVENES DEL DISTRITO SE SIGUEN DESTACANDO A NIVEL PROVINCIAL - CELTTV","isPartOf":{"@id":"https:\/\/www.celttv.com.ar\/#website"},"datePublished":"2012-12-13T20:43:41+00:00","dateModified":"2012-12-13T20:43:41+00:00","description":"Sitio web de noticias de la localidad de Tornquist, provincia de Buenos Aires, Rep\u00fablica Argentina. Contenido propio originado por periodistas de CELTTV, el canal de TV local de la Cooperativa El\u00e9ctrica de Tornquist. Turismo, Pol\u00edtica, Sociedad, Deporte, Cultura y todo el contenido de inter\u00e9s general que la gente del pueblo y la regi\u00f3n debe conocer.","breadcrumb":{"@id":"https:\/\/www.celttv.com.ar\/index.php\/2012\/12\/13\/los-jovenes-del-distrito-se-siguen-destacando-a-nivel-provincial\/#breadcrumb"},"inLanguage":"es","potentialAction":[{"@type":"ReadAction","target":["https:\/\/www.celttv.com.ar\/index.php\/2012\/12\/13\/los-jovenes-del-distrito-se-siguen-destacando-a-nivel-provincial\/"]}]},{"@type":"BreadcrumbList","@id":"https:\/\/www.celttv.com.ar\/index.php\/2012\/12\/13\/los-jovenes-del-distrito-se-siguen-destacando-a-nivel-provincial\/#breadcrumb","itemListElement":[{"@type":"ListItem","position":1,"name":"Inicio","item":"https:\/\/www.celttv.com.ar\/"},{"@type":"ListItem","position":2,"name":"LOS JOVENES DEL DISTRITO SE SIGUEN DESTACANDO A NIVEL PROVINCIAL"}]},{"@type":"WebSite","@id":"https:\/\/www.celttv.com.ar\/#website","url":"https:\/\/www.celttv.com.ar\/","name":"CELTTV","description":"Cooperativa El\u00e9ctrica de Tornquist","publisher":{"@id":"https:\/\/www.celttv.com.ar\/#organization"},"potentialAction":[{"@type":"SearchAction","target":{"@type":"EntryPoint","urlTemplate":"https:\/\/www.celttv.com.ar\/?s={search_term_string}"},"query-input":"required name=search_term_string"}],"inLanguage":"es"},{"@type":"Organization","@id":"https:\/\/www.celttv.com.ar\/#organization","name":"CELTTV","url":"https:\/\/www.celttv.com.ar\/","sameAs":["https:\/\/www.youtube.com\/channel\/UCz_oIt8Hig64Ub-EmcNPIhg","https:\/\/www.facebook.com\/celtTV\/"],"logo":{"@type":"ImageObject","inLanguage":"es","@id":"https:\/\/www.celttv.com.ar\/#\/schema\/logo\/image\/","url":"http:\/\/www.celttv.com.ar\/wp-content\/uploads\/2022\/08\/logo-1.png","contentUrl":"http:\/\/www.celttv.com.ar\/wp-content\/uploads\/2022\/08\/logo-1.png","width":461,"height":159,"caption":"CELTTV"},"image":{"@id":"https:\/\/www.celttv.com.ar\/#\/schema\/logo\/image\/"}},{"@type":"Person","@id":"https:\/\/www.celttv.com.ar\/#\/schema\/person\/6d99c072dba59953809c81446e9d0ace","name":"ulises","image":{"@type":"ImageObject","inLanguage":"es","@id":"https:\/\/www.celttv.com.ar\/#\/schema\/person\/image\/","url":"https:\/\/secure.gravatar.com\/avatar\/7f2c48bdc33b30088f941fb6082e555f2874c98e20cb159d7b92b50eadfce793?s=96&d=mm&r=g","contentUrl":"https:\/\/secure.gravatar.com\/avatar\/7f2c48bdc33b30088f941fb6082e555f2874c98e20cb159d7b92b50eadfce793?s=96&d=mm&r=g","caption":"ulises"},"sameAs":["http:\/\/www.celttv.com.ar"]}]}},"_links":{"self":[{"href":"https:\/\/www.celttv.com.ar\/index.php\/wp-json\/wp\/v2\/posts\/9405","targetHints":{"allow":["GET"]}}],"collection":[{"href":"https:\/\/www.celttv.com.ar\/index.php\/wp-json\/wp\/v2\/posts"}],"about":[{"href":"https:\/\/www.celttv.com.ar\/index.php\/wp-json\/wp\/v2\/types\/post"}],"author":[{"embeddable":true,"href":"https:\/\/www.celttv.com.ar\/index.php\/wp-json\/wp\/v2\/users\/1"}],"replies":[{"embeddable":true,"href":"https:\/\/www.celttv.com.ar\/index.php\/wp-json\/wp\/v2\/comments?post=9405"}],"version-history":[{"count":0,"href":"https:\/\/www.celttv.com.ar\/index.php\/wp-json\/wp\/v2\/posts\/9405\/revisions"}],"wp:attachment":[{"href":"https:\/\/www.celttv.com.ar\/index.php\/wp-json\/wp\/v2\/media?parent=9405"}],"wp:term":[{"taxonomy":"category","embeddable":true,"href":"https:\/\/www.celttv.com.ar\/index.php\/wp-json\/wp\/v2\/categories?post=9405"},{"taxonomy":"post_tag","embeddable":true,"href":"https:\/\/www.celttv.com.ar\/index.php\/wp-json\/wp\/v2\/tags?post=9405"}],"curies":[{"name":"wp","href":"https:\/\/api.w.org\/{rel}","templated":true}]}}