{"id":9470,"date":"2012-12-18T20:01:00","date_gmt":"2012-12-18T20:01:00","guid":{"rendered":"http:\/\/www.tvcnoticias.com.ar\/?p=9470"},"modified":"2012-12-18T20:01:00","modified_gmt":"2012-12-18T20:01:00","slug":"una-comunidad-que-tiene-acceso-a-la-educacion-es-una-comunidad-que-tiene-futuro-lo-dijo-el-intendente-trankels-en-el-acto-de-cierre-del-ciclo-lectivo-2012","status":"publish","type":"post","link":"https:\/\/www.celttv.com.ar\/index.php\/2012\/12\/18\/una-comunidad-que-tiene-acceso-a-la-educacion-es-una-comunidad-que-tiene-futuro-lo-dijo-el-intendente-trankels-en-el-acto-de-cierre-del-ciclo-lectivo-2012\/","title":{"rendered":"\u201cUna comunidad que tiene acceso a la educaci\u00f3n es una comunidad que tiene futuro\u201d, (lo dijo el Intendente Trankels en el acto de cierre del ciclo lectivo 2012)"},"content":{"rendered":"<p>\u00a0<br \/>\n\u00a0<br \/>\n<a>httpv:\/\/www.youtube.com\/watch?v=EegZEZVaQss<\/a><br \/>\nDespu\u00e9s de un a\u00f1o intenso, que incluy\u00f3 la cristalizaci\u00f3n de muchos proyectos vinculados al \u00e1rea, se desarroll\u00f3 en la ma\u00f1ana de hoy el acto oficial por el cierre del lectivo 2012, que estuvo a cargo de la Unidad Acad\u00e9mica \u201cErnesto Tornquist\u201d y cont\u00f3 con la presencia del intendente municipal, licenciado Gustavo Trankels.<br \/>\n\u00a0\u00a0 La celebraci\u00f3n se desarroll\u00f3 en el Teatro Municipal \u201cRodolfo Funke\u201d y tambi\u00e9n participaron las concejales Mar\u00eda Ofelia Skolak y Patricia V\u00e1zquez; la Inspectora Jefe Distrital, profesora Ana Mar\u00eda Skolak; las inspectoras de Nivel Primario, profesora Patricia Larrainzar, y de Nivel Inicial, profesora Ana Claudia Dom\u00ednguez; la secretaria de Asuntos Docentes, profesora Silvana Vittori; el presidente del Concejo Escolar, Carlos Abad; y los consejeros escolares Mar\u00eda Laura Rosattelli y Sonia Lanaro.<br \/>\n\u00a0\u00a0 \u201cUna comunidad que tiene acceso a la educaci\u00f3n es una comunidad que tiene futuro\u201d, se\u00f1al\u00f3 el jefe comunal durante su discurso.<br \/>\n\u00a0\u00a0 \u201cQueda en evidencia la cantidad de actividades que se desarrollaron durante el a\u00f1o en los diferentes niveles de las entidades educativas. Desde el rol que me toca ocupar, tuve la suerte de poder acompa\u00f1ar algunas de estas acciones y gestiones que contribuyeron al fortalecimiento de la educaci\u00f3n en el distrito. Algunas de esas actividades y realizaciones tambi\u00e9n se encararon desde el Consejo Escolar, en cuanto a necesidades edilicias. El balance es positivo, y m\u00e1s teniendo en cuenta el contexto internacional que nos envuelve\u201d, continu\u00f3.<br \/>\n\u00a0\u00a0 \u201cA la hora del balance es bueno observar todo lo realizado a pesar de un contexto que era adverso. Todo sin perder el objetivo final y los destinatarios, que son nuestros chicos, y tambi\u00e9n los adultos que se animaron a retomar los estudios. Tenemos que estar contentos y agradecidos a todos los que participaron de este ciclo\u201d, recalc\u00f3.<br \/>\n\u00a0\u00a0 Ana Skolak tambi\u00e9n realiz\u00f3 un an\u00e1lisis de lo sucedido durante el a\u00f1o escolar.<br \/>\n\u00a0\u00a0 \u201cTodo lo que realizamos no termina, sino que contin\u00faa, ya que en los pr\u00f3ximos d\u00edas se realizar\u00e1 la evaluaci\u00f3n institucional de cada escuela del distrito y nosotros en Jefatura. Esto indica que tendremos que reflexionar y revisar todos los objetivos que nos propusimos, para ver los alcanzados y los que quedaron en proceso. Siempre en educaci\u00f3n detectamos problemas y debilidades, y eso nos sirve para el crecimiento, porque tenemos que buscar la manera de solucionarlo\u201d, afirm\u00f3 y enumer\u00f3 buena parte de las acciones desarrollas por distintos establecimientos y la propia \u00e1rea que dirige.<br \/>\n\u00a0\u00a0 \u201cQuiero agradecerle al intendente, quien est\u00e1 permanentemente consultando las necesidades que tenemos para poder gestionar en los diferentes estamentos. Siempre est\u00e1 presente y nos brinda la colaboraci\u00f3n de su equipo. Tambi\u00e9n al consejo de administraci\u00f3n de la Cooperativa El\u00e9ctrica de Tornquist, que se compromete con las instituciones educativas\u201d, culmin\u00f3.<br \/>\n\u00a0\u00a0 El desarrollo del acto tambi\u00e9n cont\u00f3 con la presentaci\u00f3n del tema \u201cDale alegr\u00eda a mi coraz\u00f3n\u201d, del cantante Fito P\u00e1ez, interpretado por la alumna Sof\u00eda Le\u00f3n, y las palabras de la directora de la Unidad Acad\u00e9mica, Sonia Marisa Casalini.<br \/>\n\u00a0\u00a0 \u201cEs inevitable hacer un balance. Podemos pensar en todos los objetivos que nos planteamos en febrero y s\u00ed, nos quedaron algunos sin cumplir. Pero si miramos la totalidad de lo realizado y somos agradecidos, podemos ver lo positivo y los proyectos que s\u00ed hemos logrado. Estamos afrontando el desaf\u00edo de trabajar con esta nueva sociedad que nos interpela y nos exige nuestros modos de ense\u00f1ar y aprender. Estamos mirando, hablando y escuchando a nuestros alumnos. Estamos aceptando que la velocidad, el cambio y las transformaciones son caracter\u00edsticas inherentes a la sociedad de nuestro tiempo\u201d, destac\u00f3.<\/p>\n","protected":false},"excerpt":{"rendered":"<p>\u00a0 \u00a0 httpv:\/\/www.youtube.com\/watch?v=EegZEZVaQss Despu\u00e9s de un a\u00f1o intenso, que incluy\u00f3 la cristalizaci\u00f3n de muchos proyectos vinculados al \u00e1rea, se desarroll\u00f3 en la ma\u00f1ana de hoy el acto oficial por el cierre del lectivo 2012, que estuvo a cargo de la Unidad Acad\u00e9mica \u201cErnesto Tornquist\u201d y cont\u00f3 con la presencia del intendente municipal, licenciado Gustavo Trankels. [&hellip;]<\/p>\n","protected":false},"author":1,"featured_media":0,"comment_status":"closed","ping_status":"open","sticky":false,"template":"","format":"standard","meta":{"footnotes":""},"categories":[51,52,53],"tags":[],"class_list":["post-9470","post","type-post","status-publish","format-standard","hentry","category-comunidad","category-destacadas","category-politica"],"yoast_head":"<!-- This site is optimized with the Yoast SEO plugin v19.7.1 - https:\/\/yoast.com\/wordpress\/plugins\/seo\/ -->\n<title>\u201cUna comunidad que tiene acceso a la educaci\u00f3n es una comunidad que tiene futuro\u201d, (lo dijo el Intendente Trankels en el acto de cierre del ciclo lectivo 2012) - CELTTV<\/title>\n<meta name=\"description\" content=\"Sitio web de noticias de la localidad de Tornquist, provincia de Buenos Aires, Rep\u00fablica Argentina. Contenido propio originado por periodistas de CELTTV, el canal de TV local de la Cooperativa El\u00e9ctrica de Tornquist. Turismo, Pol\u00edtica, Sociedad, Deporte, Cultura y todo el contenido de inter\u00e9s general que la gente del pueblo y la regi\u00f3n debe conocer.\" \/>\n<meta name=\"robots\" content=\"index, follow, max-snippet:-1, max-image-preview:large, max-video-preview:-1\" \/>\n<link rel=\"canonical\" href=\"https:\/\/www.celttv.com.ar\/index.php\/2012\/12\/18\/una-comunidad-que-tiene-acceso-a-la-educacion-es-una-comunidad-que-tiene-futuro-lo-dijo-el-intendente-trankels-en-el-acto-de-cierre-del-ciclo-lectivo-2012\/\" \/>\n<meta property=\"og:locale\" content=\"es_ES\" \/>\n<meta property=\"og:type\" content=\"article\" \/>\n<meta property=\"og:title\" content=\"\u201cUna comunidad que tiene acceso a la educaci\u00f3n es una comunidad que tiene futuro\u201d, (lo dijo el Intendente Trankels en el acto de cierre del ciclo lectivo 2012) - CELTTV\" \/>\n<meta property=\"og:description\" content=\"Sitio web de noticias de la localidad de Tornquist, provincia de Buenos Aires, Rep\u00fablica Argentina. Contenido propio originado por periodistas de CELTTV, el canal de TV local de la Cooperativa El\u00e9ctrica de Tornquist. Turismo, Pol\u00edtica, Sociedad, Deporte, Cultura y todo el contenido de inter\u00e9s general que la gente del pueblo y la regi\u00f3n debe conocer.\" \/>\n<meta property=\"og:url\" content=\"https:\/\/www.celttv.com.ar\/index.php\/2012\/12\/18\/una-comunidad-que-tiene-acceso-a-la-educacion-es-una-comunidad-que-tiene-futuro-lo-dijo-el-intendente-trankels-en-el-acto-de-cierre-del-ciclo-lectivo-2012\/\" \/>\n<meta property=\"og:site_name\" content=\"CELTTV\" \/>\n<meta property=\"article:publisher\" content=\"https:\/\/www.facebook.com\/celtTV\/\" \/>\n<meta property=\"article:published_time\" content=\"2012-12-18T20:01:00+00:00\" \/>\n<meta name=\"author\" content=\"ulises\" \/>\n<meta name=\"twitter:card\" content=\"summary_large_image\" \/>\n<meta name=\"twitter:label1\" content=\"Escrito por\" \/>\n\t<meta name=\"twitter:data1\" content=\"ulises\" \/>\n\t<meta name=\"twitter:label2\" content=\"Tiempo de lectura\" \/>\n\t<meta name=\"twitter:data2\" content=\"3 minutos\" \/>\n<script type=\"application\/ld+json\" class=\"yoast-schema-graph\">{\"@context\":\"https:\/\/schema.org\",\"@graph\":[{\"@type\":\"NewsArticle\",\"@id\":\"https:\/\/www.celttv.com.ar\/index.php\/2012\/12\/18\/una-comunidad-que-tiene-acceso-a-la-educacion-es-una-comunidad-que-tiene-futuro-lo-dijo-el-intendente-trankels-en-el-acto-de-cierre-del-ciclo-lectivo-2012\/#article\",\"isPartOf\":{\"@id\":\"https:\/\/www.celttv.com.ar\/index.php\/2012\/12\/18\/una-comunidad-que-tiene-acceso-a-la-educacion-es-una-comunidad-que-tiene-futuro-lo-dijo-el-intendente-trankels-en-el-acto-de-cierre-del-ciclo-lectivo-2012\/\"},\"author\":{\"name\":\"ulises\",\"@id\":\"https:\/\/www.celttv.com.ar\/#\/schema\/person\/6d99c072dba59953809c81446e9d0ace\"},\"headline\":\"\u201cUna comunidad que tiene acceso a la educaci\u00f3n es una comunidad que tiene futuro\u201d, (lo dijo el Intendente Trankels en el acto de cierre del ciclo lectivo 2012)\",\"datePublished\":\"2012-12-18T20:01:00+00:00\",\"dateModified\":\"2012-12-18T20:01:00+00:00\",\"mainEntityOfPage\":{\"@id\":\"https:\/\/www.celttv.com.ar\/index.php\/2012\/12\/18\/una-comunidad-que-tiene-acceso-a-la-educacion-es-una-comunidad-que-tiene-futuro-lo-dijo-el-intendente-trankels-en-el-acto-de-cierre-del-ciclo-lectivo-2012\/\"},\"wordCount\":655,\"publisher\":{\"@id\":\"https:\/\/www.celttv.com.ar\/#organization\"},\"articleSection\":[\"Comunidad\",\"Destacadas\",\"Pol\u00edtica\"],\"inLanguage\":\"es\"},{\"@type\":\"WebPage\",\"@id\":\"https:\/\/www.celttv.com.ar\/index.php\/2012\/12\/18\/una-comunidad-que-tiene-acceso-a-la-educacion-es-una-comunidad-que-tiene-futuro-lo-dijo-el-intendente-trankels-en-el-acto-de-cierre-del-ciclo-lectivo-2012\/\",\"url\":\"https:\/\/www.celttv.com.ar\/index.php\/2012\/12\/18\/una-comunidad-que-tiene-acceso-a-la-educacion-es-una-comunidad-que-tiene-futuro-lo-dijo-el-intendente-trankels-en-el-acto-de-cierre-del-ciclo-lectivo-2012\/\",\"name\":\"\u201cUna comunidad que tiene acceso a la educaci\u00f3n es una comunidad que tiene futuro\u201d, (lo dijo el Intendente Trankels en el acto de cierre del ciclo lectivo 2012) - CELTTV\",\"isPartOf\":{\"@id\":\"https:\/\/www.celttv.com.ar\/#website\"},\"datePublished\":\"2012-12-18T20:01:00+00:00\",\"dateModified\":\"2012-12-18T20:01:00+00:00\",\"description\":\"Sitio web de noticias de la localidad de Tornquist, provincia de Buenos Aires, Rep\u00fablica Argentina. Contenido propio originado por periodistas de CELTTV, el canal de TV local de la Cooperativa El\u00e9ctrica de Tornquist. Turismo, Pol\u00edtica, Sociedad, Deporte, Cultura y todo el contenido de inter\u00e9s general que la gente del pueblo y la regi\u00f3n debe conocer.\",\"breadcrumb\":{\"@id\":\"https:\/\/www.celttv.com.ar\/index.php\/2012\/12\/18\/una-comunidad-que-tiene-acceso-a-la-educacion-es-una-comunidad-que-tiene-futuro-lo-dijo-el-intendente-trankels-en-el-acto-de-cierre-del-ciclo-lectivo-2012\/#breadcrumb\"},\"inLanguage\":\"es\",\"potentialAction\":[{\"@type\":\"ReadAction\",\"target\":[\"https:\/\/www.celttv.com.ar\/index.php\/2012\/12\/18\/una-comunidad-que-tiene-acceso-a-la-educacion-es-una-comunidad-que-tiene-futuro-lo-dijo-el-intendente-trankels-en-el-acto-de-cierre-del-ciclo-lectivo-2012\/\"]}]},{\"@type\":\"BreadcrumbList\",\"@id\":\"https:\/\/www.celttv.com.ar\/index.php\/2012\/12\/18\/una-comunidad-que-tiene-acceso-a-la-educacion-es-una-comunidad-que-tiene-futuro-lo-dijo-el-intendente-trankels-en-el-acto-de-cierre-del-ciclo-lectivo-2012\/#breadcrumb\",\"itemListElement\":[{\"@type\":\"ListItem\",\"position\":1,\"name\":\"Inicio\",\"item\":\"https:\/\/www.celttv.com.ar\/\"},{\"@type\":\"ListItem\",\"position\":2,\"name\":\"\u201cUna comunidad que tiene acceso a la educaci\u00f3n es una comunidad que tiene futuro\u201d, (lo dijo el Intendente Trankels en el acto de cierre del ciclo lectivo 2012)\"}]},{\"@type\":\"WebSite\",\"@id\":\"https:\/\/www.celttv.com.ar\/#website\",\"url\":\"https:\/\/www.celttv.com.ar\/\",\"name\":\"CELTTV\",\"description\":\"Cooperativa El\u00e9ctrica de Tornquist\",\"publisher\":{\"@id\":\"https:\/\/www.celttv.com.ar\/#organization\"},\"potentialAction\":[{\"@type\":\"SearchAction\",\"target\":{\"@type\":\"EntryPoint\",\"urlTemplate\":\"https:\/\/www.celttv.com.ar\/?s={search_term_string}\"},\"query-input\":\"required name=search_term_string\"}],\"inLanguage\":\"es\"},{\"@type\":\"Organization\",\"@id\":\"https:\/\/www.celttv.com.ar\/#organization\",\"name\":\"CELTTV\",\"url\":\"https:\/\/www.celttv.com.ar\/\",\"sameAs\":[\"https:\/\/www.youtube.com\/channel\/UCz_oIt8Hig64Ub-EmcNPIhg\",\"https:\/\/www.facebook.com\/celtTV\/\"],\"logo\":{\"@type\":\"ImageObject\",\"inLanguage\":\"es\",\"@id\":\"https:\/\/www.celttv.com.ar\/#\/schema\/logo\/image\/\",\"url\":\"http:\/\/www.celttv.com.ar\/wp-content\/uploads\/2022\/08\/logo-1.png\",\"contentUrl\":\"http:\/\/www.celttv.com.ar\/wp-content\/uploads\/2022\/08\/logo-1.png\",\"width\":461,\"height\":159,\"caption\":\"CELTTV\"},\"image\":{\"@id\":\"https:\/\/www.celttv.com.ar\/#\/schema\/logo\/image\/\"}},{\"@type\":\"Person\",\"@id\":\"https:\/\/www.celttv.com.ar\/#\/schema\/person\/6d99c072dba59953809c81446e9d0ace\",\"name\":\"ulises\",\"image\":{\"@type\":\"ImageObject\",\"inLanguage\":\"es\",\"@id\":\"https:\/\/www.celttv.com.ar\/#\/schema\/person\/image\/\",\"url\":\"https:\/\/secure.gravatar.com\/avatar\/7f2c48bdc33b30088f941fb6082e555f2874c98e20cb159d7b92b50eadfce793?s=96&d=mm&r=g\",\"contentUrl\":\"https:\/\/secure.gravatar.com\/avatar\/7f2c48bdc33b30088f941fb6082e555f2874c98e20cb159d7b92b50eadfce793?s=96&d=mm&r=g\",\"caption\":\"ulises\"},\"sameAs\":[\"http:\/\/www.celttv.com.ar\"]}]}<\/script>\n<!-- \/ Yoast SEO plugin. -->","yoast_head_json":{"title":"\u201cUna comunidad que tiene acceso a la educaci\u00f3n es una comunidad que tiene futuro\u201d, (lo dijo el Intendente Trankels en el acto de cierre del ciclo lectivo 2012) - CELTTV","description":"Sitio web de noticias de la localidad de Tornquist, provincia de Buenos Aires, Rep\u00fablica Argentina. Contenido propio originado por periodistas de CELTTV, el canal de TV local de la Cooperativa El\u00e9ctrica de Tornquist. Turismo, Pol\u00edtica, Sociedad, Deporte, Cultura y todo el contenido de inter\u00e9s general que la gente del pueblo y la regi\u00f3n debe conocer.","robots":{"index":"index","follow":"follow","max-snippet":"max-snippet:-1","max-image-preview":"max-image-preview:large","max-video-preview":"max-video-preview:-1"},"canonical":"https:\/\/www.celttv.com.ar\/index.php\/2012\/12\/18\/una-comunidad-que-tiene-acceso-a-la-educacion-es-una-comunidad-que-tiene-futuro-lo-dijo-el-intendente-trankels-en-el-acto-de-cierre-del-ciclo-lectivo-2012\/","og_locale":"es_ES","og_type":"article","og_title":"\u201cUna comunidad que tiene acceso a la educaci\u00f3n es una comunidad que tiene futuro\u201d, (lo dijo el Intendente Trankels en el acto de cierre del ciclo lectivo 2012) - CELTTV","og_description":"Sitio web de noticias de la localidad de Tornquist, provincia de Buenos Aires, Rep\u00fablica Argentina. Contenido propio originado por periodistas de CELTTV, el canal de TV local de la Cooperativa El\u00e9ctrica de Tornquist. Turismo, Pol\u00edtica, Sociedad, Deporte, Cultura y todo el contenido de inter\u00e9s general que la gente del pueblo y la regi\u00f3n debe conocer.","og_url":"https:\/\/www.celttv.com.ar\/index.php\/2012\/12\/18\/una-comunidad-que-tiene-acceso-a-la-educacion-es-una-comunidad-que-tiene-futuro-lo-dijo-el-intendente-trankels-en-el-acto-de-cierre-del-ciclo-lectivo-2012\/","og_site_name":"CELTTV","article_publisher":"https:\/\/www.facebook.com\/celtTV\/","article_published_time":"2012-12-18T20:01:00+00:00","author":"ulises","twitter_card":"summary_large_image","twitter_misc":{"Escrito por":"ulises","Tiempo de lectura":"3 minutos"},"schema":{"@context":"https:\/\/schema.org","@graph":[{"@type":"NewsArticle","@id":"https:\/\/www.celttv.com.ar\/index.php\/2012\/12\/18\/una-comunidad-que-tiene-acceso-a-la-educacion-es-una-comunidad-que-tiene-futuro-lo-dijo-el-intendente-trankels-en-el-acto-de-cierre-del-ciclo-lectivo-2012\/#article","isPartOf":{"@id":"https:\/\/www.celttv.com.ar\/index.php\/2012\/12\/18\/una-comunidad-que-tiene-acceso-a-la-educacion-es-una-comunidad-que-tiene-futuro-lo-dijo-el-intendente-trankels-en-el-acto-de-cierre-del-ciclo-lectivo-2012\/"},"author":{"name":"ulises","@id":"https:\/\/www.celttv.com.ar\/#\/schema\/person\/6d99c072dba59953809c81446e9d0ace"},"headline":"\u201cUna comunidad que tiene acceso a la educaci\u00f3n es una comunidad que tiene futuro\u201d, (lo dijo el Intendente Trankels en el acto de cierre del ciclo lectivo 2012)","datePublished":"2012-12-18T20:01:00+00:00","dateModified":"2012-12-18T20:01:00+00:00","mainEntityOfPage":{"@id":"https:\/\/www.celttv.com.ar\/index.php\/2012\/12\/18\/una-comunidad-que-tiene-acceso-a-la-educacion-es-una-comunidad-que-tiene-futuro-lo-dijo-el-intendente-trankels-en-el-acto-de-cierre-del-ciclo-lectivo-2012\/"},"wordCount":655,"publisher":{"@id":"https:\/\/www.celttv.com.ar\/#organization"},"articleSection":["Comunidad","Destacadas","Pol\u00edtica"],"inLanguage":"es"},{"@type":"WebPage","@id":"https:\/\/www.celttv.com.ar\/index.php\/2012\/12\/18\/una-comunidad-que-tiene-acceso-a-la-educacion-es-una-comunidad-que-tiene-futuro-lo-dijo-el-intendente-trankels-en-el-acto-de-cierre-del-ciclo-lectivo-2012\/","url":"https:\/\/www.celttv.com.ar\/index.php\/2012\/12\/18\/una-comunidad-que-tiene-acceso-a-la-educacion-es-una-comunidad-que-tiene-futuro-lo-dijo-el-intendente-trankels-en-el-acto-de-cierre-del-ciclo-lectivo-2012\/","name":"\u201cUna comunidad que tiene acceso a la educaci\u00f3n es una comunidad que tiene futuro\u201d, (lo dijo el Intendente Trankels en el acto de cierre del ciclo lectivo 2012) - CELTTV","isPartOf":{"@id":"https:\/\/www.celttv.com.ar\/#website"},"datePublished":"2012-12-18T20:01:00+00:00","dateModified":"2012-12-18T20:01:00+00:00","description":"Sitio web de noticias de la localidad de Tornquist, provincia de Buenos Aires, Rep\u00fablica Argentina. Contenido propio originado por periodistas de CELTTV, el canal de TV local de la Cooperativa El\u00e9ctrica de Tornquist. Turismo, Pol\u00edtica, Sociedad, Deporte, Cultura y todo el contenido de inter\u00e9s general que la gente del pueblo y la regi\u00f3n debe conocer.","breadcrumb":{"@id":"https:\/\/www.celttv.com.ar\/index.php\/2012\/12\/18\/una-comunidad-que-tiene-acceso-a-la-educacion-es-una-comunidad-que-tiene-futuro-lo-dijo-el-intendente-trankels-en-el-acto-de-cierre-del-ciclo-lectivo-2012\/#breadcrumb"},"inLanguage":"es","potentialAction":[{"@type":"ReadAction","target":["https:\/\/www.celttv.com.ar\/index.php\/2012\/12\/18\/una-comunidad-que-tiene-acceso-a-la-educacion-es-una-comunidad-que-tiene-futuro-lo-dijo-el-intendente-trankels-en-el-acto-de-cierre-del-ciclo-lectivo-2012\/"]}]},{"@type":"BreadcrumbList","@id":"https:\/\/www.celttv.com.ar\/index.php\/2012\/12\/18\/una-comunidad-que-tiene-acceso-a-la-educacion-es-una-comunidad-que-tiene-futuro-lo-dijo-el-intendente-trankels-en-el-acto-de-cierre-del-ciclo-lectivo-2012\/#breadcrumb","itemListElement":[{"@type":"ListItem","position":1,"name":"Inicio","item":"https:\/\/www.celttv.com.ar\/"},{"@type":"ListItem","position":2,"name":"\u201cUna comunidad que tiene acceso a la educaci\u00f3n es una comunidad que tiene futuro\u201d, (lo dijo el Intendente Trankels en el acto de cierre del ciclo lectivo 2012)"}]},{"@type":"WebSite","@id":"https:\/\/www.celttv.com.ar\/#website","url":"https:\/\/www.celttv.com.ar\/","name":"CELTTV","description":"Cooperativa El\u00e9ctrica de Tornquist","publisher":{"@id":"https:\/\/www.celttv.com.ar\/#organization"},"potentialAction":[{"@type":"SearchAction","target":{"@type":"EntryPoint","urlTemplate":"https:\/\/www.celttv.com.ar\/?s={search_term_string}"},"query-input":"required name=search_term_string"}],"inLanguage":"es"},{"@type":"Organization","@id":"https:\/\/www.celttv.com.ar\/#organization","name":"CELTTV","url":"https:\/\/www.celttv.com.ar\/","sameAs":["https:\/\/www.youtube.com\/channel\/UCz_oIt8Hig64Ub-EmcNPIhg","https:\/\/www.facebook.com\/celtTV\/"],"logo":{"@type":"ImageObject","inLanguage":"es","@id":"https:\/\/www.celttv.com.ar\/#\/schema\/logo\/image\/","url":"http:\/\/www.celttv.com.ar\/wp-content\/uploads\/2022\/08\/logo-1.png","contentUrl":"http:\/\/www.celttv.com.ar\/wp-content\/uploads\/2022\/08\/logo-1.png","width":461,"height":159,"caption":"CELTTV"},"image":{"@id":"https:\/\/www.celttv.com.ar\/#\/schema\/logo\/image\/"}},{"@type":"Person","@id":"https:\/\/www.celttv.com.ar\/#\/schema\/person\/6d99c072dba59953809c81446e9d0ace","name":"ulises","image":{"@type":"ImageObject","inLanguage":"es","@id":"https:\/\/www.celttv.com.ar\/#\/schema\/person\/image\/","url":"https:\/\/secure.gravatar.com\/avatar\/7f2c48bdc33b30088f941fb6082e555f2874c98e20cb159d7b92b50eadfce793?s=96&d=mm&r=g","contentUrl":"https:\/\/secure.gravatar.com\/avatar\/7f2c48bdc33b30088f941fb6082e555f2874c98e20cb159d7b92b50eadfce793?s=96&d=mm&r=g","caption":"ulises"},"sameAs":["http:\/\/www.celttv.com.ar"]}]}},"_links":{"self":[{"href":"https:\/\/www.celttv.com.ar\/index.php\/wp-json\/wp\/v2\/posts\/9470","targetHints":{"allow":["GET"]}}],"collection":[{"href":"https:\/\/www.celttv.com.ar\/index.php\/wp-json\/wp\/v2\/posts"}],"about":[{"href":"https:\/\/www.celttv.com.ar\/index.php\/wp-json\/wp\/v2\/types\/post"}],"author":[{"embeddable":true,"href":"https:\/\/www.celttv.com.ar\/index.php\/wp-json\/wp\/v2\/users\/1"}],"replies":[{"embeddable":true,"href":"https:\/\/www.celttv.com.ar\/index.php\/wp-json\/wp\/v2\/comments?post=9470"}],"version-history":[{"count":0,"href":"https:\/\/www.celttv.com.ar\/index.php\/wp-json\/wp\/v2\/posts\/9470\/revisions"}],"wp:attachment":[{"href":"https:\/\/www.celttv.com.ar\/index.php\/wp-json\/wp\/v2\/media?parent=9470"}],"wp:term":[{"taxonomy":"category","embeddable":true,"href":"https:\/\/www.celttv.com.ar\/index.php\/wp-json\/wp\/v2\/categories?post=9470"},{"taxonomy":"post_tag","embeddable":true,"href":"https:\/\/www.celttv.com.ar\/index.php\/wp-json\/wp\/v2\/tags?post=9470"}],"curies":[{"name":"wp","href":"https:\/\/api.w.org\/{rel}","templated":true}]}}